{"id":877,"date":"2017-11-25T13:13:45","date_gmt":"2017-11-25T12:13:45","guid":{"rendered":"http:\/\/www.picweb.it\/emm\/blog\/?p=877"},"modified":"2017-11-26T16:55:14","modified_gmt":"2017-11-26T15:55:14","slug":"ancora-col-modello-milano-per-roma-basta-con-questo-ignobile-lavaggio-del-cervello-a-servizio-dei-palazzinari-e-delle-banche","status":"publish","type":"post","link":"https:\/\/www.picweb.it\/emm\/blog\/index.php\/2017\/11\/25\/ancora-col-modello-milano-per-roma-basta-con-questo-ignobile-lavaggio-del-cervello-a-servizio-dei-palazzinari-e-delle-banche\/","title":{"rendered":"Ancora col \u201cModello Milano\u201d per Roma??? Basta con questo ignobile lavaggio del cervello a servizio dei palazzinari e delle banche!"},"content":{"rendered":"<figure id=\"attachment_878\" aria-describedby=\"caption-attachment-878\" style=\"width: 1524px\" class=\"wp-caption aligncenter\"><img fetchpriority=\"high\" decoding=\"async\" data-attachment-id=\"878\" data-permalink=\"https:\/\/www.picweb.it\/emm\/blog\/index.php\/2017\/11\/25\/ancora-col-modello-milano-per-roma-basta-con-questo-ignobile-lavaggio-del-cervello-a-servizio-dei-palazzinari-e-delle-banche\/piazza-san-pietrodef\/\" data-orig-file=\"https:\/\/www.picweb.it\/emm\/blog\/wp-content\/uploads\/2017\/11\/Piazza-San-PietroDEF.jpg\" data-orig-size=\"1200,898\" data-comments-opened=\"1\" data-image-meta=\"{&quot;aperture&quot;:&quot;0&quot;,&quot;credit&quot;:&quot;&quot;,&quot;camera&quot;:&quot;&quot;,&quot;caption&quot;:&quot;&quot;,&quot;created_timestamp&quot;:&quot;0&quot;,&quot;copyright&quot;:&quot;&quot;,&quot;focal_length&quot;:&quot;0&quot;,&quot;iso&quot;:&quot;0&quot;,&quot;shutter_speed&quot;:&quot;0&quot;,&quot;title&quot;:&quot;&quot;,&quot;orientation&quot;:&quot;0&quot;}\" data-image-title=\"Piazza-San-PietroDEF\" data-image-description=\"\" data-image-caption=\"&lt;p&gt;Meravigliosa immagine di Roma dalla Cupola di San Pietro \u2026 una citt\u00e0 \u201corizzontale\u201d con una identit\u00e0 plurimillenaria, lontani anni luce dalla \u201cverticalit\u00e0\u201d della nuova Milano priva di una identit\u00e0 locale&lt;\/p&gt;\n\" data-large-file=\"https:\/\/www.picweb.it\/emm\/blog\/wp-content\/uploads\/2017\/11\/Piazza-San-PietroDEF-1024x766.jpg\" class=\" wp-image-878\" src=\"http:\/\/www.picweb.it\/emm\/blog\/wp-content\/uploads\/2017\/11\/Piazza-San-PietroDEF.jpg\" alt=\"\" width=\"1524\" height=\"1141\" srcset=\"https:\/\/www.picweb.it\/emm\/blog\/wp-content\/uploads\/2017\/11\/Piazza-San-PietroDEF.jpg 1200w, https:\/\/www.picweb.it\/emm\/blog\/wp-content\/uploads\/2017\/11\/Piazza-San-PietroDEF-300x225.jpg 300w, https:\/\/www.picweb.it\/emm\/blog\/wp-content\/uploads\/2017\/11\/Piazza-San-PietroDEF-768x575.jpg 768w, https:\/\/www.picweb.it\/emm\/blog\/wp-content\/uploads\/2017\/11\/Piazza-San-PietroDEF-1024x766.jpg 1024w, https:\/\/www.picweb.it\/emm\/blog\/wp-content\/uploads\/2017\/11\/Piazza-San-PietroDEF-700x524.jpg 700w, https:\/\/www.picweb.it\/emm\/blog\/wp-content\/uploads\/2017\/11\/Piazza-San-PietroDEF-520x389.jpg 520w, https:\/\/www.picweb.it\/emm\/blog\/wp-content\/uploads\/2017\/11\/Piazza-San-PietroDEF-360x269.jpg 360w, https:\/\/www.picweb.it\/emm\/blog\/wp-content\/uploads\/2017\/11\/Piazza-San-PietroDEF-250x187.jpg 250w, https:\/\/www.picweb.it\/emm\/blog\/wp-content\/uploads\/2017\/11\/Piazza-San-PietroDEF-100x75.jpg 100w\" sizes=\"(max-width: 1524px) 100vw, 1524px\" \/><figcaption id=\"caption-attachment-878\" class=\"wp-caption-text\">Meravigliosa immagine di Roma dalla Cupola di San Pietro \u2026 una citt\u00e0 \u201corizzontale\u201d con una identit\u00e0 plurimillenaria, lontani anni luce dalla \u201cverticalit\u00e0\u201d della nuova Milano priva di una identit\u00e0 locale<\/figcaption><\/figure>\n<figure id=\"attachment_883\" aria-describedby=\"caption-attachment-883\" style=\"width: 1567px\" class=\"wp-caption aligncenter\"><img decoding=\"async\" data-attachment-id=\"883\" data-permalink=\"https:\/\/www.picweb.it\/emm\/blog\/index.php\/2017\/11\/25\/ancora-col-modello-milano-per-roma-basta-con-questo-ignobile-lavaggio-del-cervello-a-servizio-dei-palazzinari-e-delle-banche\/porta-nuova-svetta-su-citta-consolidata\/\" data-orig-file=\"https:\/\/www.picweb.it\/emm\/blog\/wp-content\/uploads\/2017\/11\/PORTA-NUOVA-SVETTA-SU-CITTA-CONSOLIDATA.jpg\" data-orig-size=\"1772,855\" data-comments-opened=\"1\" data-image-meta=\"{&quot;aperture&quot;:&quot;0&quot;,&quot;credit&quot;:&quot;&quot;,&quot;camera&quot;:&quot;&quot;,&quot;caption&quot;:&quot;&quot;,&quot;created_timestamp&quot;:&quot;0&quot;,&quot;copyright&quot;:&quot;&quot;,&quot;focal_length&quot;:&quot;0&quot;,&quot;iso&quot;:&quot;0&quot;,&quot;shutter_speed&quot;:&quot;0&quot;,&quot;title&quot;:&quot;&quot;,&quot;orientation&quot;:&quot;0&quot;}\" data-image-title=\"PORTA NUOVA SVETTA SU CITTA&amp;#8217; CONSOLIDATA\" data-image-description=\"\" data-image-caption=\"&lt;p&gt;MIlano &amp;#8211; Porta Nuova svetta sulla citt\u00e0 consolidata&lt;\/p&gt;\n\" data-large-file=\"https:\/\/www.picweb.it\/emm\/blog\/wp-content\/uploads\/2017\/11\/PORTA-NUOVA-SVETTA-SU-CITTA-CONSOLIDATA-1024x494.jpg\" class=\" wp-image-883\" src=\"http:\/\/www.picweb.it\/emm\/blog\/wp-content\/uploads\/2017\/11\/PORTA-NUOVA-SVETTA-SU-CITTA-CONSOLIDATA.jpg\" alt=\"\" width=\"1567\" height=\"756\" srcset=\"https:\/\/www.picweb.it\/emm\/blog\/wp-content\/uploads\/2017\/11\/PORTA-NUOVA-SVETTA-SU-CITTA-CONSOLIDATA.jpg 1772w, https:\/\/www.picweb.it\/emm\/blog\/wp-content\/uploads\/2017\/11\/PORTA-NUOVA-SVETTA-SU-CITTA-CONSOLIDATA-300x145.jpg 300w, https:\/\/www.picweb.it\/emm\/blog\/wp-content\/uploads\/2017\/11\/PORTA-NUOVA-SVETTA-SU-CITTA-CONSOLIDATA-768x371.jpg 768w, https:\/\/www.picweb.it\/emm\/blog\/wp-content\/uploads\/2017\/11\/PORTA-NUOVA-SVETTA-SU-CITTA-CONSOLIDATA-1024x494.jpg 1024w, https:\/\/www.picweb.it\/emm\/blog\/wp-content\/uploads\/2017\/11\/PORTA-NUOVA-SVETTA-SU-CITTA-CONSOLIDATA-700x338.jpg 700w, https:\/\/www.picweb.it\/emm\/blog\/wp-content\/uploads\/2017\/11\/PORTA-NUOVA-SVETTA-SU-CITTA-CONSOLIDATA-520x251.jpg 520w, https:\/\/www.picweb.it\/emm\/blog\/wp-content\/uploads\/2017\/11\/PORTA-NUOVA-SVETTA-SU-CITTA-CONSOLIDATA-360x174.jpg 360w, https:\/\/www.picweb.it\/emm\/blog\/wp-content\/uploads\/2017\/11\/PORTA-NUOVA-SVETTA-SU-CITTA-CONSOLIDATA-250x121.jpg 250w, https:\/\/www.picweb.it\/emm\/blog\/wp-content\/uploads\/2017\/11\/PORTA-NUOVA-SVETTA-SU-CITTA-CONSOLIDATA-100x48.jpg 100w\" sizes=\"(max-width: 1567px) 100vw, 1567px\" \/><figcaption id=\"caption-attachment-883\" class=\"wp-caption-text\">MIlano &#8211; Porta Nuova svetta sulla citt\u00e0 consolidata<\/figcaption><\/figure>\n<p>Il 14 novembre u.s., nel corso della conferenza tenutasi presso la Cappella Orsini Lab mi sono &#8220;scontrato&#8221; con l&#8217;intervento del noto documentarista \/ storico dell&#8217;arte Costantino D&#8217;Orazio il quale, nonostante la mia ammirazione per la sua preparazione sulla storia antica, mi ha deluso profondamente quando, parlando di \u201c<em>cura urbanistica<\/em>\u201d necessaria per rilanciare Roma, ha osannato il &#8220;<em>modello Milano<\/em>&#8220;, con gli interventi di Boeri, Fuksas, Isozaki, Libeskind ecc., sostenendo che Roma necessiti dello stesso trattamento!<\/p>\n<p>Ho provato a farlo riflettere sull\u2019assurdit\u00e0 di questa \u201c<em>cura<\/em>\u201d, ma dalle sue parole ho anche capito che il lavaggio del cervello mediatico \u00e8 ormai partito da tempo.<\/p>\n<p>Del resto, l\u2019avevamo capito molto bene sin dalla candidatura di Roma per le Olimpiadi quando \u2013 sindaco Alemanno \u2013 venne invitato Ricky Burdett<a href=\"#_ftn1\" name=\"_ftnref1\">[1]<\/a> (pronipote del mitico sindaco Nathan \u2013 dal quale sembra non aver ereditato nulla \u2013 e consulente del sindaco londinese Livingstone per le Olimpiadi del 2012) a proporre il fallimentare \u201c<em>Modello Londra<\/em>\u201d per Roma.<\/p>\n<p>Evidentemente, per certi politici vittime di un complesso di inferiorit\u00e0 culturale ingiustificabile, Roma necessita sempre di un modello estraneo, piuttosto che di se stessa!<\/p>\n<p>Successivamente abbiamo poi visto come quei \u201c<em>signori<\/em>\u201d, che si erano apparecchiati la tavola abbuffandosi prima ancora di muovere un dito per la trasformazione di Roma in vista delle Olimpiadi del \u201924, siano rimasti spiazzati dalla rinuncia a quella candidatura che, per come ipotizzata, avrebbe fatto precipitare Roma e l\u2019Italia nel baratro sul quale ancora si regge in equilibrio precario.<\/p>\n<p>Abbiamo poi visto come i \u201c<em>soliti noti<\/em>\u201d abbiano provato strade alternative per perpetuare il sacco di Roma e il massacro del nostro patrimonio; per esempio, con la storiaccia dello Stadio a Tor di Valle<a href=\"#_ftn2\" name=\"_ftnref2\">[2]<\/a> e la proposta di trasformazione del Centrale del Tennis del Foro Italico<a href=\"#_ftn3\" name=\"_ftnref3\">[3]<\/a> \u2026 una serie di porcherie che trovano forza nell\u2019immondo nuovo PRG del 2008 targato Veltroni e dal Piano Casa per la Regione Lazio targato Polverini.<\/p>\n<p>La citt\u00e0 e la Regione, grazie a delle amministrazioni politiche a servizio dei palazzinari sono sotto scacco, sicch\u00e9 diviene sempre pi\u00f9 difficile evitare il disastro finale \u2026 come abbiamo potuto iniziare a constatare in occasione della demolizione del Villino Naselli di via Ticino 3<a href=\"#_ftn4\" name=\"_ftnref4\">[4]<\/a>.<\/p>\n<p>L\u2019ordine del giorno dei signori del cemento \u2013 controllori anche dei pi\u00f9 importanti quotidiani locali \u2013 \u00e8 quello di trovare nuove vie per poter scatenare i propri tentacoli, prima tra tutte il lavaggio del cervello dei cittadini grazie alla manipolazione della realt\u00e0!<\/p>\n<p>In tutto questo, l\u2019uso di testimonial famosi gioca un ruolo pesantissimo. \u00c8 davvero un peccato che certi personaggi, vuoi per ignoranza in materia, vuoi per ragioni ideologiche, vuoi per miopia causata dal tifo calcistico, prendano le difese di porcate inaccettabili, senza riflettere sugli effetti collaterali che deriveranno dalla propria discesa in campo.<\/p>\n<p>Per esempio, da romanista, da amante della citt\u00e0 di Roma e da suo profondo estimatore, sono rimasto profondamente deluso dalle parole pronunciate da Carlo Verdone a favore dello Stadio &#8220;<em>della<\/em>&#8221; AS Roma a Tor di Valle.<\/p>\n<p>A peggiorare la situazione, il comico\/regista romano il 22 u.s., in occasione del conferimento del &#8220;<em>Dottorato honoris causa in Beni Culturali e Territorio<\/em>\u201d da parte dell\u2019universit\u00e0 di Tor Vergata, abbia della cerimonia per spronare cittadini e amministrazione a rilanciare la citt\u00e0 dicendo: \u00ab<em>Roma deve ripartire, il modello da seguire \u00e8 la Milano che ha cavalcato un grande evento per cambiare volto e proiettarsi nel contemporaneo!<a href=\"#_ftn5\" name=\"_ftnref5\"><strong>[5]<\/strong><\/a><\/em>\u00bb. Una dichiarazione che, piuttosto che un\u2019onorificenza del genere meriterebbe l\u2019esilio!<\/p>\n<p>Verdone non sa, probabilmente, cosa sia realmente accaduto a Milano, n\u00e9 immagina quanto quel modello risulti insostenibile e lontano anni luce dalla storia e dall\u2019identit\u00e0 di Roma \u2026 cosa su cui torner\u00f2 pi\u00f9 avanti.<\/p>\n<p>Caso vuole che, ieri mattina, il caro amico e collega Sergio Brenna, docente presso il Politecnico di Milano e ferratissimo sulle dinamiche urbanistico-economiche della \u201c<em>capitale finanziaria<\/em>\u201d d\u2019Italia, ironizzando sulla notizia del giorno, mi ha spedito il messaggio che segue:<\/p>\n<p><em>\u00abCaro Ettore, ma tu che fai la domenica pomeriggio invece di scrivere mail al Ministro Calenda?<\/em><\/p>\n<p><em>Leggi qui l&#8217;intervista a Federico Oriana di Aspesi (Associazione Societ\u00e0 Immobiliari) sul Corriere\/Roma di oggi<a href=\"#_ftn6\" name=\"_ftnref6\"><strong>[6]<\/strong><\/a>:<\/em><\/p>\n<p><em>La ricetta per rilanciare Roma? Potrebbe essere il modello Milano. Ha idee chiare, chiarissime Federico Oriana, presidente dell\u2019Aspesi (Associazione Nazionale Societ\u00e0 Immobiliari, che da aprile ha una sede anche a Roma), chiamata a sedere al tavolo per il rilancio della Capitale che si \u00e8 tenuto ieri al Mise. \u00abDomenica pomeriggio, leggo dell\u2019idea del tavolo e scrivo una mail al ministro in cui presento il nostro lavoro, spiego come abbiamo cambiato volto a Milano, propongo la nostra collaborazione. Luned\u00ec mattina ricevo la telefonata per la convocazione. In 40 anni di attivit\u00e0 non mi era mai successa una cosa del genere\u00bb. C\u00e0spita! Chiss\u00e0 se sarebbe successo anche a chi ha idee meno &#8220;immobiliaristiche&#8221; del rilancio di Milano e Roma?<\/em><\/p>\n<p><em>Il giorno prima anche Verdone si era auspicato la stessa cosa:<\/em><\/p>\n<p><em>Corriere\/Roma: &#8220;Dottorato honoris causa con Roma nel cuore per Carlo Verdone, che ieri ha approfittato dell\u2019onorificenza in Beni Culturali e Territorio conferitagli dall\u2019universit\u00e0 di Tor Vergata per spronare cittadini e amministrazione a rilanciare la citt\u00e0. \u00abRoma deve ripartire, il modello da seguire \u00e8 la Milano che ha cavalcato un grande evento per cambiare volto e proiettarsi nel contemporaneo\u00bb, ha detto.&#8221;<\/em><\/p>\n<p><em>Ma che dav\u00e8ro? Dagli amici mi guardi Iddio, che dai nemici mi guardo io&#8230;. (Qualcuno lo declina al contrario, a il senso rimane lo stesso). Mala tempora currunt e il Corriere d\u00e0 loro una mano!\u00bb<\/em><\/p>\n<figure id=\"attachment_879\" aria-describedby=\"caption-attachment-879\" style=\"width: 2083px\" class=\"wp-caption aligncenter\"><img decoding=\"async\" data-attachment-id=\"879\" data-permalink=\"https:\/\/www.picweb.it\/emm\/blog\/index.php\/2017\/11\/25\/ancora-col-modello-milano-per-roma-basta-con-questo-ignobile-lavaggio-del-cervello-a-servizio-dei-palazzinari-e-delle-banche\/citylife\/\" data-orig-file=\"https:\/\/www.picweb.it\/emm\/blog\/wp-content\/uploads\/2017\/11\/Citylife.jpg\" data-orig-size=\"2083,1577\" data-comments-opened=\"1\" data-image-meta=\"{&quot;aperture&quot;:&quot;0&quot;,&quot;credit&quot;:&quot;&quot;,&quot;camera&quot;:&quot;&quot;,&quot;caption&quot;:&quot;&quot;,&quot;created_timestamp&quot;:&quot;0&quot;,&quot;copyright&quot;:&quot;&quot;,&quot;focal_length&quot;:&quot;0&quot;,&quot;iso&quot;:&quot;0&quot;,&quot;shutter_speed&quot;:&quot;0&quot;,&quot;title&quot;:&quot;&quot;,&quot;orientation&quot;:&quot;0&quot;}\" data-image-title=\"Citylife\" data-image-description=\"\" data-image-caption=\"&lt;p&gt;Milano, drammatico contrasto tra la Fontana e gli edifici storici di Piazza Giulio Cesare e i grattacieli di Isozaki e Libeskind per CityLife.&lt;\/p&gt;\n\" data-large-file=\"https:\/\/www.picweb.it\/emm\/blog\/wp-content\/uploads\/2017\/11\/Citylife-1024x775.jpg\" class=\"size-full wp-image-879\" src=\"http:\/\/www.picweb.it\/emm\/blog\/wp-content\/uploads\/2017\/11\/Citylife.jpg\" alt=\"\" width=\"2083\" height=\"1577\" srcset=\"https:\/\/www.picweb.it\/emm\/blog\/wp-content\/uploads\/2017\/11\/Citylife.jpg 2083w, https:\/\/www.picweb.it\/emm\/blog\/wp-content\/uploads\/2017\/11\/Citylife-300x227.jpg 300w, https:\/\/www.picweb.it\/emm\/blog\/wp-content\/uploads\/2017\/11\/Citylife-768x581.jpg 768w, https:\/\/www.picweb.it\/emm\/blog\/wp-content\/uploads\/2017\/11\/Citylife-1024x775.jpg 1024w, https:\/\/www.picweb.it\/emm\/blog\/wp-content\/uploads\/2017\/11\/Citylife-700x530.jpg 700w, https:\/\/www.picweb.it\/emm\/blog\/wp-content\/uploads\/2017\/11\/Citylife-520x394.jpg 520w, https:\/\/www.picweb.it\/emm\/blog\/wp-content\/uploads\/2017\/11\/Citylife-360x273.jpg 360w, https:\/\/www.picweb.it\/emm\/blog\/wp-content\/uploads\/2017\/11\/Citylife-250x189.jpg 250w, https:\/\/www.picweb.it\/emm\/blog\/wp-content\/uploads\/2017\/11\/Citylife-100x76.jpg 100w\" sizes=\"(max-width: 2083px) 100vw, 2083px\" \/><figcaption id=\"caption-attachment-879\" class=\"wp-caption-text\">Milano, drammatico contrasto tra la Fontana e gli edifici storici di Piazza Giulio Cesare e i grattacieli di Isozaki e Libeskind per CityLife.<\/figcaption><\/figure>\n<p>Vogliamo quindi provare a capire cosa sia il <em>modello Milano<\/em>? Vogliamo provare a farlo indipendentemente dalla versione raccontata da chi abbia interessi in ballo?<\/p>\n<p>E allora, per evitare di dare spazio alle persone in malafede che potrebbero accusarmi, non essendo milanese, di parlare a vanvera, passo nuovamente la parola al caro Sergio Brenna, Professore Ordinario di \u201cFondamenti di Urbanistica con Diritto Urbanistico\u201d presso il Dipartimento di Architettura, Ingegneria delle Costruzioni e Ambiente Costruito del Politecnico di Milano:<\/p>\n<p><em>\u00abRoberto Girlanda mi ha chiesto di ripercorrere i &#8220;conti che non tornano&#8221; nella vicenda urbanistica milanese degli ultimi decenni, ed ecco qui: A ex Fiera (poi venduta a Citylife\/Intesa-Allianz-Generali per 526 Mln di \u20ac, scartando il progetto nettamente migliore di Renzo Piano per Pirelli RE che ne offriva &#8220;solo&#8221; 480, cio\u00e8 il 10% in meno sul doppio di quanto atteso; sarebbe interessante analizzare come sia possibile che i grandi investitori finanziari possano offrire il doppio della rendita corrente oggi, con una scommessa speculativa sul futuro, ma qui non ce n&#8217;\u00e8 spazio) l&#8217;indice edificatorio 1,15 mq\/mq fu stabilito in base ai valori di mercato correnti della rendita fondiaria a Milano di 800-900 \u20ac\/mq di pavimento vendibile; per fare i 250 Mln del debito imprevisto provocato da Fuksas nella costruzione a Rho-Pero occorrevano 300.000 mq di slp che divisi per i 270.000 mq di area dismessa fanno appunto 1,15 (i 45 mq\/ab. di spazi pubblici promessi non ci potevano stare se non con grattacieli da 600 m. e quindi se ne lasciarono attuare solo 15 mq\/ab., con tre grattacieli da 200 m.). Era l&#8217;epoca della sacra Trimurti ciellina: Lupi (dipendente di Ente Fiera) all&#8217;urbanistica in Comune con Albertini, Formigoni alla Presidenza della Regione che nominava Roth presidente di Ente Fiera. All&#8217;arrivo della Moratti e Lupi in Parlamento, l&#8217;urbanistica milanese passa al CL Masseroli (oggi direttore del Progetto Falck a Sesto con l&#8217;immobiliarista CL Bizzi e il beneplacito delle Giunte rosse precedenti quella attuale) che dice che a lui &#8220;piacciono le cifre tonde&#8221; (honni soit qui mal y pense!) e &#8220;lima&#8221; l&#8217;indice edificatorio a 1 mq\/mq per Porta Nuova e lo ripropone per l&#8217;intero PGT: sempre impossibile realizzare gli spazi pubblici promessi se non con edifici da 600 m. Arrivano Pisapia\/De Cesaris che si esaltano per Citylife e Porta Nuova in realizzazione anche se dall&#8217;opposizione li avevano criticati e per\u00f2 &#8220;limano&#8221; ulteriormente il PGT elaborato da Masseroli ma non ancora in vigore, portandone l&#8217;edificabilit\u00e0 delle grandi aree di trasformazione a 0,70 mq\/mq. Ma il 70% di una pazz\u00eca non per questo \u00e8 per forza una cosa ragionevole, al pi\u00f9 una pazz\u00eca al 70%! Infatti, anche cos\u00ec i conti &#8220;non tornano&#8221;: anche con edifici di &#8220;soli&#8221; 200 m. di altezza sugli ex scali FS si possono realizzare al massimo 30 mq\/abitante di verde e spazi pubblici, che bastano appena per fare o il Fiume Verde o il verde e i servizi di quartiere, tutt&#8217;e due non ci stanno! Per fare i 45-50 mq\/abitante necessari a Fiume Verde+spazi pubblici di quartiere l&#8217;edificabilit\u00e0 deve scendere a 0,45 mq\/mq. Con 0,65\/0,70 il Fiume Verde va fatto altrove (Ex Ippodromi oggi SNAI, Goccia\/ex AEM-Esselunga-Politecnico-Euromilano, Parco Vittoria\/ex Coppola, ecc.) spiegando a FS che 0,45 \u00e8 suo, il resto va &#8220;in perequazione&#8221; a indennizzare le propriet\u00e0 che faranno il Fiume Verde altrove. Cos\u00ec si fa urbanistica, altrimenti si fa &#8220;mercato delle vacche&#8221;!\u00bb<\/em><\/p>\n<p><em>\u00a0<\/em>Ovviamente ci sarebbe moltissimo altro da dire sull\u2019EXPO e tanto altro ancora, ci sarebbe da parlare della ricaduta economica che, tra qualche anno, conosceremo, memori di tutte le situazioni fallimentari in giro per il mondo<a href=\"#_ftn7\" name=\"_ftnref7\">[7]<\/a> \u2026 cose delle quali lo stesso Corriere della Sera, oggi pro \u201c<em>modello Milano<\/em>\u201d aveva denunciato!<\/p>\n<figure id=\"attachment_880\" aria-describedby=\"caption-attachment-880\" style=\"width: 1564px\" class=\"wp-caption aligncenter\"><img loading=\"lazy\" decoding=\"async\" data-attachment-id=\"880\" data-permalink=\"https:\/\/www.picweb.it\/emm\/blog\/index.php\/2017\/11\/25\/ancora-col-modello-milano-per-roma-basta-con-questo-ignobile-lavaggio-del-cervello-a-servizio-dei-palazzinari-e-delle-banche\/immagine1-2\/\" data-orig-file=\"https:\/\/www.picweb.it\/emm\/blog\/wp-content\/uploads\/2017\/11\/Immagine1.jpg\" data-orig-size=\"800,797\" data-comments-opened=\"1\" data-image-meta=\"{&quot;aperture&quot;:&quot;0&quot;,&quot;credit&quot;:&quot;&quot;,&quot;camera&quot;:&quot;&quot;,&quot;caption&quot;:&quot;&quot;,&quot;created_timestamp&quot;:&quot;0&quot;,&quot;copyright&quot;:&quot;&quot;,&quot;focal_length&quot;:&quot;0&quot;,&quot;iso&quot;:&quot;0&quot;,&quot;shutter_speed&quot;:&quot;0&quot;,&quot;title&quot;:&quot;&quot;,&quot;orientation&quot;:&quot;0&quot;}\" data-image-title=\"Immagine1\" data-image-description=\"\" data-image-caption=\"&lt;p&gt;Pagina del Corriere della Sera del 13 gennaio 2012 che criticava la \u201cFrenesia Cinese da Grattacielo\u201d preannunciando il crack finanziario&lt;\/p&gt;\n\" data-large-file=\"https:\/\/www.picweb.it\/emm\/blog\/wp-content\/uploads\/2017\/11\/Immagine1.jpg\" class=\" wp-image-880\" src=\"http:\/\/www.picweb.it\/emm\/blog\/wp-content\/uploads\/2017\/11\/Immagine1.jpg\" alt=\"\" width=\"1564\" height=\"1558\" srcset=\"https:\/\/www.picweb.it\/emm\/blog\/wp-content\/uploads\/2017\/11\/Immagine1.jpg 800w, https:\/\/www.picweb.it\/emm\/blog\/wp-content\/uploads\/2017\/11\/Immagine1-150x150.jpg 150w, https:\/\/www.picweb.it\/emm\/blog\/wp-content\/uploads\/2017\/11\/Immagine1-300x300.jpg 300w, https:\/\/www.picweb.it\/emm\/blog\/wp-content\/uploads\/2017\/11\/Immagine1-768x765.jpg 768w, https:\/\/www.picweb.it\/emm\/blog\/wp-content\/uploads\/2017\/11\/Immagine1-700x697.jpg 700w, https:\/\/www.picweb.it\/emm\/blog\/wp-content\/uploads\/2017\/11\/Immagine1-520x518.jpg 520w, https:\/\/www.picweb.it\/emm\/blog\/wp-content\/uploads\/2017\/11\/Immagine1-360x359.jpg 360w, https:\/\/www.picweb.it\/emm\/blog\/wp-content\/uploads\/2017\/11\/Immagine1-250x249.jpg 250w, https:\/\/www.picweb.it\/emm\/blog\/wp-content\/uploads\/2017\/11\/Immagine1-100x100.jpg 100w\" sizes=\"(max-width: 1564px) 100vw, 1564px\" \/><figcaption id=\"caption-attachment-880\" class=\"wp-caption-text\">Pagina del Corriere della Sera del 13 gennaio 2012 che criticava la \u201cFrenesia Cinese da Grattacielo\u201d preannunciando il crack finanziario<\/figcaption><\/figure>\n<figure id=\"attachment_881\" aria-describedby=\"caption-attachment-881\" style=\"width: 1563px\" class=\"wp-caption aligncenter\"><img loading=\"lazy\" decoding=\"async\" data-attachment-id=\"881\" data-permalink=\"https:\/\/www.picweb.it\/emm\/blog\/index.php\/2017\/11\/25\/ancora-col-modello-milano-per-roma-basta-con-questo-ignobile-lavaggio-del-cervello-a-servizio-dei-palazzinari-e-delle-banche\/immagine2\/\" data-orig-file=\"https:\/\/www.picweb.it\/emm\/blog\/wp-content\/uploads\/2017\/11\/Immagine2.jpg\" data-orig-size=\"520,349\" data-comments-opened=\"1\" data-image-meta=\"{&quot;aperture&quot;:&quot;0&quot;,&quot;credit&quot;:&quot;&quot;,&quot;camera&quot;:&quot;&quot;,&quot;caption&quot;:&quot;&quot;,&quot;created_timestamp&quot;:&quot;0&quot;,&quot;copyright&quot;:&quot;&quot;,&quot;focal_length&quot;:&quot;0&quot;,&quot;iso&quot;:&quot;0&quot;,&quot;shutter_speed&quot;:&quot;0&quot;,&quot;title&quot;:&quot;&quot;,&quot;orientation&quot;:&quot;0&quot;}\" data-image-title=\"Immagine2\" data-image-description=\"\" data-image-caption=\"&lt;p&gt;Vignetta satirica tailandese pubblicata in occasione della proposta di realizzare ulteriori grattacieli, nonostante il precedente fallimento del Sathorn Unique Tower. La vignetta ritrae infatti una caricatura dell\u2019edificio simbolo della presunta modernizzazione, ricordando che \u201cIl fantasma della crisi economica del 1997 incombe ancora\u201d&lt;\/p&gt;\n\" data-large-file=\"https:\/\/www.picweb.it\/emm\/blog\/wp-content\/uploads\/2017\/11\/Immagine2.jpg\" class=\" wp-image-881\" src=\"http:\/\/www.picweb.it\/emm\/blog\/wp-content\/uploads\/2017\/11\/Immagine2.jpg\" alt=\"\" width=\"1563\" height=\"1049\" srcset=\"https:\/\/www.picweb.it\/emm\/blog\/wp-content\/uploads\/2017\/11\/Immagine2.jpg 520w, https:\/\/www.picweb.it\/emm\/blog\/wp-content\/uploads\/2017\/11\/Immagine2-300x201.jpg 300w, https:\/\/www.picweb.it\/emm\/blog\/wp-content\/uploads\/2017\/11\/Immagine2-360x242.jpg 360w, https:\/\/www.picweb.it\/emm\/blog\/wp-content\/uploads\/2017\/11\/Immagine2-250x168.jpg 250w, https:\/\/www.picweb.it\/emm\/blog\/wp-content\/uploads\/2017\/11\/Immagine2-100x67.jpg 100w\" sizes=\"(max-width: 1563px) 100vw, 1563px\" \/><figcaption id=\"caption-attachment-881\" class=\"wp-caption-text\">Vignetta satirica tailandese pubblicata in occasione della proposta di realizzare ulteriori grattacieli, nonostante il precedente fallimento del Sathorn Unique Tower. La vignetta ritrae infatti una caricatura dell\u2019edificio simbolo della presunta modernizzazione, ricordando che \u201cIl fantasma della crisi economica del 1997 incombe ancora\u201d<\/figcaption><\/figure>\n<p>Per il bene di Roma e del Paese, mi auguro quindi che i nostri amministratori non si lascino prendere per i fondelli da chi scriva lettere domenicali ai nostri ministri, al fine di far correre l\u2019acqua al proprio mulino.<\/p>\n<p>A tal proposito ricordo al ministro Calenda, tanto affascinato dall\u2019immobiliarista Oriana che, come ho pi\u00f9 volte scritto, specie ne \u201c<em>La Citta Sostenibile \u00e8 Possibile<\/em><a href=\"#_ftn8\" name=\"_ftnref8\">[8]<\/a>\u201d il futuro per Roma sta nella riscoperta di leggi e strumenti mandati in soffitta dalle cosiddette \u201c<em>leggi fascistissime<\/em>\u201d che, se ripresi in considerazione, potrebbero aiutarci a ricompattare l\u2019informe tessuto urbano degli ultimi 60 anni, potrebbero aiutarci a dotare tutta la citt\u00e0 di architetture degne di tal nome e, soprattutto di spazi per la socializzazione dove tutte le categorie di persone possano vivere serenamente \u2026 soprattutto, la riscoperta di quelle \u201cleggi e strumenti\u201d, che potremmo definire a giusta ragione \u201c<em>Modello Roma<\/em>\u201d, potrebbero portare guadagni pubblici invece delle immani spese pubbliche che il modello attualmente suggerito provocherebbe! \u2026 Caro ministro, quel \u201cmodello\u201d risalente all\u2019epoca di Ernesto Nathan e Giolitti, a distanza di oltre 100 anni dimostra di aver funzionato, ergo non necessita di nuove invenzioni e sperimentazioni!<\/p>\n<p>Non occorre sperimentare sugli esseri umani ulteriori utopie urbanistico-sociali-economiche non testate dal tempo, ma semplicemente avere il coraggio di rifare le cose che, in un passato non tanto distante, la citt\u00e0 aveva fatto \u2013 con grandissimo successo \u2013 per risollevarsi dal crack finanziario (e disastro sociale) generato, come ricordava il compianto Italo Insolera, dallo sviluppo urbanistico messo in atto dai privati all\u2019indomani dell\u2019Unit\u00e0 d\u2019Italia.<\/p>\n<p>&nbsp;<\/p>\n<p><a href=\"#_ftnref1\" name=\"_ftn1\">[1]<\/a> <a href=\"http:\/\/ricerca.repubblica.it\/repubblica\/archivio\/repubblica\/2007\/12\/14\/la-citta-futura-burdett-facciamo-come-londra.html\">http:\/\/ricerca.repubblica.it\/repubblica\/archivio\/repubblica\/2007\/12\/14\/la-citta-futura-burdett-facciamo-come-londra.html<\/a><\/p>\n<p><a href=\"#_ftnref2\" name=\"_ftn2\">[2]<\/a> Vedere l\u2019articolo <a href=\"http:\/\/www.picweb.it\/emm\/blog\/index.php\/2017\/10\/25\/ancora-un-testo-di-luciano-belli-laura-sulla-vicenda-dello-stadio-della-a-s-roma-a-tor-di-valle\/\">http:\/\/www.picweb.it\/emm\/blog\/index.php\/2017\/10\/25\/ancora-un-testo-di-luciano-belli-laura-sulla-vicenda-dello-stadio-della-a-s-roma-a-tor-di-valle\/<\/a> e tutti gli altri pubblicati in questo blog sull\u2019argomento<\/p>\n<p><a href=\"#_ftnref3\" name=\"_ftn3\">[3]<\/a> <a href=\"http:\/\/www.picweb.it\/emm\/blog\/index.php\/2017\/08\/12\/dal-flop-olimpico-allattacco-al-campo-centrale-del-tennis-al-foro-italico\/\">http:\/\/www.picweb.it\/emm\/blog\/index.php\/2017\/08\/12\/dal-flop-olimpico-allattacco-al-campo-centrale-del-tennis-al-foro-italico\/<\/a><\/p>\n<p><a href=\"#_ftnref4\" name=\"_ftn4\">[4]<\/a> Vedere l\u2019articolo <a href=\"http:\/\/www.picweb.it\/emm\/blog\/index.php\/2017\/10\/19\/perche-in-italia-ci-sono-casi-come-quelli-del-villino-naselli-a-roma-e-di-villa-maggi-a-trani\/\">http:\/\/www.picweb.it\/emm\/blog\/index.php\/2017\/10\/19\/perche-in-italia-ci-sono-casi-come-quelli-del-villino-naselli-a-roma-e-di-villa-maggi-a-trani\/<\/a> e tutti gli altri pubblicati in questo blog sull\u2019argomento<\/p>\n<p><a href=\"#_ftnref5\" name=\"_ftn5\">[5]<\/a> <a href=\"http:\/\/video.corriere.it\/laurea-carlo-verdone-roma-prenda-esempio-milano\/b86a06e8-cf80-11e7-a1da-9278adb4d756\">http:\/\/video.corriere.it\/laurea-carlo-verdone-roma-prenda-esempio-milano\/b86a06e8-cf80-11e7-a1da-9278adb4d756<\/a><\/p>\n<p><a href=\"#_ftnref6\" name=\"_ftn6\">[6]<\/a> <a href=\"http:\/\/roma.corriere.it\/notizie\/cronaca\/17_novembre_24\/roma-aspesi-federico-oriana-capitale-si-salvera-copiando-milano-b28dd310-d077-11e7-90be-0a385e484c27.shtml#\">http:\/\/roma.corriere.it\/notizie\/cronaca\/17_novembre_24\/roma-aspesi-federico-oriana-capitale-si-salvera-copiando-milano-b28dd310-d077-11e7-90be-0a385e484c27.shtml#<\/a><\/p>\n<p><a href=\"#_ftnref7\" name=\"_ftn7\">[7]<\/a> <a href=\"https:\/\/www.youtube.com\/watch?v=wbX4cC2QjWo\">https:\/\/www.youtube.com\/watch?v=wbX4cC2QjWo<\/a><\/p>\n<p><a href=\"#_ftnref8\" name=\"_ftn8\">[8]<\/a> <a href=\"https:\/\/www.ibs.it\/citta-sostenibile-possibile-strategia-possibile-libro-ettore-maria-mazzola\/e\/9788849218640\">https:\/\/www.ibs.it\/citta-sostenibile-possibile-strategia-possibile-libro-ettore-maria-mazzola\/e\/9788849218640<\/a><\/p>\n","protected":false},"excerpt":{"rendered":"<p>Il 14 novembre u.s., nel corso della conferenza tenutasi presso la Cappella Orsini Lab mi sono &#8220;scontrato&#8221; con l&#8217;intervento del noto documentarista \/ storico dell&#8217;arte Costantino D&#8217;Orazio il quale, nonostante la mia ammirazione per la sua preparazione sulla storia antica, [&hellip;]<\/p>\n","protected":false},"author":2,"featured_media":0,"comment_status":"open","ping_status":"open","sticky":false,"template":"","format":"standard","meta":{"jetpack_post_was_ever_published":false,"_jetpack_newsletter_access":"","_jetpack_dont_email_post_to_subs":false,"_jetpack_newsletter_tier_id":0,"_jetpack_memberships_contains_paywalled_content":false,"_jetpack_memberships_contains_paid_content":false,"footnotes":""},"categories":[20,74,41,185,39,139,22],"tags":[5,13,212,213,164,12,14,86,15,214,8,17,10,32,9,49,4,19],"class_list":["post-877","post","type-post","status-publish","format-standard","hentry","category-architettura","category-politica","category-progettazione-urbana","category-rigenerazione-urbana","category-roma","category-sostenibilita","category-urbanistica","tag-architettura","tag-archmazzola","tag-calenda","tag-citylife","tag-demolizione-in-via-ticino-a-roma","tag-ettore-maria-mazzola","tag-ettore-mazzola","tag-grattacieli","tag-mazzola","tag-modello-milano","tag-progettazione","tag-progettazione-tradizionale","tag-rigenerazione-urbana","tag-roma","tag-sostenibilita","tag-stadio-della-as-roma","tag-urbanistica","tag-urbanistica-tradizionale","clearfix"],"yoast_head":"<!-- This site is optimized with the Yoast SEO plugin v27.3 - https:\/\/yoast.com\/product\/yoast-seo-wordpress\/ -->\r\n<title>Ancora col \u201cModello Milano\u201d per Roma??? Basta con questo ignobile lavaggio del cervello a servizio dei palazzinari e delle banche! - virtutem forma decorat<\/title>\r\n<meta name=\"robots\" content=\"index, follow, max-snippet:-1, max-image-preview:large, max-video-preview:-1\" \/>\r\n<link rel=\"canonical\" href=\"https:\/\/www.picweb.it\/emm\/blog\/index.php\/2017\/11\/25\/ancora-col-modello-milano-per-roma-basta-con-questo-ignobile-lavaggio-del-cervello-a-servizio-dei-palazzinari-e-delle-banche\/\" \/>\r\n<meta property=\"og:locale\" content=\"it_IT\" \/>\r\n<meta property=\"og:type\" content=\"article\" \/>\r\n<meta property=\"og:title\" content=\"Ancora col \u201cModello Milano\u201d per Roma??? Basta con questo ignobile lavaggio del cervello a servizio dei palazzinari e delle banche! - virtutem forma decorat\" \/>\r\n<meta property=\"og:description\" content=\"Il 14 novembre u.s., nel corso della conferenza tenutasi presso la Cappella Orsini Lab mi sono &#8220;scontrato&#8221; con l&#8217;intervento del noto documentarista \/ storico dell&#8217;arte Costantino D&#8217;Orazio il quale, nonostante la mia ammirazione per la sua preparazione sulla storia antica, [&hellip;]\" \/>\r\n<meta property=\"og:url\" content=\"https:\/\/www.picweb.it\/emm\/blog\/index.php\/2017\/11\/25\/ancora-col-modello-milano-per-roma-basta-con-questo-ignobile-lavaggio-del-cervello-a-servizio-dei-palazzinari-e-delle-banche\/\" \/>\r\n<meta property=\"og:site_name\" content=\"virtutem forma decorat\" \/>\r\n<meta property=\"article:published_time\" content=\"2017-11-25T12:13:45+00:00\" \/>\r\n<meta property=\"article:modified_time\" content=\"2017-11-26T15:55:14+00:00\" \/>\r\n<meta property=\"og:image\" content=\"http:\/\/www.picweb.it\/emm\/blog\/wp-content\/uploads\/2017\/11\/Piazza-San-PietroDEF.jpg\" \/>\r\n<meta name=\"author\" content=\"emmazzola\" \/>\r\n<meta name=\"twitter:card\" content=\"summary_large_image\" \/>\r\n<meta name=\"twitter:creator\" content=\"@ettore_mazzola\" \/>\r\n<meta name=\"twitter:site\" content=\"@ettore_mazzola\" \/>\r\n<meta name=\"twitter:label1\" content=\"Scritto da\" \/>\n\t<meta name=\"twitter:data1\" content=\"emmazzola\" \/>\n\t<meta name=\"twitter:label2\" content=\"Tempo di lettura stimato\" \/>\n\t<meta name=\"twitter:data2\" content=\"10 minuti\" \/>\r\n<script type=\"application\/ld+json\" class=\"yoast-schema-graph\">{\"@context\":\"https:\\\/\\\/schema.org\",\"@graph\":[{\"@type\":\"Article\",\"@id\":\"https:\\\/\\\/www.picweb.it\\\/emm\\\/blog\\\/index.php\\\/2017\\\/11\\\/25\\\/ancora-col-modello-milano-per-roma-basta-con-questo-ignobile-lavaggio-del-cervello-a-servizio-dei-palazzinari-e-delle-banche\\\/#article\",\"isPartOf\":{\"@id\":\"https:\\\/\\\/www.picweb.it\\\/emm\\\/blog\\\/index.php\\\/2017\\\/11\\\/25\\\/ancora-col-modello-milano-per-roma-basta-con-questo-ignobile-lavaggio-del-cervello-a-servizio-dei-palazzinari-e-delle-banche\\\/\"},\"author\":{\"name\":\"emmazzola\",\"@id\":\"http:\\\/\\\/www.picweb.it\\\/emm\\\/blog\\\/#\\\/schema\\\/person\\\/e29c0dd15f13008bd4c7682e6130977f\"},\"headline\":\"Ancora col \u201cModello Milano\u201d per Roma??? Basta con questo ignobile lavaggio del cervello a servizio dei palazzinari e delle banche!\",\"datePublished\":\"2017-11-25T12:13:45+00:00\",\"dateModified\":\"2017-11-26T15:55:14+00:00\",\"mainEntityOfPage\":{\"@id\":\"https:\\\/\\\/www.picweb.it\\\/emm\\\/blog\\\/index.php\\\/2017\\\/11\\\/25\\\/ancora-col-modello-milano-per-roma-basta-con-questo-ignobile-lavaggio-del-cervello-a-servizio-dei-palazzinari-e-delle-banche\\\/\"},\"wordCount\":2013,\"commentCount\":12,\"publisher\":{\"@id\":\"http:\\\/\\\/www.picweb.it\\\/emm\\\/blog\\\/#\\\/schema\\\/person\\\/e29c0dd15f13008bd4c7682e6130977f\"},\"image\":{\"@id\":\"https:\\\/\\\/www.picweb.it\\\/emm\\\/blog\\\/index.php\\\/2017\\\/11\\\/25\\\/ancora-col-modello-milano-per-roma-basta-con-questo-ignobile-lavaggio-del-cervello-a-servizio-dei-palazzinari-e-delle-banche\\\/#primaryimage\"},\"thumbnailUrl\":\"http:\\\/\\\/www.picweb.it\\\/emm\\\/blog\\\/wp-content\\\/uploads\\\/2017\\\/11\\\/Piazza-San-PietroDEF.jpg\",\"keywords\":[\"architettura\",\"archmazzola\",\"Calenda\",\"CityLife\",\"demolizione in Via Ticino a Roma\",\"ettore maria mazzola\",\"ettore mazzola\",\"grattacieli\",\"mazzola\",\"Modello Milano\",\"progettazione\",\"progettazione tradizionale\",\"rigenerazione urbana\",\"Roma\",\"sostenibilit\u00e0\",\"Stadio della AS Roma\",\"Urbanistica\",\"urbanistica tradizionale\"],\"articleSection\":[\"Architettura\",\"politica\",\"progettazione urbana\",\"rigenerazione urbana\",\"Roma\",\"sostenibilit\u00e0\",\"urbanistica\"],\"inLanguage\":\"it-IT\",\"potentialAction\":[{\"@type\":\"CommentAction\",\"name\":\"Comment\",\"target\":[\"https:\\\/\\\/www.picweb.it\\\/emm\\\/blog\\\/index.php\\\/2017\\\/11\\\/25\\\/ancora-col-modello-milano-per-roma-basta-con-questo-ignobile-lavaggio-del-cervello-a-servizio-dei-palazzinari-e-delle-banche\\\/#respond\"]}]},{\"@type\":\"WebPage\",\"@id\":\"https:\\\/\\\/www.picweb.it\\\/emm\\\/blog\\\/index.php\\\/2017\\\/11\\\/25\\\/ancora-col-modello-milano-per-roma-basta-con-questo-ignobile-lavaggio-del-cervello-a-servizio-dei-palazzinari-e-delle-banche\\\/\",\"url\":\"https:\\\/\\\/www.picweb.it\\\/emm\\\/blog\\\/index.php\\\/2017\\\/11\\\/25\\\/ancora-col-modello-milano-per-roma-basta-con-questo-ignobile-lavaggio-del-cervello-a-servizio-dei-palazzinari-e-delle-banche\\\/\",\"name\":\"Ancora col \u201cModello Milano\u201d per Roma??? Basta con questo ignobile lavaggio del cervello a servizio dei palazzinari e delle banche! - virtutem forma decorat\",\"isPartOf\":{\"@id\":\"http:\\\/\\\/www.picweb.it\\\/emm\\\/blog\\\/#website\"},\"primaryImageOfPage\":{\"@id\":\"https:\\\/\\\/www.picweb.it\\\/emm\\\/blog\\\/index.php\\\/2017\\\/11\\\/25\\\/ancora-col-modello-milano-per-roma-basta-con-questo-ignobile-lavaggio-del-cervello-a-servizio-dei-palazzinari-e-delle-banche\\\/#primaryimage\"},\"image\":{\"@id\":\"https:\\\/\\\/www.picweb.it\\\/emm\\\/blog\\\/index.php\\\/2017\\\/11\\\/25\\\/ancora-col-modello-milano-per-roma-basta-con-questo-ignobile-lavaggio-del-cervello-a-servizio-dei-palazzinari-e-delle-banche\\\/#primaryimage\"},\"thumbnailUrl\":\"http:\\\/\\\/www.picweb.it\\\/emm\\\/blog\\\/wp-content\\\/uploads\\\/2017\\\/11\\\/Piazza-San-PietroDEF.jpg\",\"datePublished\":\"2017-11-25T12:13:45+00:00\",\"dateModified\":\"2017-11-26T15:55:14+00:00\",\"breadcrumb\":{\"@id\":\"https:\\\/\\\/www.picweb.it\\\/emm\\\/blog\\\/index.php\\\/2017\\\/11\\\/25\\\/ancora-col-modello-milano-per-roma-basta-con-questo-ignobile-lavaggio-del-cervello-a-servizio-dei-palazzinari-e-delle-banche\\\/#breadcrumb\"},\"inLanguage\":\"it-IT\",\"potentialAction\":[{\"@type\":\"ReadAction\",\"target\":[\"https:\\\/\\\/www.picweb.it\\\/emm\\\/blog\\\/index.php\\\/2017\\\/11\\\/25\\\/ancora-col-modello-milano-per-roma-basta-con-questo-ignobile-lavaggio-del-cervello-a-servizio-dei-palazzinari-e-delle-banche\\\/\"]}]},{\"@type\":\"ImageObject\",\"inLanguage\":\"it-IT\",\"@id\":\"https:\\\/\\\/www.picweb.it\\\/emm\\\/blog\\\/index.php\\\/2017\\\/11\\\/25\\\/ancora-col-modello-milano-per-roma-basta-con-questo-ignobile-lavaggio-del-cervello-a-servizio-dei-palazzinari-e-delle-banche\\\/#primaryimage\",\"url\":\"https:\\\/\\\/www.picweb.it\\\/emm\\\/blog\\\/wp-content\\\/uploads\\\/2017\\\/11\\\/Piazza-San-PietroDEF.jpg\",\"contentUrl\":\"https:\\\/\\\/www.picweb.it\\\/emm\\\/blog\\\/wp-content\\\/uploads\\\/2017\\\/11\\\/Piazza-San-PietroDEF.jpg\",\"width\":1200,\"height\":898,\"caption\":\"Meravigliosa immagine di Roma dalla Cupola di San Pietro \u2026 una citt\u00e0 \u201corizzontale\u201d con una identit\u00e0 plurimillenaria, lontani anni luce dalla \u201cverticalit\u00e0\u201d della nuova Milano priva di una identit\u00e0 locale\"},{\"@type\":\"BreadcrumbList\",\"@id\":\"https:\\\/\\\/www.picweb.it\\\/emm\\\/blog\\\/index.php\\\/2017\\\/11\\\/25\\\/ancora-col-modello-milano-per-roma-basta-con-questo-ignobile-lavaggio-del-cervello-a-servizio-dei-palazzinari-e-delle-banche\\\/#breadcrumb\",\"itemListElement\":[{\"@type\":\"ListItem\",\"position\":1,\"name\":\"Home\",\"item\":\"http:\\\/\\\/www.picweb.it\\\/emm\\\/blog\\\/\"},{\"@type\":\"ListItem\",\"position\":2,\"name\":\"Ancora col \u201cModello Milano\u201d per Roma??? Basta con questo ignobile lavaggio del cervello a servizio dei palazzinari e delle banche!\"}]},{\"@type\":\"WebSite\",\"@id\":\"http:\\\/\\\/www.picweb.it\\\/emm\\\/blog\\\/#website\",\"url\":\"http:\\\/\\\/www.picweb.it\\\/emm\\\/blog\\\/\",\"name\":\"virtutem forma decorat\",\"description\":\"The new Architectural blog\",\"publisher\":{\"@id\":\"http:\\\/\\\/www.picweb.it\\\/emm\\\/blog\\\/#\\\/schema\\\/person\\\/e29c0dd15f13008bd4c7682e6130977f\"},\"potentialAction\":[{\"@type\":\"SearchAction\",\"target\":{\"@type\":\"EntryPoint\",\"urlTemplate\":\"http:\\\/\\\/www.picweb.it\\\/emm\\\/blog\\\/?s={search_term_string}\"},\"query-input\":{\"@type\":\"PropertyValueSpecification\",\"valueRequired\":true,\"valueName\":\"search_term_string\"}}],\"inLanguage\":\"it-IT\"},{\"@type\":[\"Person\",\"Organization\"],\"@id\":\"http:\\\/\\\/www.picweb.it\\\/emm\\\/blog\\\/#\\\/schema\\\/person\\\/e29c0dd15f13008bd4c7682e6130977f\",\"name\":\"emmazzola\",\"image\":{\"@type\":\"ImageObject\",\"inLanguage\":\"it-IT\",\"@id\":\"https:\\\/\\\/www.picweb.it\\\/emm\\\/blog\\\/wp-content\\\/uploads\\\/2017\\\/05\\\/cropped-logoVirtutemFormaDecorat_Whigher.png\",\"url\":\"https:\\\/\\\/www.picweb.it\\\/emm\\\/blog\\\/wp-content\\\/uploads\\\/2017\\\/05\\\/cropped-logoVirtutemFormaDecorat_Whigher.png\",\"contentUrl\":\"https:\\\/\\\/www.picweb.it\\\/emm\\\/blog\\\/wp-content\\\/uploads\\\/2017\\\/05\\\/cropped-logoVirtutemFormaDecorat_Whigher.png\",\"width\":200,\"height\":79,\"caption\":\"emmazzola\"},\"logo\":{\"@id\":\"https:\\\/\\\/www.picweb.it\\\/emm\\\/blog\\\/wp-content\\\/uploads\\\/2017\\\/05\\\/cropped-logoVirtutemFormaDecorat_Whigher.png\"},\"url\":\"https:\\\/\\\/www.picweb.it\\\/emm\\\/blog\\\/index.php\\\/author\\\/emmazzola\\\/\"}]}<\/script>\r\n<!-- \/ Yoast SEO plugin. -->","yoast_head_json":{"title":"Ancora col \u201cModello Milano\u201d per Roma??? Basta con questo ignobile lavaggio del cervello a servizio dei palazzinari e delle banche! - virtutem forma decorat","robots":{"index":"index","follow":"follow","max-snippet":"max-snippet:-1","max-image-preview":"max-image-preview:large","max-video-preview":"max-video-preview:-1"},"canonical":"https:\/\/www.picweb.it\/emm\/blog\/index.php\/2017\/11\/25\/ancora-col-modello-milano-per-roma-basta-con-questo-ignobile-lavaggio-del-cervello-a-servizio-dei-palazzinari-e-delle-banche\/","og_locale":"it_IT","og_type":"article","og_title":"Ancora col \u201cModello Milano\u201d per Roma??? Basta con questo ignobile lavaggio del cervello a servizio dei palazzinari e delle banche! - virtutem forma decorat","og_description":"Il 14 novembre u.s., nel corso della conferenza tenutasi presso la Cappella Orsini Lab mi sono &#8220;scontrato&#8221; con l&#8217;intervento del noto documentarista \/ storico dell&#8217;arte Costantino D&#8217;Orazio il quale, nonostante la mia ammirazione per la sua preparazione sulla storia antica, [&hellip;]","og_url":"https:\/\/www.picweb.it\/emm\/blog\/index.php\/2017\/11\/25\/ancora-col-modello-milano-per-roma-basta-con-questo-ignobile-lavaggio-del-cervello-a-servizio-dei-palazzinari-e-delle-banche\/","og_site_name":"virtutem forma decorat","article_published_time":"2017-11-25T12:13:45+00:00","article_modified_time":"2017-11-26T15:55:14+00:00","og_image":[{"url":"http:\/\/www.picweb.it\/emm\/blog\/wp-content\/uploads\/2017\/11\/Piazza-San-PietroDEF.jpg","type":"","width":"","height":""}],"author":"emmazzola","twitter_card":"summary_large_image","twitter_creator":"@ettore_mazzola","twitter_site":"@ettore_mazzola","twitter_misc":{"Scritto da":"emmazzola","Tempo di lettura stimato":"10 minuti"},"schema":{"@context":"https:\/\/schema.org","@graph":[{"@type":"Article","@id":"https:\/\/www.picweb.it\/emm\/blog\/index.php\/2017\/11\/25\/ancora-col-modello-milano-per-roma-basta-con-questo-ignobile-lavaggio-del-cervello-a-servizio-dei-palazzinari-e-delle-banche\/#article","isPartOf":{"@id":"https:\/\/www.picweb.it\/emm\/blog\/index.php\/2017\/11\/25\/ancora-col-modello-milano-per-roma-basta-con-questo-ignobile-lavaggio-del-cervello-a-servizio-dei-palazzinari-e-delle-banche\/"},"author":{"name":"emmazzola","@id":"http:\/\/www.picweb.it\/emm\/blog\/#\/schema\/person\/e29c0dd15f13008bd4c7682e6130977f"},"headline":"Ancora col \u201cModello Milano\u201d per Roma??? Basta con questo ignobile lavaggio del cervello a servizio dei palazzinari e delle banche!","datePublished":"2017-11-25T12:13:45+00:00","dateModified":"2017-11-26T15:55:14+00:00","mainEntityOfPage":{"@id":"https:\/\/www.picweb.it\/emm\/blog\/index.php\/2017\/11\/25\/ancora-col-modello-milano-per-roma-basta-con-questo-ignobile-lavaggio-del-cervello-a-servizio-dei-palazzinari-e-delle-banche\/"},"wordCount":2013,"commentCount":12,"publisher":{"@id":"http:\/\/www.picweb.it\/emm\/blog\/#\/schema\/person\/e29c0dd15f13008bd4c7682e6130977f"},"image":{"@id":"https:\/\/www.picweb.it\/emm\/blog\/index.php\/2017\/11\/25\/ancora-col-modello-milano-per-roma-basta-con-questo-ignobile-lavaggio-del-cervello-a-servizio-dei-palazzinari-e-delle-banche\/#primaryimage"},"thumbnailUrl":"http:\/\/www.picweb.it\/emm\/blog\/wp-content\/uploads\/2017\/11\/Piazza-San-PietroDEF.jpg","keywords":["architettura","archmazzola","Calenda","CityLife","demolizione in Via Ticino a Roma","ettore maria mazzola","ettore mazzola","grattacieli","mazzola","Modello Milano","progettazione","progettazione tradizionale","rigenerazione urbana","Roma","sostenibilit\u00e0","Stadio della AS Roma","Urbanistica","urbanistica tradizionale"],"articleSection":["Architettura","politica","progettazione urbana","rigenerazione urbana","Roma","sostenibilit\u00e0","urbanistica"],"inLanguage":"it-IT","potentialAction":[{"@type":"CommentAction","name":"Comment","target":["https:\/\/www.picweb.it\/emm\/blog\/index.php\/2017\/11\/25\/ancora-col-modello-milano-per-roma-basta-con-questo-ignobile-lavaggio-del-cervello-a-servizio-dei-palazzinari-e-delle-banche\/#respond"]}]},{"@type":"WebPage","@id":"https:\/\/www.picweb.it\/emm\/blog\/index.php\/2017\/11\/25\/ancora-col-modello-milano-per-roma-basta-con-questo-ignobile-lavaggio-del-cervello-a-servizio-dei-palazzinari-e-delle-banche\/","url":"https:\/\/www.picweb.it\/emm\/blog\/index.php\/2017\/11\/25\/ancora-col-modello-milano-per-roma-basta-con-questo-ignobile-lavaggio-del-cervello-a-servizio-dei-palazzinari-e-delle-banche\/","name":"Ancora col \u201cModello Milano\u201d per Roma??? Basta con questo ignobile lavaggio del cervello a servizio dei palazzinari e delle banche! - virtutem forma decorat","isPartOf":{"@id":"http:\/\/www.picweb.it\/emm\/blog\/#website"},"primaryImageOfPage":{"@id":"https:\/\/www.picweb.it\/emm\/blog\/index.php\/2017\/11\/25\/ancora-col-modello-milano-per-roma-basta-con-questo-ignobile-lavaggio-del-cervello-a-servizio-dei-palazzinari-e-delle-banche\/#primaryimage"},"image":{"@id":"https:\/\/www.picweb.it\/emm\/blog\/index.php\/2017\/11\/25\/ancora-col-modello-milano-per-roma-basta-con-questo-ignobile-lavaggio-del-cervello-a-servizio-dei-palazzinari-e-delle-banche\/#primaryimage"},"thumbnailUrl":"http:\/\/www.picweb.it\/emm\/blog\/wp-content\/uploads\/2017\/11\/Piazza-San-PietroDEF.jpg","datePublished":"2017-11-25T12:13:45+00:00","dateModified":"2017-11-26T15:55:14+00:00","breadcrumb":{"@id":"https:\/\/www.picweb.it\/emm\/blog\/index.php\/2017\/11\/25\/ancora-col-modello-milano-per-roma-basta-con-questo-ignobile-lavaggio-del-cervello-a-servizio-dei-palazzinari-e-delle-banche\/#breadcrumb"},"inLanguage":"it-IT","potentialAction":[{"@type":"ReadAction","target":["https:\/\/www.picweb.it\/emm\/blog\/index.php\/2017\/11\/25\/ancora-col-modello-milano-per-roma-basta-con-questo-ignobile-lavaggio-del-cervello-a-servizio-dei-palazzinari-e-delle-banche\/"]}]},{"@type":"ImageObject","inLanguage":"it-IT","@id":"https:\/\/www.picweb.it\/emm\/blog\/index.php\/2017\/11\/25\/ancora-col-modello-milano-per-roma-basta-con-questo-ignobile-lavaggio-del-cervello-a-servizio-dei-palazzinari-e-delle-banche\/#primaryimage","url":"https:\/\/www.picweb.it\/emm\/blog\/wp-content\/uploads\/2017\/11\/Piazza-San-PietroDEF.jpg","contentUrl":"https:\/\/www.picweb.it\/emm\/blog\/wp-content\/uploads\/2017\/11\/Piazza-San-PietroDEF.jpg","width":1200,"height":898,"caption":"Meravigliosa immagine di Roma dalla Cupola di San Pietro \u2026 una citt\u00e0 \u201corizzontale\u201d con una identit\u00e0 plurimillenaria, lontani anni luce dalla \u201cverticalit\u00e0\u201d della nuova Milano priva di una identit\u00e0 locale"},{"@type":"BreadcrumbList","@id":"https:\/\/www.picweb.it\/emm\/blog\/index.php\/2017\/11\/25\/ancora-col-modello-milano-per-roma-basta-con-questo-ignobile-lavaggio-del-cervello-a-servizio-dei-palazzinari-e-delle-banche\/#breadcrumb","itemListElement":[{"@type":"ListItem","position":1,"name":"Home","item":"http:\/\/www.picweb.it\/emm\/blog\/"},{"@type":"ListItem","position":2,"name":"Ancora col \u201cModello Milano\u201d per Roma??? Basta con questo ignobile lavaggio del cervello a servizio dei palazzinari e delle banche!"}]},{"@type":"WebSite","@id":"http:\/\/www.picweb.it\/emm\/blog\/#website","url":"http:\/\/www.picweb.it\/emm\/blog\/","name":"virtutem forma decorat","description":"The new Architectural blog","publisher":{"@id":"http:\/\/www.picweb.it\/emm\/blog\/#\/schema\/person\/e29c0dd15f13008bd4c7682e6130977f"},"potentialAction":[{"@type":"SearchAction","target":{"@type":"EntryPoint","urlTemplate":"http:\/\/www.picweb.it\/emm\/blog\/?s={search_term_string}"},"query-input":{"@type":"PropertyValueSpecification","valueRequired":true,"valueName":"search_term_string"}}],"inLanguage":"it-IT"},{"@type":["Person","Organization"],"@id":"http:\/\/www.picweb.it\/emm\/blog\/#\/schema\/person\/e29c0dd15f13008bd4c7682e6130977f","name":"emmazzola","image":{"@type":"ImageObject","inLanguage":"it-IT","@id":"https:\/\/www.picweb.it\/emm\/blog\/wp-content\/uploads\/2017\/05\/cropped-logoVirtutemFormaDecorat_Whigher.png","url":"https:\/\/www.picweb.it\/emm\/blog\/wp-content\/uploads\/2017\/05\/cropped-logoVirtutemFormaDecorat_Whigher.png","contentUrl":"https:\/\/www.picweb.it\/emm\/blog\/wp-content\/uploads\/2017\/05\/cropped-logoVirtutemFormaDecorat_Whigher.png","width":200,"height":79,"caption":"emmazzola"},"logo":{"@id":"https:\/\/www.picweb.it\/emm\/blog\/wp-content\/uploads\/2017\/05\/cropped-logoVirtutemFormaDecorat_Whigher.png"},"url":"https:\/\/www.picweb.it\/emm\/blog\/index.php\/author\/emmazzola\/"}]}},"jetpack_featured_media_url":"","jetpack_sharing_enabled":true,"jetpack_shortlink":"https:\/\/wp.me\/p8HWjS-e9","jetpack-related-posts":[],"jetpack_likes_enabled":true,"_links":{"self":[{"href":"https:\/\/www.picweb.it\/emm\/blog\/index.php\/wp-json\/wp\/v2\/posts\/877","targetHints":{"allow":["GET"]}}],"collection":[{"href":"https:\/\/www.picweb.it\/emm\/blog\/index.php\/wp-json\/wp\/v2\/posts"}],"about":[{"href":"https:\/\/www.picweb.it\/emm\/blog\/index.php\/wp-json\/wp\/v2\/types\/post"}],"author":[{"embeddable":true,"href":"https:\/\/www.picweb.it\/emm\/blog\/index.php\/wp-json\/wp\/v2\/users\/2"}],"replies":[{"embeddable":true,"href":"https:\/\/www.picweb.it\/emm\/blog\/index.php\/wp-json\/wp\/v2\/comments?post=877"}],"version-history":[{"count":3,"href":"https:\/\/www.picweb.it\/emm\/blog\/index.php\/wp-json\/wp\/v2\/posts\/877\/revisions"}],"predecessor-version":[{"id":885,"href":"https:\/\/www.picweb.it\/emm\/blog\/index.php\/wp-json\/wp\/v2\/posts\/877\/revisions\/885"}],"wp:attachment":[{"href":"https:\/\/www.picweb.it\/emm\/blog\/index.php\/wp-json\/wp\/v2\/media?parent=877"}],"wp:term":[{"taxonomy":"category","embeddable":true,"href":"https:\/\/www.picweb.it\/emm\/blog\/index.php\/wp-json\/wp\/v2\/categories?post=877"},{"taxonomy":"post_tag","embeddable":true,"href":"https:\/\/www.picweb.it\/emm\/blog\/index.php\/wp-json\/wp\/v2\/tags?post=877"}],"curies":[{"name":"wp","href":"https:\/\/api.w.org\/{rel}","templated":true}]}}