{"id":574,"date":"2017-08-12T11:46:43","date_gmt":"2017-08-12T09:46:43","guid":{"rendered":"http:\/\/www.picweb.it\/emm\/blog\/?p=574"},"modified":"2017-09-17T13:00:52","modified_gmt":"2017-09-17T11:00:52","slug":"dal-flop-olimpico-allattacco-al-campo-centrale-del-tennis-al-foro-italico","status":"publish","type":"post","link":"https:\/\/www.picweb.it\/emm\/blog\/index.php\/2017\/08\/12\/dal-flop-olimpico-allattacco-al-campo-centrale-del-tennis-al-foro-italico\/","title":{"rendered":"Dal flop olimpico all\u2019attacco al Campo Centrale del Tennis al Foro Italico"},"content":{"rendered":"<p>Poco pi\u00f9 di un anno fa, all\u2019indomani dell\u2019elezione dell\u2019attuale giunta romana, la grande polemica politica si concentr\u00f2 sulla candidatura di Roma alle Olimpiadi 2024.<\/p>\n<p>I soliti noti, in vista della grande abbuffata, si erano gi\u00e0 apparecchiati la tavola ed avevano gi\u00e0 sperperato un centinaio di milioni di euro pubblici per i quali non \u00e8 ancora stata fatta del tutto chiarezza.<\/p>\n<p>Se le cose fossero state fatte secondo logica, piuttosto che secondo la logica \u201c<em>arraffona<\/em>\u201d dei furbetti del quartierino, probabilmente la candidatura sarebbe stata cosa utile per Roma e l\u2019Italia ma, per come stavano andando le cose nonostante la situazione economica della Capitale e del Paese, fu cosa giusta ritirare la candidatura \u2026 pur suscitando un putiferio nazionale.<\/p>\n<p>Diversamente dall\u2019Italia, in quei Paesi, dove vige una politica pi\u00f9 onesta e interessata al bene dello Stato che non agli interessi personali e lobbistici, l\u2019intera comunit\u00e0 ha riconosciuto la propria rinuncia alla candidatura come una grande scelta fatta da statisti che hanno a cuore l\u2019economia del proprio Paese.<\/p>\n<p>Del resto basterebbe leggere i dati reali di quello che sta succedendo a Rio de Janeiro per rendersi conto del disastro conseguente le ultime Olimpiadi (del consumismo pi\u00f9 che dello sport)<a href=\"#_ftn1\" name=\"_ftnref1\">[1]<\/a>.<\/p>\n<p>Si rifletta per\u00f2 sul fatto che, se invece di immaginare di investire miliardi di euro in opere faraoniche \u201c<em>usa e getta<\/em>\u201d \u2013 come nella miglior tradizione delle ultime edizioni della \u201c<em>manifestazione sportiva<\/em>\u201d pi\u00f9 importante del mondo \u2013 si fosse deciso di riutilizzare le magnifiche strutture realizzate per la Olimpiadi del 1960, concentrando gli investimenti economici per rimettere a posto la viabilit\u00e0 e il sistema di trasporto, oltre che a realizzare quelle poche opere mancanti perch\u00e9 non riutilizzabili (per esempio il Villaggio Olimpico al Flaminio risulta ormai abitato), allora le Olimpiadi avrebbero potuto rappresentare davvero la manna caduta dal cielo \u2026 ma, purtroppo si sa, chi gestisce il denaro pubblico ignora del tutto quello che, secondo il Codice di procedura Civile, dovrebbe essere il suo comportamento: si rammenta che il Codice di Procedura Civile obbligherebbe chi ci amministra a comportarsi come il \u201c<em>buon padre di famiglia<\/em><a href=\"#_ftn2\" name=\"_ftnref2\">[2]<\/a>\u201d, ovvero a gestire il denaro altrui tendendo a ridurre le spese superflue.<\/p>\n<p>Provate ad immaginare tutte le strutture del Foro Italico e dell\u2019EUR riportate a lustro e circondate da un verde curato e dignitoso, al pari di quello che si pu\u00f2 vedere in tutto il resto del mondo civile, tranne che in Italia, provate ad immaginare tutte le strade di Roma ripavimentate e riportate ai livelli standard del resto del mondo civile, provate ad immaginare le pavimentazioni dei nostri marciapiedi realizzate con materiali nobili e durevoli, piuttosto che limitarsi allo squallido strato di asfalto maculato con erbacce spuntanti tra le crepe, provate ad immaginare un sistema di trasporto pubblico realizzato con mezzi ecologici, confortevoli e frequenti \u2026 provate ad immaginare quale scenario Roma avrebbe potuto mostrare al mondo se, chi ha gestito il denaro per la candidatura alle Olimpiadi fosse stato investito per questo genere di opere, piuttosto che per i soliti interessi personali!<\/p>\n<figure id=\"attachment_575\" aria-describedby=\"caption-attachment-575\" style=\"width: 3445px\" class=\"wp-caption aligncenter\"><img fetchpriority=\"high\" decoding=\"async\" data-attachment-id=\"575\" data-permalink=\"https:\/\/www.picweb.it\/emm\/blog\/index.php\/2017\/08\/12\/dal-flop-olimpico-allattacco-al-campo-centrale-del-tennis-al-foro-italico\/via-fonteiana-aiuola-di-ennis\/\" data-orig-file=\"https:\/\/www.picweb.it\/emm\/blog\/wp-content\/uploads\/2017\/08\/Via-Fonteiana-aiuola-di-Ennis.jpg\" data-orig-size=\"3445,2600\" data-comments-opened=\"1\" data-image-meta=\"{&quot;aperture&quot;:&quot;0&quot;,&quot;credit&quot;:&quot;&quot;,&quot;camera&quot;:&quot;&quot;,&quot;caption&quot;:&quot;&quot;,&quot;created_timestamp&quot;:&quot;1497990192&quot;,&quot;copyright&quot;:&quot;&quot;,&quot;focal_length&quot;:&quot;0&quot;,&quot;iso&quot;:&quot;0&quot;,&quot;shutter_speed&quot;:&quot;0&quot;,&quot;title&quot;:&quot;&quot;,&quot;orientation&quot;:&quot;0&quot;}\" data-image-title=\"Via Fonteiana &amp;#8211; aiuola di Ennis\" data-image-description=\"\" data-image-caption=\"&lt;p&gt;Sulla sinistra una \u201ctipica\u201d aiuola romana caratterizzata da erbacce e delimitata da una ringhierina sfasciata e un marciapiede in asfalto maculato, sulla destra una tipica aiuola di una cittadina irlandese (Ennis), molto curata e delimitata da un muretto e un marciapiede pavimentato in pietra&lt;\/p&gt;\n\" data-large-file=\"https:\/\/www.picweb.it\/emm\/blog\/wp-content\/uploads\/2017\/08\/Via-Fonteiana-aiuola-di-Ennis-1024x773.jpg\" class=\"size-full wp-image-575\" src=\"http:\/\/www.picweb.it\/emm\/blog\/wp-content\/uploads\/2017\/08\/Via-Fonteiana-aiuola-di-Ennis.jpg\" alt=\"\" width=\"3445\" height=\"2600\" srcset=\"https:\/\/www.picweb.it\/emm\/blog\/wp-content\/uploads\/2017\/08\/Via-Fonteiana-aiuola-di-Ennis.jpg 3445w, https:\/\/www.picweb.it\/emm\/blog\/wp-content\/uploads\/2017\/08\/Via-Fonteiana-aiuola-di-Ennis-300x226.jpg 300w, https:\/\/www.picweb.it\/emm\/blog\/wp-content\/uploads\/2017\/08\/Via-Fonteiana-aiuola-di-Ennis-768x580.jpg 768w, https:\/\/www.picweb.it\/emm\/blog\/wp-content\/uploads\/2017\/08\/Via-Fonteiana-aiuola-di-Ennis-1024x773.jpg 1024w, https:\/\/www.picweb.it\/emm\/blog\/wp-content\/uploads\/2017\/08\/Via-Fonteiana-aiuola-di-Ennis-700x528.jpg 700w, https:\/\/www.picweb.it\/emm\/blog\/wp-content\/uploads\/2017\/08\/Via-Fonteiana-aiuola-di-Ennis-520x392.jpg 520w, https:\/\/www.picweb.it\/emm\/blog\/wp-content\/uploads\/2017\/08\/Via-Fonteiana-aiuola-di-Ennis-360x272.jpg 360w, https:\/\/www.picweb.it\/emm\/blog\/wp-content\/uploads\/2017\/08\/Via-Fonteiana-aiuola-di-Ennis-250x189.jpg 250w, https:\/\/www.picweb.it\/emm\/blog\/wp-content\/uploads\/2017\/08\/Via-Fonteiana-aiuola-di-Ennis-100x75.jpg 100w\" sizes=\"(max-width: 3445px) 100vw, 3445px\" \/><figcaption id=\"caption-attachment-575\" class=\"wp-caption-text\">Sulla sinistra una \u201ctipica\u201d aiuola romana caratterizzata da erbacce e delimitata da una ringhierina sfasciata e un marciapiede in asfalto maculato, sulla destra una tipica aiuola di una cittadina irlandese (Ennis), molto curata e delimitata da un muretto e un marciapiede pavimentato in pietra<\/figcaption><\/figure>\n<figure id=\"attachment_576\" aria-describedby=\"caption-attachment-576\" style=\"width: 1290px\" class=\"wp-caption aligncenter\"><img decoding=\"async\" data-attachment-id=\"576\" data-permalink=\"https:\/\/www.picweb.it\/emm\/blog\/index.php\/2017\/08\/12\/dal-flop-olimpico-allattacco-al-campo-centrale-del-tennis-al-foro-italico\/veurne_belgio\/\" data-orig-file=\"https:\/\/www.picweb.it\/emm\/blog\/wp-content\/uploads\/2017\/08\/Veurne_Belgio.jpg\" data-orig-size=\"720,960\" data-comments-opened=\"1\" data-image-meta=\"{&quot;aperture&quot;:&quot;0&quot;,&quot;credit&quot;:&quot;&quot;,&quot;camera&quot;:&quot;&quot;,&quot;caption&quot;:&quot;&quot;,&quot;created_timestamp&quot;:&quot;0&quot;,&quot;copyright&quot;:&quot;&quot;,&quot;focal_length&quot;:&quot;0&quot;,&quot;iso&quot;:&quot;0&quot;,&quot;shutter_speed&quot;:&quot;0&quot;,&quot;title&quot;:&quot;&quot;,&quot;orientation&quot;:&quot;0&quot;}\" data-image-title=\"Veurne_Belgio\" data-image-description=\"\" data-image-caption=\"&lt;p&gt;Veurne- Belgio &amp;#8230; da noi asfaltano al posto dei sanpietrini mentre qui, essendo tutte le strade, piazze e marciapiedi rigorosamente pavimentati con materiali nobili, si disegnano a mosaico i parcheggi per i disabili!&lt;\/p&gt;\n\" data-large-file=\"https:\/\/www.picweb.it\/emm\/blog\/wp-content\/uploads\/2017\/08\/Veurne_Belgio.jpg\" class=\" wp-image-576\" src=\"http:\/\/www.picweb.it\/emm\/blog\/wp-content\/uploads\/2017\/08\/Veurne_Belgio.jpg\" alt=\"\" width=\"1290\" height=\"1720\" srcset=\"https:\/\/www.picweb.it\/emm\/blog\/wp-content\/uploads\/2017\/08\/Veurne_Belgio.jpg 720w, https:\/\/www.picweb.it\/emm\/blog\/wp-content\/uploads\/2017\/08\/Veurne_Belgio-225x300.jpg 225w, https:\/\/www.picweb.it\/emm\/blog\/wp-content\/uploads\/2017\/08\/Veurne_Belgio-700x933.jpg 700w, https:\/\/www.picweb.it\/emm\/blog\/wp-content\/uploads\/2017\/08\/Veurne_Belgio-520x693.jpg 520w, https:\/\/www.picweb.it\/emm\/blog\/wp-content\/uploads\/2017\/08\/Veurne_Belgio-360x480.jpg 360w, https:\/\/www.picweb.it\/emm\/blog\/wp-content\/uploads\/2017\/08\/Veurne_Belgio-250x333.jpg 250w, https:\/\/www.picweb.it\/emm\/blog\/wp-content\/uploads\/2017\/08\/Veurne_Belgio-100x133.jpg 100w\" sizes=\"(max-width: 1290px) 100vw, 1290px\" \/><figcaption id=\"caption-attachment-576\" class=\"wp-caption-text\">Veurne- Belgio &#8230; da noi asfaltano al posto dei sanpietrini mentre qui, essendo tutte le strade, piazze e marciapiedi rigorosamente pavimentati con materiali nobili, si disegnano a mosaico i parcheggi per i disabili!<\/figcaption><\/figure>\n<figure id=\"attachment_577\" aria-describedby=\"caption-attachment-577\" style=\"width: 1283px\" class=\"wp-caption aligncenter\"><img decoding=\"async\" data-attachment-id=\"577\" data-permalink=\"https:\/\/www.picweb.it\/emm\/blog\/index.php\/2017\/08\/12\/dal-flop-olimpico-allattacco-al-campo-centrale-del-tennis-al-foro-italico\/bruges-strada-centrale-pavimentata\/\" data-orig-file=\"https:\/\/www.picweb.it\/emm\/blog\/wp-content\/uploads\/2017\/08\/Bruges-strada-centrale-pavimentata.jpg\" data-orig-size=\"1536,2048\" data-comments-opened=\"1\" data-image-meta=\"{&quot;aperture&quot;:&quot;0&quot;,&quot;credit&quot;:&quot;&quot;,&quot;camera&quot;:&quot;&quot;,&quot;caption&quot;:&quot;&quot;,&quot;created_timestamp&quot;:&quot;0&quot;,&quot;copyright&quot;:&quot;&quot;,&quot;focal_length&quot;:&quot;0&quot;,&quot;iso&quot;:&quot;0&quot;,&quot;shutter_speed&quot;:&quot;0&quot;,&quot;title&quot;:&quot;&quot;,&quot;orientation&quot;:&quot;0&quot;}\" data-image-title=\"Bruges &amp;#8211; strada centrale pavimentata\" data-image-description=\"\" data-image-caption=\"&lt;p&gt;Bruges, Belgio, tutte le strade e piazze urbane sono pavimentate con materiali nobili e durevoli, nonostante il passaggio dei mezzi pubblici&lt;\/p&gt;\n\" data-large-file=\"https:\/\/www.picweb.it\/emm\/blog\/wp-content\/uploads\/2017\/08\/Bruges-strada-centrale-pavimentata-768x1024.jpg\" class=\" wp-image-577\" src=\"http:\/\/www.picweb.it\/emm\/blog\/wp-content\/uploads\/2017\/08\/Bruges-strada-centrale-pavimentata.jpg\" alt=\"\" width=\"1283\" height=\"1710\" srcset=\"https:\/\/www.picweb.it\/emm\/blog\/wp-content\/uploads\/2017\/08\/Bruges-strada-centrale-pavimentata.jpg 1536w, https:\/\/www.picweb.it\/emm\/blog\/wp-content\/uploads\/2017\/08\/Bruges-strada-centrale-pavimentata-225x300.jpg 225w, https:\/\/www.picweb.it\/emm\/blog\/wp-content\/uploads\/2017\/08\/Bruges-strada-centrale-pavimentata-768x1024.jpg 768w, https:\/\/www.picweb.it\/emm\/blog\/wp-content\/uploads\/2017\/08\/Bruges-strada-centrale-pavimentata-700x933.jpg 700w, https:\/\/www.picweb.it\/emm\/blog\/wp-content\/uploads\/2017\/08\/Bruges-strada-centrale-pavimentata-520x693.jpg 520w, https:\/\/www.picweb.it\/emm\/blog\/wp-content\/uploads\/2017\/08\/Bruges-strada-centrale-pavimentata-360x480.jpg 360w, https:\/\/www.picweb.it\/emm\/blog\/wp-content\/uploads\/2017\/08\/Bruges-strada-centrale-pavimentata-250x333.jpg 250w, https:\/\/www.picweb.it\/emm\/blog\/wp-content\/uploads\/2017\/08\/Bruges-strada-centrale-pavimentata-100x133.jpg 100w\" sizes=\"(max-width: 1283px) 100vw, 1283px\" \/><figcaption id=\"caption-attachment-577\" class=\"wp-caption-text\">Bruges, Belgio, tutte le strade e piazze urbane sono pavimentate con materiali nobili e durevoli, nonostante il passaggio dei mezzi pubblici<\/figcaption><\/figure>\n<figure id=\"attachment_578\" aria-describedby=\"caption-attachment-578\" style=\"width: 1287px\" class=\"wp-caption aligncenter\"><img loading=\"lazy\" decoding=\"async\" data-attachment-id=\"578\" data-permalink=\"https:\/\/www.picweb.it\/emm\/blog\/index.php\/2017\/08\/12\/dal-flop-olimpico-allattacco-al-campo-centrale-del-tennis-al-foro-italico\/bruges-strada-centrale-pavimentata-2\/\" data-orig-file=\"https:\/\/www.picweb.it\/emm\/blog\/wp-content\/uploads\/2017\/08\/Bruges-strada-centrale-pavimentata-2.jpg\" data-orig-size=\"2048,1536\" data-comments-opened=\"1\" data-image-meta=\"{&quot;aperture&quot;:&quot;0&quot;,&quot;credit&quot;:&quot;&quot;,&quot;camera&quot;:&quot;&quot;,&quot;caption&quot;:&quot;&quot;,&quot;created_timestamp&quot;:&quot;0&quot;,&quot;copyright&quot;:&quot;&quot;,&quot;focal_length&quot;:&quot;0&quot;,&quot;iso&quot;:&quot;0&quot;,&quot;shutter_speed&quot;:&quot;0&quot;,&quot;title&quot;:&quot;&quot;,&quot;orientation&quot;:&quot;0&quot;}\" data-image-title=\"Bruges &amp;#8211; strada centrale pavimentata 2\" data-image-description=\"\" data-image-caption=\"&lt;p&gt;Bruges, Belgio, tutte le strade e piazze urbane sono pavimentate con materiali nobili e durevoli, nonostante il passaggio dei mezzi pubblici&lt;\/p&gt;\n\" data-large-file=\"https:\/\/www.picweb.it\/emm\/blog\/wp-content\/uploads\/2017\/08\/Bruges-strada-centrale-pavimentata-2-1024x768.jpg\" class=\" wp-image-578\" src=\"http:\/\/www.picweb.it\/emm\/blog\/wp-content\/uploads\/2017\/08\/Bruges-strada-centrale-pavimentata-2.jpg\" alt=\"\" width=\"1287\" height=\"965\" srcset=\"https:\/\/www.picweb.it\/emm\/blog\/wp-content\/uploads\/2017\/08\/Bruges-strada-centrale-pavimentata-2.jpg 2048w, https:\/\/www.picweb.it\/emm\/blog\/wp-content\/uploads\/2017\/08\/Bruges-strada-centrale-pavimentata-2-300x225.jpg 300w, https:\/\/www.picweb.it\/emm\/blog\/wp-content\/uploads\/2017\/08\/Bruges-strada-centrale-pavimentata-2-768x576.jpg 768w, https:\/\/www.picweb.it\/emm\/blog\/wp-content\/uploads\/2017\/08\/Bruges-strada-centrale-pavimentata-2-1024x768.jpg 1024w, https:\/\/www.picweb.it\/emm\/blog\/wp-content\/uploads\/2017\/08\/Bruges-strada-centrale-pavimentata-2-700x525.jpg 700w, https:\/\/www.picweb.it\/emm\/blog\/wp-content\/uploads\/2017\/08\/Bruges-strada-centrale-pavimentata-2-520x390.jpg 520w, https:\/\/www.picweb.it\/emm\/blog\/wp-content\/uploads\/2017\/08\/Bruges-strada-centrale-pavimentata-2-360x270.jpg 360w, https:\/\/www.picweb.it\/emm\/blog\/wp-content\/uploads\/2017\/08\/Bruges-strada-centrale-pavimentata-2-250x188.jpg 250w, https:\/\/www.picweb.it\/emm\/blog\/wp-content\/uploads\/2017\/08\/Bruges-strada-centrale-pavimentata-2-100x75.jpg 100w\" sizes=\"(max-width: 1287px) 100vw, 1287px\" \/><figcaption id=\"caption-attachment-578\" class=\"wp-caption-text\">Bruges, Belgio, tutte le strade e piazze urbane sono pavimentate con materiali nobili e durevoli, nonostante il passaggio dei mezzi pubblici<\/figcaption><\/figure>\n<figure id=\"attachment_579\" aria-describedby=\"caption-attachment-579\" style=\"width: 1311px\" class=\"wp-caption aligncenter\"><img loading=\"lazy\" decoding=\"async\" data-attachment-id=\"579\" data-permalink=\"https:\/\/www.picweb.it\/emm\/blog\/index.php\/2017\/08\/12\/dal-flop-olimpico-allattacco-al-campo-centrale-del-tennis-al-foro-italico\/lille\/\" data-orig-file=\"https:\/\/www.picweb.it\/emm\/blog\/wp-content\/uploads\/2017\/08\/Lille.jpg\" data-orig-size=\"2048,1536\" data-comments-opened=\"1\" data-image-meta=\"{&quot;aperture&quot;:&quot;0&quot;,&quot;credit&quot;:&quot;&quot;,&quot;camera&quot;:&quot;&quot;,&quot;caption&quot;:&quot;&quot;,&quot;created_timestamp&quot;:&quot;0&quot;,&quot;copyright&quot;:&quot;&quot;,&quot;focal_length&quot;:&quot;0&quot;,&quot;iso&quot;:&quot;0&quot;,&quot;shutter_speed&quot;:&quot;0&quot;,&quot;title&quot;:&quot;&quot;,&quot;orientation&quot;:&quot;0&quot;}\" data-image-title=\"Lille\" data-image-description=\"\" data-image-caption=\"&lt;p&gt;Lille, Francia, tutte le strade sono pavimentate con materiali nobili e durevoli \u2026 una pavimentazione del genere risulta anche educativa nei confronti della gente che, infatti, la mantiene pulita!&lt;\/p&gt;\n\" data-large-file=\"https:\/\/www.picweb.it\/emm\/blog\/wp-content\/uploads\/2017\/08\/Lille-1024x768.jpg\" class=\" wp-image-579\" src=\"http:\/\/www.picweb.it\/emm\/blog\/wp-content\/uploads\/2017\/08\/Lille.jpg\" alt=\"\" width=\"1311\" height=\"983\" srcset=\"https:\/\/www.picweb.it\/emm\/blog\/wp-content\/uploads\/2017\/08\/Lille.jpg 2048w, https:\/\/www.picweb.it\/emm\/blog\/wp-content\/uploads\/2017\/08\/Lille-300x225.jpg 300w, https:\/\/www.picweb.it\/emm\/blog\/wp-content\/uploads\/2017\/08\/Lille-768x576.jpg 768w, https:\/\/www.picweb.it\/emm\/blog\/wp-content\/uploads\/2017\/08\/Lille-1024x768.jpg 1024w, https:\/\/www.picweb.it\/emm\/blog\/wp-content\/uploads\/2017\/08\/Lille-700x525.jpg 700w, https:\/\/www.picweb.it\/emm\/blog\/wp-content\/uploads\/2017\/08\/Lille-520x390.jpg 520w, https:\/\/www.picweb.it\/emm\/blog\/wp-content\/uploads\/2017\/08\/Lille-360x270.jpg 360w, https:\/\/www.picweb.it\/emm\/blog\/wp-content\/uploads\/2017\/08\/Lille-250x188.jpg 250w, https:\/\/www.picweb.it\/emm\/blog\/wp-content\/uploads\/2017\/08\/Lille-100x75.jpg 100w\" sizes=\"(max-width: 1311px) 100vw, 1311px\" \/><figcaption id=\"caption-attachment-579\" class=\"wp-caption-text\">Lille, Francia, tutte le strade sono pavimentate con materiali nobili e durevoli \u2026 una pavimentazione del genere risulta anche educativa nei confronti della gente che, infatti, la mantiene pulita!<\/figcaption><\/figure>\n<p>In un momento economico come quello attuale, Roma avrebbe potuto mostrare al mondo che \u00e8 possibile realizzare le Olimpiadi senza sperpero di denaro pubblico, riportando l\u2019evento ad essere un modello economico e culturale per tutto il mondo! Ma forse era davvero chiedere troppo a chi \u00e8 abituato solo a pensare a se stesso \u2026<\/p>\n<p>Terminata la polemica sulle Olimpiadi con l\u2019abbandono definitivo della candidatura di Roma, il furore politico e gli interessi degli speculatori che avevano foraggiato le giunte precedenti si \u00e8 quindi concentrato sulla vergognosa vicenda dello Stadio \u201c<em>della<\/em>\u201d AS Roma, giungendo ad una situazione paradossale:<\/p>\n<ul>\n<li>Da un lato ci sono i politici dell\u2019odierna opposizione che quando erano al potere diedero irresponsabilmente il via al progetto, che usano vergognosamente questa vicenda per combattere la giunta Raggi.<\/li>\n<li>Dall\u2019altro l\u2019assurdo voltagabbana dell\u2019assessore Frongia, oggi sostenitore del progetto, che sembra essersi dimenticato del tutto di quando, stando all\u2019opposizione, denunci\u00f2 con dati inconfutabili le ragioni per cui lo Stadio, a Tor di Valle, non si sarebbe dovuto mai approvare<a href=\"#_ftn3\" name=\"_ftnref3\">[3]<\/a>.<\/li>\n<\/ul>\n<p>Come mai certi politici, una volta eletti, vengono colti da perdite di memoria? Cosa si nasconde dietro questa epidemia di demenza senile precoce che sembra assillare il mondo della politica? Forse ci sono dei meccanismi che fanno dimenticare le battaglie precedenti? Forse \u00e8 impossibile scendere a compromessi? \u2026 Probabilmente \u00e8 cos\u00ec! Diversamente non sarebbe comprensibile il nuovo amore scoppiato tra la giunta comunale, il CONI e Malag\u00f2!<\/p>\n<figure id=\"attachment_405\" aria-describedby=\"caption-attachment-405\" style=\"width: 1060px\" class=\"wp-caption aligncenter\"><img loading=\"lazy\" decoding=\"async\" data-attachment-id=\"405\" data-permalink=\"https:\/\/www.picweb.it\/emm\/blog\/index.php\/2017\/06\/15\/lultima-mandrakata-e-il-vincolo-non-ce-piu\/stadio-della-roma-675-2\/\" data-orig-file=\"https:\/\/www.picweb.it\/emm\/blog\/wp-content\/uploads\/2017\/06\/Stadio-della-Roma-675-1.jpg\" data-orig-size=\"675,275\" data-comments-opened=\"1\" data-image-meta=\"{&quot;aperture&quot;:&quot;0&quot;,&quot;credit&quot;:&quot;&quot;,&quot;camera&quot;:&quot;&quot;,&quot;caption&quot;:&quot;&quot;,&quot;created_timestamp&quot;:&quot;0&quot;,&quot;copyright&quot;:&quot;&quot;,&quot;focal_length&quot;:&quot;0&quot;,&quot;iso&quot;:&quot;0&quot;,&quot;shutter_speed&quot;:&quot;0&quot;,&quot;title&quot;:&quot;&quot;,&quot;orientation&quot;:&quot;0&quot;}\" data-image-title=\"Stadio-della-Roma-675\" data-image-description=\"\" data-image-caption=\"&lt;p&gt;L\u2019ultima versione del progetto dello Stadio \u2013 sulla destra, di noti l\u2019esigua distanza dal Tevere che invece, secondo la Legge 431\/85 (Legge Galasso), dovrebbe essere non inferiore a 150 metri dal punto di massima piena&lt;\/p&gt;\n\" data-large-file=\"https:\/\/www.picweb.it\/emm\/blog\/wp-content\/uploads\/2017\/06\/Stadio-della-Roma-675-1.jpg\" class=\" wp-image-405\" src=\"http:\/\/www.picweb.it\/emm\/blog\/wp-content\/uploads\/2017\/06\/Stadio-della-Roma-675-1.jpg\" alt=\"\" width=\"1060\" height=\"432\" srcset=\"https:\/\/www.picweb.it\/emm\/blog\/wp-content\/uploads\/2017\/06\/Stadio-della-Roma-675-1.jpg 675w, https:\/\/www.picweb.it\/emm\/blog\/wp-content\/uploads\/2017\/06\/Stadio-della-Roma-675-1-300x122.jpg 300w, https:\/\/www.picweb.it\/emm\/blog\/wp-content\/uploads\/2017\/06\/Stadio-della-Roma-675-1-520x212.jpg 520w, https:\/\/www.picweb.it\/emm\/blog\/wp-content\/uploads\/2017\/06\/Stadio-della-Roma-675-1-360x147.jpg 360w, https:\/\/www.picweb.it\/emm\/blog\/wp-content\/uploads\/2017\/06\/Stadio-della-Roma-675-1-250x102.jpg 250w, https:\/\/www.picweb.it\/emm\/blog\/wp-content\/uploads\/2017\/06\/Stadio-della-Roma-675-1-100x41.jpg 100w\" sizes=\"(max-width: 1060px) 100vw, 1060px\" \/><figcaption id=\"caption-attachment-405\" class=\"wp-caption-text\">L\u2019ultima versione del progetto dello Stadio \u2013 sulla destra, di noti l\u2019esigua distanza dal Tevere che invece, secondo la Legge 431\/85 (Legge Galasso), dovrebbe essere non inferiore a 150 metri dal punto di massima piena<\/figcaption><\/figure>\n<p>E infatti, se le elencate situazioni paradossali non fossero state sufficienti a rovinare il fegato dei romani che hanno a cuore i monumenti della propria citt\u00e0, nei giorni scorsi \u00e8 venuta fuori una nuova vicenda che sembra aver magicamente riportato il sereno i quegli ambienti: dimenticando le minacce di querela e gli attriti reciproci conseguenti la battaglia sulle Olimpiadi, la giunta Raggi ha mostrato grandissimo entusiasmo per il progetto di copertura e ampliamento del Centrale del Tennis del Foro Italico \u2026 un progetto quantomeno discutibile, spuntato fuori dal cilindro magico di certi personaggi tanto attivi in estate.<\/p>\n<figure id=\"attachment_580\" aria-describedby=\"caption-attachment-580\" style=\"width: 1043px\" class=\"wp-caption aligncenter\"><img loading=\"lazy\" decoding=\"async\" data-attachment-id=\"580\" data-permalink=\"https:\/\/www.picweb.it\/emm\/blog\/index.php\/2017\/08\/12\/dal-flop-olimpico-allattacco-al-campo-centrale-del-tennis-al-foro-italico\/nuovo-centrale-del-tennis-16-728\/\" data-orig-file=\"https:\/\/www.picweb.it\/emm\/blog\/wp-content\/uploads\/2017\/08\/nuovo-centrale-del-tennis-16-728.jpg\" data-orig-size=\"728,503\" data-comments-opened=\"1\" data-image-meta=\"{&quot;aperture&quot;:&quot;0&quot;,&quot;credit&quot;:&quot;&quot;,&quot;camera&quot;:&quot;&quot;,&quot;caption&quot;:&quot;&quot;,&quot;created_timestamp&quot;:&quot;0&quot;,&quot;copyright&quot;:&quot;&quot;,&quot;focal_length&quot;:&quot;0&quot;,&quot;iso&quot;:&quot;0&quot;,&quot;shutter_speed&quot;:&quot;0&quot;,&quot;title&quot;:&quot;&quot;,&quot;orientation&quot;:&quot;0&quot;}\" data-image-title=\"nuovo-centrale-del-tennis-16-728\" data-image-description=\"\" data-image-caption=\"&lt;p&gt;Immagine del progetto di copertura del Centrale del Tennis del Foro Italico&lt;\/p&gt;\n\" data-large-file=\"https:\/\/www.picweb.it\/emm\/blog\/wp-content\/uploads\/2017\/08\/nuovo-centrale-del-tennis-16-728.jpg\" class=\" wp-image-580\" src=\"http:\/\/www.picweb.it\/emm\/blog\/wp-content\/uploads\/2017\/08\/nuovo-centrale-del-tennis-16-728.jpg\" alt=\"\" width=\"1043\" height=\"721\" srcset=\"https:\/\/www.picweb.it\/emm\/blog\/wp-content\/uploads\/2017\/08\/nuovo-centrale-del-tennis-16-728.jpg 728w, https:\/\/www.picweb.it\/emm\/blog\/wp-content\/uploads\/2017\/08\/nuovo-centrale-del-tennis-16-728-300x207.jpg 300w, https:\/\/www.picweb.it\/emm\/blog\/wp-content\/uploads\/2017\/08\/nuovo-centrale-del-tennis-16-728-700x484.jpg 700w, https:\/\/www.picweb.it\/emm\/blog\/wp-content\/uploads\/2017\/08\/nuovo-centrale-del-tennis-16-728-520x359.jpg 520w, https:\/\/www.picweb.it\/emm\/blog\/wp-content\/uploads\/2017\/08\/nuovo-centrale-del-tennis-16-728-360x249.jpg 360w, https:\/\/www.picweb.it\/emm\/blog\/wp-content\/uploads\/2017\/08\/nuovo-centrale-del-tennis-16-728-250x173.jpg 250w, https:\/\/www.picweb.it\/emm\/blog\/wp-content\/uploads\/2017\/08\/nuovo-centrale-del-tennis-16-728-100x69.jpg 100w\" sizes=\"(max-width: 1043px) 100vw, 1043px\" \/><figcaption id=\"caption-attachment-580\" class=\"wp-caption-text\">Immagine del progetto di copertura del Centrale del Tennis del Foro Italico<\/figcaption><\/figure>\n<p>Italia Nostra si \u00e8 immediatamente schierata contro questo ennesimo attacco al nostro patrimonio storico architettonico e ambientale. Altrettanto ha fatto l\u2019architetto Fabio Rampelli, nelle vesti di capogruppo di \u201cFratelli d\u2019Italia \u2013 Alleanza Nazionale\u201d.<\/p>\n<p>In effetti, questo progetto snaturerebbe significativamente le architetture di Del Debbio e, soprattutto, la sua cornice verde. Le bianche sculture immerse nel verde verrebbero ad essere ulteriormente mortificate, dopo la gi\u00e0 discutibile realizzazione delle coperture dell\u2019Olimpico che modificarono sensibilmente l\u2019aspetto iniziale ad \u201cimpatto zero\u201d del polo sportivo pi\u00f9 stimolante \u2013 architettonicamente parlando \u2013 del mondo.<\/p>\n<p>In altri Paesi si tenderebbe a recuperare e riutilizzare in maniera appropriata luoghi come la Casa della Scherma, lo Stadio dei Marmi, ecc., si promuoverebbe una musealizzazione dell\u2019intero contesto, rendendolo fruibile in assenza di gare, piuttosto che lasciarlo nello stato di abbandono (o di uso inappropriato) in cui versa \u2026<\/p>\n<p>I nostri \u201cilluminati\u201d politici, invece, oltre a promuovere certi scempi, si spingono anche a promuovere l\u2019abbattimento degli edifici realizzati nel periodo storico pi\u00f9 controverso della nostra storia recente.<\/p>\n<p>Qui non si tratta di guardare ai monumenti da un punto di vista politico (miope e ottuso), ma di comprenderne il loro valore agli occhi della comunit\u00e0 internazionale che ce li invidia, nonostante il periodo storico in cui possano essere stati realizzati.<\/p>\n<figure id=\"attachment_581\" aria-describedby=\"caption-attachment-581\" style=\"width: 1129px\" class=\"wp-caption aligncenter\"><img loading=\"lazy\" decoding=\"async\" data-attachment-id=\"581\" data-permalink=\"https:\/\/www.picweb.it\/emm\/blog\/index.php\/2017\/08\/12\/dal-flop-olimpico-allattacco-al-campo-centrale-del-tennis-al-foro-italico\/panoramica-dal-centrale-sul-pietrangeli-e-grandstand-800x450\/\" data-orig-file=\"https:\/\/www.picweb.it\/emm\/blog\/wp-content\/uploads\/2017\/08\/panoramica-dal-centrale-sul-Pietrangeli-e-Grandstand-800x450.jpg\" data-orig-size=\"800,450\" data-comments-opened=\"1\" data-image-meta=\"{&quot;aperture&quot;:&quot;0&quot;,&quot;credit&quot;:&quot;&quot;,&quot;camera&quot;:&quot;&quot;,&quot;caption&quot;:&quot;&quot;,&quot;created_timestamp&quot;:&quot;0&quot;,&quot;copyright&quot;:&quot;&quot;,&quot;focal_length&quot;:&quot;0&quot;,&quot;iso&quot;:&quot;0&quot;,&quot;shutter_speed&quot;:&quot;0&quot;,&quot;title&quot;:&quot;&quot;,&quot;orientation&quot;:&quot;0&quot;}\" data-image-title=\"panoramica-dal-centrale-sul-Pietrangeli-e-Grandstand-800&amp;#215;450\" data-image-description=\"\" data-image-caption=\"&lt;p&gt;Panoramica dal Centrale sul-Pietrangeli e Grandstand&lt;\/p&gt;\n\" data-large-file=\"https:\/\/www.picweb.it\/emm\/blog\/wp-content\/uploads\/2017\/08\/panoramica-dal-centrale-sul-Pietrangeli-e-Grandstand-800x450.jpg\" class=\" wp-image-581\" src=\"http:\/\/www.picweb.it\/emm\/blog\/wp-content\/uploads\/2017\/08\/panoramica-dal-centrale-sul-Pietrangeli-e-Grandstand-800x450.jpg\" alt=\"\" width=\"1129\" height=\"635\" srcset=\"https:\/\/www.picweb.it\/emm\/blog\/wp-content\/uploads\/2017\/08\/panoramica-dal-centrale-sul-Pietrangeli-e-Grandstand-800x450.jpg 800w, https:\/\/www.picweb.it\/emm\/blog\/wp-content\/uploads\/2017\/08\/panoramica-dal-centrale-sul-Pietrangeli-e-Grandstand-800x450-300x169.jpg 300w, https:\/\/www.picweb.it\/emm\/blog\/wp-content\/uploads\/2017\/08\/panoramica-dal-centrale-sul-Pietrangeli-e-Grandstand-800x450-768x432.jpg 768w, https:\/\/www.picweb.it\/emm\/blog\/wp-content\/uploads\/2017\/08\/panoramica-dal-centrale-sul-Pietrangeli-e-Grandstand-800x450-700x394.jpg 700w, https:\/\/www.picweb.it\/emm\/blog\/wp-content\/uploads\/2017\/08\/panoramica-dal-centrale-sul-Pietrangeli-e-Grandstand-800x450-520x293.jpg 520w, https:\/\/www.picweb.it\/emm\/blog\/wp-content\/uploads\/2017\/08\/panoramica-dal-centrale-sul-Pietrangeli-e-Grandstand-800x450-360x203.jpg 360w, https:\/\/www.picweb.it\/emm\/blog\/wp-content\/uploads\/2017\/08\/panoramica-dal-centrale-sul-Pietrangeli-e-Grandstand-800x450-250x141.jpg 250w, https:\/\/www.picweb.it\/emm\/blog\/wp-content\/uploads\/2017\/08\/panoramica-dal-centrale-sul-Pietrangeli-e-Grandstand-800x450-100x56.jpg 100w\" sizes=\"(max-width: 1129px) 100vw, 1129px\" \/><figcaption id=\"caption-attachment-581\" class=\"wp-caption-text\">Panoramica dal Centrale sul-Pietrangeli e Grandstand<\/figcaption><\/figure>\n<figure id=\"attachment_582\" aria-describedby=\"caption-attachment-582\" style=\"width: 1155px\" class=\"wp-caption aligncenter\"><img loading=\"lazy\" decoding=\"async\" data-attachment-id=\"582\" data-permalink=\"https:\/\/www.picweb.it\/emm\/blog\/index.php\/2017\/08\/12\/dal-flop-olimpico-allattacco-al-campo-centrale-del-tennis-al-foro-italico\/stadio-dei-marmi\/\" data-orig-file=\"https:\/\/www.picweb.it\/emm\/blog\/wp-content\/uploads\/2017\/08\/stadio-dei-marmi.jpg\" data-orig-size=\"1600,939\" data-comments-opened=\"1\" data-image-meta=\"{&quot;aperture&quot;:&quot;0&quot;,&quot;credit&quot;:&quot;&quot;,&quot;camera&quot;:&quot;&quot;,&quot;caption&quot;:&quot;&quot;,&quot;created_timestamp&quot;:&quot;0&quot;,&quot;copyright&quot;:&quot;&quot;,&quot;focal_length&quot;:&quot;0&quot;,&quot;iso&quot;:&quot;0&quot;,&quot;shutter_speed&quot;:&quot;0&quot;,&quot;title&quot;:&quot;&quot;,&quot;orientation&quot;:&quot;0&quot;}\" data-image-title=\"stadio dei marmi\" data-image-description=\"\" data-image-caption=\"&lt;p&gt;Stadio dei Marmi&lt;\/p&gt;\n\" data-large-file=\"https:\/\/www.picweb.it\/emm\/blog\/wp-content\/uploads\/2017\/08\/stadio-dei-marmi-1024x601.jpg\" class=\" wp-image-582\" src=\"http:\/\/www.picweb.it\/emm\/blog\/wp-content\/uploads\/2017\/08\/stadio-dei-marmi.jpg\" alt=\"\" width=\"1155\" height=\"678\" srcset=\"https:\/\/www.picweb.it\/emm\/blog\/wp-content\/uploads\/2017\/08\/stadio-dei-marmi.jpg 1600w, https:\/\/www.picweb.it\/emm\/blog\/wp-content\/uploads\/2017\/08\/stadio-dei-marmi-300x176.jpg 300w, https:\/\/www.picweb.it\/emm\/blog\/wp-content\/uploads\/2017\/08\/stadio-dei-marmi-768x451.jpg 768w, https:\/\/www.picweb.it\/emm\/blog\/wp-content\/uploads\/2017\/08\/stadio-dei-marmi-1024x601.jpg 1024w, https:\/\/www.picweb.it\/emm\/blog\/wp-content\/uploads\/2017\/08\/stadio-dei-marmi-700x411.jpg 700w, https:\/\/www.picweb.it\/emm\/blog\/wp-content\/uploads\/2017\/08\/stadio-dei-marmi-520x305.jpg 520w, https:\/\/www.picweb.it\/emm\/blog\/wp-content\/uploads\/2017\/08\/stadio-dei-marmi-360x211.jpg 360w, https:\/\/www.picweb.it\/emm\/blog\/wp-content\/uploads\/2017\/08\/stadio-dei-marmi-250x147.jpg 250w, https:\/\/www.picweb.it\/emm\/blog\/wp-content\/uploads\/2017\/08\/stadio-dei-marmi-100x59.jpg 100w\" sizes=\"(max-width: 1155px) 100vw, 1155px\" \/><figcaption id=\"caption-attachment-582\" class=\"wp-caption-text\">Stadio dei Marmi<\/figcaption><\/figure>\n<p>Qui non si tratta di doversi limitare a \u201cstime economiche della LUISS\u201d, commissionate ad-hoc per giustificare l\u2019ennesimo scempio architettonico-ambientale di Roma, ma di tutelare la sua immagine che il mondo ama.<\/p>\n<p>Il tennis \u00e8 uno sport meraviglioso <u>da giocare all\u2019aperto<\/u>, il tennis \u00e8 uno sport che va celebrato sul campo di gioco, e non una semplice appendice alle attivit\u00e0 che potrebbero in una volgare \u201c<em>zona lounge multifunzionale<\/em>\u201d fatta per pochi VIP.<\/p>\n<p>Mobilitiamoci per evitare questo ennesimo scempio che nulla a che fare con lo sport!<\/p>\n<p><a href=\"#_ftnref1\" name=\"_ftn1\">[1]<\/a> <a href=\"http:\/\/www.lastampa.it\/2017\/08\/07\/esteri\/rio-de-janeiro-dai-fasti-olimpici-ridotta-alla-bancarotta-e-alla-fame-hLYc7mBEdk1HAKAwcnjKaM\/pagina.html\">http:\/\/www.lastampa.it\/2017\/08\/07\/esteri\/rio-de-janeiro-dai-fasti-olimpici-ridotta-alla-bancarotta-e-alla-fame-hLYc7mBEdk1HAKAwcnjKaM\/pagina.html<\/a><\/p>\n<p><a href=\"#_ftnref2\" name=\"_ftn2\">[2]<\/a> Infatti, nel capitolo \u2013 <em>Obbligazioni del Mandatario<\/em>, art. 1710 (<em>Diligenza del mandatario<\/em>) si legge: \u00ab<em>Il mandatario \u00e8 tenuto a eseguire il mandato<\/em> (2030, 2392, 2407, 2608) <em>con la diligenza del buon padre di famiglia<\/em>\u00bb (1176 \u2013 <em>diligenza nell\u2019adempimento<\/em>).<\/p>\n<p><a href=\"#_ftnref3\" name=\"_ftn3\">[3]<\/a> Cfr il video <a href=\"https:\/\/www.youtube.com\/watch?v=DMQQ8kHSFR8\">https:\/\/www.youtube.com\/watch?v=DMQQ8kHSFR8<\/a> e tutti gli altri correlati<\/p>\n","protected":false},"excerpt":{"rendered":"<p>Poco pi\u00f9 di un anno fa, all\u2019indomani dell\u2019elezione dell\u2019attuale giunta romana, la grande polemica politica si concentr\u00f2 sulla candidatura di Roma alle Olimpiadi 2024. I soliti noti, in vista della grande abbuffata, si erano gi\u00e0 apparecchiati la tavola ed avevano [&hellip;]<\/p>\n","protected":false},"author":2,"featured_media":0,"comment_status":"open","ping_status":"open","sticky":false,"template":"","format":"standard","meta":{"jetpack_post_was_ever_published":false,"_jetpack_newsletter_access":"","_jetpack_dont_email_post_to_subs":false,"_jetpack_newsletter_tier_id":0,"_jetpack_memberships_contains_paywalled_content":false,"_jetpack_memberships_contains_paid_content":false,"footnotes":""},"categories":[20,41,39,136,22],"tags":[5,13,148,12,14,15,149,32,49,4],"class_list":["post-574","post","type-post","status-publish","format-standard","hentry","category-architettura","category-progettazione-urbana","category-roma","category-soprintendenze","category-urbanistica","tag-architettura","tag-archmazzola","tag-centrale-del-tennis-del-foro-italico","tag-ettore-maria-mazzola","tag-ettore-mazzola","tag-mazzola","tag-olimpiadi-a-roma","tag-roma","tag-stadio-della-as-roma","tag-urbanistica","clearfix"],"yoast_head":"<!-- This site is optimized with the Yoast SEO plugin v27.3 - https:\/\/yoast.com\/product\/yoast-seo-wordpress\/ -->\r\n<title>Dal flop olimpico all\u2019attacco al Campo Centrale del Tennis al Foro Italico - virtutem forma decorat<\/title>\r\n<meta name=\"robots\" content=\"index, follow, max-snippet:-1, max-image-preview:large, max-video-preview:-1\" \/>\r\n<link rel=\"canonical\" href=\"https:\/\/www.picweb.it\/emm\/blog\/index.php\/2017\/08\/12\/dal-flop-olimpico-allattacco-al-campo-centrale-del-tennis-al-foro-italico\/\" \/>\r\n<meta property=\"og:locale\" content=\"it_IT\" \/>\r\n<meta property=\"og:type\" content=\"article\" \/>\r\n<meta property=\"og:title\" content=\"Dal flop olimpico all\u2019attacco al Campo Centrale del Tennis al Foro Italico - virtutem forma decorat\" \/>\r\n<meta property=\"og:description\" content=\"Poco pi\u00f9 di un anno fa, all\u2019indomani dell\u2019elezione dell\u2019attuale giunta romana, la grande polemica politica si concentr\u00f2 sulla candidatura di Roma alle Olimpiadi 2024. I soliti noti, in vista della grande abbuffata, si erano gi\u00e0 apparecchiati la tavola ed avevano [&hellip;]\" \/>\r\n<meta property=\"og:url\" content=\"https:\/\/www.picweb.it\/emm\/blog\/index.php\/2017\/08\/12\/dal-flop-olimpico-allattacco-al-campo-centrale-del-tennis-al-foro-italico\/\" \/>\r\n<meta property=\"og:site_name\" content=\"virtutem forma decorat\" \/>\r\n<meta property=\"article:published_time\" content=\"2017-08-12T09:46:43+00:00\" \/>\r\n<meta property=\"article:modified_time\" content=\"2017-09-17T11:00:52+00:00\" \/>\r\n<meta property=\"og:image\" content=\"http:\/\/www.picweb.it\/emm\/blog\/wp-content\/uploads\/2017\/08\/Via-Fonteiana-aiuola-di-Ennis.jpg\" \/>\r\n<meta name=\"author\" content=\"emmazzola\" \/>\r\n<meta name=\"twitter:card\" content=\"summary_large_image\" \/>\r\n<meta name=\"twitter:creator\" content=\"@ettore_mazzola\" \/>\r\n<meta name=\"twitter:site\" content=\"@ettore_mazzola\" \/>\r\n<meta name=\"twitter:label1\" content=\"Scritto da\" \/>\n\t<meta name=\"twitter:data1\" content=\"emmazzola\" \/>\n\t<meta name=\"twitter:label2\" content=\"Tempo di lettura stimato\" \/>\n\t<meta name=\"twitter:data2\" content=\"7 minuti\" \/>\r\n<script type=\"application\/ld+json\" class=\"yoast-schema-graph\">{\"@context\":\"https:\\\/\\\/schema.org\",\"@graph\":[{\"@type\":\"Article\",\"@id\":\"https:\\\/\\\/www.picweb.it\\\/emm\\\/blog\\\/index.php\\\/2017\\\/08\\\/12\\\/dal-flop-olimpico-allattacco-al-campo-centrale-del-tennis-al-foro-italico\\\/#article\",\"isPartOf\":{\"@id\":\"https:\\\/\\\/www.picweb.it\\\/emm\\\/blog\\\/index.php\\\/2017\\\/08\\\/12\\\/dal-flop-olimpico-allattacco-al-campo-centrale-del-tennis-al-foro-italico\\\/\"},\"author\":{\"name\":\"emmazzola\",\"@id\":\"http:\\\/\\\/www.picweb.it\\\/emm\\\/blog\\\/#\\\/schema\\\/person\\\/e29c0dd15f13008bd4c7682e6130977f\"},\"headline\":\"Dal flop olimpico all\u2019attacco al Campo Centrale del Tennis al Foro Italico\",\"datePublished\":\"2017-08-12T09:46:43+00:00\",\"dateModified\":\"2017-09-17T11:00:52+00:00\",\"mainEntityOfPage\":{\"@id\":\"https:\\\/\\\/www.picweb.it\\\/emm\\\/blog\\\/index.php\\\/2017\\\/08\\\/12\\\/dal-flop-olimpico-allattacco-al-campo-centrale-del-tennis-al-foro-italico\\\/\"},\"wordCount\":1450,\"commentCount\":1,\"publisher\":{\"@id\":\"http:\\\/\\\/www.picweb.it\\\/emm\\\/blog\\\/#\\\/schema\\\/person\\\/e29c0dd15f13008bd4c7682e6130977f\"},\"image\":{\"@id\":\"https:\\\/\\\/www.picweb.it\\\/emm\\\/blog\\\/index.php\\\/2017\\\/08\\\/12\\\/dal-flop-olimpico-allattacco-al-campo-centrale-del-tennis-al-foro-italico\\\/#primaryimage\"},\"thumbnailUrl\":\"http:\\\/\\\/www.picweb.it\\\/emm\\\/blog\\\/wp-content\\\/uploads\\\/2017\\\/08\\\/Via-Fonteiana-aiuola-di-Ennis.jpg\",\"keywords\":[\"architettura\",\"archmazzola\",\"Centrale del Tennis del Foro Italico\",\"ettore maria mazzola\",\"ettore mazzola\",\"mazzola\",\"Olimpiadi a Roma\",\"Roma\",\"Stadio della AS Roma\",\"Urbanistica\"],\"articleSection\":[\"Architettura\",\"progettazione urbana\",\"Roma\",\"Soprintendenze\",\"urbanistica\"],\"inLanguage\":\"it-IT\",\"potentialAction\":[{\"@type\":\"CommentAction\",\"name\":\"Comment\",\"target\":[\"https:\\\/\\\/www.picweb.it\\\/emm\\\/blog\\\/index.php\\\/2017\\\/08\\\/12\\\/dal-flop-olimpico-allattacco-al-campo-centrale-del-tennis-al-foro-italico\\\/#respond\"]}]},{\"@type\":\"WebPage\",\"@id\":\"https:\\\/\\\/www.picweb.it\\\/emm\\\/blog\\\/index.php\\\/2017\\\/08\\\/12\\\/dal-flop-olimpico-allattacco-al-campo-centrale-del-tennis-al-foro-italico\\\/\",\"url\":\"https:\\\/\\\/www.picweb.it\\\/emm\\\/blog\\\/index.php\\\/2017\\\/08\\\/12\\\/dal-flop-olimpico-allattacco-al-campo-centrale-del-tennis-al-foro-italico\\\/\",\"name\":\"Dal flop olimpico all\u2019attacco al Campo Centrale del Tennis al Foro Italico - virtutem forma decorat\",\"isPartOf\":{\"@id\":\"http:\\\/\\\/www.picweb.it\\\/emm\\\/blog\\\/#website\"},\"primaryImageOfPage\":{\"@id\":\"https:\\\/\\\/www.picweb.it\\\/emm\\\/blog\\\/index.php\\\/2017\\\/08\\\/12\\\/dal-flop-olimpico-allattacco-al-campo-centrale-del-tennis-al-foro-italico\\\/#primaryimage\"},\"image\":{\"@id\":\"https:\\\/\\\/www.picweb.it\\\/emm\\\/blog\\\/index.php\\\/2017\\\/08\\\/12\\\/dal-flop-olimpico-allattacco-al-campo-centrale-del-tennis-al-foro-italico\\\/#primaryimage\"},\"thumbnailUrl\":\"http:\\\/\\\/www.picweb.it\\\/emm\\\/blog\\\/wp-content\\\/uploads\\\/2017\\\/08\\\/Via-Fonteiana-aiuola-di-Ennis.jpg\",\"datePublished\":\"2017-08-12T09:46:43+00:00\",\"dateModified\":\"2017-09-17T11:00:52+00:00\",\"breadcrumb\":{\"@id\":\"https:\\\/\\\/www.picweb.it\\\/emm\\\/blog\\\/index.php\\\/2017\\\/08\\\/12\\\/dal-flop-olimpico-allattacco-al-campo-centrale-del-tennis-al-foro-italico\\\/#breadcrumb\"},\"inLanguage\":\"it-IT\",\"potentialAction\":[{\"@type\":\"ReadAction\",\"target\":[\"https:\\\/\\\/www.picweb.it\\\/emm\\\/blog\\\/index.php\\\/2017\\\/08\\\/12\\\/dal-flop-olimpico-allattacco-al-campo-centrale-del-tennis-al-foro-italico\\\/\"]}]},{\"@type\":\"ImageObject\",\"inLanguage\":\"it-IT\",\"@id\":\"https:\\\/\\\/www.picweb.it\\\/emm\\\/blog\\\/index.php\\\/2017\\\/08\\\/12\\\/dal-flop-olimpico-allattacco-al-campo-centrale-del-tennis-al-foro-italico\\\/#primaryimage\",\"url\":\"https:\\\/\\\/www.picweb.it\\\/emm\\\/blog\\\/wp-content\\\/uploads\\\/2017\\\/08\\\/Via-Fonteiana-aiuola-di-Ennis.jpg\",\"contentUrl\":\"https:\\\/\\\/www.picweb.it\\\/emm\\\/blog\\\/wp-content\\\/uploads\\\/2017\\\/08\\\/Via-Fonteiana-aiuola-di-Ennis.jpg\",\"width\":3445,\"height\":2600,\"caption\":\"Sulla sinistra una \u201ctipica\u201d aiuola romana caratterizzata da erbacce e delimitata da una ringhierina sfasciata e un marciapiede in asfalto maculato, sulla destra una tipica aiuola di una cittadina irlandese (Ennis), molto curata e delimitata da un muretto e un marciapiede pavimentato in pietra\"},{\"@type\":\"BreadcrumbList\",\"@id\":\"https:\\\/\\\/www.picweb.it\\\/emm\\\/blog\\\/index.php\\\/2017\\\/08\\\/12\\\/dal-flop-olimpico-allattacco-al-campo-centrale-del-tennis-al-foro-italico\\\/#breadcrumb\",\"itemListElement\":[{\"@type\":\"ListItem\",\"position\":1,\"name\":\"Home\",\"item\":\"http:\\\/\\\/www.picweb.it\\\/emm\\\/blog\\\/\"},{\"@type\":\"ListItem\",\"position\":2,\"name\":\"Dal flop olimpico all\u2019attacco al Campo Centrale del Tennis al Foro Italico\"}]},{\"@type\":\"WebSite\",\"@id\":\"http:\\\/\\\/www.picweb.it\\\/emm\\\/blog\\\/#website\",\"url\":\"http:\\\/\\\/www.picweb.it\\\/emm\\\/blog\\\/\",\"name\":\"virtutem forma decorat\",\"description\":\"The new Architectural blog\",\"publisher\":{\"@id\":\"http:\\\/\\\/www.picweb.it\\\/emm\\\/blog\\\/#\\\/schema\\\/person\\\/e29c0dd15f13008bd4c7682e6130977f\"},\"potentialAction\":[{\"@type\":\"SearchAction\",\"target\":{\"@type\":\"EntryPoint\",\"urlTemplate\":\"http:\\\/\\\/www.picweb.it\\\/emm\\\/blog\\\/?s={search_term_string}\"},\"query-input\":{\"@type\":\"PropertyValueSpecification\",\"valueRequired\":true,\"valueName\":\"search_term_string\"}}],\"inLanguage\":\"it-IT\"},{\"@type\":[\"Person\",\"Organization\"],\"@id\":\"http:\\\/\\\/www.picweb.it\\\/emm\\\/blog\\\/#\\\/schema\\\/person\\\/e29c0dd15f13008bd4c7682e6130977f\",\"name\":\"emmazzola\",\"image\":{\"@type\":\"ImageObject\",\"inLanguage\":\"it-IT\",\"@id\":\"https:\\\/\\\/www.picweb.it\\\/emm\\\/blog\\\/wp-content\\\/uploads\\\/2017\\\/05\\\/cropped-logoVirtutemFormaDecorat_Whigher.png\",\"url\":\"https:\\\/\\\/www.picweb.it\\\/emm\\\/blog\\\/wp-content\\\/uploads\\\/2017\\\/05\\\/cropped-logoVirtutemFormaDecorat_Whigher.png\",\"contentUrl\":\"https:\\\/\\\/www.picweb.it\\\/emm\\\/blog\\\/wp-content\\\/uploads\\\/2017\\\/05\\\/cropped-logoVirtutemFormaDecorat_Whigher.png\",\"width\":200,\"height\":79,\"caption\":\"emmazzola\"},\"logo\":{\"@id\":\"https:\\\/\\\/www.picweb.it\\\/emm\\\/blog\\\/wp-content\\\/uploads\\\/2017\\\/05\\\/cropped-logoVirtutemFormaDecorat_Whigher.png\"},\"url\":\"https:\\\/\\\/www.picweb.it\\\/emm\\\/blog\\\/index.php\\\/author\\\/emmazzola\\\/\"}]}<\/script>\r\n<!-- \/ Yoast SEO plugin. -->","yoast_head_json":{"title":"Dal flop olimpico all\u2019attacco al Campo Centrale del Tennis al Foro Italico - virtutem forma decorat","robots":{"index":"index","follow":"follow","max-snippet":"max-snippet:-1","max-image-preview":"max-image-preview:large","max-video-preview":"max-video-preview:-1"},"canonical":"https:\/\/www.picweb.it\/emm\/blog\/index.php\/2017\/08\/12\/dal-flop-olimpico-allattacco-al-campo-centrale-del-tennis-al-foro-italico\/","og_locale":"it_IT","og_type":"article","og_title":"Dal flop olimpico all\u2019attacco al Campo Centrale del Tennis al Foro Italico - virtutem forma decorat","og_description":"Poco pi\u00f9 di un anno fa, all\u2019indomani dell\u2019elezione dell\u2019attuale giunta romana, la grande polemica politica si concentr\u00f2 sulla candidatura di Roma alle Olimpiadi 2024. I soliti noti, in vista della grande abbuffata, si erano gi\u00e0 apparecchiati la tavola ed avevano [&hellip;]","og_url":"https:\/\/www.picweb.it\/emm\/blog\/index.php\/2017\/08\/12\/dal-flop-olimpico-allattacco-al-campo-centrale-del-tennis-al-foro-italico\/","og_site_name":"virtutem forma decorat","article_published_time":"2017-08-12T09:46:43+00:00","article_modified_time":"2017-09-17T11:00:52+00:00","og_image":[{"url":"http:\/\/www.picweb.it\/emm\/blog\/wp-content\/uploads\/2017\/08\/Via-Fonteiana-aiuola-di-Ennis.jpg","type":"","width":"","height":""}],"author":"emmazzola","twitter_card":"summary_large_image","twitter_creator":"@ettore_mazzola","twitter_site":"@ettore_mazzola","twitter_misc":{"Scritto da":"emmazzola","Tempo di lettura stimato":"7 minuti"},"schema":{"@context":"https:\/\/schema.org","@graph":[{"@type":"Article","@id":"https:\/\/www.picweb.it\/emm\/blog\/index.php\/2017\/08\/12\/dal-flop-olimpico-allattacco-al-campo-centrale-del-tennis-al-foro-italico\/#article","isPartOf":{"@id":"https:\/\/www.picweb.it\/emm\/blog\/index.php\/2017\/08\/12\/dal-flop-olimpico-allattacco-al-campo-centrale-del-tennis-al-foro-italico\/"},"author":{"name":"emmazzola","@id":"http:\/\/www.picweb.it\/emm\/blog\/#\/schema\/person\/e29c0dd15f13008bd4c7682e6130977f"},"headline":"Dal flop olimpico all\u2019attacco al Campo Centrale del Tennis al Foro Italico","datePublished":"2017-08-12T09:46:43+00:00","dateModified":"2017-09-17T11:00:52+00:00","mainEntityOfPage":{"@id":"https:\/\/www.picweb.it\/emm\/blog\/index.php\/2017\/08\/12\/dal-flop-olimpico-allattacco-al-campo-centrale-del-tennis-al-foro-italico\/"},"wordCount":1450,"commentCount":1,"publisher":{"@id":"http:\/\/www.picweb.it\/emm\/blog\/#\/schema\/person\/e29c0dd15f13008bd4c7682e6130977f"},"image":{"@id":"https:\/\/www.picweb.it\/emm\/blog\/index.php\/2017\/08\/12\/dal-flop-olimpico-allattacco-al-campo-centrale-del-tennis-al-foro-italico\/#primaryimage"},"thumbnailUrl":"http:\/\/www.picweb.it\/emm\/blog\/wp-content\/uploads\/2017\/08\/Via-Fonteiana-aiuola-di-Ennis.jpg","keywords":["architettura","archmazzola","Centrale del Tennis del Foro Italico","ettore maria mazzola","ettore mazzola","mazzola","Olimpiadi a Roma","Roma","Stadio della AS Roma","Urbanistica"],"articleSection":["Architettura","progettazione urbana","Roma","Soprintendenze","urbanistica"],"inLanguage":"it-IT","potentialAction":[{"@type":"CommentAction","name":"Comment","target":["https:\/\/www.picweb.it\/emm\/blog\/index.php\/2017\/08\/12\/dal-flop-olimpico-allattacco-al-campo-centrale-del-tennis-al-foro-italico\/#respond"]}]},{"@type":"WebPage","@id":"https:\/\/www.picweb.it\/emm\/blog\/index.php\/2017\/08\/12\/dal-flop-olimpico-allattacco-al-campo-centrale-del-tennis-al-foro-italico\/","url":"https:\/\/www.picweb.it\/emm\/blog\/index.php\/2017\/08\/12\/dal-flop-olimpico-allattacco-al-campo-centrale-del-tennis-al-foro-italico\/","name":"Dal flop olimpico all\u2019attacco al Campo Centrale del Tennis al Foro Italico - virtutem forma decorat","isPartOf":{"@id":"http:\/\/www.picweb.it\/emm\/blog\/#website"},"primaryImageOfPage":{"@id":"https:\/\/www.picweb.it\/emm\/blog\/index.php\/2017\/08\/12\/dal-flop-olimpico-allattacco-al-campo-centrale-del-tennis-al-foro-italico\/#primaryimage"},"image":{"@id":"https:\/\/www.picweb.it\/emm\/blog\/index.php\/2017\/08\/12\/dal-flop-olimpico-allattacco-al-campo-centrale-del-tennis-al-foro-italico\/#primaryimage"},"thumbnailUrl":"http:\/\/www.picweb.it\/emm\/blog\/wp-content\/uploads\/2017\/08\/Via-Fonteiana-aiuola-di-Ennis.jpg","datePublished":"2017-08-12T09:46:43+00:00","dateModified":"2017-09-17T11:00:52+00:00","breadcrumb":{"@id":"https:\/\/www.picweb.it\/emm\/blog\/index.php\/2017\/08\/12\/dal-flop-olimpico-allattacco-al-campo-centrale-del-tennis-al-foro-italico\/#breadcrumb"},"inLanguage":"it-IT","potentialAction":[{"@type":"ReadAction","target":["https:\/\/www.picweb.it\/emm\/blog\/index.php\/2017\/08\/12\/dal-flop-olimpico-allattacco-al-campo-centrale-del-tennis-al-foro-italico\/"]}]},{"@type":"ImageObject","inLanguage":"it-IT","@id":"https:\/\/www.picweb.it\/emm\/blog\/index.php\/2017\/08\/12\/dal-flop-olimpico-allattacco-al-campo-centrale-del-tennis-al-foro-italico\/#primaryimage","url":"https:\/\/www.picweb.it\/emm\/blog\/wp-content\/uploads\/2017\/08\/Via-Fonteiana-aiuola-di-Ennis.jpg","contentUrl":"https:\/\/www.picweb.it\/emm\/blog\/wp-content\/uploads\/2017\/08\/Via-Fonteiana-aiuola-di-Ennis.jpg","width":3445,"height":2600,"caption":"Sulla sinistra una \u201ctipica\u201d aiuola romana caratterizzata da erbacce e delimitata da una ringhierina sfasciata e un marciapiede in asfalto maculato, sulla destra una tipica aiuola di una cittadina irlandese (Ennis), molto curata e delimitata da un muretto e un marciapiede pavimentato in pietra"},{"@type":"BreadcrumbList","@id":"https:\/\/www.picweb.it\/emm\/blog\/index.php\/2017\/08\/12\/dal-flop-olimpico-allattacco-al-campo-centrale-del-tennis-al-foro-italico\/#breadcrumb","itemListElement":[{"@type":"ListItem","position":1,"name":"Home","item":"http:\/\/www.picweb.it\/emm\/blog\/"},{"@type":"ListItem","position":2,"name":"Dal flop olimpico all\u2019attacco al Campo Centrale del Tennis al Foro Italico"}]},{"@type":"WebSite","@id":"http:\/\/www.picweb.it\/emm\/blog\/#website","url":"http:\/\/www.picweb.it\/emm\/blog\/","name":"virtutem forma decorat","description":"The new Architectural blog","publisher":{"@id":"http:\/\/www.picweb.it\/emm\/blog\/#\/schema\/person\/e29c0dd15f13008bd4c7682e6130977f"},"potentialAction":[{"@type":"SearchAction","target":{"@type":"EntryPoint","urlTemplate":"http:\/\/www.picweb.it\/emm\/blog\/?s={search_term_string}"},"query-input":{"@type":"PropertyValueSpecification","valueRequired":true,"valueName":"search_term_string"}}],"inLanguage":"it-IT"},{"@type":["Person","Organization"],"@id":"http:\/\/www.picweb.it\/emm\/blog\/#\/schema\/person\/e29c0dd15f13008bd4c7682e6130977f","name":"emmazzola","image":{"@type":"ImageObject","inLanguage":"it-IT","@id":"https:\/\/www.picweb.it\/emm\/blog\/wp-content\/uploads\/2017\/05\/cropped-logoVirtutemFormaDecorat_Whigher.png","url":"https:\/\/www.picweb.it\/emm\/blog\/wp-content\/uploads\/2017\/05\/cropped-logoVirtutemFormaDecorat_Whigher.png","contentUrl":"https:\/\/www.picweb.it\/emm\/blog\/wp-content\/uploads\/2017\/05\/cropped-logoVirtutemFormaDecorat_Whigher.png","width":200,"height":79,"caption":"emmazzola"},"logo":{"@id":"https:\/\/www.picweb.it\/emm\/blog\/wp-content\/uploads\/2017\/05\/cropped-logoVirtutemFormaDecorat_Whigher.png"},"url":"https:\/\/www.picweb.it\/emm\/blog\/index.php\/author\/emmazzola\/"}]}},"jetpack_featured_media_url":"","jetpack_sharing_enabled":true,"jetpack_shortlink":"https:\/\/wp.me\/p8HWjS-9g","jetpack-related-posts":[],"jetpack_likes_enabled":true,"_links":{"self":[{"href":"https:\/\/www.picweb.it\/emm\/blog\/index.php\/wp-json\/wp\/v2\/posts\/574","targetHints":{"allow":["GET"]}}],"collection":[{"href":"https:\/\/www.picweb.it\/emm\/blog\/index.php\/wp-json\/wp\/v2\/posts"}],"about":[{"href":"https:\/\/www.picweb.it\/emm\/blog\/index.php\/wp-json\/wp\/v2\/types\/post"}],"author":[{"embeddable":true,"href":"https:\/\/www.picweb.it\/emm\/blog\/index.php\/wp-json\/wp\/v2\/users\/2"}],"replies":[{"embeddable":true,"href":"https:\/\/www.picweb.it\/emm\/blog\/index.php\/wp-json\/wp\/v2\/comments?post=574"}],"version-history":[{"count":1,"href":"https:\/\/www.picweb.it\/emm\/blog\/index.php\/wp-json\/wp\/v2\/posts\/574\/revisions"}],"predecessor-version":[{"id":583,"href":"https:\/\/www.picweb.it\/emm\/blog\/index.php\/wp-json\/wp\/v2\/posts\/574\/revisions\/583"}],"wp:attachment":[{"href":"https:\/\/www.picweb.it\/emm\/blog\/index.php\/wp-json\/wp\/v2\/media?parent=574"}],"wp:term":[{"taxonomy":"category","embeddable":true,"href":"https:\/\/www.picweb.it\/emm\/blog\/index.php\/wp-json\/wp\/v2\/categories?post=574"},{"taxonomy":"post_tag","embeddable":true,"href":"https:\/\/www.picweb.it\/emm\/blog\/index.php\/wp-json\/wp\/v2\/tags?post=574"}],"curies":[{"name":"wp","href":"https:\/\/api.w.org\/{rel}","templated":true}]}}