{"id":3916,"date":"2023-08-07T18:33:28","date_gmt":"2023-08-07T16:33:28","guid":{"rendered":"https:\/\/www.picweb.it\/emm\/blog\/?p=3916"},"modified":"2023-08-08T10:16:54","modified_gmt":"2023-08-08T08:16:54","slug":"sulla-pira-della-venere-degli-stracci-a-napoli-e-piu-colpevole-il-clochard-o-chi-ha-consentito-linstallazione","status":"publish","type":"post","link":"https:\/\/www.picweb.it\/emm\/blog\/index.php\/2023\/08\/07\/sulla-pira-della-venere-degli-stracci-a-napoli-e-piu-colpevole-il-clochard-o-chi-ha-consentito-linstallazione\/","title":{"rendered":"<strong>Sulla pira della Venere degli Stracci a Napoli \u2013 \u00e8 pi\u00f9 colpevole il clochard o chi ha consentito l\u2019installazione?<\/strong>"},"content":{"rendered":"\n<figure class=\"wp-block-image size-large\"><img fetchpriority=\"high\" decoding=\"async\" width=\"1024\" height=\"732\" data-attachment-id=\"3918\" data-permalink=\"https:\/\/www.picweb.it\/emm\/blog\/index.php\/2023\/08\/07\/sulla-pira-della-venere-degli-stracci-a-napoli-e-piu-colpevole-il-clochard-o-chi-ha-consentito-linstallazione\/rogo-venere-stracci-pistoletto-napoli\/\" data-orig-file=\"https:\/\/www.picweb.it\/emm\/blog\/wp-content\/uploads\/2023\/08\/rogo-venere-stracci-pistoletto-napoli.jpg\" data-orig-size=\"1075,768\" data-comments-opened=\"1\" data-image-meta=\"{&quot;aperture&quot;:&quot;0&quot;,&quot;credit&quot;:&quot;&quot;,&quot;camera&quot;:&quot;&quot;,&quot;caption&quot;:&quot;&quot;,&quot;created_timestamp&quot;:&quot;0&quot;,&quot;copyright&quot;:&quot;&quot;,&quot;focal_length&quot;:&quot;0&quot;,&quot;iso&quot;:&quot;0&quot;,&quot;shutter_speed&quot;:&quot;0&quot;,&quot;title&quot;:&quot;&quot;,&quot;orientation&quot;:&quot;0&quot;}\" data-image-title=\"rogo-venere-stracci-pistoletto-napoli\" data-image-description=\"\" data-image-caption=\"&lt;p&gt;Rogo della Venere degli Stracci avvenuto a Napoli lo scorso 12 luglio&lt;\/p&gt;\n\" data-large-file=\"https:\/\/www.picweb.it\/emm\/blog\/wp-content\/uploads\/2023\/08\/rogo-venere-stracci-pistoletto-napoli-1024x732.jpg\" src=\"http:\/\/www.picweb.it\/emm\/blog\/wp-content\/uploads\/2023\/08\/rogo-venere-stracci-pistoletto-napoli-1024x732.jpg\" alt=\"\" class=\"wp-image-3918\" srcset=\"https:\/\/www.picweb.it\/emm\/blog\/wp-content\/uploads\/2023\/08\/rogo-venere-stracci-pistoletto-napoli-1024x732.jpg 1024w, https:\/\/www.picweb.it\/emm\/blog\/wp-content\/uploads\/2023\/08\/rogo-venere-stracci-pistoletto-napoli-300x214.jpg 300w, https:\/\/www.picweb.it\/emm\/blog\/wp-content\/uploads\/2023\/08\/rogo-venere-stracci-pistoletto-napoli-768x549.jpg 768w, https:\/\/www.picweb.it\/emm\/blog\/wp-content\/uploads\/2023\/08\/rogo-venere-stracci-pistoletto-napoli-700x500.jpg 700w, https:\/\/www.picweb.it\/emm\/blog\/wp-content\/uploads\/2023\/08\/rogo-venere-stracci-pistoletto-napoli-520x371.jpg 520w, https:\/\/www.picweb.it\/emm\/blog\/wp-content\/uploads\/2023\/08\/rogo-venere-stracci-pistoletto-napoli-360x257.jpg 360w, https:\/\/www.picweb.it\/emm\/blog\/wp-content\/uploads\/2023\/08\/rogo-venere-stracci-pistoletto-napoli-250x179.jpg 250w, https:\/\/www.picweb.it\/emm\/blog\/wp-content\/uploads\/2023\/08\/rogo-venere-stracci-pistoletto-napoli-100x71.jpg 100w, https:\/\/www.picweb.it\/emm\/blog\/wp-content\/uploads\/2023\/08\/rogo-venere-stracci-pistoletto-napoli.jpg 1075w\" sizes=\"(max-width: 1024px) 100vw, 1024px\" \/><figcaption class=\"wp-element-caption\">Rogo della Venere degli Stracci avvenuto a Napoli lo scorso 12 luglio<\/figcaption><\/figure>\n\n\n\n<p>A seguito del rigetto della richiesta di scarcerazione di Simone Isaia, il clochard responsabile del rogo della \u201c<em>Venere degli Stracci<\/em>\u201d installata in Piazza Municipio a Napoli, nei giorni scorsi \u00e8 partita la petizione \u201c<strong><em>Simone Isaia ha bisogno di essere curato non del carcere<\/em><\/strong><a id=\"_ftnref1\" href=\"#_ftn1\"><sup>[1]<\/sup><\/a>\u201dsu iniziativa di Iod Edizioni, Pastorale Carceraria della Chiesa di Napoli, Associazione Liberi di Volare, Chiesa Cristiana Evangelica Libera di Casalnuovo, United Colors of Naples e Tribunali 138; \u00a0nella richiesta si legge:<\/p>\n\n\n\n<p><strong>\u00ab<em>Simone Isaia,<\/em><\/strong><em>&nbsp;il clochard accusato di aver dato alle fiamme l\u2019installazione della&nbsp;<strong>Venere degli stracci<\/strong>&nbsp;in piazza Municipio a Napoli,&nbsp;<strong>ha bisogno di essere curato non del carcere.<\/strong><\/em><\/p>\n\n\n\n<p><strong><em>La Casa di Accoglienza&nbsp;<\/em><\/strong><em>dell\u2019Associazione Liberi di volare della Pastorale carceraria della Chiesa di Napoli gestita da Don Franco Esposito<strong>&nbsp;\u00e8 disponibile a ospitare Simone Isaia per consentirgli di essere curato e riprendere in mano la sua vita.<\/strong><\/em><\/p>\n\n\n\n<p><em>Condividiamo le parole dei&nbsp;<strong>volontari della Mensa del Carmine,&nbsp;<\/strong>dove Simone si recava spesso a pranzo.<\/em><\/p>\n\n\n\n<p><em>&#8220;Simone da tempo aveva perso lucidit\u00e0 e riferimenti, finendo a dormire per strada. Simone Isaia ha bisogno di aiuto. Non del carcere, ma di una struttura che lo aiuti a rimettere in piedi la propria vita, perch\u00e9 \u00e8 una persona affetta&nbsp;<strong>\u201cda una tangibilissima neuro-divergenza\u201d.<\/strong>&nbsp;E ha bisogno di aiuto.<\/em><\/p>\n\n\n\n<p><em>Allora, se \u00e8 pur vero, come afferma<strong>&nbsp;il Sindaco Manfredi,<\/strong>&nbsp;che&nbsp;<strong>\u201cQuando si attaccano l\u2019arte e la bellezza, si attacca l\u2019uomo\u201d.<\/strong><\/em><\/p>\n\n\n\n<p><em>Ebbene, noi affermiamo che&nbsp;<strong>la migliore arte e bellezza<\/strong>&nbsp;delle istituzioni pubbliche, e non solo, sia quella di&nbsp;<strong>prendersi cura degli uomini straccioni<\/strong>, malati, e abbandonati a un destino senza ritorno.<\/em><\/p>\n\n\n\n<p><strong><em>Chiediamo il vostro sostegno con una firma affinch\u00e9 Simone Isaia sia tolto dal carcere e venga curato e rigenerato alla vita presso la Casa di Accoglienza della Pastorale carceraria<\/em><\/strong><strong>\u00bb.<\/strong><strong><\/strong><\/p>\n\n\n\n<p>L\u2019avvocato&nbsp;Di Nardo, difensore dell\u2019Isaia, ha dichiarato a <em>l\u2019Unit\u00e0<\/em> \u201c<em>Siamo molto delusi<\/em>.&nbsp;<em>Insieme alla famiglia di Simone mi aspettavo un esito diverso. La carcerazione era stata originariamente motivata per l\u2019assenza di un domicilio. Con il Garante Ciambriello eravamo riusciti a trovarlo. Quindi eravamo fiduciosi in una decisione positiva da parte dei giudici. Aspettiamo le motivazioni prima di esprimerci con commenti ufficiali. Successivamente valuteremo le modalit\u00e0 per continuare questo percorso legale. L\u2019unica certezza \u00e8 che Simone, rispetto all\u2019impianto accusatorio e ai suoi presunti problemi di fragilit\u00e0 mentale, non \u00e8 una persona che ha familiarit\u00e0 con l\u2019ambiente carcerario. \u00c8 un ragazzo colto, educato e sensibile che andrebbe aiutato. Invece restando in carcere corre il rischio di veder aggravare determinate condizioni psicologiche<\/em>\u201c<a id=\"_ftnref2\" href=\"#_ftn2\">[2]<\/a><\/p>\n\n\n\n<p>Questa vicenda, indipendentemente da quella umana dell\u2019Isaia, che si spera si risolva per il meglio, ha suscitato un grande dibattito al quale tuttavia non \u00e8 stata data sufficiente importanza.<\/p>\n\n\n\n<p>Poche ore dopo la pira infatti, i social sono stati sommersi da post e commenti di giubilo per l\u2019accaduto, molti dei quali chiedevano di conoscere l\u2019eroe che aveva cancellato quello sgorbio installato in Piazza Municipio, a due passi dal Maschio Angioino \u2026 commenti che hanno perfino fatto sospettare che il rogo fosse la conclusione di una delle tante, idiote, sfide sui social.<\/p>\n\n\n\n<p>Questa vicenda dovrebbe invero far riflettere, specie i politici ed i mercanti d\u2019arte, sul reale valore quella che viene definita, impropriamente, \u201c<em>arte contemporanea<\/em>&#8221; e su quello che \u00e8 il reale sentimento dei cittadini i quali, troppo spesso, si vedono imporre presenze aliene che vanno a modificare, spesso deturpandolo per sempre, lo spazio pubblico condiviso.<\/p>\n\n\n\n<p>Ma poi chiediamoci, \u00e8 possibile definire \u201c<em>opera d\u2019arte<\/em>\u201d una installazione del genere? O forse, visto che questo genere di \u201c<em>arte<\/em>\u201d altro non \u00e8 che una squallida branca del consumismo, si tratta di una semplice \u201c<em>performance<\/em>\u201d destinata a cadere nel dimenticatoio al termine della sua durata? \u2026 E nel caso si trattasse \u2013 come sarebbe pi\u00f9 corretto considerare \u2013 di <em>performance<\/em>, non potrebbe anche esser considerato tale \u2013 per quanto sconsiderato e pericoloso \u2013 il gesto di Isaia?<\/p>\n\n\n\n<p>A tal proposito ricordiamoci della patetica \u201c<em>banana<\/em>\u201d di Cattelan, staccata dal muro e mangiata a maggio scorso da uno studente di Seoul che ha poi dichiarato: \u201c<em>ho visto il lavoro di&nbsp;Cattelan&nbsp;come una&nbsp;<\/em><em>ribellione contro una certa autorit\u00e0, quindi ho fatto un gesto di \u2018ribellione\u2019 contro l\u2019arte \u2018ribelle\u2019 di&nbsp;Cattelan<\/em>\u201d, un gesto peraltro gi\u00e0 fatto David Datuna nel 2019, dopo che il l\u2019Art Basel di Miami aveva pagato la \u201c<em>banana<\/em>\u201d 120mila dollari \u2026 roba da far impallidire Johnny Stecchino!<\/p>\n\n\n\n<p>Tra l\u2019altro la banana da 120mila dollari viene sostituita ogni 2-3 giorni dalle menti geniali del museo spendaccione \u2026 in pratica si tratta di una immonda falsificazione dell\u2019opera che, per\u00f2, non indigna nessuno.<\/p>\n\n\n\n<p>Tornando alla \u201c<em>Venere degli Stracci<\/em>\u201d e restando in tema di autenticit\u00e0, coloro i quali piangono la perdita dell\u2019abominio di Piazza Municipio a Napoli non sanno che l\u2019opera \u2013 se cos\u00ec vogliamo definirla \u2013 non era affatto nuova, n\u00e9 autentica, poich\u00e9 la sua prima versione era stata realizzata da Pistoletto nel 1967.<\/p>\n\n\n\n<p>Quest\u2019opera, molto pi\u00f9 contenuta nelle dimensioni, \u00e8 costituita da un calco in cemento della&nbsp;<em>Venere con Mela,<\/em>&nbsp;realizzata intorno al 1805 dallo scultore&nbsp;neoclassico&nbsp;danese&nbsp;Bertel Thorvaldsen, affiancata da una montagna di stracci.<\/p>\n\n\n\n<p>Per chi ha voglia di credere alle spiegazioni dei parolai, l\u2019accostamento della statua neoclassica agli stracci vorrebbe denunciare il triste contrasto tra l\u2019arte classica e il disordine della vita moderna \u2026 qualcuno all\u2019epoca, innamorato di Petrolini, deve aver detto a Pistoletto \u201c<em>bene, bravo, bis!<\/em>\u201d&#8230; mai pensando di esser preso sulla parola dall\u2019artista.<\/p>\n\n\n\n<p>E gi\u00e0, perch\u00e9 della \u201c<em>Venere degli Stracci<\/em>\u201d esistono diverse versioni conservate presso una serie di <em>musei-per-intellettualoidi-radical-chic<\/em> dedicati al cattivo gusto, cos\u00ec \u00e8 possibile trovarne una presso la\u00a0Fondazione Pistoletto\u00a0di\u00a0Biella, un\u2019altra presso il\u00a0Museo d&#8217;Arte Contemporanea Donnaregina\u00a0di\u00a0Napoli, un\u2019altra ancora al\u00a0Museo d&#8217;Arte Contemporanea del Castello di Rivoli ed infine una presso la\u00a0Tate Gallery\u00a0di\u00a0Liverpool \u2026 oltre quella ipertrofica che \u00e8 bruciata in\u00a0piazza Municipio\u00a0lo scorso 12 luglio<a id=\"_ftnref3\" href=\"#_ftn3\">[3]<\/a>.<\/p>\n\n\n\n<p>Nell\u2019era dell\u2019immagine, dell\u2019usa-e-getta, del perbenismo e della cultura radical-chic infatti, troppa gente ama farsi prendere per i fondelli dai furbissimi mercanti d\u2019arte contemporanea, dai venditori di fumo \u2013 definiti \u201ccritici d\u2019arte\u201d \u2013 e dai presunti artisti.<\/p>\n\n\n\n<p>Grazie a questa attitudine \u2013 opportunamente costruita dagli stessi attori attraverso un vero e proprio lavaggio del cervello mediatico \u2013 l\u2019arte \u00e8 stata trasformata in finanza e l\u2019artista vero non ha pi\u00f9 alcun valore, poich\u00e9 il mercato non lo fa la qualit\u00e0 dell\u2019opera, ma l\u2019appartenenza al protettore di turno e all\u2019ignorantissima lobby dei mercanti d\u2019arte.<\/p>\n\n\n\n<p>Diversamente occorrerebbe invece prendere coraggio e ribellarsi \u2013 come lo studente di Seoul \u2013 a questa falsa \u201c<em>arte di ribellione<\/em>\u201d e protestare affinch\u00e9 nelle nostre citt\u00e0, nei nostri edifici storici e nel nostro paesaggio non venga mai pi\u00f9 consentita l\u2019installazione di fuffa spacciata per arte contemporanea.<\/p>\n\n\n\n<p>Infatti, contrariamente a quanto politici e soprintendenti prezzolati, d\u2019accordo con i mercanti d\u2019arte, vogliono farci credere, ovvero che \u201c<em>certe opere aiutino ad aumentare l\u2019offerta culturale<\/em>\u201d e ad \u201c<em>attirare capitali stranieri<\/em>\u201d<a href=\"#_ftn4\" id=\"_ftnref4\">[4]<\/a>, <strong>quelle opere sono come dei parassiti che si annidano all\u2019interno di un corpo sano e lo consumano lentamente fino a farlo morire<\/strong>.<\/p>\n\n\n\n<p>Quelle stesse opere infatti, se esposte nelle squallide periferie figlie dello stesso consumismo ignorante che le ha generate, non attirerebbero nessuno \u2013 eccetto gli intellettualoidi radical-chic dell\u2019inaugurazione \u2013 n\u00e9 migliorerebbero il contesto.<\/p>\n\n\n\n<p>Lo spazio pubblico non pu\u00f2 essere privatizzato, n\u00e9 tantomeno modificato senza il coinvolgimento della gente che dovr\u00e0 vivere in quei luoghi, sicch\u00e9 al sindaco Manfredi, che ha giustamente dichiarato \u201c<em>Quando si attaccano l\u2019arte e la bellezza, si attacca l\u2019uomo<\/em>\u201d vorrei far notare che <strong>il primo attacco all\u2019arte e alla bellezza di Napoli \u00e8 stato inferto dall\u2019ignobile installazione di Pistoletto, consentita dal Comune e dalla Soprintendenza in barba al sentimento comune dei napoletani e dei turisti innamorati della citt\u00e0<\/strong>.<\/p>\n\n\n\n<p>Ragion per cui, ai giudici che hanno negato la libert\u00e0 ad Isaia, suggerirei non solo di rimettere in libert\u00e0 il ragazzo, consentendogli di avere le cure offertegli, ma anche di riflettere a fondo sull\u2019articolo 1140 e successivi del Codice di Procedura Civile in materia di \u201c<strong><em>Possesso<\/em><\/strong>\u201d e, soprattutto, sull\u2019art. 1171 \u201c<strong><em>Denunzia di nuova opera<\/em><\/strong>\u201d che recita:<\/p>\n\n\n\n<p>\u00ab<em>Il proprietario [832], il titolare di altro&nbsp;diritto reale di godimento&nbsp;o <strong>il possessore<\/strong>, <strong>il quale ha ragione di temere che da una&nbsp;nuova opera, da altri intrapresa sul proprio come sull&#8217;altrui fondo, sia per derivare danno alla cosa che forma l&#8217;oggetto del suo diritto o del suo&nbsp;possesso,&nbsp;pu\u00f2 denunziare&nbsp;all&#8217;autorit\u00e0 giudiziaria la nuova opera<\/strong>, purch\u00e9 questa non sia terminata e non sia trascorso un anno dal suo inizio [2813]<\/em><\/p>\n\n\n\n<p><strong><em>L&#8217;autorit\u00e0 giudiziaria, <\/em><\/strong><strong>presa<\/strong><strong><em> sommaria cognizione del fatto, pu\u00f2 vietare la continuazione dell&#8217;opera<\/em><\/strong><em>, ovvero permetterla, ordinando le opportune cautele: nel primo caso per il&nbsp;risarcimento del danno&nbsp;prodotto dalla sospensione dell&#8217;opera, qualora le opposizioni al suo proseguimento risultino infondate nella&nbsp;decisione del merito; nel secondo caso, <strong>per la&nbsp;demolizione&nbsp;o&nbsp;riduzione&nbsp;dell&#8217;opera e per il risarcimento del danno, che possa soffrirne il&nbsp;denunziante<\/strong>, se questi ottiene sentenza favorevole, nonostante la permessa continuazione<\/em>\u00bb.<\/p>\n\n\n\n<p>Se \u00e8 vero infatti che<strong> lo spazio pubblico<\/strong> \u00e8 di tutti, o meglio<strong> \u00e8 posseduto da coloro i quali vi passano e soggiornano regolarmente, la modifica, violenta, di quello spazio pubblico, in nome di un interesse estraneo alla collettivit\u00e0<\/strong> \u2013 come nel caso dell\u2019orrenda installazione della \u201c<em>Venere degli Stracci<\/em>\u201d, <strong>si configura a mio avviso come una violazione del possesso della piazza nei confronti della cittadinanza<\/strong>.<\/p>\n\n\n\n<hr class=\"wp-block-separator has-alpha-channel-opacity\"\/>\n\n\n\n<p><a href=\"#_ftnref1\" id=\"_ftn1\">[1]<\/a> <a href=\"https:\/\/www.change.org\/p\/simone-isaia-ha-bisogno-di-essere-curato-non-del-carcere?recruiter=45238099&amp;utm_source=share_petition&amp;utm_medium=facebook&amp;utm_campaign=psf_combo_share_initial&amp;recruited_by_id=85de1aa0-5d71-0130-cf9b-3c764e049c4f&amp;utm_content=fht-37028266-it-it%3A3\">https:\/\/www.change.org\/p\/simone-isaia-ha-bisogno-di-essere-curato-non-del-carcere?recruiter=45238099&amp;utm_source=share_petition&amp;utm_medium=facebook&amp;utm_campaign=psf_combo_share_initial&amp;recruited_by_id=85de1aa0-5d71-0130-cf9b-3c764e049c4f&amp;utm_content=fht-37028266-it-it%3A3<\/a><\/p>\n\n\n\n<p><a href=\"#_ftnref2\" id=\"_ftn2\">[2]<\/a> <a href=\"https:\/\/www.unita.it\/2023\/08\/03\/simone-isaia-resta-in-carcere\/\">https:\/\/www.unita.it\/2023\/08\/03\/simone-isaia-resta-in-carcere\/<\/a><\/p>\n\n\n\n<p><a href=\"#_ftnref3\" id=\"_ftn3\">[3]<\/a> <a href=\"https:\/\/www.ilgiornale.it\/news\/sceneggiate-sullarte-roghi-e-acqua-rossa-2182300.html\">https:\/\/www.ilgiornale.it\/news\/sceneggiate-sullarte-roghi-e-acqua-rossa-2182300.html<\/a><\/p>\n\n\n\n<p><a href=\"#_ftnref4\" id=\"_ftn4\">[4]<\/a> <a href=\"https:\/\/www.picweb.it\/emm\/blog\/index.php\/2017\/07\/19\/il-nostro-patrimonio-ha-bisogno-di-un-vaccino-contro-le-contaminazioni-artistiche\/\">https:\/\/www.picweb.it\/emm\/blog\/index.php\/2017\/07\/19\/il-nostro-patrimonio-ha-bisogno-di-un-vaccino-contro-le-contaminazioni-artistiche\/<\/a><\/p>\n","protected":false},"excerpt":{"rendered":"<p>A seguito del rigetto della richiesta di scarcerazione di Simone Isaia, il clochard responsabile del rogo della \u201cVenere degli Stracci\u201d installata in Piazza Municipio a Napoli, nei giorni scorsi \u00e8 partita la petizione \u201cSimone Isaia ha bisogno di essere curato [&hellip;]<\/p>\n","protected":false},"author":2,"featured_media":0,"comment_status":"open","ping_status":"open","sticky":false,"template":"","format":"standard","meta":{"jetpack_post_was_ever_published":false,"_jetpack_newsletter_access":"","_jetpack_dont_email_post_to_subs":false,"_jetpack_newsletter_tier_id":0,"_jetpack_memberships_contains_paywalled_content":false,"_jetpack_memberships_contains_paid_content":false,"footnotes":""},"categories":[45,295,52,296,281,409,136],"tags":[],"class_list":["post-3916","post","type-post","status-publish","format-standard","hentry","category-arte","category-arte-concettuale","category-attualita","category-bellezza","category-decoro-urbano","category-falsificazione-della-storia","category-soprintendenze","clearfix"],"yoast_head":"<!-- This site is optimized with the Yoast SEO plugin v27.3 - https:\/\/yoast.com\/product\/yoast-seo-wordpress\/ -->\r\n<title>Sulla pira della Venere degli Stracci a Napoli \u2013 \u00e8 pi\u00f9 colpevole il clochard o chi ha consentito l\u2019installazione? - virtutem forma decorat<\/title>\r\n<meta name=\"robots\" content=\"index, follow, max-snippet:-1, max-image-preview:large, max-video-preview:-1\" \/>\r\n<link rel=\"canonical\" href=\"https:\/\/www.picweb.it\/emm\/blog\/index.php\/2023\/08\/07\/sulla-pira-della-venere-degli-stracci-a-napoli-e-piu-colpevole-il-clochard-o-chi-ha-consentito-linstallazione\/\" \/>\r\n<meta property=\"og:locale\" content=\"it_IT\" \/>\r\n<meta property=\"og:type\" content=\"article\" \/>\r\n<meta property=\"og:title\" content=\"Sulla pira della Venere degli Stracci a Napoli \u2013 \u00e8 pi\u00f9 colpevole il clochard o chi ha consentito l\u2019installazione? - virtutem forma decorat\" \/>\r\n<meta property=\"og:description\" content=\"A seguito del rigetto della richiesta di scarcerazione di Simone Isaia, il clochard responsabile del rogo della \u201cVenere degli Stracci\u201d installata in Piazza Municipio a Napoli, nei giorni scorsi \u00e8 partita la petizione \u201cSimone Isaia ha bisogno di essere curato [&hellip;]\" \/>\r\n<meta property=\"og:url\" content=\"https:\/\/www.picweb.it\/emm\/blog\/index.php\/2023\/08\/07\/sulla-pira-della-venere-degli-stracci-a-napoli-e-piu-colpevole-il-clochard-o-chi-ha-consentito-linstallazione\/\" \/>\r\n<meta property=\"og:site_name\" content=\"virtutem forma decorat\" \/>\r\n<meta property=\"article:published_time\" content=\"2023-08-07T16:33:28+00:00\" \/>\r\n<meta property=\"article:modified_time\" content=\"2023-08-08T08:16:54+00:00\" \/>\r\n<meta property=\"og:image\" content=\"http:\/\/www.picweb.it\/emm\/blog\/wp-content\/uploads\/2023\/08\/rogo-venere-stracci-pistoletto-napoli-1024x732.jpg\" \/>\r\n<meta name=\"author\" content=\"emmazzola\" \/>\r\n<meta name=\"twitter:card\" content=\"summary_large_image\" \/>\r\n<meta name=\"twitter:creator\" content=\"@ettore_mazzola\" \/>\r\n<meta name=\"twitter:site\" content=\"@ettore_mazzola\" \/>\r\n<meta name=\"twitter:label1\" content=\"Scritto da\" \/>\n\t<meta name=\"twitter:data1\" content=\"emmazzola\" \/>\n\t<meta name=\"twitter:label2\" content=\"Tempo di lettura stimato\" \/>\n\t<meta name=\"twitter:data2\" content=\"9 minuti\" \/>\r\n<script type=\"application\/ld+json\" class=\"yoast-schema-graph\">{\"@context\":\"https:\\\/\\\/schema.org\",\"@graph\":[{\"@type\":\"Article\",\"@id\":\"https:\\\/\\\/www.picweb.it\\\/emm\\\/blog\\\/index.php\\\/2023\\\/08\\\/07\\\/sulla-pira-della-venere-degli-stracci-a-napoli-e-piu-colpevole-il-clochard-o-chi-ha-consentito-linstallazione\\\/#article\",\"isPartOf\":{\"@id\":\"https:\\\/\\\/www.picweb.it\\\/emm\\\/blog\\\/index.php\\\/2023\\\/08\\\/07\\\/sulla-pira-della-venere-degli-stracci-a-napoli-e-piu-colpevole-il-clochard-o-chi-ha-consentito-linstallazione\\\/\"},\"author\":{\"name\":\"emmazzola\",\"@id\":\"http:\\\/\\\/www.picweb.it\\\/emm\\\/blog\\\/#\\\/schema\\\/person\\\/e29c0dd15f13008bd4c7682e6130977f\"},\"headline\":\"Sulla pira della Venere degli Stracci a Napoli \u2013 \u00e8 pi\u00f9 colpevole il clochard o chi ha consentito l\u2019installazione?\",\"datePublished\":\"2023-08-07T16:33:28+00:00\",\"dateModified\":\"2023-08-08T08:16:54+00:00\",\"mainEntityOfPage\":{\"@id\":\"https:\\\/\\\/www.picweb.it\\\/emm\\\/blog\\\/index.php\\\/2023\\\/08\\\/07\\\/sulla-pira-della-venere-degli-stracci-a-napoli-e-piu-colpevole-il-clochard-o-chi-ha-consentito-linstallazione\\\/\"},\"wordCount\":1652,\"commentCount\":6,\"publisher\":{\"@id\":\"http:\\\/\\\/www.picweb.it\\\/emm\\\/blog\\\/#\\\/schema\\\/person\\\/e29c0dd15f13008bd4c7682e6130977f\"},\"image\":{\"@id\":\"https:\\\/\\\/www.picweb.it\\\/emm\\\/blog\\\/index.php\\\/2023\\\/08\\\/07\\\/sulla-pira-della-venere-degli-stracci-a-napoli-e-piu-colpevole-il-clochard-o-chi-ha-consentito-linstallazione\\\/#primaryimage\"},\"thumbnailUrl\":\"http:\\\/\\\/www.picweb.it\\\/emm\\\/blog\\\/wp-content\\\/uploads\\\/2023\\\/08\\\/rogo-venere-stracci-pistoletto-napoli-1024x732.jpg\",\"articleSection\":[\"Arte\",\"arte concettuale\",\"attualit\u00e0\",\"bellezza\",\"Decoro urbano\",\"falsificazione della storia\",\"Soprintendenze\"],\"inLanguage\":\"it-IT\",\"potentialAction\":[{\"@type\":\"CommentAction\",\"name\":\"Comment\",\"target\":[\"https:\\\/\\\/www.picweb.it\\\/emm\\\/blog\\\/index.php\\\/2023\\\/08\\\/07\\\/sulla-pira-della-venere-degli-stracci-a-napoli-e-piu-colpevole-il-clochard-o-chi-ha-consentito-linstallazione\\\/#respond\"]}]},{\"@type\":\"WebPage\",\"@id\":\"https:\\\/\\\/www.picweb.it\\\/emm\\\/blog\\\/index.php\\\/2023\\\/08\\\/07\\\/sulla-pira-della-venere-degli-stracci-a-napoli-e-piu-colpevole-il-clochard-o-chi-ha-consentito-linstallazione\\\/\",\"url\":\"https:\\\/\\\/www.picweb.it\\\/emm\\\/blog\\\/index.php\\\/2023\\\/08\\\/07\\\/sulla-pira-della-venere-degli-stracci-a-napoli-e-piu-colpevole-il-clochard-o-chi-ha-consentito-linstallazione\\\/\",\"name\":\"Sulla pira della Venere degli Stracci a Napoli \u2013 \u00e8 pi\u00f9 colpevole il clochard o chi ha consentito l\u2019installazione? - virtutem forma decorat\",\"isPartOf\":{\"@id\":\"http:\\\/\\\/www.picweb.it\\\/emm\\\/blog\\\/#website\"},\"primaryImageOfPage\":{\"@id\":\"https:\\\/\\\/www.picweb.it\\\/emm\\\/blog\\\/index.php\\\/2023\\\/08\\\/07\\\/sulla-pira-della-venere-degli-stracci-a-napoli-e-piu-colpevole-il-clochard-o-chi-ha-consentito-linstallazione\\\/#primaryimage\"},\"image\":{\"@id\":\"https:\\\/\\\/www.picweb.it\\\/emm\\\/blog\\\/index.php\\\/2023\\\/08\\\/07\\\/sulla-pira-della-venere-degli-stracci-a-napoli-e-piu-colpevole-il-clochard-o-chi-ha-consentito-linstallazione\\\/#primaryimage\"},\"thumbnailUrl\":\"http:\\\/\\\/www.picweb.it\\\/emm\\\/blog\\\/wp-content\\\/uploads\\\/2023\\\/08\\\/rogo-venere-stracci-pistoletto-napoli-1024x732.jpg\",\"datePublished\":\"2023-08-07T16:33:28+00:00\",\"dateModified\":\"2023-08-08T08:16:54+00:00\",\"breadcrumb\":{\"@id\":\"https:\\\/\\\/www.picweb.it\\\/emm\\\/blog\\\/index.php\\\/2023\\\/08\\\/07\\\/sulla-pira-della-venere-degli-stracci-a-napoli-e-piu-colpevole-il-clochard-o-chi-ha-consentito-linstallazione\\\/#breadcrumb\"},\"inLanguage\":\"it-IT\",\"potentialAction\":[{\"@type\":\"ReadAction\",\"target\":[\"https:\\\/\\\/www.picweb.it\\\/emm\\\/blog\\\/index.php\\\/2023\\\/08\\\/07\\\/sulla-pira-della-venere-degli-stracci-a-napoli-e-piu-colpevole-il-clochard-o-chi-ha-consentito-linstallazione\\\/\"]}]},{\"@type\":\"ImageObject\",\"inLanguage\":\"it-IT\",\"@id\":\"https:\\\/\\\/www.picweb.it\\\/emm\\\/blog\\\/index.php\\\/2023\\\/08\\\/07\\\/sulla-pira-della-venere-degli-stracci-a-napoli-e-piu-colpevole-il-clochard-o-chi-ha-consentito-linstallazione\\\/#primaryimage\",\"url\":\"https:\\\/\\\/www.picweb.it\\\/emm\\\/blog\\\/wp-content\\\/uploads\\\/2023\\\/08\\\/rogo-venere-stracci-pistoletto-napoli.jpg\",\"contentUrl\":\"https:\\\/\\\/www.picweb.it\\\/emm\\\/blog\\\/wp-content\\\/uploads\\\/2023\\\/08\\\/rogo-venere-stracci-pistoletto-napoli.jpg\",\"width\":1075,\"height\":768,\"caption\":\"Rogo della Venere degli Stracci avvenuto a Napoli lo scorso 12 luglio\"},{\"@type\":\"BreadcrumbList\",\"@id\":\"https:\\\/\\\/www.picweb.it\\\/emm\\\/blog\\\/index.php\\\/2023\\\/08\\\/07\\\/sulla-pira-della-venere-degli-stracci-a-napoli-e-piu-colpevole-il-clochard-o-chi-ha-consentito-linstallazione\\\/#breadcrumb\",\"itemListElement\":[{\"@type\":\"ListItem\",\"position\":1,\"name\":\"Home\",\"item\":\"http:\\\/\\\/www.picweb.it\\\/emm\\\/blog\\\/\"},{\"@type\":\"ListItem\",\"position\":2,\"name\":\"Sulla pira della Venere degli Stracci a Napoli \u2013 \u00e8 pi\u00f9 colpevole il clochard o chi ha consentito l\u2019installazione?\"}]},{\"@type\":\"WebSite\",\"@id\":\"http:\\\/\\\/www.picweb.it\\\/emm\\\/blog\\\/#website\",\"url\":\"http:\\\/\\\/www.picweb.it\\\/emm\\\/blog\\\/\",\"name\":\"virtutem forma decorat\",\"description\":\"The new Architectural blog\",\"publisher\":{\"@id\":\"http:\\\/\\\/www.picweb.it\\\/emm\\\/blog\\\/#\\\/schema\\\/person\\\/e29c0dd15f13008bd4c7682e6130977f\"},\"potentialAction\":[{\"@type\":\"SearchAction\",\"target\":{\"@type\":\"EntryPoint\",\"urlTemplate\":\"http:\\\/\\\/www.picweb.it\\\/emm\\\/blog\\\/?s={search_term_string}\"},\"query-input\":{\"@type\":\"PropertyValueSpecification\",\"valueRequired\":true,\"valueName\":\"search_term_string\"}}],\"inLanguage\":\"it-IT\"},{\"@type\":[\"Person\",\"Organization\"],\"@id\":\"http:\\\/\\\/www.picweb.it\\\/emm\\\/blog\\\/#\\\/schema\\\/person\\\/e29c0dd15f13008bd4c7682e6130977f\",\"name\":\"emmazzola\",\"image\":{\"@type\":\"ImageObject\",\"inLanguage\":\"it-IT\",\"@id\":\"https:\\\/\\\/www.picweb.it\\\/emm\\\/blog\\\/wp-content\\\/uploads\\\/2017\\\/05\\\/cropped-logoVirtutemFormaDecorat_Whigher.png\",\"url\":\"https:\\\/\\\/www.picweb.it\\\/emm\\\/blog\\\/wp-content\\\/uploads\\\/2017\\\/05\\\/cropped-logoVirtutemFormaDecorat_Whigher.png\",\"contentUrl\":\"https:\\\/\\\/www.picweb.it\\\/emm\\\/blog\\\/wp-content\\\/uploads\\\/2017\\\/05\\\/cropped-logoVirtutemFormaDecorat_Whigher.png\",\"width\":200,\"height\":79,\"caption\":\"emmazzola\"},\"logo\":{\"@id\":\"https:\\\/\\\/www.picweb.it\\\/emm\\\/blog\\\/wp-content\\\/uploads\\\/2017\\\/05\\\/cropped-logoVirtutemFormaDecorat_Whigher.png\"},\"url\":\"https:\\\/\\\/www.picweb.it\\\/emm\\\/blog\\\/index.php\\\/author\\\/emmazzola\\\/\"}]}<\/script>\r\n<!-- \/ Yoast SEO plugin. -->","yoast_head_json":{"title":"Sulla pira della Venere degli Stracci a Napoli \u2013 \u00e8 pi\u00f9 colpevole il clochard o chi ha consentito l\u2019installazione? - virtutem forma decorat","robots":{"index":"index","follow":"follow","max-snippet":"max-snippet:-1","max-image-preview":"max-image-preview:large","max-video-preview":"max-video-preview:-1"},"canonical":"https:\/\/www.picweb.it\/emm\/blog\/index.php\/2023\/08\/07\/sulla-pira-della-venere-degli-stracci-a-napoli-e-piu-colpevole-il-clochard-o-chi-ha-consentito-linstallazione\/","og_locale":"it_IT","og_type":"article","og_title":"Sulla pira della Venere degli Stracci a Napoli \u2013 \u00e8 pi\u00f9 colpevole il clochard o chi ha consentito l\u2019installazione? - virtutem forma decorat","og_description":"A seguito del rigetto della richiesta di scarcerazione di Simone Isaia, il clochard responsabile del rogo della \u201cVenere degli Stracci\u201d installata in Piazza Municipio a Napoli, nei giorni scorsi \u00e8 partita la petizione \u201cSimone Isaia ha bisogno di essere curato [&hellip;]","og_url":"https:\/\/www.picweb.it\/emm\/blog\/index.php\/2023\/08\/07\/sulla-pira-della-venere-degli-stracci-a-napoli-e-piu-colpevole-il-clochard-o-chi-ha-consentito-linstallazione\/","og_site_name":"virtutem forma decorat","article_published_time":"2023-08-07T16:33:28+00:00","article_modified_time":"2023-08-08T08:16:54+00:00","og_image":[{"url":"http:\/\/www.picweb.it\/emm\/blog\/wp-content\/uploads\/2023\/08\/rogo-venere-stracci-pistoletto-napoli-1024x732.jpg","type":"","width":"","height":""}],"author":"emmazzola","twitter_card":"summary_large_image","twitter_creator":"@ettore_mazzola","twitter_site":"@ettore_mazzola","twitter_misc":{"Scritto da":"emmazzola","Tempo di lettura stimato":"9 minuti"},"schema":{"@context":"https:\/\/schema.org","@graph":[{"@type":"Article","@id":"https:\/\/www.picweb.it\/emm\/blog\/index.php\/2023\/08\/07\/sulla-pira-della-venere-degli-stracci-a-napoli-e-piu-colpevole-il-clochard-o-chi-ha-consentito-linstallazione\/#article","isPartOf":{"@id":"https:\/\/www.picweb.it\/emm\/blog\/index.php\/2023\/08\/07\/sulla-pira-della-venere-degli-stracci-a-napoli-e-piu-colpevole-il-clochard-o-chi-ha-consentito-linstallazione\/"},"author":{"name":"emmazzola","@id":"http:\/\/www.picweb.it\/emm\/blog\/#\/schema\/person\/e29c0dd15f13008bd4c7682e6130977f"},"headline":"Sulla pira della Venere degli Stracci a Napoli \u2013 \u00e8 pi\u00f9 colpevole il clochard o chi ha consentito l\u2019installazione?","datePublished":"2023-08-07T16:33:28+00:00","dateModified":"2023-08-08T08:16:54+00:00","mainEntityOfPage":{"@id":"https:\/\/www.picweb.it\/emm\/blog\/index.php\/2023\/08\/07\/sulla-pira-della-venere-degli-stracci-a-napoli-e-piu-colpevole-il-clochard-o-chi-ha-consentito-linstallazione\/"},"wordCount":1652,"commentCount":6,"publisher":{"@id":"http:\/\/www.picweb.it\/emm\/blog\/#\/schema\/person\/e29c0dd15f13008bd4c7682e6130977f"},"image":{"@id":"https:\/\/www.picweb.it\/emm\/blog\/index.php\/2023\/08\/07\/sulla-pira-della-venere-degli-stracci-a-napoli-e-piu-colpevole-il-clochard-o-chi-ha-consentito-linstallazione\/#primaryimage"},"thumbnailUrl":"http:\/\/www.picweb.it\/emm\/blog\/wp-content\/uploads\/2023\/08\/rogo-venere-stracci-pistoletto-napoli-1024x732.jpg","articleSection":["Arte","arte concettuale","attualit\u00e0","bellezza","Decoro urbano","falsificazione della storia","Soprintendenze"],"inLanguage":"it-IT","potentialAction":[{"@type":"CommentAction","name":"Comment","target":["https:\/\/www.picweb.it\/emm\/blog\/index.php\/2023\/08\/07\/sulla-pira-della-venere-degli-stracci-a-napoli-e-piu-colpevole-il-clochard-o-chi-ha-consentito-linstallazione\/#respond"]}]},{"@type":"WebPage","@id":"https:\/\/www.picweb.it\/emm\/blog\/index.php\/2023\/08\/07\/sulla-pira-della-venere-degli-stracci-a-napoli-e-piu-colpevole-il-clochard-o-chi-ha-consentito-linstallazione\/","url":"https:\/\/www.picweb.it\/emm\/blog\/index.php\/2023\/08\/07\/sulla-pira-della-venere-degli-stracci-a-napoli-e-piu-colpevole-il-clochard-o-chi-ha-consentito-linstallazione\/","name":"Sulla pira della Venere degli Stracci a Napoli \u2013 \u00e8 pi\u00f9 colpevole il clochard o chi ha consentito l\u2019installazione? - virtutem forma decorat","isPartOf":{"@id":"http:\/\/www.picweb.it\/emm\/blog\/#website"},"primaryImageOfPage":{"@id":"https:\/\/www.picweb.it\/emm\/blog\/index.php\/2023\/08\/07\/sulla-pira-della-venere-degli-stracci-a-napoli-e-piu-colpevole-il-clochard-o-chi-ha-consentito-linstallazione\/#primaryimage"},"image":{"@id":"https:\/\/www.picweb.it\/emm\/blog\/index.php\/2023\/08\/07\/sulla-pira-della-venere-degli-stracci-a-napoli-e-piu-colpevole-il-clochard-o-chi-ha-consentito-linstallazione\/#primaryimage"},"thumbnailUrl":"http:\/\/www.picweb.it\/emm\/blog\/wp-content\/uploads\/2023\/08\/rogo-venere-stracci-pistoletto-napoli-1024x732.jpg","datePublished":"2023-08-07T16:33:28+00:00","dateModified":"2023-08-08T08:16:54+00:00","breadcrumb":{"@id":"https:\/\/www.picweb.it\/emm\/blog\/index.php\/2023\/08\/07\/sulla-pira-della-venere-degli-stracci-a-napoli-e-piu-colpevole-il-clochard-o-chi-ha-consentito-linstallazione\/#breadcrumb"},"inLanguage":"it-IT","potentialAction":[{"@type":"ReadAction","target":["https:\/\/www.picweb.it\/emm\/blog\/index.php\/2023\/08\/07\/sulla-pira-della-venere-degli-stracci-a-napoli-e-piu-colpevole-il-clochard-o-chi-ha-consentito-linstallazione\/"]}]},{"@type":"ImageObject","inLanguage":"it-IT","@id":"https:\/\/www.picweb.it\/emm\/blog\/index.php\/2023\/08\/07\/sulla-pira-della-venere-degli-stracci-a-napoli-e-piu-colpevole-il-clochard-o-chi-ha-consentito-linstallazione\/#primaryimage","url":"https:\/\/www.picweb.it\/emm\/blog\/wp-content\/uploads\/2023\/08\/rogo-venere-stracci-pistoletto-napoli.jpg","contentUrl":"https:\/\/www.picweb.it\/emm\/blog\/wp-content\/uploads\/2023\/08\/rogo-venere-stracci-pistoletto-napoli.jpg","width":1075,"height":768,"caption":"Rogo della Venere degli Stracci avvenuto a Napoli lo scorso 12 luglio"},{"@type":"BreadcrumbList","@id":"https:\/\/www.picweb.it\/emm\/blog\/index.php\/2023\/08\/07\/sulla-pira-della-venere-degli-stracci-a-napoli-e-piu-colpevole-il-clochard-o-chi-ha-consentito-linstallazione\/#breadcrumb","itemListElement":[{"@type":"ListItem","position":1,"name":"Home","item":"http:\/\/www.picweb.it\/emm\/blog\/"},{"@type":"ListItem","position":2,"name":"Sulla pira della Venere degli Stracci a Napoli \u2013 \u00e8 pi\u00f9 colpevole il clochard o chi ha consentito l\u2019installazione?"}]},{"@type":"WebSite","@id":"http:\/\/www.picweb.it\/emm\/blog\/#website","url":"http:\/\/www.picweb.it\/emm\/blog\/","name":"virtutem forma decorat","description":"The new Architectural blog","publisher":{"@id":"http:\/\/www.picweb.it\/emm\/blog\/#\/schema\/person\/e29c0dd15f13008bd4c7682e6130977f"},"potentialAction":[{"@type":"SearchAction","target":{"@type":"EntryPoint","urlTemplate":"http:\/\/www.picweb.it\/emm\/blog\/?s={search_term_string}"},"query-input":{"@type":"PropertyValueSpecification","valueRequired":true,"valueName":"search_term_string"}}],"inLanguage":"it-IT"},{"@type":["Person","Organization"],"@id":"http:\/\/www.picweb.it\/emm\/blog\/#\/schema\/person\/e29c0dd15f13008bd4c7682e6130977f","name":"emmazzola","image":{"@type":"ImageObject","inLanguage":"it-IT","@id":"https:\/\/www.picweb.it\/emm\/blog\/wp-content\/uploads\/2017\/05\/cropped-logoVirtutemFormaDecorat_Whigher.png","url":"https:\/\/www.picweb.it\/emm\/blog\/wp-content\/uploads\/2017\/05\/cropped-logoVirtutemFormaDecorat_Whigher.png","contentUrl":"https:\/\/www.picweb.it\/emm\/blog\/wp-content\/uploads\/2017\/05\/cropped-logoVirtutemFormaDecorat_Whigher.png","width":200,"height":79,"caption":"emmazzola"},"logo":{"@id":"https:\/\/www.picweb.it\/emm\/blog\/wp-content\/uploads\/2017\/05\/cropped-logoVirtutemFormaDecorat_Whigher.png"},"url":"https:\/\/www.picweb.it\/emm\/blog\/index.php\/author\/emmazzola\/"}]}},"jetpack_featured_media_url":"","jetpack_sharing_enabled":true,"jetpack_shortlink":"https:\/\/wp.me\/p8HWjS-11a","jetpack-related-posts":[],"jetpack_likes_enabled":true,"_links":{"self":[{"href":"https:\/\/www.picweb.it\/emm\/blog\/index.php\/wp-json\/wp\/v2\/posts\/3916","targetHints":{"allow":["GET"]}}],"collection":[{"href":"https:\/\/www.picweb.it\/emm\/blog\/index.php\/wp-json\/wp\/v2\/posts"}],"about":[{"href":"https:\/\/www.picweb.it\/emm\/blog\/index.php\/wp-json\/wp\/v2\/types\/post"}],"author":[{"embeddable":true,"href":"https:\/\/www.picweb.it\/emm\/blog\/index.php\/wp-json\/wp\/v2\/users\/2"}],"replies":[{"embeddable":true,"href":"https:\/\/www.picweb.it\/emm\/blog\/index.php\/wp-json\/wp\/v2\/comments?post=3916"}],"version-history":[{"count":6,"href":"https:\/\/www.picweb.it\/emm\/blog\/index.php\/wp-json\/wp\/v2\/posts\/3916\/revisions"}],"predecessor-version":[{"id":3925,"href":"https:\/\/www.picweb.it\/emm\/blog\/index.php\/wp-json\/wp\/v2\/posts\/3916\/revisions\/3925"}],"wp:attachment":[{"href":"https:\/\/www.picweb.it\/emm\/blog\/index.php\/wp-json\/wp\/v2\/media?parent=3916"}],"wp:term":[{"taxonomy":"category","embeddable":true,"href":"https:\/\/www.picweb.it\/emm\/blog\/index.php\/wp-json\/wp\/v2\/categories?post=3916"},{"taxonomy":"post_tag","embeddable":true,"href":"https:\/\/www.picweb.it\/emm\/blog\/index.php\/wp-json\/wp\/v2\/tags?post=3916"}],"curies":[{"name":"wp","href":"https:\/\/api.w.org\/{rel}","templated":true}]}}