{"id":3781,"date":"2023-02-20T08:29:46","date_gmt":"2023-02-20T07:29:46","guid":{"rendered":"https:\/\/www.picweb.it\/emm\/blog\/?p=3781"},"modified":"2023-02-20T11:25:18","modified_gmt":"2023-02-20T10:25:18","slug":"rigenerazioni-urbane-possibili-capitolo-2","status":"publish","type":"post","link":"https:\/\/www.picweb.it\/emm\/blog\/index.php\/2023\/02\/20\/rigenerazioni-urbane-possibili-capitolo-2\/","title":{"rendered":"<strong>Rigenerazioni Urbane Possibili \u2013 Capitolo 2<\/strong>"},"content":{"rendered":"\n<p><strong>Il progetto dei graduate students della University of Notre Dame per l\u2019ex Villaggio Olimpico<\/strong><\/p>\n\n\n\n<p><strong>Premessa<\/strong><\/p>\n\n\n\n<p>Purtroppo, a causa della incapacit\u00e0 di rimettere in discussione l\u2019onest\u00e0 intellettuale degli insegnamenti ricevuti, molti architetti continuano a difendere strenuamente una serie di progetti urbanistici sviluppati \u2013 nel momento pi\u00f9 buio dell\u2019ideologia applicata all\u2019urbanistica e all\u2019architettura in Italia \u2013 da alcuni professionisti, ritenuti degli \u201c<em>intoccabili<\/em>\u201d dal mondo accademico.<\/p>\n\n\n\n<p>Questo \u00e8 il caso, per esempio, dell\u2019ex Villaggio Olimpico di Roma<a id=\"_ftnref1\" href=\"#_ftn1\">[1]<\/a>. Il progetto, sviluppato tra il 1957 e il 1960 da Vittorio Cafiero, Adalberto Libera, Amedeo Luccichenti, Vincenzo Monaco e Luigi Moretti, che oggi si presenta come una sorta di piccoli \u201c<em>Corviale<\/em>\u201d, sparsi alla rinfusa su dei \u201c<em>prati<\/em>\u201d posti al di sotto della collina di Villa Glori, in prossimit\u00e0 del corso del Tevere \u2026 a ben vedere, infatti, si tratta di una serie <em>stecche<\/em> suburbane di edifici su pilotis, tipiche della follia architettonica proposta\/imposta da Le Corbusier, che ben poco hanno a che fare con l\u2019idea di citt\u00e0 ma che, ancora negli anni \u201980 quando studiavo a Valle Giulia, ci venivano suggerite come soluzioni belle, economiche e funzionali.<\/p>\n\n\n\n<figure class=\"wp-block-image size-large\"><img fetchpriority=\"high\" decoding=\"async\" width=\"1024\" height=\"681\" data-attachment-id=\"3782\" data-permalink=\"https:\/\/www.picweb.it\/emm\/blog\/index.php\/2023\/02\/20\/rigenerazioni-urbane-possibili-capitolo-2\/villaggio-olimpico-roma\/\" data-orig-file=\"https:\/\/www.picweb.it\/emm\/blog\/wp-content\/uploads\/2023\/02\/Villaggio-Olimpico-oggi.jpg\" data-orig-size=\"1066,709\" data-comments-opened=\"1\" data-image-meta=\"{&quot;aperture&quot;:&quot;0&quot;,&quot;credit&quot;:&quot;ALESSANDRO LANZETTA&quot;,&quot;camera&quot;:&quot;&quot;,&quot;caption&quot;:&quot;&quot;,&quot;created_timestamp&quot;:&quot;0&quot;,&quot;copyright&quot;:&quot;2018 Mibac&quot;,&quot;focal_length&quot;:&quot;0&quot;,&quot;iso&quot;:&quot;0&quot;,&quot;shutter_speed&quot;:&quot;0&quot;,&quot;title&quot;:&quot;Villaggio Olimpico Roma&quot;,&quot;orientation&quot;:&quot;0&quot;}\" data-image-title=\"Villaggio Olimpico Roma\" data-image-description=\"\" data-image-caption=\"&lt;p&gt;Scorcio di un gruppo di edifici dell\u2019ex Villaggio Olimpico (Foto presa in rete, fonte MIBAC 2018 \u00ae)&lt;\/p&gt;\n\" data-large-file=\"https:\/\/www.picweb.it\/emm\/blog\/wp-content\/uploads\/2023\/02\/Villaggio-Olimpico-oggi-1024x681.jpg\" src=\"http:\/\/www.picweb.it\/emm\/blog\/wp-content\/uploads\/2023\/02\/Villaggio-Olimpico-oggi-1024x681.jpg\" alt=\"\" class=\"wp-image-3782\" srcset=\"https:\/\/www.picweb.it\/emm\/blog\/wp-content\/uploads\/2023\/02\/Villaggio-Olimpico-oggi-1024x681.jpg 1024w, https:\/\/www.picweb.it\/emm\/blog\/wp-content\/uploads\/2023\/02\/Villaggio-Olimpico-oggi-300x200.jpg 300w, https:\/\/www.picweb.it\/emm\/blog\/wp-content\/uploads\/2023\/02\/Villaggio-Olimpico-oggi-768x511.jpg 768w, https:\/\/www.picweb.it\/emm\/blog\/wp-content\/uploads\/2023\/02\/Villaggio-Olimpico-oggi-700x466.jpg 700w, https:\/\/www.picweb.it\/emm\/blog\/wp-content\/uploads\/2023\/02\/Villaggio-Olimpico-oggi-520x346.jpg 520w, https:\/\/www.picweb.it\/emm\/blog\/wp-content\/uploads\/2023\/02\/Villaggio-Olimpico-oggi-360x239.jpg 360w, https:\/\/www.picweb.it\/emm\/blog\/wp-content\/uploads\/2023\/02\/Villaggio-Olimpico-oggi-250x166.jpg 250w, https:\/\/www.picweb.it\/emm\/blog\/wp-content\/uploads\/2023\/02\/Villaggio-Olimpico-oggi-100x67.jpg 100w, https:\/\/www.picweb.it\/emm\/blog\/wp-content\/uploads\/2023\/02\/Villaggio-Olimpico-oggi.jpg 1066w\" sizes=\"(max-width: 1024px) 100vw, 1024px\" \/><figcaption class=\"wp-element-caption\">Scorcio di un gruppo di edifici dell\u2019ex Villaggio Olimpico (Foto presa in rete, fonte MIBAC 2018 \u00ae)<\/figcaption><\/figure>\n\n\n\n<figure class=\"wp-block-image size-large\"><img decoding=\"async\" width=\"1024\" height=\"679\" data-attachment-id=\"3783\" data-permalink=\"https:\/\/www.picweb.it\/emm\/blog\/index.php\/2023\/02\/20\/rigenerazioni-urbane-possibili-capitolo-2\/villaggio-olimpico-roma-2\/\" data-orig-file=\"https:\/\/www.picweb.it\/emm\/blog\/wp-content\/uploads\/2023\/02\/Villaggio-Olimpico-oggi-3.jpg\" data-orig-size=\"1073,711\" data-comments-opened=\"1\" data-image-meta=\"{&quot;aperture&quot;:&quot;0&quot;,&quot;credit&quot;:&quot;ALESSANDRO LANZETTA&quot;,&quot;camera&quot;:&quot;&quot;,&quot;caption&quot;:&quot;&quot;,&quot;created_timestamp&quot;:&quot;0&quot;,&quot;copyright&quot;:&quot;2018 Mibac&quot;,&quot;focal_length&quot;:&quot;0&quot;,&quot;iso&quot;:&quot;0&quot;,&quot;shutter_speed&quot;:&quot;0&quot;,&quot;title&quot;:&quot;Villaggio Olimpico Roma&quot;,&quot;orientation&quot;:&quot;0&quot;}\" data-image-title=\"Villaggio Olimpico Roma\" data-image-description=\"\" data-image-caption=\"&lt;p&gt;Una delle stecche su pilotis del Villaggio Olimpico apparentemente circondata da prati verdi \u2026 che, in realt\u00e0, sono prevalentemente erbacce infestanti (Foto presa in rete, fonte MIBAC 2018 \u00ae)&lt;\/p&gt;\n\" data-large-file=\"https:\/\/www.picweb.it\/emm\/blog\/wp-content\/uploads\/2023\/02\/Villaggio-Olimpico-oggi-3-1024x679.jpg\" src=\"http:\/\/www.picweb.it\/emm\/blog\/wp-content\/uploads\/2023\/02\/Villaggio-Olimpico-oggi-3-1024x679.jpg\" alt=\"\" class=\"wp-image-3783\" srcset=\"https:\/\/www.picweb.it\/emm\/blog\/wp-content\/uploads\/2023\/02\/Villaggio-Olimpico-oggi-3-1024x679.jpg 1024w, https:\/\/www.picweb.it\/emm\/blog\/wp-content\/uploads\/2023\/02\/Villaggio-Olimpico-oggi-3-300x199.jpg 300w, https:\/\/www.picweb.it\/emm\/blog\/wp-content\/uploads\/2023\/02\/Villaggio-Olimpico-oggi-3-768x509.jpg 768w, https:\/\/www.picweb.it\/emm\/blog\/wp-content\/uploads\/2023\/02\/Villaggio-Olimpico-oggi-3-700x464.jpg 700w, https:\/\/www.picweb.it\/emm\/blog\/wp-content\/uploads\/2023\/02\/Villaggio-Olimpico-oggi-3-520x345.jpg 520w, https:\/\/www.picweb.it\/emm\/blog\/wp-content\/uploads\/2023\/02\/Villaggio-Olimpico-oggi-3-360x239.jpg 360w, https:\/\/www.picweb.it\/emm\/blog\/wp-content\/uploads\/2023\/02\/Villaggio-Olimpico-oggi-3-250x166.jpg 250w, https:\/\/www.picweb.it\/emm\/blog\/wp-content\/uploads\/2023\/02\/Villaggio-Olimpico-oggi-3-100x66.jpg 100w, https:\/\/www.picweb.it\/emm\/blog\/wp-content\/uploads\/2023\/02\/Villaggio-Olimpico-oggi-3.jpg 1073w\" sizes=\"(max-width: 1024px) 100vw, 1024px\" \/><figcaption class=\"wp-element-caption\">Una delle stecche su pilotis del Villaggio Olimpico apparentemente circondata da prati verdi \u2026 che, in realt\u00e0, sono prevalentemente erbacce infestanti (Foto presa in rete, fonte MIBAC 2018 \u00ae)<\/figcaption><\/figure>\n\n\n\n<figure class=\"wp-block-image size-large\"><img decoding=\"async\" width=\"1024\" height=\"679\" data-attachment-id=\"3784\" data-permalink=\"https:\/\/www.picweb.it\/emm\/blog\/index.php\/2023\/02\/20\/rigenerazioni-urbane-possibili-capitolo-2\/villaggio-olimpico-roma-3\/\" data-orig-file=\"https:\/\/www.picweb.it\/emm\/blog\/wp-content\/uploads\/2023\/02\/Villaggio-Olimpico-oggi-2.jpg\" data-orig-size=\"1073,712\" data-comments-opened=\"1\" data-image-meta=\"{&quot;aperture&quot;:&quot;0&quot;,&quot;credit&quot;:&quot;ALESSANDRO LANZETTA&quot;,&quot;camera&quot;:&quot;&quot;,&quot;caption&quot;:&quot;&quot;,&quot;created_timestamp&quot;:&quot;0&quot;,&quot;copyright&quot;:&quot;2018 Mibac&quot;,&quot;focal_length&quot;:&quot;0&quot;,&quot;iso&quot;:&quot;0&quot;,&quot;shutter_speed&quot;:&quot;0&quot;,&quot;title&quot;:&quot;Villaggio Olimpico Roma&quot;,&quot;orientation&quot;:&quot;0&quot;}\" data-image-title=\"Villaggio Olimpico Roma\" data-image-description=\"\" data-image-caption=\"&lt;p&gt;Desolante vista di \u201cpiazza\u201d Jan Palach che si presenta come un luogo metafisico privo di vita, col piano pilotis invaso da motorini e le erbacce infestanti sul pavimento \u2026 (Foto presa in rete, fonte MIBAC 2018 \u00ae)&lt;\/p&gt;\n\" data-large-file=\"https:\/\/www.picweb.it\/emm\/blog\/wp-content\/uploads\/2023\/02\/Villaggio-Olimpico-oggi-2-1024x679.jpg\" src=\"http:\/\/www.picweb.it\/emm\/blog\/wp-content\/uploads\/2023\/02\/Villaggio-Olimpico-oggi-2-1024x679.jpg\" alt=\"\" class=\"wp-image-3784\" srcset=\"https:\/\/www.picweb.it\/emm\/blog\/wp-content\/uploads\/2023\/02\/Villaggio-Olimpico-oggi-2-1024x679.jpg 1024w, https:\/\/www.picweb.it\/emm\/blog\/wp-content\/uploads\/2023\/02\/Villaggio-Olimpico-oggi-2-300x199.jpg 300w, https:\/\/www.picweb.it\/emm\/blog\/wp-content\/uploads\/2023\/02\/Villaggio-Olimpico-oggi-2-768x510.jpg 768w, https:\/\/www.picweb.it\/emm\/blog\/wp-content\/uploads\/2023\/02\/Villaggio-Olimpico-oggi-2-700x464.jpg 700w, https:\/\/www.picweb.it\/emm\/blog\/wp-content\/uploads\/2023\/02\/Villaggio-Olimpico-oggi-2-520x345.jpg 520w, https:\/\/www.picweb.it\/emm\/blog\/wp-content\/uploads\/2023\/02\/Villaggio-Olimpico-oggi-2-360x239.jpg 360w, https:\/\/www.picweb.it\/emm\/blog\/wp-content\/uploads\/2023\/02\/Villaggio-Olimpico-oggi-2-250x166.jpg 250w, https:\/\/www.picweb.it\/emm\/blog\/wp-content\/uploads\/2023\/02\/Villaggio-Olimpico-oggi-2-100x66.jpg 100w, https:\/\/www.picweb.it\/emm\/blog\/wp-content\/uploads\/2023\/02\/Villaggio-Olimpico-oggi-2.jpg 1073w\" sizes=\"(max-width: 1024px) 100vw, 1024px\" \/><figcaption class=\"wp-element-caption\">Desolante vista di \u201cpiazza\u201d Jan Palach che si presenta come un luogo metafisico privo di vita, col piano pilotis invaso da motorini e le erbacce infestanti sul pavimento \u2026 (Foto presa in rete, fonte MIBAC 2018 \u00ae)<\/figcaption><\/figure>\n\n\n\n<p>Questo quartiere, agli occhi di chi non risulti motivato da convinzioni ideologiche \u2013 o di chi non voglia apparire \u201c<em>ignorante<\/em>\u201d perch\u00e9 diverge dal pensiero estetico indicato dagli addetti ai lavori \u2013 si presenta come una realt\u00e0 metafisica, dove la vita non sembra di casa. Una realt\u00e0 spersonalizzante, dove gli edifici \u2013 sebbene al progetto vi abbiano lavorato ben cinque \u201c<em>grandi maestri<\/em>\u201d del Novecento \u2013 risultano tutti tristemente<em> identici<\/em> tra loro, bench\u00e9 assemblati in maniera differente \u2026 La vista dall\u2019alto &nbsp;del complesso si presenta come la schermata di un videogioco degli \u201c<em>Space Invaders<\/em>\u201d<\/p>\n\n\n\n<figure class=\"wp-block-image size-large\"><img loading=\"lazy\" decoding=\"async\" width=\"1024\" height=\"557\" data-attachment-id=\"3785\" data-permalink=\"https:\/\/www.picweb.it\/emm\/blog\/index.php\/2023\/02\/20\/rigenerazioni-urbane-possibili-capitolo-2\/cillaggio-olimpico-googleearth\/\" data-orig-file=\"https:\/\/www.picweb.it\/emm\/blog\/wp-content\/uploads\/2023\/02\/Cillaggio-Olimpico-GoogleEarth.jpg\" data-orig-size=\"1920,1045\" data-comments-opened=\"1\" data-image-meta=\"{&quot;aperture&quot;:&quot;0&quot;,&quot;credit&quot;:&quot;&quot;,&quot;camera&quot;:&quot;&quot;,&quot;caption&quot;:&quot;&quot;,&quot;created_timestamp&quot;:&quot;0&quot;,&quot;copyright&quot;:&quot;&quot;,&quot;focal_length&quot;:&quot;0&quot;,&quot;iso&quot;:&quot;0&quot;,&quot;shutter_speed&quot;:&quot;0&quot;,&quot;title&quot;:&quot;&quot;,&quot;orientation&quot;:&quot;0&quot;}\" data-image-title=\"Cillaggio-Olimpico-GoogleEarth\" data-image-description=\"\" data-image-caption=\"&lt;p&gt;La vista dall\u2019alto dell\u2019ex Villaggio Olimpico sembra la schermata del videogioco degli \u201cSpace Invaders\u201d (foto prese in rete, fonte: Google Street View \u00ae)&lt;\/p&gt;\n\" data-large-file=\"https:\/\/www.picweb.it\/emm\/blog\/wp-content\/uploads\/2023\/02\/Cillaggio-Olimpico-GoogleEarth-1024x557.jpg\" src=\"http:\/\/www.picweb.it\/emm\/blog\/wp-content\/uploads\/2023\/02\/Cillaggio-Olimpico-GoogleEarth-1024x557.jpg\" alt=\"\" class=\"wp-image-3785\" srcset=\"https:\/\/www.picweb.it\/emm\/blog\/wp-content\/uploads\/2023\/02\/Cillaggio-Olimpico-GoogleEarth-1024x557.jpg 1024w, https:\/\/www.picweb.it\/emm\/blog\/wp-content\/uploads\/2023\/02\/Cillaggio-Olimpico-GoogleEarth-300x163.jpg 300w, https:\/\/www.picweb.it\/emm\/blog\/wp-content\/uploads\/2023\/02\/Cillaggio-Olimpico-GoogleEarth-768x418.jpg 768w, https:\/\/www.picweb.it\/emm\/blog\/wp-content\/uploads\/2023\/02\/Cillaggio-Olimpico-GoogleEarth-1536x836.jpg 1536w, https:\/\/www.picweb.it\/emm\/blog\/wp-content\/uploads\/2023\/02\/Cillaggio-Olimpico-GoogleEarth-700x381.jpg 700w, https:\/\/www.picweb.it\/emm\/blog\/wp-content\/uploads\/2023\/02\/Cillaggio-Olimpico-GoogleEarth-520x283.jpg 520w, https:\/\/www.picweb.it\/emm\/blog\/wp-content\/uploads\/2023\/02\/Cillaggio-Olimpico-GoogleEarth-360x196.jpg 360w, https:\/\/www.picweb.it\/emm\/blog\/wp-content\/uploads\/2023\/02\/Cillaggio-Olimpico-GoogleEarth-250x136.jpg 250w, https:\/\/www.picweb.it\/emm\/blog\/wp-content\/uploads\/2023\/02\/Cillaggio-Olimpico-GoogleEarth-100x54.jpg 100w, https:\/\/www.picweb.it\/emm\/blog\/wp-content\/uploads\/2023\/02\/Cillaggio-Olimpico-GoogleEarth.jpg 1920w\" sizes=\"(max-width: 1024px) 100vw, 1024px\" \/><figcaption class=\"wp-element-caption\">La vista dall\u2019alto dell\u2019ex Villaggio Olimpico sembra la schermata del videogioco degli \u201cSpace Invaders\u201d (foto prese in rete, fonte: Google Street View \u00ae)<\/figcaption><\/figure>\n\n\n\n<p>Perfino i nostri studenti, prevalentemente provenienti dagli USA, ergo abituati a situazioni suburbane, hanno rilevato la triste situazione urbanistica che, pi\u00f9 che invitare a vivere il quartiere, sembra voler dissuadere la gente dall\u2019idea di vivere lo spazio pubblico.<\/p>\n\n\n\n<p>A parte alcune situazioni sporadiche come quella di \u201c<em>Piazza<\/em>\u201d Grecia, dove il piano pilotis presenta alcune attivit\u00e0, l\u2019intero quartiere non prevede alcuna presenza commerciale e\/o artigianale al piano terra, n\u00e9 gli spazi come \u201c<em>piazza<\/em>\u201d Grecia \u2013 il virgolettato \u00e8 necessario \u2013 risultano appartenenti ad un sistema interconnesso di piazze (sequenza urbana), che inviti le persone a passeggiare in tutta sicurezza \u2026<\/p>\n\n\n\n<p>La folle visione \u201d<em>funzionalista<\/em>\u201d \u2013 che faremmo meglio a definire \u201c<em>automobilecentrica<\/em>\u201d \u2013 promossa da Le Corbusier e dai suoi seguaci infatti, visione alla quale il Villaggio Olimpico appartiene, \u00e8 quella che ha portato le citt\u00e0 a piombare in una realt\u00e0 di degrado e pericolo della quale non se ne sentiva affatto il bisogno!<\/p>\n\n\n\n<p>Sebbene infatti questo nuovo modello di citt\u00e0 zonizzata fosse stato definito come \u201c<em>funzionale<\/em>\u201d, con l\u2019avvento dello \u201c<em>zoning<\/em>\u201d \u2013 ergo con l\u2019abbandono della visione multifunzionale degli organismi urbani in luogo della <em>necessaria mobilit\u00e0 <\/em>atta a sostenere la produzione automobilistica \u2013 le nostre citt\u00e0 sono andate via via morendo<a href=\"#_ftn2\" id=\"_ftnref2\">[2]<\/a>.<\/p>\n\n\n\n<p>In questi anni stiamo assistendo alla&nbsp;<em>desertificazione<\/em>&nbsp;dei centri urbani, generata dal proliferare di centri commerciali, lontani dai centri abitati. Queste ipertrofiche strutture, infatti, con le loro politiche di mercato, sbaragliano ogni possibile concorrenza, portando gradualmente alla morte dei \u201c<em>negozietti dietro l\u2019angolo<\/em>\u201d \u2026 ma queste assurde politiche urbane non si limitano a danneggiare i poveri commercianti, ma tutti noi, perch\u00e9 vengono a privare le nostre strade della loro naturale vita e sicurezza!<\/p>\n\n\n\n<p>Infatti, gi\u00e0 nel 1961<a href=\"#_ftn3\" id=\"_ftnref3\">[3]<\/a>, in&nbsp;<em>Vita e morte delle grandi citt\u00e0 Americane<a href=\"#_ftn4\" id=\"_ftnref4\"><strong>[4]<\/strong><\/a><\/em>&nbsp;Jane Jacobs, nel capitolo \u201c<em>Le funzioni dei marciapiedi<\/em>\u201d, articolato in \u201c<em>la sicurezza<\/em>\u201d e \u201c<em>i contatti umani<\/em>\u201d, diceva:<\/p>\n\n\n\n<p><em>\u00ab<strong>Le funzioni di autogoverno delle strade sono tutte modeste, ma indispensabili<\/strong>. Nonostante molti tentativi, pianificati o no,<strong> non s\u2019\u00e8 ancora trovato nulla che possa sostituire una strada vivace e animata<\/strong> [\u2026] <strong>La prima cosa da capire \u00e8 che l\u2019ordine pubblico nelle strade e sui marciapiedi della citt\u00e0 non \u00e8 mantenuto principalmente dalla polizia<\/strong>, per quanto questa possa essere necessaria: <strong>esso \u00e8 mantenuto da una complessa e quasi inconscia rete di controlli spontanei e di norme accettate e fatte osservare dagli abitanti stessi<\/strong>. In certe zone urbane, come ad esempio in molti vecchi complessi di case popolari e in molte strade con rapido cambio di popolazione, il mantenimento della legge e dell\u2019ordine sui marciapiedi \u00e8 affidato quasi interamente alla polizia e a guardie speciali: ebbene queste zone sono vere giungle, perch\u00e9 <strong>non c\u2019\u00e8 polizia che basti a garantire la civile convivenza una volta che siano venuti meno i fattori che la garantiscono in modo normale e spontaneo<\/strong>. Il secondo punto da tener presente \u00e8 che<strong> il problema della sicurezza non si risolve accentuando la dispersione degli abitanti, sostituendo cio\u00e8 al carattere urbano quello tipico del suburbio<\/strong>. Se cos\u00ec fosse Los Angeles dovrebbe essere una citt\u00e0 sicura\u00bb.<\/em><\/p>\n\n\n\n<p>Ed ecco il punto:<\/p>\n\n\n\n<p><em>\u00ab<strong>Tutti sanno che una strada urbana frequentata \u00e8 probabilmente anche una strada sicura, a differenza di una strada urbana deserta<\/strong>. Ma come vanno effettivamente le cose, e che cosa fa s\u00ec che una strada urbana sia frequentata oppure evitata? Perch\u00e9 viene evitato il marciapiede di Washington Houses, che dovrebbe costituire un\u2019attrazione, e non i marciapiedi della citt\u00e0 vecchia immediatamente adiacente? <strong>Che cosa avviene nelle strade che sono animate in certe ore ma ad un certo punto si spopolano improvvisamente?<\/strong><\/em><\/p>\n\n\n\n<p><strong><em>Per essere in grado di accogliere gli estranei e di approfittarne per accrescere la propria sicurezza, come sempre accade nei quartieri pi\u00f9 vitali, una strada urbana deve<\/em><\/strong><em> [\u2026]<strong> essere sorvegliata dagli occhi di coloro che potremmo chiamare i suoi naturali proprietari. In una strada attrezzata per accogliere gli estranei e per garantire lo loro sicurezza e quella dei residenti, gli edifici devono essere rivolti verso la strada; non \u00e8 ammissibile che gli edifici lascino la strada priva di affacci, volgendo verso di essa la facciata posteriore o i lati ciechi.<\/strong> [\u2026] <strong>I marciapiedi devono essere frequentati con sufficiente continuit\u00e0 sia per accrescere il numero delle persone che sorvegliano la strada, sia per indurre un congruo numero di residenti a tenere d\u2019occhio i marciapiedi dagli edifici contigui.<\/strong> A nessuno piace starsene seduto sul terrazzino d\u2019ingresso o affacciato alla finestra a guardare una strada deserta (e infatti quasi nessuno lo fa), mentre c\u2019\u00e8 molta gente che si diverte a dare di tanto in tanto un\u2019occhiata a ci\u00f2 che avviene in una strada animata.&nbsp;<\/em><\/p>\n\n\n\n<p><em>[\u2026] <strong>Condizione essenziale per attuare tale sorveglianza \u00e8 che lungo i marciapiedi del quartiere sia disseminato un congruo numero di negozi e di altri luoghi pubblici, e in particolare di esercizi e luoghi pubblici frequentati nelle ore serali e notturne. Cos\u00ec soprattutto i negozi, i bar e i ristoranti possono favorire in modi diversi e complessi la sicurezza dei marciapiedi<\/strong>\u00bb.<\/em><\/p>\n\n\n\n<p>\u00c8 incredibile quanto matura e attuale fosse questa lettura critica della&nbsp;<em>citt\u00e0 funzionalista<\/em>, gi\u00e0 agli albori della scriteriata urbanistica \u201c<em>moderna<\/em>\u201d! \u2026 Ma non \u00e8 incredibile il fatto che a scriverlo non sia stato un architetto, bens\u00ec una giornalista illuminata. L\u2019attualit\u00e0 di queste parole dovrebbe essere un monito per chi continui a pianificare la citt\u00e0 in zone monofunzionali dove la vita non \u00e8 di casa.<\/p>\n\n\n\n<p>Ovviamente quanto espresso dalla Jacobs risulta perfettamente riscontrabile nella pessima concezione urbanistica dell\u2019attuale Villaggio Olimpico. Non \u00e8 un caso se l\u2019assoluta assenza di vita del quartiere consenta al racket della prostituzione di utilizzare, da decenni, le sue strade per il proprio, ignobile mercato<a href=\"#_ftn5\" id=\"_ftnref5\">[5]<\/a> di donne e, come venivano definiti negli anni \u201980 i trans, \u201c<em>viados<\/em>\u201d.<\/p>\n\n\n\n<p>A peggiorare la situazione del quartiere, il passaggio in quota del viadotto di Corso Francia \u2013 perfettamente rientrante nell\u2019ideologia urbanistica \u201c<em>automobilecentrica<\/em>\u201d dell\u2019epoca \u2013 crea una cesura ancora pi\u00f9 violenta e desolante.<\/p>\n\n\n\n<p>Il quartiere ospita alcune strutture straordinarie come il <em>Palazzetto<\/em> dello Sport di Pierluigi Nervi, straordinaria struttura (all\u2019interno) che \u00e8 stata abbandonata al degrado per anni e che, finalmente, in questi giorni sta tornando a vivere<a href=\"#_ftn6\" id=\"_ftnref6\">[6]<\/a> e lo Stadio Flaminio, sempre di Pierluigi Nervi, tristemente abbandonato al degrado di ogni genere \u2026 anche a causa della miopia di chi vieti di modificarlo per adeguarlo al suo riutilizzo da parte di una delle due squadre della citt\u00e0<a href=\"#_ftn7\" id=\"_ftnref7\">[7]<\/a>.<\/p>\n\n\n\n<p>N\u00e9 la realizzazione dell\u2019Auditorium Parco della Musica di Renzo Piano ha portato vita al quartiere \u2026 non gi\u00e0 per le sue cancellate e passaggi a livello, che lo rendono uno spazio privato pi\u00f9 che pubblico, n\u00e9 tantomeno per il suo, discutibile, aspetto esteriore, che da subito lo ha fatto ribattezzare dai romani \u201c<em>i tre scarafaggi<\/em>\u201d, ma a causa della sua totale mancanza di connessione al resto della citt\u00e0. L\u2019Auditorium, infatti, non \u00e8 un luogo cui recarsi passeggiando \u2026 nemmeno per chi viva ai Parioli o al Flaminio, perch\u00e9 lo spazio intorno \u00e8 terra di nessuno, dove nessuno avrebbe piacere a passeggiare, specie all\u2019imbrunire.<\/p>\n\n\n\n<figure class=\"wp-block-image size-large\"><img loading=\"lazy\" decoding=\"async\" width=\"935\" height=\"1024\" data-attachment-id=\"3786\" data-permalink=\"https:\/\/www.picweb.it\/emm\/blog\/index.php\/2023\/02\/20\/rigenerazioni-urbane-possibili-capitolo-2\/via-pietro-de-coubertin-google-maps\/\" data-orig-file=\"https:\/\/www.picweb.it\/emm\/blog\/wp-content\/uploads\/2023\/02\/Auditorium-viste-Google-StreetView-scaled.jpg\" data-orig-size=\"2337,2560\" data-comments-opened=\"1\" data-image-meta=\"{&quot;aperture&quot;:&quot;0&quot;,&quot;credit&quot;:&quot;emazzola&quot;,&quot;camera&quot;:&quot;&quot;,&quot;caption&quot;:&quot;&quot;,&quot;created_timestamp&quot;:&quot;0&quot;,&quot;copyright&quot;:&quot;&quot;,&quot;focal_length&quot;:&quot;0&quot;,&quot;iso&quot;:&quot;0&quot;,&quot;shutter_speed&quot;:&quot;0&quot;,&quot;title&quot;:&quot;Via Pietro de Coubertin - Google Maps&quot;,&quot;orientation&quot;:&quot;0&quot;}\" data-image-title=\"Via Pietro de Coubertin &amp;#8211; Google Maps\" data-image-description=\"\" data-image-caption=\"&lt;p&gt;L\u2019Auditorium Parco della Musica \u00e8 l\u2019ennesimo intervento, fine a se stesso e slegato dalla citt\u00e0, che toglie ulteriore vita alla stessa, piuttosto che rivitalizzarla (foto prese in rete, fonte: Google Street View \u00ae)&lt;\/p&gt;\n\" data-large-file=\"https:\/\/www.picweb.it\/emm\/blog\/wp-content\/uploads\/2023\/02\/Auditorium-viste-Google-StreetView-935x1024.jpg\" src=\"http:\/\/www.picweb.it\/emm\/blog\/wp-content\/uploads\/2023\/02\/Auditorium-viste-Google-StreetView-935x1024.jpg\" alt=\"\" class=\"wp-image-3786\" srcset=\"https:\/\/www.picweb.it\/emm\/blog\/wp-content\/uploads\/2023\/02\/Auditorium-viste-Google-StreetView-935x1024.jpg 935w, https:\/\/www.picweb.it\/emm\/blog\/wp-content\/uploads\/2023\/02\/Auditorium-viste-Google-StreetView-274x300.jpg 274w, https:\/\/www.picweb.it\/emm\/blog\/wp-content\/uploads\/2023\/02\/Auditorium-viste-Google-StreetView-768x841.jpg 768w, https:\/\/www.picweb.it\/emm\/blog\/wp-content\/uploads\/2023\/02\/Auditorium-viste-Google-StreetView-1402x1536.jpg 1402w, https:\/\/www.picweb.it\/emm\/blog\/wp-content\/uploads\/2023\/02\/Auditorium-viste-Google-StreetView-1869x2048.jpg 1869w, https:\/\/www.picweb.it\/emm\/blog\/wp-content\/uploads\/2023\/02\/Auditorium-viste-Google-StreetView-700x767.jpg 700w, https:\/\/www.picweb.it\/emm\/blog\/wp-content\/uploads\/2023\/02\/Auditorium-viste-Google-StreetView-520x570.jpg 520w, https:\/\/www.picweb.it\/emm\/blog\/wp-content\/uploads\/2023\/02\/Auditorium-viste-Google-StreetView-360x394.jpg 360w, https:\/\/www.picweb.it\/emm\/blog\/wp-content\/uploads\/2023\/02\/Auditorium-viste-Google-StreetView-250x274.jpg 250w, https:\/\/www.picweb.it\/emm\/blog\/wp-content\/uploads\/2023\/02\/Auditorium-viste-Google-StreetView-100x110.jpg 100w\" sizes=\"(max-width: 935px) 100vw, 935px\" \/><figcaption class=\"wp-element-caption\">L\u2019Auditorium Parco della Musica \u00e8 l\u2019ennesimo intervento, fine a se stesso e slegato dalla citt\u00e0, che toglie ulteriore vita alla stessa, piuttosto che rivitalizzarla (foto prese in rete, fonte: Google Street View \u00ae)<\/figcaption><\/figure>\n\n\n\n<p>E allora cosa fare? \u2026 E cosa salvare?<\/p>\n\n\n\n<p><strong>Il progetto per il Villaggio Olimpico degli studenti del Graduate Program della University of Notre Dame School of Architecture<\/strong><\/p>\n\n\n\n<p>Nel corso del Fall Semester 2021, per il mio corso di Progettazione Urbanistica e Architettonica del Master in Urban and Architectural Design della University of Notre Dame School of Architecture ho assegnato, come tema progettuale, la \u201c<em>Rigenerazione Urbana<\/em>\u201d dell\u2019ex Villaggio Olimpico ad un gruppo di 8 studenti, Jonathan Buehler, Anthony Ferraro, Daniel Glasgow, Carey Groninger, Jones, Margaret, William Marsh, Juan Nino, Luci Serra.<\/p>\n\n\n\n<p>Il corso, come di consueto, \u00e8 stato strutturato in tre fasi: analisi urbana, progettazione urbana, progettazione architettonica. La fase analitica ha riguardato in primis l\u2019analisi della citt\u00e0 storica, poi quella dei quartieri a ridosso dell\u2019area di intervento e, infine l\u2019analisi dell\u2019area di intervento.<\/p>\n\n\n\n<p>L\u2019obiettivo prefissato era quello di individuare il carattere della citt\u00e0 e del quartiere, individuare le preesistenze meritorie di un restauro e riuso e, soprattutto, di comprendere le problematiche sociali, ambientali, funzionali e urbanistiche dell\u2019area e, dialogando anche con alcuni residenti e professionisti gravitanti nell\u2019area che sono riuscito ad invitare a prendere parte ad un minimo tentativo di \u201c<em>progettazione partecipata<\/em>\u201d, trovare le soluzioni migliori per riqualificare il quartiere e collegarlo al resto della citt\u00e0.<\/p>\n\n\n\n<figure class=\"wp-block-image size-large\"><img loading=\"lazy\" decoding=\"async\" width=\"751\" height=\"1024\" data-attachment-id=\"3787\" data-permalink=\"https:\/\/www.picweb.it\/emm\/blog\/index.php\/2023\/02\/20\/rigenerazioni-urbane-possibili-capitolo-2\/rigenerazioni-urbane-possibili-vert\/\" data-orig-file=\"https:\/\/www.picweb.it\/emm\/blog\/wp-content\/uploads\/2023\/02\/Villaggio-Olimpico-REV-RID-scaled.jpg\" data-orig-size=\"1877,2560\" data-comments-opened=\"1\" data-image-meta=\"{&quot;aperture&quot;:&quot;0&quot;,&quot;credit&quot;:&quot;Paolo Vecchio Ciprioti&quot;,&quot;camera&quot;:&quot;&quot;,&quot;caption&quot;:&quot;&quot;,&quot;created_timestamp&quot;:&quot;0&quot;,&quot;copyright&quot;:&quot;&quot;,&quot;focal_length&quot;:&quot;0&quot;,&quot;iso&quot;:&quot;0&quot;,&quot;shutter_speed&quot;:&quot;0&quot;,&quot;title&quot;:&quot;Rigenerazioni Urbane Possibili-VERT&quot;,&quot;orientation&quot;:&quot;0&quot;}\" data-image-title=\"Rigenerazioni Urbane Possibili-VERT\" data-image-description=\"\" data-image-caption=\"&lt;p&gt;L\u2019area dell\u2019ex Villaggio Olimpico, nello stato attuale e nella proposta di Rigenerazione Urbana&lt;\/p&gt;\n\" data-large-file=\"https:\/\/www.picweb.it\/emm\/blog\/wp-content\/uploads\/2023\/02\/Villaggio-Olimpico-REV-RID-751x1024.jpg\" src=\"http:\/\/www.picweb.it\/emm\/blog\/wp-content\/uploads\/2023\/02\/Villaggio-Olimpico-REV-RID-751x1024.jpg\" alt=\"\" class=\"wp-image-3787\" srcset=\"https:\/\/www.picweb.it\/emm\/blog\/wp-content\/uploads\/2023\/02\/Villaggio-Olimpico-REV-RID-751x1024.jpg 751w, https:\/\/www.picweb.it\/emm\/blog\/wp-content\/uploads\/2023\/02\/Villaggio-Olimpico-REV-RID-220x300.jpg 220w, https:\/\/www.picweb.it\/emm\/blog\/wp-content\/uploads\/2023\/02\/Villaggio-Olimpico-REV-RID-768x1047.jpg 768w, https:\/\/www.picweb.it\/emm\/blog\/wp-content\/uploads\/2023\/02\/Villaggio-Olimpico-REV-RID-1126x1536.jpg 1126w, https:\/\/www.picweb.it\/emm\/blog\/wp-content\/uploads\/2023\/02\/Villaggio-Olimpico-REV-RID-1502x2048.jpg 1502w, https:\/\/www.picweb.it\/emm\/blog\/wp-content\/uploads\/2023\/02\/Villaggio-Olimpico-REV-RID-700x954.jpg 700w, https:\/\/www.picweb.it\/emm\/blog\/wp-content\/uploads\/2023\/02\/Villaggio-Olimpico-REV-RID-520x709.jpg 520w, https:\/\/www.picweb.it\/emm\/blog\/wp-content\/uploads\/2023\/02\/Villaggio-Olimpico-REV-RID-360x491.jpg 360w, https:\/\/www.picweb.it\/emm\/blog\/wp-content\/uploads\/2023\/02\/Villaggio-Olimpico-REV-RID-250x341.jpg 250w, https:\/\/www.picweb.it\/emm\/blog\/wp-content\/uploads\/2023\/02\/Villaggio-Olimpico-REV-RID-100x136.jpg 100w, https:\/\/www.picweb.it\/emm\/blog\/wp-content\/uploads\/2023\/02\/Villaggio-Olimpico-REV-RID-scaled.jpg 1877w\" sizes=\"(max-width: 751px) 100vw, 751px\" \/><figcaption class=\"wp-element-caption\">L\u2019area dell\u2019ex Villaggio Olimpico, nello stato attuale e nella proposta di Rigenerazione Urbana<\/figcaption><\/figure>\n\n\n\n<p>Inutile dire che questi ragazzi \u2013 liberi da preconcetti in quanto provenienti dall\u2019altro lato del pianeta \u2013 non conoscendo il valore attribuito a determinati edifici da parte dell\u2019establishment accademico romano, hanno da subito ritenuto senza alcun valore urbanistico-architettonico gli edifici dell\u2019ex Villaggio Olimpico, considerandoli come un sinistro complesso popolare da cui girare al largo \u2026 e grande stupore ha suscitato il sapere che il complesso risultasse annoverato nelle guide dell\u2019Architettura Moderna di Roma e che qualcuno lo ritenesse degno di essere considerato un monumento.<\/p>\n\n\n\n<p>Il gruppo si \u00e8 mostrato anche molto critico con l\u2019Auditorium, sia a livello urbanistico che architettonico, sicch\u00e9 \u00e8 stato necessario far comprendere loro l\u2019importanza attribuita al suo autore, nonch\u00e9 la mancanza di fattibilit\u00e0 di una proposta che ne prevedesse la sostituzione, mentre sarebbe risultato pi\u00f9 corretto ipotizzarne una migliore integrazione all\u2019interno del contesto nel quale sorge \u2026 cosa che, alla fine, \u00e8 infatti stato proposto.<\/p>\n\n\n\n<p>L\u2019analisi del sito ha portato anche a riscoprire la bellezza di quello che, un tempo, erano stati lo Stadio Nazionale prima e lo Stadio Nazionale Fascista poi, prima che venisse realizzato l\u2019attuale Stadio Flaminio.<\/p>\n\n\n\n<figure class=\"wp-block-image size-full\"><img loading=\"lazy\" decoding=\"async\" width=\"979\" height=\"606\" data-attachment-id=\"3788\" data-permalink=\"https:\/\/www.picweb.it\/emm\/blog\/index.php\/2023\/02\/20\/rigenerazioni-urbane-possibili-capitolo-2\/lo-stadio-nazionale-2\/\" data-orig-file=\"https:\/\/www.picweb.it\/emm\/blog\/wp-content\/uploads\/2023\/02\/Lo-Stadio-Nazionale.jpg\" data-orig-size=\"979,606\" data-comments-opened=\"1\" data-image-meta=\"{&quot;aperture&quot;:&quot;0&quot;,&quot;credit&quot;:&quot;&quot;,&quot;camera&quot;:&quot;&quot;,&quot;caption&quot;:&quot;&quot;,&quot;created_timestamp&quot;:&quot;0&quot;,&quot;copyright&quot;:&quot;&quot;,&quot;focal_length&quot;:&quot;0&quot;,&quot;iso&quot;:&quot;0&quot;,&quot;shutter_speed&quot;:&quot;0&quot;,&quot;title&quot;:&quot;&quot;,&quot;orientation&quot;:&quot;0&quot;}\" data-image-title=\"Lo-Stadio-Nazionale\" data-image-description=\"\" data-image-caption=\"&lt;p&gt;Lo Stadio Nazionale di Marcello Piacentini e Angelo Guazzaroni con sculture di Vito Pardo (foto presa in rete, fonte: Raccolta Roma Sparita \u00ae)&lt;\/p&gt;\n\" data-large-file=\"https:\/\/www.picweb.it\/emm\/blog\/wp-content\/uploads\/2023\/02\/Lo-Stadio-Nazionale.jpg\" src=\"http:\/\/www.picweb.it\/emm\/blog\/wp-content\/uploads\/2023\/02\/Lo-Stadio-Nazionale.jpg\" alt=\"\" class=\"wp-image-3788\" srcset=\"https:\/\/www.picweb.it\/emm\/blog\/wp-content\/uploads\/2023\/02\/Lo-Stadio-Nazionale.jpg 979w, https:\/\/www.picweb.it\/emm\/blog\/wp-content\/uploads\/2023\/02\/Lo-Stadio-Nazionale-300x186.jpg 300w, https:\/\/www.picweb.it\/emm\/blog\/wp-content\/uploads\/2023\/02\/Lo-Stadio-Nazionale-768x475.jpg 768w, https:\/\/www.picweb.it\/emm\/blog\/wp-content\/uploads\/2023\/02\/Lo-Stadio-Nazionale-700x433.jpg 700w, https:\/\/www.picweb.it\/emm\/blog\/wp-content\/uploads\/2023\/02\/Lo-Stadio-Nazionale-520x322.jpg 520w, https:\/\/www.picweb.it\/emm\/blog\/wp-content\/uploads\/2023\/02\/Lo-Stadio-Nazionale-360x223.jpg 360w, https:\/\/www.picweb.it\/emm\/blog\/wp-content\/uploads\/2023\/02\/Lo-Stadio-Nazionale-500x310.jpg 500w, https:\/\/www.picweb.it\/emm\/blog\/wp-content\/uploads\/2023\/02\/Lo-Stadio-Nazionale-250x155.jpg 250w, https:\/\/www.picweb.it\/emm\/blog\/wp-content\/uploads\/2023\/02\/Lo-Stadio-Nazionale-100x62.jpg 100w\" sizes=\"(max-width: 979px) 100vw, 979px\" \/><figcaption class=\"wp-element-caption\">Lo Stadio Nazionale di Marcello Piacentini e Angelo Guazzaroni con sculture di Vito Pardo (foto presa in rete, fonte: Raccolta Roma Sparita \u00ae)<\/figcaption><\/figure>\n\n\n<div class=\"wp-block-image\">\n<figure class=\"aligncenter size-full is-resized\"><img loading=\"lazy\" decoding=\"async\" data-attachment-id=\"3789\" data-permalink=\"https:\/\/www.picweb.it\/emm\/blog\/index.php\/2023\/02\/20\/rigenerazioni-urbane-possibili-capitolo-2\/stadio-nazionale-pnf-roma-dopo-le-modifiche-del-1927-da-notare-la-piscina-620x400-1\/\" data-orig-file=\"https:\/\/www.picweb.it\/emm\/blog\/wp-content\/uploads\/2023\/02\/STADIO-NAZIONALE-PNF-ROMA-dopo-le-modifiche-del-1927-da-notare-la-piscina-620x400-1.jpg\" data-orig-size=\"620,400\" data-comments-opened=\"1\" data-image-meta=\"{&quot;aperture&quot;:&quot;0&quot;,&quot;credit&quot;:&quot;&quot;,&quot;camera&quot;:&quot;&quot;,&quot;caption&quot;:&quot;&quot;,&quot;created_timestamp&quot;:&quot;0&quot;,&quot;copyright&quot;:&quot;&quot;,&quot;focal_length&quot;:&quot;0&quot;,&quot;iso&quot;:&quot;0&quot;,&quot;shutter_speed&quot;:&quot;0&quot;,&quot;title&quot;:&quot;&quot;,&quot;orientation&quot;:&quot;0&quot;}\" data-image-title=\"\" data-image-description=\"\" data-image-caption=\"&lt;p&gt;Lo Stadio Nazionale di Marcello Piacentini e Angelo Guazzaroni con sculture di Vito Pardo (foto presa in rete, fonte: Raccolta Roma Sparita \u00ae)&lt;\/p&gt;\n\" data-large-file=\"https:\/\/www.picweb.it\/emm\/blog\/wp-content\/uploads\/2023\/02\/STADIO-NAZIONALE-PNF-ROMA-dopo-le-modifiche-del-1927-da-notare-la-piscina-620x400-1.jpg\" src=\"http:\/\/www.picweb.it\/emm\/blog\/wp-content\/uploads\/2023\/02\/STADIO-NAZIONALE-PNF-ROMA-dopo-le-modifiche-del-1927-da-notare-la-piscina-620x400-1.jpg\" alt=\"\" class=\"wp-image-3789\" width=\"826\" height=\"534\" srcset=\"https:\/\/www.picweb.it\/emm\/blog\/wp-content\/uploads\/2023\/02\/STADIO-NAZIONALE-PNF-ROMA-dopo-le-modifiche-del-1927-da-notare-la-piscina-620x400-1.jpg 620w, https:\/\/www.picweb.it\/emm\/blog\/wp-content\/uploads\/2023\/02\/STADIO-NAZIONALE-PNF-ROMA-dopo-le-modifiche-del-1927-da-notare-la-piscina-620x400-1-300x194.jpg 300w, https:\/\/www.picweb.it\/emm\/blog\/wp-content\/uploads\/2023\/02\/STADIO-NAZIONALE-PNF-ROMA-dopo-le-modifiche-del-1927-da-notare-la-piscina-620x400-1-520x335.jpg 520w, https:\/\/www.picweb.it\/emm\/blog\/wp-content\/uploads\/2023\/02\/STADIO-NAZIONALE-PNF-ROMA-dopo-le-modifiche-del-1927-da-notare-la-piscina-620x400-1-360x232.jpg 360w, https:\/\/www.picweb.it\/emm\/blog\/wp-content\/uploads\/2023\/02\/STADIO-NAZIONALE-PNF-ROMA-dopo-le-modifiche-del-1927-da-notare-la-piscina-620x400-1-250x161.jpg 250w, https:\/\/www.picweb.it\/emm\/blog\/wp-content\/uploads\/2023\/02\/STADIO-NAZIONALE-PNF-ROMA-dopo-le-modifiche-del-1927-da-notare-la-piscina-620x400-1-100x65.jpg 100w\" sizes=\"(max-width: 826px) 100vw, 826px\" \/><figcaption class=\"wp-element-caption\">Lo Stadio Nazionale di Marcello Piacentini e Angelo Guazzaroni con sculture di Vito Pardo (foto presa in rete, fonte: Raccolta Roma Sparita \u00ae)<\/figcaption><\/figure>\n<\/div>\n\n\n<p>In particolare questa ricerca ha condotto gli studenti a proporre una soluzione per l\u2019ingresso allo Stadio Flaminio, interamente immerso in un parco, ispirata all\u2019ingresso monumentale dello Stadio Nazionale, eliminato in occasione della trasformazione dello stesso operata nel 1927.<\/p>\n\n\n\n<figure class=\"wp-block-image size-large\"><img loading=\"lazy\" decoding=\"async\" width=\"1024\" height=\"648\" data-attachment-id=\"3790\" data-permalink=\"https:\/\/www.picweb.it\/emm\/blog\/index.php\/2023\/02\/20\/rigenerazioni-urbane-possibili-capitolo-2\/progetto-per-lo-stadio-nazionale-di-roma-2\/\" data-orig-file=\"https:\/\/www.picweb.it\/emm\/blog\/wp-content\/uploads\/2023\/02\/progetto-per-lo-Stadio-Nazionale-di-Roma.jpg\" data-orig-size=\"1280,810\" data-comments-opened=\"1\" data-image-meta=\"{&quot;aperture&quot;:&quot;0&quot;,&quot;credit&quot;:&quot;&quot;,&quot;camera&quot;:&quot;&quot;,&quot;caption&quot;:&quot;&quot;,&quot;created_timestamp&quot;:&quot;0&quot;,&quot;copyright&quot;:&quot;&quot;,&quot;focal_length&quot;:&quot;0&quot;,&quot;iso&quot;:&quot;0&quot;,&quot;shutter_speed&quot;:&quot;0&quot;,&quot;title&quot;:&quot;&quot;,&quot;orientation&quot;:&quot;0&quot;}\" data-image-title=\"progetto-per-lo-Stadio-Nazionale-di-Roma\" data-image-description=\"\" data-image-caption=\"&lt;p&gt;Frontespizio del progetto per lo Stadio Nazionale di Marcello Piacentini e Angelo Guazzaroni con sculture di Vito Pardo (foto presa in rete, fonte: Raccolta Roma Sparita \u00ae)&lt;\/p&gt;\n\" data-large-file=\"https:\/\/www.picweb.it\/emm\/blog\/wp-content\/uploads\/2023\/02\/progetto-per-lo-Stadio-Nazionale-di-Roma-1024x648.jpg\" src=\"http:\/\/www.picweb.it\/emm\/blog\/wp-content\/uploads\/2023\/02\/progetto-per-lo-Stadio-Nazionale-di-Roma-1024x648.jpg\" alt=\"\" class=\"wp-image-3790\" srcset=\"https:\/\/www.picweb.it\/emm\/blog\/wp-content\/uploads\/2023\/02\/progetto-per-lo-Stadio-Nazionale-di-Roma-1024x648.jpg 1024w, https:\/\/www.picweb.it\/emm\/blog\/wp-content\/uploads\/2023\/02\/progetto-per-lo-Stadio-Nazionale-di-Roma-300x190.jpg 300w, https:\/\/www.picweb.it\/emm\/blog\/wp-content\/uploads\/2023\/02\/progetto-per-lo-Stadio-Nazionale-di-Roma-768x486.jpg 768w, https:\/\/www.picweb.it\/emm\/blog\/wp-content\/uploads\/2023\/02\/progetto-per-lo-Stadio-Nazionale-di-Roma-700x443.jpg 700w, https:\/\/www.picweb.it\/emm\/blog\/wp-content\/uploads\/2023\/02\/progetto-per-lo-Stadio-Nazionale-di-Roma-520x329.jpg 520w, https:\/\/www.picweb.it\/emm\/blog\/wp-content\/uploads\/2023\/02\/progetto-per-lo-Stadio-Nazionale-di-Roma-360x228.jpg 360w, https:\/\/www.picweb.it\/emm\/blog\/wp-content\/uploads\/2023\/02\/progetto-per-lo-Stadio-Nazionale-di-Roma-250x158.jpg 250w, https:\/\/www.picweb.it\/emm\/blog\/wp-content\/uploads\/2023\/02\/progetto-per-lo-Stadio-Nazionale-di-Roma-100x63.jpg 100w, https:\/\/www.picweb.it\/emm\/blog\/wp-content\/uploads\/2023\/02\/progetto-per-lo-Stadio-Nazionale-di-Roma.jpg 1280w\" sizes=\"(max-width: 1024px) 100vw, 1024px\" \/><figcaption class=\"wp-element-caption\">Frontespizio del progetto per lo Stadio Nazionale di Marcello Piacentini e Angelo Guazzaroni con sculture di Vito Pardo (foto presa in rete, fonte: Raccolta Roma Sparita \u00ae)<\/figcaption><\/figure>\n\n\n\n<figure class=\"wp-block-image size-large\"><img loading=\"lazy\" decoding=\"async\" width=\"1024\" height=\"679\" data-attachment-id=\"3791\" data-permalink=\"https:\/\/www.picweb.it\/emm\/blog\/index.php\/2023\/02\/20\/rigenerazioni-urbane-possibili-capitolo-2\/existing-urban-sequences\/\" data-orig-file=\"https:\/\/www.picweb.it\/emm\/blog\/wp-content\/uploads\/2023\/02\/existing-urban-sequences.jpg\" data-orig-size=\"1327,880\" data-comments-opened=\"1\" data-image-meta=\"{&quot;aperture&quot;:&quot;0&quot;,&quot;credit&quot;:&quot;&quot;,&quot;camera&quot;:&quot;&quot;,&quot;caption&quot;:&quot;&quot;,&quot;created_timestamp&quot;:&quot;0&quot;,&quot;copyright&quot;:&quot;&quot;,&quot;focal_length&quot;:&quot;0&quot;,&quot;iso&quot;:&quot;0&quot;,&quot;shutter_speed&quot;:&quot;0&quot;,&quot;title&quot;:&quot;&quot;,&quot;orientation&quot;:&quot;0&quot;}\" data-image-title=\"existing-urban-sequences\" data-image-description=\"\" data-image-caption=\"&lt;p&gt;Studio dei potenziali percorsi e connessioni esterne esistenti&lt;\/p&gt;\n\" data-large-file=\"https:\/\/www.picweb.it\/emm\/blog\/wp-content\/uploads\/2023\/02\/existing-urban-sequences-1024x679.jpg\" src=\"http:\/\/www.picweb.it\/emm\/blog\/wp-content\/uploads\/2023\/02\/existing-urban-sequences-1024x679.jpg\" alt=\"\" class=\"wp-image-3791\" srcset=\"https:\/\/www.picweb.it\/emm\/blog\/wp-content\/uploads\/2023\/02\/existing-urban-sequences-1024x679.jpg 1024w, https:\/\/www.picweb.it\/emm\/blog\/wp-content\/uploads\/2023\/02\/existing-urban-sequences-300x199.jpg 300w, https:\/\/www.picweb.it\/emm\/blog\/wp-content\/uploads\/2023\/02\/existing-urban-sequences-768x509.jpg 768w, https:\/\/www.picweb.it\/emm\/blog\/wp-content\/uploads\/2023\/02\/existing-urban-sequences-700x464.jpg 700w, https:\/\/www.picweb.it\/emm\/blog\/wp-content\/uploads\/2023\/02\/existing-urban-sequences-520x345.jpg 520w, https:\/\/www.picweb.it\/emm\/blog\/wp-content\/uploads\/2023\/02\/existing-urban-sequences-360x239.jpg 360w, https:\/\/www.picweb.it\/emm\/blog\/wp-content\/uploads\/2023\/02\/existing-urban-sequences-250x166.jpg 250w, https:\/\/www.picweb.it\/emm\/blog\/wp-content\/uploads\/2023\/02\/existing-urban-sequences-100x66.jpg 100w, https:\/\/www.picweb.it\/emm\/blog\/wp-content\/uploads\/2023\/02\/existing-urban-sequences.jpg 1327w\" sizes=\"(max-width: 1024px) 100vw, 1024px\" \/><figcaption class=\"wp-element-caption\">Studio dei potenziali percorsi e connessioni esterne esistenti<\/figcaption><\/figure>\n\n\n\n<p>L\u2019assenza di un disegno urbano ha da subito portato i progettisti a considerare la necessit\u00e0 di individuare quelli che potessero risultare i luoghi pi\u00f9 consoni ad ospitare una serie di piazze e piazzette, interconnesse tra loro, atte a creare una rete di spazi pubblici in grado di vitalizzare il quartiere e, al contempo, connetterlo ai principali punti di interesse circostanti.<\/p>\n\n\n\n<figure class=\"wp-block-image size-large\"><img loading=\"lazy\" decoding=\"async\" width=\"1024\" height=\"679\" data-attachment-id=\"3792\" data-permalink=\"https:\/\/www.picweb.it\/emm\/blog\/index.php\/2023\/02\/20\/rigenerazioni-urbane-possibili-capitolo-2\/60-meters-buffer-zone\/\" data-orig-file=\"https:\/\/www.picweb.it\/emm\/blog\/wp-content\/uploads\/2023\/02\/60-meters-buffer-zone.jpg\" data-orig-size=\"1327,880\" data-comments-opened=\"1\" data-image-meta=\"{&quot;aperture&quot;:&quot;0&quot;,&quot;credit&quot;:&quot;&quot;,&quot;camera&quot;:&quot;&quot;,&quot;caption&quot;:&quot;&quot;,&quot;created_timestamp&quot;:&quot;0&quot;,&quot;copyright&quot;:&quot;&quot;,&quot;focal_length&quot;:&quot;0&quot;,&quot;iso&quot;:&quot;0&quot;,&quot;shutter_speed&quot;:&quot;0&quot;,&quot;title&quot;:&quot;&quot;,&quot;orientation&quot;:&quot;0&quot;}\" data-image-title=\"60-meters-buffer-zone\" data-image-description=\"\" data-image-caption=\"&lt;p&gt;Studio delle fasce di rispetto obbligatorie da mantenere&lt;\/p&gt;\n\" data-large-file=\"https:\/\/www.picweb.it\/emm\/blog\/wp-content\/uploads\/2023\/02\/60-meters-buffer-zone-1024x679.jpg\" src=\"http:\/\/www.picweb.it\/emm\/blog\/wp-content\/uploads\/2023\/02\/60-meters-buffer-zone-1024x679.jpg\" alt=\"\" class=\"wp-image-3792\" srcset=\"https:\/\/www.picweb.it\/emm\/blog\/wp-content\/uploads\/2023\/02\/60-meters-buffer-zone-1024x679.jpg 1024w, https:\/\/www.picweb.it\/emm\/blog\/wp-content\/uploads\/2023\/02\/60-meters-buffer-zone-300x199.jpg 300w, https:\/\/www.picweb.it\/emm\/blog\/wp-content\/uploads\/2023\/02\/60-meters-buffer-zone-768x509.jpg 768w, https:\/\/www.picweb.it\/emm\/blog\/wp-content\/uploads\/2023\/02\/60-meters-buffer-zone-700x464.jpg 700w, https:\/\/www.picweb.it\/emm\/blog\/wp-content\/uploads\/2023\/02\/60-meters-buffer-zone-520x345.jpg 520w, https:\/\/www.picweb.it\/emm\/blog\/wp-content\/uploads\/2023\/02\/60-meters-buffer-zone-360x239.jpg 360w, https:\/\/www.picweb.it\/emm\/blog\/wp-content\/uploads\/2023\/02\/60-meters-buffer-zone-250x166.jpg 250w, https:\/\/www.picweb.it\/emm\/blog\/wp-content\/uploads\/2023\/02\/60-meters-buffer-zone-100x66.jpg 100w, https:\/\/www.picweb.it\/emm\/blog\/wp-content\/uploads\/2023\/02\/60-meters-buffer-zone.jpg 1327w\" sizes=\"(max-width: 1024px) 100vw, 1024px\" \/><figcaption class=\"wp-element-caption\">Studio delle fasce di rispetto obbligatorie da mantenere<\/figcaption><\/figure>\n\n\n\n<p>Ovviamente nel progetto si \u00e8 dovuto tenere in considerazione il passaggio in quota del Viadotto di Corso Francia, nonch\u00e9 la necessit\u00e0 di rispondere alla normativa in materia di <em>distanze di rispetto<\/em> dai principali assi di scorrimento veloce \u2026 un problema che, lo vedremo, si \u00e8 rivelato invece uno dei punti pi\u00f9 interessanti della proposta.<\/p>\n\n\n\n<p>Il fatto che si dovesse lasciare un\u2019area libera tra il viadotto e l\u2019edificato ha infatti consentito di pensare alla realizzazione di un parco lineare di circa 200 metri di larghezza, attraversato in quota dal viadotto, per il quale \u00e8 stata ipotizzata una trasformazione a mercato e luoghi di ristoro della parte inferiore, lasciando una serie di attraversamenti atti a ricucire, in sicurezza, le due porzioni del quartiere oggi apparentemente disgiunte.<\/p>\n\n\n\n<figure class=\"wp-block-image size-large\"><img loading=\"lazy\" decoding=\"async\" width=\"1024\" height=\"341\" data-attachment-id=\"3793\" data-permalink=\"https:\/\/www.picweb.it\/emm\/blog\/index.php\/2023\/02\/20\/rigenerazioni-urbane-possibili-capitolo-2\/spazi-verdi-ante-e-post-operam\/\" data-orig-file=\"https:\/\/www.picweb.it\/emm\/blog\/wp-content\/uploads\/2023\/02\/Spazi-Verdi-Ante-e-Post-operam.jpg\" data-orig-size=\"2426,808\" data-comments-opened=\"1\" data-image-meta=\"{&quot;aperture&quot;:&quot;0&quot;,&quot;credit&quot;:&quot;&quot;,&quot;camera&quot;:&quot;&quot;,&quot;caption&quot;:&quot;&quot;,&quot;created_timestamp&quot;:&quot;0&quot;,&quot;copyright&quot;:&quot;&quot;,&quot;focal_length&quot;:&quot;0&quot;,&quot;iso&quot;:&quot;0&quot;,&quot;shutter_speed&quot;:&quot;0&quot;,&quot;title&quot;:&quot;&quot;,&quot;orientation&quot;:&quot;0&quot;}\" data-image-title=\"Spazi-Verdi-Ante-e-Post-operam\" data-image-description=\"\" data-image-caption=\"&lt;p&gt;Le aree verdi attuali e quelle di progetto&lt;\/p&gt;\n\" data-large-file=\"https:\/\/www.picweb.it\/emm\/blog\/wp-content\/uploads\/2023\/02\/Spazi-Verdi-Ante-e-Post-operam-1024x341.jpg\" src=\"http:\/\/www.picweb.it\/emm\/blog\/wp-content\/uploads\/2023\/02\/Spazi-Verdi-Ante-e-Post-operam-1024x341.jpg\" alt=\"\" class=\"wp-image-3793\" srcset=\"https:\/\/www.picweb.it\/emm\/blog\/wp-content\/uploads\/2023\/02\/Spazi-Verdi-Ante-e-Post-operam-1024x341.jpg 1024w, https:\/\/www.picweb.it\/emm\/blog\/wp-content\/uploads\/2023\/02\/Spazi-Verdi-Ante-e-Post-operam-300x100.jpg 300w, https:\/\/www.picweb.it\/emm\/blog\/wp-content\/uploads\/2023\/02\/Spazi-Verdi-Ante-e-Post-operam-768x256.jpg 768w, https:\/\/www.picweb.it\/emm\/blog\/wp-content\/uploads\/2023\/02\/Spazi-Verdi-Ante-e-Post-operam-1536x512.jpg 1536w, https:\/\/www.picweb.it\/emm\/blog\/wp-content\/uploads\/2023\/02\/Spazi-Verdi-Ante-e-Post-operam-2048x682.jpg 2048w, https:\/\/www.picweb.it\/emm\/blog\/wp-content\/uploads\/2023\/02\/Spazi-Verdi-Ante-e-Post-operam-700x233.jpg 700w, https:\/\/www.picweb.it\/emm\/blog\/wp-content\/uploads\/2023\/02\/Spazi-Verdi-Ante-e-Post-operam-520x173.jpg 520w, https:\/\/www.picweb.it\/emm\/blog\/wp-content\/uploads\/2023\/02\/Spazi-Verdi-Ante-e-Post-operam-360x120.jpg 360w, https:\/\/www.picweb.it\/emm\/blog\/wp-content\/uploads\/2023\/02\/Spazi-Verdi-Ante-e-Post-operam-250x83.jpg 250w, https:\/\/www.picweb.it\/emm\/blog\/wp-content\/uploads\/2023\/02\/Spazi-Verdi-Ante-e-Post-operam-100x33.jpg 100w\" sizes=\"(max-width: 1024px) 100vw, 1024px\" \/><figcaption class=\"wp-element-caption\">Le aree verdi attuali e quelle di progetto<\/figcaption><\/figure>\n\n\n\n<p>Il suggerimento \u00e8 venuto guardando ad una serie di precedenti, esistenti negli USA, che mostrano come una strada in quota possa ospitare, al livello inferiore, una funzione come questa.<\/p>\n\n\n\n<p>Il Mercato al di sotto del <em>Queensboro Bridge<\/em> di New York, con le splendide volte di Guastavino, cos\u00ec come il <em>Mercato di Charleston<\/em> hanno infatti offerto una interessantissima alternativa alla squallida e sinistra condizione di abbandono attuale.<\/p>\n\n\n\n<figure class=\"wp-block-image size-large\"><img loading=\"lazy\" decoding=\"async\" width=\"945\" height=\"1024\" data-attachment-id=\"3794\" data-permalink=\"https:\/\/www.picweb.it\/emm\/blog\/index.php\/2023\/02\/20\/rigenerazioni-urbane-possibili-capitolo-2\/mercato-al-di-sotto-del-queensboro-bridge-di-new-york\/\" data-orig-file=\"https:\/\/www.picweb.it\/emm\/blog\/wp-content\/uploads\/2023\/02\/Mercato-al-di-sotto-del-Queensboro-Bridge-di-New-York.jpg\" data-orig-size=\"1772,1920\" data-comments-opened=\"1\" data-image-meta=\"{&quot;aperture&quot;:&quot;0&quot;,&quot;credit&quot;:&quot;&quot;,&quot;camera&quot;:&quot;&quot;,&quot;caption&quot;:&quot;&quot;,&quot;created_timestamp&quot;:&quot;0&quot;,&quot;copyright&quot;:&quot;&quot;,&quot;focal_length&quot;:&quot;0&quot;,&quot;iso&quot;:&quot;0&quot;,&quot;shutter_speed&quot;:&quot;0&quot;,&quot;title&quot;:&quot;&quot;,&quot;orientation&quot;:&quot;0&quot;}\" data-image-title=\"Mercato-al-di-sotto-del-Queensboro-Bridge-di-New-York\" data-image-description=\"\" data-image-caption=\"&lt;p&gt;Mercato al di sotto del Queensboro Bridge di New York&lt;\/p&gt;\n\" data-large-file=\"https:\/\/www.picweb.it\/emm\/blog\/wp-content\/uploads\/2023\/02\/Mercato-al-di-sotto-del-Queensboro-Bridge-di-New-York-945x1024.jpg\" src=\"http:\/\/www.picweb.it\/emm\/blog\/wp-content\/uploads\/2023\/02\/Mercato-al-di-sotto-del-Queensboro-Bridge-di-New-York-945x1024.jpg\" alt=\"\" class=\"wp-image-3794\" srcset=\"https:\/\/www.picweb.it\/emm\/blog\/wp-content\/uploads\/2023\/02\/Mercato-al-di-sotto-del-Queensboro-Bridge-di-New-York-945x1024.jpg 945w, https:\/\/www.picweb.it\/emm\/blog\/wp-content\/uploads\/2023\/02\/Mercato-al-di-sotto-del-Queensboro-Bridge-di-New-York-277x300.jpg 277w, https:\/\/www.picweb.it\/emm\/blog\/wp-content\/uploads\/2023\/02\/Mercato-al-di-sotto-del-Queensboro-Bridge-di-New-York-768x832.jpg 768w, https:\/\/www.picweb.it\/emm\/blog\/wp-content\/uploads\/2023\/02\/Mercato-al-di-sotto-del-Queensboro-Bridge-di-New-York-1418x1536.jpg 1418w, https:\/\/www.picweb.it\/emm\/blog\/wp-content\/uploads\/2023\/02\/Mercato-al-di-sotto-del-Queensboro-Bridge-di-New-York-700x758.jpg 700w, https:\/\/www.picweb.it\/emm\/blog\/wp-content\/uploads\/2023\/02\/Mercato-al-di-sotto-del-Queensboro-Bridge-di-New-York-520x563.jpg 520w, https:\/\/www.picweb.it\/emm\/blog\/wp-content\/uploads\/2023\/02\/Mercato-al-di-sotto-del-Queensboro-Bridge-di-New-York-360x390.jpg 360w, https:\/\/www.picweb.it\/emm\/blog\/wp-content\/uploads\/2023\/02\/Mercato-al-di-sotto-del-Queensboro-Bridge-di-New-York-250x271.jpg 250w, https:\/\/www.picweb.it\/emm\/blog\/wp-content\/uploads\/2023\/02\/Mercato-al-di-sotto-del-Queensboro-Bridge-di-New-York-100x108.jpg 100w, https:\/\/www.picweb.it\/emm\/blog\/wp-content\/uploads\/2023\/02\/Mercato-al-di-sotto-del-Queensboro-Bridge-di-New-York.jpg 1772w\" sizes=\"(max-width: 945px) 100vw, 945px\" \/><figcaption class=\"wp-element-caption\">Mercato al di sotto del Queensboro Bridge di New York<\/figcaption><\/figure>\n\n\n\n<figure class=\"wp-block-image size-large\"><img loading=\"lazy\" decoding=\"async\" width=\"1024\" height=\"984\" data-attachment-id=\"3795\" data-permalink=\"https:\/\/www.picweb.it\/emm\/blog\/index.php\/2023\/02\/20\/rigenerazioni-urbane-possibili-capitolo-2\/charleston-market\/\" data-orig-file=\"https:\/\/www.picweb.it\/emm\/blog\/wp-content\/uploads\/2023\/02\/Charleston-Market-scaled.jpg\" data-orig-size=\"2560,2461\" data-comments-opened=\"1\" data-image-meta=\"{&quot;aperture&quot;:&quot;0&quot;,&quot;credit&quot;:&quot;&quot;,&quot;camera&quot;:&quot;&quot;,&quot;caption&quot;:&quot;&quot;,&quot;created_timestamp&quot;:&quot;1376305723&quot;,&quot;copyright&quot;:&quot;&quot;,&quot;focal_length&quot;:&quot;0&quot;,&quot;iso&quot;:&quot;0&quot;,&quot;shutter_speed&quot;:&quot;0&quot;,&quot;title&quot;:&quot;&quot;,&quot;orientation&quot;:&quot;0&quot;}\" data-image-title=\"Charleston-Market\" data-image-description=\"\" data-image-caption=\"&lt;p&gt;Mercato di Charleston&lt;\/p&gt;\n\" data-large-file=\"https:\/\/www.picweb.it\/emm\/blog\/wp-content\/uploads\/2023\/02\/Charleston-Market-1024x984.jpg\" src=\"http:\/\/www.picweb.it\/emm\/blog\/wp-content\/uploads\/2023\/02\/Charleston-Market-1024x984.jpg\" alt=\"\" class=\"wp-image-3795\" srcset=\"https:\/\/www.picweb.it\/emm\/blog\/wp-content\/uploads\/2023\/02\/Charleston-Market-1024x984.jpg 1024w, https:\/\/www.picweb.it\/emm\/blog\/wp-content\/uploads\/2023\/02\/Charleston-Market-300x288.jpg 300w, https:\/\/www.picweb.it\/emm\/blog\/wp-content\/uploads\/2023\/02\/Charleston-Market-768x738.jpg 768w, https:\/\/www.picweb.it\/emm\/blog\/wp-content\/uploads\/2023\/02\/Charleston-Market-1536x1477.jpg 1536w, https:\/\/www.picweb.it\/emm\/blog\/wp-content\/uploads\/2023\/02\/Charleston-Market-2048x1969.jpg 2048w, https:\/\/www.picweb.it\/emm\/blog\/wp-content\/uploads\/2023\/02\/Charleston-Market-700x673.jpg 700w, https:\/\/www.picweb.it\/emm\/blog\/wp-content\/uploads\/2023\/02\/Charleston-Market-520x500.jpg 520w, https:\/\/www.picweb.it\/emm\/blog\/wp-content\/uploads\/2023\/02\/Charleston-Market-360x346.jpg 360w, https:\/\/www.picweb.it\/emm\/blog\/wp-content\/uploads\/2023\/02\/Charleston-Market-250x240.jpg 250w, https:\/\/www.picweb.it\/emm\/blog\/wp-content\/uploads\/2023\/02\/Charleston-Market-100x96.jpg 100w\" sizes=\"(max-width: 1024px) 100vw, 1024px\" \/><figcaption class=\"wp-element-caption\">Mercato di Charleston<\/figcaption><\/figure>\n\n\n\n<p>L\u2019idea di trasformare il viadotto in un mercato longitudinale \u2013 attraversato da ben 6 percorsi, uno dei quali anche veicolare \u2013 ha consentito anche di pensare ad una trasformazione della parte superiore dove, anche per abbattere ulteriormente il rumore del traffico, si \u00e8 pensato di installare una copertura a sezione semi-ellittica \u2013 che rimanda alla Basilica Palladiana di Vicenza \u2013 rivestita con pannelli fotovoltaici in grado di produrre energia pulita.<\/p>\n\n\n\n<p>Infatti, considerando che l\u2019estensione del Viadotto di Corso Francia nel tratto del Villaggio Olimpico \u00e8 di 663 x 35 metri, la sua copertura svilupperebbe una superficie pari a 23.205 mq di pannelli fotovoltaici. Ebbene, considerato che un impianto fotovoltaico di 1000 mq produce in media 150.000 kWh all&#8217;anno di energia elettrica<a href=\"#_ftn8\" id=\"_ftnref8\">[8]<\/a>, la copertura del viadotto, oltre a fungere da barriera acustica potrebbe produrre 3.480.750 kWh all\u2019anno \u2026 una bella alternativa alla sparizione di campi coltivati in campagna, sempre pi\u00f9 incentivata<a href=\"#_ftn9\" id=\"_ftnref9\">[9]<\/a>.<\/p>\n\n\n\n<figure class=\"wp-block-image size-large\"><img loading=\"lazy\" decoding=\"async\" width=\"1024\" height=\"932\" data-attachment-id=\"3796\" data-permalink=\"https:\/\/www.picweb.it\/emm\/blog\/index.php\/2023\/02\/20\/rigenerazioni-urbane-possibili-capitolo-2\/viadotto-trasformato\/\" data-orig-file=\"https:\/\/www.picweb.it\/emm\/blog\/wp-content\/uploads\/2023\/02\/viadotto-trasformato-scaled.jpg\" data-orig-size=\"2560,2331\" data-comments-opened=\"1\" data-image-meta=\"{&quot;aperture&quot;:&quot;0&quot;,&quot;credit&quot;:&quot;anonymous&quot;,&quot;camera&quot;:&quot;&quot;,&quot;caption&quot;:&quot;&quot;,&quot;created_timestamp&quot;:&quot;0&quot;,&quot;copyright&quot;:&quot;&quot;,&quot;focal_length&quot;:&quot;0&quot;,&quot;iso&quot;:&quot;0&quot;,&quot;shutter_speed&quot;:&quot;0&quot;,&quot;title&quot;:&quot;&quot;,&quot;orientation&quot;:&quot;0&quot;}\" data-image-title=\"viadotto-trasformato\" data-image-description=\"\" data-image-caption=\"\" data-large-file=\"https:\/\/www.picweb.it\/emm\/blog\/wp-content\/uploads\/2023\/02\/viadotto-trasformato-1024x932.jpg\" src=\"https:\/\/www.picweb.it\/emm\/blog\/wp-content\/uploads\/2023\/02\/viadotto-trasformato-1024x932.jpg\" alt=\"\" class=\"wp-image-3796\" srcset=\"https:\/\/www.picweb.it\/emm\/blog\/wp-content\/uploads\/2023\/02\/viadotto-trasformato-1024x932.jpg 1024w, https:\/\/www.picweb.it\/emm\/blog\/wp-content\/uploads\/2023\/02\/viadotto-trasformato-300x273.jpg 300w, https:\/\/www.picweb.it\/emm\/blog\/wp-content\/uploads\/2023\/02\/viadotto-trasformato-768x699.jpg 768w, https:\/\/www.picweb.it\/emm\/blog\/wp-content\/uploads\/2023\/02\/viadotto-trasformato-1536x1399.jpg 1536w, https:\/\/www.picweb.it\/emm\/blog\/wp-content\/uploads\/2023\/02\/viadotto-trasformato-2048x1865.jpg 2048w, https:\/\/www.picweb.it\/emm\/blog\/wp-content\/uploads\/2023\/02\/viadotto-trasformato-700x637.jpg 700w, https:\/\/www.picweb.it\/emm\/blog\/wp-content\/uploads\/2023\/02\/viadotto-trasformato-520x474.jpg 520w, https:\/\/www.picweb.it\/emm\/blog\/wp-content\/uploads\/2023\/02\/viadotto-trasformato-360x328.jpg 360w, https:\/\/www.picweb.it\/emm\/blog\/wp-content\/uploads\/2023\/02\/viadotto-trasformato-250x228.jpg 250w, https:\/\/www.picweb.it\/emm\/blog\/wp-content\/uploads\/2023\/02\/viadotto-trasformato-100x91.jpg 100w\" sizes=\"(max-width: 1024px) 100vw, 1024px\" \/><figcaption class=\"wp-element-caption\">Daniel Glasgow \u2013 Ipotesi di trasformazione e copertura del Viadotto di Corso Francia in Mercato \u2013 studio di una campata in pianta, prospetto e sezione<\/figcaption><\/figure>\n\n\n\n<figure class=\"wp-block-image size-large\"><img loading=\"lazy\" decoding=\"async\" width=\"1024\" height=\"731\" data-attachment-id=\"3797\" data-permalink=\"https:\/\/www.picweb.it\/emm\/blog\/index.php\/2023\/02\/20\/rigenerazioni-urbane-possibili-capitolo-2\/spazi-commerciali\/\" data-orig-file=\"https:\/\/www.picweb.it\/emm\/blog\/wp-content\/uploads\/2023\/02\/Spazi-Commerciali.png\" data-orig-size=\"1233,880\" data-comments-opened=\"1\" data-image-meta=\"{&quot;aperture&quot;:&quot;0&quot;,&quot;credit&quot;:&quot;&quot;,&quot;camera&quot;:&quot;&quot;,&quot;caption&quot;:&quot;&quot;,&quot;created_timestamp&quot;:&quot;0&quot;,&quot;copyright&quot;:&quot;&quot;,&quot;focal_length&quot;:&quot;0&quot;,&quot;iso&quot;:&quot;0&quot;,&quot;shutter_speed&quot;:&quot;0&quot;,&quot;title&quot;:&quot;&quot;,&quot;orientation&quot;:&quot;0&quot;}\" data-image-title=\"Spazi-Commerciali\" data-image-description=\"\" data-image-caption=\"&lt;p&gt;Individuazione degli spazi commerciali di progetto&lt;\/p&gt;\n\" data-large-file=\"https:\/\/www.picweb.it\/emm\/blog\/wp-content\/uploads\/2023\/02\/Spazi-Commerciali-1024x731.png\" src=\"http:\/\/www.picweb.it\/emm\/blog\/wp-content\/uploads\/2023\/02\/Spazi-Commerciali-1024x731.png\" alt=\"\" class=\"wp-image-3797\" srcset=\"https:\/\/www.picweb.it\/emm\/blog\/wp-content\/uploads\/2023\/02\/Spazi-Commerciali-1024x731.png 1024w, https:\/\/www.picweb.it\/emm\/blog\/wp-content\/uploads\/2023\/02\/Spazi-Commerciali-300x214.png 300w, https:\/\/www.picweb.it\/emm\/blog\/wp-content\/uploads\/2023\/02\/Spazi-Commerciali-768x548.png 768w, https:\/\/www.picweb.it\/emm\/blog\/wp-content\/uploads\/2023\/02\/Spazi-Commerciali-700x500.png 700w, https:\/\/www.picweb.it\/emm\/blog\/wp-content\/uploads\/2023\/02\/Spazi-Commerciali-520x371.png 520w, https:\/\/www.picweb.it\/emm\/blog\/wp-content\/uploads\/2023\/02\/Spazi-Commerciali-360x257.png 360w, https:\/\/www.picweb.it\/emm\/blog\/wp-content\/uploads\/2023\/02\/Spazi-Commerciali-250x178.png 250w, https:\/\/www.picweb.it\/emm\/blog\/wp-content\/uploads\/2023\/02\/Spazi-Commerciali-100x71.png 100w, https:\/\/www.picweb.it\/emm\/blog\/wp-content\/uploads\/2023\/02\/Spazi-Commerciali.png 1233w\" sizes=\"(max-width: 1024px) 100vw, 1024px\" \/><figcaption class=\"wp-element-caption\">Individuazione degli spazi commerciali di progetto<\/figcaption><\/figure>\n\n\n\n<figure class=\"wp-block-image size-large\"><img loading=\"lazy\" decoding=\"async\" width=\"1024\" height=\"731\" data-attachment-id=\"3798\" data-permalink=\"https:\/\/www.picweb.it\/emm\/blog\/index.php\/2023\/02\/20\/rigenerazioni-urbane-possibili-capitolo-2\/viabilita-carrabile-e-pedonale\/\" data-orig-file=\"https:\/\/www.picweb.it\/emm\/blog\/wp-content\/uploads\/2023\/02\/Viabilita-carrabile-e-pedonale.jpg\" data-orig-size=\"1242,887\" data-comments-opened=\"1\" data-image-meta=\"{&quot;aperture&quot;:&quot;0&quot;,&quot;credit&quot;:&quot;&quot;,&quot;camera&quot;:&quot;&quot;,&quot;caption&quot;:&quot;&quot;,&quot;created_timestamp&quot;:&quot;0&quot;,&quot;copyright&quot;:&quot;&quot;,&quot;focal_length&quot;:&quot;0&quot;,&quot;iso&quot;:&quot;0&quot;,&quot;shutter_speed&quot;:&quot;0&quot;,&quot;title&quot;:&quot;&quot;,&quot;orientation&quot;:&quot;0&quot;}\" data-image-title=\"Viabilita-carrabile-e-pedonale\" data-image-description=\"\" data-image-caption=\"&lt;p&gt;In giallo e in viola rispettivamente le viabilit\u00e0 carrabile e pedonale di progetto&lt;\/p&gt;\n\" data-large-file=\"https:\/\/www.picweb.it\/emm\/blog\/wp-content\/uploads\/2023\/02\/Viabilita-carrabile-e-pedonale-1024x731.jpg\" src=\"http:\/\/www.picweb.it\/emm\/blog\/wp-content\/uploads\/2023\/02\/Viabilita-carrabile-e-pedonale-1024x731.jpg\" alt=\"\" class=\"wp-image-3798\" srcset=\"https:\/\/www.picweb.it\/emm\/blog\/wp-content\/uploads\/2023\/02\/Viabilita-carrabile-e-pedonale-1024x731.jpg 1024w, https:\/\/www.picweb.it\/emm\/blog\/wp-content\/uploads\/2023\/02\/Viabilita-carrabile-e-pedonale-300x214.jpg 300w, https:\/\/www.picweb.it\/emm\/blog\/wp-content\/uploads\/2023\/02\/Viabilita-carrabile-e-pedonale-768x548.jpg 768w, https:\/\/www.picweb.it\/emm\/blog\/wp-content\/uploads\/2023\/02\/Viabilita-carrabile-e-pedonale-700x500.jpg 700w, https:\/\/www.picweb.it\/emm\/blog\/wp-content\/uploads\/2023\/02\/Viabilita-carrabile-e-pedonale-520x371.jpg 520w, https:\/\/www.picweb.it\/emm\/blog\/wp-content\/uploads\/2023\/02\/Viabilita-carrabile-e-pedonale-360x257.jpg 360w, https:\/\/www.picweb.it\/emm\/blog\/wp-content\/uploads\/2023\/02\/Viabilita-carrabile-e-pedonale-250x179.jpg 250w, https:\/\/www.picweb.it\/emm\/blog\/wp-content\/uploads\/2023\/02\/Viabilita-carrabile-e-pedonale-100x71.jpg 100w, https:\/\/www.picweb.it\/emm\/blog\/wp-content\/uploads\/2023\/02\/Viabilita-carrabile-e-pedonale.jpg 1242w\" sizes=\"(max-width: 1024px) 100vw, 1024px\" \/><figcaption class=\"wp-element-caption\">In giallo e in viola rispettivamente le viabilit\u00e0 carrabile e pedonale di progetto<\/figcaption><\/figure>\n\n\n\n<p>Ovviamente, pensando a come realizzare questo massiccio intervento di trasformazione senza stravolgere l\u2019esistenza degli attuali residenti, si \u00e8 ipotizzato di procedere per fasi, operando sui vuoti esistenti, in modo da poter avere dei nuovi edifici, posti a poca distanza da quelli esistenti, dove far trasferire gli abitanti degli edifici da demolire.<\/p>\n\n\n\n<figure class=\"wp-block-image size-large\"><img loading=\"lazy\" decoding=\"async\" width=\"1024\" height=\"539\" data-attachment-id=\"3799\" data-permalink=\"https:\/\/www.picweb.it\/emm\/blog\/index.php\/2023\/02\/20\/rigenerazioni-urbane-possibili-capitolo-2\/microsoft-powerpoint-fasi\/\" data-orig-file=\"https:\/\/www.picweb.it\/emm\/blog\/wp-content\/uploads\/2023\/02\/Fasi-di-sviluppo.jpg\" data-orig-size=\"1378,725\" data-comments-opened=\"1\" data-image-meta=\"{&quot;aperture&quot;:&quot;0&quot;,&quot;credit&quot;:&quot;emazzola&quot;,&quot;camera&quot;:&quot;&quot;,&quot;caption&quot;:&quot;&quot;,&quot;created_timestamp&quot;:&quot;0&quot;,&quot;copyright&quot;:&quot;&quot;,&quot;focal_length&quot;:&quot;0&quot;,&quot;iso&quot;:&quot;0&quot;,&quot;shutter_speed&quot;:&quot;0&quot;,&quot;title&quot;:&quot;Microsoft PowerPoint - Fasi&quot;,&quot;orientation&quot;:&quot;0&quot;}\" data-image-title=\"Microsoft PowerPoint &amp;#8211; Fasi\" data-image-description=\"\" data-image-caption=\"&lt;p&gt;Fasi di sviluppo: in rosso le nuove costruzioni, in giallo le demolizioni&lt;\/p&gt;\n\" data-large-file=\"https:\/\/www.picweb.it\/emm\/blog\/wp-content\/uploads\/2023\/02\/Fasi-di-sviluppo-1024x539.jpg\" src=\"http:\/\/www.picweb.it\/emm\/blog\/wp-content\/uploads\/2023\/02\/Fasi-di-sviluppo-1024x539.jpg\" alt=\"\" class=\"wp-image-3799\" srcset=\"https:\/\/www.picweb.it\/emm\/blog\/wp-content\/uploads\/2023\/02\/Fasi-di-sviluppo-1024x539.jpg 1024w, https:\/\/www.picweb.it\/emm\/blog\/wp-content\/uploads\/2023\/02\/Fasi-di-sviluppo-300x158.jpg 300w, https:\/\/www.picweb.it\/emm\/blog\/wp-content\/uploads\/2023\/02\/Fasi-di-sviluppo-768x404.jpg 768w, https:\/\/www.picweb.it\/emm\/blog\/wp-content\/uploads\/2023\/02\/Fasi-di-sviluppo-700x368.jpg 700w, https:\/\/www.picweb.it\/emm\/blog\/wp-content\/uploads\/2023\/02\/Fasi-di-sviluppo-520x274.jpg 520w, https:\/\/www.picweb.it\/emm\/blog\/wp-content\/uploads\/2023\/02\/Fasi-di-sviluppo-360x189.jpg 360w, https:\/\/www.picweb.it\/emm\/blog\/wp-content\/uploads\/2023\/02\/Fasi-di-sviluppo-250x132.jpg 250w, https:\/\/www.picweb.it\/emm\/blog\/wp-content\/uploads\/2023\/02\/Fasi-di-sviluppo-100x53.jpg 100w, https:\/\/www.picweb.it\/emm\/blog\/wp-content\/uploads\/2023\/02\/Fasi-di-sviluppo.jpg 1378w\" sizes=\"(max-width: 1024px) 100vw, 1024px\" \/><figcaption class=\"wp-element-caption\">Fasi di sviluppo: in rosso le nuove costruzioni, in giallo le demolizioni<\/figcaption><\/figure>\n\n\n\n<p>Ovviamente la progettazione ha privilegiato l\u2019idea del mix funzionale e mix sociale, in modo che il nuovo edificato possa risultare un vero e proprio quartiere dotato di tutte le funzioni e gli spazi vitali, atti a renderlo autosufficiente e piacevole d\u2019essere vissuto.<\/p>\n\n\n\n<p>Lo sviluppo delle citt\u00e0 storiche, come infatti aveva gi\u00e0 chiaramente spiegato Gustavo Giovannoni ai primi del Novecento<a href=\"#_ftn10\" id=\"_ftnref10\">[10]<\/a>, \u00e8 sempre proceduto per <em>duplicazione e moltiplicazione di agglomerati autonomi e autosufficienti, questi agglomerati, in media, presentano un diametro tra gli 800 e i 1000 metri<\/em> \u2026 ovvero quella distanza massima pari a 10 minuti a piedi, tanto in voga oggi tra i rappresentanti del New Urbanism e i loro emulatori.<\/p>\n\n\n\n<p>Diversamente dal modo di concepire le citt\u00e0 moderne zonizzate, quelle citt\u00e0 prevedevano una commistione di funzioni e una equa distribuzione di edifici pubblici all\u2019interno dell\u2019ambiente edificato e, conseguentemente, una serie di piazze e piazzette interconnesse tra loro, disposte lungo le principali strade cittadine \u2026 che comunemente definiamo \u201c<em>sequenze urbane principali<\/em>\u201d<a href=\"#_ftn11\" id=\"_ftnref11\">[11]<\/a>.<\/p>\n\n\n\n<figure class=\"wp-block-image size-large\"><img loading=\"lazy\" decoding=\"async\" width=\"1024\" height=\"731\" data-attachment-id=\"3800\" data-permalink=\"https:\/\/www.picweb.it\/emm\/blog\/index.php\/2023\/02\/20\/rigenerazioni-urbane-possibili-capitolo-2\/res-publica-res-privata\/\" data-orig-file=\"https:\/\/www.picweb.it\/emm\/blog\/wp-content\/uploads\/2023\/02\/Res-Publica-Res-Privata.jpg\" data-orig-size=\"1201,857\" data-comments-opened=\"1\" data-image-meta=\"{&quot;aperture&quot;:&quot;0&quot;,&quot;credit&quot;:&quot;&quot;,&quot;camera&quot;:&quot;&quot;,&quot;caption&quot;:&quot;&quot;,&quot;created_timestamp&quot;:&quot;0&quot;,&quot;copyright&quot;:&quot;&quot;,&quot;focal_length&quot;:&quot;0&quot;,&quot;iso&quot;:&quot;0&quot;,&quot;shutter_speed&quot;:&quot;0&quot;,&quot;title&quot;:&quot;&quot;,&quot;orientation&quot;:&quot;0&quot;}\" data-image-title=\"Res Publica &amp;#8211; Res Privata\" data-image-description=\"\" data-image-caption=\"&lt;p&gt;In rosso gli edifici speciali e funzione pubblica, in nero gli edifici a destinazione residenziale-commerciale&lt;\/p&gt;\n\" data-large-file=\"https:\/\/www.picweb.it\/emm\/blog\/wp-content\/uploads\/2023\/02\/Res-Publica-Res-Privata-1024x731.jpg\" src=\"http:\/\/www.picweb.it\/emm\/blog\/wp-content\/uploads\/2023\/02\/Res-Publica-Res-Privata-1024x731.jpg\" alt=\"\" class=\"wp-image-3800\" srcset=\"https:\/\/www.picweb.it\/emm\/blog\/wp-content\/uploads\/2023\/02\/Res-Publica-Res-Privata-1024x731.jpg 1024w, https:\/\/www.picweb.it\/emm\/blog\/wp-content\/uploads\/2023\/02\/Res-Publica-Res-Privata-300x214.jpg 300w, https:\/\/www.picweb.it\/emm\/blog\/wp-content\/uploads\/2023\/02\/Res-Publica-Res-Privata-768x548.jpg 768w, https:\/\/www.picweb.it\/emm\/blog\/wp-content\/uploads\/2023\/02\/Res-Publica-Res-Privata-700x500.jpg 700w, https:\/\/www.picweb.it\/emm\/blog\/wp-content\/uploads\/2023\/02\/Res-Publica-Res-Privata-520x371.jpg 520w, https:\/\/www.picweb.it\/emm\/blog\/wp-content\/uploads\/2023\/02\/Res-Publica-Res-Privata-360x257.jpg 360w, https:\/\/www.picweb.it\/emm\/blog\/wp-content\/uploads\/2023\/02\/Res-Publica-Res-Privata-250x178.jpg 250w, https:\/\/www.picweb.it\/emm\/blog\/wp-content\/uploads\/2023\/02\/Res-Publica-Res-Privata-100x71.jpg 100w, https:\/\/www.picweb.it\/emm\/blog\/wp-content\/uploads\/2023\/02\/Res-Publica-Res-Privata.jpg 1201w\" sizes=\"(max-width: 1024px) 100vw, 1024px\" \/><figcaption class=\"wp-element-caption\">In rosso gli edifici speciali e funzione pubblica, in nero gli edifici a destinazione residenziale-commerciale<\/figcaption><\/figure>\n\n\n\n<p>In virt\u00f9 di questo principio \u2013 fondamentale per il \u201c<em>disegno della citt\u00e0<\/em>\u201d \u2013 i progettisti hanno strutturato il loro Master Plan in modo che il nuovo edificato andasse a collegarsi con gli assi dell\u2019edificato circostante e valorizzasse le <em>emergenze architettoniche <\/em>prossime all\u2019area. Ne \u00e8 scaturito un sistema di <em>sequenze urbane<\/em> (lineari e anulare) interconnesse tra loro, lungo le quali si incontrano ben 13, tra piazze e piazzette e un grande parco di quartiere \u2026 un sistema che, sostanzialmente, riporta l\u2019area ad una dimensione pedonale, sebbene accessibile al traffico veicolare.<\/p>\n\n\n\n<figure class=\"wp-block-image size-large\"><img loading=\"lazy\" decoding=\"async\" width=\"1024\" height=\"731\" data-attachment-id=\"3801\" data-permalink=\"https:\/\/www.picweb.it\/emm\/blog\/index.php\/2023\/02\/20\/rigenerazioni-urbane-possibili-capitolo-2\/sequenza-pedonale-ponte-milvio-stadio-flaminio\/\" data-orig-file=\"https:\/\/www.picweb.it\/emm\/blog\/wp-content\/uploads\/2023\/02\/Sequenza-Pedonale-Ponte-Milvio-Stadio-Flaminio.jpg\" data-orig-size=\"1271,907\" data-comments-opened=\"1\" data-image-meta=\"{&quot;aperture&quot;:&quot;0&quot;,&quot;credit&quot;:&quot;&quot;,&quot;camera&quot;:&quot;&quot;,&quot;caption&quot;:&quot;&quot;,&quot;created_timestamp&quot;:&quot;0&quot;,&quot;copyright&quot;:&quot;&quot;,&quot;focal_length&quot;:&quot;0&quot;,&quot;iso&quot;:&quot;0&quot;,&quot;shutter_speed&quot;:&quot;0&quot;,&quot;title&quot;:&quot;&quot;,&quot;orientation&quot;:&quot;0&quot;}\" data-image-title=\"Sequenza Pedonale Ponte Milvio Stadio Flaminio\" data-image-description=\"\" data-image-caption=\"&lt;p&gt;Sequenza Pedonale Ponte Milvio Stadio Flaminio&lt;\/p&gt;\n\" data-large-file=\"https:\/\/www.picweb.it\/emm\/blog\/wp-content\/uploads\/2023\/02\/Sequenza-Pedonale-Ponte-Milvio-Stadio-Flaminio-1024x731.jpg\" src=\"http:\/\/www.picweb.it\/emm\/blog\/wp-content\/uploads\/2023\/02\/Sequenza-Pedonale-Ponte-Milvio-Stadio-Flaminio-1024x731.jpg\" alt=\"\" class=\"wp-image-3801\" srcset=\"https:\/\/www.picweb.it\/emm\/blog\/wp-content\/uploads\/2023\/02\/Sequenza-Pedonale-Ponte-Milvio-Stadio-Flaminio-1024x731.jpg 1024w, https:\/\/www.picweb.it\/emm\/blog\/wp-content\/uploads\/2023\/02\/Sequenza-Pedonale-Ponte-Milvio-Stadio-Flaminio-300x214.jpg 300w, https:\/\/www.picweb.it\/emm\/blog\/wp-content\/uploads\/2023\/02\/Sequenza-Pedonale-Ponte-Milvio-Stadio-Flaminio-768x548.jpg 768w, https:\/\/www.picweb.it\/emm\/blog\/wp-content\/uploads\/2023\/02\/Sequenza-Pedonale-Ponte-Milvio-Stadio-Flaminio-700x500.jpg 700w, https:\/\/www.picweb.it\/emm\/blog\/wp-content\/uploads\/2023\/02\/Sequenza-Pedonale-Ponte-Milvio-Stadio-Flaminio-520x371.jpg 520w, https:\/\/www.picweb.it\/emm\/blog\/wp-content\/uploads\/2023\/02\/Sequenza-Pedonale-Ponte-Milvio-Stadio-Flaminio-360x257.jpg 360w, https:\/\/www.picweb.it\/emm\/blog\/wp-content\/uploads\/2023\/02\/Sequenza-Pedonale-Ponte-Milvio-Stadio-Flaminio-250x178.jpg 250w, https:\/\/www.picweb.it\/emm\/blog\/wp-content\/uploads\/2023\/02\/Sequenza-Pedonale-Ponte-Milvio-Stadio-Flaminio-100x71.jpg 100w, https:\/\/www.picweb.it\/emm\/blog\/wp-content\/uploads\/2023\/02\/Sequenza-Pedonale-Ponte-Milvio-Stadio-Flaminio.jpg 1271w\" sizes=\"(max-width: 1024px) 100vw, 1024px\" \/><figcaption class=\"wp-element-caption\">Sequenza Pedonale Ponte Milvio Stadio Flaminio<\/figcaption><\/figure>\n\n\n\n<figure class=\"wp-block-image size-large\"><img loading=\"lazy\" decoding=\"async\" width=\"1024\" height=\"731\" data-attachment-id=\"3802\" data-permalink=\"https:\/\/www.picweb.it\/emm\/blog\/index.php\/2023\/02\/20\/rigenerazioni-urbane-possibili-capitolo-2\/sequenza-urbana-verso-il-parco-della-musica\/\" data-orig-file=\"https:\/\/www.picweb.it\/emm\/blog\/wp-content\/uploads\/2023\/02\/Sequenza-Urbana-verso-il-Parco-della-Musica.jpg\" data-orig-size=\"1271,907\" data-comments-opened=\"1\" data-image-meta=\"{&quot;aperture&quot;:&quot;0&quot;,&quot;credit&quot;:&quot;&quot;,&quot;camera&quot;:&quot;&quot;,&quot;caption&quot;:&quot;&quot;,&quot;created_timestamp&quot;:&quot;0&quot;,&quot;copyright&quot;:&quot;&quot;,&quot;focal_length&quot;:&quot;0&quot;,&quot;iso&quot;:&quot;0&quot;,&quot;shutter_speed&quot;:&quot;0&quot;,&quot;title&quot;:&quot;&quot;,&quot;orientation&quot;:&quot;0&quot;}\" data-image-title=\"Sequenza Urbana verso il Parco della Musica\" data-image-description=\"\" data-image-caption=\"&lt;p&gt;Sequenza Urbana dalla nuova chiesa di San Valentino ai Parioli al Parco della Musica&lt;\/p&gt;\n\" data-large-file=\"https:\/\/www.picweb.it\/emm\/blog\/wp-content\/uploads\/2023\/02\/Sequenza-Urbana-verso-il-Parco-della-Musica-1024x731.jpg\" src=\"http:\/\/www.picweb.it\/emm\/blog\/wp-content\/uploads\/2023\/02\/Sequenza-Urbana-verso-il-Parco-della-Musica-1024x731.jpg\" alt=\"\" class=\"wp-image-3802\" srcset=\"https:\/\/www.picweb.it\/emm\/blog\/wp-content\/uploads\/2023\/02\/Sequenza-Urbana-verso-il-Parco-della-Musica-1024x731.jpg 1024w, https:\/\/www.picweb.it\/emm\/blog\/wp-content\/uploads\/2023\/02\/Sequenza-Urbana-verso-il-Parco-della-Musica-300x214.jpg 300w, https:\/\/www.picweb.it\/emm\/blog\/wp-content\/uploads\/2023\/02\/Sequenza-Urbana-verso-il-Parco-della-Musica-768x548.jpg 768w, https:\/\/www.picweb.it\/emm\/blog\/wp-content\/uploads\/2023\/02\/Sequenza-Urbana-verso-il-Parco-della-Musica-700x500.jpg 700w, https:\/\/www.picweb.it\/emm\/blog\/wp-content\/uploads\/2023\/02\/Sequenza-Urbana-verso-il-Parco-della-Musica-520x371.jpg 520w, https:\/\/www.picweb.it\/emm\/blog\/wp-content\/uploads\/2023\/02\/Sequenza-Urbana-verso-il-Parco-della-Musica-360x257.jpg 360w, https:\/\/www.picweb.it\/emm\/blog\/wp-content\/uploads\/2023\/02\/Sequenza-Urbana-verso-il-Parco-della-Musica-250x178.jpg 250w, https:\/\/www.picweb.it\/emm\/blog\/wp-content\/uploads\/2023\/02\/Sequenza-Urbana-verso-il-Parco-della-Musica-100x71.jpg 100w, https:\/\/www.picweb.it\/emm\/blog\/wp-content\/uploads\/2023\/02\/Sequenza-Urbana-verso-il-Parco-della-Musica.jpg 1271w\" sizes=\"(max-width: 1024px) 100vw, 1024px\" \/><figcaption class=\"wp-element-caption\">Sequenza Urbana dalla nuova chiesa di San Valentino ai Parioli al Parco della Musica<\/figcaption><\/figure>\n\n\n\n<figure class=\"wp-block-image size-large\"><img loading=\"lazy\" decoding=\"async\" width=\"1024\" height=\"731\" data-attachment-id=\"3803\" data-permalink=\"https:\/\/www.picweb.it\/emm\/blog\/index.php\/2023\/02\/20\/rigenerazioni-urbane-possibili-capitolo-2\/sequenza-pedonale-da-scuola-a-scuola-proposte\/\" data-orig-file=\"https:\/\/www.picweb.it\/emm\/blog\/wp-content\/uploads\/2023\/02\/Sequenza-Pedonale-da-Scuola-a-Scuola-proposte.jpg\" data-orig-size=\"1271,907\" data-comments-opened=\"1\" data-image-meta=\"{&quot;aperture&quot;:&quot;0&quot;,&quot;credit&quot;:&quot;&quot;,&quot;camera&quot;:&quot;&quot;,&quot;caption&quot;:&quot;&quot;,&quot;created_timestamp&quot;:&quot;0&quot;,&quot;copyright&quot;:&quot;&quot;,&quot;focal_length&quot;:&quot;0&quot;,&quot;iso&quot;:&quot;0&quot;,&quot;shutter_speed&quot;:&quot;0&quot;,&quot;title&quot;:&quot;&quot;,&quot;orientation&quot;:&quot;0&quot;}\" data-image-title=\"Sequenza Pedonale da Scuola a Scuola proposte\" data-image-description=\"\" data-image-caption=\"&lt;p&gt;Sequenza urbana dalla piazza della nuova scuola alla piazza prospiciente il nuovo Liceo Linguistico Lucrezio Caro&lt;\/p&gt;\n\" data-large-file=\"https:\/\/www.picweb.it\/emm\/blog\/wp-content\/uploads\/2023\/02\/Sequenza-Pedonale-da-Scuola-a-Scuola-proposte-1024x731.jpg\" src=\"http:\/\/www.picweb.it\/emm\/blog\/wp-content\/uploads\/2023\/02\/Sequenza-Pedonale-da-Scuola-a-Scuola-proposte-1024x731.jpg\" alt=\"\" class=\"wp-image-3803\" srcset=\"https:\/\/www.picweb.it\/emm\/blog\/wp-content\/uploads\/2023\/02\/Sequenza-Pedonale-da-Scuola-a-Scuola-proposte-1024x731.jpg 1024w, https:\/\/www.picweb.it\/emm\/blog\/wp-content\/uploads\/2023\/02\/Sequenza-Pedonale-da-Scuola-a-Scuola-proposte-300x214.jpg 300w, https:\/\/www.picweb.it\/emm\/blog\/wp-content\/uploads\/2023\/02\/Sequenza-Pedonale-da-Scuola-a-Scuola-proposte-768x548.jpg 768w, https:\/\/www.picweb.it\/emm\/blog\/wp-content\/uploads\/2023\/02\/Sequenza-Pedonale-da-Scuola-a-Scuola-proposte-700x500.jpg 700w, https:\/\/www.picweb.it\/emm\/blog\/wp-content\/uploads\/2023\/02\/Sequenza-Pedonale-da-Scuola-a-Scuola-proposte-520x371.jpg 520w, https:\/\/www.picweb.it\/emm\/blog\/wp-content\/uploads\/2023\/02\/Sequenza-Pedonale-da-Scuola-a-Scuola-proposte-360x257.jpg 360w, https:\/\/www.picweb.it\/emm\/blog\/wp-content\/uploads\/2023\/02\/Sequenza-Pedonale-da-Scuola-a-Scuola-proposte-250x178.jpg 250w, https:\/\/www.picweb.it\/emm\/blog\/wp-content\/uploads\/2023\/02\/Sequenza-Pedonale-da-Scuola-a-Scuola-proposte-100x71.jpg 100w, https:\/\/www.picweb.it\/emm\/blog\/wp-content\/uploads\/2023\/02\/Sequenza-Pedonale-da-Scuola-a-Scuola-proposte.jpg 1271w\" sizes=\"(max-width: 1024px) 100vw, 1024px\" \/><figcaption class=\"wp-element-caption\">Sequenza urbana dalla piazza della nuova scuola alla piazza prospiciente il nuovo Liceo Linguistico Lucrezio Caro<\/figcaption><\/figure>\n\n\n\n<figure class=\"wp-block-image size-large\"><img loading=\"lazy\" decoding=\"async\" width=\"1024\" height=\"731\" data-attachment-id=\"3804\" data-permalink=\"https:\/\/www.picweb.it\/emm\/blog\/index.php\/2023\/02\/20\/rigenerazioni-urbane-possibili-capitolo-2\/sequenza-pedonale-circuito-quadrato-interno\/\" data-orig-file=\"https:\/\/www.picweb.it\/emm\/blog\/wp-content\/uploads\/2023\/02\/Sequenza-Pedonale-circuito-quadrato-interno.jpg\" data-orig-size=\"1271,907\" data-comments-opened=\"1\" data-image-meta=\"{&quot;aperture&quot;:&quot;0&quot;,&quot;credit&quot;:&quot;&quot;,&quot;camera&quot;:&quot;&quot;,&quot;caption&quot;:&quot;&quot;,&quot;created_timestamp&quot;:&quot;0&quot;,&quot;copyright&quot;:&quot;&quot;,&quot;focal_length&quot;:&quot;0&quot;,&quot;iso&quot;:&quot;0&quot;,&quot;shutter_speed&quot;:&quot;0&quot;,&quot;title&quot;:&quot;&quot;,&quot;orientation&quot;:&quot;0&quot;}\" data-image-title=\"Sequenza Pedonale circuito quadrato interno\" data-image-description=\"\" data-image-caption=\"&lt;p&gt;Sequenza urbana anulare attraverso il mercato longitudinale sottostante il Viadotto di Corso Francia&lt;\/p&gt;\n\" data-large-file=\"https:\/\/www.picweb.it\/emm\/blog\/wp-content\/uploads\/2023\/02\/Sequenza-Pedonale-circuito-quadrato-interno-1024x731.jpg\" src=\"http:\/\/www.picweb.it\/emm\/blog\/wp-content\/uploads\/2023\/02\/Sequenza-Pedonale-circuito-quadrato-interno-1024x731.jpg\" alt=\"\" class=\"wp-image-3804\" srcset=\"https:\/\/www.picweb.it\/emm\/blog\/wp-content\/uploads\/2023\/02\/Sequenza-Pedonale-circuito-quadrato-interno-1024x731.jpg 1024w, https:\/\/www.picweb.it\/emm\/blog\/wp-content\/uploads\/2023\/02\/Sequenza-Pedonale-circuito-quadrato-interno-300x214.jpg 300w, https:\/\/www.picweb.it\/emm\/blog\/wp-content\/uploads\/2023\/02\/Sequenza-Pedonale-circuito-quadrato-interno-768x548.jpg 768w, https:\/\/www.picweb.it\/emm\/blog\/wp-content\/uploads\/2023\/02\/Sequenza-Pedonale-circuito-quadrato-interno-700x500.jpg 700w, https:\/\/www.picweb.it\/emm\/blog\/wp-content\/uploads\/2023\/02\/Sequenza-Pedonale-circuito-quadrato-interno-520x371.jpg 520w, https:\/\/www.picweb.it\/emm\/blog\/wp-content\/uploads\/2023\/02\/Sequenza-Pedonale-circuito-quadrato-interno-360x257.jpg 360w, https:\/\/www.picweb.it\/emm\/blog\/wp-content\/uploads\/2023\/02\/Sequenza-Pedonale-circuito-quadrato-interno-250x178.jpg 250w, https:\/\/www.picweb.it\/emm\/blog\/wp-content\/uploads\/2023\/02\/Sequenza-Pedonale-circuito-quadrato-interno-100x71.jpg 100w, https:\/\/www.picweb.it\/emm\/blog\/wp-content\/uploads\/2023\/02\/Sequenza-Pedonale-circuito-quadrato-interno.jpg 1271w\" sizes=\"(max-width: 1024px) 100vw, 1024px\" \/><figcaption class=\"wp-element-caption\">Sequenza urbana anulare attraverso il mercato longitudinale sottostante il Viadotto di Corso Francia<\/figcaption><\/figure>\n\n\n\n<p>Nella progettazione dell\u2019edificato, molto ha giovato lo studio degli splendidi caseggiati dell\u2019ICP <em>Flaminio II<\/em> caratterizzati da cortili a giardino interni, progettati nel 1925-27 da G. Wittinch, A. Limongelli e M. De Renzi, cos\u00ec come lo studio del <em>Complesso della Cooperativa di Dipendenti Postelegrafonici<\/em> (oggi denominata <em>Villa Riccio<\/em>) \u2013 progettato nel 1919 da E. Negri \u2013 costituito da una serie di semplici e bei villini immersi nel verde.<\/p>\n\n\n\n<figure class=\"wp-block-image size-large\"><img loading=\"lazy\" decoding=\"async\" width=\"1024\" height=\"511\" data-attachment-id=\"3808\" data-permalink=\"https:\/\/www.picweb.it\/emm\/blog\/index.php\/2023\/02\/20\/rigenerazioni-urbane-possibili-capitolo-2\/complesso-icp-flaminio-2\/\" data-orig-file=\"https:\/\/www.picweb.it\/emm\/blog\/wp-content\/uploads\/2023\/02\/Complesso-ICP-Flaminio-1.jpg\" data-orig-size=\"1764,880\" data-comments-opened=\"1\" data-image-meta=\"{&quot;aperture&quot;:&quot;0&quot;,&quot;credit&quot;:&quot;&quot;,&quot;camera&quot;:&quot;&quot;,&quot;caption&quot;:&quot;&quot;,&quot;created_timestamp&quot;:&quot;0&quot;,&quot;copyright&quot;:&quot;&quot;,&quot;focal_length&quot;:&quot;0&quot;,&quot;iso&quot;:&quot;0&quot;,&quot;shutter_speed&quot;:&quot;0&quot;,&quot;title&quot;:&quot;&quot;,&quot;orientation&quot;:&quot;0&quot;}\" data-image-title=\"Complesso ICP Flaminio\" data-image-description=\"\" data-image-caption=\"&lt;p&gt;Vista satellitare del Flaminio II di Wittinch, Limongelli e De Renzi (a sinistra) e del Complesso della Cooperativa di Dipendenti Postelegrafonici di Negri (a destra)&lt;\/p&gt;\n\" data-large-file=\"https:\/\/www.picweb.it\/emm\/blog\/wp-content\/uploads\/2023\/02\/Complesso-ICP-Flaminio-1-1024x511.jpg\" src=\"http:\/\/www.picweb.it\/emm\/blog\/wp-content\/uploads\/2023\/02\/Complesso-ICP-Flaminio-1-1024x511.jpg\" alt=\"\" class=\"wp-image-3808\" srcset=\"https:\/\/www.picweb.it\/emm\/blog\/wp-content\/uploads\/2023\/02\/Complesso-ICP-Flaminio-1-1024x511.jpg 1024w, https:\/\/www.picweb.it\/emm\/blog\/wp-content\/uploads\/2023\/02\/Complesso-ICP-Flaminio-1-300x150.jpg 300w, https:\/\/www.picweb.it\/emm\/blog\/wp-content\/uploads\/2023\/02\/Complesso-ICP-Flaminio-1-768x383.jpg 768w, https:\/\/www.picweb.it\/emm\/blog\/wp-content\/uploads\/2023\/02\/Complesso-ICP-Flaminio-1-1536x766.jpg 1536w, https:\/\/www.picweb.it\/emm\/blog\/wp-content\/uploads\/2023\/02\/Complesso-ICP-Flaminio-1-700x349.jpg 700w, https:\/\/www.picweb.it\/emm\/blog\/wp-content\/uploads\/2023\/02\/Complesso-ICP-Flaminio-1-520x259.jpg 520w, https:\/\/www.picweb.it\/emm\/blog\/wp-content\/uploads\/2023\/02\/Complesso-ICP-Flaminio-1-360x180.jpg 360w, https:\/\/www.picweb.it\/emm\/blog\/wp-content\/uploads\/2023\/02\/Complesso-ICP-Flaminio-1-250x125.jpg 250w, https:\/\/www.picweb.it\/emm\/blog\/wp-content\/uploads\/2023\/02\/Complesso-ICP-Flaminio-1-100x50.jpg 100w, https:\/\/www.picweb.it\/emm\/blog\/wp-content\/uploads\/2023\/02\/Complesso-ICP-Flaminio-1.jpg 1764w\" sizes=\"(max-width: 1024px) 100vw, 1024px\" \/><figcaption class=\"wp-element-caption\">Vista satellitare del Flaminio II di Wittinch, Limongelli e De Renzi (a sinistra) e del Complesso della Cooperativa di Dipendenti Postelegrafonici di Negri (a destra)<\/figcaption><\/figure>\n\n\n\n<figure class=\"wp-block-image size-large\"><img loading=\"lazy\" decoding=\"async\" width=\"1024\" height=\"632\" data-attachment-id=\"3806\" data-permalink=\"https:\/\/www.picweb.it\/emm\/blog\/index.php\/2023\/02\/20\/rigenerazioni-urbane-possibili-capitolo-2\/complesso-icp-piazza-perin-del-vaga\/\" data-orig-file=\"https:\/\/www.picweb.it\/emm\/blog\/wp-content\/uploads\/2023\/02\/Complesso-ICP-Piazza-Perin-del-Vaga.jpg\" data-orig-size=\"1587,979\" data-comments-opened=\"1\" data-image-meta=\"{&quot;aperture&quot;:&quot;0&quot;,&quot;credit&quot;:&quot;&quot;,&quot;camera&quot;:&quot;&quot;,&quot;caption&quot;:&quot;&quot;,&quot;created_timestamp&quot;:&quot;0&quot;,&quot;copyright&quot;:&quot;&quot;,&quot;focal_length&quot;:&quot;0&quot;,&quot;iso&quot;:&quot;0&quot;,&quot;shutter_speed&quot;:&quot;0&quot;,&quot;title&quot;:&quot;&quot;,&quot;orientation&quot;:&quot;0&quot;}\" data-image-title=\"Complesso ICP Piazza Perin del Vaga\" data-image-description=\"\" data-image-caption=\"&lt;p&gt;Vista aerea del Quartiere ICP Flaminio II di G. Wittinch, A, Limongelli e M. De Renzi tra Piazza Melozzo da Forl\u00ec, Piazza Perin del Vaga e il Lungotevere Flaminio \u2026 uno degli ultimi esempi di quartiere con piazze&lt;\/p&gt;\n\" data-large-file=\"https:\/\/www.picweb.it\/emm\/blog\/wp-content\/uploads\/2023\/02\/Complesso-ICP-Piazza-Perin-del-Vaga-1024x632.jpg\" src=\"http:\/\/www.picweb.it\/emm\/blog\/wp-content\/uploads\/2023\/02\/Complesso-ICP-Piazza-Perin-del-Vaga-1024x632.jpg\" alt=\"\" class=\"wp-image-3806\" srcset=\"https:\/\/www.picweb.it\/emm\/blog\/wp-content\/uploads\/2023\/02\/Complesso-ICP-Piazza-Perin-del-Vaga-1024x632.jpg 1024w, https:\/\/www.picweb.it\/emm\/blog\/wp-content\/uploads\/2023\/02\/Complesso-ICP-Piazza-Perin-del-Vaga-300x185.jpg 300w, https:\/\/www.picweb.it\/emm\/blog\/wp-content\/uploads\/2023\/02\/Complesso-ICP-Piazza-Perin-del-Vaga-768x474.jpg 768w, https:\/\/www.picweb.it\/emm\/blog\/wp-content\/uploads\/2023\/02\/Complesso-ICP-Piazza-Perin-del-Vaga-1536x948.jpg 1536w, https:\/\/www.picweb.it\/emm\/blog\/wp-content\/uploads\/2023\/02\/Complesso-ICP-Piazza-Perin-del-Vaga-700x432.jpg 700w, https:\/\/www.picweb.it\/emm\/blog\/wp-content\/uploads\/2023\/02\/Complesso-ICP-Piazza-Perin-del-Vaga-520x321.jpg 520w, https:\/\/www.picweb.it\/emm\/blog\/wp-content\/uploads\/2023\/02\/Complesso-ICP-Piazza-Perin-del-Vaga-360x222.jpg 360w, https:\/\/www.picweb.it\/emm\/blog\/wp-content\/uploads\/2023\/02\/Complesso-ICP-Piazza-Perin-del-Vaga-500x310.jpg 500w, https:\/\/www.picweb.it\/emm\/blog\/wp-content\/uploads\/2023\/02\/Complesso-ICP-Piazza-Perin-del-Vaga-250x154.jpg 250w, https:\/\/www.picweb.it\/emm\/blog\/wp-content\/uploads\/2023\/02\/Complesso-ICP-Piazza-Perin-del-Vaga-100x62.jpg 100w, https:\/\/www.picweb.it\/emm\/blog\/wp-content\/uploads\/2023\/02\/Complesso-ICP-Piazza-Perin-del-Vaga.jpg 1587w\" sizes=\"(max-width: 1024px) 100vw, 1024px\" \/><figcaption class=\"wp-element-caption\">Vista aerea del Quartiere ICP Flaminio II di G. Wittinch, A, Limongelli e M. De Renzi tra Piazza Melozzo da Forl\u00ec, Piazza Perin del Vaga e il Lungotevere Flaminio \u2026 uno degli ultimi esempi di quartiere con piazze<\/figcaption><\/figure>\n\n\n\n<figure class=\"wp-block-image size-large\"><img loading=\"lazy\" decoding=\"async\" width=\"1024\" height=\"556\" data-attachment-id=\"3807\" data-permalink=\"https:\/\/www.picweb.it\/emm\/blog\/index.php\/2023\/02\/20\/rigenerazioni-urbane-possibili-capitolo-2\/complesso-postelegrafonici-lungotevere-flaminio\/\" data-orig-file=\"https:\/\/www.picweb.it\/emm\/blog\/wp-content\/uploads\/2023\/02\/Complesso-postelegrafonici-lungotevere-Flaminio.jpg\" data-orig-size=\"1725,937\" data-comments-opened=\"1\" data-image-meta=\"{&quot;aperture&quot;:&quot;0&quot;,&quot;credit&quot;:&quot;&quot;,&quot;camera&quot;:&quot;&quot;,&quot;caption&quot;:&quot;&quot;,&quot;created_timestamp&quot;:&quot;0&quot;,&quot;copyright&quot;:&quot;&quot;,&quot;focal_length&quot;:&quot;0&quot;,&quot;iso&quot;:&quot;0&quot;,&quot;shutter_speed&quot;:&quot;0&quot;,&quot;title&quot;:&quot;&quot;,&quot;orientation&quot;:&quot;0&quot;}\" data-image-title=\"Complesso postelegrafonici lungotevere Flaminio\" data-image-description=\"\" data-image-caption=\"&lt;p&gt;Vista aerea del Complesso della Cooperativa di Dipendenti Postelegrafonici (Villa Riccio) di E. Negri&lt;\/p&gt;\n\" data-large-file=\"https:\/\/www.picweb.it\/emm\/blog\/wp-content\/uploads\/2023\/02\/Complesso-postelegrafonici-lungotevere-Flaminio-1024x556.jpg\" src=\"http:\/\/www.picweb.it\/emm\/blog\/wp-content\/uploads\/2023\/02\/Complesso-postelegrafonici-lungotevere-Flaminio-1024x556.jpg\" alt=\"\" class=\"wp-image-3807\" srcset=\"https:\/\/www.picweb.it\/emm\/blog\/wp-content\/uploads\/2023\/02\/Complesso-postelegrafonici-lungotevere-Flaminio-1024x556.jpg 1024w, https:\/\/www.picweb.it\/emm\/blog\/wp-content\/uploads\/2023\/02\/Complesso-postelegrafonici-lungotevere-Flaminio-300x163.jpg 300w, https:\/\/www.picweb.it\/emm\/blog\/wp-content\/uploads\/2023\/02\/Complesso-postelegrafonici-lungotevere-Flaminio-768x417.jpg 768w, https:\/\/www.picweb.it\/emm\/blog\/wp-content\/uploads\/2023\/02\/Complesso-postelegrafonici-lungotevere-Flaminio-1536x834.jpg 1536w, https:\/\/www.picweb.it\/emm\/blog\/wp-content\/uploads\/2023\/02\/Complesso-postelegrafonici-lungotevere-Flaminio-700x380.jpg 700w, https:\/\/www.picweb.it\/emm\/blog\/wp-content\/uploads\/2023\/02\/Complesso-postelegrafonici-lungotevere-Flaminio-520x282.jpg 520w, https:\/\/www.picweb.it\/emm\/blog\/wp-content\/uploads\/2023\/02\/Complesso-postelegrafonici-lungotevere-Flaminio-360x196.jpg 360w, https:\/\/www.picweb.it\/emm\/blog\/wp-content\/uploads\/2023\/02\/Complesso-postelegrafonici-lungotevere-Flaminio-250x136.jpg 250w, https:\/\/www.picweb.it\/emm\/blog\/wp-content\/uploads\/2023\/02\/Complesso-postelegrafonici-lungotevere-Flaminio-100x54.jpg 100w, https:\/\/www.picweb.it\/emm\/blog\/wp-content\/uploads\/2023\/02\/Complesso-postelegrafonici-lungotevere-Flaminio.jpg 1725w\" sizes=\"(max-width: 1024px) 100vw, 1024px\" \/><figcaption class=\"wp-element-caption\">Vista aerea del Complesso della Cooperativa di Dipendenti Postelegrafonici (Villa Riccio) di E. Negri<\/figcaption><\/figure>\n\n\n\n<figure class=\"wp-block-image size-large\"><img loading=\"lazy\" decoding=\"async\" width=\"768\" height=\"1024\" data-attachment-id=\"3809\" data-permalink=\"https:\/\/www.picweb.it\/emm\/blog\/index.php\/2023\/02\/20\/rigenerazioni-urbane-possibili-capitolo-2\/fontana-in-piazza-perin-del-vaga-quartiere-istituto-case-popolari-flaminio\/\" data-orig-file=\"https:\/\/www.picweb.it\/emm\/blog\/wp-content\/uploads\/2023\/02\/Fontana-in-Piazza-Perin-del-Vaga-Quartiere-Istituto-Case-Popolari-Flaminio.jpg\" data-orig-size=\"1200,1600\" data-comments-opened=\"1\" data-image-meta=\"{&quot;aperture&quot;:&quot;0&quot;,&quot;credit&quot;:&quot;&quot;,&quot;camera&quot;:&quot;&quot;,&quot;caption&quot;:&quot;File Name : DSCN3360.JPG\\r\\nFile Size : 403.9KB (413611 Bytes)\\r\\nDate Taken : 0000\/00\/00 00:00:00\\r\\nImage Size : 1600 x 1200 pixels\\r\\nResolution : 300 x 300 dpi\\r\\nBit Depth : 8 bits\/channel\\r\\nProtection Attribute : Off\\r\\nHide Attribute : Off\\r\\nCamera ID : N\/A\\r\\nCamera : E775\\r\\nQuality Mode : NORMAL\\r\\nMetering Mode : Matrix\\r\\nExposure Mode : Programmed Auto\\r\\nSpeed Light : No\\r\\nFocal Length : 10.3 mm\\r\\nShutter Speed : 1\/207.7 second\\r\\nAperture : F10.3\\r\\nExposure Compensation : 0 EV\\r\\nWhite Balance : Auto\\r\\nLens : Built-in\\r\\nFlash Sync Mode : N\/A\\r\\nExposure Difference : N\/A\\r\\nFlexible Program : N\/A\\r\\nSensitivity : Auto\\r\\nSharpening : Auto\\r\\nImage Type : Color\\r\\nColor Mode : N\/A\\r\\nHue Adjustment : N\/A\\r\\nSaturation Control : N\/A\\r\\nTone Compensation : Normal\\r\\nLatitude(GPS) : N\/A\\r\\nLongitude(GPS) : N\/A\\r\\nAltitude(GPS) : N\/A&quot;,&quot;created_timestamp&quot;:&quot;0&quot;,&quot;copyright&quot;:&quot;&quot;,&quot;focal_length&quot;:&quot;0&quot;,&quot;iso&quot;:&quot;0&quot;,&quot;shutter_speed&quot;:&quot;0&quot;,&quot;title&quot;:&quot;&quot;,&quot;orientation&quot;:&quot;0&quot;}\" data-image-title=\"Fontana in Piazza Perin del Vaga &amp;#8211; Quartiere Istituto Case Popolari Flaminio\" data-image-description=\"\" data-image-caption=\"&lt;p&gt;Una delle due fontane gemelle realizzate nel 1926 Pietro Lombardo per il complesso ICP in Piazza Perin del Vaga&lt;\/p&gt;\n\" data-large-file=\"https:\/\/www.picweb.it\/emm\/blog\/wp-content\/uploads\/2023\/02\/Fontana-in-Piazza-Perin-del-Vaga-Quartiere-Istituto-Case-Popolari-Flaminio-768x1024.jpg\" src=\"http:\/\/www.picweb.it\/emm\/blog\/wp-content\/uploads\/2023\/02\/Fontana-in-Piazza-Perin-del-Vaga-Quartiere-Istituto-Case-Popolari-Flaminio-768x1024.jpg\" alt=\"\" class=\"wp-image-3809\" srcset=\"https:\/\/www.picweb.it\/emm\/blog\/wp-content\/uploads\/2023\/02\/Fontana-in-Piazza-Perin-del-Vaga-Quartiere-Istituto-Case-Popolari-Flaminio-768x1024.jpg 768w, https:\/\/www.picweb.it\/emm\/blog\/wp-content\/uploads\/2023\/02\/Fontana-in-Piazza-Perin-del-Vaga-Quartiere-Istituto-Case-Popolari-Flaminio-225x300.jpg 225w, https:\/\/www.picweb.it\/emm\/blog\/wp-content\/uploads\/2023\/02\/Fontana-in-Piazza-Perin-del-Vaga-Quartiere-Istituto-Case-Popolari-Flaminio-1152x1536.jpg 1152w, https:\/\/www.picweb.it\/emm\/blog\/wp-content\/uploads\/2023\/02\/Fontana-in-Piazza-Perin-del-Vaga-Quartiere-Istituto-Case-Popolari-Flaminio-700x933.jpg 700w, https:\/\/www.picweb.it\/emm\/blog\/wp-content\/uploads\/2023\/02\/Fontana-in-Piazza-Perin-del-Vaga-Quartiere-Istituto-Case-Popolari-Flaminio-520x693.jpg 520w, https:\/\/www.picweb.it\/emm\/blog\/wp-content\/uploads\/2023\/02\/Fontana-in-Piazza-Perin-del-Vaga-Quartiere-Istituto-Case-Popolari-Flaminio-360x480.jpg 360w, https:\/\/www.picweb.it\/emm\/blog\/wp-content\/uploads\/2023\/02\/Fontana-in-Piazza-Perin-del-Vaga-Quartiere-Istituto-Case-Popolari-Flaminio-250x333.jpg 250w, https:\/\/www.picweb.it\/emm\/blog\/wp-content\/uploads\/2023\/02\/Fontana-in-Piazza-Perin-del-Vaga-Quartiere-Istituto-Case-Popolari-Flaminio-100x133.jpg 100w, https:\/\/www.picweb.it\/emm\/blog\/wp-content\/uploads\/2023\/02\/Fontana-in-Piazza-Perin-del-Vaga-Quartiere-Istituto-Case-Popolari-Flaminio.jpg 1200w\" sizes=\"(max-width: 768px) 100vw, 768px\" \/><figcaption class=\"wp-element-caption\">Una delle due fontane gemelle realizzate nel 1926 Pietro Lombardo per il complesso ICP in Piazza Perin del Vaga<\/figcaption><\/figure>\n\n\n\n<figure class=\"wp-block-image size-large\"><img loading=\"lazy\" decoding=\"async\" width=\"1024\" height=\"693\" data-attachment-id=\"3810\" data-permalink=\"https:\/\/www.picweb.it\/emm\/blog\/index.php\/2023\/02\/20\/rigenerazioni-urbane-possibili-capitolo-2\/rigenerazioni-urbane-possibili-vert-2\/\" data-orig-file=\"https:\/\/www.picweb.it\/emm\/blog\/wp-content\/uploads\/2023\/02\/Villaggio-Olimpico-Master-Plan-scaled.jpg\" data-orig-size=\"2560,1733\" data-comments-opened=\"1\" data-image-meta=\"{&quot;aperture&quot;:&quot;0&quot;,&quot;credit&quot;:&quot;Paolo Vecchio Ciprioti&quot;,&quot;camera&quot;:&quot;&quot;,&quot;caption&quot;:&quot;&quot;,&quot;created_timestamp&quot;:&quot;0&quot;,&quot;copyright&quot;:&quot;&quot;,&quot;focal_length&quot;:&quot;0&quot;,&quot;iso&quot;:&quot;0&quot;,&quot;shutter_speed&quot;:&quot;0&quot;,&quot;title&quot;:&quot;Rigenerazioni Urbane Possibili-VERT&quot;,&quot;orientation&quot;:&quot;0&quot;}\" data-image-title=\"Rigenerazioni Urbane Possibili-VERT\" data-image-description=\"\" data-image-caption=\"&lt;p&gt;Planimetria generale dell\u2019intervento&lt;\/p&gt;\n\" data-large-file=\"https:\/\/www.picweb.it\/emm\/blog\/wp-content\/uploads\/2023\/02\/Villaggio-Olimpico-Master-Plan-1024x693.jpg\" src=\"http:\/\/www.picweb.it\/emm\/blog\/wp-content\/uploads\/2023\/02\/Villaggio-Olimpico-Master-Plan-1024x693.jpg\" alt=\"\" class=\"wp-image-3810\" srcset=\"https:\/\/www.picweb.it\/emm\/blog\/wp-content\/uploads\/2023\/02\/Villaggio-Olimpico-Master-Plan-1024x693.jpg 1024w, https:\/\/www.picweb.it\/emm\/blog\/wp-content\/uploads\/2023\/02\/Villaggio-Olimpico-Master-Plan-300x203.jpg 300w, https:\/\/www.picweb.it\/emm\/blog\/wp-content\/uploads\/2023\/02\/Villaggio-Olimpico-Master-Plan-768x520.jpg 768w, https:\/\/www.picweb.it\/emm\/blog\/wp-content\/uploads\/2023\/02\/Villaggio-Olimpico-Master-Plan-1536x1040.jpg 1536w, https:\/\/www.picweb.it\/emm\/blog\/wp-content\/uploads\/2023\/02\/Villaggio-Olimpico-Master-Plan-2048x1387.jpg 2048w, https:\/\/www.picweb.it\/emm\/blog\/wp-content\/uploads\/2023\/02\/Villaggio-Olimpico-Master-Plan-700x474.jpg 700w, https:\/\/www.picweb.it\/emm\/blog\/wp-content\/uploads\/2023\/02\/Villaggio-Olimpico-Master-Plan-520x352.jpg 520w, https:\/\/www.picweb.it\/emm\/blog\/wp-content\/uploads\/2023\/02\/Villaggio-Olimpico-Master-Plan-360x244.jpg 360w, https:\/\/www.picweb.it\/emm\/blog\/wp-content\/uploads\/2023\/02\/Villaggio-Olimpico-Master-Plan-250x169.jpg 250w, https:\/\/www.picweb.it\/emm\/blog\/wp-content\/uploads\/2023\/02\/Villaggio-Olimpico-Master-Plan-100x68.jpg 100w\" sizes=\"(max-width: 1024px) 100vw, 1024px\" \/><figcaption class=\"wp-element-caption\">Planimetria generale dell\u2019intervento<\/figcaption><\/figure>\n\n\n\n<p>Per la progettazione architettonica infatti, i progettisti hanno ritenuto di doversi riallacciare al carattere architettonico dei circostanti quartieri Flaminio e Parioli, proponendo una serie di edifici a corte, i cui giardini interni potrebbero ospitare aree di gioco per i bambini e spazi per il tempo libero degli anziani; inoltre, alle pendici della collinetta di Villa Glori, di fronte all\u2019Auditorium Parco della Musica, hanno proposto un grande lotto con villini immersi nel verde \u2013 ispirati al <em>Complesso della Cooperativa di Dipendenti Postelegrafonici<\/em> \u2013 che consentirebbe una sorta di graduale sfumatura dell\u2019edificato verso l\u2019ambiente naturale del parco di Villa Glori.<\/p>\n\n\n\n<p>Il progetto, come si \u00e8 detto, non si \u00e8 limitato al disegno urbano e architettonico, ma ha affrontato gli aspetti sociali, economici e ambientali, necessari a valutarne la reale sostenibilit\u00e0. Sono stati considerati per esempio i dati relativi al numero di abitanti esistenti (dati del 2019) per poter definire quanti dovessero essere gli appartamenti e uffici da rimpiazzare \u201c<em>a costo zero<\/em>\u201d, ergo quelle unit\u00e0 edilizie che non avrebbero portato ad alcun ritorno economico.<\/p>\n\n\n\n<p>Analogamente a quanto accadeva ai primi del Novecento a Roma, nonch\u00e9 a quanto accade oggi in realt\u00e0 estere (Brandevoort in Olanda<a href=\"#_ftn12\" id=\"_ftnref12\">[12]<\/a>, Le Plessis-Robinson in Francia<a href=\"#_ftn13\" id=\"_ftnref13\">[13]<\/a>, Cayal\u00e0 in Guatemala<a href=\"#_ftn14\" id=\"_ftnref14\">[14]<\/a>, ecc.), volendo generare una realt\u00e0 urbana votata all\u2019integrazione, ergo senza distinzioni di classi sociali, \u00e8 stato ipotizzato che il 30% degli alloggi dovranno risultare di edilizia sociale; questo accorgimento, oltre a risultare positivo in termini sociali, risulta anche utile all\u2019azzeramento dei costi pubblici dell\u2019edilizia popolare, in quanto il costo viene assorbito \u2013 e superato \u2013 dai proventi della vendita degli altri alloggi, uffici e attivit\u00e0 commerciali del quartiere \u2026 come la grande lezione dell\u2019ICP del primo Novecento sta a dimostrare<a href=\"#_ftn15\" id=\"_ftnref15\">[15]<\/a>.<\/p>\n\n\n\n<p>Come si \u00e8 gi\u00e0 avuto modo di spiegare, \u00e8 stata altres\u00ec valutata la possibilit\u00e0 di coprire il Viadotto di Corso Francia con un impianto fotovoltaico che, oltre a fungere da barriera acustica, potrebbe produrre 3.480.750 kWh all\u2019anno \u2026 una cosa che potrebbe risultare ancora maggiore utilizzando parte delle coperture piane non visibili degli edifici progettati.<\/p>\n\n\n\n<p>Tenendo in considerazione tutti questi parametri e procedendo ad una valutazione dei costi di demolizione, nuova costruzione, realizzazione del parco, trasformazione del viadotto, \u00e8 stato valutato un investimento di circa \u20ac 1,154 mld.<\/p>\n\n\n\n<p>Per quanto riguarda il ritorno economico sono invece stati presi in considerazione i costi aggiornati del borsino immobiliare\u00a0 per la zona in oggetto, che hanno portato ad un ritorno pari a \u20ac 2,600 mld, ovvero ad un guadagno finale pari a \u20ac 1,446 mld, cui si sommerebbero annualmente poco pi\u00f9 di \u20ac 9 mln prodotti dagli affitti dei 2,147 alloggi in affitto a prezzo calmierato \u2026 cifre non indifferenti, possibili da investire in altre operazioni simili, necessarie alla rigenerazione urbana, realmente sostenibile, di tutte le periferie romane &#8230; forse questo potrebbe essere il modo pi\u00f9 valido per investire i fondi del PNRR che rischiano di essere sperperati per le solite cattedrali nel deserto affidate a delle archistar autoreferenziali.<\/p>\n\n\n\n<p>Non sono stati considerati invece i costi per il restauro e riuso del Palazzetto dello Sport e dello Stadio Flaminio che, comunque, possono essere coperti dai proventi sopraindicati, cosa che dimostra, se ancora fosse necessario, la validit\u00e0 di un\u2019operazione del genere<\/p>\n\n\n\n<p>Le immagini che seguono riguardano alcuni dei disegni, di studio e finali, elaborati individualmente da alcuni dei partecipanti al programma.<\/p>\n\n\n\n<figure class=\"wp-block-image size-large\"><img loading=\"lazy\" decoding=\"async\" width=\"1024\" height=\"487\" data-attachment-id=\"3811\" data-permalink=\"https:\/\/www.picweb.it\/emm\/blog\/index.php\/2023\/02\/20\/rigenerazioni-urbane-possibili-capitolo-2\/ferraro-plans\/\" data-orig-file=\"https:\/\/www.picweb.it\/emm\/blog\/wp-content\/uploads\/2023\/02\/Ferraro-Plans-scaled.jpg\" data-orig-size=\"2560,1216\" data-comments-opened=\"1\" data-image-meta=\"{&quot;aperture&quot;:&quot;0&quot;,&quot;credit&quot;:&quot;&quot;,&quot;camera&quot;:&quot;&quot;,&quot;caption&quot;:&quot;&quot;,&quot;created_timestamp&quot;:&quot;0&quot;,&quot;copyright&quot;:&quot;&quot;,&quot;focal_length&quot;:&quot;0&quot;,&quot;iso&quot;:&quot;0&quot;,&quot;shutter_speed&quot;:&quot;0&quot;,&quot;title&quot;:&quot;&quot;,&quot;orientation&quot;:&quot;0&quot;}\" data-image-title=\"Ferraro &amp;#8211; Plans\" data-image-description=\"\" data-image-caption=\"&lt;p&gt;Anthony Ferraro \u2013 isolato per residenze, uffici e negozi presso Ponte Milvio&lt;\/p&gt;\n\" data-large-file=\"https:\/\/www.picweb.it\/emm\/blog\/wp-content\/uploads\/2023\/02\/Ferraro-Plans-1024x487.jpg\" src=\"http:\/\/www.picweb.it\/emm\/blog\/wp-content\/uploads\/2023\/02\/Ferraro-Plans-1024x487.jpg\" alt=\"\" class=\"wp-image-3811\" srcset=\"https:\/\/www.picweb.it\/emm\/blog\/wp-content\/uploads\/2023\/02\/Ferraro-Plans-1024x487.jpg 1024w, https:\/\/www.picweb.it\/emm\/blog\/wp-content\/uploads\/2023\/02\/Ferraro-Plans-300x143.jpg 300w, https:\/\/www.picweb.it\/emm\/blog\/wp-content\/uploads\/2023\/02\/Ferraro-Plans-768x365.jpg 768w, https:\/\/www.picweb.it\/emm\/blog\/wp-content\/uploads\/2023\/02\/Ferraro-Plans-1536x730.jpg 1536w, https:\/\/www.picweb.it\/emm\/blog\/wp-content\/uploads\/2023\/02\/Ferraro-Plans-2048x973.jpg 2048w, https:\/\/www.picweb.it\/emm\/blog\/wp-content\/uploads\/2023\/02\/Ferraro-Plans-700x333.jpg 700w, https:\/\/www.picweb.it\/emm\/blog\/wp-content\/uploads\/2023\/02\/Ferraro-Plans-520x247.jpg 520w, https:\/\/www.picweb.it\/emm\/blog\/wp-content\/uploads\/2023\/02\/Ferraro-Plans-360x171.jpg 360w, https:\/\/www.picweb.it\/emm\/blog\/wp-content\/uploads\/2023\/02\/Ferraro-Plans-250x119.jpg 250w, https:\/\/www.picweb.it\/emm\/blog\/wp-content\/uploads\/2023\/02\/Ferraro-Plans-100x48.jpg 100w\" sizes=\"(max-width: 1024px) 100vw, 1024px\" \/><figcaption class=\"wp-element-caption\">Anthony Ferraro \u2013 isolato per residenze, uffici e negozi presso Ponte Milvio<\/figcaption><\/figure>\n\n\n\n<figure class=\"wp-block-image size-large\"><img loading=\"lazy\" decoding=\"async\" width=\"833\" height=\"1024\" data-attachment-id=\"3812\" data-permalink=\"https:\/\/www.picweb.it\/emm\/blog\/index.php\/2023\/02\/20\/rigenerazioni-urbane-possibili-capitolo-2\/ferraro-elevation-and-section\/\" data-orig-file=\"https:\/\/www.picweb.it\/emm\/blog\/wp-content\/uploads\/2023\/02\/Ferraro-Elevation-and-Section-scaled.jpg\" data-orig-size=\"2081,2560\" data-comments-opened=\"1\" data-image-meta=\"{&quot;aperture&quot;:&quot;0&quot;,&quot;credit&quot;:&quot;&quot;,&quot;camera&quot;:&quot;&quot;,&quot;caption&quot;:&quot;&quot;,&quot;created_timestamp&quot;:&quot;0&quot;,&quot;copyright&quot;:&quot;&quot;,&quot;focal_length&quot;:&quot;0&quot;,&quot;iso&quot;:&quot;0&quot;,&quot;shutter_speed&quot;:&quot;0&quot;,&quot;title&quot;:&quot;&quot;,&quot;orientation&quot;:&quot;0&quot;}\" data-image-title=\"Ferraro &amp;#8211; Elevation and Section\" data-image-description=\"\" data-image-caption=\"&lt;p&gt;Anthony Ferraro \u2013 isolato per residenze, uffici e negozi presso Ponte Milvio&lt;\/p&gt;\n\" data-large-file=\"https:\/\/www.picweb.it\/emm\/blog\/wp-content\/uploads\/2023\/02\/Ferraro-Elevation-and-Section-833x1024.jpg\" src=\"http:\/\/www.picweb.it\/emm\/blog\/wp-content\/uploads\/2023\/02\/Ferraro-Elevation-and-Section-833x1024.jpg\" alt=\"\" class=\"wp-image-3812\" srcset=\"https:\/\/www.picweb.it\/emm\/blog\/wp-content\/uploads\/2023\/02\/Ferraro-Elevation-and-Section-833x1024.jpg 833w, https:\/\/www.picweb.it\/emm\/blog\/wp-content\/uploads\/2023\/02\/Ferraro-Elevation-and-Section-244x300.jpg 244w, https:\/\/www.picweb.it\/emm\/blog\/wp-content\/uploads\/2023\/02\/Ferraro-Elevation-and-Section-768x945.jpg 768w, https:\/\/www.picweb.it\/emm\/blog\/wp-content\/uploads\/2023\/02\/Ferraro-Elevation-and-Section-1249x1536.jpg 1249w, https:\/\/www.picweb.it\/emm\/blog\/wp-content\/uploads\/2023\/02\/Ferraro-Elevation-and-Section-1665x2048.jpg 1665w, https:\/\/www.picweb.it\/emm\/blog\/wp-content\/uploads\/2023\/02\/Ferraro-Elevation-and-Section-700x861.jpg 700w, https:\/\/www.picweb.it\/emm\/blog\/wp-content\/uploads\/2023\/02\/Ferraro-Elevation-and-Section-520x640.jpg 520w, https:\/\/www.picweb.it\/emm\/blog\/wp-content\/uploads\/2023\/02\/Ferraro-Elevation-and-Section-360x443.jpg 360w, https:\/\/www.picweb.it\/emm\/blog\/wp-content\/uploads\/2023\/02\/Ferraro-Elevation-and-Section-250x307.jpg 250w, https:\/\/www.picweb.it\/emm\/blog\/wp-content\/uploads\/2023\/02\/Ferraro-Elevation-and-Section-100x123.jpg 100w\" sizes=\"(max-width: 833px) 100vw, 833px\" \/><figcaption class=\"wp-element-caption\">Anthony Ferraro \u2013 isolato per residenze, uffici e negozi presso Ponte Milvio<\/figcaption><\/figure>\n\n\n\n<figure class=\"wp-block-image size-large\"><img loading=\"lazy\" decoding=\"async\" width=\"1024\" height=\"594\" data-attachment-id=\"3813\" data-permalink=\"https:\/\/www.picweb.it\/emm\/blog\/index.php\/2023\/02\/20\/rigenerazioni-urbane-possibili-capitolo-2\/daniel-glasgow-analytique\/\" data-orig-file=\"https:\/\/www.picweb.it\/emm\/blog\/wp-content\/uploads\/2023\/02\/Daniel-Glasgow-Analytique-scaled.jpg\" data-orig-size=\"2560,1486\" data-comments-opened=\"1\" data-image-meta=\"{&quot;aperture&quot;:&quot;0&quot;,&quot;credit&quot;:&quot;anonymous&quot;,&quot;camera&quot;:&quot;&quot;,&quot;caption&quot;:&quot;&quot;,&quot;created_timestamp&quot;:&quot;0&quot;,&quot;copyright&quot;:&quot;&quot;,&quot;focal_length&quot;:&quot;0&quot;,&quot;iso&quot;:&quot;0&quot;,&quot;shutter_speed&quot;:&quot;0&quot;,&quot;title&quot;:&quot;&quot;,&quot;orientation&quot;:&quot;0&quot;}\" data-image-title=\"Daniel Glasgow Analytique\" data-image-description=\"\" data-image-caption=\"&lt;p&gt;Daniel Glasgow \u2013 isolato per residenze, uffici e negozi nella Piazza che ospiter\u00e0 una nuova scuola&lt;\/p&gt;\n\" data-large-file=\"https:\/\/www.picweb.it\/emm\/blog\/wp-content\/uploads\/2023\/02\/Daniel-Glasgow-Analytique-1024x594.jpg\" src=\"http:\/\/www.picweb.it\/emm\/blog\/wp-content\/uploads\/2023\/02\/Daniel-Glasgow-Analytique-1024x594.jpg\" alt=\"\" class=\"wp-image-3813\" srcset=\"https:\/\/www.picweb.it\/emm\/blog\/wp-content\/uploads\/2023\/02\/Daniel-Glasgow-Analytique-1024x594.jpg 1024w, https:\/\/www.picweb.it\/emm\/blog\/wp-content\/uploads\/2023\/02\/Daniel-Glasgow-Analytique-300x174.jpg 300w, https:\/\/www.picweb.it\/emm\/blog\/wp-content\/uploads\/2023\/02\/Daniel-Glasgow-Analytique-768x446.jpg 768w, https:\/\/www.picweb.it\/emm\/blog\/wp-content\/uploads\/2023\/02\/Daniel-Glasgow-Analytique-1536x892.jpg 1536w, https:\/\/www.picweb.it\/emm\/blog\/wp-content\/uploads\/2023\/02\/Daniel-Glasgow-Analytique-2048x1189.jpg 2048w, https:\/\/www.picweb.it\/emm\/blog\/wp-content\/uploads\/2023\/02\/Daniel-Glasgow-Analytique-700x406.jpg 700w, https:\/\/www.picweb.it\/emm\/blog\/wp-content\/uploads\/2023\/02\/Daniel-Glasgow-Analytique-520x302.jpg 520w, https:\/\/www.picweb.it\/emm\/blog\/wp-content\/uploads\/2023\/02\/Daniel-Glasgow-Analytique-360x209.jpg 360w, https:\/\/www.picweb.it\/emm\/blog\/wp-content\/uploads\/2023\/02\/Daniel-Glasgow-Analytique-250x145.jpg 250w, https:\/\/www.picweb.it\/emm\/blog\/wp-content\/uploads\/2023\/02\/Daniel-Glasgow-Analytique-100x58.jpg 100w\" sizes=\"(max-width: 1024px) 100vw, 1024px\" \/><figcaption class=\"wp-element-caption\">Daniel Glasgow \u2013 isolato per residenze, uffici e negozi nella Piazza che ospiter\u00e0 una nuova scuola<\/figcaption><\/figure>\n\n\n\n<figure class=\"wp-block-image size-large\"><img loading=\"lazy\" decoding=\"async\" width=\"750\" height=\"1024\" data-attachment-id=\"3814\" data-permalink=\"https:\/\/www.picweb.it\/emm\/blog\/index.php\/2023\/02\/20\/rigenerazioni-urbane-possibili-capitolo-2\/juan-nino-elevations-and-section\/\" data-orig-file=\"https:\/\/www.picweb.it\/emm\/blog\/wp-content\/uploads\/2023\/02\/Juan-Nino-Elevations-and-Section-scaled.jpg\" data-orig-size=\"1875,2560\" data-comments-opened=\"1\" data-image-meta=\"{&quot;aperture&quot;:&quot;0&quot;,&quot;credit&quot;:&quot;anonymous&quot;,&quot;camera&quot;:&quot;&quot;,&quot;caption&quot;:&quot;&quot;,&quot;created_timestamp&quot;:&quot;0&quot;,&quot;copyright&quot;:&quot;&quot;,&quot;focal_length&quot;:&quot;0&quot;,&quot;iso&quot;:&quot;0&quot;,&quot;shutter_speed&quot;:&quot;0&quot;,&quot;title&quot;:&quot;&quot;,&quot;orientation&quot;:&quot;0&quot;}\" data-image-title=\"Juan Nino &amp;#8211; Elevations and Section\" data-image-description=\"\" data-image-caption=\"&lt;p&gt;Juan Nino \u2013 isolato per residenze, uffici e negozi lungo il versante Est del Parco lineare&lt;\/p&gt;\n\" data-large-file=\"https:\/\/www.picweb.it\/emm\/blog\/wp-content\/uploads\/2023\/02\/Juan-Nino-Elevations-and-Section-750x1024.jpg\" src=\"http:\/\/www.picweb.it\/emm\/blog\/wp-content\/uploads\/2023\/02\/Juan-Nino-Elevations-and-Section-750x1024.jpg\" alt=\"\" class=\"wp-image-3814\" srcset=\"https:\/\/www.picweb.it\/emm\/blog\/wp-content\/uploads\/2023\/02\/Juan-Nino-Elevations-and-Section-750x1024.jpg 750w, https:\/\/www.picweb.it\/emm\/blog\/wp-content\/uploads\/2023\/02\/Juan-Nino-Elevations-and-Section-220x300.jpg 220w, https:\/\/www.picweb.it\/emm\/blog\/wp-content\/uploads\/2023\/02\/Juan-Nino-Elevations-and-Section-768x1048.jpg 768w, https:\/\/www.picweb.it\/emm\/blog\/wp-content\/uploads\/2023\/02\/Juan-Nino-Elevations-and-Section-1125x1536.jpg 1125w, https:\/\/www.picweb.it\/emm\/blog\/wp-content\/uploads\/2023\/02\/Juan-Nino-Elevations-and-Section-1500x2048.jpg 1500w, https:\/\/www.picweb.it\/emm\/blog\/wp-content\/uploads\/2023\/02\/Juan-Nino-Elevations-and-Section-700x956.jpg 700w, https:\/\/www.picweb.it\/emm\/blog\/wp-content\/uploads\/2023\/02\/Juan-Nino-Elevations-and-Section-520x710.jpg 520w, https:\/\/www.picweb.it\/emm\/blog\/wp-content\/uploads\/2023\/02\/Juan-Nino-Elevations-and-Section-360x491.jpg 360w, https:\/\/www.picweb.it\/emm\/blog\/wp-content\/uploads\/2023\/02\/Juan-Nino-Elevations-and-Section-250x341.jpg 250w, https:\/\/www.picweb.it\/emm\/blog\/wp-content\/uploads\/2023\/02\/Juan-Nino-Elevations-and-Section-100x137.jpg 100w, https:\/\/www.picweb.it\/emm\/blog\/wp-content\/uploads\/2023\/02\/Juan-Nino-Elevations-and-Section-scaled.jpg 1875w\" sizes=\"(max-width: 750px) 100vw, 750px\" \/><figcaption class=\"wp-element-caption\">Juan Nino \u2013 isolato per residenze, uffici e negozi lungo il versante Est del Parco lineare<\/figcaption><\/figure>\n\n\n\n<figure class=\"wp-block-image size-large\"><img loading=\"lazy\" decoding=\"async\" width=\"601\" height=\"1024\" data-attachment-id=\"3815\" data-permalink=\"https:\/\/www.picweb.it\/emm\/blog\/index.php\/2023\/02\/20\/rigenerazioni-urbane-possibili-capitolo-2\/luci-serra-study-for-plan-elevation-and-section\/\" data-orig-file=\"https:\/\/www.picweb.it\/emm\/blog\/wp-content\/uploads\/2023\/02\/Luci-Serra-study-for-plan-elevation-and-section-scaled.jpg\" data-orig-size=\"1502,2560\" data-comments-opened=\"1\" data-image-meta=\"{&quot;aperture&quot;:&quot;0&quot;,&quot;credit&quot;:&quot;anonymous&quot;,&quot;camera&quot;:&quot;&quot;,&quot;caption&quot;:&quot;&quot;,&quot;created_timestamp&quot;:&quot;0&quot;,&quot;copyright&quot;:&quot;&quot;,&quot;focal_length&quot;:&quot;0&quot;,&quot;iso&quot;:&quot;0&quot;,&quot;shutter_speed&quot;:&quot;0&quot;,&quot;title&quot;:&quot;&quot;,&quot;orientation&quot;:&quot;0&quot;}\" data-image-title=\"Luci Serra &amp;#8211; study for plan elevation and section\" data-image-description=\"\" data-image-caption=\"&lt;p&gt;Luci Serra \u2013 isolato per residenze, uffici e negozi lungo il versante Ovest del Parco lineare&lt;\/p&gt;\n\" data-large-file=\"https:\/\/www.picweb.it\/emm\/blog\/wp-content\/uploads\/2023\/02\/Luci-Serra-study-for-plan-elevation-and-section-601x1024.jpg\" src=\"http:\/\/www.picweb.it\/emm\/blog\/wp-content\/uploads\/2023\/02\/Luci-Serra-study-for-plan-elevation-and-section-601x1024.jpg\" alt=\"\" class=\"wp-image-3815\" srcset=\"https:\/\/www.picweb.it\/emm\/blog\/wp-content\/uploads\/2023\/02\/Luci-Serra-study-for-plan-elevation-and-section-601x1024.jpg 601w, https:\/\/www.picweb.it\/emm\/blog\/wp-content\/uploads\/2023\/02\/Luci-Serra-study-for-plan-elevation-and-section-176x300.jpg 176w, https:\/\/www.picweb.it\/emm\/blog\/wp-content\/uploads\/2023\/02\/Luci-Serra-study-for-plan-elevation-and-section-768x1309.jpg 768w, https:\/\/www.picweb.it\/emm\/blog\/wp-content\/uploads\/2023\/02\/Luci-Serra-study-for-plan-elevation-and-section-901x1536.jpg 901w, https:\/\/www.picweb.it\/emm\/blog\/wp-content\/uploads\/2023\/02\/Luci-Serra-study-for-plan-elevation-and-section-1202x2048.jpg 1202w, https:\/\/www.picweb.it\/emm\/blog\/wp-content\/uploads\/2023\/02\/Luci-Serra-study-for-plan-elevation-and-section-700x1193.jpg 700w, https:\/\/www.picweb.it\/emm\/blog\/wp-content\/uploads\/2023\/02\/Luci-Serra-study-for-plan-elevation-and-section-520x886.jpg 520w, https:\/\/www.picweb.it\/emm\/blog\/wp-content\/uploads\/2023\/02\/Luci-Serra-study-for-plan-elevation-and-section-360x614.jpg 360w, https:\/\/www.picweb.it\/emm\/blog\/wp-content\/uploads\/2023\/02\/Luci-Serra-study-for-plan-elevation-and-section-250x426.jpg 250w, https:\/\/www.picweb.it\/emm\/blog\/wp-content\/uploads\/2023\/02\/Luci-Serra-study-for-plan-elevation-and-section-100x170.jpg 100w, https:\/\/www.picweb.it\/emm\/blog\/wp-content\/uploads\/2023\/02\/Luci-Serra-study-for-plan-elevation-and-section-scaled.jpg 1502w\" sizes=\"(max-width: 601px) 100vw, 601px\" \/><figcaption class=\"wp-element-caption\">Luci Serra \u2013 isolato per residenze, uffici e negozi lungo il versante Ovest del Parco lineare<\/figcaption><\/figure>\n\n\n\n<figure class=\"wp-block-image size-large\"><img loading=\"lazy\" decoding=\"async\" width=\"726\" height=\"1024\" data-attachment-id=\"3816\" data-permalink=\"https:\/\/www.picweb.it\/emm\/blog\/index.php\/2023\/02\/20\/rigenerazioni-urbane-possibili-capitolo-2\/carey-groninger-piante-prospetti-e-sezione\/\" data-orig-file=\"https:\/\/www.picweb.it\/emm\/blog\/wp-content\/uploads\/2023\/02\/Carey-Groninger-Piante-prospetti-e-sezione-scaled.jpg\" data-orig-size=\"1815,2560\" data-comments-opened=\"1\" data-image-meta=\"{&quot;aperture&quot;:&quot;0&quot;,&quot;credit&quot;:&quot;anonymous&quot;,&quot;camera&quot;:&quot;&quot;,&quot;caption&quot;:&quot;&quot;,&quot;created_timestamp&quot;:&quot;0&quot;,&quot;copyright&quot;:&quot;&quot;,&quot;focal_length&quot;:&quot;0&quot;,&quot;iso&quot;:&quot;0&quot;,&quot;shutter_speed&quot;:&quot;0&quot;,&quot;title&quot;:&quot;&quot;,&quot;orientation&quot;:&quot;0&quot;}\" data-image-title=\"Carey Groninger &amp;#8211; Piante prospetti e sezione\" data-image-description=\"\" data-image-caption=\"&lt;p&gt;Carey Groninger \u2013 isolato per residenze, uffici e negozi lungo il versante Est del Parco lineare&lt;\/p&gt;\n\" data-large-file=\"https:\/\/www.picweb.it\/emm\/blog\/wp-content\/uploads\/2023\/02\/Carey-Groninger-Piante-prospetti-e-sezione-726x1024.jpg\" src=\"http:\/\/www.picweb.it\/emm\/blog\/wp-content\/uploads\/2023\/02\/Carey-Groninger-Piante-prospetti-e-sezione-726x1024.jpg\" alt=\"\" class=\"wp-image-3816\" srcset=\"https:\/\/www.picweb.it\/emm\/blog\/wp-content\/uploads\/2023\/02\/Carey-Groninger-Piante-prospetti-e-sezione-726x1024.jpg 726w, https:\/\/www.picweb.it\/emm\/blog\/wp-content\/uploads\/2023\/02\/Carey-Groninger-Piante-prospetti-e-sezione-213x300.jpg 213w, https:\/\/www.picweb.it\/emm\/blog\/wp-content\/uploads\/2023\/02\/Carey-Groninger-Piante-prospetti-e-sezione-768x1083.jpg 768w, https:\/\/www.picweb.it\/emm\/blog\/wp-content\/uploads\/2023\/02\/Carey-Groninger-Piante-prospetti-e-sezione-1089x1536.jpg 1089w, https:\/\/www.picweb.it\/emm\/blog\/wp-content\/uploads\/2023\/02\/Carey-Groninger-Piante-prospetti-e-sezione-1452x2048.jpg 1452w, https:\/\/www.picweb.it\/emm\/blog\/wp-content\/uploads\/2023\/02\/Carey-Groninger-Piante-prospetti-e-sezione-700x987.jpg 700w, https:\/\/www.picweb.it\/emm\/blog\/wp-content\/uploads\/2023\/02\/Carey-Groninger-Piante-prospetti-e-sezione-520x733.jpg 520w, https:\/\/www.picweb.it\/emm\/blog\/wp-content\/uploads\/2023\/02\/Carey-Groninger-Piante-prospetti-e-sezione-360x508.jpg 360w, https:\/\/www.picweb.it\/emm\/blog\/wp-content\/uploads\/2023\/02\/Carey-Groninger-Piante-prospetti-e-sezione-250x353.jpg 250w, https:\/\/www.picweb.it\/emm\/blog\/wp-content\/uploads\/2023\/02\/Carey-Groninger-Piante-prospetti-e-sezione-100x141.jpg 100w, https:\/\/www.picweb.it\/emm\/blog\/wp-content\/uploads\/2023\/02\/Carey-Groninger-Piante-prospetti-e-sezione-scaled.jpg 1815w\" sizes=\"(max-width: 726px) 100vw, 726px\" \/><figcaption class=\"wp-element-caption\">Carey Groninger \u2013 isolato per residenze, uffici e negozi lungo il versante Est del Parco lineare<\/figcaption><\/figure>\n\n\n\n<figure class=\"wp-block-image size-large\"><img loading=\"lazy\" decoding=\"async\" width=\"1024\" height=\"409\" data-attachment-id=\"3817\" data-permalink=\"https:\/\/www.picweb.it\/emm\/blog\/index.php\/2023\/02\/20\/rigenerazioni-urbane-possibili-capitolo-2\/margaret-jones-final-elevations\/\" data-orig-file=\"https:\/\/www.picweb.it\/emm\/blog\/wp-content\/uploads\/2023\/02\/Margaret-Jones-Final-Elevations-scaled.jpg\" data-orig-size=\"2560,1022\" data-comments-opened=\"1\" data-image-meta=\"{&quot;aperture&quot;:&quot;0&quot;,&quot;credit&quot;:&quot;&quot;,&quot;camera&quot;:&quot;&quot;,&quot;caption&quot;:&quot;&quot;,&quot;created_timestamp&quot;:&quot;0&quot;,&quot;copyright&quot;:&quot;&quot;,&quot;focal_length&quot;:&quot;0&quot;,&quot;iso&quot;:&quot;0&quot;,&quot;shutter_speed&quot;:&quot;0&quot;,&quot;title&quot;:&quot;&quot;,&quot;orientation&quot;:&quot;0&quot;}\" data-image-title=\"Margaret Jones Final Elevations\" data-image-description=\"\" data-image-caption=\"&lt;p&gt;Margaret Jones \u2013 isolato per residenze, uffici e negozi lungo il versante Ovest del Parco lineare&lt;\/p&gt;\n\" data-large-file=\"https:\/\/www.picweb.it\/emm\/blog\/wp-content\/uploads\/2023\/02\/Margaret-Jones-Final-Elevations-1024x409.jpg\" src=\"http:\/\/www.picweb.it\/emm\/blog\/wp-content\/uploads\/2023\/02\/Margaret-Jones-Final-Elevations-1024x409.jpg\" alt=\"\" class=\"wp-image-3817\" srcset=\"https:\/\/www.picweb.it\/emm\/blog\/wp-content\/uploads\/2023\/02\/Margaret-Jones-Final-Elevations-1024x409.jpg 1024w, https:\/\/www.picweb.it\/emm\/blog\/wp-content\/uploads\/2023\/02\/Margaret-Jones-Final-Elevations-300x120.jpg 300w, https:\/\/www.picweb.it\/emm\/blog\/wp-content\/uploads\/2023\/02\/Margaret-Jones-Final-Elevations-768x307.jpg 768w, https:\/\/www.picweb.it\/emm\/blog\/wp-content\/uploads\/2023\/02\/Margaret-Jones-Final-Elevations-1536x613.jpg 1536w, https:\/\/www.picweb.it\/emm\/blog\/wp-content\/uploads\/2023\/02\/Margaret-Jones-Final-Elevations-2048x818.jpg 2048w, https:\/\/www.picweb.it\/emm\/blog\/wp-content\/uploads\/2023\/02\/Margaret-Jones-Final-Elevations-700x279.jpg 700w, https:\/\/www.picweb.it\/emm\/blog\/wp-content\/uploads\/2023\/02\/Margaret-Jones-Final-Elevations-520x208.jpg 520w, https:\/\/www.picweb.it\/emm\/blog\/wp-content\/uploads\/2023\/02\/Margaret-Jones-Final-Elevations-360x144.jpg 360w, https:\/\/www.picweb.it\/emm\/blog\/wp-content\/uploads\/2023\/02\/Margaret-Jones-Final-Elevations-250x100.jpg 250w, https:\/\/www.picweb.it\/emm\/blog\/wp-content\/uploads\/2023\/02\/Margaret-Jones-Final-Elevations-100x40.jpg 100w\" sizes=\"(max-width: 1024px) 100vw, 1024px\" \/><figcaption class=\"wp-element-caption\">Margaret Jones \u2013 isolato per residenze, uffici e negozi lungo il versante Ovest del Parco lineare<\/figcaption><\/figure>\n\n\n\n<figure class=\"wp-block-image size-large\"><img loading=\"lazy\" decoding=\"async\" width=\"1024\" height=\"729\" data-attachment-id=\"3818\" data-permalink=\"https:\/\/www.picweb.it\/emm\/blog\/index.php\/2023\/02\/20\/rigenerazioni-urbane-possibili-capitolo-2\/buehler-plan-section-and-elevation-wc\/\" data-orig-file=\"https:\/\/www.picweb.it\/emm\/blog\/wp-content\/uploads\/2023\/02\/Buehler-Plan-Section-and-Elevation-WC-scaled.jpg\" data-orig-size=\"2560,1822\" data-comments-opened=\"1\" data-image-meta=\"{&quot;aperture&quot;:&quot;0&quot;,&quot;credit&quot;:&quot;&quot;,&quot;camera&quot;:&quot;&quot;,&quot;caption&quot;:&quot;&quot;,&quot;created_timestamp&quot;:&quot;0&quot;,&quot;copyright&quot;:&quot;&quot;,&quot;focal_length&quot;:&quot;0&quot;,&quot;iso&quot;:&quot;0&quot;,&quot;shutter_speed&quot;:&quot;0&quot;,&quot;title&quot;:&quot;&quot;,&quot;orientation&quot;:&quot;0&quot;}\" data-image-title=\"Buehler &amp;#8211; Plan Section and Elevation WC\" data-image-description=\"\" data-image-caption=\"&lt;p&gt;Jonathan Buehler \u2013 isolato per residenze, uffici e negozi lungo prospiciente il Parco di Viale degli Olimpionici che costeggia il Tevere in prossimit\u00e0 dell\u2019attuale SSD Orange Sport Club&lt;\/p&gt;\n\" data-large-file=\"https:\/\/www.picweb.it\/emm\/blog\/wp-content\/uploads\/2023\/02\/Buehler-Plan-Section-and-Elevation-WC-1024x729.jpg\" src=\"http:\/\/www.picweb.it\/emm\/blog\/wp-content\/uploads\/2023\/02\/Buehler-Plan-Section-and-Elevation-WC-1024x729.jpg\" alt=\"\" class=\"wp-image-3818\" srcset=\"https:\/\/www.picweb.it\/emm\/blog\/wp-content\/uploads\/2023\/02\/Buehler-Plan-Section-and-Elevation-WC-1024x729.jpg 1024w, https:\/\/www.picweb.it\/emm\/blog\/wp-content\/uploads\/2023\/02\/Buehler-Plan-Section-and-Elevation-WC-300x214.jpg 300w, https:\/\/www.picweb.it\/emm\/blog\/wp-content\/uploads\/2023\/02\/Buehler-Plan-Section-and-Elevation-WC-768x547.jpg 768w, https:\/\/www.picweb.it\/emm\/blog\/wp-content\/uploads\/2023\/02\/Buehler-Plan-Section-and-Elevation-WC-1536x1093.jpg 1536w, https:\/\/www.picweb.it\/emm\/blog\/wp-content\/uploads\/2023\/02\/Buehler-Plan-Section-and-Elevation-WC-2048x1458.jpg 2048w, https:\/\/www.picweb.it\/emm\/blog\/wp-content\/uploads\/2023\/02\/Buehler-Plan-Section-and-Elevation-WC-700x498.jpg 700w, https:\/\/www.picweb.it\/emm\/blog\/wp-content\/uploads\/2023\/02\/Buehler-Plan-Section-and-Elevation-WC-520x370.jpg 520w, https:\/\/www.picweb.it\/emm\/blog\/wp-content\/uploads\/2023\/02\/Buehler-Plan-Section-and-Elevation-WC-360x256.jpg 360w, https:\/\/www.picweb.it\/emm\/blog\/wp-content\/uploads\/2023\/02\/Buehler-Plan-Section-and-Elevation-WC-250x178.jpg 250w, https:\/\/www.picweb.it\/emm\/blog\/wp-content\/uploads\/2023\/02\/Buehler-Plan-Section-and-Elevation-WC-100x71.jpg 100w\" sizes=\"(max-width: 1024px) 100vw, 1024px\" \/><figcaption class=\"wp-element-caption\">Jonathan Buehler \u2013 isolato per residenze, uffici e negozi lungo prospiciente il Parco di Viale degli Olimpionici che costeggia il Tevere in prossimit\u00e0 dell\u2019attuale SSD Orange Sport Club<\/figcaption><\/figure>\n\n\n\n<figure class=\"wp-block-image size-large\"><img loading=\"lazy\" decoding=\"async\" width=\"1024\" height=\"722\" data-attachment-id=\"3819\" data-permalink=\"https:\/\/www.picweb.it\/emm\/blog\/index.php\/2023\/02\/20\/rigenerazioni-urbane-possibili-capitolo-2\/buehler-west-elevation\/\" data-orig-file=\"https:\/\/www.picweb.it\/emm\/blog\/wp-content\/uploads\/2023\/02\/Buehler-West-Elevation-scaled.jpg\" data-orig-size=\"2560,1804\" data-comments-opened=\"1\" data-image-meta=\"{&quot;aperture&quot;:&quot;0&quot;,&quot;credit&quot;:&quot;&quot;,&quot;camera&quot;:&quot;&quot;,&quot;caption&quot;:&quot;&quot;,&quot;created_timestamp&quot;:&quot;0&quot;,&quot;copyright&quot;:&quot;&quot;,&quot;focal_length&quot;:&quot;0&quot;,&quot;iso&quot;:&quot;0&quot;,&quot;shutter_speed&quot;:&quot;0&quot;,&quot;title&quot;:&quot;&quot;,&quot;orientation&quot;:&quot;0&quot;}\" data-image-title=\"Buehler &amp;#8211; West Elevation\" data-image-description=\"\" data-image-caption=\"&lt;p&gt;Jonathan Buehler \u2013 isolato per residenze, uffici e negozi lungo prospiciente il Parco di Viale degli Olimpionici che costeggia il Tevere in prossimit\u00e0 dell\u2019attuale SSD Orange Sport Club&lt;\/p&gt;\n\" data-large-file=\"https:\/\/www.picweb.it\/emm\/blog\/wp-content\/uploads\/2023\/02\/Buehler-West-Elevation-1024x722.jpg\" src=\"http:\/\/www.picweb.it\/emm\/blog\/wp-content\/uploads\/2023\/02\/Buehler-West-Elevation-1024x722.jpg\" alt=\"\" class=\"wp-image-3819\" srcset=\"https:\/\/www.picweb.it\/emm\/blog\/wp-content\/uploads\/2023\/02\/Buehler-West-Elevation-1024x722.jpg 1024w, https:\/\/www.picweb.it\/emm\/blog\/wp-content\/uploads\/2023\/02\/Buehler-West-Elevation-300x211.jpg 300w, https:\/\/www.picweb.it\/emm\/blog\/wp-content\/uploads\/2023\/02\/Buehler-West-Elevation-768x541.jpg 768w, https:\/\/www.picweb.it\/emm\/blog\/wp-content\/uploads\/2023\/02\/Buehler-West-Elevation-1536x1082.jpg 1536w, https:\/\/www.picweb.it\/emm\/blog\/wp-content\/uploads\/2023\/02\/Buehler-West-Elevation-2048x1443.jpg 2048w, https:\/\/www.picweb.it\/emm\/blog\/wp-content\/uploads\/2023\/02\/Buehler-West-Elevation-700x493.jpg 700w, https:\/\/www.picweb.it\/emm\/blog\/wp-content\/uploads\/2023\/02\/Buehler-West-Elevation-520x366.jpg 520w, https:\/\/www.picweb.it\/emm\/blog\/wp-content\/uploads\/2023\/02\/Buehler-West-Elevation-360x254.jpg 360w, https:\/\/www.picweb.it\/emm\/blog\/wp-content\/uploads\/2023\/02\/Buehler-West-Elevation-250x176.jpg 250w, https:\/\/www.picweb.it\/emm\/blog\/wp-content\/uploads\/2023\/02\/Buehler-West-Elevation-100x70.jpg 100w\" sizes=\"(max-width: 1024px) 100vw, 1024px\" \/><figcaption class=\"wp-element-caption\">Jonathan Buehler \u2013 isolato per residenze, uffici e negozi lungo prospiciente il Parco di Viale degli Olimpionici che costeggia il Tevere in prossimit\u00e0 dell\u2019attuale SSD Orange Sport Club<\/figcaption><\/figure>\n\n\n\n<hr class=\"wp-block-separator has-alpha-channel-opacity\"\/>\n\n\n\n<p><a href=\"#_ftnref1\" id=\"_ftn1\">[1]<\/a> <a href=\"https:\/\/archidiap.com\/opera\/villaggio-olimpico\/\">https:\/\/archidiap.com\/opera\/villaggio-olimpico\/<\/a><\/p>\n\n\n\n<p><a href=\"#_ftnref2\" id=\"_ftn2\">[2]<\/a> <a href=\"https:\/\/www.picweb.it\/emm\/blog\/index.php\/2017\/08\/07\/sul-disastro-urbanistico-successivo-al-iv-ciam-del33-e-sulla-possibilita-di-far-rinascere-le-nostre-citta\/\">https:\/\/www.picweb.it\/emm\/blog\/index.php\/2017\/08\/07\/sul-disastro-urbanistico-successivo-al-iv-ciam-del33-e-sulla-possibilita-di-far-rinascere-le-nostre-citta\/<\/a><\/p>\n\n\n\n<p><a href=\"#_ftnref3\" id=\"_ftn3\">[3]<\/a> <a href=\"https:\/\/www.picweb.it\/emm\/blog\/index.php\/2020\/01\/23\/vita-e-morte-della-citta\/\">https:\/\/www.picweb.it\/emm\/blog\/index.php\/2020\/01\/23\/vita-e-morte-della-citta\/<\/a><\/p>\n\n\n\n<p><a href=\"#_ftnref4\" id=\"_ftn4\">[4]<\/a> Tradotto e pubblicato in Italia nel 1969 a cura di Einaudi.<\/p>\n\n\n\n<p><a href=\"#_ftnref5\" id=\"_ftn5\">[5]<\/a> <a href=\"https:\/\/roma.repubblica.it\/cronaca\/2018\/02\/23\/news\/villaggio_olimpico_sporcizia_e_prostituzione_sul_podio_solo_degrado-189542712\/\">https:\/\/roma.repubblica.it\/cronaca\/2018\/02\/23\/news\/villaggio_olimpico_sporcizia_e_prostituzione_sul_podio_solo_degrado-189542712\/<\/a><\/p>\n\n\n\n<p><a href=\"#_ftnref6\" id=\"_ftn6\">[6]<\/a> <a href=\"https:\/\/www.ilpost.it\/2023\/01\/07\/impianti-sportivi-roma-problema\/\">https:\/\/www.ilpost.it\/2023\/01\/07\/impianti-sportivi-roma-problema\/<\/a><\/p>\n\n\n\n<p><a href=\"#_ftnref7\" id=\"_ftn7\">[7]<\/a> <a href=\"https:\/\/www.picweb.it\/emm\/blog\/index.php\/2019\/06\/02\/ce-qualcuno-davvero-interessato-a-salvare-lo-stadio-flaminio\/\">https:\/\/www.picweb.it\/emm\/blog\/index.php\/2019\/06\/02\/ce-qualcuno-davvero-interessato-a-salvare-lo-stadio-flaminio\/<\/a><\/p>\n\n\n\n<p><a href=\"#_ftnref8\" id=\"_ftn8\">[8]<\/a> <a href=\"https:\/\/www.coenergia.com\/progetti\/revamping-con-sungrow-impianto-su-tetto-1000mq\">https:\/\/www.coenergia.com\/progetti\/revamping-con-sungrow-impianto-su-tetto-1000mq<\/a><\/p>\n\n\n\n<p><a href=\"#_ftnref9\" id=\"_ftn9\">[9]<\/a> <a href=\"https:\/\/acncontract-landinpage-terreni.it\/?gclid=CjwKCAiAioifBhAXEiwApzCztpEgXTbv5O72s1r5vWX5-cOXJJWQkOB4aCiUNBRfnhu4WWyie5Gj_hoCkLQQAvD_BwE\">https:\/\/acncontract-landinpage-terreni.it\/?gclid=CjwKCAiAioifBhAXEiwApzCztpEgXTbv5O72s1r5vWX5-cOXJJWQkOB4aCiUNBRfnhu4WWyie5Gj_hoCkLQQAvD_BwE<\/a><\/p>\n\n\n\n<p><a href=\"#_ftnref10\" id=\"_ftn10\">[10]<\/a>&nbsp; Ettore Maria Mazzola \u2013 \u201c<em>Contro Storia Dell\u2019Architettura Moderna: Il Caso di Roma 1900-1940 \u2013 A Counter History of Modern Architecture: Rome 1900-1940<\/em>\u201d, Editrice ALINEA, Florence 2004.<\/p>\n\n\n\n<p><a href=\"#_ftnref11\" id=\"_ftn11\">[11]<\/a> Ettore Maria Mazzola &#8211; \u201c<em>Leggere la citt\u00e0 attuale per disegnare quella futura \u2013 sequenze urbane di Roma<\/em>\u201d&nbsp; <a href=\"https:\/\/www.academia.edu\/33123650\/Leggere_la_citt%C3%A0_attuale_per_disegnare_quella_futura_sequenze_urbane_di_Roma\">https:\/\/www.academia.edu\/33123650\/Leggere_la_citt%C3%A0_attuale_per_disegnare_quella_futura_sequenze_urbane_di_Roma<\/a><\/p>\n\n\n\n<p><a href=\"#_ftnref12\" id=\"_ftn12\">[12]<\/a> <a href=\"https:\/\/www.simmetria.org\/images\/stories\/pdf\/rivista_18_2013_a5.pdf\">https:\/\/www.simmetria.org\/images\/stories\/pdf\/rivista_18_2013_a5.pdf<\/a><\/p>\n\n\n\n<p><a href=\"#_ftnref13\" id=\"_ftn13\">[13]<\/a> <a href=\"https:\/\/www.picweb.it\/emm\/blog\/index.php\/2018\/01\/23\/le-plessis-robinson-quando-la-rigenerazione-urbana-quella-vera-paga-il-driehaus-prize-2018-a-marc-e-nada-breitman\/\">https:\/\/www.picweb.it\/emm\/blog\/index.php\/2018\/01\/23\/le-plessis-robinson-quando-la-rigenerazione-urbana-quella-vera-paga-il-driehaus-prize-2018-a-marc-e-nada-breitman\/<\/a><\/p>\n\n\n\n<p><a href=\"#_ftnref14\" id=\"_ftn14\">[14]<\/a> <a href=\"https:\/\/www.picweb.it\/emm\/blog\/index.php\/2021\/10\/27\/costruire-il-bello-e-stimolare-il-senso-di-appartenenza-e-possibile\/\">https:\/\/www.picweb.it\/emm\/blog\/index.php\/2021\/10\/27\/costruire-il-bello-e-stimolare-il-senso-di-appartenenza-e-possibile\/<\/a><\/p>\n\n\n\n<p><a href=\"#_ftnref15\" id=\"_ftn15\">[15]<\/a> <a href=\"https:\/\/www.picweb.it\/emm\/blog\/index.php\/2017\/08\/01\/il-quartiere-testaccio-di-roma-e-la-politica-dellicp-agli-albori-della-sua-esistenza-un-importante-precedente-da-cui-imparare\/\">https:\/\/www.picweb.it\/emm\/blog\/index.php\/2017\/08\/01\/il-quartiere-testaccio-di-roma-e-la-politica-dellicp-agli-albori-della-sua-esistenza-un-importante-precedente-da-cui-imparare\/<\/a><\/p>\n","protected":false},"excerpt":{"rendered":"<p>Il progetto dei graduate students della University of Notre Dame per l\u2019ex Villaggio Olimpico Premessa Purtroppo, a causa della incapacit\u00e0 di rimettere in discussione l\u2019onest\u00e0 intellettuale degli insegnamenti ricevuti, molti architetti continuano a difendere strenuamente una serie di progetti urbanistici [&hellip;]<\/p>\n","protected":false},"author":2,"featured_media":0,"comment_status":"open","ping_status":"open","sticky":false,"template":"","format":"standard","meta":{"jetpack_post_was_ever_published":false,"_jetpack_newsletter_access":"","_jetpack_dont_email_post_to_subs":false,"_jetpack_newsletter_tier_id":0,"_jetpack_memberships_contains_paywalled_content":false,"_jetpack_memberships_contains_paid_content":false,"footnotes":""},"categories":[20,52,296,281,141,41,185,39,139,344,22],"tags":[],"class_list":["post-3781","post","type-post","status-publish","format-standard","hentry","category-architettura","category-attualita","category-bellezza","category-decoro-urbano","category-edilizia-popolare","category-progettazione-urbana","category-rigenerazione-urbana","category-roma","category-sostenibilita","category-stadio-flaminio","category-urbanistica","clearfix"],"yoast_head":"<!-- This site is optimized with the Yoast SEO plugin v27.3 - https:\/\/yoast.com\/product\/yoast-seo-wordpress\/ -->\r\n<title>Rigenerazioni Urbane Possibili \u2013 Capitolo 2 - virtutem forma decorat<\/title>\r\n<meta name=\"robots\" content=\"index, follow, max-snippet:-1, max-image-preview:large, max-video-preview:-1\" \/>\r\n<link rel=\"canonical\" href=\"https:\/\/www.picweb.it\/emm\/blog\/index.php\/2023\/02\/20\/rigenerazioni-urbane-possibili-capitolo-2\/\" \/>\r\n<meta property=\"og:locale\" content=\"it_IT\" \/>\r\n<meta property=\"og:type\" content=\"article\" \/>\r\n<meta property=\"og:title\" content=\"Rigenerazioni Urbane Possibili \u2013 Capitolo 2 - virtutem forma decorat\" \/>\r\n<meta property=\"og:description\" content=\"Il progetto dei graduate students della University of Notre Dame per l\u2019ex Villaggio Olimpico Premessa Purtroppo, a causa della incapacit\u00e0 di rimettere in discussione l\u2019onest\u00e0 intellettuale degli insegnamenti ricevuti, molti architetti continuano a difendere strenuamente una serie di progetti urbanistici [&hellip;]\" \/>\r\n<meta property=\"og:url\" content=\"https:\/\/www.picweb.it\/emm\/blog\/index.php\/2023\/02\/20\/rigenerazioni-urbane-possibili-capitolo-2\/\" \/>\r\n<meta property=\"og:site_name\" content=\"virtutem forma decorat\" \/>\r\n<meta property=\"article:published_time\" content=\"2023-02-20T07:29:46+00:00\" \/>\r\n<meta property=\"article:modified_time\" content=\"2023-02-20T10:25:18+00:00\" \/>\r\n<meta property=\"og:image\" content=\"http:\/\/www.picweb.it\/emm\/blog\/wp-content\/uploads\/2023\/02\/Villaggio-Olimpico-oggi-1024x681.jpg\" \/>\r\n<meta name=\"author\" content=\"emmazzola\" \/>\r\n<meta name=\"twitter:card\" content=\"summary_large_image\" \/>\r\n<meta name=\"twitter:creator\" content=\"@ettore_mazzola\" \/>\r\n<meta name=\"twitter:site\" content=\"@ettore_mazzola\" \/>\r\n<meta name=\"twitter:label1\" content=\"Scritto da\" \/>\n\t<meta name=\"twitter:data1\" content=\"emmazzola\" \/>\n\t<meta name=\"twitter:label2\" content=\"Tempo di lettura stimato\" \/>\n\t<meta name=\"twitter:data2\" content=\"28 minuti\" \/>\r\n<script type=\"application\/ld+json\" class=\"yoast-schema-graph\">{\"@context\":\"https:\\\/\\\/schema.org\",\"@graph\":[{\"@type\":\"Article\",\"@id\":\"https:\\\/\\\/www.picweb.it\\\/emm\\\/blog\\\/index.php\\\/2023\\\/02\\\/20\\\/rigenerazioni-urbane-possibili-capitolo-2\\\/#article\",\"isPartOf\":{\"@id\":\"https:\\\/\\\/www.picweb.it\\\/emm\\\/blog\\\/index.php\\\/2023\\\/02\\\/20\\\/rigenerazioni-urbane-possibili-capitolo-2\\\/\"},\"author\":{\"name\":\"emmazzola\",\"@id\":\"http:\\\/\\\/www.picweb.it\\\/emm\\\/blog\\\/#\\\/schema\\\/person\\\/e29c0dd15f13008bd4c7682e6130977f\"},\"headline\":\"Rigenerazioni Urbane Possibili \u2013 Capitolo 2\",\"datePublished\":\"2023-02-20T07:29:46+00:00\",\"dateModified\":\"2023-02-20T10:25:18+00:00\",\"mainEntityOfPage\":{\"@id\":\"https:\\\/\\\/www.picweb.it\\\/emm\\\/blog\\\/index.php\\\/2023\\\/02\\\/20\\\/rigenerazioni-urbane-possibili-capitolo-2\\\/\"},\"wordCount\":3920,\"commentCount\":6,\"publisher\":{\"@id\":\"http:\\\/\\\/www.picweb.it\\\/emm\\\/blog\\\/#\\\/schema\\\/person\\\/e29c0dd15f13008bd4c7682e6130977f\"},\"image\":{\"@id\":\"https:\\\/\\\/www.picweb.it\\\/emm\\\/blog\\\/index.php\\\/2023\\\/02\\\/20\\\/rigenerazioni-urbane-possibili-capitolo-2\\\/#primaryimage\"},\"thumbnailUrl\":\"http:\\\/\\\/www.picweb.it\\\/emm\\\/blog\\\/wp-content\\\/uploads\\\/2023\\\/02\\\/Villaggio-Olimpico-oggi-1024x681.jpg\",\"articleSection\":[\"Architettura\",\"attualit\u00e0\",\"bellezza\",\"Decoro urbano\",\"Edilizia popolare\",\"progettazione urbana\",\"rigenerazione urbana\",\"Roma\",\"sostenibilit\u00e0\",\"Stadio Flaminio\",\"urbanistica\"],\"inLanguage\":\"it-IT\",\"potentialAction\":[{\"@type\":\"CommentAction\",\"name\":\"Comment\",\"target\":[\"https:\\\/\\\/www.picweb.it\\\/emm\\\/blog\\\/index.php\\\/2023\\\/02\\\/20\\\/rigenerazioni-urbane-possibili-capitolo-2\\\/#respond\"]}]},{\"@type\":\"WebPage\",\"@id\":\"https:\\\/\\\/www.picweb.it\\\/emm\\\/blog\\\/index.php\\\/2023\\\/02\\\/20\\\/rigenerazioni-urbane-possibili-capitolo-2\\\/\",\"url\":\"https:\\\/\\\/www.picweb.it\\\/emm\\\/blog\\\/index.php\\\/2023\\\/02\\\/20\\\/rigenerazioni-urbane-possibili-capitolo-2\\\/\",\"name\":\"Rigenerazioni Urbane Possibili \u2013 Capitolo 2 - virtutem forma decorat\",\"isPartOf\":{\"@id\":\"http:\\\/\\\/www.picweb.it\\\/emm\\\/blog\\\/#website\"},\"primaryImageOfPage\":{\"@id\":\"https:\\\/\\\/www.picweb.it\\\/emm\\\/blog\\\/index.php\\\/2023\\\/02\\\/20\\\/rigenerazioni-urbane-possibili-capitolo-2\\\/#primaryimage\"},\"image\":{\"@id\":\"https:\\\/\\\/www.picweb.it\\\/emm\\\/blog\\\/index.php\\\/2023\\\/02\\\/20\\\/rigenerazioni-urbane-possibili-capitolo-2\\\/#primaryimage\"},\"thumbnailUrl\":\"http:\\\/\\\/www.picweb.it\\\/emm\\\/blog\\\/wp-content\\\/uploads\\\/2023\\\/02\\\/Villaggio-Olimpico-oggi-1024x681.jpg\",\"datePublished\":\"2023-02-20T07:29:46+00:00\",\"dateModified\":\"2023-02-20T10:25:18+00:00\",\"breadcrumb\":{\"@id\":\"https:\\\/\\\/www.picweb.it\\\/emm\\\/blog\\\/index.php\\\/2023\\\/02\\\/20\\\/rigenerazioni-urbane-possibili-capitolo-2\\\/#breadcrumb\"},\"inLanguage\":\"it-IT\",\"potentialAction\":[{\"@type\":\"ReadAction\",\"target\":[\"https:\\\/\\\/www.picweb.it\\\/emm\\\/blog\\\/index.php\\\/2023\\\/02\\\/20\\\/rigenerazioni-urbane-possibili-capitolo-2\\\/\"]}]},{\"@type\":\"ImageObject\",\"inLanguage\":\"it-IT\",\"@id\":\"https:\\\/\\\/www.picweb.it\\\/emm\\\/blog\\\/index.php\\\/2023\\\/02\\\/20\\\/rigenerazioni-urbane-possibili-capitolo-2\\\/#primaryimage\",\"url\":\"https:\\\/\\\/www.picweb.it\\\/emm\\\/blog\\\/wp-content\\\/uploads\\\/2023\\\/02\\\/Villaggio-Olimpico-oggi.jpg\",\"contentUrl\":\"https:\\\/\\\/www.picweb.it\\\/emm\\\/blog\\\/wp-content\\\/uploads\\\/2023\\\/02\\\/Villaggio-Olimpico-oggi.jpg\",\"width\":1066,\"height\":709,\"caption\":\"Scorcio di un gruppo di edifici dell\u2019ex Villaggio Olimpico (Foto presa in rete, fonte MIBAC 2018 \u00ae)\"},{\"@type\":\"BreadcrumbList\",\"@id\":\"https:\\\/\\\/www.picweb.it\\\/emm\\\/blog\\\/index.php\\\/2023\\\/02\\\/20\\\/rigenerazioni-urbane-possibili-capitolo-2\\\/#breadcrumb\",\"itemListElement\":[{\"@type\":\"ListItem\",\"position\":1,\"name\":\"Home\",\"item\":\"http:\\\/\\\/www.picweb.it\\\/emm\\\/blog\\\/\"},{\"@type\":\"ListItem\",\"position\":2,\"name\":\"Rigenerazioni Urbane Possibili \u2013 Capitolo 2\"}]},{\"@type\":\"WebSite\",\"@id\":\"http:\\\/\\\/www.picweb.it\\\/emm\\\/blog\\\/#website\",\"url\":\"http:\\\/\\\/www.picweb.it\\\/emm\\\/blog\\\/\",\"name\":\"virtutem forma decorat\",\"description\":\"The new Architectural blog\",\"publisher\":{\"@id\":\"http:\\\/\\\/www.picweb.it\\\/emm\\\/blog\\\/#\\\/schema\\\/person\\\/e29c0dd15f13008bd4c7682e6130977f\"},\"potentialAction\":[{\"@type\":\"SearchAction\",\"target\":{\"@type\":\"EntryPoint\",\"urlTemplate\":\"http:\\\/\\\/www.picweb.it\\\/emm\\\/blog\\\/?s={search_term_string}\"},\"query-input\":{\"@type\":\"PropertyValueSpecification\",\"valueRequired\":true,\"valueName\":\"search_term_string\"}}],\"inLanguage\":\"it-IT\"},{\"@type\":[\"Person\",\"Organization\"],\"@id\":\"http:\\\/\\\/www.picweb.it\\\/emm\\\/blog\\\/#\\\/schema\\\/person\\\/e29c0dd15f13008bd4c7682e6130977f\",\"name\":\"emmazzola\",\"image\":{\"@type\":\"ImageObject\",\"inLanguage\":\"it-IT\",\"@id\":\"https:\\\/\\\/www.picweb.it\\\/emm\\\/blog\\\/wp-content\\\/uploads\\\/2017\\\/05\\\/cropped-logoVirtutemFormaDecorat_Whigher.png\",\"url\":\"https:\\\/\\\/www.picweb.it\\\/emm\\\/blog\\\/wp-content\\\/uploads\\\/2017\\\/05\\\/cropped-logoVirtutemFormaDecorat_Whigher.png\",\"contentUrl\":\"https:\\\/\\\/www.picweb.it\\\/emm\\\/blog\\\/wp-content\\\/uploads\\\/2017\\\/05\\\/cropped-logoVirtutemFormaDecorat_Whigher.png\",\"width\":200,\"height\":79,\"caption\":\"emmazzola\"},\"logo\":{\"@id\":\"https:\\\/\\\/www.picweb.it\\\/emm\\\/blog\\\/wp-content\\\/uploads\\\/2017\\\/05\\\/cropped-logoVirtutemFormaDecorat_Whigher.png\"},\"url\":\"https:\\\/\\\/www.picweb.it\\\/emm\\\/blog\\\/index.php\\\/author\\\/emmazzola\\\/\"}]}<\/script>\r\n<!-- \/ Yoast SEO plugin. -->","yoast_head_json":{"title":"Rigenerazioni Urbane Possibili \u2013 Capitolo 2 - virtutem forma decorat","robots":{"index":"index","follow":"follow","max-snippet":"max-snippet:-1","max-image-preview":"max-image-preview:large","max-video-preview":"max-video-preview:-1"},"canonical":"https:\/\/www.picweb.it\/emm\/blog\/index.php\/2023\/02\/20\/rigenerazioni-urbane-possibili-capitolo-2\/","og_locale":"it_IT","og_type":"article","og_title":"Rigenerazioni Urbane Possibili \u2013 Capitolo 2 - virtutem forma decorat","og_description":"Il progetto dei graduate students della University of Notre Dame per l\u2019ex Villaggio Olimpico Premessa Purtroppo, a causa della incapacit\u00e0 di rimettere in discussione l\u2019onest\u00e0 intellettuale degli insegnamenti ricevuti, molti architetti continuano a difendere strenuamente una serie di progetti urbanistici [&hellip;]","og_url":"https:\/\/www.picweb.it\/emm\/blog\/index.php\/2023\/02\/20\/rigenerazioni-urbane-possibili-capitolo-2\/","og_site_name":"virtutem forma decorat","article_published_time":"2023-02-20T07:29:46+00:00","article_modified_time":"2023-02-20T10:25:18+00:00","og_image":[{"url":"http:\/\/www.picweb.it\/emm\/blog\/wp-content\/uploads\/2023\/02\/Villaggio-Olimpico-oggi-1024x681.jpg","type":"","width":"","height":""}],"author":"emmazzola","twitter_card":"summary_large_image","twitter_creator":"@ettore_mazzola","twitter_site":"@ettore_mazzola","twitter_misc":{"Scritto da":"emmazzola","Tempo di lettura stimato":"28 minuti"},"schema":{"@context":"https:\/\/schema.org","@graph":[{"@type":"Article","@id":"https:\/\/www.picweb.it\/emm\/blog\/index.php\/2023\/02\/20\/rigenerazioni-urbane-possibili-capitolo-2\/#article","isPartOf":{"@id":"https:\/\/www.picweb.it\/emm\/blog\/index.php\/2023\/02\/20\/rigenerazioni-urbane-possibili-capitolo-2\/"},"author":{"name":"emmazzola","@id":"http:\/\/www.picweb.it\/emm\/blog\/#\/schema\/person\/e29c0dd15f13008bd4c7682e6130977f"},"headline":"Rigenerazioni Urbane Possibili \u2013 Capitolo 2","datePublished":"2023-02-20T07:29:46+00:00","dateModified":"2023-02-20T10:25:18+00:00","mainEntityOfPage":{"@id":"https:\/\/www.picweb.it\/emm\/blog\/index.php\/2023\/02\/20\/rigenerazioni-urbane-possibili-capitolo-2\/"},"wordCount":3920,"commentCount":6,"publisher":{"@id":"http:\/\/www.picweb.it\/emm\/blog\/#\/schema\/person\/e29c0dd15f13008bd4c7682e6130977f"},"image":{"@id":"https:\/\/www.picweb.it\/emm\/blog\/index.php\/2023\/02\/20\/rigenerazioni-urbane-possibili-capitolo-2\/#primaryimage"},"thumbnailUrl":"http:\/\/www.picweb.it\/emm\/blog\/wp-content\/uploads\/2023\/02\/Villaggio-Olimpico-oggi-1024x681.jpg","articleSection":["Architettura","attualit\u00e0","bellezza","Decoro urbano","Edilizia popolare","progettazione urbana","rigenerazione urbana","Roma","sostenibilit\u00e0","Stadio Flaminio","urbanistica"],"inLanguage":"it-IT","potentialAction":[{"@type":"CommentAction","name":"Comment","target":["https:\/\/www.picweb.it\/emm\/blog\/index.php\/2023\/02\/20\/rigenerazioni-urbane-possibili-capitolo-2\/#respond"]}]},{"@type":"WebPage","@id":"https:\/\/www.picweb.it\/emm\/blog\/index.php\/2023\/02\/20\/rigenerazioni-urbane-possibili-capitolo-2\/","url":"https:\/\/www.picweb.it\/emm\/blog\/index.php\/2023\/02\/20\/rigenerazioni-urbane-possibili-capitolo-2\/","name":"Rigenerazioni Urbane Possibili \u2013 Capitolo 2 - virtutem forma decorat","isPartOf":{"@id":"http:\/\/www.picweb.it\/emm\/blog\/#website"},"primaryImageOfPage":{"@id":"https:\/\/www.picweb.it\/emm\/blog\/index.php\/2023\/02\/20\/rigenerazioni-urbane-possibili-capitolo-2\/#primaryimage"},"image":{"@id":"https:\/\/www.picweb.it\/emm\/blog\/index.php\/2023\/02\/20\/rigenerazioni-urbane-possibili-capitolo-2\/#primaryimage"},"thumbnailUrl":"http:\/\/www.picweb.it\/emm\/blog\/wp-content\/uploads\/2023\/02\/Villaggio-Olimpico-oggi-1024x681.jpg","datePublished":"2023-02-20T07:29:46+00:00","dateModified":"2023-02-20T10:25:18+00:00","breadcrumb":{"@id":"https:\/\/www.picweb.it\/emm\/blog\/index.php\/2023\/02\/20\/rigenerazioni-urbane-possibili-capitolo-2\/#breadcrumb"},"inLanguage":"it-IT","potentialAction":[{"@type":"ReadAction","target":["https:\/\/www.picweb.it\/emm\/blog\/index.php\/2023\/02\/20\/rigenerazioni-urbane-possibili-capitolo-2\/"]}]},{"@type":"ImageObject","inLanguage":"it-IT","@id":"https:\/\/www.picweb.it\/emm\/blog\/index.php\/2023\/02\/20\/rigenerazioni-urbane-possibili-capitolo-2\/#primaryimage","url":"https:\/\/www.picweb.it\/emm\/blog\/wp-content\/uploads\/2023\/02\/Villaggio-Olimpico-oggi.jpg","contentUrl":"https:\/\/www.picweb.it\/emm\/blog\/wp-content\/uploads\/2023\/02\/Villaggio-Olimpico-oggi.jpg","width":1066,"height":709,"caption":"Scorcio di un gruppo di edifici dell\u2019ex Villaggio Olimpico (Foto presa in rete, fonte MIBAC 2018 \u00ae)"},{"@type":"BreadcrumbList","@id":"https:\/\/www.picweb.it\/emm\/blog\/index.php\/2023\/02\/20\/rigenerazioni-urbane-possibili-capitolo-2\/#breadcrumb","itemListElement":[{"@type":"ListItem","position":1,"name":"Home","item":"http:\/\/www.picweb.it\/emm\/blog\/"},{"@type":"ListItem","position":2,"name":"Rigenerazioni Urbane Possibili \u2013 Capitolo 2"}]},{"@type":"WebSite","@id":"http:\/\/www.picweb.it\/emm\/blog\/#website","url":"http:\/\/www.picweb.it\/emm\/blog\/","name":"virtutem forma decorat","description":"The new Architectural blog","publisher":{"@id":"http:\/\/www.picweb.it\/emm\/blog\/#\/schema\/person\/e29c0dd15f13008bd4c7682e6130977f"},"potentialAction":[{"@type":"SearchAction","target":{"@type":"EntryPoint","urlTemplate":"http:\/\/www.picweb.it\/emm\/blog\/?s={search_term_string}"},"query-input":{"@type":"PropertyValueSpecification","valueRequired":true,"valueName":"search_term_string"}}],"inLanguage":"it-IT"},{"@type":["Person","Organization"],"@id":"http:\/\/www.picweb.it\/emm\/blog\/#\/schema\/person\/e29c0dd15f13008bd4c7682e6130977f","name":"emmazzola","image":{"@type":"ImageObject","inLanguage":"it-IT","@id":"https:\/\/www.picweb.it\/emm\/blog\/wp-content\/uploads\/2017\/05\/cropped-logoVirtutemFormaDecorat_Whigher.png","url":"https:\/\/www.picweb.it\/emm\/blog\/wp-content\/uploads\/2017\/05\/cropped-logoVirtutemFormaDecorat_Whigher.png","contentUrl":"https:\/\/www.picweb.it\/emm\/blog\/wp-content\/uploads\/2017\/05\/cropped-logoVirtutemFormaDecorat_Whigher.png","width":200,"height":79,"caption":"emmazzola"},"logo":{"@id":"https:\/\/www.picweb.it\/emm\/blog\/wp-content\/uploads\/2017\/05\/cropped-logoVirtutemFormaDecorat_Whigher.png"},"url":"https:\/\/www.picweb.it\/emm\/blog\/index.php\/author\/emmazzola\/"}]}},"jetpack_featured_media_url":"","jetpack_sharing_enabled":true,"jetpack_shortlink":"https:\/\/wp.me\/p8HWjS-YZ","jetpack-related-posts":[],"jetpack_likes_enabled":true,"_links":{"self":[{"href":"https:\/\/www.picweb.it\/emm\/blog\/index.php\/wp-json\/wp\/v2\/posts\/3781","targetHints":{"allow":["GET"]}}],"collection":[{"href":"https:\/\/www.picweb.it\/emm\/blog\/index.php\/wp-json\/wp\/v2\/posts"}],"about":[{"href":"https:\/\/www.picweb.it\/emm\/blog\/index.php\/wp-json\/wp\/v2\/types\/post"}],"author":[{"embeddable":true,"href":"https:\/\/www.picweb.it\/emm\/blog\/index.php\/wp-json\/wp\/v2\/users\/2"}],"replies":[{"embeddable":true,"href":"https:\/\/www.picweb.it\/emm\/blog\/index.php\/wp-json\/wp\/v2\/comments?post=3781"}],"version-history":[{"count":6,"href":"https:\/\/www.picweb.it\/emm\/blog\/index.php\/wp-json\/wp\/v2\/posts\/3781\/revisions"}],"predecessor-version":[{"id":3826,"href":"https:\/\/www.picweb.it\/emm\/blog\/index.php\/wp-json\/wp\/v2\/posts\/3781\/revisions\/3826"}],"wp:attachment":[{"href":"https:\/\/www.picweb.it\/emm\/blog\/index.php\/wp-json\/wp\/v2\/media?parent=3781"}],"wp:term":[{"taxonomy":"category","embeddable":true,"href":"https:\/\/www.picweb.it\/emm\/blog\/index.php\/wp-json\/wp\/v2\/categories?post=3781"},{"taxonomy":"post_tag","embeddable":true,"href":"https:\/\/www.picweb.it\/emm\/blog\/index.php\/wp-json\/wp\/v2\/tags?post=3781"}],"curies":[{"name":"wp","href":"https:\/\/api.w.org\/{rel}","templated":true}]}}