{"id":3395,"date":"2021-10-31T10:24:12","date_gmt":"2021-10-31T09:24:12","guid":{"rendered":"https:\/\/www.picweb.it\/emm\/blog\/?p=3395"},"modified":"2021-10-31T19:06:46","modified_gmt":"2021-10-31T18:06:46","slug":"linsostenibile-pesantezza-dellessere-e-la-coerenza-del-g20-alla-nuvola","status":"publish","type":"post","link":"https:\/\/www.picweb.it\/emm\/blog\/index.php\/2021\/10\/31\/linsostenibile-pesantezza-dellessere-e-la-coerenza-del-g20-alla-nuvola\/","title":{"rendered":"L\u2019insostenibile pesantezza dell\u2019essere e la coerenza del G20 alla Nuvola"},"content":{"rendered":"\n<figure class=\"wp-block-image size-full is-style-default\"><img fetchpriority=\"high\" decoding=\"async\" width=\"987\" height=\"660\" data-attachment-id=\"3397\" data-permalink=\"https:\/\/www.picweb.it\/emm\/blog\/index.php\/2021\/10\/31\/linsostenibile-pesantezza-dellessere-e-la-coerenza-del-g20-alla-nuvola\/la-nuvola-2\/\" data-orig-file=\"https:\/\/www.picweb.it\/emm\/blog\/wp-content\/uploads\/2021\/10\/La-Nuvola.jpg\" data-orig-size=\"987,660\" data-comments-opened=\"1\" data-image-meta=\"{&quot;aperture&quot;:&quot;0&quot;,&quot;credit&quot;:&quot;&quot;,&quot;camera&quot;:&quot;&quot;,&quot;caption&quot;:&quot;&quot;,&quot;created_timestamp&quot;:&quot;0&quot;,&quot;copyright&quot;:&quot;&quot;,&quot;focal_length&quot;:&quot;0&quot;,&quot;iso&quot;:&quot;0&quot;,&quot;shutter_speed&quot;:&quot;0&quot;,&quot;title&quot;:&quot;&quot;,&quot;orientation&quot;:&quot;0&quot;}\" data-image-title=\"La-Nuvola\" data-image-description=\"\" data-image-caption=\"&lt;p&gt;La Nuvola dell\u2019EUR \u2013 foto \u201cLa Repubblica\u201d presa dal web&lt;\/p&gt;\n\" data-large-file=\"https:\/\/www.picweb.it\/emm\/blog\/wp-content\/uploads\/2021\/10\/La-Nuvola.jpg\" src=\"http:\/\/www.picweb.it\/emm\/blog\/wp-content\/uploads\/2021\/10\/La-Nuvola.jpg\" alt=\"\" class=\"wp-image-3397\" srcset=\"https:\/\/www.picweb.it\/emm\/blog\/wp-content\/uploads\/2021\/10\/La-Nuvola.jpg 987w, https:\/\/www.picweb.it\/emm\/blog\/wp-content\/uploads\/2021\/10\/La-Nuvola-300x201.jpg 300w, https:\/\/www.picweb.it\/emm\/blog\/wp-content\/uploads\/2021\/10\/La-Nuvola-768x514.jpg 768w, https:\/\/www.picweb.it\/emm\/blog\/wp-content\/uploads\/2021\/10\/La-Nuvola-700x468.jpg 700w, https:\/\/www.picweb.it\/emm\/blog\/wp-content\/uploads\/2021\/10\/La-Nuvola-520x348.jpg 520w, https:\/\/www.picweb.it\/emm\/blog\/wp-content\/uploads\/2021\/10\/La-Nuvola-360x241.jpg 360w, https:\/\/www.picweb.it\/emm\/blog\/wp-content\/uploads\/2021\/10\/La-Nuvola-250x167.jpg 250w, https:\/\/www.picweb.it\/emm\/blog\/wp-content\/uploads\/2021\/10\/La-Nuvola-100x67.jpg 100w\" sizes=\"(max-width: 987px) 100vw, 987px\" \/><figcaption>La Nuvola dell\u2019EUR \u2013 foto \u201cLa Repubblica\u201d presa dal web<\/figcaption><\/figure>\n\n\n\n<p>Parlare di \u201c<em>transizione ecologica<\/em>\u201d e di \u201c<em>sostenibilit\u00e0<\/em>\u201d nell\u2019edificio pi\u00f9 insostenibile del mondo \u00e8 lo specchio di una societ\u00e0 malata, dove l\u2019immagine conta pi\u00f9 della sostanza e l\u2019ipocrisia del parolaio di turno viene ritenuta sufficiente a credere che sia tutto giusto e vero.<\/p>\n\n\n\n<p>Considerata infatti l\u2019inutilit\u00e0 e l\u2019ipocrisia di questi meetings, i cui risultati risultano sempre pi\u00f9 <em>nebulosi<\/em> e insulsi, probabilmente nessun edificio avrebbe potuto risultare pi\u00f9 adatto, simbolicamente, ad ospitarlo!<\/p>\n\n\n\n<p>Sin dall\u2019ultimazione \u2013 apparente \u2013 dei lavori, \u00e8 risultato difatti chiaro a tutti che la <em>Nuvola<\/em> dell\u2019EUR fosse quanto di pi\u00f9 nebuloso potesse affermarsi in termini di <em>ecologia<\/em> e <em>sostenibilit\u00e0<\/em> in campo edilizio.<\/p>\n\n\n\n<p>Un immenso scatolone di vetro, sostenuto da tonnellate e tonnellate di angoscianti strutture di acciaio, dove non potrebbe esserci vita in assenza di aria condizionata \u2026<\/p>\n\n\n\n<figure class=\"wp-block-gallery columns-1 is-cropped wp-block-gallery-1 is-layout-flex wp-block-gallery-is-layout-flex\"><ul class=\"blocks-gallery-grid\"><li class=\"blocks-gallery-item\"><figure><img decoding=\"async\" width=\"990\" height=\"660\" data-attachment-id=\"3398\" data-permalink=\"https:\/\/www.picweb.it\/emm\/blog\/index.php\/2021\/10\/31\/linsostenibile-pesantezza-dellessere-e-la-coerenza-del-g20-alla-nuvola\/saldature-della-nuvola\/\" data-orig-file=\"https:\/\/www.picweb.it\/emm\/blog\/wp-content\/uploads\/2021\/10\/saldature-della-nuvola.jpg\" data-orig-size=\"990,660\" data-comments-opened=\"1\" data-image-meta=\"{&quot;aperture&quot;:&quot;0&quot;,&quot;credit&quot;:&quot;&quot;,&quot;camera&quot;:&quot;&quot;,&quot;caption&quot;:&quot;&quot;,&quot;created_timestamp&quot;:&quot;0&quot;,&quot;copyright&quot;:&quot;&quot;,&quot;focal_length&quot;:&quot;0&quot;,&quot;iso&quot;:&quot;0&quot;,&quot;shutter_speed&quot;:&quot;0&quot;,&quot;title&quot;:&quot;&quot;,&quot;orientation&quot;:&quot;0&quot;}\" data-image-title=\"saldature-della-nuvola\" data-image-description=\"\" data-image-caption=\"&lt;p&gt;Saldatura delle \u201cleggerissime\u201d strutture metalliche della \u201cNuvola\u201d \u2013 foto \u201cLa Repubblica\u201d presa dal web&lt;\/p&gt;\n\" data-large-file=\"https:\/\/www.picweb.it\/emm\/blog\/wp-content\/uploads\/2021\/10\/saldature-della-nuvola.jpg\" src=\"http:\/\/www.picweb.it\/emm\/blog\/wp-content\/uploads\/2021\/10\/saldature-della-nuvola.jpg\" alt=\"\" data-id=\"3398\" data-full-url=\"http:\/\/www.picweb.it\/emm\/blog\/wp-content\/uploads\/2021\/10\/saldature-della-nuvola.jpg\" data-link=\"https:\/\/www.picweb.it\/emm\/blog\/?attachment_id=3398\" class=\"wp-image-3398\" srcset=\"https:\/\/www.picweb.it\/emm\/blog\/wp-content\/uploads\/2021\/10\/saldature-della-nuvola.jpg 990w, https:\/\/www.picweb.it\/emm\/blog\/wp-content\/uploads\/2021\/10\/saldature-della-nuvola-300x200.jpg 300w, https:\/\/www.picweb.it\/emm\/blog\/wp-content\/uploads\/2021\/10\/saldature-della-nuvola-768x512.jpg 768w, https:\/\/www.picweb.it\/emm\/blog\/wp-content\/uploads\/2021\/10\/saldature-della-nuvola-700x467.jpg 700w, https:\/\/www.picweb.it\/emm\/blog\/wp-content\/uploads\/2021\/10\/saldature-della-nuvola-520x347.jpg 520w, https:\/\/www.picweb.it\/emm\/blog\/wp-content\/uploads\/2021\/10\/saldature-della-nuvola-360x240.jpg 360w, https:\/\/www.picweb.it\/emm\/blog\/wp-content\/uploads\/2021\/10\/saldature-della-nuvola-250x167.jpg 250w, https:\/\/www.picweb.it\/emm\/blog\/wp-content\/uploads\/2021\/10\/saldature-della-nuvola-100x67.jpg 100w\" sizes=\"(max-width: 990px) 100vw, 990px\" \/><figcaption class=\"blocks-gallery-item__caption\">Saldatura delle \u201cleggerissime\u201d strutture metalliche della \u201cNuvola\u201d \u2013 foto \u201cLa Repubblica\u201d presa dal web<\/figcaption><\/figure><\/li><\/ul><\/figure>\n\n\n\n<p>La stessa \u201c<em>Nuvola<\/em>\u201d, grottescamente definita \u201c<em>floating space<\/em>\u201d (spazio flottante) dall\u2019architetto, risulta sostenuta da orrende e pesantissime strutture metalliche che incombono sui fruitori.<\/p>\n\n\n\n<p>Il rivestimento della \u201c<em>Nuvola<\/em>\u201d \u00e8 invece stato realizzato con pannelli di fiberglass cuciti su misura da una ditta belga-tedesca \u2026<\/p>\n\n\n\n<p>Evidentemente, in barba al chilometro zero, tutti i trasporti e le produzioni industriali, indispensabili per rendere possibile il sogno di Fuksas, non hanno alcuna incidenza sull\u2019ambiente, ergo sulla presunta \u201c<em>sostenibilit\u00e0<\/em>\u201d.<\/p>\n\n\n\n<p>Pensando alla <em>leggerezza<\/em> millantata da Fuksas e guardando alla realt\u00e0 dell\u2019edificio, mi viene in mente di parafrasare il titolo del romanzo di Milan Kundera, definendolo \u201c<em>L\u2019insostenibile pesantezza dell\u2019essere<\/em>\u201d.<\/p>\n\n\n\n<figure class=\"wp-block-gallery columns-1 is-cropped wp-block-gallery-2 is-layout-flex wp-block-gallery-is-layout-flex\"><ul class=\"blocks-gallery-grid\"><li class=\"blocks-gallery-item\"><figure><img decoding=\"async\" width=\"990\" height=\"660\" data-attachment-id=\"3399\" data-permalink=\"https:\/\/www.picweb.it\/emm\/blog\/index.php\/2021\/10\/31\/linsostenibile-pesantezza-dellessere-e-la-coerenza-del-g20-alla-nuvola\/nuvola-dal-basso\/\" data-orig-file=\"https:\/\/www.picweb.it\/emm\/blog\/wp-content\/uploads\/2021\/10\/Nuvola-dal-basso.jpg\" data-orig-size=\"990,660\" data-comments-opened=\"1\" data-image-meta=\"{&quot;aperture&quot;:&quot;0&quot;,&quot;credit&quot;:&quot;&quot;,&quot;camera&quot;:&quot;&quot;,&quot;caption&quot;:&quot;&quot;,&quot;created_timestamp&quot;:&quot;0&quot;,&quot;copyright&quot;:&quot;&quot;,&quot;focal_length&quot;:&quot;0&quot;,&quot;iso&quot;:&quot;0&quot;,&quot;shutter_speed&quot;:&quot;0&quot;,&quot;title&quot;:&quot;&quot;,&quot;orientation&quot;:&quot;0&quot;}\" data-image-title=\"Nuvola-dal-basso\" data-image-description=\"\" data-image-caption=\"&lt;p&gt;\u201cLeggerissima\u201d visione della \u201cNuvola\u201d dal basso \u2013 foto \u201cLa Repubblica\u201d presa dal web&lt;\/p&gt;\n\" data-large-file=\"https:\/\/www.picweb.it\/emm\/blog\/wp-content\/uploads\/2021\/10\/Nuvola-dal-basso.jpg\" src=\"http:\/\/www.picweb.it\/emm\/blog\/wp-content\/uploads\/2021\/10\/Nuvola-dal-basso.jpg\" alt=\"\" data-id=\"3399\" data-full-url=\"http:\/\/www.picweb.it\/emm\/blog\/wp-content\/uploads\/2021\/10\/Nuvola-dal-basso.jpg\" data-link=\"https:\/\/www.picweb.it\/emm\/blog\/?attachment_id=3399\" class=\"wp-image-3399\" srcset=\"https:\/\/www.picweb.it\/emm\/blog\/wp-content\/uploads\/2021\/10\/Nuvola-dal-basso.jpg 990w, https:\/\/www.picweb.it\/emm\/blog\/wp-content\/uploads\/2021\/10\/Nuvola-dal-basso-300x200.jpg 300w, https:\/\/www.picweb.it\/emm\/blog\/wp-content\/uploads\/2021\/10\/Nuvola-dal-basso-768x512.jpg 768w, https:\/\/www.picweb.it\/emm\/blog\/wp-content\/uploads\/2021\/10\/Nuvola-dal-basso-700x467.jpg 700w, https:\/\/www.picweb.it\/emm\/blog\/wp-content\/uploads\/2021\/10\/Nuvola-dal-basso-520x347.jpg 520w, https:\/\/www.picweb.it\/emm\/blog\/wp-content\/uploads\/2021\/10\/Nuvola-dal-basso-360x240.jpg 360w, https:\/\/www.picweb.it\/emm\/blog\/wp-content\/uploads\/2021\/10\/Nuvola-dal-basso-250x167.jpg 250w, https:\/\/www.picweb.it\/emm\/blog\/wp-content\/uploads\/2021\/10\/Nuvola-dal-basso-100x67.jpg 100w\" sizes=\"(max-width: 990px) 100vw, 990px\" \/><figcaption class=\"blocks-gallery-item__caption\">\u201cLeggerissima\u201d visione della \u201cNuvola\u201d dal basso \u2013 foto \u201cLa Repubblica\u201d presa dal web<\/figcaption><\/figure><\/li><\/ul><\/figure>\n\n\n\n<figure class=\"wp-block-gallery columns-1 is-cropped wp-block-gallery-3 is-layout-flex wp-block-gallery-is-layout-flex\"><ul class=\"blocks-gallery-grid\"><li class=\"blocks-gallery-item\"><figure><img loading=\"lazy\" decoding=\"async\" width=\"990\" height=\"660\" data-attachment-id=\"3400\" data-permalink=\"https:\/\/www.picweb.it\/emm\/blog\/index.php\/2021\/10\/31\/linsostenibile-pesantezza-dellessere-e-la-coerenza-del-g20-alla-nuvola\/interno-della-nuvola\/\" data-orig-file=\"https:\/\/www.picweb.it\/emm\/blog\/wp-content\/uploads\/2021\/10\/interno-della-nuvola.jpg\" data-orig-size=\"990,660\" data-comments-opened=\"1\" data-image-meta=\"{&quot;aperture&quot;:&quot;0&quot;,&quot;credit&quot;:&quot;&quot;,&quot;camera&quot;:&quot;&quot;,&quot;caption&quot;:&quot;&quot;,&quot;created_timestamp&quot;:&quot;0&quot;,&quot;copyright&quot;:&quot;&quot;,&quot;focal_length&quot;:&quot;0&quot;,&quot;iso&quot;:&quot;0&quot;,&quot;shutter_speed&quot;:&quot;0&quot;,&quot;title&quot;:&quot;&quot;,&quot;orientation&quot;:&quot;0&quot;}\" data-image-title=\"interno-della-nuvola\" data-image-description=\"\" data-image-caption=\"&lt;p&gt;\u201cLeggerissima\u201d visione all\u2019interno della \u201cNuvola\u201d \u2013 foto \u201cLa Repubblica\u201d presa dal web&lt;\/p&gt;\n\" data-large-file=\"https:\/\/www.picweb.it\/emm\/blog\/wp-content\/uploads\/2021\/10\/interno-della-nuvola.jpg\" src=\"http:\/\/www.picweb.it\/emm\/blog\/wp-content\/uploads\/2021\/10\/interno-della-nuvola.jpg\" alt=\"\" data-id=\"3400\" data-full-url=\"http:\/\/www.picweb.it\/emm\/blog\/wp-content\/uploads\/2021\/10\/interno-della-nuvola.jpg\" data-link=\"https:\/\/www.picweb.it\/emm\/blog\/?attachment_id=3400\" class=\"wp-image-3400\" srcset=\"https:\/\/www.picweb.it\/emm\/blog\/wp-content\/uploads\/2021\/10\/interno-della-nuvola.jpg 990w, https:\/\/www.picweb.it\/emm\/blog\/wp-content\/uploads\/2021\/10\/interno-della-nuvola-300x200.jpg 300w, https:\/\/www.picweb.it\/emm\/blog\/wp-content\/uploads\/2021\/10\/interno-della-nuvola-768x512.jpg 768w, https:\/\/www.picweb.it\/emm\/blog\/wp-content\/uploads\/2021\/10\/interno-della-nuvola-700x467.jpg 700w, https:\/\/www.picweb.it\/emm\/blog\/wp-content\/uploads\/2021\/10\/interno-della-nuvola-520x347.jpg 520w, https:\/\/www.picweb.it\/emm\/blog\/wp-content\/uploads\/2021\/10\/interno-della-nuvola-360x240.jpg 360w, https:\/\/www.picweb.it\/emm\/blog\/wp-content\/uploads\/2021\/10\/interno-della-nuvola-250x167.jpg 250w, https:\/\/www.picweb.it\/emm\/blog\/wp-content\/uploads\/2021\/10\/interno-della-nuvola-100x67.jpg 100w\" sizes=\"(max-width: 990px) 100vw, 990px\" \/><figcaption class=\"blocks-gallery-item__caption\">\u201cLeggerissima\u201d visione all\u2019interno della \u201cNuvola\u201d \u2013 foto \u201cLa Repubblica\u201d presa dal web<\/figcaption><\/figure><\/li><\/ul><\/figure>\n\n\n\n<p>Tornando sulla dipendenza di questo edificio dall\u2019aria condizionata \u2013 sistema inaccettabile nell\u2019era della sostenibilit\u00e0 \u2013 in pochi, perfino a Roma, sanno che, per poter rendere utilizzabile questa mostruosit\u00e0, i tecnici siano stati costretti ad utilizzare le acque del laghetto dell\u2019EUR \u2026 uccidendolo con l\u2019immissione di acqua calda, per poi ridagli vita realizzando un acquario che ha tratto beneficio dall\u2019innalzamento della temperatura dell\u2019acqua.<\/p>\n\n\n\n<p>Ovviamente queste spese, indirette, necessarie a rendere possibile il sogno dell\u2019architetto, non sono mai state contemplate nel conto, ripetutamente contestato ai responsabili della <em>Nuvola<\/em>.<\/p>\n\n\n\n<p>A conferma della assurda vicenda \u2013 insostenibile \u2013 del laghetto dell\u2019EUR, nel lontano 2016 il quotidiano \u201c<em>La Repubblica<\/em>\u201d pubblic\u00f2 un interessante articolo, a firma di Francesco Merlo, intitolato <em>Con Fuksas dentro la Nuvola. &#8220;La vendano subito ai tedeschi<\/em>&#8220;<a href=\"#_ftn1\">[1]<\/a>.<\/p>\n\n\n\n<p>In quell\u2019articolo l\u2019autore, contestando all\u2019architetto i costi, elencava anche quelle che lui impropriamente definiva \u201c<em>leggende metropolitane<\/em>\u201d ricordando:<\/p>\n\n\n\n<p>\u00ab<em>[\u2026] <strong>hanno dovuto deviare il laghetto dell\u2019Eur per raffreddare la Nuvola che d\u2019estate diventa un forno<\/strong>. [\u2026].<\/em><\/p>\n\n\n\n<p><em>&#8220;<strong>Stupidaggini<\/strong>. [\u2026] <strong>Usiamo l\u2019acqua del laghetto prendendola con le pompe. \u00c8 un risparmio ed \u00e8 ecologico<\/strong>. Qui c\u2019\u00e8 il fotovoltaico. E, dentro, la temperatura \u00e8 sempre uguale, estate e inverno: un altro miracolo. <strong>Di sicuro posso dire che l\u2019opera finale \u00e8 uguale al progetto iniziale. \u00c8 esattamente come l\u2019ho pensato e non ho pi\u00f9 voglia di farmi trascinare nelle polemiche n\u00e9 con l\u2019impresa n\u00e9 con l\u2019Ente Eur: sono felice e fiero della Nuvola. Ti ricordi la pubblicit\u00e0? &#8216;Ho trovato confini alla mia immaginazione ma alla fine ho visto ci\u00f2 che ho voluto&#8217;<\/strong><\/em>\u00bb.<\/p>\n\n\n\n<p>Inutile elencare le altre contestazioni, incluso l\u2019errore di posizionamento dell\u2019edificio rispetto alle strade, perch\u00e9 ci\u00f2 che emerge dal botta e risposta \u00e8 l\u2019assoluta certezza, dell\u2019architetto, di essere nel giusto e di essere convinto che la realizzazione del suo <strong>sogno<\/strong> iniziale non si configuri affatto come un <strong><em>incubo<\/em><\/strong> per la collettivit\u00e0 \u2026 la regola del Marchese del Grillo, specie in determinati ambienti, \u00e8 sempre attualissima!<\/p>\n\n\n\n<p>Eppure se prendessimo in esame, come indicato dall\u2019<em>Agenzia Europea dell\u2019Ambiente<\/em>, tutti i parametri necessari per poter considerare un edificio \u201c<em>sostenibile<\/em>\u201d, la Nuvola e tutte le strutture a suo contorno ci apparirebbero come quanto di pi\u00f9 errato possa concepirsi!<\/p>\n\n\n\n<figure class=\"wp-block-gallery columns-1 is-cropped wp-block-gallery-4 is-layout-flex wp-block-gallery-is-layout-flex\"><ul class=\"blocks-gallery-grid\"><li class=\"blocks-gallery-item\"><figure><img loading=\"lazy\" decoding=\"async\" width=\"1024\" height=\"702\" data-attachment-id=\"3401\" data-permalink=\"https:\/\/www.picweb.it\/emm\/blog\/index.php\/2021\/10\/31\/linsostenibile-pesantezza-dellessere-e-la-coerenza-del-g20-alla-nuvola\/life-cycle-assessment\/\" data-orig-file=\"https:\/\/www.picweb.it\/emm\/blog\/wp-content\/uploads\/2021\/10\/Life-Cycle-Assessment.png\" data-orig-size=\"1920,1317\" data-comments-opened=\"1\" data-image-meta=\"{&quot;aperture&quot;:&quot;0&quot;,&quot;credit&quot;:&quot;&quot;,&quot;camera&quot;:&quot;&quot;,&quot;caption&quot;:&quot;&quot;,&quot;created_timestamp&quot;:&quot;0&quot;,&quot;copyright&quot;:&quot;&quot;,&quot;focal_length&quot;:&quot;0&quot;,&quot;iso&quot;:&quot;0&quot;,&quot;shutter_speed&quot;:&quot;0&quot;,&quot;title&quot;:&quot;&quot;,&quot;orientation&quot;:&quot;0&quot;}\" data-image-title=\"Life-Cycle-Assessment\" data-image-description=\"\" data-image-caption=\"&lt;p&gt;Schema analitico del Lyfe Cycle Assessment cui rispondere per poter parlare di \u201csostenibilit\u00e0\u201d&lt;\/p&gt;\n\" data-large-file=\"https:\/\/www.picweb.it\/emm\/blog\/wp-content\/uploads\/2021\/10\/Life-Cycle-Assessment-1024x702.png\" src=\"http:\/\/www.picweb.it\/emm\/blog\/wp-content\/uploads\/2021\/10\/Life-Cycle-Assessment-1024x702.png\" alt=\"\" data-id=\"3401\" data-full-url=\"http:\/\/www.picweb.it\/emm\/blog\/wp-content\/uploads\/2021\/10\/Life-Cycle-Assessment.png\" data-link=\"https:\/\/www.picweb.it\/emm\/blog\/?attachment_id=3401\" class=\"wp-image-3401\" srcset=\"https:\/\/www.picweb.it\/emm\/blog\/wp-content\/uploads\/2021\/10\/Life-Cycle-Assessment-1024x702.png 1024w, https:\/\/www.picweb.it\/emm\/blog\/wp-content\/uploads\/2021\/10\/Life-Cycle-Assessment-300x206.png 300w, https:\/\/www.picweb.it\/emm\/blog\/wp-content\/uploads\/2021\/10\/Life-Cycle-Assessment-768x527.png 768w, https:\/\/www.picweb.it\/emm\/blog\/wp-content\/uploads\/2021\/10\/Life-Cycle-Assessment-1536x1054.png 1536w, https:\/\/www.picweb.it\/emm\/blog\/wp-content\/uploads\/2021\/10\/Life-Cycle-Assessment-700x480.png 700w, https:\/\/www.picweb.it\/emm\/blog\/wp-content\/uploads\/2021\/10\/Life-Cycle-Assessment-520x357.png 520w, https:\/\/www.picweb.it\/emm\/blog\/wp-content\/uploads\/2021\/10\/Life-Cycle-Assessment-360x247.png 360w, https:\/\/www.picweb.it\/emm\/blog\/wp-content\/uploads\/2021\/10\/Life-Cycle-Assessment-250x171.png 250w, https:\/\/www.picweb.it\/emm\/blog\/wp-content\/uploads\/2021\/10\/Life-Cycle-Assessment-100x69.png 100w, https:\/\/www.picweb.it\/emm\/blog\/wp-content\/uploads\/2021\/10\/Life-Cycle-Assessment.png 1920w\" sizes=\"(max-width: 1024px) 100vw, 1024px\" \/><figcaption class=\"blocks-gallery-item__caption\">Schema analitico del Lyfe Cycle Assessment cui rispondere per poter parlare di \u201csostenibilit\u00e0\u201d<\/figcaption><\/figure><\/li><\/ul><\/figure>\n\n\n\n<p>In pratica ci troviamo davanti ad un edificio del tutto insostenibile, oltre che inutile il quale, per essere giustificato ai cittadini che hanno sostenuto i costi di costruzione con le proprie tasse, viene utilizzato nei modi pi\u00f9 disparati.<\/p>\n\n\n\n<p>In pratica, dovendo dare un senso \u2013 come direbbe Vasco \u2013 <em>a quello che un senso non ce l\u2019ha<\/em>, dopo averlo usato come <em>hub vaccinale<\/em>, questo ecomostro \u00e8 stato scelto per ospitare il G20 dove, tra le altre cose, i presunti \u201c<em>grandi della Terra<\/em>\u201d sono stati chiamati a discutere di \u201c<em>transizione ecologica<\/em>\u201d e \u201c<em>sostenibilit\u00e0<\/em>\u201d \u2026 peraltro provocando un\u2019impennata di CO<sub>2<\/sub> grazie alle deviazioni del traffico, molte delle quali necessarie a consentire alle first ladies di fare le turiste nella Capitale!<\/p>\n\n\n\n<p>Come \u00e8 possibile dar credito a tutto ci\u00f2?<\/p>\n\n\n\n<p>Se mai questi individui tenessero davvero all\u2019ambiente, certe riunioni dovrebbero farle nel bel mezzo di un deserto, atto a fargli comprendere cosa significhi \u201c<em>cambiamento climatico<\/em>\u201d, oppure su di un\u2019isola deserta, dove le loro discussioni, inutili perch\u00e9 nessuna decisione presa verr\u00e0 mai messa in atto, possano non disturbare la gente e possano evitare le immani spese per la sicurezza dei partecipanti, specie nell\u2019era della <em>spending review<\/em>!<\/p>\n\n\n\n<p>Se proprio i G20 intendono dare il buon esempio, dettando le regole per uno sviluppo sostenibile, essi dovrebbero scegliere degli edifici il cui impatto sull\u2019ambiente risulti pari a zero e non di certo all\u2019interno di edifici consumisti, tossici e impattanti, che nulla possono rivendicare in nome della sostenibilit\u00e0.<\/p>\n\n\n\n<hr class=\"wp-block-separator\"\/>\n\n\n\n<p><a href=\"#_ftnref1\">[1]<\/a> https:\/\/www.repubblica.it\/cultura\/2016\/10\/24\/news\/fuksas_nuvola_tedeschi-150477918\/<\/p>\n","protected":false},"excerpt":{"rendered":"<p>Parlare di \u201ctransizione ecologica\u201d e di \u201csostenibilit\u00e0\u201d nell\u2019edificio pi\u00f9 insostenibile del mondo \u00e8 lo specchio di una societ\u00e0 malata, dove l\u2019immagine conta pi\u00f9 della sostanza e l\u2019ipocrisia del parolaio di turno viene ritenuta sufficiente a credere che sia tutto giusto [&hellip;]<\/p>\n","protected":false},"author":2,"featured_media":0,"comment_status":"open","ping_status":"open","sticky":false,"template":"","format":"standard","meta":{"jetpack_post_was_ever_published":false,"_jetpack_newsletter_access":"","_jetpack_dont_email_post_to_subs":false,"_jetpack_newsletter_tier_id":0,"_jetpack_memberships_contains_paywalled_content":false,"_jetpack_memberships_contains_paid_content":false,"footnotes":""},"categories":[52,165,411,383,74,139],"tags":[],"class_list":["post-3395","post","type-post","status-publish","format-standard","hentry","category-attualita","category-eur","category-g20","category-inquinamento-atmosferico","category-politica","category-sostenibilita","clearfix"],"yoast_head":"<!-- This site is optimized with the Yoast SEO plugin v27.3 - https:\/\/yoast.com\/product\/yoast-seo-wordpress\/ -->\r\n<title>L\u2019insostenibile pesantezza dell\u2019essere e la coerenza del G20 alla Nuvola - virtutem forma decorat<\/title>\r\n<meta name=\"robots\" content=\"index, follow, max-snippet:-1, max-image-preview:large, max-video-preview:-1\" \/>\r\n<link rel=\"canonical\" href=\"http:\/\/www.picweb.it\/emm\/blog\/index.php\/2021\/10\/31\/linsostenibile-pesantezza-dellessere-e-la-coerenza-del-g20-alla-nuvola\/\" \/>\r\n<meta property=\"og:locale\" content=\"it_IT\" \/>\r\n<meta property=\"og:type\" content=\"article\" \/>\r\n<meta property=\"og:title\" content=\"L\u2019insostenibile pesantezza dell\u2019essere e la coerenza del G20 alla Nuvola - virtutem forma decorat\" \/>\r\n<meta property=\"og:description\" content=\"Parlare di \u201ctransizione ecologica\u201d e di \u201csostenibilit\u00e0\u201d nell\u2019edificio pi\u00f9 insostenibile del mondo \u00e8 lo specchio di una societ\u00e0 malata, dove l\u2019immagine conta pi\u00f9 della sostanza e l\u2019ipocrisia del parolaio di turno viene ritenuta sufficiente a credere che sia tutto giusto [&hellip;]\" \/>\r\n<meta property=\"og:url\" content=\"http:\/\/www.picweb.it\/emm\/blog\/index.php\/2021\/10\/31\/linsostenibile-pesantezza-dellessere-e-la-coerenza-del-g20-alla-nuvola\/\" \/>\r\n<meta property=\"og:site_name\" content=\"virtutem forma decorat\" \/>\r\n<meta property=\"article:published_time\" content=\"2021-10-31T09:24:12+00:00\" \/>\r\n<meta property=\"article:modified_time\" content=\"2021-10-31T18:06:46+00:00\" \/>\r\n<meta property=\"og:image\" content=\"http:\/\/www.picweb.it\/emm\/blog\/wp-content\/uploads\/2021\/10\/La-Nuvola.jpg\" \/>\r\n<meta name=\"author\" content=\"emmazzola\" \/>\r\n<meta name=\"twitter:card\" content=\"summary_large_image\" \/>\r\n<meta name=\"twitter:creator\" content=\"@ettore_mazzola\" \/>\r\n<meta name=\"twitter:site\" content=\"@ettore_mazzola\" \/>\r\n<meta name=\"twitter:label1\" content=\"Scritto da\" \/>\n\t<meta name=\"twitter:data1\" content=\"emmazzola\" \/>\n\t<meta name=\"twitter:label2\" content=\"Tempo di lettura stimato\" \/>\n\t<meta name=\"twitter:data2\" content=\"5 minuti\" \/>\r\n<script type=\"application\/ld+json\" class=\"yoast-schema-graph\">{\"@context\":\"https:\\\/\\\/schema.org\",\"@graph\":[{\"@type\":\"Article\",\"@id\":\"http:\\\/\\\/www.picweb.it\\\/emm\\\/blog\\\/index.php\\\/2021\\\/10\\\/31\\\/linsostenibile-pesantezza-dellessere-e-la-coerenza-del-g20-alla-nuvola\\\/#article\",\"isPartOf\":{\"@id\":\"http:\\\/\\\/www.picweb.it\\\/emm\\\/blog\\\/index.php\\\/2021\\\/10\\\/31\\\/linsostenibile-pesantezza-dellessere-e-la-coerenza-del-g20-alla-nuvola\\\/\"},\"author\":{\"name\":\"emmazzola\",\"@id\":\"http:\\\/\\\/www.picweb.it\\\/emm\\\/blog\\\/#\\\/schema\\\/person\\\/e29c0dd15f13008bd4c7682e6130977f\"},\"headline\":\"L\u2019insostenibile pesantezza dell\u2019essere e la coerenza del G20 alla Nuvola\",\"datePublished\":\"2021-10-31T09:24:12+00:00\",\"dateModified\":\"2021-10-31T18:06:46+00:00\",\"mainEntityOfPage\":{\"@id\":\"http:\\\/\\\/www.picweb.it\\\/emm\\\/blog\\\/index.php\\\/2021\\\/10\\\/31\\\/linsostenibile-pesantezza-dellessere-e-la-coerenza-del-g20-alla-nuvola\\\/\"},\"wordCount\":915,\"commentCount\":0,\"publisher\":{\"@id\":\"http:\\\/\\\/www.picweb.it\\\/emm\\\/blog\\\/#\\\/schema\\\/person\\\/e29c0dd15f13008bd4c7682e6130977f\"},\"image\":{\"@id\":\"http:\\\/\\\/www.picweb.it\\\/emm\\\/blog\\\/index.php\\\/2021\\\/10\\\/31\\\/linsostenibile-pesantezza-dellessere-e-la-coerenza-del-g20-alla-nuvola\\\/#primaryimage\"},\"thumbnailUrl\":\"http:\\\/\\\/www.picweb.it\\\/emm\\\/blog\\\/wp-content\\\/uploads\\\/2021\\\/10\\\/La-Nuvola.jpg\",\"articleSection\":[\"attualit\u00e0\",\"EUR\",\"G20\",\"inquinamento atmosferico\",\"politica\",\"sostenibilit\u00e0\"],\"inLanguage\":\"it-IT\",\"potentialAction\":[{\"@type\":\"CommentAction\",\"name\":\"Comment\",\"target\":[\"http:\\\/\\\/www.picweb.it\\\/emm\\\/blog\\\/index.php\\\/2021\\\/10\\\/31\\\/linsostenibile-pesantezza-dellessere-e-la-coerenza-del-g20-alla-nuvola\\\/#respond\"]}]},{\"@type\":\"WebPage\",\"@id\":\"http:\\\/\\\/www.picweb.it\\\/emm\\\/blog\\\/index.php\\\/2021\\\/10\\\/31\\\/linsostenibile-pesantezza-dellessere-e-la-coerenza-del-g20-alla-nuvola\\\/\",\"url\":\"http:\\\/\\\/www.picweb.it\\\/emm\\\/blog\\\/index.php\\\/2021\\\/10\\\/31\\\/linsostenibile-pesantezza-dellessere-e-la-coerenza-del-g20-alla-nuvola\\\/\",\"name\":\"L\u2019insostenibile pesantezza dell\u2019essere e la coerenza del G20 alla Nuvola - virtutem forma decorat\",\"isPartOf\":{\"@id\":\"http:\\\/\\\/www.picweb.it\\\/emm\\\/blog\\\/#website\"},\"primaryImageOfPage\":{\"@id\":\"http:\\\/\\\/www.picweb.it\\\/emm\\\/blog\\\/index.php\\\/2021\\\/10\\\/31\\\/linsostenibile-pesantezza-dellessere-e-la-coerenza-del-g20-alla-nuvola\\\/#primaryimage\"},\"image\":{\"@id\":\"http:\\\/\\\/www.picweb.it\\\/emm\\\/blog\\\/index.php\\\/2021\\\/10\\\/31\\\/linsostenibile-pesantezza-dellessere-e-la-coerenza-del-g20-alla-nuvola\\\/#primaryimage\"},\"thumbnailUrl\":\"http:\\\/\\\/www.picweb.it\\\/emm\\\/blog\\\/wp-content\\\/uploads\\\/2021\\\/10\\\/La-Nuvola.jpg\",\"datePublished\":\"2021-10-31T09:24:12+00:00\",\"dateModified\":\"2021-10-31T18:06:46+00:00\",\"breadcrumb\":{\"@id\":\"http:\\\/\\\/www.picweb.it\\\/emm\\\/blog\\\/index.php\\\/2021\\\/10\\\/31\\\/linsostenibile-pesantezza-dellessere-e-la-coerenza-del-g20-alla-nuvola\\\/#breadcrumb\"},\"inLanguage\":\"it-IT\",\"potentialAction\":[{\"@type\":\"ReadAction\",\"target\":[\"http:\\\/\\\/www.picweb.it\\\/emm\\\/blog\\\/index.php\\\/2021\\\/10\\\/31\\\/linsostenibile-pesantezza-dellessere-e-la-coerenza-del-g20-alla-nuvola\\\/\"]}]},{\"@type\":\"ImageObject\",\"inLanguage\":\"it-IT\",\"@id\":\"http:\\\/\\\/www.picweb.it\\\/emm\\\/blog\\\/index.php\\\/2021\\\/10\\\/31\\\/linsostenibile-pesantezza-dellessere-e-la-coerenza-del-g20-alla-nuvola\\\/#primaryimage\",\"url\":\"https:\\\/\\\/www.picweb.it\\\/emm\\\/blog\\\/wp-content\\\/uploads\\\/2021\\\/10\\\/La-Nuvola.jpg\",\"contentUrl\":\"https:\\\/\\\/www.picweb.it\\\/emm\\\/blog\\\/wp-content\\\/uploads\\\/2021\\\/10\\\/La-Nuvola.jpg\",\"width\":987,\"height\":660,\"caption\":\"La Nuvola dell\u2019EUR \u2013 foto \u201cLa Repubblica\u201d presa dal web\"},{\"@type\":\"BreadcrumbList\",\"@id\":\"http:\\\/\\\/www.picweb.it\\\/emm\\\/blog\\\/index.php\\\/2021\\\/10\\\/31\\\/linsostenibile-pesantezza-dellessere-e-la-coerenza-del-g20-alla-nuvola\\\/#breadcrumb\",\"itemListElement\":[{\"@type\":\"ListItem\",\"position\":1,\"name\":\"Home\",\"item\":\"http:\\\/\\\/www.picweb.it\\\/emm\\\/blog\\\/\"},{\"@type\":\"ListItem\",\"position\":2,\"name\":\"L\u2019insostenibile pesantezza dell\u2019essere e la coerenza del G20 alla Nuvola\"}]},{\"@type\":\"WebSite\",\"@id\":\"http:\\\/\\\/www.picweb.it\\\/emm\\\/blog\\\/#website\",\"url\":\"http:\\\/\\\/www.picweb.it\\\/emm\\\/blog\\\/\",\"name\":\"virtutem forma decorat\",\"description\":\"The new Architectural blog\",\"publisher\":{\"@id\":\"http:\\\/\\\/www.picweb.it\\\/emm\\\/blog\\\/#\\\/schema\\\/person\\\/e29c0dd15f13008bd4c7682e6130977f\"},\"potentialAction\":[{\"@type\":\"SearchAction\",\"target\":{\"@type\":\"EntryPoint\",\"urlTemplate\":\"http:\\\/\\\/www.picweb.it\\\/emm\\\/blog\\\/?s={search_term_string}\"},\"query-input\":{\"@type\":\"PropertyValueSpecification\",\"valueRequired\":true,\"valueName\":\"search_term_string\"}}],\"inLanguage\":\"it-IT\"},{\"@type\":[\"Person\",\"Organization\"],\"@id\":\"http:\\\/\\\/www.picweb.it\\\/emm\\\/blog\\\/#\\\/schema\\\/person\\\/e29c0dd15f13008bd4c7682e6130977f\",\"name\":\"emmazzola\",\"image\":{\"@type\":\"ImageObject\",\"inLanguage\":\"it-IT\",\"@id\":\"https:\\\/\\\/www.picweb.it\\\/emm\\\/blog\\\/wp-content\\\/uploads\\\/2017\\\/05\\\/cropped-logoVirtutemFormaDecorat_Whigher.png\",\"url\":\"https:\\\/\\\/www.picweb.it\\\/emm\\\/blog\\\/wp-content\\\/uploads\\\/2017\\\/05\\\/cropped-logoVirtutemFormaDecorat_Whigher.png\",\"contentUrl\":\"https:\\\/\\\/www.picweb.it\\\/emm\\\/blog\\\/wp-content\\\/uploads\\\/2017\\\/05\\\/cropped-logoVirtutemFormaDecorat_Whigher.png\",\"width\":200,\"height\":79,\"caption\":\"emmazzola\"},\"logo\":{\"@id\":\"https:\\\/\\\/www.picweb.it\\\/emm\\\/blog\\\/wp-content\\\/uploads\\\/2017\\\/05\\\/cropped-logoVirtutemFormaDecorat_Whigher.png\"},\"url\":\"https:\\\/\\\/www.picweb.it\\\/emm\\\/blog\\\/index.php\\\/author\\\/emmazzola\\\/\"}]}<\/script>\r\n<!-- \/ Yoast SEO plugin. -->","yoast_head_json":{"title":"L\u2019insostenibile pesantezza dell\u2019essere e la coerenza del G20 alla Nuvola - virtutem forma decorat","robots":{"index":"index","follow":"follow","max-snippet":"max-snippet:-1","max-image-preview":"max-image-preview:large","max-video-preview":"max-video-preview:-1"},"canonical":"http:\/\/www.picweb.it\/emm\/blog\/index.php\/2021\/10\/31\/linsostenibile-pesantezza-dellessere-e-la-coerenza-del-g20-alla-nuvola\/","og_locale":"it_IT","og_type":"article","og_title":"L\u2019insostenibile pesantezza dell\u2019essere e la coerenza del G20 alla Nuvola - virtutem forma decorat","og_description":"Parlare di \u201ctransizione ecologica\u201d e di \u201csostenibilit\u00e0\u201d nell\u2019edificio pi\u00f9 insostenibile del mondo \u00e8 lo specchio di una societ\u00e0 malata, dove l\u2019immagine conta pi\u00f9 della sostanza e l\u2019ipocrisia del parolaio di turno viene ritenuta sufficiente a credere che sia tutto giusto [&hellip;]","og_url":"http:\/\/www.picweb.it\/emm\/blog\/index.php\/2021\/10\/31\/linsostenibile-pesantezza-dellessere-e-la-coerenza-del-g20-alla-nuvola\/","og_site_name":"virtutem forma decorat","article_published_time":"2021-10-31T09:24:12+00:00","article_modified_time":"2021-10-31T18:06:46+00:00","og_image":[{"url":"http:\/\/www.picweb.it\/emm\/blog\/wp-content\/uploads\/2021\/10\/La-Nuvola.jpg","type":"","width":"","height":""}],"author":"emmazzola","twitter_card":"summary_large_image","twitter_creator":"@ettore_mazzola","twitter_site":"@ettore_mazzola","twitter_misc":{"Scritto da":"emmazzola","Tempo di lettura stimato":"5 minuti"},"schema":{"@context":"https:\/\/schema.org","@graph":[{"@type":"Article","@id":"http:\/\/www.picweb.it\/emm\/blog\/index.php\/2021\/10\/31\/linsostenibile-pesantezza-dellessere-e-la-coerenza-del-g20-alla-nuvola\/#article","isPartOf":{"@id":"http:\/\/www.picweb.it\/emm\/blog\/index.php\/2021\/10\/31\/linsostenibile-pesantezza-dellessere-e-la-coerenza-del-g20-alla-nuvola\/"},"author":{"name":"emmazzola","@id":"http:\/\/www.picweb.it\/emm\/blog\/#\/schema\/person\/e29c0dd15f13008bd4c7682e6130977f"},"headline":"L\u2019insostenibile pesantezza dell\u2019essere e la coerenza del G20 alla Nuvola","datePublished":"2021-10-31T09:24:12+00:00","dateModified":"2021-10-31T18:06:46+00:00","mainEntityOfPage":{"@id":"http:\/\/www.picweb.it\/emm\/blog\/index.php\/2021\/10\/31\/linsostenibile-pesantezza-dellessere-e-la-coerenza-del-g20-alla-nuvola\/"},"wordCount":915,"commentCount":0,"publisher":{"@id":"http:\/\/www.picweb.it\/emm\/blog\/#\/schema\/person\/e29c0dd15f13008bd4c7682e6130977f"},"image":{"@id":"http:\/\/www.picweb.it\/emm\/blog\/index.php\/2021\/10\/31\/linsostenibile-pesantezza-dellessere-e-la-coerenza-del-g20-alla-nuvola\/#primaryimage"},"thumbnailUrl":"http:\/\/www.picweb.it\/emm\/blog\/wp-content\/uploads\/2021\/10\/La-Nuvola.jpg","articleSection":["attualit\u00e0","EUR","G20","inquinamento atmosferico","politica","sostenibilit\u00e0"],"inLanguage":"it-IT","potentialAction":[{"@type":"CommentAction","name":"Comment","target":["http:\/\/www.picweb.it\/emm\/blog\/index.php\/2021\/10\/31\/linsostenibile-pesantezza-dellessere-e-la-coerenza-del-g20-alla-nuvola\/#respond"]}]},{"@type":"WebPage","@id":"http:\/\/www.picweb.it\/emm\/blog\/index.php\/2021\/10\/31\/linsostenibile-pesantezza-dellessere-e-la-coerenza-del-g20-alla-nuvola\/","url":"http:\/\/www.picweb.it\/emm\/blog\/index.php\/2021\/10\/31\/linsostenibile-pesantezza-dellessere-e-la-coerenza-del-g20-alla-nuvola\/","name":"L\u2019insostenibile pesantezza dell\u2019essere e la coerenza del G20 alla Nuvola - virtutem forma decorat","isPartOf":{"@id":"http:\/\/www.picweb.it\/emm\/blog\/#website"},"primaryImageOfPage":{"@id":"http:\/\/www.picweb.it\/emm\/blog\/index.php\/2021\/10\/31\/linsostenibile-pesantezza-dellessere-e-la-coerenza-del-g20-alla-nuvola\/#primaryimage"},"image":{"@id":"http:\/\/www.picweb.it\/emm\/blog\/index.php\/2021\/10\/31\/linsostenibile-pesantezza-dellessere-e-la-coerenza-del-g20-alla-nuvola\/#primaryimage"},"thumbnailUrl":"http:\/\/www.picweb.it\/emm\/blog\/wp-content\/uploads\/2021\/10\/La-Nuvola.jpg","datePublished":"2021-10-31T09:24:12+00:00","dateModified":"2021-10-31T18:06:46+00:00","breadcrumb":{"@id":"http:\/\/www.picweb.it\/emm\/blog\/index.php\/2021\/10\/31\/linsostenibile-pesantezza-dellessere-e-la-coerenza-del-g20-alla-nuvola\/#breadcrumb"},"inLanguage":"it-IT","potentialAction":[{"@type":"ReadAction","target":["http:\/\/www.picweb.it\/emm\/blog\/index.php\/2021\/10\/31\/linsostenibile-pesantezza-dellessere-e-la-coerenza-del-g20-alla-nuvola\/"]}]},{"@type":"ImageObject","inLanguage":"it-IT","@id":"http:\/\/www.picweb.it\/emm\/blog\/index.php\/2021\/10\/31\/linsostenibile-pesantezza-dellessere-e-la-coerenza-del-g20-alla-nuvola\/#primaryimage","url":"https:\/\/www.picweb.it\/emm\/blog\/wp-content\/uploads\/2021\/10\/La-Nuvola.jpg","contentUrl":"https:\/\/www.picweb.it\/emm\/blog\/wp-content\/uploads\/2021\/10\/La-Nuvola.jpg","width":987,"height":660,"caption":"La Nuvola dell\u2019EUR \u2013 foto \u201cLa Repubblica\u201d presa dal web"},{"@type":"BreadcrumbList","@id":"http:\/\/www.picweb.it\/emm\/blog\/index.php\/2021\/10\/31\/linsostenibile-pesantezza-dellessere-e-la-coerenza-del-g20-alla-nuvola\/#breadcrumb","itemListElement":[{"@type":"ListItem","position":1,"name":"Home","item":"http:\/\/www.picweb.it\/emm\/blog\/"},{"@type":"ListItem","position":2,"name":"L\u2019insostenibile pesantezza dell\u2019essere e la coerenza del G20 alla Nuvola"}]},{"@type":"WebSite","@id":"http:\/\/www.picweb.it\/emm\/blog\/#website","url":"http:\/\/www.picweb.it\/emm\/blog\/","name":"virtutem forma decorat","description":"The new Architectural blog","publisher":{"@id":"http:\/\/www.picweb.it\/emm\/blog\/#\/schema\/person\/e29c0dd15f13008bd4c7682e6130977f"},"potentialAction":[{"@type":"SearchAction","target":{"@type":"EntryPoint","urlTemplate":"http:\/\/www.picweb.it\/emm\/blog\/?s={search_term_string}"},"query-input":{"@type":"PropertyValueSpecification","valueRequired":true,"valueName":"search_term_string"}}],"inLanguage":"it-IT"},{"@type":["Person","Organization"],"@id":"http:\/\/www.picweb.it\/emm\/blog\/#\/schema\/person\/e29c0dd15f13008bd4c7682e6130977f","name":"emmazzola","image":{"@type":"ImageObject","inLanguage":"it-IT","@id":"https:\/\/www.picweb.it\/emm\/blog\/wp-content\/uploads\/2017\/05\/cropped-logoVirtutemFormaDecorat_Whigher.png","url":"https:\/\/www.picweb.it\/emm\/blog\/wp-content\/uploads\/2017\/05\/cropped-logoVirtutemFormaDecorat_Whigher.png","contentUrl":"https:\/\/www.picweb.it\/emm\/blog\/wp-content\/uploads\/2017\/05\/cropped-logoVirtutemFormaDecorat_Whigher.png","width":200,"height":79,"caption":"emmazzola"},"logo":{"@id":"https:\/\/www.picweb.it\/emm\/blog\/wp-content\/uploads\/2017\/05\/cropped-logoVirtutemFormaDecorat_Whigher.png"},"url":"https:\/\/www.picweb.it\/emm\/blog\/index.php\/author\/emmazzola\/"}]}},"jetpack_featured_media_url":"","jetpack_sharing_enabled":true,"jetpack_shortlink":"https:\/\/wp.me\/p8HWjS-SL","jetpack-related-posts":[],"jetpack_likes_enabled":true,"_links":{"self":[{"href":"https:\/\/www.picweb.it\/emm\/blog\/index.php\/wp-json\/wp\/v2\/posts\/3395","targetHints":{"allow":["GET"]}}],"collection":[{"href":"https:\/\/www.picweb.it\/emm\/blog\/index.php\/wp-json\/wp\/v2\/posts"}],"about":[{"href":"https:\/\/www.picweb.it\/emm\/blog\/index.php\/wp-json\/wp\/v2\/types\/post"}],"author":[{"embeddable":true,"href":"https:\/\/www.picweb.it\/emm\/blog\/index.php\/wp-json\/wp\/v2\/users\/2"}],"replies":[{"embeddable":true,"href":"https:\/\/www.picweb.it\/emm\/blog\/index.php\/wp-json\/wp\/v2\/comments?post=3395"}],"version-history":[{"count":2,"href":"https:\/\/www.picweb.it\/emm\/blog\/index.php\/wp-json\/wp\/v2\/posts\/3395\/revisions"}],"predecessor-version":[{"id":3403,"href":"https:\/\/www.picweb.it\/emm\/blog\/index.php\/wp-json\/wp\/v2\/posts\/3395\/revisions\/3403"}],"wp:attachment":[{"href":"https:\/\/www.picweb.it\/emm\/blog\/index.php\/wp-json\/wp\/v2\/media?parent=3395"}],"wp:term":[{"taxonomy":"category","embeddable":true,"href":"https:\/\/www.picweb.it\/emm\/blog\/index.php\/wp-json\/wp\/v2\/categories?post=3395"},{"taxonomy":"post_tag","embeddable":true,"href":"https:\/\/www.picweb.it\/emm\/blog\/index.php\/wp-json\/wp\/v2\/tags?post=3395"}],"curies":[{"name":"wp","href":"https:\/\/api.w.org\/{rel}","templated":true}]}}