{"id":333,"date":"2017-06-01T15:13:13","date_gmt":"2017-06-01T13:13:13","guid":{"rendered":"http:\/\/www.picweb.it\/emm\/blog\/?p=333"},"modified":"2017-06-01T15:49:32","modified_gmt":"2017-06-01T13:49:32","slug":"limpero-del-perbenismo","status":"publish","type":"post","link":"https:\/\/www.picweb.it\/emm\/blog\/index.php\/2017\/06\/01\/limpero-del-perbenismo\/","title":{"rendered":"L\u2019impero del perbenismo"},"content":{"rendered":"<p>Nell\u2019Italia del <em>perbenismo-conservatore<\/em>, dove basta mostrare indignazione per cose di poco conto per poter mascherare le proprie reali perversioni, tutto \u00e8 possibile!<\/p>\n<p>I nostri governi ci hanno abituato a manifestazioni a favore della famiglia, sebbene abbiano legiferato cercando in tutti i modi per evitare che i giovani italiani possano trovare un lavoro e, soprattutto, trovare il coraggio di metter su famiglia.<\/p>\n<p>Abbiamo regolarmente assistito ad assurde manifestazioni di indignazione pubblica verso il riconoscimento delle coppie di fatto \u2013 comunque esse possano essere formate \u2013 fingendo di non sapere che la stragrande maggioranza dei politici che combattono queste \u201c<em>cose inaccettabili<\/em>\u201d siano persone cos\u00ec innamorate della famiglia da possederne pi\u00f9 di una!<\/p>\n<p>La stessa Chiesa Cattolica, che condanna le persone divorziate senza fare un distinguo tra traditore e tradito, \u00e8 ben disposta, dietro lauto compenso, al rilascio del certificato di annullamento alla Sacra Rota di un matrimonio andato a male \u2026 e non oso entrare nel merito della pedofilia e omosessualit\u00e0 interne alla chiesa per sottolineare ancora una volta quanta ipocrisia possa esserci nel perbenismo che caratterizza certi ambienti.<\/p>\n<p>Che dire delle televisioni che non si indignano affatto davanti alla ricerca del dettaglio pi\u00f9 schifoso di un omicidio o infanticidio, presentando modelli ricostruttivi delle case degli eccidi? Quelle stesse televisioni i cui telegiornali amano intingere le telecamere nel sangue dei morti ammazzati \u2026 eventualmente arrivando a far spostare un bimbo profugo morto annegato perch\u00e9 pi\u00f9 utile allo scoop necrofilo!<\/p>\n<p>Che dire ancora degli sceneggiati televisivi e dei film mandati in prima serata, all\u2019interno dei quali appaiono scene sessuali fin troppo esplicite e sempre pi\u00f9 spesso a sfondo omosessuale? O che dire di certi film americani \u2013 il Paese pi\u00f9 perbenista del mondo che si permette di criticare la presenza delle gambe nude e scollature eccessive della TV italiana \u2013 i cui dialoghi contengono descrizioni a dir poco oscene riguardanti il sesso etero, omo, trans, auto, ecc.?<\/p>\n<p>Ebbene, senza nulla avere contro le inclinazioni sessuali di chicchessia, ritengo che certe cose dovrebbero esser trattate con maggior rispetto degli spettatori, specie i pi\u00f9 piccoli! E non lo dico per bigotteria, ma semplicemente perch\u00e9, da genitore che pi\u00f9 volte si \u00e8 trovato davanti al dilemma del cosa rispondere ai propri figli che chiedevano spiegazioni di ci\u00f2 che avevano visto o sentito descrivere in un programma \u201cper tutti\u201d in prima serata, mi sono sempre chiesto come mai nessuno si ponga il problema dei minori che si trovano sbattute in faccia certe scene crude e certe frasi? \u2026 E gi\u00e0, perch\u00e9 nessuno si pone il problema dell\u2019imbarazzo dei genitori in certe situazioni?<\/p>\n<figure id=\"attachment_334\" aria-describedby=\"caption-attachment-334\" style=\"width: 2647px\" class=\"wp-caption alignnone\"><img fetchpriority=\"high\" decoding=\"async\" data-attachment-id=\"334\" data-permalink=\"https:\/\/www.picweb.it\/emm\/blog\/index.php\/2017\/06\/01\/limpero-del-perbenismo\/c_2_video_3023219_upithumbnail\/\" data-orig-file=\"https:\/\/www.picweb.it\/emm\/blog\/wp-content\/uploads\/2017\/06\/C_2_video_3023219_upiThumbnail.jpg\" data-orig-size=\"2647,1014\" data-comments-opened=\"1\" data-image-meta=\"{&quot;aperture&quot;:&quot;0&quot;,&quot;credit&quot;:&quot;&quot;,&quot;camera&quot;:&quot;&quot;,&quot;caption&quot;:&quot;&quot;,&quot;created_timestamp&quot;:&quot;0&quot;,&quot;copyright&quot;:&quot;&quot;,&quot;focal_length&quot;:&quot;0&quot;,&quot;iso&quot;:&quot;0&quot;,&quot;shutter_speed&quot;:&quot;0&quot;,&quot;title&quot;:&quot;&quot;,&quot;orientation&quot;:&quot;0&quot;}\" data-image-title=\"C_2_video_3023219_upiThumbnail\" data-image-description=\"\" data-image-caption=\"&lt;p&gt;I biglietti ATAC disegnati da Milo Manara&lt;\/p&gt;\n\" data-large-file=\"https:\/\/www.picweb.it\/emm\/blog\/wp-content\/uploads\/2017\/06\/C_2_video_3023219_upiThumbnail-1024x392.jpg\" class=\"wp-image-334 size-full\" title=\"biglietti atac di Milo Manara\" src=\"http:\/\/www.picweb.it\/emm\/blog\/wp-content\/uploads\/2017\/06\/C_2_video_3023219_upiThumbnail.jpg\" alt=\"\" width=\"2647\" height=\"1014\" srcset=\"https:\/\/www.picweb.it\/emm\/blog\/wp-content\/uploads\/2017\/06\/C_2_video_3023219_upiThumbnail.jpg 2647w, https:\/\/www.picweb.it\/emm\/blog\/wp-content\/uploads\/2017\/06\/C_2_video_3023219_upiThumbnail-300x115.jpg 300w, https:\/\/www.picweb.it\/emm\/blog\/wp-content\/uploads\/2017\/06\/C_2_video_3023219_upiThumbnail-768x294.jpg 768w, https:\/\/www.picweb.it\/emm\/blog\/wp-content\/uploads\/2017\/06\/C_2_video_3023219_upiThumbnail-1024x392.jpg 1024w, https:\/\/www.picweb.it\/emm\/blog\/wp-content\/uploads\/2017\/06\/C_2_video_3023219_upiThumbnail-700x268.jpg 700w, https:\/\/www.picweb.it\/emm\/blog\/wp-content\/uploads\/2017\/06\/C_2_video_3023219_upiThumbnail-520x199.jpg 520w, https:\/\/www.picweb.it\/emm\/blog\/wp-content\/uploads\/2017\/06\/C_2_video_3023219_upiThumbnail-360x138.jpg 360w, https:\/\/www.picweb.it\/emm\/blog\/wp-content\/uploads\/2017\/06\/C_2_video_3023219_upiThumbnail-250x96.jpg 250w, https:\/\/www.picweb.it\/emm\/blog\/wp-content\/uploads\/2017\/06\/C_2_video_3023219_upiThumbnail-100x38.jpg 100w\" sizes=\"(max-width: 2647px) 100vw, 2647px\" \/><figcaption id=\"caption-attachment-334\" class=\"wp-caption-text\">I biglietti ATAC disegnati da Milo Manara<\/figcaption><\/figure>\n<p>Alla luce di quanto esposto, mi chiedo quindi cosa possa giustificare il polverone sollevato in questi giorni per l\u2019emissione di 4 biglietti, da parte dell\u2019Azienda per il trasporto pubblico di Roma, sui quali campeggiano 4 disegni di Milo Manara ispirati all\u2019opera di Gustav Klimt.<\/p>\n<p>Cosa vi sarebbe di osceno in queste delicate immagini di nudo, che ci riportano magicamente nel mondo della Belle \u00c9poque? Sinceramente mi sembra una esagerazione che potrebbe mascherare altro.<\/p>\n<p>Mi chiedo infatti il perch\u00e9, se qualcuno si \u00e8 posto il problema di dover tutelare i minori dal guardare questi biglietti, nessuno abbia speso una parola di indignazione nei confronti del bombardamento pubblicitario che \u00e8 stato fatto per promuovere l\u2019ignobile e disgustosa mostra \u201c<em>Real Bodies<\/em>\u201d dello pseudo-artista tedesco Gunther von Hagens, un personaggio che meriterebbe di essere internato in un manicomio.<\/p>\n<p>A quanto pare infatti \u2013 indipendentemente dalla mostra che un cittadino possa aver deciso o meno di visitare \u2013 per i nostri \u201c<em>moralisti<\/em>\u201d non sembra suscitare alcuno scandalo il fatto di mostrare, in giro per l\u2019Italia, le foto dei corpi di morti <em>plastinizzati<\/em> da von Hagens \u2026 corpi peraltro di dubbia provenienza, sui quali l\u2019artista ha infierito in maniera talmente sconcertante, da far impallidire perfino la memoria di altri <em>illustri<\/em> tedeschi del calibro di Mengele, Himmler, Brandt, Clauberg, Shumann, ecc.!<\/p>\n<p>Non solo nessuno ha impedito quella immonda pubblicit\u00e0 su cartelloni e autobus, ma addirittura \u00e8 stato consentito di pubblicizzare l\u2019evento come il pi\u00f9 importante dell\u2019anno, perfino organizzando visite speciali per i gruppi scolastici! \u2026 Una cosa davvero inaudita!<\/p>\n<p>Ci sarebbe da dire: \u201c<em>a pensar male si fa peccato, ma spesso si ha ragione<\/em>!\u201d<\/p>\n<p>\u2026 E gi\u00e0, perch\u00e9 di questi tempi, la domanda sorge spontanea: non sar\u00e0 mica che quel polverone, piuttosto che riguardare un problema di censura, possa essere l\u2019ennesimo, sporchissimo, tentativo di gettare fango sulla giunta in Campidoglio?<\/p>\n<p>A ben pensare, infatti, occorrerebbe analizzare una situazione parallela, ben pi\u00f9 scandalosa dei biglietti ATAC con i nudi di Manara, ovvero l\u2019ultima provocazione del \u201c<em>genio<\/em>\u201d di casa Agnelli Lapo Elkann, direttore creativo di Garage Italia Customs: la \u201c<em>500s Karmasutra<\/em>\u201d.<\/p>\n<p>Il pensiero di base del progetto di Lapo sarebbe: <em>&#8220;Chi ha detto che sesso e amore siano un peccato?&#8221;<\/em><\/p>\n<p>Fin qui nessuno potrebbe avere nulla da ridire, n\u00e9 ci sarebbe da disturbarsi se la realizzazione grafica fosse stata sviluppata all\u2019interno degli abitacoli, a solo beneficio del pervertito di turno. Senonch\u00e9 il <em>grande genio<\/em> Lapo Elkann \u2013 pi\u00f9 famoso per le sue strane esperienze a base di droga e sesso trasgressivo che non come \u201c<em>direttore creativo<\/em>\u201d \u2013 ha pensato bene di far decorare le fiancate della <em>Fiat 500s Karmasutra<\/em> (il solo nome la dice lunga sulla cultura e la genialit\u00e0 del soggetto), con immagini fin troppo esplicite tratte dal Kamasutra.<\/p>\n<figure id=\"attachment_335\" aria-describedby=\"caption-attachment-335\" style=\"width: 1217px\" class=\"wp-caption aligncenter\"><img decoding=\"async\" data-attachment-id=\"335\" data-permalink=\"https:\/\/www.picweb.it\/emm\/blog\/index.php\/2017\/06\/01\/limpero-del-perbenismo\/kar-masutra1\/\" data-orig-file=\"https:\/\/www.picweb.it\/emm\/blog\/wp-content\/uploads\/2017\/06\/kar-masutra1.jpg\" data-orig-size=\"1217,694\" data-comments-opened=\"1\" data-image-meta=\"{&quot;aperture&quot;:&quot;0&quot;,&quot;credit&quot;:&quot;&quot;,&quot;camera&quot;:&quot;&quot;,&quot;caption&quot;:&quot;&quot;,&quot;created_timestamp&quot;:&quot;0&quot;,&quot;copyright&quot;:&quot;&quot;,&quot;focal_length&quot;:&quot;0&quot;,&quot;iso&quot;:&quot;0&quot;,&quot;shutter_speed&quot;:&quot;0&quot;,&quot;title&quot;:&quot;&quot;,&quot;orientation&quot;:&quot;0&quot;}\" data-image-title=\"kar-masutra1\" data-image-description=\"\" data-image-caption=\"&lt;p&gt;Le due fiancate della Fiat 500s Karmasutra&lt;\/p&gt;\n\" data-large-file=\"https:\/\/www.picweb.it\/emm\/blog\/wp-content\/uploads\/2017\/06\/kar-masutra1-1024x584.jpg\" class=\"wp-image-335 size-full\" title=\"fiancata sinistra della Fiat 500s Karmasutra\" src=\"http:\/\/www.picweb.it\/emm\/blog\/wp-content\/uploads\/2017\/06\/kar-masutra1.jpg\" alt=\"\" width=\"1217\" height=\"694\" srcset=\"https:\/\/www.picweb.it\/emm\/blog\/wp-content\/uploads\/2017\/06\/kar-masutra1.jpg 1217w, https:\/\/www.picweb.it\/emm\/blog\/wp-content\/uploads\/2017\/06\/kar-masutra1-300x171.jpg 300w, https:\/\/www.picweb.it\/emm\/blog\/wp-content\/uploads\/2017\/06\/kar-masutra1-768x438.jpg 768w, https:\/\/www.picweb.it\/emm\/blog\/wp-content\/uploads\/2017\/06\/kar-masutra1-1024x584.jpg 1024w, https:\/\/www.picweb.it\/emm\/blog\/wp-content\/uploads\/2017\/06\/kar-masutra1-700x399.jpg 700w, https:\/\/www.picweb.it\/emm\/blog\/wp-content\/uploads\/2017\/06\/kar-masutra1-520x297.jpg 520w, https:\/\/www.picweb.it\/emm\/blog\/wp-content\/uploads\/2017\/06\/kar-masutra1-360x205.jpg 360w, https:\/\/www.picweb.it\/emm\/blog\/wp-content\/uploads\/2017\/06\/kar-masutra1-250x143.jpg 250w, https:\/\/www.picweb.it\/emm\/blog\/wp-content\/uploads\/2017\/06\/kar-masutra1-100x57.jpg 100w\" sizes=\"(max-width: 1217px) 100vw, 1217px\" \/><figcaption id=\"caption-attachment-335\" class=\"wp-caption-text\">fiancata sinistra della Fiat 500s Karmasutra<\/figcaption><\/figure>\n<figure id=\"attachment_336\" aria-describedby=\"caption-attachment-336\" style=\"width: 1217px\" class=\"wp-caption aligncenter\"><img decoding=\"async\" data-attachment-id=\"336\" data-permalink=\"https:\/\/www.picweb.it\/emm\/blog\/index.php\/2017\/06\/01\/limpero-del-perbenismo\/kar-masutra3\/\" data-orig-file=\"https:\/\/www.picweb.it\/emm\/blog\/wp-content\/uploads\/2017\/06\/kar-masutra3.jpg\" data-orig-size=\"1217,694\" data-comments-opened=\"1\" data-image-meta=\"{&quot;aperture&quot;:&quot;0&quot;,&quot;credit&quot;:&quot;&quot;,&quot;camera&quot;:&quot;&quot;,&quot;caption&quot;:&quot;&quot;,&quot;created_timestamp&quot;:&quot;0&quot;,&quot;copyright&quot;:&quot;&quot;,&quot;focal_length&quot;:&quot;0&quot;,&quot;iso&quot;:&quot;0&quot;,&quot;shutter_speed&quot;:&quot;0&quot;,&quot;title&quot;:&quot;&quot;,&quot;orientation&quot;:&quot;0&quot;}\" data-image-title=\"kar-masutra3\" data-image-description=\"\" data-image-caption=\"&lt;p&gt;fiancata destra della Fiat 500s Karmasutra&lt;\/p&gt;\n\" data-large-file=\"https:\/\/www.picweb.it\/emm\/blog\/wp-content\/uploads\/2017\/06\/kar-masutra3-1024x584.jpg\" class=\"wp-image-336 size-full\" title=\"fiancata destra della Fiat 500s Karmasutra\" src=\"http:\/\/www.picweb.it\/emm\/blog\/wp-content\/uploads\/2017\/06\/kar-masutra3.jpg\" alt=\"\" width=\"1217\" height=\"694\" srcset=\"https:\/\/www.picweb.it\/emm\/blog\/wp-content\/uploads\/2017\/06\/kar-masutra3.jpg 1217w, https:\/\/www.picweb.it\/emm\/blog\/wp-content\/uploads\/2017\/06\/kar-masutra3-300x171.jpg 300w, https:\/\/www.picweb.it\/emm\/blog\/wp-content\/uploads\/2017\/06\/kar-masutra3-768x438.jpg 768w, https:\/\/www.picweb.it\/emm\/blog\/wp-content\/uploads\/2017\/06\/kar-masutra3-1024x584.jpg 1024w, https:\/\/www.picweb.it\/emm\/blog\/wp-content\/uploads\/2017\/06\/kar-masutra3-700x399.jpg 700w, https:\/\/www.picweb.it\/emm\/blog\/wp-content\/uploads\/2017\/06\/kar-masutra3-520x297.jpg 520w, https:\/\/www.picweb.it\/emm\/blog\/wp-content\/uploads\/2017\/06\/kar-masutra3-360x205.jpg 360w, https:\/\/www.picweb.it\/emm\/blog\/wp-content\/uploads\/2017\/06\/kar-masutra3-250x143.jpg 250w, https:\/\/www.picweb.it\/emm\/blog\/wp-content\/uploads\/2017\/06\/kar-masutra3-100x57.jpg 100w\" sizes=\"(max-width: 1217px) 100vw, 1217px\" \/><figcaption id=\"caption-attachment-336\" class=\"wp-caption-text\">fiancata destra della Fiat 500s Karmasutra<\/figcaption><\/figure>\n<p>L\u2019imposizione di queste immagini agli occhi di chiunque, bambini compresi, la ritengo molto pi\u00f9 arrogante e violenta che non quelle dei biglietti, ma evidentemente ci troviamo davanti ad un caso che, ai fini del fine ultimo della polemica, risulta irrilevante!<\/p>\n<p>Siamo passai dall\u2019erotismo discreto alla pornografia esasperata, un cambiamento davanti alla quale ci si sarebbe dovuta aspettare l\u2019indignazione dei moralisti dei biglietti autoferrotranviari \u2026 e invece nulla!<\/p>\n<p>Che ognuno tragga le conclusioni del caso \u2026 io mi limito a ribadire la mia assoluta indifferenza, ed eventualmente apprezzamento, riguardo ai \u201c<em>biglietti della vergogna<\/em>\u201d<\/p>\n<p>&nbsp;<\/p>\n","protected":false},"excerpt":{"rendered":"<p>Nell\u2019Italia del perbenismo-conservatore, dove basta mostrare indignazione per cose di poco conto per poter mascherare le proprie reali perversioni, tutto \u00e8 possibile! I nostri governi ci hanno abituato a manifestazioni a favore della famiglia, sebbene abbiano legiferato cercando in tutti [&hellip;]<\/p>\n","protected":false},"author":2,"featured_media":0,"comment_status":"open","ping_status":"open","sticky":false,"template":"","format":"standard","meta":{"jetpack_post_was_ever_published":false,"_jetpack_newsletter_access":"","_jetpack_dont_email_post_to_subs":false,"_jetpack_newsletter_tier_id":0,"_jetpack_memberships_contains_paywalled_content":false,"_jetpack_memberships_contains_paid_content":false,"footnotes":""},"categories":[45,52],"tags":[62,12,14,59,60,15,61],"class_list":["post-333","post","type-post","status-publish","format-standard","hentry","category-arte","category-attualita","tag-arte-contemporanea","tag-ettore-maria-mazzola","tag-ettore-mazzola","tag-fiat","tag-manara","tag-mazzola","tag-trasporto-pubblico","clearfix"],"yoast_head":"<!-- This site is optimized with the Yoast SEO plugin v27.3 - https:\/\/yoast.com\/product\/yoast-seo-wordpress\/ -->\r\n<title>L\u2019impero del perbenismo - virtutem forma decorat<\/title>\r\n<meta name=\"robots\" content=\"index, follow, max-snippet:-1, max-image-preview:large, max-video-preview:-1\" \/>\r\n<link rel=\"canonical\" href=\"https:\/\/www.picweb.it\/emm\/blog\/index.php\/2017\/06\/01\/limpero-del-perbenismo\/\" \/>\r\n<meta property=\"og:locale\" content=\"it_IT\" \/>\r\n<meta property=\"og:type\" content=\"article\" \/>\r\n<meta property=\"og:title\" content=\"L\u2019impero del perbenismo - virtutem forma decorat\" \/>\r\n<meta property=\"og:description\" content=\"Nell\u2019Italia del perbenismo-conservatore, dove basta mostrare indignazione per cose di poco conto per poter mascherare le proprie reali perversioni, tutto \u00e8 possibile! I nostri governi ci hanno abituato a manifestazioni a favore della famiglia, sebbene abbiano legiferato cercando in tutti [&hellip;]\" \/>\r\n<meta property=\"og:url\" content=\"https:\/\/www.picweb.it\/emm\/blog\/index.php\/2017\/06\/01\/limpero-del-perbenismo\/\" \/>\r\n<meta property=\"og:site_name\" content=\"virtutem forma decorat\" \/>\r\n<meta property=\"article:published_time\" content=\"2017-06-01T13:13:13+00:00\" \/>\r\n<meta property=\"article:modified_time\" content=\"2017-06-01T13:49:32+00:00\" \/>\r\n<meta property=\"og:image\" content=\"http:\/\/www.picweb.it\/emm\/blog\/wp-content\/uploads\/2017\/06\/C_2_video_3023219_upiThumbnail.jpg\" \/>\r\n<meta name=\"author\" content=\"emmazzola\" \/>\r\n<meta name=\"twitter:card\" content=\"summary_large_image\" \/>\r\n<meta name=\"twitter:creator\" content=\"@ettore_mazzola\" \/>\r\n<meta name=\"twitter:site\" content=\"@ettore_mazzola\" \/>\r\n<meta name=\"twitter:label1\" content=\"Scritto da\" \/>\n\t<meta name=\"twitter:data1\" content=\"emmazzola\" \/>\n\t<meta name=\"twitter:label2\" content=\"Tempo di lettura stimato\" \/>\n\t<meta name=\"twitter:data2\" content=\"5 minuti\" \/>\r\n<script type=\"application\/ld+json\" class=\"yoast-schema-graph\">{\"@context\":\"https:\\\/\\\/schema.org\",\"@graph\":[{\"@type\":\"Article\",\"@id\":\"https:\\\/\\\/www.picweb.it\\\/emm\\\/blog\\\/index.php\\\/2017\\\/06\\\/01\\\/limpero-del-perbenismo\\\/#article\",\"isPartOf\":{\"@id\":\"https:\\\/\\\/www.picweb.it\\\/emm\\\/blog\\\/index.php\\\/2017\\\/06\\\/01\\\/limpero-del-perbenismo\\\/\"},\"author\":{\"name\":\"emmazzola\",\"@id\":\"http:\\\/\\\/www.picweb.it\\\/emm\\\/blog\\\/#\\\/schema\\\/person\\\/e29c0dd15f13008bd4c7682e6130977f\"},\"headline\":\"L\u2019impero del perbenismo\",\"datePublished\":\"2017-06-01T13:13:13+00:00\",\"dateModified\":\"2017-06-01T13:49:32+00:00\",\"mainEntityOfPage\":{\"@id\":\"https:\\\/\\\/www.picweb.it\\\/emm\\\/blog\\\/index.php\\\/2017\\\/06\\\/01\\\/limpero-del-perbenismo\\\/\"},\"wordCount\":1006,\"commentCount\":1,\"publisher\":{\"@id\":\"http:\\\/\\\/www.picweb.it\\\/emm\\\/blog\\\/#\\\/schema\\\/person\\\/e29c0dd15f13008bd4c7682e6130977f\"},\"image\":{\"@id\":\"https:\\\/\\\/www.picweb.it\\\/emm\\\/blog\\\/index.php\\\/2017\\\/06\\\/01\\\/limpero-del-perbenismo\\\/#primaryimage\"},\"thumbnailUrl\":\"http:\\\/\\\/www.picweb.it\\\/emm\\\/blog\\\/wp-content\\\/uploads\\\/2017\\\/06\\\/C_2_video_3023219_upiThumbnail.jpg\",\"keywords\":[\"arte contemporanea\",\"ettore maria mazzola\",\"ettore mazzola\",\"fiat\",\"manara\",\"mazzola\",\"trasporto pubblico\"],\"articleSection\":[\"Arte\",\"attualit\u00e0\"],\"inLanguage\":\"it-IT\",\"potentialAction\":[{\"@type\":\"CommentAction\",\"name\":\"Comment\",\"target\":[\"https:\\\/\\\/www.picweb.it\\\/emm\\\/blog\\\/index.php\\\/2017\\\/06\\\/01\\\/limpero-del-perbenismo\\\/#respond\"]}]},{\"@type\":\"WebPage\",\"@id\":\"https:\\\/\\\/www.picweb.it\\\/emm\\\/blog\\\/index.php\\\/2017\\\/06\\\/01\\\/limpero-del-perbenismo\\\/\",\"url\":\"https:\\\/\\\/www.picweb.it\\\/emm\\\/blog\\\/index.php\\\/2017\\\/06\\\/01\\\/limpero-del-perbenismo\\\/\",\"name\":\"L\u2019impero del perbenismo - virtutem forma decorat\",\"isPartOf\":{\"@id\":\"http:\\\/\\\/www.picweb.it\\\/emm\\\/blog\\\/#website\"},\"primaryImageOfPage\":{\"@id\":\"https:\\\/\\\/www.picweb.it\\\/emm\\\/blog\\\/index.php\\\/2017\\\/06\\\/01\\\/limpero-del-perbenismo\\\/#primaryimage\"},\"image\":{\"@id\":\"https:\\\/\\\/www.picweb.it\\\/emm\\\/blog\\\/index.php\\\/2017\\\/06\\\/01\\\/limpero-del-perbenismo\\\/#primaryimage\"},\"thumbnailUrl\":\"http:\\\/\\\/www.picweb.it\\\/emm\\\/blog\\\/wp-content\\\/uploads\\\/2017\\\/06\\\/C_2_video_3023219_upiThumbnail.jpg\",\"datePublished\":\"2017-06-01T13:13:13+00:00\",\"dateModified\":\"2017-06-01T13:49:32+00:00\",\"breadcrumb\":{\"@id\":\"https:\\\/\\\/www.picweb.it\\\/emm\\\/blog\\\/index.php\\\/2017\\\/06\\\/01\\\/limpero-del-perbenismo\\\/#breadcrumb\"},\"inLanguage\":\"it-IT\",\"potentialAction\":[{\"@type\":\"ReadAction\",\"target\":[\"https:\\\/\\\/www.picweb.it\\\/emm\\\/blog\\\/index.php\\\/2017\\\/06\\\/01\\\/limpero-del-perbenismo\\\/\"]}]},{\"@type\":\"ImageObject\",\"inLanguage\":\"it-IT\",\"@id\":\"https:\\\/\\\/www.picweb.it\\\/emm\\\/blog\\\/index.php\\\/2017\\\/06\\\/01\\\/limpero-del-perbenismo\\\/#primaryimage\",\"url\":\"https:\\\/\\\/www.picweb.it\\\/emm\\\/blog\\\/wp-content\\\/uploads\\\/2017\\\/06\\\/C_2_video_3023219_upiThumbnail.jpg\",\"contentUrl\":\"https:\\\/\\\/www.picweb.it\\\/emm\\\/blog\\\/wp-content\\\/uploads\\\/2017\\\/06\\\/C_2_video_3023219_upiThumbnail.jpg\",\"width\":2647,\"height\":1014,\"caption\":\"I biglietti ATAC disegnati da Milo Manara\"},{\"@type\":\"BreadcrumbList\",\"@id\":\"https:\\\/\\\/www.picweb.it\\\/emm\\\/blog\\\/index.php\\\/2017\\\/06\\\/01\\\/limpero-del-perbenismo\\\/#breadcrumb\",\"itemListElement\":[{\"@type\":\"ListItem\",\"position\":1,\"name\":\"Home\",\"item\":\"http:\\\/\\\/www.picweb.it\\\/emm\\\/blog\\\/\"},{\"@type\":\"ListItem\",\"position\":2,\"name\":\"L\u2019impero del perbenismo\"}]},{\"@type\":\"WebSite\",\"@id\":\"http:\\\/\\\/www.picweb.it\\\/emm\\\/blog\\\/#website\",\"url\":\"http:\\\/\\\/www.picweb.it\\\/emm\\\/blog\\\/\",\"name\":\"virtutem forma decorat\",\"description\":\"The new Architectural blog\",\"publisher\":{\"@id\":\"http:\\\/\\\/www.picweb.it\\\/emm\\\/blog\\\/#\\\/schema\\\/person\\\/e29c0dd15f13008bd4c7682e6130977f\"},\"potentialAction\":[{\"@type\":\"SearchAction\",\"target\":{\"@type\":\"EntryPoint\",\"urlTemplate\":\"http:\\\/\\\/www.picweb.it\\\/emm\\\/blog\\\/?s={search_term_string}\"},\"query-input\":{\"@type\":\"PropertyValueSpecification\",\"valueRequired\":true,\"valueName\":\"search_term_string\"}}],\"inLanguage\":\"it-IT\"},{\"@type\":[\"Person\",\"Organization\"],\"@id\":\"http:\\\/\\\/www.picweb.it\\\/emm\\\/blog\\\/#\\\/schema\\\/person\\\/e29c0dd15f13008bd4c7682e6130977f\",\"name\":\"emmazzola\",\"image\":{\"@type\":\"ImageObject\",\"inLanguage\":\"it-IT\",\"@id\":\"https:\\\/\\\/www.picweb.it\\\/emm\\\/blog\\\/wp-content\\\/uploads\\\/2017\\\/05\\\/cropped-logoVirtutemFormaDecorat_Whigher.png\",\"url\":\"https:\\\/\\\/www.picweb.it\\\/emm\\\/blog\\\/wp-content\\\/uploads\\\/2017\\\/05\\\/cropped-logoVirtutemFormaDecorat_Whigher.png\",\"contentUrl\":\"https:\\\/\\\/www.picweb.it\\\/emm\\\/blog\\\/wp-content\\\/uploads\\\/2017\\\/05\\\/cropped-logoVirtutemFormaDecorat_Whigher.png\",\"width\":200,\"height\":79,\"caption\":\"emmazzola\"},\"logo\":{\"@id\":\"https:\\\/\\\/www.picweb.it\\\/emm\\\/blog\\\/wp-content\\\/uploads\\\/2017\\\/05\\\/cropped-logoVirtutemFormaDecorat_Whigher.png\"},\"url\":\"https:\\\/\\\/www.picweb.it\\\/emm\\\/blog\\\/index.php\\\/author\\\/emmazzola\\\/\"}]}<\/script>\r\n<!-- \/ Yoast SEO plugin. -->","yoast_head_json":{"title":"L\u2019impero del perbenismo - virtutem forma decorat","robots":{"index":"index","follow":"follow","max-snippet":"max-snippet:-1","max-image-preview":"max-image-preview:large","max-video-preview":"max-video-preview:-1"},"canonical":"https:\/\/www.picweb.it\/emm\/blog\/index.php\/2017\/06\/01\/limpero-del-perbenismo\/","og_locale":"it_IT","og_type":"article","og_title":"L\u2019impero del perbenismo - virtutem forma decorat","og_description":"Nell\u2019Italia del perbenismo-conservatore, dove basta mostrare indignazione per cose di poco conto per poter mascherare le proprie reali perversioni, tutto \u00e8 possibile! I nostri governi ci hanno abituato a manifestazioni a favore della famiglia, sebbene abbiano legiferato cercando in tutti [&hellip;]","og_url":"https:\/\/www.picweb.it\/emm\/blog\/index.php\/2017\/06\/01\/limpero-del-perbenismo\/","og_site_name":"virtutem forma decorat","article_published_time":"2017-06-01T13:13:13+00:00","article_modified_time":"2017-06-01T13:49:32+00:00","og_image":[{"url":"http:\/\/www.picweb.it\/emm\/blog\/wp-content\/uploads\/2017\/06\/C_2_video_3023219_upiThumbnail.jpg","type":"","width":"","height":""}],"author":"emmazzola","twitter_card":"summary_large_image","twitter_creator":"@ettore_mazzola","twitter_site":"@ettore_mazzola","twitter_misc":{"Scritto da":"emmazzola","Tempo di lettura stimato":"5 minuti"},"schema":{"@context":"https:\/\/schema.org","@graph":[{"@type":"Article","@id":"https:\/\/www.picweb.it\/emm\/blog\/index.php\/2017\/06\/01\/limpero-del-perbenismo\/#article","isPartOf":{"@id":"https:\/\/www.picweb.it\/emm\/blog\/index.php\/2017\/06\/01\/limpero-del-perbenismo\/"},"author":{"name":"emmazzola","@id":"http:\/\/www.picweb.it\/emm\/blog\/#\/schema\/person\/e29c0dd15f13008bd4c7682e6130977f"},"headline":"L\u2019impero del perbenismo","datePublished":"2017-06-01T13:13:13+00:00","dateModified":"2017-06-01T13:49:32+00:00","mainEntityOfPage":{"@id":"https:\/\/www.picweb.it\/emm\/blog\/index.php\/2017\/06\/01\/limpero-del-perbenismo\/"},"wordCount":1006,"commentCount":1,"publisher":{"@id":"http:\/\/www.picweb.it\/emm\/blog\/#\/schema\/person\/e29c0dd15f13008bd4c7682e6130977f"},"image":{"@id":"https:\/\/www.picweb.it\/emm\/blog\/index.php\/2017\/06\/01\/limpero-del-perbenismo\/#primaryimage"},"thumbnailUrl":"http:\/\/www.picweb.it\/emm\/blog\/wp-content\/uploads\/2017\/06\/C_2_video_3023219_upiThumbnail.jpg","keywords":["arte contemporanea","ettore maria mazzola","ettore mazzola","fiat","manara","mazzola","trasporto pubblico"],"articleSection":["Arte","attualit\u00e0"],"inLanguage":"it-IT","potentialAction":[{"@type":"CommentAction","name":"Comment","target":["https:\/\/www.picweb.it\/emm\/blog\/index.php\/2017\/06\/01\/limpero-del-perbenismo\/#respond"]}]},{"@type":"WebPage","@id":"https:\/\/www.picweb.it\/emm\/blog\/index.php\/2017\/06\/01\/limpero-del-perbenismo\/","url":"https:\/\/www.picweb.it\/emm\/blog\/index.php\/2017\/06\/01\/limpero-del-perbenismo\/","name":"L\u2019impero del perbenismo - virtutem forma decorat","isPartOf":{"@id":"http:\/\/www.picweb.it\/emm\/blog\/#website"},"primaryImageOfPage":{"@id":"https:\/\/www.picweb.it\/emm\/blog\/index.php\/2017\/06\/01\/limpero-del-perbenismo\/#primaryimage"},"image":{"@id":"https:\/\/www.picweb.it\/emm\/blog\/index.php\/2017\/06\/01\/limpero-del-perbenismo\/#primaryimage"},"thumbnailUrl":"http:\/\/www.picweb.it\/emm\/blog\/wp-content\/uploads\/2017\/06\/C_2_video_3023219_upiThumbnail.jpg","datePublished":"2017-06-01T13:13:13+00:00","dateModified":"2017-06-01T13:49:32+00:00","breadcrumb":{"@id":"https:\/\/www.picweb.it\/emm\/blog\/index.php\/2017\/06\/01\/limpero-del-perbenismo\/#breadcrumb"},"inLanguage":"it-IT","potentialAction":[{"@type":"ReadAction","target":["https:\/\/www.picweb.it\/emm\/blog\/index.php\/2017\/06\/01\/limpero-del-perbenismo\/"]}]},{"@type":"ImageObject","inLanguage":"it-IT","@id":"https:\/\/www.picweb.it\/emm\/blog\/index.php\/2017\/06\/01\/limpero-del-perbenismo\/#primaryimage","url":"https:\/\/www.picweb.it\/emm\/blog\/wp-content\/uploads\/2017\/06\/C_2_video_3023219_upiThumbnail.jpg","contentUrl":"https:\/\/www.picweb.it\/emm\/blog\/wp-content\/uploads\/2017\/06\/C_2_video_3023219_upiThumbnail.jpg","width":2647,"height":1014,"caption":"I biglietti ATAC disegnati da Milo Manara"},{"@type":"BreadcrumbList","@id":"https:\/\/www.picweb.it\/emm\/blog\/index.php\/2017\/06\/01\/limpero-del-perbenismo\/#breadcrumb","itemListElement":[{"@type":"ListItem","position":1,"name":"Home","item":"http:\/\/www.picweb.it\/emm\/blog\/"},{"@type":"ListItem","position":2,"name":"L\u2019impero del perbenismo"}]},{"@type":"WebSite","@id":"http:\/\/www.picweb.it\/emm\/blog\/#website","url":"http:\/\/www.picweb.it\/emm\/blog\/","name":"virtutem forma decorat","description":"The new Architectural blog","publisher":{"@id":"http:\/\/www.picweb.it\/emm\/blog\/#\/schema\/person\/e29c0dd15f13008bd4c7682e6130977f"},"potentialAction":[{"@type":"SearchAction","target":{"@type":"EntryPoint","urlTemplate":"http:\/\/www.picweb.it\/emm\/blog\/?s={search_term_string}"},"query-input":{"@type":"PropertyValueSpecification","valueRequired":true,"valueName":"search_term_string"}}],"inLanguage":"it-IT"},{"@type":["Person","Organization"],"@id":"http:\/\/www.picweb.it\/emm\/blog\/#\/schema\/person\/e29c0dd15f13008bd4c7682e6130977f","name":"emmazzola","image":{"@type":"ImageObject","inLanguage":"it-IT","@id":"https:\/\/www.picweb.it\/emm\/blog\/wp-content\/uploads\/2017\/05\/cropped-logoVirtutemFormaDecorat_Whigher.png","url":"https:\/\/www.picweb.it\/emm\/blog\/wp-content\/uploads\/2017\/05\/cropped-logoVirtutemFormaDecorat_Whigher.png","contentUrl":"https:\/\/www.picweb.it\/emm\/blog\/wp-content\/uploads\/2017\/05\/cropped-logoVirtutemFormaDecorat_Whigher.png","width":200,"height":79,"caption":"emmazzola"},"logo":{"@id":"https:\/\/www.picweb.it\/emm\/blog\/wp-content\/uploads\/2017\/05\/cropped-logoVirtutemFormaDecorat_Whigher.png"},"url":"https:\/\/www.picweb.it\/emm\/blog\/index.php\/author\/emmazzola\/"}]}},"jetpack_featured_media_url":"","jetpack_sharing_enabled":true,"jetpack_shortlink":"https:\/\/wp.me\/p8HWjS-5n","jetpack-related-posts":[],"jetpack_likes_enabled":true,"_links":{"self":[{"href":"https:\/\/www.picweb.it\/emm\/blog\/index.php\/wp-json\/wp\/v2\/posts\/333","targetHints":{"allow":["GET"]}}],"collection":[{"href":"https:\/\/www.picweb.it\/emm\/blog\/index.php\/wp-json\/wp\/v2\/posts"}],"about":[{"href":"https:\/\/www.picweb.it\/emm\/blog\/index.php\/wp-json\/wp\/v2\/types\/post"}],"author":[{"embeddable":true,"href":"https:\/\/www.picweb.it\/emm\/blog\/index.php\/wp-json\/wp\/v2\/users\/2"}],"replies":[{"embeddable":true,"href":"https:\/\/www.picweb.it\/emm\/blog\/index.php\/wp-json\/wp\/v2\/comments?post=333"}],"version-history":[{"count":3,"href":"https:\/\/www.picweb.it\/emm\/blog\/index.php\/wp-json\/wp\/v2\/posts\/333\/revisions"}],"predecessor-version":[{"id":339,"href":"https:\/\/www.picweb.it\/emm\/blog\/index.php\/wp-json\/wp\/v2\/posts\/333\/revisions\/339"}],"wp:attachment":[{"href":"https:\/\/www.picweb.it\/emm\/blog\/index.php\/wp-json\/wp\/v2\/media?parent=333"}],"wp:term":[{"taxonomy":"category","embeddable":true,"href":"https:\/\/www.picweb.it\/emm\/blog\/index.php\/wp-json\/wp\/v2\/categories?post=333"},{"taxonomy":"post_tag","embeddable":true,"href":"https:\/\/www.picweb.it\/emm\/blog\/index.php\/wp-json\/wp\/v2\/tags?post=333"}],"curies":[{"name":"wp","href":"https:\/\/api.w.org\/{rel}","templated":true}]}}