{"id":2097,"date":"2020-01-28T10:48:05","date_gmt":"2020-01-28T09:48:05","guid":{"rendered":"http:\/\/www.picweb.it\/emm\/blog\/?p=2097"},"modified":"2020-01-28T10:48:17","modified_gmt":"2020-01-28T09:48:17","slug":"archistar-allattacco-della-capitale-e-la-raggi-irresponsabilmente-esulta","status":"publish","type":"post","link":"https:\/\/www.picweb.it\/emm\/blog\/index.php\/2020\/01\/28\/archistar-allattacco-della-capitale-e-la-raggi-irresponsabilmente-esulta\/","title":{"rendered":"Archistar all\u2019attacco della Capitale \u2026 e la Raggi, irresponsabilmente, esulta!"},"content":{"rendered":"\n<p>Alle\n18,13 del 9 gennaio u.s., la sindaca Virginia Raggi, sulla sua pagina FB ha\nscritto:<\/p>\n\n\n\n<p>\u00ab<em>Le archistar tornano a scegliere Roma.\nNorman Foster ha disegnato la nuova sede della Apple in un edificio storico\ndella citt\u00e0, Palazzo Marignoli, tra piazza San Silvestro e via del Corso.<\/em><\/p>\n\n\n\n<p><em>\u00c8 sempre pi\u00f9 vicina l\u2019apertura del nuovo flagship\nstore Apple che sar\u00e0 ospitato nello storico stabile e che dar\u00e0 lavoro a 120\npersone. Un\u2019ottima notizia per il tessuto economico della Capitale e per\nl\u2019occupazione. Un palazzo nel cuore della citt\u00e0 da tempo inutilizzato torner\u00e0 a\nvivere, grazie a investimenti privati e a un\nprogetto di ristrutturazione che rispetta elevati standard di qualit\u00e0.<\/em><\/p>\n\n\n\n<p><em>L\u2019intervento, firmato dallo studio dell\u2019architetto\nNorman Foster, ha riservato particolare attenzione agli interventi di\nconservazione e riqualificazione. \u00c8 previsto anche uno spazio culturale che\nospiter\u00e0 eventi e workshop.<\/em><\/p>\n\n\n\n<p><em>Il progetto di ristrutturazione ha visto la\ncollaborazione dell\u2019Amministrazione e delle Soprintendenze. Ringrazio gli\nassessori&nbsp;Luca Bergamo&nbsp;e&nbsp;Carlo Cafarotti Assessore Sviluppo\nEconomico, Turismo e Lavoro di Roma&nbsp;per il lavoro svolto.<\/em><\/p>\n\n\n\n<p><em>\u00c8 un tassello importante della rigenerazione\nurbanistica della citt\u00e0 e un segnale importante per il rilancio degli\ninvestimenti nella Capitale<\/em>\u00bb.<\/p>\n\n\n\n<div class=\"wp-block-image\"><figure class=\"aligncenter\"><img fetchpriority=\"high\" decoding=\"async\" width=\"447\" height=\"746\" data-attachment-id=\"2098\" data-permalink=\"https:\/\/www.picweb.it\/emm\/blog\/index.php\/2020\/01\/28\/archistar-allattacco-della-capitale-e-la-raggi-irresponsabilmente-esulta\/82657308_3206211272722367_3221240452845928448_n\/\" data-orig-file=\"https:\/\/www.picweb.it\/emm\/blog\/wp-content\/uploads\/2020\/01\/82657308_3206211272722367_3221240452845928448_n.jpg\" data-orig-size=\"447,746\" data-comments-opened=\"1\" data-image-meta=\"{&quot;aperture&quot;:&quot;0&quot;,&quot;credit&quot;:&quot;&quot;,&quot;camera&quot;:&quot;&quot;,&quot;caption&quot;:&quot;&quot;,&quot;created_timestamp&quot;:&quot;0&quot;,&quot;copyright&quot;:&quot;&quot;,&quot;focal_length&quot;:&quot;0&quot;,&quot;iso&quot;:&quot;0&quot;,&quot;shutter_speed&quot;:&quot;0&quot;,&quot;title&quot;:&quot;&quot;,&quot;orientation&quot;:&quot;0&quot;}\" data-image-title=\"82657308_3206211272722367_3221240452845928448_n\" data-image-description=\"\" data-image-caption=\"&lt;p&gt;Screenshot del post della sindaca Raggi&lt;\/p&gt;\n\" data-large-file=\"https:\/\/www.picweb.it\/emm\/blog\/wp-content\/uploads\/2020\/01\/82657308_3206211272722367_3221240452845928448_n.jpg\" src=\"http:\/\/www.picweb.it\/emm\/blog\/wp-content\/uploads\/2020\/01\/82657308_3206211272722367_3221240452845928448_n.jpg\" alt=\"\" class=\"wp-image-2098\" srcset=\"https:\/\/www.picweb.it\/emm\/blog\/wp-content\/uploads\/2020\/01\/82657308_3206211272722367_3221240452845928448_n.jpg 447w, https:\/\/www.picweb.it\/emm\/blog\/wp-content\/uploads\/2020\/01\/82657308_3206211272722367_3221240452845928448_n-180x300.jpg 180w, https:\/\/www.picweb.it\/emm\/blog\/wp-content\/uploads\/2020\/01\/82657308_3206211272722367_3221240452845928448_n-360x601.jpg 360w, https:\/\/www.picweb.it\/emm\/blog\/wp-content\/uploads\/2020\/01\/82657308_3206211272722367_3221240452845928448_n-250x417.jpg 250w, https:\/\/www.picweb.it\/emm\/blog\/wp-content\/uploads\/2020\/01\/82657308_3206211272722367_3221240452845928448_n-100x167.jpg 100w\" sizes=\"(max-width: 447px) 100vw, 447px\" \/><figcaption>Screenshot del post della sindaca Raggi<\/figcaption><\/figure><\/div>\n\n\n\n<p>Non ho parole\nper definire il mio sdegno nei confronti di queste affermazioni, irresponsabili\n\u2026 o forse s\u00ec!<\/p>\n\n\n\n<p>La sindaca \u2013 <em>pentastellata<\/em> <em>per finta<\/em> \u2013 farebbe bene a contare fino a dieci o, ancora meglio, a\ndocumentarsi, prima di elogiare l&#8217;interesse delle &#8220;<em>archistars<\/em>&#8221; per il centro di Roma, s\u00ec da rendersi conto del\nfatto che, gioire di certi interessi, equivalga a gioire dell&#8217;interesse della\nMonsanto per le coltivazioni organiche sul nostro territorio, o entusiasmarsi\ndell\u2019affidamento della sicurezza di un asilo ad un pedofilo!<\/p>\n\n\n\n<p>La sindaca, se\ndavvero animata da quelli che furono gli ideali <em>pentastellati<\/em> che la portarono a vincere le elezioni, dovrebbe\nriflettere sugli errori, devastanti, in materia urbanistico-architettonica, dei\nsuoi predecessori (Rutelli, Veltroni, Alemanno e Marino) i quali, per \u201c<em>fame di fama<\/em>\u201d, hanno consentito la\nrealizzazione di mostruosit\u00e0 fallimentari che hanno portato l\u2019elettorato a bannarli!<\/p>\n\n\n\n<p>L\u2019uso\ndell\u2019architettura a scopo di propaganda infatti, ha portato e porta i nostri\npolitici a spingersi in pericolosissime acrobazie pseudo-culturali che, alla\nfine dei giochi, non solo non portano alcun beneficio alle citt\u00e0 ma, nella\nstragrande maggioranza dei casi, portano ad un impoverimento culturale e\nperfino al collasso finanziario!<\/p>\n\n\n\n<p>La sindaca\nfarebbe bene a dare ascolto, non solo ai suoi assessori e consiglieri (lontani\nanni luce dagli ideali iniziali, perch\u00e9 intimamente legati alle giunte\nprecedenti), provando a leggere, o se lo sforzo risulti eccessivo, ad ascoltare\ncosa abbiano da dire gli architetti, gli storici e i critici dell\u2019architettura\nintellettualmente pi\u00f9 onesti di chi parli per interesse personale (mai farsi\nnemici quelli che possono tornare utili) o per mere, patetiche ed\nignorantissime ragioni ideologiche!<\/p>\n\n\n\n<p>Prima di passare\nin rassegna una serie di immagini emblematiche del \u201c<em>rispetto<\/em>\u201d nei confronti dei siti in cui si sono trovate ad\nintervenire delle archistars, vorrei per esempio far conoscere alla sindaca\nesultante, quello che \u2013 in un articolo dedicato all\u2019intervento alla \u201c<em>Collina delle Fratte<\/em>\u201d di Salerno \u2013 il\nprof. Arch. Alberto Cuomo ha detto di una delle pi\u00f9 sopravvalutate archistars\nnostrane. <\/p>\n\n\n\n<figure class=\"wp-block-image\"><img decoding=\"async\" width=\"960\" height=\"960\" data-attachment-id=\"2099\" data-permalink=\"https:\/\/www.picweb.it\/emm\/blog\/index.php\/2020\/01\/28\/archistar-allattacco-della-capitale-e-la-raggi-irresponsabilmente-esulta\/eden-park-salerno-fuksas\/\" data-orig-file=\"https:\/\/www.picweb.it\/emm\/blog\/wp-content\/uploads\/2020\/01\/Eden-Park-Salerno-Fuksas.jpg\" data-orig-size=\"960,960\" data-comments-opened=\"1\" data-image-meta=\"{&quot;aperture&quot;:&quot;0&quot;,&quot;credit&quot;:&quot;&quot;,&quot;camera&quot;:&quot;&quot;,&quot;caption&quot;:&quot;&quot;,&quot;created_timestamp&quot;:&quot;0&quot;,&quot;copyright&quot;:&quot;&quot;,&quot;focal_length&quot;:&quot;0&quot;,&quot;iso&quot;:&quot;0&quot;,&quot;shutter_speed&quot;:&quot;0&quot;,&quot;title&quot;:&quot;&quot;,&quot;orientation&quot;:&quot;0&quot;}\" data-image-title=\"Eden-Park-Salerno-Fuksas\" data-image-description=\"\" data-image-caption=\"&lt;p&gt;Eden Park di Massimiliano Fuksas alla Collina delle Fratte di Salerno (immagine presa dalla pagina Facebook \u201cARCAN Salerno, Cantieri &amp;#038; Architettura\u201d&lt;\/p&gt;\n\" data-large-file=\"https:\/\/www.picweb.it\/emm\/blog\/wp-content\/uploads\/2020\/01\/Eden-Park-Salerno-Fuksas.jpg\" src=\"http:\/\/www.picweb.it\/emm\/blog\/wp-content\/uploads\/2020\/01\/Eden-Park-Salerno-Fuksas.jpg\" alt=\"\" class=\"wp-image-2099\" srcset=\"https:\/\/www.picweb.it\/emm\/blog\/wp-content\/uploads\/2020\/01\/Eden-Park-Salerno-Fuksas.jpg 960w, https:\/\/www.picweb.it\/emm\/blog\/wp-content\/uploads\/2020\/01\/Eden-Park-Salerno-Fuksas-150x150.jpg 150w, https:\/\/www.picweb.it\/emm\/blog\/wp-content\/uploads\/2020\/01\/Eden-Park-Salerno-Fuksas-300x300.jpg 300w, https:\/\/www.picweb.it\/emm\/blog\/wp-content\/uploads\/2020\/01\/Eden-Park-Salerno-Fuksas-768x768.jpg 768w, https:\/\/www.picweb.it\/emm\/blog\/wp-content\/uploads\/2020\/01\/Eden-Park-Salerno-Fuksas-700x700.jpg 700w, https:\/\/www.picweb.it\/emm\/blog\/wp-content\/uploads\/2020\/01\/Eden-Park-Salerno-Fuksas-520x520.jpg 520w, https:\/\/www.picweb.it\/emm\/blog\/wp-content\/uploads\/2020\/01\/Eden-Park-Salerno-Fuksas-360x360.jpg 360w, https:\/\/www.picweb.it\/emm\/blog\/wp-content\/uploads\/2020\/01\/Eden-Park-Salerno-Fuksas-250x250.jpg 250w, https:\/\/www.picweb.it\/emm\/blog\/wp-content\/uploads\/2020\/01\/Eden-Park-Salerno-Fuksas-100x100.jpg 100w\" sizes=\"(max-width: 960px) 100vw, 960px\" \/><figcaption>Eden Park di Massimiliano Fuksas alla Collina delle Fratte di Salerno (immagine presa dalla pagina Facebook \u201cARCAN Salerno, Cantieri &#038; Architettura\u201d<\/figcaption><\/figure>\n\n\n\n<p>\u00ab<em>Di solito non scrivo qui di\narchitettura, oggetto specifico dei miei studi. E per\u00f2, leggere altrove\narticoli ameni su alcuni progetti per la nostra citt\u00e0 non pu\u00f2 non sollecitare\nla mia reazione. L&#8217;ultimo servizio in ordine di tempo ha riguardato <strong>l&#8217;inverecondo progetto di Massimiliano\nFuksas collocato nell&#8217;ampio taglio di un pezzo di collina a Fratte<\/strong> <\/em>[\u2026] <strong><em>Nel 1967 Renato De Fusco, <\/em><\/strong>[\u2026]<strong><em>\nmetteva in luce come questa<\/em><\/strong> (l\u2019architettura n.d.r.) <strong><em>oltre\ni valori estetici e funzionali, possedesse capacit\u00e0 comunicative analoghe a\nquelle dei mezzi di comunicazione di massa, tanto da poter essere considerata a\nsua volta un mass medium. <\/em><\/strong><em>La\ndiagnosi era tanto vera che<strong> oggi molti\npolitici <\/strong><\/em>[\u2026]<strong><em> utilizzano le costruzioni architettoniche griffate quale mezzo di\npropaganda rivolto ad enfatizzare la propria azione.<\/em><\/strong> [\u2026] <em>l&#8217;intervento di fatto stupra a Fratte un\nlotto scosceso, consono ad altri usi che non quelli edificatori, mediante un <strong>inverecondo sbancamento onde elevare\nsquallidi parallelepipedi speculativi, di cui uno curvo, i quali, privi di ogni\nricerca in campo tipologico o statico, tentano banalmente, nel rivestimento di\npannelli in resina verde-pisellino, di distinguersi dagli edifici al contorno a\ntentare il mercato. <\/strong>Sdoganato dalla sinistra dal grigio panorama degli\n&#8220;incompresi&#8221;, <strong>Fuksas, un\nmediocre progettista con qualche realizzazione in Francia, <\/strong>si distingueva\nparticolarmente per lo sputare sentenze contro l&#8217;accademia italiana, rea di\naverlo bocciato nei concorsi universitari, dove presentava pubblicazioncelle\nsenza valore. Di s\u00e9 dice di aver partecipato al sessantotto, <strong>ma in molti lo ricordano ondivago e,\nprincipalmente, violento. Rientrato nel mercato italiano grazie a significativi\nincarichi pubblici<\/strong>, giunto alla notoriet\u00e0 internazionale, come archistar di\nsecondo ordine<\/em>, <strong><em>si \u00e8 probabilmente sentito libero di dare sfogo ai suoi risentimenti,\nscagliandosi contro <\/em><\/strong>[\u2026]<strong><em> gli stessi italiani, definiti incolti ed\nignoranti, <\/em><\/strong><em>distinguendosi spesso\nin televisione per le errate citazioni latine ed i vistosi svarioni. <strong>Unendo le alte parcelle ai clamorosi\nfallimenti dei suoi progetti, tra i quali la famosa &#8220;nuvola&#8221;,\nun&#8217;accozzaglia di putrelle costosissima e priva della promessa leggerezza <\/strong><\/em>[\u2026]\u00bb.<\/p>\n\n\n\n<p>Cara sindaca, prima\ndi andare avanti col \u201c<em>j\u2019accuse<\/em>\u201d, mi\npreme informarla che \u2013 cosa che probabilmente n\u00e9 lei, n\u00e9 i suoi illustri\ncollaboratori potete sapere \u2013 il suo amato ed entusiasmante Sir Norman Foster,\n\u00e8 quel personaggio il quale, all\u2019inizio degli anni \u201980 del secolo scorso,\ndenunci\u00f2 L\u00e9on Krier per essersi permesso di pubblicare, in un articolo\nintitolato <em>&#8216;<\/em><em>Virtus priv\u00e9es&nbsp;et&nbsp;vices\npublics<a href=\"#_ftn1\"><strong>[1]<\/strong><\/a>&#8216;<\/em>, le immagini \u2013 oscene \u2013 delle realizzazioni di\npersonaggi come Foster e compagni, confrontate ai luoghi \u2013 meravigliosi e\nstorici \u2013 in cui vivevano e lavoravano! L\u2019obiettivo di Krier era quello di\nmostrare l\u2019ipocrisia di questi nihilisti (quando si tratti di intervenire con i\nsoldi degli altri in luoghi per gli altri), sempre conservatori quando si\ntratti di scegliere il luogo in cui vivere e lavorare. Un esercizio facilissimo\nda svolgere ancora oggi, partendo dal palazzo, splendido, di piazza del Monte\ndi Piet\u00e0, dove svolge la sua attivit\u00e0 l\u2019archistar nostrana, autrice della\nNuvola e dell\u2019abominevole bubbone in vetro sull\u2019edificio della ex Unione\nMilitare, accanto alla chiesa di San Carlo al Corso!<\/p>\n\n\n\n<p>E\nallora, per rammentarle ancora meglio quanto il suo \u201c<em>sogno<\/em>\u201d possa\ntrasformarsi in \u201c<em>incubo<\/em>\u201d per il resto della popolazione, partendo\nproprio dal \u201c<em>delicatissimo<\/em>\u201d intervento di Fuksas accanto a San Carlo al\nCorso, dia un\u2019occhiata a questa carrellata d\u2019immagini che avevo messo insieme\nper una conferenza organizzata dal \u201c<em>Salotto Romano<\/em>\u201d lo scorso anno.<\/p>\n\n\n\n<div class=\"wp-block-image\"><figure class=\"aligncenter\"><img decoding=\"async\" width=\"1024\" height=\"576\" data-attachment-id=\"2100\" data-permalink=\"https:\/\/www.picweb.it\/emm\/blog\/index.php\/2020\/01\/28\/archistar-allattacco-della-capitale-e-la-raggi-irresponsabilmente-esulta\/microsoft-powerpoint-salotto-romano-1-febbraio-2018\/\" data-orig-file=\"https:\/\/www.picweb.it\/emm\/blog\/wp-content\/uploads\/2020\/01\/Unione-Militare-HM.jpg\" data-orig-size=\"7015,3946\" data-comments-opened=\"1\" data-image-meta=\"{&quot;aperture&quot;:&quot;0&quot;,&quot;credit&quot;:&quot;emazzola&quot;,&quot;camera&quot;:&quot;&quot;,&quot;caption&quot;:&quot;&quot;,&quot;created_timestamp&quot;:&quot;0&quot;,&quot;copyright&quot;:&quot;&quot;,&quot;focal_length&quot;:&quot;0&quot;,&quot;iso&quot;:&quot;0&quot;,&quot;shutter_speed&quot;:&quot;0&quot;,&quot;title&quot;:&quot;Microsoft PowerPoint - Salotto Romano 1\\u00b0 Febbraio 2018&quot;,&quot;orientation&quot;:&quot;0&quot;}\" data-image-title=\"Microsoft PowerPoint &amp;#8211; Salotto Romano 1\u00b0 Febbraio 2018\" data-image-description=\"\" data-image-caption=\"&lt;p&gt;Scorci del bubbone di Fuksas sull\u2019edificio dell\u2019ex Unione Militare accanto a San Carlo al Corso. In basso al centro una mia caricatura dell\u2019architetto versione bionica che attacca l\u2019edificio.&lt;\/p&gt;\n\" data-large-file=\"https:\/\/www.picweb.it\/emm\/blog\/wp-content\/uploads\/2020\/01\/Unione-Militare-HM-1024x576.jpg\" src=\"http:\/\/www.picweb.it\/emm\/blog\/wp-content\/uploads\/2020\/01\/Unione-Militare-HM-1024x576.jpg\" alt=\"\" class=\"wp-image-2100\" srcset=\"https:\/\/www.picweb.it\/emm\/blog\/wp-content\/uploads\/2020\/01\/Unione-Militare-HM-1024x576.jpg 1024w, https:\/\/www.picweb.it\/emm\/blog\/wp-content\/uploads\/2020\/01\/Unione-Militare-HM-300x169.jpg 300w, https:\/\/www.picweb.it\/emm\/blog\/wp-content\/uploads\/2020\/01\/Unione-Militare-HM-768x432.jpg 768w, https:\/\/www.picweb.it\/emm\/blog\/wp-content\/uploads\/2020\/01\/Unione-Militare-HM-700x394.jpg 700w, https:\/\/www.picweb.it\/emm\/blog\/wp-content\/uploads\/2020\/01\/Unione-Militare-HM-520x293.jpg 520w, https:\/\/www.picweb.it\/emm\/blog\/wp-content\/uploads\/2020\/01\/Unione-Militare-HM-360x203.jpg 360w, https:\/\/www.picweb.it\/emm\/blog\/wp-content\/uploads\/2020\/01\/Unione-Militare-HM-250x141.jpg 250w, https:\/\/www.picweb.it\/emm\/blog\/wp-content\/uploads\/2020\/01\/Unione-Militare-HM-100x56.jpg 100w\" sizes=\"(max-width: 1024px) 100vw, 1024px\" \/><figcaption>Scorci del bubbone di Fuksas sull\u2019edificio dell\u2019ex Unione Militare accanto a San Carlo al Corso. In basso al centro una mia caricatura dell\u2019architetto versione bionica che attacca l\u2019edificio.<\/figcaption><\/figure><\/div>\n\n\n\n<div class=\"wp-block-image\"><figure class=\"aligncenter\"><img loading=\"lazy\" decoding=\"async\" width=\"1024\" height=\"576\" data-attachment-id=\"2101\" data-permalink=\"https:\/\/www.picweb.it\/emm\/blog\/index.php\/2020\/01\/28\/archistar-allattacco-della-capitale-e-la-raggi-irresponsabilmente-esulta\/microsoft-powerpoint-salotto-romano-1-febbraio-2018-2\/\" data-orig-file=\"https:\/\/www.picweb.it\/emm\/blog\/wp-content\/uploads\/2020\/01\/Ara-Pacis-Meier.jpg\" data-orig-size=\"7015,3946\" data-comments-opened=\"1\" data-image-meta=\"{&quot;aperture&quot;:&quot;0&quot;,&quot;credit&quot;:&quot;emazzola&quot;,&quot;camera&quot;:&quot;&quot;,&quot;caption&quot;:&quot;&quot;,&quot;created_timestamp&quot;:&quot;0&quot;,&quot;copyright&quot;:&quot;&quot;,&quot;focal_length&quot;:&quot;0&quot;,&quot;iso&quot;:&quot;0&quot;,&quot;shutter_speed&quot;:&quot;0&quot;,&quot;title&quot;:&quot;Microsoft PowerPoint - Salotto Romano 1\\u00b0 Febbraio 2018&quot;,&quot;orientation&quot;:&quot;0&quot;}\" data-image-title=\"Microsoft PowerPoint &amp;#8211; Salotto Romano 1\u00b0 Febbraio 2018\" data-image-description=\"\" data-image-caption=\"&lt;p&gt;Scorci esterni ed interni dell\u2019autogrill costruito sull\u2019Ara Pacis da Richard Meier e che, con il gioco d\u2019ombra causato dai pannelli brise-soleil, ha compromesso la lettura dei bassorilievi. Il progetto, contestatissimo dai cittadini romani, \u00e8 stato condannato dalla Corte dei Conti per l\u2019immane spreco di denaro pubblico!&lt;\/p&gt;\n\" data-large-file=\"https:\/\/www.picweb.it\/emm\/blog\/wp-content\/uploads\/2020\/01\/Ara-Pacis-Meier-1024x576.jpg\" src=\"http:\/\/www.picweb.it\/emm\/blog\/wp-content\/uploads\/2020\/01\/Ara-Pacis-Meier-1024x576.jpg\" alt=\"\" class=\"wp-image-2101\" srcset=\"https:\/\/www.picweb.it\/emm\/blog\/wp-content\/uploads\/2020\/01\/Ara-Pacis-Meier-1024x576.jpg 1024w, https:\/\/www.picweb.it\/emm\/blog\/wp-content\/uploads\/2020\/01\/Ara-Pacis-Meier-300x169.jpg 300w, https:\/\/www.picweb.it\/emm\/blog\/wp-content\/uploads\/2020\/01\/Ara-Pacis-Meier-768x432.jpg 768w, https:\/\/www.picweb.it\/emm\/blog\/wp-content\/uploads\/2020\/01\/Ara-Pacis-Meier-700x394.jpg 700w, https:\/\/www.picweb.it\/emm\/blog\/wp-content\/uploads\/2020\/01\/Ara-Pacis-Meier-520x293.jpg 520w, https:\/\/www.picweb.it\/emm\/blog\/wp-content\/uploads\/2020\/01\/Ara-Pacis-Meier-360x203.jpg 360w, https:\/\/www.picweb.it\/emm\/blog\/wp-content\/uploads\/2020\/01\/Ara-Pacis-Meier-250x141.jpg 250w, https:\/\/www.picweb.it\/emm\/blog\/wp-content\/uploads\/2020\/01\/Ara-Pacis-Meier-100x56.jpg 100w\" sizes=\"(max-width: 1024px) 100vw, 1024px\" \/><figcaption>Scorci esterni ed interni dell\u2019autogrill costruito sull\u2019Ara Pacis da Richard Meier e che, con il gioco d\u2019ombra causato dai pannelli brise-soleil, ha compromesso la lettura dei bassorilievi. Il progetto, contestatissimo dai cittadini romani, \u00e8 stato condannato dalla Corte dei Conti per l\u2019immane spreco di denaro pubblico!<\/figcaption><\/figure><\/div>\n\n\n\n<div class=\"wp-block-image\"><figure class=\"aligncenter\"><img loading=\"lazy\" decoding=\"async\" width=\"1024\" height=\"689\" data-attachment-id=\"2102\" data-permalink=\"https:\/\/www.picweb.it\/emm\/blog\/index.php\/2020\/01\/28\/archistar-allattacco-della-capitale-e-la-raggi-irresponsabilmente-esulta\/microsoft-powerpoint-salotto-romano-1-febbraio-2018-3\/\" data-orig-file=\"https:\/\/www.picweb.it\/emm\/blog\/wp-content\/uploads\/2020\/01\/Diener-Diener-Largo-Perosi.jpg\" data-orig-size=\"5864,3946\" data-comments-opened=\"1\" data-image-meta=\"{&quot;aperture&quot;:&quot;0&quot;,&quot;credit&quot;:&quot;emazzola&quot;,&quot;camera&quot;:&quot;&quot;,&quot;caption&quot;:&quot;&quot;,&quot;created_timestamp&quot;:&quot;0&quot;,&quot;copyright&quot;:&quot;&quot;,&quot;focal_length&quot;:&quot;0&quot;,&quot;iso&quot;:&quot;0&quot;,&quot;shutter_speed&quot;:&quot;0&quot;,&quot;title&quot;:&quot;Microsoft PowerPoint - Salotto Romano 1\\u00b0 Febbraio 2018&quot;,&quot;orientation&quot;:&quot;0&quot;}\" data-image-title=\"Microsoft PowerPoint &amp;#8211; Salotto Romano 1\u00b0 Febbraio 2018\" data-image-description=\"\" data-image-caption=\"&lt;p&gt;Progetto di Diener &amp;#038; Diener per coprire il \u201cparcheggio della vergogna\u201d in Largo Perosi a Roma, uno scandalo, completato dal finto concorso con finto processo partecipativo, targato Alemanno!&lt;\/p&gt;\n\" data-large-file=\"https:\/\/www.picweb.it\/emm\/blog\/wp-content\/uploads\/2020\/01\/Diener-Diener-Largo-Perosi-1024x689.jpg\" src=\"http:\/\/www.picweb.it\/emm\/blog\/wp-content\/uploads\/2020\/01\/Diener-Diener-Largo-Perosi-1024x689.jpg\" alt=\"\" class=\"wp-image-2102\" srcset=\"https:\/\/www.picweb.it\/emm\/blog\/wp-content\/uploads\/2020\/01\/Diener-Diener-Largo-Perosi-1024x689.jpg 1024w, https:\/\/www.picweb.it\/emm\/blog\/wp-content\/uploads\/2020\/01\/Diener-Diener-Largo-Perosi-300x202.jpg 300w, https:\/\/www.picweb.it\/emm\/blog\/wp-content\/uploads\/2020\/01\/Diener-Diener-Largo-Perosi-768x517.jpg 768w, https:\/\/www.picweb.it\/emm\/blog\/wp-content\/uploads\/2020\/01\/Diener-Diener-Largo-Perosi-700x471.jpg 700w, https:\/\/www.picweb.it\/emm\/blog\/wp-content\/uploads\/2020\/01\/Diener-Diener-Largo-Perosi-520x350.jpg 520w, https:\/\/www.picweb.it\/emm\/blog\/wp-content\/uploads\/2020\/01\/Diener-Diener-Largo-Perosi-360x242.jpg 360w, https:\/\/www.picweb.it\/emm\/blog\/wp-content\/uploads\/2020\/01\/Diener-Diener-Largo-Perosi-250x168.jpg 250w, https:\/\/www.picweb.it\/emm\/blog\/wp-content\/uploads\/2020\/01\/Diener-Diener-Largo-Perosi-100x67.jpg 100w\" sizes=\"(max-width: 1024px) 100vw, 1024px\" \/><figcaption>Progetto di Diener &#038; Diener per coprire il \u201cparcheggio della vergogna\u201d in Largo Perosi a Roma, uno scandalo, completato dal finto concorso con finto processo partecipativo, targato Alemanno!<\/figcaption><\/figure><\/div>\n\n\n\n<div class=\"wp-block-image\"><figure class=\"aligncenter\"><img loading=\"lazy\" decoding=\"async\" width=\"1024\" height=\"550\" data-attachment-id=\"2103\" data-permalink=\"https:\/\/www.picweb.it\/emm\/blog\/index.php\/2020\/01\/28\/archistar-allattacco-della-capitale-e-la-raggi-irresponsabilmente-esulta\/microsoft-powerpoint-salotto-romano-1-febbraio-2018-4\/\" data-orig-file=\"https:\/\/www.picweb.it\/emm\/blog\/wp-content\/uploads\/2020\/01\/Macro-Odile-Decq.jpg\" data-orig-size=\"7016,3766\" data-comments-opened=\"1\" data-image-meta=\"{&quot;aperture&quot;:&quot;0&quot;,&quot;credit&quot;:&quot;emazzola&quot;,&quot;camera&quot;:&quot;&quot;,&quot;caption&quot;:&quot;&quot;,&quot;created_timestamp&quot;:&quot;0&quot;,&quot;copyright&quot;:&quot;&quot;,&quot;focal_length&quot;:&quot;0&quot;,&quot;iso&quot;:&quot;0&quot;,&quot;shutter_speed&quot;:&quot;0&quot;,&quot;title&quot;:&quot;Microsoft PowerPoint - Salotto Romano 1\\u00b0 Febbraio 2018&quot;,&quot;orientation&quot;:&quot;0&quot;}\" data-image-title=\"Microsoft PowerPoint &amp;#8211; Salotto Romano 1\u00b0 Febbraio 2018\" data-image-description=\"\" data-image-caption=\"&lt;p&gt;L\u2019immondo affronto di Odile Decq allo storico Stabilimento della Birreria Peroni di Roma progettato da Gustavo Giovannoni. La progettista, intervistata da \u201cFloornature.com\u201d afferm\u00f2 arrogantemente: \u201cla Soprintendenza ci aveva detto che bisognava mantenere le facciate, e noi ne abbiamo tolto un pezzettino in un angolo per far vedere che esistevamo!\u201d&lt;\/p&gt;\n\" data-large-file=\"https:\/\/www.picweb.it\/emm\/blog\/wp-content\/uploads\/2020\/01\/Macro-Odile-Decq-1024x550.jpg\" src=\"http:\/\/www.picweb.it\/emm\/blog\/wp-content\/uploads\/2020\/01\/Macro-Odile-Decq-1024x550.jpg\" alt=\"\" class=\"wp-image-2103\" srcset=\"https:\/\/www.picweb.it\/emm\/blog\/wp-content\/uploads\/2020\/01\/Macro-Odile-Decq-1024x550.jpg 1024w, https:\/\/www.picweb.it\/emm\/blog\/wp-content\/uploads\/2020\/01\/Macro-Odile-Decq-300x161.jpg 300w, https:\/\/www.picweb.it\/emm\/blog\/wp-content\/uploads\/2020\/01\/Macro-Odile-Decq-768x412.jpg 768w, https:\/\/www.picweb.it\/emm\/blog\/wp-content\/uploads\/2020\/01\/Macro-Odile-Decq-700x376.jpg 700w, https:\/\/www.picweb.it\/emm\/blog\/wp-content\/uploads\/2020\/01\/Macro-Odile-Decq-520x279.jpg 520w, https:\/\/www.picweb.it\/emm\/blog\/wp-content\/uploads\/2020\/01\/Macro-Odile-Decq-360x193.jpg 360w, https:\/\/www.picweb.it\/emm\/blog\/wp-content\/uploads\/2020\/01\/Macro-Odile-Decq-250x134.jpg 250w, https:\/\/www.picweb.it\/emm\/blog\/wp-content\/uploads\/2020\/01\/Macro-Odile-Decq-100x54.jpg 100w\" sizes=\"(max-width: 1024px) 100vw, 1024px\" \/><figcaption>L\u2019immondo affronto di Odile Decq allo storico Stabilimento della Birreria Peroni di Roma progettato da Gustavo Giovannoni. La progettista, intervistata da \u201cFloornature.com\u201d afferm\u00f2 arrogantemente: \u201cla Soprintendenza ci aveva detto che bisognava mantenere le facciate, e noi ne abbiamo tolto un pezzettino in un angolo per far vedere che esistevamo!\u201d<\/figcaption><\/figure><\/div>\n\n\n\n<div class=\"wp-block-image\"><figure class=\"aligncenter\"><img loading=\"lazy\" decoding=\"async\" width=\"1024\" height=\"614\" data-attachment-id=\"2104\" data-permalink=\"https:\/\/www.picweb.it\/emm\/blog\/index.php\/2020\/01\/28\/archistar-allattacco-della-capitale-e-la-raggi-irresponsabilmente-esulta\/stadio-del-nuoto-tor-vergata\/\" data-orig-file=\"https:\/\/www.picweb.it\/emm\/blog\/wp-content\/uploads\/2020\/01\/Stadio-del-Nuoto-Tor-Vergata.jpg\" data-orig-size=\"1200,720\" data-comments-opened=\"1\" data-image-meta=\"{&quot;aperture&quot;:&quot;0&quot;,&quot;credit&quot;:&quot;&quot;,&quot;camera&quot;:&quot;&quot;,&quot;caption&quot;:&quot;&quot;,&quot;created_timestamp&quot;:&quot;0&quot;,&quot;copyright&quot;:&quot;&quot;,&quot;focal_length&quot;:&quot;0&quot;,&quot;iso&quot;:&quot;0&quot;,&quot;shutter_speed&quot;:&quot;0&quot;,&quot;title&quot;:&quot;&quot;,&quot;orientation&quot;:&quot;0&quot;}\" data-image-title=\"Stadio-del-Nuoto-Tor-Vergata\" data-image-description=\"\" data-image-caption=\"&lt;p&gt;Lo Stadio per i \u201cMondiali di Nuoto del 2009\u201d progettato da Santiago Calatrava. Un mostro visibile perfino da Villa d\u2019Este a Tivoli, che \u00e8 costato 300 milioni e necessita di altri 800 e rotti per essere terminato con tutte le infrastrutture necessarie ad utilizzarlo \u2026 una vergogna molto appetitosa per i \u201cfurbetti\u201d che si erano apparecchiati la tavole per le Olimpiadi, restando a mani vuote (o quasi)!&lt;\/p&gt;\n\" data-large-file=\"https:\/\/www.picweb.it\/emm\/blog\/wp-content\/uploads\/2020\/01\/Stadio-del-Nuoto-Tor-Vergata-1024x614.jpg\" src=\"http:\/\/www.picweb.it\/emm\/blog\/wp-content\/uploads\/2020\/01\/Stadio-del-Nuoto-Tor-Vergata-1024x614.jpg\" alt=\"\" class=\"wp-image-2104\" srcset=\"https:\/\/www.picweb.it\/emm\/blog\/wp-content\/uploads\/2020\/01\/Stadio-del-Nuoto-Tor-Vergata-1024x614.jpg 1024w, https:\/\/www.picweb.it\/emm\/blog\/wp-content\/uploads\/2020\/01\/Stadio-del-Nuoto-Tor-Vergata-300x180.jpg 300w, https:\/\/www.picweb.it\/emm\/blog\/wp-content\/uploads\/2020\/01\/Stadio-del-Nuoto-Tor-Vergata-768x461.jpg 768w, https:\/\/www.picweb.it\/emm\/blog\/wp-content\/uploads\/2020\/01\/Stadio-del-Nuoto-Tor-Vergata-700x420.jpg 700w, https:\/\/www.picweb.it\/emm\/blog\/wp-content\/uploads\/2020\/01\/Stadio-del-Nuoto-Tor-Vergata-520x312.jpg 520w, https:\/\/www.picweb.it\/emm\/blog\/wp-content\/uploads\/2020\/01\/Stadio-del-Nuoto-Tor-Vergata-360x216.jpg 360w, https:\/\/www.picweb.it\/emm\/blog\/wp-content\/uploads\/2020\/01\/Stadio-del-Nuoto-Tor-Vergata-250x150.jpg 250w, https:\/\/www.picweb.it\/emm\/blog\/wp-content\/uploads\/2020\/01\/Stadio-del-Nuoto-Tor-Vergata-100x60.jpg 100w, https:\/\/www.picweb.it\/emm\/blog\/wp-content\/uploads\/2020\/01\/Stadio-del-Nuoto-Tor-Vergata.jpg 1200w\" sizes=\"(max-width: 1024px) 100vw, 1024px\" \/><figcaption>Lo Stadio per i \u201cMondiali di Nuoto del 2009\u201d progettato da Santiago Calatrava. Un mostro visibile perfino da Villa d\u2019Este a Tivoli, che \u00e8 costato 300 milioni e necessita di altri 800 e rotti per essere terminato con tutte le infrastrutture necessarie ad utilizzarlo \u2026 una vergogna molto appetitosa per i \u201cfurbetti\u201d che si erano apparecchiati la tavole per le Olimpiadi, restando a mani vuote (o quasi)!<\/figcaption><\/figure><\/div>\n\n\n\n<div class=\"wp-block-image\"><figure class=\"aligncenter\"><img loading=\"lazy\" decoding=\"async\" width=\"1024\" height=\"576\" data-attachment-id=\"2105\" data-permalink=\"https:\/\/www.picweb.it\/emm\/blog\/index.php\/2020\/01\/28\/archistar-allattacco-della-capitale-e-la-raggi-irresponsabilmente-esulta\/microsoft-powerpoint-salotto-romano-1-febbraio-2018-5\/\" data-orig-file=\"https:\/\/www.picweb.it\/emm\/blog\/wp-content\/uploads\/2020\/01\/MAXXI.jpg\" data-orig-size=\"7015,3946\" data-comments-opened=\"1\" data-image-meta=\"{&quot;aperture&quot;:&quot;0&quot;,&quot;credit&quot;:&quot;emazzola&quot;,&quot;camera&quot;:&quot;&quot;,&quot;caption&quot;:&quot;&quot;,&quot;created_timestamp&quot;:&quot;0&quot;,&quot;copyright&quot;:&quot;&quot;,&quot;focal_length&quot;:&quot;0&quot;,&quot;iso&quot;:&quot;0&quot;,&quot;shutter_speed&quot;:&quot;0&quot;,&quot;title&quot;:&quot;Microsoft PowerPoint - Salotto Romano 1\\u00b0 Febbraio 2018&quot;,&quot;orientation&quot;:&quot;0&quot;}\" data-image-title=\"Microsoft PowerPoint &amp;#8211; Salotto Romano 1\u00b0 Febbraio 2018\" data-image-description=\"\" data-image-caption=\"&lt;p&gt;Il MAXXI di Zaha Hadid rappresenta una delle pi\u00f9 immonde vergogne italiane, un costosissimo capriccio autoreferenziale, costato 160 milioni senza che esistesse una collezione di arte del XXI secolo da esporre, che \u00e8 poi stata acquistata, sperperando ulteriori 60 milioni, ma che non interessa a nessuno! Questa schifezza infatti, che ha dei costi di gestione annuali milionari e che ha comportato il siluramento dei suoi direttori, non avendo nulla del XXI secolo che possa interessare i visitatori, vivacchia con mostre dedicate a opere del XX secolo che, comunque non pareggiano i bilanci e obbliga lo Stato a spese costanti! Nel frattempo, per\u00f2, ci sono persone che vengono stipendiate per educare i visitatori in modo che possano capire le ragioni per cui dovremmo ritenere questa immonda schifezza bella e, con lei, fare altrettanto delle opere delle archistars che i comuni mortali non lobotomizzati nelle facolt\u00e0 di architettura non amano!&lt;\/p&gt;\n\" data-large-file=\"https:\/\/www.picweb.it\/emm\/blog\/wp-content\/uploads\/2020\/01\/MAXXI-1024x576.jpg\" src=\"http:\/\/www.picweb.it\/emm\/blog\/wp-content\/uploads\/2020\/01\/MAXXI-1024x576.jpg\" alt=\"\" class=\"wp-image-2105\" srcset=\"https:\/\/www.picweb.it\/emm\/blog\/wp-content\/uploads\/2020\/01\/MAXXI-1024x576.jpg 1024w, https:\/\/www.picweb.it\/emm\/blog\/wp-content\/uploads\/2020\/01\/MAXXI-300x169.jpg 300w, https:\/\/www.picweb.it\/emm\/blog\/wp-content\/uploads\/2020\/01\/MAXXI-768x432.jpg 768w, https:\/\/www.picweb.it\/emm\/blog\/wp-content\/uploads\/2020\/01\/MAXXI-700x394.jpg 700w, https:\/\/www.picweb.it\/emm\/blog\/wp-content\/uploads\/2020\/01\/MAXXI-520x293.jpg 520w, https:\/\/www.picweb.it\/emm\/blog\/wp-content\/uploads\/2020\/01\/MAXXI-360x203.jpg 360w, https:\/\/www.picweb.it\/emm\/blog\/wp-content\/uploads\/2020\/01\/MAXXI-250x141.jpg 250w, https:\/\/www.picweb.it\/emm\/blog\/wp-content\/uploads\/2020\/01\/MAXXI-100x56.jpg 100w\" sizes=\"(max-width: 1024px) 100vw, 1024px\" \/><figcaption>Il MAXXI di Zaha Hadid rappresenta una delle pi\u00f9 immonde vergogne italiane, un costosissimo capriccio autoreferenziale, costato 160 milioni senza che esistesse una collezione di arte del XXI secolo da esporre, che \u00e8 poi stata acquistata, sperperando ulteriori 60 milioni, ma che non interessa a nessuno! Questa schifezza infatti, che ha dei costi di gestione annuali milionari e che ha comportato il siluramento dei suoi direttori, non avendo nulla del XXI secolo che possa interessare i visitatori, vivacchia con mostre dedicate a opere del XX secolo che, comunque non pareggiano i bilanci e obbliga lo Stato a spese costanti! Nel frattempo, per\u00f2, ci sono persone che vengono stipendiate per educare i visitatori in modo che possano capire le ragioni per cui dovremmo ritenere questa immonda schifezza bella e, con lei, fare altrettanto delle opere delle archistars che i comuni mortali non lobotomizzati nelle facolt\u00e0 di architettura non amano!<\/figcaption><\/figure><\/div>\n\n\n\n<div class=\"wp-block-image\"><figure class=\"aligncenter\"><img loading=\"lazy\" decoding=\"async\" width=\"853\" height=\"892\" data-attachment-id=\"2106\" data-permalink=\"https:\/\/www.picweb.it\/emm\/blog\/index.php\/2020\/01\/28\/archistar-allattacco-della-capitale-e-la-raggi-irresponsabilmente-esulta\/tor-di-valle-con-e-senza-torri\/\" data-orig-file=\"https:\/\/www.picweb.it\/emm\/blog\/wp-content\/uploads\/2020\/01\/Tor-di-Valle-con-e-senza-torri.jpg\" data-orig-size=\"853,892\" data-comments-opened=\"1\" data-image-meta=\"{&quot;aperture&quot;:&quot;0&quot;,&quot;credit&quot;:&quot;&quot;,&quot;camera&quot;:&quot;&quot;,&quot;caption&quot;:&quot;&quot;,&quot;created_timestamp&quot;:&quot;0&quot;,&quot;copyright&quot;:&quot;&quot;,&quot;focal_length&quot;:&quot;0&quot;,&quot;iso&quot;:&quot;0&quot;,&quot;shutter_speed&quot;:&quot;0&quot;,&quot;title&quot;:&quot;&quot;,&quot;orientation&quot;:&quot;0&quot;}\" data-image-title=\"Tor-di-Valle-con-e-senza-torri\" data-image-description=\"\" data-image-caption=\"&lt;p&gt;Progetto per il \u201cBusiness Centre con annesso Stadio per la AS Roma\u201d a Tor di Valle di Daniel Libeskind, Dan Meis e Carlo Ratti, nelle due versioni con e senza torri. La pi\u00f9 grande vergogna degli ultimi decenni a Roma. Nonostante la mole delle irregolarit\u00e0 e reati commessi, per i quali c\u2019\u00e8 gente in carcere e tanta gente a processo, soprintendente e membri della giunta comunale inclusi, vanta ancora il sostegno del Campidoglio!&lt;\/p&gt;\n\" data-large-file=\"https:\/\/www.picweb.it\/emm\/blog\/wp-content\/uploads\/2020\/01\/Tor-di-Valle-con-e-senza-torri.jpg\" src=\"http:\/\/www.picweb.it\/emm\/blog\/wp-content\/uploads\/2020\/01\/Tor-di-Valle-con-e-senza-torri.jpg\" alt=\"\" class=\"wp-image-2106\" srcset=\"https:\/\/www.picweb.it\/emm\/blog\/wp-content\/uploads\/2020\/01\/Tor-di-Valle-con-e-senza-torri.jpg 853w, https:\/\/www.picweb.it\/emm\/blog\/wp-content\/uploads\/2020\/01\/Tor-di-Valle-con-e-senza-torri-287x300.jpg 287w, https:\/\/www.picweb.it\/emm\/blog\/wp-content\/uploads\/2020\/01\/Tor-di-Valle-con-e-senza-torri-768x803.jpg 768w, https:\/\/www.picweb.it\/emm\/blog\/wp-content\/uploads\/2020\/01\/Tor-di-Valle-con-e-senza-torri-700x732.jpg 700w, https:\/\/www.picweb.it\/emm\/blog\/wp-content\/uploads\/2020\/01\/Tor-di-Valle-con-e-senza-torri-520x544.jpg 520w, https:\/\/www.picweb.it\/emm\/blog\/wp-content\/uploads\/2020\/01\/Tor-di-Valle-con-e-senza-torri-360x376.jpg 360w, https:\/\/www.picweb.it\/emm\/blog\/wp-content\/uploads\/2020\/01\/Tor-di-Valle-con-e-senza-torri-250x261.jpg 250w, https:\/\/www.picweb.it\/emm\/blog\/wp-content\/uploads\/2020\/01\/Tor-di-Valle-con-e-senza-torri-100x105.jpg 100w\" sizes=\"(max-width: 853px) 100vw, 853px\" \/><figcaption>Progetto per il \u201cBusiness Centre con annesso Stadio per la AS Roma\u201d a Tor di Valle di Daniel Libeskind, Dan Meis e Carlo Ratti, nelle due versioni con e senza torri. La pi\u00f9 grande vergogna degli ultimi decenni a Roma. Nonostante la mole delle irregolarit\u00e0 e reati commessi, per i quali c\u2019\u00e8 gente in carcere e tanta gente a processo, soprintendente e membri della giunta comunale inclusi, vanta ancora il sostegno del Campidoglio!<\/figcaption><\/figure><\/div>\n\n\n\n<div class=\"wp-block-image\"><figure class=\"aligncenter\"><img loading=\"lazy\" decoding=\"async\" width=\"1024\" height=\"576\" data-attachment-id=\"2107\" data-permalink=\"https:\/\/www.picweb.it\/emm\/blog\/index.php\/2020\/01\/28\/archistar-allattacco-della-capitale-e-la-raggi-irresponsabilmente-esulta\/microsoft-powerpoint-salotto-romano-1-febbraio-2018-6\/\" data-orig-file=\"https:\/\/www.picweb.it\/emm\/blog\/wp-content\/uploads\/2020\/01\/Fondaco-dei-Tedeschi-Koolhaas.jpg\" data-orig-size=\"7015,3946\" data-comments-opened=\"1\" data-image-meta=\"{&quot;aperture&quot;:&quot;0&quot;,&quot;credit&quot;:&quot;emazzola&quot;,&quot;camera&quot;:&quot;&quot;,&quot;caption&quot;:&quot;&quot;,&quot;created_timestamp&quot;:&quot;0&quot;,&quot;copyright&quot;:&quot;&quot;,&quot;focal_length&quot;:&quot;0&quot;,&quot;iso&quot;:&quot;0&quot;,&quot;shutter_speed&quot;:&quot;0&quot;,&quot;title&quot;:&quot;Microsoft PowerPoint - Salotto Romano 1\\u00b0 Febbraio 2018&quot;,&quot;orientation&quot;:&quot;0&quot;}\" data-image-title=\"Microsoft PowerPoint &amp;#8211; Salotto Romano 1\u00b0 Febbraio 2018\" data-image-description=\"\" data-image-caption=\"&lt;p&gt;Lo sfregio \u2013 pi\u00f9 che prevedibile \u2013 di Rem Koolhaas al Fondaco dei Tedeschi di Venezia \u2026 Questa archistar, infatti, deve la sua notoriet\u00e0 al suo slogan degli anni \u201980 del Novecento: \u201cFuck the context!\u201d (fanculo il contesto!)&lt;\/p&gt;\n\" data-large-file=\"https:\/\/www.picweb.it\/emm\/blog\/wp-content\/uploads\/2020\/01\/Fondaco-dei-Tedeschi-Koolhaas-1024x576.jpg\" src=\"http:\/\/www.picweb.it\/emm\/blog\/wp-content\/uploads\/2020\/01\/Fondaco-dei-Tedeschi-Koolhaas-1024x576.jpg\" alt=\"\" class=\"wp-image-2107\" srcset=\"https:\/\/www.picweb.it\/emm\/blog\/wp-content\/uploads\/2020\/01\/Fondaco-dei-Tedeschi-Koolhaas-1024x576.jpg 1024w, https:\/\/www.picweb.it\/emm\/blog\/wp-content\/uploads\/2020\/01\/Fondaco-dei-Tedeschi-Koolhaas-300x169.jpg 300w, https:\/\/www.picweb.it\/emm\/blog\/wp-content\/uploads\/2020\/01\/Fondaco-dei-Tedeschi-Koolhaas-768x432.jpg 768w, https:\/\/www.picweb.it\/emm\/blog\/wp-content\/uploads\/2020\/01\/Fondaco-dei-Tedeschi-Koolhaas-700x394.jpg 700w, https:\/\/www.picweb.it\/emm\/blog\/wp-content\/uploads\/2020\/01\/Fondaco-dei-Tedeschi-Koolhaas-520x293.jpg 520w, https:\/\/www.picweb.it\/emm\/blog\/wp-content\/uploads\/2020\/01\/Fondaco-dei-Tedeschi-Koolhaas-360x203.jpg 360w, https:\/\/www.picweb.it\/emm\/blog\/wp-content\/uploads\/2020\/01\/Fondaco-dei-Tedeschi-Koolhaas-250x141.jpg 250w, https:\/\/www.picweb.it\/emm\/blog\/wp-content\/uploads\/2020\/01\/Fondaco-dei-Tedeschi-Koolhaas-100x56.jpg 100w\" sizes=\"(max-width: 1024px) 100vw, 1024px\" \/><figcaption>Lo sfregio \u2013 pi\u00f9 che prevedibile \u2013 di Rem Koolhaas al Fondaco dei Tedeschi di Venezia \u2026 Questa archistar, infatti, deve la sua notoriet\u00e0 al suo slogan degli anni \u201980 del Novecento: \u201cFuck the context!\u201d (fanculo il contesto!)<\/figcaption><\/figure><\/div>\n\n\n\n<div class=\"wp-block-image\"><figure class=\"aligncenter is-resized\"><img loading=\"lazy\" decoding=\"async\" data-attachment-id=\"2108\" data-permalink=\"https:\/\/www.picweb.it\/emm\/blog\/index.php\/2020\/01\/28\/archistar-allattacco-della-capitale-e-la-raggi-irresponsabilmente-esulta\/ponte-di-calatrava-a-venezia\/\" data-orig-file=\"https:\/\/www.picweb.it\/emm\/blog\/wp-content\/uploads\/2020\/01\/Ponte-di-Calatrava-a-Venezia.jpg\" data-orig-size=\"500,334\" data-comments-opened=\"1\" data-image-meta=\"{&quot;aperture&quot;:&quot;0&quot;,&quot;credit&quot;:&quot;&quot;,&quot;camera&quot;:&quot;&quot;,&quot;caption&quot;:&quot;&quot;,&quot;created_timestamp&quot;:&quot;0&quot;,&quot;copyright&quot;:&quot;&quot;,&quot;focal_length&quot;:&quot;0&quot;,&quot;iso&quot;:&quot;0&quot;,&quot;shutter_speed&quot;:&quot;0&quot;,&quot;title&quot;:&quot;&quot;,&quot;orientation&quot;:&quot;0&quot;}\" data-image-title=\"Ponte-di-Calatrava-a-Venezia\" data-image-description=\"\" data-image-caption=\"&lt;p&gt;Il Ponte di Santiago Calatrava a Venezia, un\u2019opera inutile, mostruosa e costosissima che, oltre ad essere stata condannata dalla Corte dei Conti, Calatrava incluso, ed un fallimento con la vicenda dell\u2019ovovia, non solo vede il danno economico dovuto ai costi di realizzazione ma, addirittura, comporta un costo di manutenzione costante dovuto alla necessit\u00e0 di impedire l\u2019allontanamento delle sponde dovuto alla spinta della struttura sull\u2019isola artificiale su cui insiste \u2026 una cosa segnalata dagli esperti a Calatrava il quale, arrogantemente, consider\u00f2 una fesseria inventata contro la sua opera.&lt;\/p&gt;\n\" data-large-file=\"https:\/\/www.picweb.it\/emm\/blog\/wp-content\/uploads\/2020\/01\/Ponte-di-Calatrava-a-Venezia.jpg\" src=\"http:\/\/www.picweb.it\/emm\/blog\/wp-content\/uploads\/2020\/01\/Ponte-di-Calatrava-a-Venezia.jpg\" alt=\"\" class=\"wp-image-2108\" width=\"570\" height=\"381\" srcset=\"https:\/\/www.picweb.it\/emm\/blog\/wp-content\/uploads\/2020\/01\/Ponte-di-Calatrava-a-Venezia.jpg 500w, https:\/\/www.picweb.it\/emm\/blog\/wp-content\/uploads\/2020\/01\/Ponte-di-Calatrava-a-Venezia-300x200.jpg 300w, https:\/\/www.picweb.it\/emm\/blog\/wp-content\/uploads\/2020\/01\/Ponte-di-Calatrava-a-Venezia-360x240.jpg 360w, https:\/\/www.picweb.it\/emm\/blog\/wp-content\/uploads\/2020\/01\/Ponte-di-Calatrava-a-Venezia-250x167.jpg 250w, https:\/\/www.picweb.it\/emm\/blog\/wp-content\/uploads\/2020\/01\/Ponte-di-Calatrava-a-Venezia-100x67.jpg 100w\" sizes=\"(max-width: 570px) 100vw, 570px\" \/><figcaption>Il Ponte di Santiago Calatrava a Venezia, un\u2019opera inutile, mostruosa e costosissima che, oltre ad essere stata condannata dalla Corte dei Conti, Calatrava incluso, ed un fallimento con la vicenda dell\u2019ovovia, non solo vede il danno economico dovuto ai costi di realizzazione ma, addirittura, comporta un costo di manutenzione costante dovuto alla necessit\u00e0 di impedire l\u2019allontanamento delle sponde dovuto alla spinta della struttura sull\u2019isola artificiale su cui insiste \u2026 una cosa segnalata dagli esperti a Calatrava il quale, arrogantemente, consider\u00f2 una fesseria inventata contro la sua opera.<\/figcaption><\/figure><\/div>\n\n\n\n<div class=\"wp-block-image\"><figure class=\"aligncenter\"><img loading=\"lazy\" decoding=\"async\" width=\"1024\" height=\"422\" data-attachment-id=\"2109\" data-permalink=\"https:\/\/www.picweb.it\/emm\/blog\/index.php\/2020\/01\/28\/archistar-allattacco-della-capitale-e-la-raggi-irresponsabilmente-esulta\/microsoft-powerpoint-salotto-romano-1-febbraio-2018-7\/\" data-orig-file=\"https:\/\/www.picweb.it\/emm\/blog\/wp-content\/uploads\/2020\/01\/Alessandro-Ridolfi-via-Ticino.jpg\" data-orig-size=\"7015,2890\" data-comments-opened=\"1\" data-image-meta=\"{&quot;aperture&quot;:&quot;0&quot;,&quot;credit&quot;:&quot;emazzola&quot;,&quot;camera&quot;:&quot;&quot;,&quot;caption&quot;:&quot;&quot;,&quot;created_timestamp&quot;:&quot;0&quot;,&quot;copyright&quot;:&quot;&quot;,&quot;focal_length&quot;:&quot;0&quot;,&quot;iso&quot;:&quot;0&quot;,&quot;shutter_speed&quot;:&quot;0&quot;,&quot;title&quot;:&quot;Microsoft PowerPoint - Salotto Romano 1\\u00b0 Febbraio 2018&quot;,&quot;orientation&quot;:&quot;0&quot;}\" data-image-title=\"Microsoft PowerPoint &amp;#8211; Salotto Romano 1\u00b0 Febbraio 2018\" data-image-description=\"\" data-image-caption=\"&lt;p&gt;L\u2019immondo progetto dell\u2019archistar \u201cde noantri\u201d Alessandro Ridolfi, all\u2019epoca Presidente dell\u2019Ordine degli Architetti e membro del Co.Q.U.E., una delle operazioni pi\u00f9 sporche ed arroganti che ha comportato l\u2019abbattimento del Villino Naselli, a due passi dal Copped\u00e9, per lasciar spazio ad una palazzina ignobile degna delle peggiori periferie degli anni \u201970-\u201880&lt;\/p&gt;\n\" data-large-file=\"https:\/\/www.picweb.it\/emm\/blog\/wp-content\/uploads\/2020\/01\/Alessandro-Ridolfi-via-Ticino-1024x422.jpg\" src=\"http:\/\/www.picweb.it\/emm\/blog\/wp-content\/uploads\/2020\/01\/Alessandro-Ridolfi-via-Ticino-1024x422.jpg\" alt=\"\" class=\"wp-image-2109\" srcset=\"https:\/\/www.picweb.it\/emm\/blog\/wp-content\/uploads\/2020\/01\/Alessandro-Ridolfi-via-Ticino-1024x422.jpg 1024w, https:\/\/www.picweb.it\/emm\/blog\/wp-content\/uploads\/2020\/01\/Alessandro-Ridolfi-via-Ticino-300x124.jpg 300w, https:\/\/www.picweb.it\/emm\/blog\/wp-content\/uploads\/2020\/01\/Alessandro-Ridolfi-via-Ticino-768x316.jpg 768w, https:\/\/www.picweb.it\/emm\/blog\/wp-content\/uploads\/2020\/01\/Alessandro-Ridolfi-via-Ticino-700x288.jpg 700w, https:\/\/www.picweb.it\/emm\/blog\/wp-content\/uploads\/2020\/01\/Alessandro-Ridolfi-via-Ticino-520x214.jpg 520w, https:\/\/www.picweb.it\/emm\/blog\/wp-content\/uploads\/2020\/01\/Alessandro-Ridolfi-via-Ticino-360x148.jpg 360w, https:\/\/www.picweb.it\/emm\/blog\/wp-content\/uploads\/2020\/01\/Alessandro-Ridolfi-via-Ticino-250x103.jpg 250w, https:\/\/www.picweb.it\/emm\/blog\/wp-content\/uploads\/2020\/01\/Alessandro-Ridolfi-via-Ticino-100x41.jpg 100w\" sizes=\"(max-width: 1024px) 100vw, 1024px\" \/><figcaption>L\u2019immondo progetto dell\u2019archistar \u201cde noantri\u201d Alessandro Ridolfi, all\u2019epoca Presidente dell\u2019Ordine degli Architetti e membro del Co.Q.U.E., una delle operazioni pi\u00f9 sporche ed arroganti che ha comportato l\u2019abbattimento del Villino Naselli, a due passi dal Copped\u00e9, per lasciar spazio ad una palazzina ignobile degna delle peggiori periferie degli anni \u201970-\u201880<\/figcaption><\/figure><\/div>\n\n\n\n<div class=\"wp-block-image\"><figure class=\"aligncenter is-resized\"><img loading=\"lazy\" decoding=\"async\" data-attachment-id=\"2110\" data-permalink=\"https:\/\/www.picweb.it\/emm\/blog\/index.php\/2020\/01\/28\/archistar-allattacco-della-capitale-e-la-raggi-irresponsabilmente-esulta\/la-nuvola\/\" data-orig-file=\"https:\/\/www.picweb.it\/emm\/blog\/wp-content\/uploads\/2020\/01\/La-Nuvola.jpg\" data-orig-size=\"432,580\" data-comments-opened=\"1\" data-image-meta=\"{&quot;aperture&quot;:&quot;0&quot;,&quot;credit&quot;:&quot;&quot;,&quot;camera&quot;:&quot;&quot;,&quot;caption&quot;:&quot;&quot;,&quot;created_timestamp&quot;:&quot;0&quot;,&quot;copyright&quot;:&quot;&quot;,&quot;focal_length&quot;:&quot;0&quot;,&quot;iso&quot;:&quot;0&quot;,&quot;shutter_speed&quot;:&quot;0&quot;,&quot;title&quot;:&quot;&quot;,&quot;orientation&quot;:&quot;0&quot;}\" data-image-title=\"La-Nuvola\" data-image-description=\"\" data-image-caption=\"&lt;p&gt;La \u201cNuvola\u201d di Massimiliano Fuksas all\u2019EUR rappresenta uno dei pi\u00f9 folli sprechi di denaro pubblico (oltre 500 mln) per la realizzazione di un orrendo ammasso di ferraglia che, nelle intenzioni di chi creda alla realt\u00e0 virtuale dei monitor del computer, doveva essere un simbolo di leggerezza e trasparenza ma che invece, la dura realt\u00e0 ha mostrato essere un ammasso di ferraglia e vetro riflettente che richiama un edificio coperto da ponteggi per lavori di ristrutturazione. Questo abominio, tra l\u2019altro, ha comportato anche la chiusura della strada per errato posizionamento dell\u2019edificio!&lt;\/p&gt;\n\" data-large-file=\"https:\/\/www.picweb.it\/emm\/blog\/wp-content\/uploads\/2020\/01\/La-Nuvola.jpg\" src=\"http:\/\/www.picweb.it\/emm\/blog\/wp-content\/uploads\/2020\/01\/La-Nuvola.jpg\" alt=\"\" class=\"wp-image-2110\" width=\"565\" height=\"759\" srcset=\"https:\/\/www.picweb.it\/emm\/blog\/wp-content\/uploads\/2020\/01\/La-Nuvola.jpg 432w, https:\/\/www.picweb.it\/emm\/blog\/wp-content\/uploads\/2020\/01\/La-Nuvola-223x300.jpg 223w, https:\/\/www.picweb.it\/emm\/blog\/wp-content\/uploads\/2020\/01\/La-Nuvola-360x483.jpg 360w, https:\/\/www.picweb.it\/emm\/blog\/wp-content\/uploads\/2020\/01\/La-Nuvola-250x336.jpg 250w, https:\/\/www.picweb.it\/emm\/blog\/wp-content\/uploads\/2020\/01\/La-Nuvola-100x134.jpg 100w\" sizes=\"(max-width: 565px) 100vw, 565px\" \/><figcaption>La \u201cNuvola\u201d di Massimiliano Fuksas all\u2019EUR rappresenta uno dei pi\u00f9 folli sprechi di denaro pubblico (oltre 500 mln) per la realizzazione di un orrendo ammasso di ferraglia che, nelle intenzioni di chi creda alla realt\u00e0 virtuale dei monitor del computer, doveva essere un simbolo di leggerezza e trasparenza ma che invece, la dura realt\u00e0 ha mostrato essere un ammasso di ferraglia e vetro riflettente che richiama un edificio coperto da ponteggi per lavori di ristrutturazione. Questo abominio, tra l\u2019altro, ha comportato anche la chiusura della strada per errato posizionamento dell\u2019edificio!<\/figcaption><\/figure><\/div>\n\n\n\n<div class=\"wp-block-image\"><figure class=\"aligncenter\"><img loading=\"lazy\" decoding=\"async\" width=\"1024\" height=\"334\" data-attachment-id=\"2111\" data-permalink=\"https:\/\/www.picweb.it\/emm\/blog\/index.php\/2020\/01\/28\/archistar-allattacco-della-capitale-e-la-raggi-irresponsabilmente-esulta\/microsoft-powerpoint-salotto-romano-1-febbraio-2018-8\/\" data-orig-file=\"https:\/\/www.picweb.it\/emm\/blog\/wp-content\/uploads\/2020\/01\/Musei-Libeskind.jpg\" data-orig-size=\"7015,2290\" data-comments-opened=\"1\" data-image-meta=\"{&quot;aperture&quot;:&quot;0&quot;,&quot;credit&quot;:&quot;emazzola&quot;,&quot;camera&quot;:&quot;&quot;,&quot;caption&quot;:&quot;&quot;,&quot;created_timestamp&quot;:&quot;0&quot;,&quot;copyright&quot;:&quot;&quot;,&quot;focal_length&quot;:&quot;0&quot;,&quot;iso&quot;:&quot;0&quot;,&quot;shutter_speed&quot;:&quot;0&quot;,&quot;title&quot;:&quot;Microsoft PowerPoint - Salotto Romano 1\\u00b0 Febbraio 2018&quot;,&quot;orientation&quot;:&quot;0&quot;}\" data-image-title=\"Microsoft PowerPoint &amp;#8211; Salotto Romano 1\u00b0 Febbraio 2018\" data-image-description=\"\" data-image-caption=\"&lt;p&gt;I \u201crispettosissimi\u201d interventi di trasformazione del Royal Ontario Museum e del Dresden History Military Museum di Daniel Libeskind \u2026 l\u2019autoreferenzialismo dell\u2019archistar, che offende e stravolge gli edifici, viene vissuto come una violenza inaudita dalla collettivit\u00e0.&lt;\/p&gt;\n\" data-large-file=\"https:\/\/www.picweb.it\/emm\/blog\/wp-content\/uploads\/2020\/01\/Musei-Libeskind-1024x334.jpg\" src=\"http:\/\/www.picweb.it\/emm\/blog\/wp-content\/uploads\/2020\/01\/Musei-Libeskind-1024x334.jpg\" alt=\"\" class=\"wp-image-2111\" srcset=\"https:\/\/www.picweb.it\/emm\/blog\/wp-content\/uploads\/2020\/01\/Musei-Libeskind-1024x334.jpg 1024w, https:\/\/www.picweb.it\/emm\/blog\/wp-content\/uploads\/2020\/01\/Musei-Libeskind-300x98.jpg 300w, https:\/\/www.picweb.it\/emm\/blog\/wp-content\/uploads\/2020\/01\/Musei-Libeskind-768x251.jpg 768w, https:\/\/www.picweb.it\/emm\/blog\/wp-content\/uploads\/2020\/01\/Musei-Libeskind-700x229.jpg 700w, https:\/\/www.picweb.it\/emm\/blog\/wp-content\/uploads\/2020\/01\/Musei-Libeskind-520x170.jpg 520w, https:\/\/www.picweb.it\/emm\/blog\/wp-content\/uploads\/2020\/01\/Musei-Libeskind-360x118.jpg 360w, https:\/\/www.picweb.it\/emm\/blog\/wp-content\/uploads\/2020\/01\/Musei-Libeskind-250x82.jpg 250w, https:\/\/www.picweb.it\/emm\/blog\/wp-content\/uploads\/2020\/01\/Musei-Libeskind-100x33.jpg 100w\" sizes=\"(max-width: 1024px) 100vw, 1024px\" \/><figcaption>I \u201crispettosissimi\u201d interventi di trasformazione del Royal Ontario Museum e del Dresden History Military Museum di Daniel Libeskind \u2026 l\u2019autoreferenzialismo dell\u2019archistar, che offende e stravolge gli edifici, viene vissuto come una violenza inaudita dalla collettivit\u00e0.<\/figcaption><\/figure><\/div>\n\n\n\n<figure class=\"wp-block-image\"><img loading=\"lazy\" decoding=\"async\" width=\"1024\" height=\"576\" data-attachment-id=\"2112\" data-permalink=\"https:\/\/www.picweb.it\/emm\/blog\/index.php\/2020\/01\/28\/archistar-allattacco-della-capitale-e-la-raggi-irresponsabilmente-esulta\/microsoft-powerpoint-salotto-romano-1-febbraio-2018-9\/\" data-orig-file=\"https:\/\/www.picweb.it\/emm\/blog\/wp-content\/uploads\/2020\/01\/Buren-La-Spezia.jpg\" data-orig-size=\"7015,3946\" data-comments-opened=\"1\" data-image-meta=\"{&quot;aperture&quot;:&quot;0&quot;,&quot;credit&quot;:&quot;emazzola&quot;,&quot;camera&quot;:&quot;&quot;,&quot;caption&quot;:&quot;&quot;,&quot;created_timestamp&quot;:&quot;0&quot;,&quot;copyright&quot;:&quot;&quot;,&quot;focal_length&quot;:&quot;0&quot;,&quot;iso&quot;:&quot;0&quot;,&quot;shutter_speed&quot;:&quot;0&quot;,&quot;title&quot;:&quot;Microsoft PowerPoint - Salotto Romano 1\\u00b0 Febbraio 2018&quot;,&quot;orientation&quot;:&quot;0&quot;}\" data-image-title=\"Microsoft PowerPoint &amp;#8211; Salotto Romano 1\u00b0 Febbraio 2018\" data-image-description=\"&lt;p&gt;L\u2019abominevole e patetico intervento di Buren in Piazza Verdi alla Spezia, un intervento imposto dal sindaco, che per questo non \u00e8 stato rieletto, ha comportato il taglio di tutti i pini secolari, che caratterizzavano la piazza e davano sollievo in estate, per lasciar spazio a dei ridicoli ed infantili telai colorati e\/o specchiati ed un\u2019infinita serie di barriere architettoniche, che non pochi problemi causano alla gente&lt;\/p&gt;\n\" data-image-caption=\"\" data-large-file=\"https:\/\/www.picweb.it\/emm\/blog\/wp-content\/uploads\/2020\/01\/Buren-La-Spezia-1024x576.jpg\" src=\"http:\/\/www.picweb.it\/emm\/blog\/wp-content\/uploads\/2020\/01\/Buren-La-Spezia-1024x576.jpg\" alt=\"\" class=\"wp-image-2112\" srcset=\"https:\/\/www.picweb.it\/emm\/blog\/wp-content\/uploads\/2020\/01\/Buren-La-Spezia-1024x576.jpg 1024w, https:\/\/www.picweb.it\/emm\/blog\/wp-content\/uploads\/2020\/01\/Buren-La-Spezia-300x169.jpg 300w, https:\/\/www.picweb.it\/emm\/blog\/wp-content\/uploads\/2020\/01\/Buren-La-Spezia-768x432.jpg 768w, https:\/\/www.picweb.it\/emm\/blog\/wp-content\/uploads\/2020\/01\/Buren-La-Spezia-700x394.jpg 700w, https:\/\/www.picweb.it\/emm\/blog\/wp-content\/uploads\/2020\/01\/Buren-La-Spezia-520x293.jpg 520w, https:\/\/www.picweb.it\/emm\/blog\/wp-content\/uploads\/2020\/01\/Buren-La-Spezia-360x203.jpg 360w, https:\/\/www.picweb.it\/emm\/blog\/wp-content\/uploads\/2020\/01\/Buren-La-Spezia-250x141.jpg 250w, https:\/\/www.picweb.it\/emm\/blog\/wp-content\/uploads\/2020\/01\/Buren-La-Spezia-100x56.jpg 100w\" sizes=\"(max-width: 1024px) 100vw, 1024px\" \/><figcaption> L\u2019abominevole e patetico intervento di Buren in Piazza Verdi alla Spezia, un intervento imposto dal sindaco, che per questo non \u00e8 stato rieletto, ha comportato il taglio di tutti i pini secolari, che caratterizzavano la piazza e davano sollievo in estate, per lasciar spazio a dei ridicoli ed infantili telai colorati e\/o specchiati ed un\u2019infinita serie di barriere architettoniche, che non pochi problemi causano alla gente <\/figcaption><\/figure>\n\n\n\n<p>Cara sindaca e cari assessori e\nconsiglieri che decidete il futuro di Roma e auspicate l\u2019intervento delle <em>archistars<\/em>, se questa breve ed\nincompleta carrellata non \u00e8 bastata a darvi un\u2019idea della mancanza di rispetto\ndei luoghi e della gente da parte di questi individui autoreferenziali, vi\nsottopongo anche queste due immagini parigine che, da sole, dovrebbero aiutarvi\na riflettere sul pericolo derivante dalla fiducia riservata a dei personaggi\nsubdoli i quali, con giri di parole atti ad infinocchiare i polli come voi, vogliono\nfar credere di preoccuparsi per il bene comune e la qualit\u00e0 della vita, mentre\nnella realt\u00e0 si interessano solo alla promozione del proprio ego.<\/p>\n\n\n\n<div class=\"wp-block-image\"><figure class=\"aligncenter\"><img loading=\"lazy\" decoding=\"async\" width=\"729\" height=\"960\" data-attachment-id=\"2113\" data-permalink=\"https:\/\/www.picweb.it\/emm\/blog\/index.php\/2020\/01\/28\/archistar-allattacco-della-capitale-e-la-raggi-irresponsabilmente-esulta\/beaubourg-fondation-pathe\/\" data-orig-file=\"https:\/\/www.picweb.it\/emm\/blog\/wp-content\/uploads\/2020\/01\/Beaubourg-Fondation-Path\u00e9.jpg\" data-orig-size=\"729,960\" data-comments-opened=\"1\" data-image-meta=\"{&quot;aperture&quot;:&quot;0&quot;,&quot;credit&quot;:&quot;&quot;,&quot;camera&quot;:&quot;&quot;,&quot;caption&quot;:&quot;&quot;,&quot;created_timestamp&quot;:&quot;0&quot;,&quot;copyright&quot;:&quot;&quot;,&quot;focal_length&quot;:&quot;0&quot;,&quot;iso&quot;:&quot;0&quot;,&quot;shutter_speed&quot;:&quot;0&quot;,&quot;title&quot;:&quot;&quot;,&quot;orientation&quot;:&quot;0&quot;}\" data-image-title=\"Beaubourg-Fondation-Path\u00e9\" data-image-description=\"\" data-image-caption=\"&lt;p&gt;L\u2019astronave del Beaubourg di Renzo Piano e Richard Rogers nel centro di Parigi e l\u2019immonda struttura della Fondation J\u00e9r\u00f4me Seydoux-Path\u00e9, sempre a Parigi&lt;\/p&gt;\n\" data-large-file=\"https:\/\/www.picweb.it\/emm\/blog\/wp-content\/uploads\/2020\/01\/Beaubourg-Fondation-Path\u00e9.jpg\" src=\"http:\/\/www.picweb.it\/emm\/blog\/wp-content\/uploads\/2020\/01\/Beaubourg-Fondation-Path\u00e9.jpg\" alt=\"\" class=\"wp-image-2113\" srcset=\"https:\/\/www.picweb.it\/emm\/blog\/wp-content\/uploads\/2020\/01\/Beaubourg-Fondation-Path\u00e9.jpg 729w, https:\/\/www.picweb.it\/emm\/blog\/wp-content\/uploads\/2020\/01\/Beaubourg-Fondation-Path\u00e9-228x300.jpg 228w, https:\/\/www.picweb.it\/emm\/blog\/wp-content\/uploads\/2020\/01\/Beaubourg-Fondation-Path\u00e9-700x922.jpg 700w, https:\/\/www.picweb.it\/emm\/blog\/wp-content\/uploads\/2020\/01\/Beaubourg-Fondation-Path\u00e9-520x685.jpg 520w, https:\/\/www.picweb.it\/emm\/blog\/wp-content\/uploads\/2020\/01\/Beaubourg-Fondation-Path\u00e9-360x474.jpg 360w, https:\/\/www.picweb.it\/emm\/blog\/wp-content\/uploads\/2020\/01\/Beaubourg-Fondation-Path\u00e9-250x329.jpg 250w, https:\/\/www.picweb.it\/emm\/blog\/wp-content\/uploads\/2020\/01\/Beaubourg-Fondation-Path\u00e9-100x132.jpg 100w\" sizes=\"(max-width: 729px) 100vw, 729px\" \/><figcaption>L\u2019astronave del Beaubourg di Renzo Piano e Richard Rogers nel centro di Parigi e l\u2019immonda struttura della Fondation J\u00e9r\u00f4me Seydoux-Path\u00e9, sempre a Parigi<\/figcaption><\/figure><\/div>\n\n\n\n<p>Tanto per chiarire chi sia, cosa\nabbia realizzato, nonostante l\u2019ipocrisia delle sue affermazioni, l\u2019archistar\ntanto amata dal suo \u201c<em>leader massimo<\/em>\u201d,\nBeppe Grillo \u2013 suppongo per mere ragioni campanilistiche \u2013 il senatore a vita\nRenzo Piano, oltre ad aver vergognosamente infranto la deontologia\nprofessionale in occasione del presunto \u201c<em>dono<\/em>\u201d\ndel progetto \u201c<em>cotto e mangiato<\/em>\u201d a\npoche ore dal crollo del Viadotto Morandi di Genova, \u00e8 quell\u2019architetto che,\nnel 1998, nel ricevere il Pritzker Prize, ipocritamente dichiar\u00f2:<\/p>\n\n\n\n<p>\u00ab<em>L&#8217;architettura, intanto, \u00e8 un servizio, nel senso pi\u00f9 letterale del\ntermine. \u00c8 un&#8217;arte che produce cose che servono. Ma \u00e8 anche un&#8217;arte socialmente\npericolosa, perch\u00e9 \u00e8 un&#8217;arte imposta. Un brutto libro si pu\u00f2 non leggere; una\nbrutta musica si pu\u00f2 non ascoltare; ma il brutto condominio che abbiamo di\nfronte a casa lo vediamo per forza. L&#8217;architettura impone un&#8217;immersione totale\nnella bruttez<\/em><em>za, non d\u00e0 scelta all&#8217;utente. E\nquesta \u00e8 una responsabilit\u00e0 grave, anche nei confronti delle generazioni future<a href=\"#_ftn2\"><strong>[2]<\/strong><\/a><\/em>\u00bb.<\/p>\n\n\n\n<p>Ebbene\nla nostra <em>archistar<\/em>, prima di vestire\ni panni del &#8220;<em>rammendatore di\nperiferie<\/em>&#8221; che si preoccupa del &#8220;<em>brutto<\/em>&#8220;, potrebbe andare a chiedere cosa pensino dei suoi\nedifici gli abitanti ai quali \u00e8 stata imposta la vista del &#8220;<em>Beaubourg<\/em>&#8221; e della Fondation Path\u00e9!<\/p>\n\n\n\n<p>Ma\nc\u2019\u00e8 di pi\u00f9.<\/p>\n\n\n\n<p>Lei,\ncara sindaca, si esalta parlando dell\u2019interesse delle archistars per Roma e per\nla possibilit\u00e0 di ridare vita a degli edifici del centro grazie alla\nrealizzazione di questi, immondi, <em>flagship stores<\/em>\ned \u00e8 convinta che, nel caso di Palazzo Marignoli, si tratter\u00e0 di un \u201c<em>progetto di ristrutturazione che rispetta elevati standard di\nqualit\u00e0<\/em>\u201d \u2026\nebbene, se non \u00e8 in grado, e con lei i suoi assessori e consiglieri, di rendersi\nconto che tra le parole dei venditori di fumo e la realt\u00e0 possa esserci un\nabisso, vada a farsi un giro, con occhio critico, nell\u2019immondo <em>flagship store<\/em> della <em>Rinascente<\/em> in via del Tritone. Anche l\u00ec,\ninfatti, si \u00e8 parlato \u2013 come al solito \u2013 di <em>elevati\nstandard di qualit\u00e0 <\/em>e di <em>sostenibilit\u00e0<\/em>,\ntuttavia, come ebbi modo di spiegare in un mio articolo specifico<a href=\"#_ftn3\">[3]<\/a> che invito a leggere, quella\nvergogna rappresenta l\u2019ennesima, insostenibile, bugia, deleteria sotto tutti i\npunti di vista.<\/p>\n\n\n\n<p>Detto questo, visto che anche grazie al fallimento della sua\ngiunta il M5S che ci aveva fatto sognare si sta estinguendo, se proprio non\nriuscite a comprendere i danni che avete e che rischiate ancora di produrre alla\nCapitale e al vostro Movimento, per il bene della nostra citt\u00e0, fatevi da\nparte!<br><\/p>\n\n\n\n<hr class=\"wp-block-separator\"\/>\n\n\n\n<p><a href=\"#_ftnref1\">[1]<\/a> L\u00e9on Krier, <em>&#8216;<\/em>Virtus priv\u00e9es<em>&nbsp;et&nbsp;<\/em>vices\npublics<em>&#8216;<\/em>,<em> \u201cBulletin des\nArchives d\u2019Architecture Moderne n\u00b018 (1980), pagg. 7\u2013 12 (the London scene)<\/em><\/p>\n\n\n\n<p><a href=\"#_ftnref2\">[2]<\/a> <a href=\"https:\/\/www.repubblica.it\/online\/cultura_scienze\/renzopiano\/premio\/premio.html\">https:\/\/www.repubblica.it\/online\/cultura_scienze\/renzopiano\/premio\/premio.html<\/a><\/p>\n\n\n\n<p><a href=\"#_ftnref3\">[3]<\/a> <a href=\"http:\/\/www.picweb.it\/emm\/blog\/index.php\/2018\/02\/17\/i-professionisti-dellipocrisia-rigenerazione-riqualificazione-sostenibilita-unimmensa-presa-per-i-fondelli-negli-interessi-della-speculazione\/\">http:\/\/www.picweb.it\/emm\/blog\/index.php\/2018\/02\/17\/i-professionisti-dellipocrisia-rigenerazione-riqualificazione-sostenibilita-unimmensa-presa-per-i-fondelli-negli-interessi-della-speculazione\/<\/a><\/p>\n","protected":false},"excerpt":{"rendered":"<p>Alle 18,13 del 9 gennaio u.s., la sindaca Virginia Raggi, sulla sua pagina FB ha scritto: \u00abLe archistar tornano a scegliere Roma. Norman Foster ha disegnato la nuova sede della Apple in un edificio storico della citt\u00e0, Palazzo Marignoli, tra [&hellip;]<\/p>\n","protected":false},"author":2,"featured_media":0,"comment_status":"open","ping_status":"open","sticky":false,"template":"","format":"standard","meta":{"jetpack_post_was_ever_published":false,"_jetpack_newsletter_access":"","_jetpack_dont_email_post_to_subs":false,"_jetpack_newsletter_tier_id":0,"_jetpack_memberships_contains_paywalled_content":false,"_jetpack_memberships_contains_paid_content":false,"footnotes":""},"categories":[376,20,52,74,41,185,39,377,58,136,139,373,215,22],"tags":[],"class_list":["post-2097","post","type-post","status-publish","format-standard","hentry","category-archistar","category-architettura","category-attualita","category-politica","category-progettazione-urbana","category-rigenerazione-urbana","category-roma","category-sindaca-raggi","category-societa","category-soprintendenze","category-sostenibilita","category-speculazione-edilizia","category-stadio-as-roma-calcio","category-urbanistica","clearfix"],"yoast_head":"<!-- This site is optimized with the Yoast SEO plugin v27.3 - https:\/\/yoast.com\/product\/yoast-seo-wordpress\/ -->\r\n<title>Archistar all\u2019attacco della Capitale \u2026 e la Raggi, irresponsabilmente, esulta! - virtutem forma decorat<\/title>\r\n<meta name=\"robots\" content=\"index, follow, max-snippet:-1, max-image-preview:large, max-video-preview:-1\" \/>\r\n<link rel=\"canonical\" href=\"https:\/\/www.picweb.it\/emm\/blog\/index.php\/2020\/01\/28\/archistar-allattacco-della-capitale-e-la-raggi-irresponsabilmente-esulta\/\" \/>\r\n<meta property=\"og:locale\" content=\"it_IT\" \/>\r\n<meta property=\"og:type\" content=\"article\" \/>\r\n<meta property=\"og:title\" content=\"Archistar all\u2019attacco della Capitale \u2026 e la Raggi, irresponsabilmente, esulta! - virtutem forma decorat\" \/>\r\n<meta property=\"og:description\" content=\"Alle 18,13 del 9 gennaio u.s., la sindaca Virginia Raggi, sulla sua pagina FB ha scritto: \u00abLe archistar tornano a scegliere Roma. Norman Foster ha disegnato la nuova sede della Apple in un edificio storico della citt\u00e0, Palazzo Marignoli, tra [&hellip;]\" \/>\r\n<meta property=\"og:url\" content=\"https:\/\/www.picweb.it\/emm\/blog\/index.php\/2020\/01\/28\/archistar-allattacco-della-capitale-e-la-raggi-irresponsabilmente-esulta\/\" \/>\r\n<meta property=\"og:site_name\" content=\"virtutem forma decorat\" \/>\r\n<meta property=\"article:published_time\" content=\"2020-01-28T09:48:05+00:00\" \/>\r\n<meta property=\"article:modified_time\" content=\"2020-01-28T09:48:17+00:00\" \/>\r\n<meta property=\"og:image\" content=\"http:\/\/www.picweb.it\/emm\/blog\/wp-content\/uploads\/2020\/01\/82657308_3206211272722367_3221240452845928448_n.jpg\" \/>\r\n<meta name=\"author\" content=\"emmazzola\" \/>\r\n<meta name=\"twitter:card\" content=\"summary_large_image\" \/>\r\n<meta name=\"twitter:creator\" content=\"@ettore_mazzola\" \/>\r\n<meta name=\"twitter:site\" content=\"@ettore_mazzola\" \/>\r\n<meta name=\"twitter:label1\" content=\"Scritto da\" \/>\n\t<meta name=\"twitter:data1\" content=\"emmazzola\" \/>\n\t<meta name=\"twitter:label2\" content=\"Tempo di lettura stimato\" \/>\n\t<meta name=\"twitter:data2\" content=\"13 minuti\" \/>\r\n<script type=\"application\/ld+json\" class=\"yoast-schema-graph\">{\"@context\":\"https:\\\/\\\/schema.org\",\"@graph\":[{\"@type\":\"Article\",\"@id\":\"https:\\\/\\\/www.picweb.it\\\/emm\\\/blog\\\/index.php\\\/2020\\\/01\\\/28\\\/archistar-allattacco-della-capitale-e-la-raggi-irresponsabilmente-esulta\\\/#article\",\"isPartOf\":{\"@id\":\"https:\\\/\\\/www.picweb.it\\\/emm\\\/blog\\\/index.php\\\/2020\\\/01\\\/28\\\/archistar-allattacco-della-capitale-e-la-raggi-irresponsabilmente-esulta\\\/\"},\"author\":{\"name\":\"emmazzola\",\"@id\":\"http:\\\/\\\/www.picweb.it\\\/emm\\\/blog\\\/#\\\/schema\\\/person\\\/e29c0dd15f13008bd4c7682e6130977f\"},\"headline\":\"Archistar all\u2019attacco della Capitale \u2026 e la Raggi, irresponsabilmente, esulta!\",\"datePublished\":\"2020-01-28T09:48:05+00:00\",\"dateModified\":\"2020-01-28T09:48:17+00:00\",\"mainEntityOfPage\":{\"@id\":\"https:\\\/\\\/www.picweb.it\\\/emm\\\/blog\\\/index.php\\\/2020\\\/01\\\/28\\\/archistar-allattacco-della-capitale-e-la-raggi-irresponsabilmente-esulta\\\/\"},\"wordCount\":2486,\"commentCount\":20,\"publisher\":{\"@id\":\"http:\\\/\\\/www.picweb.it\\\/emm\\\/blog\\\/#\\\/schema\\\/person\\\/e29c0dd15f13008bd4c7682e6130977f\"},\"image\":{\"@id\":\"https:\\\/\\\/www.picweb.it\\\/emm\\\/blog\\\/index.php\\\/2020\\\/01\\\/28\\\/archistar-allattacco-della-capitale-e-la-raggi-irresponsabilmente-esulta\\\/#primaryimage\"},\"thumbnailUrl\":\"http:\\\/\\\/www.picweb.it\\\/emm\\\/blog\\\/wp-content\\\/uploads\\\/2020\\\/01\\\/82657308_3206211272722367_3221240452845928448_n.jpg\",\"articleSection\":[\"archistar\",\"Architettura\",\"attualit\u00e0\",\"politica\",\"progettazione urbana\",\"rigenerazione urbana\",\"Roma\",\"Sindaca Raggi\",\"societ\u00e0\",\"Soprintendenze\",\"sostenibilit\u00e0\",\"Speculazione Edilizia\",\"Stadio AS Roma Calcio\",\"urbanistica\"],\"inLanguage\":\"it-IT\",\"potentialAction\":[{\"@type\":\"CommentAction\",\"name\":\"Comment\",\"target\":[\"https:\\\/\\\/www.picweb.it\\\/emm\\\/blog\\\/index.php\\\/2020\\\/01\\\/28\\\/archistar-allattacco-della-capitale-e-la-raggi-irresponsabilmente-esulta\\\/#respond\"]}]},{\"@type\":\"WebPage\",\"@id\":\"https:\\\/\\\/www.picweb.it\\\/emm\\\/blog\\\/index.php\\\/2020\\\/01\\\/28\\\/archistar-allattacco-della-capitale-e-la-raggi-irresponsabilmente-esulta\\\/\",\"url\":\"https:\\\/\\\/www.picweb.it\\\/emm\\\/blog\\\/index.php\\\/2020\\\/01\\\/28\\\/archistar-allattacco-della-capitale-e-la-raggi-irresponsabilmente-esulta\\\/\",\"name\":\"Archistar all\u2019attacco della Capitale \u2026 e la Raggi, irresponsabilmente, esulta! - virtutem forma decorat\",\"isPartOf\":{\"@id\":\"http:\\\/\\\/www.picweb.it\\\/emm\\\/blog\\\/#website\"},\"primaryImageOfPage\":{\"@id\":\"https:\\\/\\\/www.picweb.it\\\/emm\\\/blog\\\/index.php\\\/2020\\\/01\\\/28\\\/archistar-allattacco-della-capitale-e-la-raggi-irresponsabilmente-esulta\\\/#primaryimage\"},\"image\":{\"@id\":\"https:\\\/\\\/www.picweb.it\\\/emm\\\/blog\\\/index.php\\\/2020\\\/01\\\/28\\\/archistar-allattacco-della-capitale-e-la-raggi-irresponsabilmente-esulta\\\/#primaryimage\"},\"thumbnailUrl\":\"http:\\\/\\\/www.picweb.it\\\/emm\\\/blog\\\/wp-content\\\/uploads\\\/2020\\\/01\\\/82657308_3206211272722367_3221240452845928448_n.jpg\",\"datePublished\":\"2020-01-28T09:48:05+00:00\",\"dateModified\":\"2020-01-28T09:48:17+00:00\",\"breadcrumb\":{\"@id\":\"https:\\\/\\\/www.picweb.it\\\/emm\\\/blog\\\/index.php\\\/2020\\\/01\\\/28\\\/archistar-allattacco-della-capitale-e-la-raggi-irresponsabilmente-esulta\\\/#breadcrumb\"},\"inLanguage\":\"it-IT\",\"potentialAction\":[{\"@type\":\"ReadAction\",\"target\":[\"https:\\\/\\\/www.picweb.it\\\/emm\\\/blog\\\/index.php\\\/2020\\\/01\\\/28\\\/archistar-allattacco-della-capitale-e-la-raggi-irresponsabilmente-esulta\\\/\"]}]},{\"@type\":\"ImageObject\",\"inLanguage\":\"it-IT\",\"@id\":\"https:\\\/\\\/www.picweb.it\\\/emm\\\/blog\\\/index.php\\\/2020\\\/01\\\/28\\\/archistar-allattacco-della-capitale-e-la-raggi-irresponsabilmente-esulta\\\/#primaryimage\",\"url\":\"https:\\\/\\\/www.picweb.it\\\/emm\\\/blog\\\/wp-content\\\/uploads\\\/2020\\\/01\\\/82657308_3206211272722367_3221240452845928448_n.jpg\",\"contentUrl\":\"https:\\\/\\\/www.picweb.it\\\/emm\\\/blog\\\/wp-content\\\/uploads\\\/2020\\\/01\\\/82657308_3206211272722367_3221240452845928448_n.jpg\",\"width\":447,\"height\":746,\"caption\":\"Screenshot del post della sindaca Raggi\"},{\"@type\":\"BreadcrumbList\",\"@id\":\"https:\\\/\\\/www.picweb.it\\\/emm\\\/blog\\\/index.php\\\/2020\\\/01\\\/28\\\/archistar-allattacco-della-capitale-e-la-raggi-irresponsabilmente-esulta\\\/#breadcrumb\",\"itemListElement\":[{\"@type\":\"ListItem\",\"position\":1,\"name\":\"Home\",\"item\":\"http:\\\/\\\/www.picweb.it\\\/emm\\\/blog\\\/\"},{\"@type\":\"ListItem\",\"position\":2,\"name\":\"Archistar all\u2019attacco della Capitale \u2026 e la Raggi, irresponsabilmente, esulta!\"}]},{\"@type\":\"WebSite\",\"@id\":\"http:\\\/\\\/www.picweb.it\\\/emm\\\/blog\\\/#website\",\"url\":\"http:\\\/\\\/www.picweb.it\\\/emm\\\/blog\\\/\",\"name\":\"virtutem forma decorat\",\"description\":\"The new Architectural blog\",\"publisher\":{\"@id\":\"http:\\\/\\\/www.picweb.it\\\/emm\\\/blog\\\/#\\\/schema\\\/person\\\/e29c0dd15f13008bd4c7682e6130977f\"},\"potentialAction\":[{\"@type\":\"SearchAction\",\"target\":{\"@type\":\"EntryPoint\",\"urlTemplate\":\"http:\\\/\\\/www.picweb.it\\\/emm\\\/blog\\\/?s={search_term_string}\"},\"query-input\":{\"@type\":\"PropertyValueSpecification\",\"valueRequired\":true,\"valueName\":\"search_term_string\"}}],\"inLanguage\":\"it-IT\"},{\"@type\":[\"Person\",\"Organization\"],\"@id\":\"http:\\\/\\\/www.picweb.it\\\/emm\\\/blog\\\/#\\\/schema\\\/person\\\/e29c0dd15f13008bd4c7682e6130977f\",\"name\":\"emmazzola\",\"image\":{\"@type\":\"ImageObject\",\"inLanguage\":\"it-IT\",\"@id\":\"https:\\\/\\\/www.picweb.it\\\/emm\\\/blog\\\/wp-content\\\/uploads\\\/2017\\\/05\\\/cropped-logoVirtutemFormaDecorat_Whigher.png\",\"url\":\"https:\\\/\\\/www.picweb.it\\\/emm\\\/blog\\\/wp-content\\\/uploads\\\/2017\\\/05\\\/cropped-logoVirtutemFormaDecorat_Whigher.png\",\"contentUrl\":\"https:\\\/\\\/www.picweb.it\\\/emm\\\/blog\\\/wp-content\\\/uploads\\\/2017\\\/05\\\/cropped-logoVirtutemFormaDecorat_Whigher.png\",\"width\":200,\"height\":79,\"caption\":\"emmazzola\"},\"logo\":{\"@id\":\"https:\\\/\\\/www.picweb.it\\\/emm\\\/blog\\\/wp-content\\\/uploads\\\/2017\\\/05\\\/cropped-logoVirtutemFormaDecorat_Whigher.png\"},\"url\":\"https:\\\/\\\/www.picweb.it\\\/emm\\\/blog\\\/index.php\\\/author\\\/emmazzola\\\/\"}]}<\/script>\r\n<!-- \/ Yoast SEO plugin. -->","yoast_head_json":{"title":"Archistar all\u2019attacco della Capitale \u2026 e la Raggi, irresponsabilmente, esulta! - virtutem forma decorat","robots":{"index":"index","follow":"follow","max-snippet":"max-snippet:-1","max-image-preview":"max-image-preview:large","max-video-preview":"max-video-preview:-1"},"canonical":"https:\/\/www.picweb.it\/emm\/blog\/index.php\/2020\/01\/28\/archistar-allattacco-della-capitale-e-la-raggi-irresponsabilmente-esulta\/","og_locale":"it_IT","og_type":"article","og_title":"Archistar all\u2019attacco della Capitale \u2026 e la Raggi, irresponsabilmente, esulta! - virtutem forma decorat","og_description":"Alle 18,13 del 9 gennaio u.s., la sindaca Virginia Raggi, sulla sua pagina FB ha scritto: \u00abLe archistar tornano a scegliere Roma. Norman Foster ha disegnato la nuova sede della Apple in un edificio storico della citt\u00e0, Palazzo Marignoli, tra [&hellip;]","og_url":"https:\/\/www.picweb.it\/emm\/blog\/index.php\/2020\/01\/28\/archistar-allattacco-della-capitale-e-la-raggi-irresponsabilmente-esulta\/","og_site_name":"virtutem forma decorat","article_published_time":"2020-01-28T09:48:05+00:00","article_modified_time":"2020-01-28T09:48:17+00:00","og_image":[{"url":"http:\/\/www.picweb.it\/emm\/blog\/wp-content\/uploads\/2020\/01\/82657308_3206211272722367_3221240452845928448_n.jpg","type":"","width":"","height":""}],"author":"emmazzola","twitter_card":"summary_large_image","twitter_creator":"@ettore_mazzola","twitter_site":"@ettore_mazzola","twitter_misc":{"Scritto da":"emmazzola","Tempo di lettura stimato":"13 minuti"},"schema":{"@context":"https:\/\/schema.org","@graph":[{"@type":"Article","@id":"https:\/\/www.picweb.it\/emm\/blog\/index.php\/2020\/01\/28\/archistar-allattacco-della-capitale-e-la-raggi-irresponsabilmente-esulta\/#article","isPartOf":{"@id":"https:\/\/www.picweb.it\/emm\/blog\/index.php\/2020\/01\/28\/archistar-allattacco-della-capitale-e-la-raggi-irresponsabilmente-esulta\/"},"author":{"name":"emmazzola","@id":"http:\/\/www.picweb.it\/emm\/blog\/#\/schema\/person\/e29c0dd15f13008bd4c7682e6130977f"},"headline":"Archistar all\u2019attacco della Capitale \u2026 e la Raggi, irresponsabilmente, esulta!","datePublished":"2020-01-28T09:48:05+00:00","dateModified":"2020-01-28T09:48:17+00:00","mainEntityOfPage":{"@id":"https:\/\/www.picweb.it\/emm\/blog\/index.php\/2020\/01\/28\/archistar-allattacco-della-capitale-e-la-raggi-irresponsabilmente-esulta\/"},"wordCount":2486,"commentCount":20,"publisher":{"@id":"http:\/\/www.picweb.it\/emm\/blog\/#\/schema\/person\/e29c0dd15f13008bd4c7682e6130977f"},"image":{"@id":"https:\/\/www.picweb.it\/emm\/blog\/index.php\/2020\/01\/28\/archistar-allattacco-della-capitale-e-la-raggi-irresponsabilmente-esulta\/#primaryimage"},"thumbnailUrl":"http:\/\/www.picweb.it\/emm\/blog\/wp-content\/uploads\/2020\/01\/82657308_3206211272722367_3221240452845928448_n.jpg","articleSection":["archistar","Architettura","attualit\u00e0","politica","progettazione urbana","rigenerazione urbana","Roma","Sindaca Raggi","societ\u00e0","Soprintendenze","sostenibilit\u00e0","Speculazione Edilizia","Stadio AS Roma Calcio","urbanistica"],"inLanguage":"it-IT","potentialAction":[{"@type":"CommentAction","name":"Comment","target":["https:\/\/www.picweb.it\/emm\/blog\/index.php\/2020\/01\/28\/archistar-allattacco-della-capitale-e-la-raggi-irresponsabilmente-esulta\/#respond"]}]},{"@type":"WebPage","@id":"https:\/\/www.picweb.it\/emm\/blog\/index.php\/2020\/01\/28\/archistar-allattacco-della-capitale-e-la-raggi-irresponsabilmente-esulta\/","url":"https:\/\/www.picweb.it\/emm\/blog\/index.php\/2020\/01\/28\/archistar-allattacco-della-capitale-e-la-raggi-irresponsabilmente-esulta\/","name":"Archistar all\u2019attacco della Capitale \u2026 e la Raggi, irresponsabilmente, esulta! - virtutem forma decorat","isPartOf":{"@id":"http:\/\/www.picweb.it\/emm\/blog\/#website"},"primaryImageOfPage":{"@id":"https:\/\/www.picweb.it\/emm\/blog\/index.php\/2020\/01\/28\/archistar-allattacco-della-capitale-e-la-raggi-irresponsabilmente-esulta\/#primaryimage"},"image":{"@id":"https:\/\/www.picweb.it\/emm\/blog\/index.php\/2020\/01\/28\/archistar-allattacco-della-capitale-e-la-raggi-irresponsabilmente-esulta\/#primaryimage"},"thumbnailUrl":"http:\/\/www.picweb.it\/emm\/blog\/wp-content\/uploads\/2020\/01\/82657308_3206211272722367_3221240452845928448_n.jpg","datePublished":"2020-01-28T09:48:05+00:00","dateModified":"2020-01-28T09:48:17+00:00","breadcrumb":{"@id":"https:\/\/www.picweb.it\/emm\/blog\/index.php\/2020\/01\/28\/archistar-allattacco-della-capitale-e-la-raggi-irresponsabilmente-esulta\/#breadcrumb"},"inLanguage":"it-IT","potentialAction":[{"@type":"ReadAction","target":["https:\/\/www.picweb.it\/emm\/blog\/index.php\/2020\/01\/28\/archistar-allattacco-della-capitale-e-la-raggi-irresponsabilmente-esulta\/"]}]},{"@type":"ImageObject","inLanguage":"it-IT","@id":"https:\/\/www.picweb.it\/emm\/blog\/index.php\/2020\/01\/28\/archistar-allattacco-della-capitale-e-la-raggi-irresponsabilmente-esulta\/#primaryimage","url":"https:\/\/www.picweb.it\/emm\/blog\/wp-content\/uploads\/2020\/01\/82657308_3206211272722367_3221240452845928448_n.jpg","contentUrl":"https:\/\/www.picweb.it\/emm\/blog\/wp-content\/uploads\/2020\/01\/82657308_3206211272722367_3221240452845928448_n.jpg","width":447,"height":746,"caption":"Screenshot del post della sindaca Raggi"},{"@type":"BreadcrumbList","@id":"https:\/\/www.picweb.it\/emm\/blog\/index.php\/2020\/01\/28\/archistar-allattacco-della-capitale-e-la-raggi-irresponsabilmente-esulta\/#breadcrumb","itemListElement":[{"@type":"ListItem","position":1,"name":"Home","item":"http:\/\/www.picweb.it\/emm\/blog\/"},{"@type":"ListItem","position":2,"name":"Archistar all\u2019attacco della Capitale \u2026 e la Raggi, irresponsabilmente, esulta!"}]},{"@type":"WebSite","@id":"http:\/\/www.picweb.it\/emm\/blog\/#website","url":"http:\/\/www.picweb.it\/emm\/blog\/","name":"virtutem forma decorat","description":"The new Architectural blog","publisher":{"@id":"http:\/\/www.picweb.it\/emm\/blog\/#\/schema\/person\/e29c0dd15f13008bd4c7682e6130977f"},"potentialAction":[{"@type":"SearchAction","target":{"@type":"EntryPoint","urlTemplate":"http:\/\/www.picweb.it\/emm\/blog\/?s={search_term_string}"},"query-input":{"@type":"PropertyValueSpecification","valueRequired":true,"valueName":"search_term_string"}}],"inLanguage":"it-IT"},{"@type":["Person","Organization"],"@id":"http:\/\/www.picweb.it\/emm\/blog\/#\/schema\/person\/e29c0dd15f13008bd4c7682e6130977f","name":"emmazzola","image":{"@type":"ImageObject","inLanguage":"it-IT","@id":"https:\/\/www.picweb.it\/emm\/blog\/wp-content\/uploads\/2017\/05\/cropped-logoVirtutemFormaDecorat_Whigher.png","url":"https:\/\/www.picweb.it\/emm\/blog\/wp-content\/uploads\/2017\/05\/cropped-logoVirtutemFormaDecorat_Whigher.png","contentUrl":"https:\/\/www.picweb.it\/emm\/blog\/wp-content\/uploads\/2017\/05\/cropped-logoVirtutemFormaDecorat_Whigher.png","width":200,"height":79,"caption":"emmazzola"},"logo":{"@id":"https:\/\/www.picweb.it\/emm\/blog\/wp-content\/uploads\/2017\/05\/cropped-logoVirtutemFormaDecorat_Whigher.png"},"url":"https:\/\/www.picweb.it\/emm\/blog\/index.php\/author\/emmazzola\/"}]}},"jetpack_featured_media_url":"","jetpack_sharing_enabled":true,"jetpack_shortlink":"https:\/\/wp.me\/p8HWjS-xP","jetpack-related-posts":[],"jetpack_likes_enabled":true,"_links":{"self":[{"href":"https:\/\/www.picweb.it\/emm\/blog\/index.php\/wp-json\/wp\/v2\/posts\/2097","targetHints":{"allow":["GET"]}}],"collection":[{"href":"https:\/\/www.picweb.it\/emm\/blog\/index.php\/wp-json\/wp\/v2\/posts"}],"about":[{"href":"https:\/\/www.picweb.it\/emm\/blog\/index.php\/wp-json\/wp\/v2\/types\/post"}],"author":[{"embeddable":true,"href":"https:\/\/www.picweb.it\/emm\/blog\/index.php\/wp-json\/wp\/v2\/users\/2"}],"replies":[{"embeddable":true,"href":"https:\/\/www.picweb.it\/emm\/blog\/index.php\/wp-json\/wp\/v2\/comments?post=2097"}],"version-history":[{"count":1,"href":"https:\/\/www.picweb.it\/emm\/blog\/index.php\/wp-json\/wp\/v2\/posts\/2097\/revisions"}],"predecessor-version":[{"id":2114,"href":"https:\/\/www.picweb.it\/emm\/blog\/index.php\/wp-json\/wp\/v2\/posts\/2097\/revisions\/2114"}],"wp:attachment":[{"href":"https:\/\/www.picweb.it\/emm\/blog\/index.php\/wp-json\/wp\/v2\/media?parent=2097"}],"wp:term":[{"taxonomy":"category","embeddable":true,"href":"https:\/\/www.picweb.it\/emm\/blog\/index.php\/wp-json\/wp\/v2\/categories?post=2097"},{"taxonomy":"post_tag","embeddable":true,"href":"https:\/\/www.picweb.it\/emm\/blog\/index.php\/wp-json\/wp\/v2\/tags?post=2097"}],"curies":[{"name":"wp","href":"https:\/\/api.w.org\/{rel}","templated":true}]}}