{"id":1732,"date":"2019-04-03T13:47:19","date_gmt":"2019-04-03T11:47:19","guid":{"rendered":"http:\/\/www.picweb.it\/emm\/blog\/?p=1732"},"modified":"2019-04-03T13:47:29","modified_gmt":"2019-04-03T11:47:29","slug":"2-edizione-delle-prix-a-roma-la-mistificazione-della-sostenibilita-continua","status":"publish","type":"post","link":"https:\/\/www.picweb.it\/emm\/blog\/index.php\/2019\/04\/03\/2-edizione-delle-prix-a-roma-la-mistificazione-della-sostenibilita-continua\/","title":{"rendered":"2^ Edizione dell\u2019E-Prix a Roma \u2013 la mistificazione della sostenibilit\u00e0 continua"},"content":{"rendered":"\n<div class=\"wp-block-image\"><figure class=\"aligncenter\"><img fetchpriority=\"high\" decoding=\"async\" width=\"1024\" height=\"683\" data-attachment-id=\"1733\" data-permalink=\"https:\/\/www.picweb.it\/emm\/blog\/index.php\/2019\/04\/03\/2-edizione-delle-prix-a-roma-la-mistificazione-della-sostenibilita-continua\/e-prix-2018\/\" data-orig-file=\"https:\/\/www.picweb.it\/emm\/blog\/wp-content\/uploads\/2019\/04\/E-Prix-2018.jpg\" data-orig-size=\"1200,800\" data-comments-opened=\"1\" data-image-meta=\"{&quot;aperture&quot;:&quot;0&quot;,&quot;credit&quot;:&quot;&quot;,&quot;camera&quot;:&quot;&quot;,&quot;caption&quot;:&quot;&quot;,&quot;created_timestamp&quot;:&quot;0&quot;,&quot;copyright&quot;:&quot;&quot;,&quot;focal_length&quot;:&quot;0&quot;,&quot;iso&quot;:&quot;0&quot;,&quot;shutter_speed&quot;:&quot;0&quot;,&quot;title&quot;:&quot;&quot;,&quot;orientation&quot;:&quot;0&quot;}\" data-image-title=\"E-Prix 2018\" data-image-description=\"\" data-image-caption=\"\" data-large-file=\"https:\/\/www.picweb.it\/emm\/blog\/wp-content\/uploads\/2019\/04\/E-Prix-2018-1024x683.jpg\" src=\"http:\/\/www.picweb.it\/emm\/blog\/wp-content\/uploads\/2019\/04\/E-Prix-2018-1024x683.jpg\" alt=\"\" class=\"wp-image-1733\" srcset=\"https:\/\/www.picweb.it\/emm\/blog\/wp-content\/uploads\/2019\/04\/E-Prix-2018-1024x683.jpg 1024w, https:\/\/www.picweb.it\/emm\/blog\/wp-content\/uploads\/2019\/04\/E-Prix-2018-300x200.jpg 300w, https:\/\/www.picweb.it\/emm\/blog\/wp-content\/uploads\/2019\/04\/E-Prix-2018-768x512.jpg 768w, https:\/\/www.picweb.it\/emm\/blog\/wp-content\/uploads\/2019\/04\/E-Prix-2018-700x467.jpg 700w, https:\/\/www.picweb.it\/emm\/blog\/wp-content\/uploads\/2019\/04\/E-Prix-2018-520x347.jpg 520w, https:\/\/www.picweb.it\/emm\/blog\/wp-content\/uploads\/2019\/04\/E-Prix-2018-360x240.jpg 360w, https:\/\/www.picweb.it\/emm\/blog\/wp-content\/uploads\/2019\/04\/E-Prix-2018-250x167.jpg 250w, https:\/\/www.picweb.it\/emm\/blog\/wp-content\/uploads\/2019\/04\/E-Prix-2018-100x67.jpg 100w, https:\/\/www.picweb.it\/emm\/blog\/wp-content\/uploads\/2019\/04\/E-Prix-2018.jpg 1200w\" sizes=\"(max-width: 1024px) 100vw, 1024px\" \/><figcaption> <br>Partenza dell\u2019E-Prix 2018 di Roma <\/figcaption><\/figure><\/div>\n\n\n\n<p>Anche quest\u2019anno, nel nome\ndel <strong>presunto rispetto dell\u2019ambiente<\/strong>, \u00e8 partito il circo mediatico per\npromuovere l\u2019assurda gara di Formula E all\u2019EUR di Roma. Due giorni da <em>RomaToday<\/em> titolava: \u201c<strong><em>Formula E: partito il countdown per l&#8217;evento\nsportivo all&#8217;insegna della sostenibilit\u00e0<\/em><\/strong>\u201d <a href=\"#_ftn1\">[1]<\/a>.<\/p>\n\n\n\n<p>\u2026 Come no? Ma certo!!<\/p>\n\n\n\n<p>Effettivamente, come diceva\nTino Scotti nel vecchio spot pubblicitario del \u201c<em>Carosello<\/em>\u201d indirizzato agli stitici: <strong><em>basta la parola<\/em><\/strong>!!!<\/p>\n\n\n\n<p>Nel caso in oggetto per\u00f2,\npiuttosto \u201c<em>Confetto Falqui<\/em>\u201d, la\nparolina magica per raggirare il popolo bue \u00e8 \u201c<strong><em>Sostenibilit\u00e0<\/em><\/strong>\u201d \u2026 un argomento che ho molto a cuore e di cui ho\ngi\u00e0 pi\u00f9 volte trattato in alcuni miei libri e in diversi articoli pubblicati\nanche su questo blog<a href=\"#_ftn2\">[2]<\/a>.<\/p>\n\n\n\n<p>Del resto, chi volete che\nvada a sindacare se l\u2019uso del termine \u201c<em>sostenibilit\u00e0<\/em>\u201d\ncorrisponda al vero? Se poi a pronunciarlo sono gli \u201c<em>esperti<\/em>\u201d, oppure dei VIP \u201c<em>inconsapevoli<\/em>\u201d,\no meglio ancora i nostri amministratori politici, \u00e8 pi\u00f9 che normale che questa <em>parolina magica<\/em> faccia breccia nel mondo\ndi pecoroni dell\u2019evolutissima societ\u00e0 fondata sul <strong><em>panem et circenses<\/em><\/strong>!<\/p>\n\n\n\n<p>Ecco quindi che la Sindaca\nRaggi, presentando la 2^ edizione dell\u2019ignobile evento \u2013 che complicher\u00e0 la\nvita dei romani per un paio di settimane \u2013 ha detto:<\/p>\n\n\n\n<p><em>&#8220;Quest&#8217;anno rinnoviamo lo spettacolo della Formula E con grande\nentusiasmo, \u00e8&nbsp;un evento sportivo che la nostra citt\u00e0&nbsp;\u00e8 orgogliosa di\nospitare, per&nbsp;<strong>intrattenimento puro all&#8217;insegna della sostenibilit\u00e0<\/strong>.\n<strong>Le parole chiave sono tecnologia e ricerca, unite alla centralit\u00e0&nbsp;della\npersona e al rispetto dell&#8217;ambiente. La chiave vincente per il nostro futuro<\/strong>&#8220;.<\/em><\/p>\n\n\n\n<p>Petrolini commenterebbe,\nironicamente: <strong><em>Bene, brava, bis!!!<\/em><\/strong><\/p>\n\n\n\n<p>Del resto, parlando di\nsostenibilit\u00e0, non possiamo dimenticare che la <em>Determinazione della Regione Lazio conclusiva della Conferenza dei\nServizi<\/em><a href=\"#_ftn3\">[3]<\/a>\nper lo Stadio della AS Roma a Tor di Valle sosteneva che:<\/p>\n\n\n\n<p>\u00ab<em>Con riferimento alla&nbsp;<strong>mobilit\u00e0 sostenibile<\/strong>&nbsp;devono\nessere rispettate le seguenti prescrizioni:<\/em><\/p>\n\n\n\n<ul class=\"wp-block-list\"><li><em>realizzazione di\ninfrastutture di ricarica per veicoli elettrici installate presso i parcheggi a\nraso e multipiano in misura almeno pari allo 0,1% della capienza totale dello\nstadio;<\/em><\/li><li><em>realizzazione di un servizio\ndi bike sharing con una dotazione di biciclette almeno pari allo 0,2% della\ncapienza totale dello stadio\u00bb.<\/em><\/li><\/ul>\n\n\n\n<p>\u2026 sicch\u00e9 davanti a tanta \u201csaggezza\u201d\ndei nostri amministratori politici va da s\u00e9 che possa affermarsi che la <em>Formula E<\/em> sia un<strong><em> \u201cintrattenimento puro all&#8217;insegna della sostenibilit\u00e0\u201d<\/em><\/strong>!<\/p>\n\n\n\n<p>Chi volete che \u2013 ad esclusione\ndel sottoscritto rompiballe congenito \u2013 vada a sindacare se, per trasportare i\nbolidi da 900 kg e tutte le strutture e attrezzature dei box occorrano\nsvariati, inquinantissimi autoarticolati a gasolio? Chi volete che vada a\nsindacare se, per allestire il tutto, debbano esserci decine e decine di altri\nmezzi, altrettanto inquinanti, per il trasporto delle transenne, delle\ntelecamere, monitors, spalti, ponteggi, stands, ecc., necessari per realizzare\nl\u2019evento e trasmettere le immagini nell\u2019etere? \u2026 Chi, ancora, volete che si\nponga il problema delle emissioni degli elicotteri che svolazzeranno per\nfilmare l\u2019evento? Chi, infine, volete che si ponga il problema delle polveri\nprodotte dai ferodi, dischi e pneumatici dei bolidi costretti a frenate\ncontinue per le \u201c<em>ben 21 curve<\/em>\u201d del\ncircuito e non solo?<\/p>\n\n\n\n<p>Inoltre, come logico, nell\u2019articolo\ndi <strong>RomaToday<\/strong> si dice: <em>\u201cPer\nconsentire lo svolgimento di questi due giorni di festa, il quadrante dovr\u00e0\nsubire delle modifiche alla viabilit\u00e0\u201d.<\/em><\/p>\n\n\n\n<p>\u2026 a tal proposito, chi\nvolete che si preoccuper\u00e0 dell\u2019allungamento dei tragitti dei poveri lavoratori\nromani costretti ad allungare il tragitto di rientro a casa dal lavoro per\npoter aggirare l\u2019area interessata dal circuito<a href=\"#_ftn4\">[4]<\/a>?\nA chi volete che interessi il fatto che molti di quei cittadini possiedano\nun\u2019auto a diesel o benzina e sar\u00e0 costretto ad inquinare pi\u00f9 del solito? <strong>L\u2019importante\n\u00e8 far credere che la limitatissima, presunta, sostenibilit\u00e0 delle auto da corsa\nelettriche rappresenti una conquista per l\u2019ambiente<\/strong>!<\/p>\n\n\n\n<p>Meglio condannare i malcapitati\nromani per il fatto che non abbiano ancora potuto permettersi di acquistare\nun\u2019auto ibrida o elettrica! Costoro, infatti, per i nostri <em>paladini della sostenibilit\u00e0 e dell\u2019ambiente<\/em>, meritano di essere\ncondannati alle targhe alterne e alle domeniche a piedi, perch\u00e9 \u00e8 l\u2019ambiente a\nchiedercelo \u2026 peccato che, in quest\u2019occasione, quello stesso ambiente non abbia\nvoce per far capire a certi millantatori che <strong>l\u2019inquinamento causato da tutto\nquello che gira intorno alla gara di due ore con delle auto elettriche risulti\nmolto peggiore delle emissioni possibili durante le domeniche di divieto<\/strong>! <\/p>\n\n\n\n<p>Del resto nessuno\nguarderebbe in TV le immagini degli automobilisti romani che vanno a godersi la\nmeritata gita fuoriporta, sicch\u00e9 il circo mediatico non ne trarrebbe alcun\nguadagno \u2026 <\/p>\n\n\n\n<p>La mistificazione della\nrealt\u00e0 dunque continua. Sicch\u00e9 ci vien detto che \u00ab<em>Anche nel 2019 l&#8217;E-Prix lascer\u00e0 una dote preziosa al territorio. [\u2026] La\ntraccia positiva della Formula E di quest&#8217;edizione, va ad incidere sulla&nbsp;<\/em><em><a href=\"https:\/\/eur.romatoday.it\/formula-e-potatura-alberi-viale-europa.html\">salute delle\nmagnifiche alberature di viale Europa<\/a><\/em><em>.\nSaranno messe in sicurezza e, con l&#8217;arrivo della stagione autunnale,&nbsp;<\/em><strong><em>verranno anche\npotate le chiome dei tigli&nbsp;<\/em><\/strong><em>presenti\nsul boulevard. Inoltre, Formula E, si \u00e8 impegnata a&nbsp;<\/em><strong><em>donare 15\ndecespugliatori<\/em><\/strong><em>&nbsp;al Ministero di Grazia\ne Giustizia, in modo che possano essere utilizzati nell&#8217;ambito del programma di\nreinserimento sociale dei detenuti. Questi strumenti, quindi, saranno\nparticolarmente utili nella cura del verde cittadino. <strong>Un&#8217;altra impronta\n&#8220;green&#8221; lasciata dal passaggio della Formula E<\/strong>\u00bb.<\/em><\/p>\n\n\n\n<p>Ancora una volta, quindi, \u201c<em>bene, bravo, bis!<\/em>\u201d \u2026 il popolo bue\nmerita tutto questo!<\/p>\n\n\n\n<p>Ma c\u2019\u00e8 ancora un\u2019altra\nidiozia collegata all\u2019<em>E-Prix<\/em> sulla\nquale non posso evitare di esprimermi: la cosiddetta \u201c<strong><em>Electric Social Parade<\/em><\/strong>\u201d che si terr\u00e0 il 12 aprile.<\/p>\n\n\n\n<p>Nell\u2019annunciare questa\nmanifestazione collaterale, ci \u00e8 ovviamente stato raccontato che \u00ab<strong><em>In tema di sostenibilit\u00e0,<\/em><\/strong><em> <strong>il contributo offerto dalla Formula E\nalla mobilit\u00e0 sostenibile, non si limita all&#8217;esibizione sportiva<\/strong>. Il 12\naprile infatti,&nbsp;<a href=\"https:\/\/www.romatoday.it\/sport\/formula-e-2019-novita-prove-libere.html\">alla vigilia\ndell&#8217;E-Prix<\/a>, \u00e8 stata organizzata&nbsp;una sfilata di mezzi elettrici&nbsp;a\ndue, tre o quattro ruote. Per la Electric&nbsp;Social Parade di Roma,\nscenderanno sul circuito del cosiddetto Pentagono,&nbsp;monopattini e bici\nelettriche, ma anche<strong> hoverboard e longboard <\/strong><\/em><strong>[\u2026]<\/strong>.<\/p>\n\n\n\n<p>Davanti a tanta <em>positivit\u00e0<\/em> (apparente), a chi volete che\nimporti se, nel mondo reale, l\u2019uso di certi<strong> mezzi di locomozione per\nparassiti<\/strong><a href=\"#_ftn5\">[5]<\/a>\nquali l\u2019<strong><em>Hoverboard<\/em><\/strong>, il <strong><em>Longboard<\/em> <\/strong>e il <strong><em>Segway<\/em><\/strong> possano portare a limitare\nsempre di pi\u00f9 la nostra capacit\u00e0 di muoverci? A chi volete che interessi se,\npi\u00f9 diveniamo dei parassiti sedentari<a href=\"#_ftn6\">[6]<\/a>,\npi\u00f9 ci esponiamo a malattie cardiovascolari, al diabete, all\u2019obesit\u00e0, ecc.?<\/p>\n\n\n\n<p>Forse, quando gli esseri\numani arriveranno a trasformarsi negli obesi terrestri del film \u201c<em>Wall-E<\/em>\u201d, forse capiranno!!<\/p>\n\n\n\n<p>Quegli (ex) terrestri del\nfilm infatti, a causa dello sconsiderato modo di vivere che aveva distrutto il\npianeta, erano stati costretti ad abbandonarlo e vagando per le galassie\nall\u2019interno di una gigantesca navicella spaziale dove vivevano seduti su sedie\nflottanti che gli avevano fatto dimenticare l\u2019uso delle gambe!<\/p>\n\n\n\n<p>\u2026 Volete davvero continuare\na credere che tutto vada bene e che gli eventi come l\u2019<em>E-Prix<\/em> risultino \u201c<em>sostenibili<\/em>\u201d?<br><\/p>\n\n\n\n<hr class=\"wp-block-separator\"\/>\n\n\n\n<p><a href=\"#_ftnref1\">[1]<\/a> <a href=\"https:\/\/www.romatoday.it\/sport\/formula-e-2019-eur-novita-.html\">https:\/\/www.romatoday.it\/sport\/formula-e-2019-eur-novita-.html<\/a><\/p>\n\n\n\n<p><a href=\"#_ftnref2\">[2]<\/a> <a href=\"http:\/\/www.picweb.it\/emm\/blog\/index.php\/2018\/07\/02\/rigenerazione-urbana-sostenibilita-diffidare-dei-mistificatori-della-realta\/\">http:\/\/www.picweb.it\/emm\/blog\/index.php\/2018\/07\/02\/rigenerazione-urbana-sostenibilita-diffidare-dei-mistificatori-della-realta\/<\/a>\n<\/p>\n\n\n\n<figure class=\"wp-block-embed is-type-rich is-provider-virtutem-forma-decorat\"><div class=\"wp-block-embed__wrapper\">\n<blockquote class=\"wp-embedded-content\" data-secret=\"PioaA5S359\"><a href=\"https:\/\/www.picweb.it\/emm\/blog\/index.php\/2018\/02\/17\/i-professionisti-dellipocrisia-rigenerazione-riqualificazione-sostenibilita-unimmensa-presa-per-i-fondelli-negli-interessi-della-speculazione\/\">I Professionisti dell\u2019ipocrisia: Rigenerazione, riqualificazione, sostenibilit\u00e0 \u2026 un\u2019immensa presa per i fondelli negli interessi della speculazione<\/a><\/blockquote><iframe class=\"wp-embedded-content\" sandbox=\"allow-scripts\" security=\"restricted\" style=\"position: absolute; clip: rect(1px, 1px, 1px, 1px);\" title=\"&#8220;I Professionisti dell\u2019ipocrisia: Rigenerazione, riqualificazione, sostenibilit\u00e0 \u2026 un\u2019immensa presa per i fondelli negli interessi della speculazione&#8221; &#8212; virtutem forma decorat\" src=\"https:\/\/www.picweb.it\/emm\/blog\/index.php\/2018\/02\/17\/i-professionisti-dellipocrisia-rigenerazione-riqualificazione-sostenibilita-unimmensa-presa-per-i-fondelli-negli-interessi-della-speculazione\/embed\/#?secret=VcFfqEWpUY#?secret=PioaA5S359\" data-secret=\"PioaA5S359\" width=\"600\" height=\"338\" frameborder=\"0\" marginwidth=\"0\" marginheight=\"0\" scrolling=\"no\"><\/iframe>\n<\/div><\/figure>\n\n\n\n<figure class=\"wp-block-embed is-type-rich is-provider-virtutem-forma-decorat\"><div class=\"wp-block-embed__wrapper\">\n<blockquote class=\"wp-embedded-content\" data-secret=\"HmuolMzjga\"><a href=\"https:\/\/www.picweb.it\/emm\/blog\/index.php\/2017\/07\/29\/sostenibilita-vs-ereditabilita-e-corretto-usare-laggettivo-sostenibile-parlando-di-corretto-sviluppo-urbano\/\">Sostenibilit\u00e0 Vs Ereditabilit\u00e0  \u00c8 corretto usare l\u2019aggettivo \u201csostenibile\u201d parlando di corretto sviluppo urbano?<\/a><\/blockquote><iframe class=\"wp-embedded-content\" sandbox=\"allow-scripts\" security=\"restricted\" style=\"position: absolute; clip: rect(1px, 1px, 1px, 1px);\" title=\"&#8220;Sostenibilit\u00e0 Vs Ereditabilit\u00e0  \u00c8 corretto usare l\u2019aggettivo \u201csostenibile\u201d parlando di corretto sviluppo urbano?&#8221; &#8212; virtutem forma decorat\" src=\"https:\/\/www.picweb.it\/emm\/blog\/index.php\/2017\/07\/29\/sostenibilita-vs-ereditabilita-e-corretto-usare-laggettivo-sostenibile-parlando-di-corretto-sviluppo-urbano\/embed\/#?secret=SIZgnEtqZf#?secret=HmuolMzjga\" data-secret=\"HmuolMzjga\" width=\"600\" height=\"338\" frameborder=\"0\" marginwidth=\"0\" marginheight=\"0\" scrolling=\"no\"><\/iframe>\n<\/div><\/figure>\n\n\n\n<figure class=\"wp-block-embed is-type-rich is-provider-virtutem-forma-decorat\"><div class=\"wp-block-embed__wrapper\">\n<blockquote class=\"wp-embedded-content\" data-secret=\"Mm6kwGyHqQ\"><a href=\"https:\/\/www.picweb.it\/emm\/blog\/index.php\/2017\/06\/20\/linsostenibilita-dei-presunti-tetti-verdi-sostenibili\/\">L\u2019insostenibilit\u00e0 dei presunti tetti verdi \u201csostenibili\u201d<\/a><\/blockquote><iframe class=\"wp-embedded-content\" sandbox=\"allow-scripts\" security=\"restricted\" style=\"position: absolute; clip: rect(1px, 1px, 1px, 1px);\" title=\"&#8220;L\u2019insostenibilit\u00e0 dei presunti tetti verdi \u201csostenibili\u201d&#8221; &#8212; virtutem forma decorat\" src=\"https:\/\/www.picweb.it\/emm\/blog\/index.php\/2017\/06\/20\/linsostenibilita-dei-presunti-tetti-verdi-sostenibili\/embed\/#?secret=XLBabTC9aY#?secret=Mm6kwGyHqQ\" data-secret=\"Mm6kwGyHqQ\" width=\"600\" height=\"338\" frameborder=\"0\" marginwidth=\"0\" marginheight=\"0\" scrolling=\"no\"><\/iframe>\n<\/div><\/figure>\n\n\n\n<p><a href=\"#_ftnref3\">[3]<\/a> <a href=\"http:\/\/www.picweb.it\/emm\/blog\/index.php\/2018\/01\/08\/stadio-a-tor-di-valle-tutti-o-quasi-gli-abomini-della-determinazione-della-regione-lazio\/\">http:\/\/www.picweb.it\/emm\/blog\/index.php\/2018\/01\/08\/stadio-a-tor-di-valle-tutti-o-quasi-gli-abomini-della-determinazione-della-regione-lazio\/<\/a><\/p>\n\n\n\n<p><a href=\"#_ftnref4\">[4]<\/a> <a href=\"https:\/\/www.romatoday.it\/cronaca\/eur-modifiche-viabilita-formula-e-aprile-2019.html\">https:\/\/www.romatoday.it\/cronaca\/eur-modifiche-viabilita-formula-e-aprile-2019.html<\/a>\n<\/p>\n\n\n\n<p><a href=\"#_ftnref5\">[5]<\/a> <a href=\"http:\/\/www.picweb.it\/emm\/blog\/index.php\/2017\/06\/07\/lhomo-sapiens-si-fece-insipiens-e-penso-fosse-il-progresso\/\">http:\/\/www.picweb.it\/emm\/blog\/index.php\/2017\/06\/07\/lhomo-sapiens-si-fece-insipiens-e-penso-fosse-il-progresso\/<\/a>\n<\/p>\n\n\n\n<figure class=\"wp-block-embed is-type-rich is-provider-virtutem-forma-decorat\"><div class=\"wp-block-embed__wrapper\">\n<blockquote class=\"wp-embedded-content\" data-secret=\"rmQjkijKo0\"><a href=\"https:\/\/www.picweb.it\/emm\/blog\/index.php\/2018\/04\/18\/e-davvero-il-parassitismo-la-massima-forma-di-progresso\/\">\u00c8 davvero il Parassitismo la massima forma di progresso?<\/a><\/blockquote><iframe class=\"wp-embedded-content\" sandbox=\"allow-scripts\" security=\"restricted\" style=\"position: absolute; clip: rect(1px, 1px, 1px, 1px);\" title=\"&#8220;\u00c8 davvero il Parassitismo la massima forma di progresso?&#8221; &#8212; virtutem forma decorat\" src=\"https:\/\/www.picweb.it\/emm\/blog\/index.php\/2018\/04\/18\/e-davvero-il-parassitismo-la-massima-forma-di-progresso\/embed\/#?secret=5vHnQSnWKu#?secret=rmQjkijKo0\" data-secret=\"rmQjkijKo0\" width=\"600\" height=\"338\" frameborder=\"0\" marginwidth=\"0\" marginheight=\"0\" scrolling=\"no\"><\/iframe>\n<\/div><\/figure>\n\n\n\n<p><a href=\"#_ftnref6\">[6]<\/a> <a href=\"http:\/\/www.picweb.it\/emm\/blog\/index.php\/2017\/05\/31\/lantropolectus-evoluzione-involuzione-dellessere-vivente-piu-pericoloso-per-il-pianeta-e-per-se-stesso\/\">http:\/\/www.picweb.it\/emm\/blog\/index.php\/2017\/05\/31\/lantropolectus-evoluzione-involuzione-dellessere-vivente-piu-pericoloso-per-il-pianeta-e-per-se-stesso\/<\/a>\n<\/p>\n","protected":false},"excerpt":{"rendered":"<p>Anche quest\u2019anno, nel nome del presunto rispetto dell\u2019ambiente, \u00e8 partito il circo mediatico per promuovere l\u2019assurda gara di Formula E all\u2019EUR di Roma. Due giorni da RomaToday titolava: \u201cFormula E: partito il countdown per l&#8217;evento sportivo all&#8217;insegna della sostenibilit\u00e0\u201d [1]. [&hellip;]<\/p>\n","protected":false},"author":2,"featured_media":0,"comment_status":"open","ping_status":"open","sticky":false,"template":"","format":"standard","meta":{"jetpack_post_was_ever_published":false,"_jetpack_newsletter_access":"","_jetpack_dont_email_post_to_subs":false,"_jetpack_newsletter_tier_id":0,"_jetpack_memberships_contains_paywalled_content":false,"_jetpack_memberships_contains_paid_content":false,"footnotes":""},"categories":[52,165,282,74,39,139],"tags":[],"class_list":["post-1732","post","type-post","status-publish","format-standard","hentry","category-attualita","category-eur","category-mobilita-sostenibile","category-politica","category-roma","category-sostenibilita","clearfix"],"yoast_head":"<!-- This site is optimized with the Yoast SEO plugin v27.3 - https:\/\/yoast.com\/product\/yoast-seo-wordpress\/ -->\r\n<title>2^ Edizione dell\u2019E-Prix a Roma \u2013 la mistificazione della sostenibilit\u00e0 continua - virtutem forma decorat<\/title>\r\n<meta name=\"robots\" content=\"index, follow, max-snippet:-1, max-image-preview:large, max-video-preview:-1\" \/>\r\n<link rel=\"canonical\" href=\"http:\/\/www.picweb.it\/emm\/blog\/index.php\/2019\/04\/03\/2-edizione-delle-prix-a-roma-la-mistificazione-della-sostenibilita-continua\/\" \/>\r\n<meta property=\"og:locale\" content=\"it_IT\" \/>\r\n<meta property=\"og:type\" content=\"article\" \/>\r\n<meta property=\"og:title\" content=\"2^ Edizione dell\u2019E-Prix a Roma \u2013 la mistificazione della sostenibilit\u00e0 continua - virtutem forma decorat\" \/>\r\n<meta property=\"og:description\" content=\"Anche quest\u2019anno, nel nome del presunto rispetto dell\u2019ambiente, \u00e8 partito il circo mediatico per promuovere l\u2019assurda gara di Formula E all\u2019EUR di Roma. Due giorni da RomaToday titolava: \u201cFormula E: partito il countdown per l&#8217;evento sportivo all&#8217;insegna della sostenibilit\u00e0\u201d [1]. [&hellip;]\" \/>\r\n<meta property=\"og:url\" content=\"http:\/\/www.picweb.it\/emm\/blog\/index.php\/2019\/04\/03\/2-edizione-delle-prix-a-roma-la-mistificazione-della-sostenibilita-continua\/\" \/>\r\n<meta property=\"og:site_name\" content=\"virtutem forma decorat\" \/>\r\n<meta property=\"article:published_time\" content=\"2019-04-03T11:47:19+00:00\" \/>\r\n<meta property=\"article:modified_time\" content=\"2019-04-03T11:47:29+00:00\" \/>\r\n<meta property=\"og:image\" content=\"http:\/\/www.picweb.it\/emm\/blog\/wp-content\/uploads\/2019\/04\/E-Prix-2018-1024x683.jpg\" \/>\r\n<meta name=\"author\" content=\"emmazzola\" \/>\r\n<meta name=\"twitter:card\" content=\"summary_large_image\" \/>\r\n<meta name=\"twitter:creator\" content=\"@ettore_mazzola\" \/>\r\n<meta name=\"twitter:site\" content=\"@ettore_mazzola\" \/>\r\n<meta name=\"twitter:label1\" content=\"Scritto da\" \/>\n\t<meta name=\"twitter:data1\" content=\"emmazzola\" \/>\n\t<meta name=\"twitter:label2\" content=\"Tempo di lettura stimato\" \/>\n\t<meta name=\"twitter:data2\" content=\"6 minuti\" \/>\r\n<script type=\"application\/ld+json\" class=\"yoast-schema-graph\">{\"@context\":\"https:\\\/\\\/schema.org\",\"@graph\":[{\"@type\":\"Article\",\"@id\":\"http:\\\/\\\/www.picweb.it\\\/emm\\\/blog\\\/index.php\\\/2019\\\/04\\\/03\\\/2-edizione-delle-prix-a-roma-la-mistificazione-della-sostenibilita-continua\\\/#article\",\"isPartOf\":{\"@id\":\"http:\\\/\\\/www.picweb.it\\\/emm\\\/blog\\\/index.php\\\/2019\\\/04\\\/03\\\/2-edizione-delle-prix-a-roma-la-mistificazione-della-sostenibilita-continua\\\/\"},\"author\":{\"name\":\"emmazzola\",\"@id\":\"http:\\\/\\\/www.picweb.it\\\/emm\\\/blog\\\/#\\\/schema\\\/person\\\/e29c0dd15f13008bd4c7682e6130977f\"},\"headline\":\"2^ Edizione dell\u2019E-Prix a Roma \u2013 la mistificazione della sostenibilit\u00e0 continua\",\"datePublished\":\"2019-04-03T11:47:19+00:00\",\"dateModified\":\"2019-04-03T11:47:29+00:00\",\"mainEntityOfPage\":{\"@id\":\"http:\\\/\\\/www.picweb.it\\\/emm\\\/blog\\\/index.php\\\/2019\\\/04\\\/03\\\/2-edizione-delle-prix-a-roma-la-mistificazione-della-sostenibilita-continua\\\/\"},\"wordCount\":1199,\"commentCount\":8,\"publisher\":{\"@id\":\"http:\\\/\\\/www.picweb.it\\\/emm\\\/blog\\\/#\\\/schema\\\/person\\\/e29c0dd15f13008bd4c7682e6130977f\"},\"image\":{\"@id\":\"http:\\\/\\\/www.picweb.it\\\/emm\\\/blog\\\/index.php\\\/2019\\\/04\\\/03\\\/2-edizione-delle-prix-a-roma-la-mistificazione-della-sostenibilita-continua\\\/#primaryimage\"},\"thumbnailUrl\":\"http:\\\/\\\/www.picweb.it\\\/emm\\\/blog\\\/wp-content\\\/uploads\\\/2019\\\/04\\\/E-Prix-2018-1024x683.jpg\",\"articleSection\":[\"attualit\u00e0\",\"EUR\",\"mobilit\u00e0 sostenibile\",\"politica\",\"Roma\",\"sostenibilit\u00e0\"],\"inLanguage\":\"it-IT\",\"potentialAction\":[{\"@type\":\"CommentAction\",\"name\":\"Comment\",\"target\":[\"http:\\\/\\\/www.picweb.it\\\/emm\\\/blog\\\/index.php\\\/2019\\\/04\\\/03\\\/2-edizione-delle-prix-a-roma-la-mistificazione-della-sostenibilita-continua\\\/#respond\"]}]},{\"@type\":\"WebPage\",\"@id\":\"http:\\\/\\\/www.picweb.it\\\/emm\\\/blog\\\/index.php\\\/2019\\\/04\\\/03\\\/2-edizione-delle-prix-a-roma-la-mistificazione-della-sostenibilita-continua\\\/\",\"url\":\"http:\\\/\\\/www.picweb.it\\\/emm\\\/blog\\\/index.php\\\/2019\\\/04\\\/03\\\/2-edizione-delle-prix-a-roma-la-mistificazione-della-sostenibilita-continua\\\/\",\"name\":\"2^ Edizione dell\u2019E-Prix a Roma \u2013 la mistificazione della sostenibilit\u00e0 continua - virtutem forma decorat\",\"isPartOf\":{\"@id\":\"http:\\\/\\\/www.picweb.it\\\/emm\\\/blog\\\/#website\"},\"primaryImageOfPage\":{\"@id\":\"http:\\\/\\\/www.picweb.it\\\/emm\\\/blog\\\/index.php\\\/2019\\\/04\\\/03\\\/2-edizione-delle-prix-a-roma-la-mistificazione-della-sostenibilita-continua\\\/#primaryimage\"},\"image\":{\"@id\":\"http:\\\/\\\/www.picweb.it\\\/emm\\\/blog\\\/index.php\\\/2019\\\/04\\\/03\\\/2-edizione-delle-prix-a-roma-la-mistificazione-della-sostenibilita-continua\\\/#primaryimage\"},\"thumbnailUrl\":\"http:\\\/\\\/www.picweb.it\\\/emm\\\/blog\\\/wp-content\\\/uploads\\\/2019\\\/04\\\/E-Prix-2018-1024x683.jpg\",\"datePublished\":\"2019-04-03T11:47:19+00:00\",\"dateModified\":\"2019-04-03T11:47:29+00:00\",\"breadcrumb\":{\"@id\":\"http:\\\/\\\/www.picweb.it\\\/emm\\\/blog\\\/index.php\\\/2019\\\/04\\\/03\\\/2-edizione-delle-prix-a-roma-la-mistificazione-della-sostenibilita-continua\\\/#breadcrumb\"},\"inLanguage\":\"it-IT\",\"potentialAction\":[{\"@type\":\"ReadAction\",\"target\":[\"http:\\\/\\\/www.picweb.it\\\/emm\\\/blog\\\/index.php\\\/2019\\\/04\\\/03\\\/2-edizione-delle-prix-a-roma-la-mistificazione-della-sostenibilita-continua\\\/\"]}]},{\"@type\":\"ImageObject\",\"inLanguage\":\"it-IT\",\"@id\":\"http:\\\/\\\/www.picweb.it\\\/emm\\\/blog\\\/index.php\\\/2019\\\/04\\\/03\\\/2-edizione-delle-prix-a-roma-la-mistificazione-della-sostenibilita-continua\\\/#primaryimage\",\"url\":\"https:\\\/\\\/www.picweb.it\\\/emm\\\/blog\\\/wp-content\\\/uploads\\\/2019\\\/04\\\/E-Prix-2018.jpg\",\"contentUrl\":\"https:\\\/\\\/www.picweb.it\\\/emm\\\/blog\\\/wp-content\\\/uploads\\\/2019\\\/04\\\/E-Prix-2018.jpg\",\"width\":1200,\"height\":800},{\"@type\":\"BreadcrumbList\",\"@id\":\"http:\\\/\\\/www.picweb.it\\\/emm\\\/blog\\\/index.php\\\/2019\\\/04\\\/03\\\/2-edizione-delle-prix-a-roma-la-mistificazione-della-sostenibilita-continua\\\/#breadcrumb\",\"itemListElement\":[{\"@type\":\"ListItem\",\"position\":1,\"name\":\"Home\",\"item\":\"http:\\\/\\\/www.picweb.it\\\/emm\\\/blog\\\/\"},{\"@type\":\"ListItem\",\"position\":2,\"name\":\"2^ Edizione dell\u2019E-Prix a Roma \u2013 la mistificazione della sostenibilit\u00e0 continua\"}]},{\"@type\":\"WebSite\",\"@id\":\"http:\\\/\\\/www.picweb.it\\\/emm\\\/blog\\\/#website\",\"url\":\"http:\\\/\\\/www.picweb.it\\\/emm\\\/blog\\\/\",\"name\":\"virtutem forma decorat\",\"description\":\"The new Architectural blog\",\"publisher\":{\"@id\":\"http:\\\/\\\/www.picweb.it\\\/emm\\\/blog\\\/#\\\/schema\\\/person\\\/e29c0dd15f13008bd4c7682e6130977f\"},\"potentialAction\":[{\"@type\":\"SearchAction\",\"target\":{\"@type\":\"EntryPoint\",\"urlTemplate\":\"http:\\\/\\\/www.picweb.it\\\/emm\\\/blog\\\/?s={search_term_string}\"},\"query-input\":{\"@type\":\"PropertyValueSpecification\",\"valueRequired\":true,\"valueName\":\"search_term_string\"}}],\"inLanguage\":\"it-IT\"},{\"@type\":[\"Person\",\"Organization\"],\"@id\":\"http:\\\/\\\/www.picweb.it\\\/emm\\\/blog\\\/#\\\/schema\\\/person\\\/e29c0dd15f13008bd4c7682e6130977f\",\"name\":\"emmazzola\",\"image\":{\"@type\":\"ImageObject\",\"inLanguage\":\"it-IT\",\"@id\":\"https:\\\/\\\/www.picweb.it\\\/emm\\\/blog\\\/wp-content\\\/uploads\\\/2017\\\/05\\\/cropped-logoVirtutemFormaDecorat_Whigher.png\",\"url\":\"https:\\\/\\\/www.picweb.it\\\/emm\\\/blog\\\/wp-content\\\/uploads\\\/2017\\\/05\\\/cropped-logoVirtutemFormaDecorat_Whigher.png\",\"contentUrl\":\"https:\\\/\\\/www.picweb.it\\\/emm\\\/blog\\\/wp-content\\\/uploads\\\/2017\\\/05\\\/cropped-logoVirtutemFormaDecorat_Whigher.png\",\"width\":200,\"height\":79,\"caption\":\"emmazzola\"},\"logo\":{\"@id\":\"https:\\\/\\\/www.picweb.it\\\/emm\\\/blog\\\/wp-content\\\/uploads\\\/2017\\\/05\\\/cropped-logoVirtutemFormaDecorat_Whigher.png\"},\"url\":\"https:\\\/\\\/www.picweb.it\\\/emm\\\/blog\\\/index.php\\\/author\\\/emmazzola\\\/\"}]}<\/script>\r\n<!-- \/ Yoast SEO plugin. -->","yoast_head_json":{"title":"2^ Edizione dell\u2019E-Prix a Roma \u2013 la mistificazione della sostenibilit\u00e0 continua - virtutem forma decorat","robots":{"index":"index","follow":"follow","max-snippet":"max-snippet:-1","max-image-preview":"max-image-preview:large","max-video-preview":"max-video-preview:-1"},"canonical":"http:\/\/www.picweb.it\/emm\/blog\/index.php\/2019\/04\/03\/2-edizione-delle-prix-a-roma-la-mistificazione-della-sostenibilita-continua\/","og_locale":"it_IT","og_type":"article","og_title":"2^ Edizione dell\u2019E-Prix a Roma \u2013 la mistificazione della sostenibilit\u00e0 continua - virtutem forma decorat","og_description":"Anche quest\u2019anno, nel nome del presunto rispetto dell\u2019ambiente, \u00e8 partito il circo mediatico per promuovere l\u2019assurda gara di Formula E all\u2019EUR di Roma. Due giorni da RomaToday titolava: \u201cFormula E: partito il countdown per l&#8217;evento sportivo all&#8217;insegna della sostenibilit\u00e0\u201d [1]. [&hellip;]","og_url":"http:\/\/www.picweb.it\/emm\/blog\/index.php\/2019\/04\/03\/2-edizione-delle-prix-a-roma-la-mistificazione-della-sostenibilita-continua\/","og_site_name":"virtutem forma decorat","article_published_time":"2019-04-03T11:47:19+00:00","article_modified_time":"2019-04-03T11:47:29+00:00","og_image":[{"url":"http:\/\/www.picweb.it\/emm\/blog\/wp-content\/uploads\/2019\/04\/E-Prix-2018-1024x683.jpg","type":"","width":"","height":""}],"author":"emmazzola","twitter_card":"summary_large_image","twitter_creator":"@ettore_mazzola","twitter_site":"@ettore_mazzola","twitter_misc":{"Scritto da":"emmazzola","Tempo di lettura stimato":"6 minuti"},"schema":{"@context":"https:\/\/schema.org","@graph":[{"@type":"Article","@id":"http:\/\/www.picweb.it\/emm\/blog\/index.php\/2019\/04\/03\/2-edizione-delle-prix-a-roma-la-mistificazione-della-sostenibilita-continua\/#article","isPartOf":{"@id":"http:\/\/www.picweb.it\/emm\/blog\/index.php\/2019\/04\/03\/2-edizione-delle-prix-a-roma-la-mistificazione-della-sostenibilita-continua\/"},"author":{"name":"emmazzola","@id":"http:\/\/www.picweb.it\/emm\/blog\/#\/schema\/person\/e29c0dd15f13008bd4c7682e6130977f"},"headline":"2^ Edizione dell\u2019E-Prix a Roma \u2013 la mistificazione della sostenibilit\u00e0 continua","datePublished":"2019-04-03T11:47:19+00:00","dateModified":"2019-04-03T11:47:29+00:00","mainEntityOfPage":{"@id":"http:\/\/www.picweb.it\/emm\/blog\/index.php\/2019\/04\/03\/2-edizione-delle-prix-a-roma-la-mistificazione-della-sostenibilita-continua\/"},"wordCount":1199,"commentCount":8,"publisher":{"@id":"http:\/\/www.picweb.it\/emm\/blog\/#\/schema\/person\/e29c0dd15f13008bd4c7682e6130977f"},"image":{"@id":"http:\/\/www.picweb.it\/emm\/blog\/index.php\/2019\/04\/03\/2-edizione-delle-prix-a-roma-la-mistificazione-della-sostenibilita-continua\/#primaryimage"},"thumbnailUrl":"http:\/\/www.picweb.it\/emm\/blog\/wp-content\/uploads\/2019\/04\/E-Prix-2018-1024x683.jpg","articleSection":["attualit\u00e0","EUR","mobilit\u00e0 sostenibile","politica","Roma","sostenibilit\u00e0"],"inLanguage":"it-IT","potentialAction":[{"@type":"CommentAction","name":"Comment","target":["http:\/\/www.picweb.it\/emm\/blog\/index.php\/2019\/04\/03\/2-edizione-delle-prix-a-roma-la-mistificazione-della-sostenibilita-continua\/#respond"]}]},{"@type":"WebPage","@id":"http:\/\/www.picweb.it\/emm\/blog\/index.php\/2019\/04\/03\/2-edizione-delle-prix-a-roma-la-mistificazione-della-sostenibilita-continua\/","url":"http:\/\/www.picweb.it\/emm\/blog\/index.php\/2019\/04\/03\/2-edizione-delle-prix-a-roma-la-mistificazione-della-sostenibilita-continua\/","name":"2^ Edizione dell\u2019E-Prix a Roma \u2013 la mistificazione della sostenibilit\u00e0 continua - virtutem forma decorat","isPartOf":{"@id":"http:\/\/www.picweb.it\/emm\/blog\/#website"},"primaryImageOfPage":{"@id":"http:\/\/www.picweb.it\/emm\/blog\/index.php\/2019\/04\/03\/2-edizione-delle-prix-a-roma-la-mistificazione-della-sostenibilita-continua\/#primaryimage"},"image":{"@id":"http:\/\/www.picweb.it\/emm\/blog\/index.php\/2019\/04\/03\/2-edizione-delle-prix-a-roma-la-mistificazione-della-sostenibilita-continua\/#primaryimage"},"thumbnailUrl":"http:\/\/www.picweb.it\/emm\/blog\/wp-content\/uploads\/2019\/04\/E-Prix-2018-1024x683.jpg","datePublished":"2019-04-03T11:47:19+00:00","dateModified":"2019-04-03T11:47:29+00:00","breadcrumb":{"@id":"http:\/\/www.picweb.it\/emm\/blog\/index.php\/2019\/04\/03\/2-edizione-delle-prix-a-roma-la-mistificazione-della-sostenibilita-continua\/#breadcrumb"},"inLanguage":"it-IT","potentialAction":[{"@type":"ReadAction","target":["http:\/\/www.picweb.it\/emm\/blog\/index.php\/2019\/04\/03\/2-edizione-delle-prix-a-roma-la-mistificazione-della-sostenibilita-continua\/"]}]},{"@type":"ImageObject","inLanguage":"it-IT","@id":"http:\/\/www.picweb.it\/emm\/blog\/index.php\/2019\/04\/03\/2-edizione-delle-prix-a-roma-la-mistificazione-della-sostenibilita-continua\/#primaryimage","url":"https:\/\/www.picweb.it\/emm\/blog\/wp-content\/uploads\/2019\/04\/E-Prix-2018.jpg","contentUrl":"https:\/\/www.picweb.it\/emm\/blog\/wp-content\/uploads\/2019\/04\/E-Prix-2018.jpg","width":1200,"height":800},{"@type":"BreadcrumbList","@id":"http:\/\/www.picweb.it\/emm\/blog\/index.php\/2019\/04\/03\/2-edizione-delle-prix-a-roma-la-mistificazione-della-sostenibilita-continua\/#breadcrumb","itemListElement":[{"@type":"ListItem","position":1,"name":"Home","item":"http:\/\/www.picweb.it\/emm\/blog\/"},{"@type":"ListItem","position":2,"name":"2^ Edizione dell\u2019E-Prix a Roma \u2013 la mistificazione della sostenibilit\u00e0 continua"}]},{"@type":"WebSite","@id":"http:\/\/www.picweb.it\/emm\/blog\/#website","url":"http:\/\/www.picweb.it\/emm\/blog\/","name":"virtutem forma decorat","description":"The new Architectural blog","publisher":{"@id":"http:\/\/www.picweb.it\/emm\/blog\/#\/schema\/person\/e29c0dd15f13008bd4c7682e6130977f"},"potentialAction":[{"@type":"SearchAction","target":{"@type":"EntryPoint","urlTemplate":"http:\/\/www.picweb.it\/emm\/blog\/?s={search_term_string}"},"query-input":{"@type":"PropertyValueSpecification","valueRequired":true,"valueName":"search_term_string"}}],"inLanguage":"it-IT"},{"@type":["Person","Organization"],"@id":"http:\/\/www.picweb.it\/emm\/blog\/#\/schema\/person\/e29c0dd15f13008bd4c7682e6130977f","name":"emmazzola","image":{"@type":"ImageObject","inLanguage":"it-IT","@id":"https:\/\/www.picweb.it\/emm\/blog\/wp-content\/uploads\/2017\/05\/cropped-logoVirtutemFormaDecorat_Whigher.png","url":"https:\/\/www.picweb.it\/emm\/blog\/wp-content\/uploads\/2017\/05\/cropped-logoVirtutemFormaDecorat_Whigher.png","contentUrl":"https:\/\/www.picweb.it\/emm\/blog\/wp-content\/uploads\/2017\/05\/cropped-logoVirtutemFormaDecorat_Whigher.png","width":200,"height":79,"caption":"emmazzola"},"logo":{"@id":"https:\/\/www.picweb.it\/emm\/blog\/wp-content\/uploads\/2017\/05\/cropped-logoVirtutemFormaDecorat_Whigher.png"},"url":"https:\/\/www.picweb.it\/emm\/blog\/index.php\/author\/emmazzola\/"}]}},"jetpack_featured_media_url":"","jetpack_sharing_enabled":true,"jetpack_shortlink":"https:\/\/wp.me\/p8HWjS-rW","jetpack-related-posts":[],"jetpack_likes_enabled":true,"_links":{"self":[{"href":"https:\/\/www.picweb.it\/emm\/blog\/index.php\/wp-json\/wp\/v2\/posts\/1732","targetHints":{"allow":["GET"]}}],"collection":[{"href":"https:\/\/www.picweb.it\/emm\/blog\/index.php\/wp-json\/wp\/v2\/posts"}],"about":[{"href":"https:\/\/www.picweb.it\/emm\/blog\/index.php\/wp-json\/wp\/v2\/types\/post"}],"author":[{"embeddable":true,"href":"https:\/\/www.picweb.it\/emm\/blog\/index.php\/wp-json\/wp\/v2\/users\/2"}],"replies":[{"embeddable":true,"href":"https:\/\/www.picweb.it\/emm\/blog\/index.php\/wp-json\/wp\/v2\/comments?post=1732"}],"version-history":[{"count":1,"href":"https:\/\/www.picweb.it\/emm\/blog\/index.php\/wp-json\/wp\/v2\/posts\/1732\/revisions"}],"predecessor-version":[{"id":1734,"href":"https:\/\/www.picweb.it\/emm\/blog\/index.php\/wp-json\/wp\/v2\/posts\/1732\/revisions\/1734"}],"wp:attachment":[{"href":"https:\/\/www.picweb.it\/emm\/blog\/index.php\/wp-json\/wp\/v2\/media?parent=1732"}],"wp:term":[{"taxonomy":"category","embeddable":true,"href":"https:\/\/www.picweb.it\/emm\/blog\/index.php\/wp-json\/wp\/v2\/categories?post=1732"},{"taxonomy":"post_tag","embeddable":true,"href":"https:\/\/www.picweb.it\/emm\/blog\/index.php\/wp-json\/wp\/v2\/tags?post=1732"}],"curies":[{"name":"wp","href":"https:\/\/api.w.org\/{rel}","templated":true}]}}