{"id":1156,"date":"2018-04-12T13:45:28","date_gmt":"2018-04-12T11:45:28","guid":{"rendered":"http:\/\/www.picweb.it\/emm\/blog\/?p=1156"},"modified":"2018-04-12T13:45:28","modified_gmt":"2018-04-12T11:45:28","slug":"alea-iacta-est-il-massacro-del-ponte-di-tiberio-a-rimini-e-fatto","status":"publish","type":"post","link":"https:\/\/www.picweb.it\/emm\/blog\/index.php\/2018\/04\/12\/alea-iacta-est-il-massacro-del-ponte-di-tiberio-a-rimini-e-fatto\/","title":{"rendered":"Alea iacta est \u2013 Il massacro del Ponte di Tiberio a Rimini \u00e8 fatto!"},"content":{"rendered":"<p>Alla luce di quello che \u00e8 successo a Rimini nell\u2019ultimo anno, nonostante i tentativi reiterati di riportare alla ragione il sindaco da parte dei cittadini e di moltissimi rappresentanti della cultura locale e nazionale, sono portato a pensare che un giorno il sindaco Gnassi, attraversando il Ponte di Tiberio sul Marecchia, debba essersi sentito come Giulio Cesare sul Rubicone<a href=\"#_ftn1\" name=\"_ftnref1\">[1]<\/a>, sentenziando che non potesse pi\u00f9 tornare indietro su una decisione presa: <em>\u201calea iacta est!\u201d<\/em><\/p>\n<p>Ma \u00e8 davvero impossibile tornare sui propri passi?<\/p>\n<p>Il comportamento del sindaco nei confronti della stragrande maggioranza dei riminesi (e non solo), che non gradiva l\u2019installazione dell\u2019immonda passerella in acciaio e legno sulle mura lungo il Marecchia, \u00e8 stato davvero incomprensibile ed oltraggioso.<\/p>\n<p>Io stesso, a luglio, venni invitato da alcuni colleghi e amici riminesi ad esprimere il mio parere sulla vicenda<a href=\"#_ftn2\" name=\"_ftnref2\">[2]<\/a> \u2026 il risultato fu un\u2019inutile ondata di consensi ed un paio di patetici, quanto ignobili, attacchi personali scritti da personaggi inqualificabili che parlavano in nome della politica vista come tifo calcistico, piuttosto che in nome dell\u2019amore per la propria citt\u00e0! \u2026 Uno in particolare \u2013 peraltro un collega \u2013 in assenza di argomenti, ebbe ad offendermi personalmente per ragioni ideologiche e per una ingiustificabile \u201c<em>gelosia professionale<\/em>\u201d, acutizzata da un titolo di giornale locale che mi aveva definito \u201c<em>luminare<\/em>\u201d \u2026 titolo che io stesso rifuggo e non ho mai ostentato.<\/p>\n<p>Successivamente, anche Italia Nostra nazionale scese in campo, ma anche lei senza ottenere un bel nulla \u2026 evidentemente il \u201c<em>dado era tratto<\/em>\u201d davvero e cos\u00ec, lo scorso 31 marzo, la passerella \u00e8 stata inaugurata in pompa magna<a href=\"#_ftn3\" name=\"_ftnref3\">[3]<\/a>.<\/p>\n<figure id=\"attachment_1157\" aria-describedby=\"caption-attachment-1157\" style=\"width: 1200px\" class=\"wp-caption alignnone\"><img fetchpriority=\"high\" decoding=\"async\" data-attachment-id=\"1157\" data-permalink=\"https:\/\/www.picweb.it\/emm\/blog\/index.php\/2018\/04\/12\/alea-iacta-est-il-massacro-del-ponte-di-tiberio-a-rimini-e-fatto\/passerella-tiberio2-min\/\" data-orig-file=\"https:\/\/www.picweb.it\/emm\/blog\/wp-content\/uploads\/2018\/04\/passerella-tiberio2-min.jpg\" data-orig-size=\"1200,680\" data-comments-opened=\"1\" data-image-meta=\"{&quot;aperture&quot;:&quot;0&quot;,&quot;credit&quot;:&quot;&quot;,&quot;camera&quot;:&quot;&quot;,&quot;caption&quot;:&quot;&quot;,&quot;created_timestamp&quot;:&quot;0&quot;,&quot;copyright&quot;:&quot;&quot;,&quot;focal_length&quot;:&quot;0&quot;,&quot;iso&quot;:&quot;0&quot;,&quot;shutter_speed&quot;:&quot;0&quot;,&quot;title&quot;:&quot;&quot;,&quot;orientation&quot;:&quot;0&quot;}\" data-image-title=\"passerella-tiberio2-min\" data-image-description=\"\" data-image-caption=\"&lt;p&gt;Il taglio del nastro per la passerella sul Marecchia (foto di Riminiduepuntozero.it)&lt;\/p&gt;\n\" data-large-file=\"https:\/\/www.picweb.it\/emm\/blog\/wp-content\/uploads\/2018\/04\/passerella-tiberio2-min-1024x580.jpg\" class=\"size-full wp-image-1157\" src=\"http:\/\/www.picweb.it\/emm\/blog\/wp-content\/uploads\/2018\/04\/passerella-tiberio2-min.jpg\" alt=\"\" width=\"1200\" height=\"680\" srcset=\"https:\/\/www.picweb.it\/emm\/blog\/wp-content\/uploads\/2018\/04\/passerella-tiberio2-min.jpg 1200w, https:\/\/www.picweb.it\/emm\/blog\/wp-content\/uploads\/2018\/04\/passerella-tiberio2-min-300x170.jpg 300w, https:\/\/www.picweb.it\/emm\/blog\/wp-content\/uploads\/2018\/04\/passerella-tiberio2-min-768x435.jpg 768w, https:\/\/www.picweb.it\/emm\/blog\/wp-content\/uploads\/2018\/04\/passerella-tiberio2-min-1024x580.jpg 1024w, https:\/\/www.picweb.it\/emm\/blog\/wp-content\/uploads\/2018\/04\/passerella-tiberio2-min-700x397.jpg 700w, https:\/\/www.picweb.it\/emm\/blog\/wp-content\/uploads\/2018\/04\/passerella-tiberio2-min-520x295.jpg 520w, https:\/\/www.picweb.it\/emm\/blog\/wp-content\/uploads\/2018\/04\/passerella-tiberio2-min-360x204.jpg 360w, https:\/\/www.picweb.it\/emm\/blog\/wp-content\/uploads\/2018\/04\/passerella-tiberio2-min-250x142.jpg 250w, https:\/\/www.picweb.it\/emm\/blog\/wp-content\/uploads\/2018\/04\/passerella-tiberio2-min-100x57.jpg 100w\" sizes=\"(max-width: 1200px) 100vw, 1200px\" \/><figcaption id=\"caption-attachment-1157\" class=\"wp-caption-text\">Il taglio del nastro per la passerella sul Marecchia (foto di Riminiduepuntozero.it)<\/figcaption><\/figure>\n<p>Il 2 aprile, il sito <em>riminiduepuntozero.it<\/em> ha pubblicato un bellissimo e ben argomentato articolo a firma di Giovanni Rimondini. Nell\u2019articolo l\u2019autore smonta in toto l\u2019opera e mette a confronto l\u2019atteggiamento dispotico del sindaco riminese, con il metodo \u201c<em>fascista<\/em>\u201d di operare durante il ventennio e quello \u201c<em>comunista<\/em>\u201d post bellico.<\/p>\n<p><em>\u00ab[\u2026] Il sindaco Andrea Gnassi non \u00e8 un esperto di archeologia, n\u00e9 di storia e n\u00e9 di arte, ma gli vengono queste\u00a0idee\u00a0relative ad ambiti di competenza culturale non suoi e tutti dobbiamo\u00a0subirle, perch\u00e9 col sindaco Andrea Gnassi non si discute, si ubbidisce e zitti. Decide lui. Questo rigore e squallore di decisioni personali non \u00e8, come qualcuno dice, un segno di un qualche disturbo caratteriale, ma il residuo del\u00a0metodo togliattiano\u00a0del cosiddetto \u201ccentralismo democratico\u201d. Quando c\u2019erano le sezioni del PCI, si leggevano gli\u00a0ukase\u00a0del \u201cmigliore\u201d e dei suoi successori, tutti i compagni si alzavano per attestare la loro adesione:\u00a0\u2013 Sono d\u2019accordo col compagno segretario\u2026 Chi avanzava anche solo dei dubbi era fuori. Il\u00a0comunismo\u00a0non \u00e8 morto. Ma nemmeno il\u00a0fascismo, perch\u00e9 questi interventi sul corpo storico della citt\u00e0 ricordano nello \u2018stile\u2019 politico quelli che Benito Mussolini faceva sul corpo storico della Nazione\u00bb.<\/em><\/p>\n<figure id=\"attachment_1158\" aria-describedby=\"caption-attachment-1158\" style=\"width: 1200px\" class=\"wp-caption aligncenter\"><img decoding=\"async\" data-attachment-id=\"1158\" data-permalink=\"https:\/\/www.picweb.it\/emm\/blog\/index.php\/2018\/04\/12\/alea-iacta-est-il-massacro-del-ponte-di-tiberio-a-rimini-e-fatto\/passerella-tiberio1-min\/\" data-orig-file=\"https:\/\/www.picweb.it\/emm\/blog\/wp-content\/uploads\/2018\/04\/passerella-tiberio1-min.jpg\" data-orig-size=\"1200,680\" data-comments-opened=\"1\" data-image-meta=\"{&quot;aperture&quot;:&quot;0&quot;,&quot;credit&quot;:&quot;&quot;,&quot;camera&quot;:&quot;&quot;,&quot;caption&quot;:&quot;&quot;,&quot;created_timestamp&quot;:&quot;0&quot;,&quot;copyright&quot;:&quot;&quot;,&quot;focal_length&quot;:&quot;0&quot;,&quot;iso&quot;:&quot;0&quot;,&quot;shutter_speed&quot;:&quot;0&quot;,&quot;title&quot;:&quot;&quot;,&quot;orientation&quot;:&quot;0&quot;}\" data-image-title=\"passerella-tiberio1-min\" data-image-description=\"\" data-image-caption=\"&lt;p&gt;inaugurazione della passerella sul Marecchia (foto di Riminiduepuntozero.it)&lt;\/p&gt;\n\" data-large-file=\"https:\/\/www.picweb.it\/emm\/blog\/wp-content\/uploads\/2018\/04\/passerella-tiberio1-min-1024x580.jpg\" class=\"size-full wp-image-1158\" src=\"http:\/\/www.picweb.it\/emm\/blog\/wp-content\/uploads\/2018\/04\/passerella-tiberio1-min.jpg\" alt=\"\" width=\"1200\" height=\"680\" srcset=\"https:\/\/www.picweb.it\/emm\/blog\/wp-content\/uploads\/2018\/04\/passerella-tiberio1-min.jpg 1200w, https:\/\/www.picweb.it\/emm\/blog\/wp-content\/uploads\/2018\/04\/passerella-tiberio1-min-300x170.jpg 300w, https:\/\/www.picweb.it\/emm\/blog\/wp-content\/uploads\/2018\/04\/passerella-tiberio1-min-768x435.jpg 768w, https:\/\/www.picweb.it\/emm\/blog\/wp-content\/uploads\/2018\/04\/passerella-tiberio1-min-1024x580.jpg 1024w, https:\/\/www.picweb.it\/emm\/blog\/wp-content\/uploads\/2018\/04\/passerella-tiberio1-min-700x397.jpg 700w, https:\/\/www.picweb.it\/emm\/blog\/wp-content\/uploads\/2018\/04\/passerella-tiberio1-min-520x295.jpg 520w, https:\/\/www.picweb.it\/emm\/blog\/wp-content\/uploads\/2018\/04\/passerella-tiberio1-min-360x204.jpg 360w, https:\/\/www.picweb.it\/emm\/blog\/wp-content\/uploads\/2018\/04\/passerella-tiberio1-min-250x142.jpg 250w, https:\/\/www.picweb.it\/emm\/blog\/wp-content\/uploads\/2018\/04\/passerella-tiberio1-min-100x57.jpg 100w\" sizes=\"(max-width: 1200px) 100vw, 1200px\" \/><figcaption id=\"caption-attachment-1158\" class=\"wp-caption-text\">inaugurazione della passerella sul Marecchia (foto di Riminiduepuntozero.it)<\/figcaption><\/figure>\n<p>A tal proposito, ed anche per far comprendere al signor sindaco quanto possa essersi spinto oltre il limite del dispotismo di certi regimi, dai quali l\u2019Italia sperava di essersi liberata per sempre, vorrei ricordare un aneddoto riportato nell\u2019autobiografia del grande architetto Armando Brasini.<\/p>\n<p>Per meglio comprendere l\u2019aneddoto devo sottolineare il fatto che Brasini fu un personaggio straordinario, non solo per le sue capacit\u00e0 artistiche e progettuali, ma anche per il suo coraggio di dire le cose, <em>senza peli sulla lingua, a<\/em> chiunque gli capitasse davanti. Brasini, che ebbe il coraggio di non prendere mai la tessera del Partito Fascista, grazie alla sue capacit\u00e0 professionali, venne comunque tenuto in grandissima considerazione dal duce, per poi esser messo ai margini della professione a seguito della partecipazione al <em>Concorso ad inviti per il Palazzo de Soviet a Mosca<\/em>, che gli cost\u00f2 una \u201c<em>pugnalata alle spalle<\/em>\u201d da parte del suo \u201c<em>amico<\/em>\u201d e collega <em>fascista<\/em>, Marcello Piacentini \u2026 Ironia della sorte, l\u2019ignoranza post bellica dell\u2019<em>intellighenzia catto-comunista<\/em>, lo condann\u00f2 ingiustamente come fascista, giammai per le sue idee politiche, ma semplicemente perch\u00e9 seguiva un tipo di architettura che, certi \u201c<em>esperti storici<\/em>\u201d del momento al soldo degli speculatori ritenevano fascista, ignorando il fatto che si trattasse invece dell\u2019unico \u201c<em>stile<\/em>\u201d messo al bando dal fascismo<a href=\"#_ftn4\" name=\"_ftnref4\">[4]<\/a>.<\/p>\n<p>Ebbene, a beneficio di chi creda davvero nell\u2019ipotesi che Gnassi non potesse pi\u00f9 tornare indietro sulla decisione presa, riporto questo passaggio tratto dall\u2019<em>autobiografia<a href=\"#_ftn5\" name=\"_ftnref5\"><strong>[5]<\/strong><\/a><\/em> Armando Brasini, su cui invito il sindaco e tutti i riminesi a meditare:<\/p>\n<p>\u00ab<em>Ricorder\u00f2 che al tempo in cui presentai a Mussolini i progetti della via Imperiale, della via del Mare, l\u2019ingrandimento della Piazza dell\u2019Ara Coeli (che venivano a formare un\u2019unica visione con il complesso monumentale che circonda il Vittoriale), un giorno mi accorsi che tra il Palazzetto Venezia in Piazza San Marco e la via dell\u2019Ara Coeli si allestiva un grande recinto che aveva l\u2019apparenza di un cantiere edilizio. Meravigliato, per rendermi conto di quanto stava succedendo chiesi notizia in proposito al governatore di Roma, il Principe Boncompagni, il quale mi inform\u00f2 di aver ceduto l\u2019area recintata alla \u201cConfederazione dell\u2019Industria\u201d la quale avrebbe fatto costruire un grande edificio. Alle mie proteste mi fu risposto che non vi era pi\u00f9 nulla da fare perch\u00e9 il progetto del costruendo palazzo era gi\u00e0 stato approvato dai pi\u00f9 eminenti architetti del consiglio superiore dei Lavori Pubblici, dal ministro Ricci e financo da Mussolini, il quale aveva firmato di suo pugno il progetto stesso. Posto di fronte al fatto compiuto scrissi una lettera vivacissima a Mussolini, facendo presente che l\u2019approvazione da parte sua della costruzione di quel palazzo era in netto contrasto con quanto egli aveva approvato precedentemente, mentre lo stato di fatto veniva a compromettere irrimediabilmente l\u2019intera zona. Mussolini rendendosi conto dell\u2019errore mi fece chiamare, mi ringrazi\u00f2, ed accett\u00f2 il mio consiglio; dopo di che diede ordine di sospendere l\u2019inizio dei lavori e ci\u00f2 permise di salvare la visione del Campidoglio e di tutto quanto lo circonda e che forma la pi\u00f9 grande visione della romanit\u00e0 nelle sue epoche<\/em>\u00bb<em>.<\/em><\/p>\n<p>L\u2019arroganza e la presunzione di Mussolini sono rimaste impresse nella storia, \u201c<em>il Duce non sbaglia mai<\/em>\u201d era il suo convincimento \u2026 tuttavia l\u2019aneddoto riportato ci mostra come, anche chi supponesse la sua perfezione assoluta fosse in grado, in nome dell\u2019amore per Roma, di ammettere i propri sbagli bloccando un progetto riconosciuto come \u201c<em>sbagliato<\/em>\u201d.<\/p>\n<p>Quando un sindaco \u2013 come gi\u00e0 fece Rutelli a Roma con Meier e l\u2019Ara Pacis \u2013 in nome della sua <em>fame di fama<\/em> se ne strafrega del parere dei suoi cittadini, andando avanti per la sua strada sbagliata, i risultati (pessimi) si raccolgono presto \u2026 e la citt\u00e0 non ne beneficia affatto.<\/p>\n<p>L\u2019intervento di Meier, cos\u00ec come avevo denunciato in epoche non sospette<a href=\"#_ftn6\" name=\"_ftnref6\">[6]<\/a>, ha aperto la stagione romana (dopo quelle fallimentari di Parigi e Londra) per ogni possibile scempio urbanistico \u2026 va da s\u00e9 che, dopo Meier, tutti gli architetti e palazzinari si siano sentiti legittimati a violentare la citt\u00e0, e cos\u00ec tanti scempi sono stati messi in atto in danno della Capitale e molti altri siano in itinere!<\/p>\n<p>Pi\u00f9 di recente, come avevo raccontato nell\u2019articolo col quale avevo provato a far riflettere Gnassi, un altro sindaco, Massimo Federici di La Spezia, ha avuto l\u2019arroganza di imporre uno scempio all\u2019interno della sua citt\u00e0 \u2026 e le cose non gli sono andate benissimo: infatti, dopo l\u2019inaugurazione dell\u2019ignobile \u201c<em>riqualificazione<\/em>\u201d di Piazza Verdi, griffata dal presunto artista di fama internazionale Daniel Buren, gli spezzini lo hanno scaricato malamente, non rieleggendolo e sbeffeggiandolo all\u2019indomani della sua sconfitta totale.<\/p>\n<figure id=\"attachment_495\" aria-describedby=\"caption-attachment-495\" style=\"width: 4128px\" class=\"wp-caption aligncenter\"><img decoding=\"async\" data-attachment-id=\"495\" data-permalink=\"https:\/\/www.picweb.it\/emm\/blog\/index.php\/2017\/07\/06\/rispetto-per-il-ponte-di-tiberio-a-rimini\/20170612_112603\/\" data-orig-file=\"https:\/\/www.picweb.it\/emm\/blog\/wp-content\/uploads\/2017\/07\/20170612_112603.jpg\" data-orig-size=\"4128,2322\" data-comments-opened=\"1\" data-image-meta=\"{&quot;aperture&quot;:&quot;0&quot;,&quot;credit&quot;:&quot;&quot;,&quot;camera&quot;:&quot;&quot;,&quot;caption&quot;:&quot;&quot;,&quot;created_timestamp&quot;:&quot;0&quot;,&quot;copyright&quot;:&quot;&quot;,&quot;focal_length&quot;:&quot;0&quot;,&quot;iso&quot;:&quot;0&quot;,&quot;shutter_speed&quot;:&quot;0&quot;,&quot;title&quot;:&quot;&quot;,&quot;orientation&quot;:&quot;0&quot;}\" data-image-title=\"20170612_112603\" data-image-description=\"\" data-image-caption=\"&lt;p&gt;Vista dell\u2019immonda sistemazione di Piazza Verdi alla Spezia&lt;\/p&gt;\n\" data-large-file=\"https:\/\/www.picweb.it\/emm\/blog\/wp-content\/uploads\/2017\/07\/20170612_112603-1024x576.jpg\" class=\"size-full wp-image-495\" src=\"http:\/\/www.picweb.it\/emm\/blog\/wp-content\/uploads\/2017\/07\/20170612_112603.jpg\" alt=\"\" width=\"4128\" height=\"2322\" srcset=\"https:\/\/www.picweb.it\/emm\/blog\/wp-content\/uploads\/2017\/07\/20170612_112603.jpg 4128w, https:\/\/www.picweb.it\/emm\/blog\/wp-content\/uploads\/2017\/07\/20170612_112603-300x169.jpg 300w, https:\/\/www.picweb.it\/emm\/blog\/wp-content\/uploads\/2017\/07\/20170612_112603-768x432.jpg 768w, https:\/\/www.picweb.it\/emm\/blog\/wp-content\/uploads\/2017\/07\/20170612_112603-1024x576.jpg 1024w, https:\/\/www.picweb.it\/emm\/blog\/wp-content\/uploads\/2017\/07\/20170612_112603-700x394.jpg 700w, https:\/\/www.picweb.it\/emm\/blog\/wp-content\/uploads\/2017\/07\/20170612_112603-520x293.jpg 520w, https:\/\/www.picweb.it\/emm\/blog\/wp-content\/uploads\/2017\/07\/20170612_112603-360x203.jpg 360w, https:\/\/www.picweb.it\/emm\/blog\/wp-content\/uploads\/2017\/07\/20170612_112603-250x141.jpg 250w, https:\/\/www.picweb.it\/emm\/blog\/wp-content\/uploads\/2017\/07\/20170612_112603-100x56.jpg 100w\" sizes=\"(max-width: 4128px) 100vw, 4128px\" \/><figcaption id=\"caption-attachment-495\" class=\"wp-caption-text\">Vista dell\u2019immonda sistemazione di Piazza Verdi alla Spezia<\/figcaption><\/figure>\n<p>PS<\/p>\n<p>Rimini, di recente, non \u00e8 stata sfregiata solo con la \u201c<em>passerella della vergogna<\/em>\u201d \u2013 destinata ad avere vita breve, visto il modo ed i materiali con cui \u00e8 stata realizzata \u2013 ma \u00e8 stata anche teatro dell\u2019immonda sistemazione, degna di un <em>outlet<\/em> o di uno <em>shopping-mall<\/em> di una squallida periferia americana, davanti al Castello Sismondo.<\/p>\n<p>Il sindaco, come si \u00e8 detto, ha sicuramente le sue colpe \u2026 ma la Soprintendenza in questi due scempi ha svolto un ruolo importantissimo, quanto irresponsabile!<\/p>\n<p>Se dunque l\u2019operato politico del sindaco risulta censurabile, quello dei responsabili dell\u2019ente che dovrebbe tutelare il nostro patrimonio appare inaccettabile e meritorio di profonde riflessioni a livello nazionale!<\/p>\n<figure id=\"attachment_1159\" aria-describedby=\"caption-attachment-1159\" style=\"width: 908px\" class=\"wp-caption aligncenter\"><img loading=\"lazy\" decoding=\"async\" data-attachment-id=\"1159\" data-permalink=\"https:\/\/www.picweb.it\/emm\/blog\/index.php\/2018\/04\/12\/alea-iacta-est-il-massacro-del-ponte-di-tiberio-a-rimini-e-fatto\/castel-sismondo-corte-mare\/\" data-orig-file=\"https:\/\/www.picweb.it\/emm\/blog\/wp-content\/uploads\/2018\/04\/castel-sismondo-corte-mare.jpg\" data-orig-size=\"640,360\" data-comments-opened=\"1\" data-image-meta=\"{&quot;aperture&quot;:&quot;0&quot;,&quot;credit&quot;:&quot;&quot;,&quot;camera&quot;:&quot;&quot;,&quot;caption&quot;:&quot;&quot;,&quot;created_timestamp&quot;:&quot;0&quot;,&quot;copyright&quot;:&quot;&quot;,&quot;focal_length&quot;:&quot;0&quot;,&quot;iso&quot;:&quot;0&quot;,&quot;shutter_speed&quot;:&quot;0&quot;,&quot;title&quot;:&quot;&quot;,&quot;orientation&quot;:&quot;0&quot;}\" data-image-title=\"castel-sismondo-corte-mare\" data-image-description=\"\" data-image-caption=\"&lt;p&gt;Sistemazione dell\u2019area esterna del Castel Sismondo di Rimini (foto del sito newsrimini.it)&lt;\/p&gt;\n\" data-large-file=\"https:\/\/www.picweb.it\/emm\/blog\/wp-content\/uploads\/2018\/04\/castel-sismondo-corte-mare.jpg\" class=\" wp-image-1159\" src=\"http:\/\/www.picweb.it\/emm\/blog\/wp-content\/uploads\/2018\/04\/castel-sismondo-corte-mare.jpg\" alt=\"\" width=\"908\" height=\"511\" srcset=\"https:\/\/www.picweb.it\/emm\/blog\/wp-content\/uploads\/2018\/04\/castel-sismondo-corte-mare.jpg 640w, https:\/\/www.picweb.it\/emm\/blog\/wp-content\/uploads\/2018\/04\/castel-sismondo-corte-mare-300x169.jpg 300w, https:\/\/www.picweb.it\/emm\/blog\/wp-content\/uploads\/2018\/04\/castel-sismondo-corte-mare-520x293.jpg 520w, https:\/\/www.picweb.it\/emm\/blog\/wp-content\/uploads\/2018\/04\/castel-sismondo-corte-mare-360x203.jpg 360w, https:\/\/www.picweb.it\/emm\/blog\/wp-content\/uploads\/2018\/04\/castel-sismondo-corte-mare-250x141.jpg 250w, https:\/\/www.picweb.it\/emm\/blog\/wp-content\/uploads\/2018\/04\/castel-sismondo-corte-mare-100x56.jpg 100w\" sizes=\"(max-width: 908px) 100vw, 908px\" \/><figcaption id=\"caption-attachment-1159\" class=\"wp-caption-text\">Sistemazione dell\u2019area esterna del Castel Sismondo di Rimini (foto del sito newsrimini.it)<\/figcaption><\/figure>\n<p><a href=\"#_ftnref1\" name=\"_ftn1\">[1]<\/a> <a href=\"http:\/\/www.treccani.it\/vocabolario\/alea-iacta-est\/\">http:\/\/www.treccani.it\/vocabolario\/alea-iacta-est\/<\/a><\/p>\n<p><a href=\"#_ftnref2\" name=\"_ftn2\">[2]<\/a> <a href=\"http:\/\/www.picweb.it\/emm\/blog\/index.php\/2017\/07\/06\/rispetto-per-il-ponte-di-tiberio-a-rimini\/\">http:\/\/www.picweb.it\/emm\/blog\/index.php\/2017\/07\/06\/rispetto-per-il-ponte-di-tiberio-a-rimini\/<\/a><\/p>\n<p><a href=\"#_ftnref3\" name=\"_ftn3\">[3]<\/a> <a href=\"http:\/\/www.riminiduepuntozero.it\/nelluovo-di-pasqua-ce-la-passerella-fantozziana\/\">http:\/\/www.riminiduepuntozero.it\/nelluovo-di-pasqua-ce-la-passerella-fantozziana\/<\/a><\/p>\n<p><a href=\"#_ftnref4\" name=\"_ftn4\">[4]<\/a> Cfr. Ettore Maria Mazzola, \u201cArchitettura e Urbanistica \u2013 Istruzione per l\u2019Uso\u201d, Gangemi, 2007. Nel 1938 \u2013 nell\u2019interesse dei soli \u201cpalazzinari\u201d \u2013 affinch\u00e9 non si osasse pi\u00f9 costruire in modo tradizionale, a cura del Ministero della Pubblica Istruzione Italiano venivano promulgate le \u201c<em>Istruzioni per il restauro dei Monumenti<\/em>\u201d il cui <em>punto 8<\/em> cos\u00ec recitava: \u00ab<em>per ovvie ragioni di dignit\u00e0 storica e per la necessaria chiarezza della coscienza artistica attuale, \u00e8 assolutamente proibita, anche in zone non aventi interesse monumentale o paesistico, la costruzione di edifici in \u201cstili\u201d antichi, rappresentando essi una doppia falsificazione, nei riguardi dell\u2019antica e della recente storia dell\u2019arte<\/em>\u00bb<\/p>\n<p><a href=\"#_ftnref5\" name=\"_ftn5\">[5]<\/a> \u201c<em>L\u2019Opera Architettonica e Urbanistica di Armando Brasini \u2013 dall\u2019Urbe Massima al Ponte sullo Stretto di Messina<\/em>\u201d \u2013 A cura di Luca Brasini, Stabilimento Tipografico Arti Grafiche Joniche del Rag. A. Pagnotta, Corigliano Calabro (CS), 1979.<\/p>\n<p><a href=\"#_ftnref6\" name=\"_ftn6\">[6]<\/a> Cfr. Ettore Maria Mazzola, \u201c<em>Sacrificati da Rutelli sull\u2019Ara Pacis<\/em>\u201d \u201cCarta Qui, il Lazio e Roma\u201d Nr.7, Febbraio 2006<\/p>\n","protected":false},"excerpt":{"rendered":"<p>Alla luce di quello che \u00e8 successo a Rimini nell\u2019ultimo anno, nonostante i tentativi reiterati di riportare alla ragione il sindaco da parte dei cittadini e di moltissimi rappresentanti della cultura locale e nazionale, sono portato a pensare che un [&hellip;]<\/p>\n","protected":false},"author":2,"featured_media":0,"comment_status":"open","ping_status":"open","sticky":false,"template":"","format":"standard","meta":{"jetpack_post_was_ever_published":false,"_jetpack_newsletter_access":"","_jetpack_dont_email_post_to_subs":false,"_jetpack_newsletter_tier_id":0,"_jetpack_memberships_contains_paywalled_content":false,"_jetpack_memberships_contains_paid_content":false,"footnotes":""},"categories":[20,52,74,41,136,22],"tags":[5,13,12,14,15,253,8,121,4],"class_list":["post-1156","post","type-post","status-publish","format-standard","hentry","category-architettura","category-attualita","category-politica","category-progettazione-urbana","category-soprintendenze","category-urbanistica","tag-architettura","tag-archmazzola","tag-ettore-maria-mazzola","tag-ettore-mazzola","tag-mazzola","tag-ponte-di-tiberio-a-rimini","tag-progettazione","tag-rimini","tag-urbanistica","clearfix"],"yoast_head":"<!-- This site is optimized with the Yoast SEO plugin v27.3 - https:\/\/yoast.com\/product\/yoast-seo-wordpress\/ -->\r\n<title>Alea iacta est \u2013 Il massacro del Ponte di Tiberio a Rimini \u00e8 fatto! - virtutem forma decorat<\/title>\r\n<meta name=\"robots\" content=\"index, follow, max-snippet:-1, max-image-preview:large, max-video-preview:-1\" \/>\r\n<link rel=\"canonical\" href=\"https:\/\/www.picweb.it\/emm\/blog\/index.php\/2018\/04\/12\/alea-iacta-est-il-massacro-del-ponte-di-tiberio-a-rimini-e-fatto\/\" \/>\r\n<meta property=\"og:locale\" content=\"it_IT\" \/>\r\n<meta property=\"og:type\" content=\"article\" \/>\r\n<meta property=\"og:title\" content=\"Alea iacta est \u2013 Il massacro del Ponte di Tiberio a Rimini \u00e8 fatto! - virtutem forma decorat\" \/>\r\n<meta property=\"og:description\" content=\"Alla luce di quello che \u00e8 successo a Rimini nell\u2019ultimo anno, nonostante i tentativi reiterati di riportare alla ragione il sindaco da parte dei cittadini e di moltissimi rappresentanti della cultura locale e nazionale, sono portato a pensare che un [&hellip;]\" \/>\r\n<meta property=\"og:url\" content=\"https:\/\/www.picweb.it\/emm\/blog\/index.php\/2018\/04\/12\/alea-iacta-est-il-massacro-del-ponte-di-tiberio-a-rimini-e-fatto\/\" \/>\r\n<meta property=\"og:site_name\" content=\"virtutem forma decorat\" \/>\r\n<meta property=\"article:published_time\" content=\"2018-04-12T11:45:28+00:00\" \/>\r\n<meta property=\"og:image\" content=\"http:\/\/www.picweb.it\/emm\/blog\/wp-content\/uploads\/2018\/04\/passerella-tiberio2-min.jpg\" \/>\r\n<meta name=\"author\" content=\"emmazzola\" \/>\r\n<meta name=\"twitter:card\" content=\"summary_large_image\" \/>\r\n<meta name=\"twitter:creator\" content=\"@ettore_mazzola\" \/>\r\n<meta name=\"twitter:site\" content=\"@ettore_mazzola\" \/>\r\n<meta name=\"twitter:label1\" content=\"Scritto da\" \/>\n\t<meta name=\"twitter:data1\" content=\"emmazzola\" \/>\n\t<meta name=\"twitter:label2\" content=\"Tempo di lettura stimato\" \/>\n\t<meta name=\"twitter:data2\" content=\"8 minuti\" \/>\r\n<script type=\"application\/ld+json\" class=\"yoast-schema-graph\">{\"@context\":\"https:\\\/\\\/schema.org\",\"@graph\":[{\"@type\":\"Article\",\"@id\":\"https:\\\/\\\/www.picweb.it\\\/emm\\\/blog\\\/index.php\\\/2018\\\/04\\\/12\\\/alea-iacta-est-il-massacro-del-ponte-di-tiberio-a-rimini-e-fatto\\\/#article\",\"isPartOf\":{\"@id\":\"https:\\\/\\\/www.picweb.it\\\/emm\\\/blog\\\/index.php\\\/2018\\\/04\\\/12\\\/alea-iacta-est-il-massacro-del-ponte-di-tiberio-a-rimini-e-fatto\\\/\"},\"author\":{\"name\":\"emmazzola\",\"@id\":\"http:\\\/\\\/www.picweb.it\\\/emm\\\/blog\\\/#\\\/schema\\\/person\\\/e29c0dd15f13008bd4c7682e6130977f\"},\"headline\":\"Alea iacta est \u2013 Il massacro del Ponte di Tiberio a Rimini \u00e8 fatto!\",\"datePublished\":\"2018-04-12T11:45:28+00:00\",\"mainEntityOfPage\":{\"@id\":\"https:\\\/\\\/www.picweb.it\\\/emm\\\/blog\\\/index.php\\\/2018\\\/04\\\/12\\\/alea-iacta-est-il-massacro-del-ponte-di-tiberio-a-rimini-e-fatto\\\/\"},\"wordCount\":1578,\"commentCount\":1,\"publisher\":{\"@id\":\"http:\\\/\\\/www.picweb.it\\\/emm\\\/blog\\\/#\\\/schema\\\/person\\\/e29c0dd15f13008bd4c7682e6130977f\"},\"image\":{\"@id\":\"https:\\\/\\\/www.picweb.it\\\/emm\\\/blog\\\/index.php\\\/2018\\\/04\\\/12\\\/alea-iacta-est-il-massacro-del-ponte-di-tiberio-a-rimini-e-fatto\\\/#primaryimage\"},\"thumbnailUrl\":\"http:\\\/\\\/www.picweb.it\\\/emm\\\/blog\\\/wp-content\\\/uploads\\\/2018\\\/04\\\/passerella-tiberio2-min.jpg\",\"keywords\":[\"architettura\",\"archmazzola\",\"ettore maria mazzola\",\"ettore mazzola\",\"mazzola\",\"Ponte di Tiberio a Rimini\",\"progettazione\",\"Rimini\",\"Urbanistica\"],\"articleSection\":[\"Architettura\",\"attualit\u00e0\",\"politica\",\"progettazione urbana\",\"Soprintendenze\",\"urbanistica\"],\"inLanguage\":\"it-IT\",\"potentialAction\":[{\"@type\":\"CommentAction\",\"name\":\"Comment\",\"target\":[\"https:\\\/\\\/www.picweb.it\\\/emm\\\/blog\\\/index.php\\\/2018\\\/04\\\/12\\\/alea-iacta-est-il-massacro-del-ponte-di-tiberio-a-rimini-e-fatto\\\/#respond\"]}]},{\"@type\":\"WebPage\",\"@id\":\"https:\\\/\\\/www.picweb.it\\\/emm\\\/blog\\\/index.php\\\/2018\\\/04\\\/12\\\/alea-iacta-est-il-massacro-del-ponte-di-tiberio-a-rimini-e-fatto\\\/\",\"url\":\"https:\\\/\\\/www.picweb.it\\\/emm\\\/blog\\\/index.php\\\/2018\\\/04\\\/12\\\/alea-iacta-est-il-massacro-del-ponte-di-tiberio-a-rimini-e-fatto\\\/\",\"name\":\"Alea iacta est \u2013 Il massacro del Ponte di Tiberio a Rimini \u00e8 fatto! - virtutem forma decorat\",\"isPartOf\":{\"@id\":\"http:\\\/\\\/www.picweb.it\\\/emm\\\/blog\\\/#website\"},\"primaryImageOfPage\":{\"@id\":\"https:\\\/\\\/www.picweb.it\\\/emm\\\/blog\\\/index.php\\\/2018\\\/04\\\/12\\\/alea-iacta-est-il-massacro-del-ponte-di-tiberio-a-rimini-e-fatto\\\/#primaryimage\"},\"image\":{\"@id\":\"https:\\\/\\\/www.picweb.it\\\/emm\\\/blog\\\/index.php\\\/2018\\\/04\\\/12\\\/alea-iacta-est-il-massacro-del-ponte-di-tiberio-a-rimini-e-fatto\\\/#primaryimage\"},\"thumbnailUrl\":\"http:\\\/\\\/www.picweb.it\\\/emm\\\/blog\\\/wp-content\\\/uploads\\\/2018\\\/04\\\/passerella-tiberio2-min.jpg\",\"datePublished\":\"2018-04-12T11:45:28+00:00\",\"breadcrumb\":{\"@id\":\"https:\\\/\\\/www.picweb.it\\\/emm\\\/blog\\\/index.php\\\/2018\\\/04\\\/12\\\/alea-iacta-est-il-massacro-del-ponte-di-tiberio-a-rimini-e-fatto\\\/#breadcrumb\"},\"inLanguage\":\"it-IT\",\"potentialAction\":[{\"@type\":\"ReadAction\",\"target\":[\"https:\\\/\\\/www.picweb.it\\\/emm\\\/blog\\\/index.php\\\/2018\\\/04\\\/12\\\/alea-iacta-est-il-massacro-del-ponte-di-tiberio-a-rimini-e-fatto\\\/\"]}]},{\"@type\":\"ImageObject\",\"inLanguage\":\"it-IT\",\"@id\":\"https:\\\/\\\/www.picweb.it\\\/emm\\\/blog\\\/index.php\\\/2018\\\/04\\\/12\\\/alea-iacta-est-il-massacro-del-ponte-di-tiberio-a-rimini-e-fatto\\\/#primaryimage\",\"url\":\"https:\\\/\\\/www.picweb.it\\\/emm\\\/blog\\\/wp-content\\\/uploads\\\/2018\\\/04\\\/passerella-tiberio2-min.jpg\",\"contentUrl\":\"https:\\\/\\\/www.picweb.it\\\/emm\\\/blog\\\/wp-content\\\/uploads\\\/2018\\\/04\\\/passerella-tiberio2-min.jpg\",\"width\":1200,\"height\":680,\"caption\":\"Il taglio del nastro per la passerella sul Marecchia (foto di Riminiduepuntozero.it)\"},{\"@type\":\"BreadcrumbList\",\"@id\":\"https:\\\/\\\/www.picweb.it\\\/emm\\\/blog\\\/index.php\\\/2018\\\/04\\\/12\\\/alea-iacta-est-il-massacro-del-ponte-di-tiberio-a-rimini-e-fatto\\\/#breadcrumb\",\"itemListElement\":[{\"@type\":\"ListItem\",\"position\":1,\"name\":\"Home\",\"item\":\"http:\\\/\\\/www.picweb.it\\\/emm\\\/blog\\\/\"},{\"@type\":\"ListItem\",\"position\":2,\"name\":\"Alea iacta est \u2013 Il massacro del Ponte di Tiberio a Rimini \u00e8 fatto!\"}]},{\"@type\":\"WebSite\",\"@id\":\"http:\\\/\\\/www.picweb.it\\\/emm\\\/blog\\\/#website\",\"url\":\"http:\\\/\\\/www.picweb.it\\\/emm\\\/blog\\\/\",\"name\":\"virtutem forma decorat\",\"description\":\"The new Architectural blog\",\"publisher\":{\"@id\":\"http:\\\/\\\/www.picweb.it\\\/emm\\\/blog\\\/#\\\/schema\\\/person\\\/e29c0dd15f13008bd4c7682e6130977f\"},\"potentialAction\":[{\"@type\":\"SearchAction\",\"target\":{\"@type\":\"EntryPoint\",\"urlTemplate\":\"http:\\\/\\\/www.picweb.it\\\/emm\\\/blog\\\/?s={search_term_string}\"},\"query-input\":{\"@type\":\"PropertyValueSpecification\",\"valueRequired\":true,\"valueName\":\"search_term_string\"}}],\"inLanguage\":\"it-IT\"},{\"@type\":[\"Person\",\"Organization\"],\"@id\":\"http:\\\/\\\/www.picweb.it\\\/emm\\\/blog\\\/#\\\/schema\\\/person\\\/e29c0dd15f13008bd4c7682e6130977f\",\"name\":\"emmazzola\",\"image\":{\"@type\":\"ImageObject\",\"inLanguage\":\"it-IT\",\"@id\":\"https:\\\/\\\/www.picweb.it\\\/emm\\\/blog\\\/wp-content\\\/uploads\\\/2017\\\/05\\\/cropped-logoVirtutemFormaDecorat_Whigher.png\",\"url\":\"https:\\\/\\\/www.picweb.it\\\/emm\\\/blog\\\/wp-content\\\/uploads\\\/2017\\\/05\\\/cropped-logoVirtutemFormaDecorat_Whigher.png\",\"contentUrl\":\"https:\\\/\\\/www.picweb.it\\\/emm\\\/blog\\\/wp-content\\\/uploads\\\/2017\\\/05\\\/cropped-logoVirtutemFormaDecorat_Whigher.png\",\"width\":200,\"height\":79,\"caption\":\"emmazzola\"},\"logo\":{\"@id\":\"https:\\\/\\\/www.picweb.it\\\/emm\\\/blog\\\/wp-content\\\/uploads\\\/2017\\\/05\\\/cropped-logoVirtutemFormaDecorat_Whigher.png\"},\"url\":\"https:\\\/\\\/www.picweb.it\\\/emm\\\/blog\\\/index.php\\\/author\\\/emmazzola\\\/\"}]}<\/script>\r\n<!-- \/ Yoast SEO plugin. -->","yoast_head_json":{"title":"Alea iacta est \u2013 Il massacro del Ponte di Tiberio a Rimini \u00e8 fatto! - virtutem forma decorat","robots":{"index":"index","follow":"follow","max-snippet":"max-snippet:-1","max-image-preview":"max-image-preview:large","max-video-preview":"max-video-preview:-1"},"canonical":"https:\/\/www.picweb.it\/emm\/blog\/index.php\/2018\/04\/12\/alea-iacta-est-il-massacro-del-ponte-di-tiberio-a-rimini-e-fatto\/","og_locale":"it_IT","og_type":"article","og_title":"Alea iacta est \u2013 Il massacro del Ponte di Tiberio a Rimini \u00e8 fatto! - virtutem forma decorat","og_description":"Alla luce di quello che \u00e8 successo a Rimini nell\u2019ultimo anno, nonostante i tentativi reiterati di riportare alla ragione il sindaco da parte dei cittadini e di moltissimi rappresentanti della cultura locale e nazionale, sono portato a pensare che un [&hellip;]","og_url":"https:\/\/www.picweb.it\/emm\/blog\/index.php\/2018\/04\/12\/alea-iacta-est-il-massacro-del-ponte-di-tiberio-a-rimini-e-fatto\/","og_site_name":"virtutem forma decorat","article_published_time":"2018-04-12T11:45:28+00:00","og_image":[{"url":"http:\/\/www.picweb.it\/emm\/blog\/wp-content\/uploads\/2018\/04\/passerella-tiberio2-min.jpg","type":"","width":"","height":""}],"author":"emmazzola","twitter_card":"summary_large_image","twitter_creator":"@ettore_mazzola","twitter_site":"@ettore_mazzola","twitter_misc":{"Scritto da":"emmazzola","Tempo di lettura stimato":"8 minuti"},"schema":{"@context":"https:\/\/schema.org","@graph":[{"@type":"Article","@id":"https:\/\/www.picweb.it\/emm\/blog\/index.php\/2018\/04\/12\/alea-iacta-est-il-massacro-del-ponte-di-tiberio-a-rimini-e-fatto\/#article","isPartOf":{"@id":"https:\/\/www.picweb.it\/emm\/blog\/index.php\/2018\/04\/12\/alea-iacta-est-il-massacro-del-ponte-di-tiberio-a-rimini-e-fatto\/"},"author":{"name":"emmazzola","@id":"http:\/\/www.picweb.it\/emm\/blog\/#\/schema\/person\/e29c0dd15f13008bd4c7682e6130977f"},"headline":"Alea iacta est \u2013 Il massacro del Ponte di Tiberio a Rimini \u00e8 fatto!","datePublished":"2018-04-12T11:45:28+00:00","mainEntityOfPage":{"@id":"https:\/\/www.picweb.it\/emm\/blog\/index.php\/2018\/04\/12\/alea-iacta-est-il-massacro-del-ponte-di-tiberio-a-rimini-e-fatto\/"},"wordCount":1578,"commentCount":1,"publisher":{"@id":"http:\/\/www.picweb.it\/emm\/blog\/#\/schema\/person\/e29c0dd15f13008bd4c7682e6130977f"},"image":{"@id":"https:\/\/www.picweb.it\/emm\/blog\/index.php\/2018\/04\/12\/alea-iacta-est-il-massacro-del-ponte-di-tiberio-a-rimini-e-fatto\/#primaryimage"},"thumbnailUrl":"http:\/\/www.picweb.it\/emm\/blog\/wp-content\/uploads\/2018\/04\/passerella-tiberio2-min.jpg","keywords":["architettura","archmazzola","ettore maria mazzola","ettore mazzola","mazzola","Ponte di Tiberio a Rimini","progettazione","Rimini","Urbanistica"],"articleSection":["Architettura","attualit\u00e0","politica","progettazione urbana","Soprintendenze","urbanistica"],"inLanguage":"it-IT","potentialAction":[{"@type":"CommentAction","name":"Comment","target":["https:\/\/www.picweb.it\/emm\/blog\/index.php\/2018\/04\/12\/alea-iacta-est-il-massacro-del-ponte-di-tiberio-a-rimini-e-fatto\/#respond"]}]},{"@type":"WebPage","@id":"https:\/\/www.picweb.it\/emm\/blog\/index.php\/2018\/04\/12\/alea-iacta-est-il-massacro-del-ponte-di-tiberio-a-rimini-e-fatto\/","url":"https:\/\/www.picweb.it\/emm\/blog\/index.php\/2018\/04\/12\/alea-iacta-est-il-massacro-del-ponte-di-tiberio-a-rimini-e-fatto\/","name":"Alea iacta est \u2013 Il massacro del Ponte di Tiberio a Rimini \u00e8 fatto! - virtutem forma decorat","isPartOf":{"@id":"http:\/\/www.picweb.it\/emm\/blog\/#website"},"primaryImageOfPage":{"@id":"https:\/\/www.picweb.it\/emm\/blog\/index.php\/2018\/04\/12\/alea-iacta-est-il-massacro-del-ponte-di-tiberio-a-rimini-e-fatto\/#primaryimage"},"image":{"@id":"https:\/\/www.picweb.it\/emm\/blog\/index.php\/2018\/04\/12\/alea-iacta-est-il-massacro-del-ponte-di-tiberio-a-rimini-e-fatto\/#primaryimage"},"thumbnailUrl":"http:\/\/www.picweb.it\/emm\/blog\/wp-content\/uploads\/2018\/04\/passerella-tiberio2-min.jpg","datePublished":"2018-04-12T11:45:28+00:00","breadcrumb":{"@id":"https:\/\/www.picweb.it\/emm\/blog\/index.php\/2018\/04\/12\/alea-iacta-est-il-massacro-del-ponte-di-tiberio-a-rimini-e-fatto\/#breadcrumb"},"inLanguage":"it-IT","potentialAction":[{"@type":"ReadAction","target":["https:\/\/www.picweb.it\/emm\/blog\/index.php\/2018\/04\/12\/alea-iacta-est-il-massacro-del-ponte-di-tiberio-a-rimini-e-fatto\/"]}]},{"@type":"ImageObject","inLanguage":"it-IT","@id":"https:\/\/www.picweb.it\/emm\/blog\/index.php\/2018\/04\/12\/alea-iacta-est-il-massacro-del-ponte-di-tiberio-a-rimini-e-fatto\/#primaryimage","url":"https:\/\/www.picweb.it\/emm\/blog\/wp-content\/uploads\/2018\/04\/passerella-tiberio2-min.jpg","contentUrl":"https:\/\/www.picweb.it\/emm\/blog\/wp-content\/uploads\/2018\/04\/passerella-tiberio2-min.jpg","width":1200,"height":680,"caption":"Il taglio del nastro per la passerella sul Marecchia (foto di Riminiduepuntozero.it)"},{"@type":"BreadcrumbList","@id":"https:\/\/www.picweb.it\/emm\/blog\/index.php\/2018\/04\/12\/alea-iacta-est-il-massacro-del-ponte-di-tiberio-a-rimini-e-fatto\/#breadcrumb","itemListElement":[{"@type":"ListItem","position":1,"name":"Home","item":"http:\/\/www.picweb.it\/emm\/blog\/"},{"@type":"ListItem","position":2,"name":"Alea iacta est \u2013 Il massacro del Ponte di Tiberio a Rimini \u00e8 fatto!"}]},{"@type":"WebSite","@id":"http:\/\/www.picweb.it\/emm\/blog\/#website","url":"http:\/\/www.picweb.it\/emm\/blog\/","name":"virtutem forma decorat","description":"The new Architectural blog","publisher":{"@id":"http:\/\/www.picweb.it\/emm\/blog\/#\/schema\/person\/e29c0dd15f13008bd4c7682e6130977f"},"potentialAction":[{"@type":"SearchAction","target":{"@type":"EntryPoint","urlTemplate":"http:\/\/www.picweb.it\/emm\/blog\/?s={search_term_string}"},"query-input":{"@type":"PropertyValueSpecification","valueRequired":true,"valueName":"search_term_string"}}],"inLanguage":"it-IT"},{"@type":["Person","Organization"],"@id":"http:\/\/www.picweb.it\/emm\/blog\/#\/schema\/person\/e29c0dd15f13008bd4c7682e6130977f","name":"emmazzola","image":{"@type":"ImageObject","inLanguage":"it-IT","@id":"https:\/\/www.picweb.it\/emm\/blog\/wp-content\/uploads\/2017\/05\/cropped-logoVirtutemFormaDecorat_Whigher.png","url":"https:\/\/www.picweb.it\/emm\/blog\/wp-content\/uploads\/2017\/05\/cropped-logoVirtutemFormaDecorat_Whigher.png","contentUrl":"https:\/\/www.picweb.it\/emm\/blog\/wp-content\/uploads\/2017\/05\/cropped-logoVirtutemFormaDecorat_Whigher.png","width":200,"height":79,"caption":"emmazzola"},"logo":{"@id":"https:\/\/www.picweb.it\/emm\/blog\/wp-content\/uploads\/2017\/05\/cropped-logoVirtutemFormaDecorat_Whigher.png"},"url":"https:\/\/www.picweb.it\/emm\/blog\/index.php\/author\/emmazzola\/"}]}},"jetpack_featured_media_url":"","jetpack_sharing_enabled":true,"jetpack_shortlink":"https:\/\/wp.me\/p8HWjS-iE","jetpack-related-posts":[],"jetpack_likes_enabled":true,"_links":{"self":[{"href":"https:\/\/www.picweb.it\/emm\/blog\/index.php\/wp-json\/wp\/v2\/posts\/1156","targetHints":{"allow":["GET"]}}],"collection":[{"href":"https:\/\/www.picweb.it\/emm\/blog\/index.php\/wp-json\/wp\/v2\/posts"}],"about":[{"href":"https:\/\/www.picweb.it\/emm\/blog\/index.php\/wp-json\/wp\/v2\/types\/post"}],"author":[{"embeddable":true,"href":"https:\/\/www.picweb.it\/emm\/blog\/index.php\/wp-json\/wp\/v2\/users\/2"}],"replies":[{"embeddable":true,"href":"https:\/\/www.picweb.it\/emm\/blog\/index.php\/wp-json\/wp\/v2\/comments?post=1156"}],"version-history":[{"count":1,"href":"https:\/\/www.picweb.it\/emm\/blog\/index.php\/wp-json\/wp\/v2\/posts\/1156\/revisions"}],"predecessor-version":[{"id":1160,"href":"https:\/\/www.picweb.it\/emm\/blog\/index.php\/wp-json\/wp\/v2\/posts\/1156\/revisions\/1160"}],"wp:attachment":[{"href":"https:\/\/www.picweb.it\/emm\/blog\/index.php\/wp-json\/wp\/v2\/media?parent=1156"}],"wp:term":[{"taxonomy":"category","embeddable":true,"href":"https:\/\/www.picweb.it\/emm\/blog\/index.php\/wp-json\/wp\/v2\/categories?post=1156"},{"taxonomy":"post_tag","embeddable":true,"href":"https:\/\/www.picweb.it\/emm\/blog\/index.php\/wp-json\/wp\/v2\/tags?post=1156"}],"curies":[{"name":"wp","href":"https:\/\/api.w.org\/{rel}","templated":true}]}}