{"id":124,"date":"2017-05-20T14:54:33","date_gmt":"2017-05-20T12:54:33","guid":{"rendered":"http:\/\/www.picweb.it\/blog\/?p=124"},"modified":"2017-06-04T11:31:40","modified_gmt":"2017-06-04T09:31:40","slug":"cosa-succede-al-mondo","status":"publish","type":"post","link":"https:\/\/www.picweb.it\/blog\/index.php\/2017\/05\/20\/cosa-succede-al-mondo\/","title":{"rendered":"Cosa succede al Mondo?"},"content":{"rendered":"<p><b><\/b><span style=\"font-weight: 400;\">Da un post scritto gi\u00e0 ormai dieci anni fa, ma ancora quanto mai attuale, \u00a0ripercorro alcune considerazioni della nostra societ\u00e0. <\/span><\/p>\n<p><span style=\"font-weight: 400;\">I cambiamenti della societ\u00e0, purtroppo, non avvengano, quasi mai, per il tentativo di migliorarsi e modificare in meglio il nostro mondo o la stessa societ\u00e0. <\/span><!--more--><\/p>\n<p><span style=\"font-weight: 400;\">Quello che pi\u00f9 mi ha fatto pensare, allora e ancora adesso, e che mi conferma oltremodo quanto osservato, \u00e8 che queste considerazioni possono rispecchiarsi, seguendo la stessa regola, in diversi campi della nostra vita. <\/span><span style=\"font-weight: 400;\">Dall\u2019architettura alla letteratura, dalla musica alla vita culturale e alla vita vissuta, attraverso i mass media, ed anche attraverso il nostro atteggiamento individuale, stiamo soffrendo una trasformazione preoccupante che forse ha radici profonde nel concetto di progresso e nel modo, del tutto personale, che ognuno di noi ha di confrontarsi con esso. <\/span><\/p>\n<p><span style=\"font-weight: 400;\">Tutto comincia, a mio avviso, dalla Storia e, per conseguenza, dalle esperienze di vita che dalla Storia sono sempre state influenzate. Mi riferisco alla Storia con la \u201cS\u201d maiuscola.. quella che rappresenta le radici di tutte le nostre vite passate, presenti e future. Infatti per molti anni, ma dovrei dire secoli, la Storia si \u00e8 mossa sempre parallelamente con l\u2019esperienza. Per i nostri antenati l\u2019esperienza dei loro predecessori ha costituito una preziosa fonte di conoscenze e di ispirazione. \u00a0Chi, come noi oggi, costruiva edifici, realizzava opere letterarie e artistiche, ma anche chi viveva la propria vita attraverso le normali avversit\u00e0 o fortune, ha sempre rivolto il proprio sguardo al passato. Il fatto che si facesse riferimento a chi avesse gi\u00e0 vissuto determinate esperienze, non poteva che portare un profitto e probabilmente una facile soluzione del problema; anche laddove le esperienze gi\u00e0 vissute dovessero essere state negative.<br \/>\n<\/span><span style=\"font-weight: 400;\">L\u2019esperienza della Storia portava di fatto a superare le avversit\u00e0 e i problemi, utilizzando la conoscenza degli altri, e le problematiche gi\u00e0 vissute e affrontate. Ogni periodo della nostra Storia ha fatto questo, mettendoci qualcosa di proprio per andare avanti anche e soprattutto nel nome del progresso.<br \/>\n<\/span>Ma cosa \u00e8 successo ad un certo punto? E soprattutto cosa sta succedendo adesso?<br \/>\n<span style=\"font-weight: 400;\">Perch\u00e9 ad un certo punto mandiamo in crisi il nostro rapporto con la Storia, pensando che possa contribuire in maniera negativa allo sviluppo e al progresso? Perch\u00e9, in generale, pensiamo che l\u2019esperienza passata non possa pi\u00f9 aiutare la modernit\u00e0 o il futuro?<br \/>\n<\/span><span style=\"font-weight: 400;\">Sempre pi\u00f9 ci si improvvisa architetti, scrittori, attori, intrattenitori, politici e artisti senza un briciolo di esperienza, senza guardare ad essa o addirittura negandola volutamente, solo perch\u00e9 tendenzialmente ormai non la sentiamo pi\u00f9 nostra o in nome della modernit\u00e0! <\/span><\/p>\n<p><span style=\"font-weight: 400;\">Ed \u00e8 qui la chiave!<br \/>\n<\/span><span style=\"font-weight: 400;\">Progettare le nostre citt\u00e0, facendoci condizionare da chi realizza meccanicamente gli edifici, senza studiare prima le reali necessit\u00e0 di chi, quegli edifici, li dovr\u00e0 poi abitare e vivere?..<br \/>\n<\/span><span style=\"font-weight: 400;\">Possiamo concretizzare le nostre opere artistiche e letterarie solo se sappiamo in anticipo se queste si venderanno, lasciando tutto il resto chiuso in un cassetto, aspettando momenti migliori? Possiamo produrre trasmissioni televisive solo pensando a quello che la gente realmente si aspetta di vedere? Tutto questo in nome di una logica solo ed esclusivamente commerciale?<br \/>\n<\/span><span style=\"font-weight: 400;\">Le maggiori opere dell\u2019uomo, quelle che hanno avuto pi\u00f9 successo, sono solamente quelle dettate da una semplice legge di mercato? O sono forse quelle per i quali i maggiori attori hanno lavorato, con impegno, con background pluriennali, soprattutto senza farsi, quasi mai, condizionare da logiche di mercato.<\/span><\/p>\n<p><span style=\"font-weight: 400;\">Forse dovremmo cominciare a guardare indietro per guardare in avanti, come facciamo quando, con la nostra autovettura, ripartiamo dopo una sosta.<br \/>\n<\/span><span style=\"font-weight: 400;\">Abbiamo riposto le nostre menti in un parcheggio di lunga sosta oppure ci siamo fermati semplicemente ad uno stop? <\/span><\/p>\n<p><span style=\"font-weight: 400;\">Forse l\u2019esperienza di tanti anni potrebbe restituirci la soluzione al problema. <\/span><\/p>\n<p>&nbsp;<\/p>\n","protected":false},"excerpt":{"rendered":"<p>Da un post scritto gi\u00e0 ormai dieci anni fa, ma ancora quanto mai attuale, \u00a0ripercorro alcune considerazioni della nostra societ\u00e0. I cambiamenti [&hellip;]<\/p>\n","protected":false},"author":1,"featured_media":0,"comment_status":"open","ping_status":"open","sticky":false,"template":"","format":"standard","meta":{"jetpack_post_was_ever_published":false,"_jetpack_newsletter_access":"","_jetpack_dont_email_post_to_subs":false,"_jetpack_newsletter_tier_id":0,"_jetpack_memberships_contains_paywalled_content":false,"_jetpack_memberships_contains_paid_content":false,"footnotes":"","jetpack_publicize_message":"","jetpack_publicize_feature_enabled":true,"jetpack_social_post_already_shared":true,"jetpack_social_options":{"image_generator_settings":{"template":"highway","default_image_id":0,"font":"","enabled":false},"version":2}},"categories":[21],"tags":[22,9,26,25,24,23,28,27],"class_list":["post-124","post","type-post","status-publish","format-standard","hentry","category-architettura","tag-architettura","tag-arte","tag-esperienza","tag-modernita","tag-mondo","tag-progresso","tag-societa","tag-storia"],"aioseo_notices":[],"yoast_head":"<!-- This site is optimized with the Yoast SEO plugin v27.4 - https:\/\/yoast.com\/product\/yoast-seo-wordpress\/ -->\r\n<title>cosa succede l mondo?<\/title>\r\n<meta name=\"description\" content=\"considerazioni sulla societ\u00e0 moderna\" \/>\r\n<meta name=\"robots\" content=\"index, follow, max-snippet:-1, max-image-preview:large, max-video-preview:-1\" \/>\r\n<link rel=\"canonical\" href=\"https:\/\/www.picweb.it\/blog\/index.php\/2017\/05\/20\/cosa-succede-al-mondo\/\" \/>\r\n<meta property=\"og:locale\" content=\"it_IT\" \/>\r\n<meta property=\"og:type\" content=\"article\" \/>\r\n<meta property=\"og:title\" content=\"cosa succede l mondo?\" \/>\r\n<meta property=\"og:description\" content=\"considerazioni sulla societ\u00e0 moderna\" \/>\r\n<meta property=\"og:url\" content=\"https:\/\/www.picweb.it\/blog\/index.php\/2017\/05\/20\/cosa-succede-al-mondo\/\" \/>\r\n<meta property=\"og:site_name\" content=\"NimbusBlog\" \/>\r\n<meta property=\"article:published_time\" content=\"2017-05-20T12:54:33+00:00\" \/>\r\n<meta property=\"article:modified_time\" content=\"2017-06-04T09:31:40+00:00\" \/>\r\n<meta name=\"author\" content=\"Paolo Vecchio Ciprioti\" \/>\r\n<meta name=\"twitter:card\" content=\"summary_large_image\" \/>\r\n<meta name=\"twitter:creator\" content=\"@picweb2003\" \/>\r\n<meta name=\"twitter:site\" content=\"@picweb2003\" \/>\r\n<meta name=\"twitter:label1\" content=\"Scritto da\" \/>\n\t<meta name=\"twitter:data1\" content=\"Paolo Vecchio Ciprioti\" \/>\n\t<meta name=\"twitter:label2\" content=\"Tempo di lettura stimato\" \/>\n\t<meta name=\"twitter:data2\" content=\"3 minuti\" \/>\r\n<script type=\"application\/ld+json\" class=\"yoast-schema-graph\">{\"@context\":\"https:\\\/\\\/schema.org\",\"@graph\":[{\"@type\":\"Article\",\"@id\":\"https:\\\/\\\/www.picweb.it\\\/blog\\\/index.php\\\/2017\\\/05\\\/20\\\/cosa-succede-al-mondo\\\/#article\",\"isPartOf\":{\"@id\":\"https:\\\/\\\/www.picweb.it\\\/blog\\\/index.php\\\/2017\\\/05\\\/20\\\/cosa-succede-al-mondo\\\/\"},\"author\":{\"name\":\"Paolo Vecchio Ciprioti\",\"@id\":\"https:\\\/\\\/www.picweb.it\\\/blog\\\/#\\\/schema\\\/person\\\/f015660b7f332c11aa8f33829dd0af30\"},\"headline\":\"Cosa succede al Mondo?\",\"datePublished\":\"2017-05-20T12:54:33+00:00\",\"dateModified\":\"2017-06-04T09:31:40+00:00\",\"mainEntityOfPage\":{\"@id\":\"https:\\\/\\\/www.picweb.it\\\/blog\\\/index.php\\\/2017\\\/05\\\/20\\\/cosa-succede-al-mondo\\\/\"},\"wordCount\":613,\"commentCount\":0,\"publisher\":{\"@id\":\"https:\\\/\\\/www.picweb.it\\\/blog\\\/#\\\/schema\\\/person\\\/f015660b7f332c11aa8f33829dd0af30\"},\"keywords\":[\"architettura\",\"arte\",\"esperienza\",\"modernit\u00e0\",\"mondo\",\"progresso\",\"societ\u00e0\",\"storia\"],\"articleSection\":[\"architettura\"],\"inLanguage\":\"it-IT\",\"potentialAction\":[{\"@type\":\"CommentAction\",\"name\":\"Comment\",\"target\":[\"https:\\\/\\\/www.picweb.it\\\/blog\\\/index.php\\\/2017\\\/05\\\/20\\\/cosa-succede-al-mondo\\\/#respond\"]}]},{\"@type\":\"WebPage\",\"@id\":\"https:\\\/\\\/www.picweb.it\\\/blog\\\/index.php\\\/2017\\\/05\\\/20\\\/cosa-succede-al-mondo\\\/\",\"url\":\"https:\\\/\\\/www.picweb.it\\\/blog\\\/index.php\\\/2017\\\/05\\\/20\\\/cosa-succede-al-mondo\\\/\",\"name\":\"cosa succede l mondo?\",\"isPartOf\":{\"@id\":\"https:\\\/\\\/www.picweb.it\\\/blog\\\/#website\"},\"datePublished\":\"2017-05-20T12:54:33+00:00\",\"dateModified\":\"2017-06-04T09:31:40+00:00\",\"description\":\"considerazioni sulla societ\u00e0 moderna\",\"breadcrumb\":{\"@id\":\"https:\\\/\\\/www.picweb.it\\\/blog\\\/index.php\\\/2017\\\/05\\\/20\\\/cosa-succede-al-mondo\\\/#breadcrumb\"},\"inLanguage\":\"it-IT\",\"potentialAction\":[{\"@type\":\"ReadAction\",\"target\":[\"https:\\\/\\\/www.picweb.it\\\/blog\\\/index.php\\\/2017\\\/05\\\/20\\\/cosa-succede-al-mondo\\\/\"]}]},{\"@type\":\"BreadcrumbList\",\"@id\":\"https:\\\/\\\/www.picweb.it\\\/blog\\\/index.php\\\/2017\\\/05\\\/20\\\/cosa-succede-al-mondo\\\/#breadcrumb\",\"itemListElement\":[{\"@type\":\"ListItem\",\"position\":1,\"name\":\"Home\",\"item\":\"https:\\\/\\\/www.picweb.it\\\/blog\\\/\"},{\"@type\":\"ListItem\",\"position\":2,\"name\":\"Cosa succede al Mondo?\"}]},{\"@type\":\"WebSite\",\"@id\":\"https:\\\/\\\/www.picweb.it\\\/blog\\\/#website\",\"url\":\"https:\\\/\\\/www.picweb.it\\\/blog\\\/\",\"name\":\"NimbusBlog\",\"description\":\"The new Artblog\",\"publisher\":{\"@id\":\"https:\\\/\\\/www.picweb.it\\\/blog\\\/#\\\/schema\\\/person\\\/f015660b7f332c11aa8f33829dd0af30\"},\"potentialAction\":[{\"@type\":\"SearchAction\",\"target\":{\"@type\":\"EntryPoint\",\"urlTemplate\":\"https:\\\/\\\/www.picweb.it\\\/blog\\\/?s={search_term_string}\"},\"query-input\":{\"@type\":\"PropertyValueSpecification\",\"valueRequired\":true,\"valueName\":\"search_term_string\"}}],\"inLanguage\":\"it-IT\"},{\"@type\":[\"Person\",\"Organization\"],\"@id\":\"https:\\\/\\\/www.picweb.it\\\/blog\\\/#\\\/schema\\\/person\\\/f015660b7f332c11aa8f33829dd0af30\",\"name\":\"Paolo Vecchio Ciprioti\",\"image\":{\"@type\":\"ImageObject\",\"inLanguage\":\"it-IT\",\"@id\":\"https:\\\/\\\/www.picweb.it\\\/blog\\\/wp-content\\\/uploads\\\/2025\\\/04\\\/wp-1744296708935.jpg\",\"url\":\"https:\\\/\\\/www.picweb.it\\\/blog\\\/wp-content\\\/uploads\\\/2025\\\/04\\\/wp-1744296708935.jpg\",\"contentUrl\":\"https:\\\/\\\/www.picweb.it\\\/blog\\\/wp-content\\\/uploads\\\/2025\\\/04\\\/wp-1744296708935.jpg\",\"width\":1058,\"height\":1058,\"caption\":\"Paolo Vecchio Ciprioti\"},\"logo\":{\"@id\":\"https:\\\/\\\/www.picweb.it\\\/blog\\\/wp-content\\\/uploads\\\/2025\\\/04\\\/wp-1744296708935.jpg\"},\"sameAs\":[\"http:\\\/\\\/www.picweb.it\"]}]}<\/script>\r\n<!-- \/ Yoast SEO plugin. -->","yoast_head_json":{"title":"cosa succede l mondo?","description":"considerazioni sulla societ\u00e0 moderna","robots":{"index":"index","follow":"follow","max-snippet":"max-snippet:-1","max-image-preview":"max-image-preview:large","max-video-preview":"max-video-preview:-1"},"canonical":"https:\/\/www.picweb.it\/blog\/index.php\/2017\/05\/20\/cosa-succede-al-mondo\/","og_locale":"it_IT","og_type":"article","og_title":"cosa succede l mondo?","og_description":"considerazioni sulla societ\u00e0 moderna","og_url":"https:\/\/www.picweb.it\/blog\/index.php\/2017\/05\/20\/cosa-succede-al-mondo\/","og_site_name":"NimbusBlog","article_published_time":"2017-05-20T12:54:33+00:00","article_modified_time":"2017-06-04T09:31:40+00:00","author":"Paolo Vecchio Ciprioti","twitter_card":"summary_large_image","twitter_creator":"@picweb2003","twitter_site":"@picweb2003","twitter_misc":{"Scritto da":"Paolo Vecchio Ciprioti","Tempo di lettura stimato":"3 minuti"},"schema":{"@context":"https:\/\/schema.org","@graph":[{"@type":"Article","@id":"https:\/\/www.picweb.it\/blog\/index.php\/2017\/05\/20\/cosa-succede-al-mondo\/#article","isPartOf":{"@id":"https:\/\/www.picweb.it\/blog\/index.php\/2017\/05\/20\/cosa-succede-al-mondo\/"},"author":{"name":"Paolo Vecchio Ciprioti","@id":"https:\/\/www.picweb.it\/blog\/#\/schema\/person\/f015660b7f332c11aa8f33829dd0af30"},"headline":"Cosa succede al Mondo?","datePublished":"2017-05-20T12:54:33+00:00","dateModified":"2017-06-04T09:31:40+00:00","mainEntityOfPage":{"@id":"https:\/\/www.picweb.it\/blog\/index.php\/2017\/05\/20\/cosa-succede-al-mondo\/"},"wordCount":613,"commentCount":0,"publisher":{"@id":"https:\/\/www.picweb.it\/blog\/#\/schema\/person\/f015660b7f332c11aa8f33829dd0af30"},"keywords":["architettura","arte","esperienza","modernit\u00e0","mondo","progresso","societ\u00e0","storia"],"articleSection":["architettura"],"inLanguage":"it-IT","potentialAction":[{"@type":"CommentAction","name":"Comment","target":["https:\/\/www.picweb.it\/blog\/index.php\/2017\/05\/20\/cosa-succede-al-mondo\/#respond"]}]},{"@type":"WebPage","@id":"https:\/\/www.picweb.it\/blog\/index.php\/2017\/05\/20\/cosa-succede-al-mondo\/","url":"https:\/\/www.picweb.it\/blog\/index.php\/2017\/05\/20\/cosa-succede-al-mondo\/","name":"cosa succede l mondo?","isPartOf":{"@id":"https:\/\/www.picweb.it\/blog\/#website"},"datePublished":"2017-05-20T12:54:33+00:00","dateModified":"2017-06-04T09:31:40+00:00","description":"considerazioni sulla societ\u00e0 moderna","breadcrumb":{"@id":"https:\/\/www.picweb.it\/blog\/index.php\/2017\/05\/20\/cosa-succede-al-mondo\/#breadcrumb"},"inLanguage":"it-IT","potentialAction":[{"@type":"ReadAction","target":["https:\/\/www.picweb.it\/blog\/index.php\/2017\/05\/20\/cosa-succede-al-mondo\/"]}]},{"@type":"BreadcrumbList","@id":"https:\/\/www.picweb.it\/blog\/index.php\/2017\/05\/20\/cosa-succede-al-mondo\/#breadcrumb","itemListElement":[{"@type":"ListItem","position":1,"name":"Home","item":"https:\/\/www.picweb.it\/blog\/"},{"@type":"ListItem","position":2,"name":"Cosa succede al Mondo?"}]},{"@type":"WebSite","@id":"https:\/\/www.picweb.it\/blog\/#website","url":"https:\/\/www.picweb.it\/blog\/","name":"NimbusBlog","description":"The new Artblog","publisher":{"@id":"https:\/\/www.picweb.it\/blog\/#\/schema\/person\/f015660b7f332c11aa8f33829dd0af30"},"potentialAction":[{"@type":"SearchAction","target":{"@type":"EntryPoint","urlTemplate":"https:\/\/www.picweb.it\/blog\/?s={search_term_string}"},"query-input":{"@type":"PropertyValueSpecification","valueRequired":true,"valueName":"search_term_string"}}],"inLanguage":"it-IT"},{"@type":["Person","Organization"],"@id":"https:\/\/www.picweb.it\/blog\/#\/schema\/person\/f015660b7f332c11aa8f33829dd0af30","name":"Paolo Vecchio Ciprioti","image":{"@type":"ImageObject","inLanguage":"it-IT","@id":"https:\/\/www.picweb.it\/blog\/wp-content\/uploads\/2025\/04\/wp-1744296708935.jpg","url":"https:\/\/www.picweb.it\/blog\/wp-content\/uploads\/2025\/04\/wp-1744296708935.jpg","contentUrl":"https:\/\/www.picweb.it\/blog\/wp-content\/uploads\/2025\/04\/wp-1744296708935.jpg","width":1058,"height":1058,"caption":"Paolo Vecchio Ciprioti"},"logo":{"@id":"https:\/\/www.picweb.it\/blog\/wp-content\/uploads\/2025\/04\/wp-1744296708935.jpg"},"sameAs":["http:\/\/www.picweb.it"]}]}},"jetpack_publicize_connections":[],"jetpack_featured_media_url":"","jetpack_sharing_enabled":true,"jetpack_shortlink":"https:\/\/wp.me\/p8HYkB-20","jetpack-related-posts":[{"id":171,"url":"https:\/\/www.picweb.it\/blog\/index.php\/2017\/05\/24\/progetto-per-lerici-sp\/","url_meta":{"origin":124,"position":0},"title":"Progetto per Lerici (SP)","author":"Paolo Vecchio Ciprioti","date":"24 Maggio 2017","format":false,"excerpt":"Presento un Progetto preliminare realizzato nel 2015 in collaborazione con l'amico Ettore Maria Mazzola, che ha curato l'ideazione e la progettazione, in localit\u00e0 Carbognano \u00a0a Lerici (La Spezia).\u00a0 Il video presenta, in modalit\u00e0 \"sketch\" una passeggiata attraverso il modello tridimensionale realizzato. L'architettura tradizionale \u00e8 possibile e molto pi\u00f9 vivibile di\u2026","rel":"","context":"In &quot;architettura&quot;","block_context":{"text":"architettura","link":"https:\/\/www.picweb.it\/blog\/index.php\/category\/architettura\/"},"img":{"alt_text":"","src":"","width":0,"height":0},"classes":[]},{"id":873,"url":"https:\/\/www.picweb.it\/blog\/index.php\/2022\/06\/14\/far-festival-dellarchitettura-2022\/","url_meta":{"origin":124,"position":1},"title":"FAR &#8211; Festival dell&#8217;Architettura 2022","author":"Paolo Vecchio Ciprioti","date":"14 Giugno 2022","format":false,"excerpt":"","rel":"","context":"In &quot;architettura&quot;","block_context":{"text":"architettura","link":"https:\/\/www.picweb.it\/blog\/index.php\/category\/architettura\/"},"img":{"alt_text":"","src":"https:\/\/i0.wp.com\/www.picweb.it\/blog\/wp-content\/uploads\/2022\/06\/Rigenerazioni-Urbane-Possibili-LOCANDINA-Smedia-scaled.jpg?resize=350%2C200&ssl=1","width":350,"height":200,"srcset":"https:\/\/i0.wp.com\/www.picweb.it\/blog\/wp-content\/uploads\/2022\/06\/Rigenerazioni-Urbane-Possibili-LOCANDINA-Smedia-scaled.jpg?resize=350%2C200&ssl=1 1x, https:\/\/i0.wp.com\/www.picweb.it\/blog\/wp-content\/uploads\/2022\/06\/Rigenerazioni-Urbane-Possibili-LOCANDINA-Smedia-scaled.jpg?resize=525%2C300&ssl=1 1.5x, https:\/\/i0.wp.com\/www.picweb.it\/blog\/wp-content\/uploads\/2022\/06\/Rigenerazioni-Urbane-Possibili-LOCANDINA-Smedia-scaled.jpg?resize=700%2C400&ssl=1 2x, https:\/\/i0.wp.com\/www.picweb.it\/blog\/wp-content\/uploads\/2022\/06\/Rigenerazioni-Urbane-Possibili-LOCANDINA-Smedia-scaled.jpg?resize=1050%2C600&ssl=1 3x, https:\/\/i0.wp.com\/www.picweb.it\/blog\/wp-content\/uploads\/2022\/06\/Rigenerazioni-Urbane-Possibili-LOCANDINA-Smedia-scaled.jpg?resize=1400%2C800&ssl=1 4x"},"classes":[]},{"id":464,"url":"https:\/\/www.picweb.it\/blog\/index.php\/2017\/06\/15\/tra-pavoni-cigni-e-civette\/","url_meta":{"origin":124,"position":2},"title":"tra pavoni, cigni e civette..","author":"Paolo Vecchio Ciprioti","date":"15 Giugno 2017","format":false,"excerpt":"La casina delle Civette Musei di Villa Torlonia - Roma La casina delle Civette rappresenta un esempio senza confronti di architettura liberty italiana.L'edificio originario \u00e8 stato ideato nel 1840 da Giuseppe Jappelli, su incarico di Alessandro Torlonia. Il rivestimento esterno in bugnato di tufo e gli interni dipinti a tempera\u2026","rel":"","context":"In &quot;architettura&quot;","block_context":{"text":"architettura","link":"https:\/\/www.picweb.it\/blog\/index.php\/category\/architettura\/"},"img":{"alt_text":"","src":"https:\/\/i0.wp.com\/www.picweb.it\/blog\/wp-content\/uploads\/2017\/06\/Cigni-U.Bottazzi-e1497520244960.jpg?resize=350%2C200&ssl=1","width":350,"height":200,"srcset":"https:\/\/i0.wp.com\/www.picweb.it\/blog\/wp-content\/uploads\/2017\/06\/Cigni-U.Bottazzi-e1497520244960.jpg?resize=350%2C200&ssl=1 1x, https:\/\/i0.wp.com\/www.picweb.it\/blog\/wp-content\/uploads\/2017\/06\/Cigni-U.Bottazzi-e1497520244960.jpg?resize=525%2C300&ssl=1 1.5x, https:\/\/i0.wp.com\/www.picweb.it\/blog\/wp-content\/uploads\/2017\/06\/Cigni-U.Bottazzi-e1497520244960.jpg?resize=700%2C400&ssl=1 2x"},"classes":[]},{"id":391,"url":"https:\/\/www.picweb.it\/blog\/index.php\/2017\/06\/07\/la-roma-di-insolera-e\/","url_meta":{"origin":124,"position":3},"title":"La Roma di Insolera e..","author":"Paolo Vecchio Ciprioti","date":"7 Giugno 2017","format":false,"excerpt":"Gli scatti del noto architetto urbanista in mostra al Museo di Roma in Trastevere ci raccontano una citt\u00e0 ormai dimenticata nelle sue personali \u201criflessioni\u201d, ancora oggi attualissime pur nella vita e nei costumi di quando sono state fermate sulla pellicola della sua macchina fotografica.\u00a0 (..)La sua \u00e8 stata una passione\u2026","rel":"","context":"In &quot;arte&quot;","block_context":{"text":"arte","link":"https:\/\/www.picweb.it\/blog\/index.php\/category\/arte\/"},"img":{"alt_text":"","src":"https:\/\/i0.wp.com\/www.picweb.it\/blog\/wp-content\/uploads\/2017\/06\/titolo.jpg?resize=350%2C200&ssl=1","width":350,"height":200,"srcset":"https:\/\/i0.wp.com\/www.picweb.it\/blog\/wp-content\/uploads\/2017\/06\/titolo.jpg?resize=350%2C200&ssl=1 1x, https:\/\/i0.wp.com\/www.picweb.it\/blog\/wp-content\/uploads\/2017\/06\/titolo.jpg?resize=525%2C300&ssl=1 1.5x, https:\/\/i0.wp.com\/www.picweb.it\/blog\/wp-content\/uploads\/2017\/06\/titolo.jpg?resize=700%2C400&ssl=1 2x, https:\/\/i0.wp.com\/www.picweb.it\/blog\/wp-content\/uploads\/2017\/06\/titolo.jpg?resize=1050%2C600&ssl=1 3x, https:\/\/i0.wp.com\/www.picweb.it\/blog\/wp-content\/uploads\/2017\/06\/titolo.jpg?resize=1400%2C800&ssl=1 4x"},"classes":[]},{"id":134,"url":"https:\/\/www.picweb.it\/blog\/index.php\/2017\/05\/20\/virtutem-forma-decorat\/","url_meta":{"origin":124,"position":4},"title":"Virtutem Forma Decorat","author":"Paolo Vecchio Ciprioti","date":"20 Maggio 2017","format":"image","excerpt":"Un nuovo Blog di architettura Clicca qui","rel":"","context":"In &quot;social&quot;","block_context":{"text":"social","link":"https:\/\/www.picweb.it\/blog\/index.php\/category\/social\/"},"img":{"alt_text":"","src":"https:\/\/i0.wp.com\/www.picweb.it\/blog\/wp-content\/uploads\/2017\/05\/logoVirtutemFormaDecorat_bO-300x174.jpg?resize=350%2C200","width":350,"height":200},"classes":[]},{"id":733,"url":"https:\/\/www.picweb.it\/blog\/index.php\/2017\/06\/27\/raffaello-e-le-sibille\/","url_meta":{"origin":124,"position":5},"title":"Raffaello e le sibille","author":"Paolo Vecchio Ciprioti","date":"27 Giugno 2017","format":false,"excerpt":"Raffaello e la cappella Chigi a Santa Maria della Pace \u00a0 \u00a0 Una bella scoperta la cappella che si trova nella chiesa di Santa Maria della Pace, dietro Piazza Navona e Roma. Appena vi entrerete vi troverete in una splendida chiesa con decorazioni prevalentemente rinascimentali e scoprirete che alla realizzazione\u2026","rel":"","context":"In &quot;architettura&quot;","block_context":{"text":"architettura","link":"https:\/\/www.picweb.it\/blog\/index.php\/category\/architettura\/"},"img":{"alt_text":"","src":"https:\/\/i0.wp.com\/www.picweb.it\/blog\/wp-content\/uploads\/2017\/06\/sibilla-cumana-part.png?resize=350%2C200&ssl=1","width":350,"height":200},"classes":[]}],"_links":{"self":[{"href":"https:\/\/www.picweb.it\/blog\/index.php\/wp-json\/wp\/v2\/posts\/124","targetHints":{"allow":["GET"]}}],"collection":[{"href":"https:\/\/www.picweb.it\/blog\/index.php\/wp-json\/wp\/v2\/posts"}],"about":[{"href":"https:\/\/www.picweb.it\/blog\/index.php\/wp-json\/wp\/v2\/types\/post"}],"author":[{"embeddable":true,"href":"https:\/\/www.picweb.it\/blog\/index.php\/wp-json\/wp\/v2\/users\/1"}],"replies":[{"embeddable":true,"href":"https:\/\/www.picweb.it\/blog\/index.php\/wp-json\/wp\/v2\/comments?post=124"}],"version-history":[{"count":3,"href":"https:\/\/www.picweb.it\/blog\/index.php\/wp-json\/wp\/v2\/posts\/124\/revisions"}],"predecessor-version":[{"id":131,"href":"https:\/\/www.picweb.it\/blog\/index.php\/wp-json\/wp\/v2\/posts\/124\/revisions\/131"}],"wp:attachment":[{"href":"https:\/\/www.picweb.it\/blog\/index.php\/wp-json\/wp\/v2\/media?parent=124"}],"wp:term":[{"taxonomy":"category","embeddable":true,"href":"https:\/\/www.picweb.it\/blog\/index.php\/wp-json\/wp\/v2\/categories?post=124"},{"taxonomy":"post_tag","embeddable":true,"href":"https:\/\/www.picweb.it\/blog\/index.php\/wp-json\/wp\/v2\/tags?post=124"}],"curies":[{"name":"wp","href":"https:\/\/api.w.org\/{rel}","templated":true}]}}