{"id":742,"date":"2017-10-24T12:39:41","date_gmt":"2017-10-24T10:39:41","guid":{"rendered":"http:\/\/www.picweb.it\/emm\/blog\/?p=742"},"modified":"2018-03-03T18:09:15","modified_gmt":"2018-03-03T17:09:15","slug":"marciapiedi-piazze-e-strade-roma-meriterebbe-un-maggior-senso-del-decoro","status":"publish","type":"post","link":"http:\/\/www.picweb.it\/emm\/blog\/index.php\/2017\/10\/24\/marciapiedi-piazze-e-strade-roma-meriterebbe-un-maggior-senso-del-decoro\/","title":{"rendered":"Marciapiedi, piazze e strade \u2026 Roma meriterebbe un maggior senso del decoro"},"content":{"rendered":"<p>\u00abTra le antiche civilt\u00e0, Roma fu la prima e l\u2019unica ad ideare e sostenere con continuit\u00e0 una politica stradale per quasi otto secoli dal 300 a.C. fino alla caduta dell\u2019Impero Romano d\u2019Occidente (476 d.C.). I Romani restano i pi\u00f9 grandi costruttori di strade che la storia annoveri, raggiungendo con la rete delle consolari, nel periodo dell\u2019imperatore Domiziano, un insieme di 372 arterie maestre per una estensione di quasi 80.000 km (53.000 miglia romane). La storiografia pi\u00f9 recente aumenterebbe ancora questa estensione[1]\u00bb.<\/p>\n<p>Quelle strade, costruite per ragioni militari ancor prima che commerciali, erano pavimentate. La via Appia, costruita nel 312 a.C. si ritiene esser stata la prima ad essere interamente pavimentata!<\/p>\n<p>\u00abRoma, consapevole del valore fisico, istituzionale e civilizzatore delle sue strade, le celebrava anche\u00bb, erigendo i cosiddetti \u201cmiliaria\u201d, su cui, oltre che le distanze dal \u201cmiliarium aureum\u201d, posto nel Foro di Roma, \u00absi aggiunse una vera e propria azione di propaganda con lunghe epigrafi che ricordavano ai viandanti i nomi e le gesta dei costruttori. Al termine delle strade pi\u00f9 importanti, opere ancora pi\u00f9 maestose celebravano la gloria degli imperatori che avevano realizzato l\u2019itinerario.\u00bb<\/p>\n<p>Quelle strade \u00abvenivano costruite con una massicciata formata da diversi strati di materiali lapidei. Su di un primo strato di pietre grosse poste in taglio (statumen), si gettava un secondo strato di ghiaia e ciottoli (ruderatio) su cui appoggiava un terzo strato di pietrisco (nucleus). Su questo infine veniva posato il pavimento in lastricato\u00bb.<\/p>\n<figure id=\"attachment_743\" aria-describedby=\"caption-attachment-743\" style=\"width: 2048px\" class=\"wp-caption aligncenter\"><img fetchpriority=\"high\" decoding=\"async\" data-attachment-id=\"743\" data-permalink=\"http:\/\/www.picweb.it\/emm\/blog\/index.php\/2017\/10\/24\/marciapiedi-piazze-e-strade-roma-meriterebbe-un-maggior-senso-del-decoro\/segesta\/\" data-orig-file=\"http:\/\/www.picweb.it\/emm\/blog\/wp-content\/uploads\/2017\/10\/Segesta.jpg\" data-orig-size=\"2048,1152\" data-comments-opened=\"1\" data-image-meta=\"{&quot;aperture&quot;:&quot;0&quot;,&quot;credit&quot;:&quot;&quot;,&quot;camera&quot;:&quot;&quot;,&quot;caption&quot;:&quot;&quot;,&quot;created_timestamp&quot;:&quot;0&quot;,&quot;copyright&quot;:&quot;&quot;,&quot;focal_length&quot;:&quot;0&quot;,&quot;iso&quot;:&quot;0&quot;,&quot;shutter_speed&quot;:&quot;0&quot;,&quot;title&quot;:&quot;&quot;,&quot;orientation&quot;:&quot;0&quot;}\" data-image-title=\"Segesta\" data-image-description=\"\" data-image-caption=\"&lt;p&gt;Strada basolata romana che conduce al Teatro di Segesta in Sicilia&lt;\/p&gt;\n\" data-large-file=\"http:\/\/www.picweb.it\/emm\/blog\/wp-content\/uploads\/2017\/10\/Segesta-1024x576.jpg\" class=\"size-full wp-image-743\" src=\"http:\/\/www.picweb.it\/emm\/blog\/wp-content\/uploads\/2017\/10\/Segesta.jpg\" alt=\"\" width=\"2048\" height=\"1152\" srcset=\"http:\/\/www.picweb.it\/emm\/blog\/wp-content\/uploads\/2017\/10\/Segesta.jpg 2048w, http:\/\/www.picweb.it\/emm\/blog\/wp-content\/uploads\/2017\/10\/Segesta-300x169.jpg 300w, http:\/\/www.picweb.it\/emm\/blog\/wp-content\/uploads\/2017\/10\/Segesta-768x432.jpg 768w, http:\/\/www.picweb.it\/emm\/blog\/wp-content\/uploads\/2017\/10\/Segesta-1024x576.jpg 1024w, http:\/\/www.picweb.it\/emm\/blog\/wp-content\/uploads\/2017\/10\/Segesta-700x394.jpg 700w, http:\/\/www.picweb.it\/emm\/blog\/wp-content\/uploads\/2017\/10\/Segesta-520x293.jpg 520w, http:\/\/www.picweb.it\/emm\/blog\/wp-content\/uploads\/2017\/10\/Segesta-360x203.jpg 360w, http:\/\/www.picweb.it\/emm\/blog\/wp-content\/uploads\/2017\/10\/Segesta-250x141.jpg 250w, http:\/\/www.picweb.it\/emm\/blog\/wp-content\/uploads\/2017\/10\/Segesta-100x56.jpg 100w\" sizes=\"(max-width: 2048px) 100vw, 2048px\" \/><figcaption id=\"caption-attachment-743\" class=\"wp-caption-text\">Strada basolata romana che conduce al Teatro di Segesta in Sicilia<\/figcaption><\/figure>\n<p>La selce era il materiale comunemente usato per lastricare la strade romane grazie alle sue caratteristiche di durezza e resistenza; tuttavia, quando questo materiale non era disponibile, si usavano calcari, graniti, arenarie.<\/p>\n<p>In epoca pi\u00f9 recente, per\u00f2, l\u2019immagine delle pavimentazioni tipiche di Roma \u00e8 cambiata. A partire dal 1585, al fine di agevolare il transito delle carrozze, Papa Sisto V fece pavimentare Piazza San Pietro con i caratteristici blocchetti di selce apparecchiati a reticolo \u2026 dando cos\u00ec origine al tipico pavimento che prese il nome di \u201csanpietrini\u201d o \u201csampietrini\u201d.<\/p>\n<p>In citt\u00e0, le strade erano fiancheggiate da dignitosissimi marciapiedi, crepidini, rialzati dal piano stradale e pavimentati con pietra, mattone o in opus signinum.<\/p>\n<p>Negli anni a seguire, specie a partire dal 1736 quando il Pontefice era Clemente XII Corsini, Roma vide pavimentare tutte le strade dei suoi \u00a0allora 14 rioni, con questo caratteristico sistema che, dopo l\u2019unit\u00e0 d\u2019Italia divenne il modello di pavimentazione pi\u00f9 richiesto.<\/p>\n<figure id=\"attachment_744\" aria-describedby=\"caption-attachment-744\" style=\"width: 1334px\" class=\"wp-caption aligncenter\"><img decoding=\"async\" data-attachment-id=\"744\" data-permalink=\"http:\/\/www.picweb.it\/emm\/blog\/index.php\/2017\/10\/24\/marciapiedi-piazze-e-strade-roma-meriterebbe-un-maggior-senso-del-decoro\/sampietrini\/\" data-orig-file=\"http:\/\/www.picweb.it\/emm\/blog\/wp-content\/uploads\/2017\/10\/sampietrini.jpeg\" data-orig-size=\"1080,1080\" data-comments-opened=\"1\" data-image-meta=\"{&quot;aperture&quot;:&quot;0&quot;,&quot;credit&quot;:&quot;&quot;,&quot;camera&quot;:&quot;&quot;,&quot;caption&quot;:&quot;&quot;,&quot;created_timestamp&quot;:&quot;0&quot;,&quot;copyright&quot;:&quot;&quot;,&quot;focal_length&quot;:&quot;0&quot;,&quot;iso&quot;:&quot;0&quot;,&quot;shutter_speed&quot;:&quot;0&quot;,&quot;title&quot;:&quot;&quot;,&quot;orientation&quot;:&quot;0&quot;}\" data-image-title=\"sampietrini\" data-image-description=\"\" data-image-caption=\"&lt;p&gt;Sanpietrini di Roma&lt;\/p&gt;\n\" data-large-file=\"http:\/\/www.picweb.it\/emm\/blog\/wp-content\/uploads\/2017\/10\/sampietrini-1024x1024.jpeg\" class=\" wp-image-744\" src=\"http:\/\/www.picweb.it\/emm\/blog\/wp-content\/uploads\/2017\/10\/sampietrini.jpeg\" alt=\"\" width=\"1334\" height=\"1334\" srcset=\"http:\/\/www.picweb.it\/emm\/blog\/wp-content\/uploads\/2017\/10\/sampietrini.jpeg 1080w, http:\/\/www.picweb.it\/emm\/blog\/wp-content\/uploads\/2017\/10\/sampietrini-150x150.jpeg 150w, http:\/\/www.picweb.it\/emm\/blog\/wp-content\/uploads\/2017\/10\/sampietrini-300x300.jpeg 300w, http:\/\/www.picweb.it\/emm\/blog\/wp-content\/uploads\/2017\/10\/sampietrini-768x768.jpeg 768w, http:\/\/www.picweb.it\/emm\/blog\/wp-content\/uploads\/2017\/10\/sampietrini-1024x1024.jpeg 1024w, http:\/\/www.picweb.it\/emm\/blog\/wp-content\/uploads\/2017\/10\/sampietrini-700x700.jpeg 700w, http:\/\/www.picweb.it\/emm\/blog\/wp-content\/uploads\/2017\/10\/sampietrini-520x520.jpeg 520w, http:\/\/www.picweb.it\/emm\/blog\/wp-content\/uploads\/2017\/10\/sampietrini-360x360.jpeg 360w, http:\/\/www.picweb.it\/emm\/blog\/wp-content\/uploads\/2017\/10\/sampietrini-250x250.jpeg 250w, http:\/\/www.picweb.it\/emm\/blog\/wp-content\/uploads\/2017\/10\/sampietrini-100x100.jpeg 100w\" sizes=\"(max-width: 1334px) 100vw, 1334px\" \/><figcaption id=\"caption-attachment-744\" class=\"wp-caption-text\">Sanpietrini di Roma (foto di Valentina Cinelli)<\/figcaption><\/figure>\n<p>Pensando allo squallore dei giorni nostri, appare quasi impossibile poter pensare che Roma abbia realizzato le prime pavimentazioni, esportando modelli ripresi ovunque nel mondo!<\/p>\n<p>Chi oggi passeggi per le strade di Roma infatti, nella stragrande maggioranza dei casi, si trova a dover passeggiare su orribili pavimentazioni in asfalto, frutto di decine di ripetuti rattoppi che, oltre ad aver fatto crescere il livello stradale, rendendo sempre pi\u00f9 impermeabile il suolo, hanno reso strade e marciapiedi di una bruttezza indicibile.<\/p>\n<p>Se solo i cameramen del film \u201cLa grande bellezza\u201d avessero filmato Roma ad altezza strade, piuttosto che inquadrando le facciate degli edifici, probabilmente il titolo sarebbe divenuto \u201cLa grande schifezza\u201d.<\/p>\n<figure id=\"attachment_745\" aria-describedby=\"caption-attachment-745\" style=\"width: 1364px\" class=\"wp-caption aligncenter\"><img decoding=\"async\" data-attachment-id=\"745\" data-permalink=\"http:\/\/www.picweb.it\/emm\/blog\/index.php\/2017\/10\/24\/marciapiedi-piazze-e-strade-roma-meriterebbe-un-maggior-senso-del-decoro\/cartello-cani-2\/\" data-orig-file=\"http:\/\/www.picweb.it\/emm\/blog\/wp-content\/uploads\/2017\/10\/cartello-cani-2.jpg\" data-orig-size=\"1890,1248\" data-comments-opened=\"1\" data-image-meta=\"{&quot;aperture&quot;:&quot;0&quot;,&quot;credit&quot;:&quot;&quot;,&quot;camera&quot;:&quot;&quot;,&quot;caption&quot;:&quot;&quot;,&quot;created_timestamp&quot;:&quot;0&quot;,&quot;copyright&quot;:&quot;&quot;,&quot;focal_length&quot;:&quot;0&quot;,&quot;iso&quot;:&quot;0&quot;,&quot;shutter_speed&quot;:&quot;0&quot;,&quot;title&quot;:&quot;&quot;,&quot;orientation&quot;:&quot;0&quot;}\" data-image-title=\"cartello cani-2\" data-image-description=\"\" data-image-caption=\"&lt;p&gt;Incivilt\u00e0 dei proprietari di cani e messaggio a loro diretto \u2026 probabilmente un pavimento pi\u00f9 dignitoso verrebbe rispettato anche dagli incivili&lt;\/p&gt;\n\" data-large-file=\"http:\/\/www.picweb.it\/emm\/blog\/wp-content\/uploads\/2017\/10\/cartello-cani-2-1024x676.jpg\" class=\" wp-image-745\" src=\"http:\/\/www.picweb.it\/emm\/blog\/wp-content\/uploads\/2017\/10\/cartello-cani-2.jpg\" alt=\"\" width=\"1364\" height=\"900\" srcset=\"http:\/\/www.picweb.it\/emm\/blog\/wp-content\/uploads\/2017\/10\/cartello-cani-2.jpg 1890w, http:\/\/www.picweb.it\/emm\/blog\/wp-content\/uploads\/2017\/10\/cartello-cani-2-300x198.jpg 300w, http:\/\/www.picweb.it\/emm\/blog\/wp-content\/uploads\/2017\/10\/cartello-cani-2-768x507.jpg 768w, http:\/\/www.picweb.it\/emm\/blog\/wp-content\/uploads\/2017\/10\/cartello-cani-2-1024x676.jpg 1024w, http:\/\/www.picweb.it\/emm\/blog\/wp-content\/uploads\/2017\/10\/cartello-cani-2-700x462.jpg 700w, http:\/\/www.picweb.it\/emm\/blog\/wp-content\/uploads\/2017\/10\/cartello-cani-2-520x343.jpg 520w, http:\/\/www.picweb.it\/emm\/blog\/wp-content\/uploads\/2017\/10\/cartello-cani-2-360x238.jpg 360w, http:\/\/www.picweb.it\/emm\/blog\/wp-content\/uploads\/2017\/10\/cartello-cani-2-250x165.jpg 250w, http:\/\/www.picweb.it\/emm\/blog\/wp-content\/uploads\/2017\/10\/cartello-cani-2-100x66.jpg 100w\" sizes=\"(max-width: 1364px) 100vw, 1364px\" \/><figcaption id=\"caption-attachment-745\" class=\"wp-caption-text\">Incivilt\u00e0 dei proprietari di cani e messaggio a loro diretto \u2026 probabilmente un pavimento pi\u00f9 dignitoso verrebbe rispettato anche dagli incivili<\/figcaption><\/figure>\n<figure id=\"attachment_746\" aria-describedby=\"caption-attachment-746\" style=\"width: 1355px\" class=\"wp-caption aligncenter\"><img loading=\"lazy\" decoding=\"async\" data-attachment-id=\"746\" data-permalink=\"http:\/\/www.picweb.it\/emm\/blog\/index.php\/2017\/10\/24\/marciapiedi-piazze-e-strade-roma-meriterebbe-un-maggior-senso-del-decoro\/trastevere-via-induno\/\" data-orig-file=\"http:\/\/www.picweb.it\/emm\/blog\/wp-content\/uploads\/2017\/10\/Trastevere-via-Induno-e1508840418375.jpg\" data-orig-size=\"1200,1599\" data-comments-opened=\"1\" data-image-meta=\"{&quot;aperture&quot;:&quot;0&quot;,&quot;credit&quot;:&quot;&quot;,&quot;camera&quot;:&quot;&quot;,&quot;caption&quot;:&quot;&quot;,&quot;created_timestamp&quot;:&quot;0&quot;,&quot;copyright&quot;:&quot;&quot;,&quot;focal_length&quot;:&quot;0&quot;,&quot;iso&quot;:&quot;0&quot;,&quot;shutter_speed&quot;:&quot;0&quot;,&quot;title&quot;:&quot;&quot;,&quot;orientation&quot;:&quot;0&quot;}\" data-image-title=\"Trastevere via Induno\" data-image-description=\"\" data-image-caption=\"&lt;p&gt;Marciapiede in asfalto e pavimentazione stradale in sanpietrini ricoperti d\u2019asfalto in Via Induno a Trastevere&lt;\/p&gt;\n\" data-large-file=\"http:\/\/www.picweb.it\/emm\/blog\/wp-content\/uploads\/2017\/10\/Trastevere-via-Induno-e1508840418375-768x1024.jpg\" class=\" wp-image-746\" src=\"http:\/\/www.picweb.it\/emm\/blog\/wp-content\/uploads\/2017\/10\/Trastevere-via-Induno-e1508840418375.jpg\" alt=\"\" width=\"1355\" height=\"1806\" srcset=\"http:\/\/www.picweb.it\/emm\/blog\/wp-content\/uploads\/2017\/10\/Trastevere-via-Induno-e1508840418375.jpg 1200w, http:\/\/www.picweb.it\/emm\/blog\/wp-content\/uploads\/2017\/10\/Trastevere-via-Induno-e1508840418375-225x300.jpg 225w, http:\/\/www.picweb.it\/emm\/blog\/wp-content\/uploads\/2017\/10\/Trastevere-via-Induno-e1508840418375-768x1024.jpg 768w, http:\/\/www.picweb.it\/emm\/blog\/wp-content\/uploads\/2017\/10\/Trastevere-via-Induno-e1508840418375-700x933.jpg 700w, http:\/\/www.picweb.it\/emm\/blog\/wp-content\/uploads\/2017\/10\/Trastevere-via-Induno-e1508840418375-520x693.jpg 520w, http:\/\/www.picweb.it\/emm\/blog\/wp-content\/uploads\/2017\/10\/Trastevere-via-Induno-e1508840418375-360x480.jpg 360w, http:\/\/www.picweb.it\/emm\/blog\/wp-content\/uploads\/2017\/10\/Trastevere-via-Induno-e1508840418375-250x333.jpg 250w, http:\/\/www.picweb.it\/emm\/blog\/wp-content\/uploads\/2017\/10\/Trastevere-via-Induno-e1508840418375-100x133.jpg 100w\" sizes=\"(max-width: 1355px) 100vw, 1355px\" \/><figcaption id=\"caption-attachment-746\" class=\"wp-caption-text\">Marciapiede in asfalto e pavimentazione stradale in sanpietrini ricoperti d\u2019asfalto in Via Induno a Trastevere<\/figcaption><\/figure>\n<figure id=\"attachment_747\" aria-describedby=\"caption-attachment-747\" style=\"width: 1358px\" class=\"wp-caption aligncenter\"><img loading=\"lazy\" decoding=\"async\" data-attachment-id=\"747\" data-permalink=\"http:\/\/www.picweb.it\/emm\/blog\/index.php\/2017\/10\/24\/marciapiedi-piazze-e-strade-roma-meriterebbe-un-maggior-senso-del-decoro\/viale-manzoni\/\" data-orig-file=\"http:\/\/www.picweb.it\/emm\/blog\/wp-content\/uploads\/2017\/10\/viale-Manzoni.jpg\" data-orig-size=\"2592,1944\" data-comments-opened=\"1\" data-image-meta=\"{&quot;aperture&quot;:&quot;0&quot;,&quot;credit&quot;:&quot;&quot;,&quot;camera&quot;:&quot;&quot;,&quot;caption&quot;:&quot;&quot;,&quot;created_timestamp&quot;:&quot;0&quot;,&quot;copyright&quot;:&quot;&quot;,&quot;focal_length&quot;:&quot;0&quot;,&quot;iso&quot;:&quot;0&quot;,&quot;shutter_speed&quot;:&quot;0&quot;,&quot;title&quot;:&quot;&quot;,&quot;orientation&quot;:&quot;0&quot;}\" data-image-title=\"viale Manzoni\" data-image-description=\"\" data-image-caption=\"&lt;p&gt;Marciapiede lungo viale Manzoni a Roma&lt;\/p&gt;\n\" data-large-file=\"http:\/\/www.picweb.it\/emm\/blog\/wp-content\/uploads\/2017\/10\/viale-Manzoni-1024x768.jpg\" class=\" wp-image-747\" src=\"http:\/\/www.picweb.it\/emm\/blog\/wp-content\/uploads\/2017\/10\/viale-Manzoni.jpg\" alt=\"\" width=\"1358\" height=\"1019\" srcset=\"http:\/\/www.picweb.it\/emm\/blog\/wp-content\/uploads\/2017\/10\/viale-Manzoni.jpg 2592w, http:\/\/www.picweb.it\/emm\/blog\/wp-content\/uploads\/2017\/10\/viale-Manzoni-300x225.jpg 300w, http:\/\/www.picweb.it\/emm\/blog\/wp-content\/uploads\/2017\/10\/viale-Manzoni-768x576.jpg 768w, http:\/\/www.picweb.it\/emm\/blog\/wp-content\/uploads\/2017\/10\/viale-Manzoni-1024x768.jpg 1024w, http:\/\/www.picweb.it\/emm\/blog\/wp-content\/uploads\/2017\/10\/viale-Manzoni-700x525.jpg 700w, http:\/\/www.picweb.it\/emm\/blog\/wp-content\/uploads\/2017\/10\/viale-Manzoni-520x390.jpg 520w, http:\/\/www.picweb.it\/emm\/blog\/wp-content\/uploads\/2017\/10\/viale-Manzoni-360x270.jpg 360w, http:\/\/www.picweb.it\/emm\/blog\/wp-content\/uploads\/2017\/10\/viale-Manzoni-250x188.jpg 250w, http:\/\/www.picweb.it\/emm\/blog\/wp-content\/uploads\/2017\/10\/viale-Manzoni-100x75.jpg 100w\" sizes=\"(max-width: 1358px) 100vw, 1358px\" \/><figcaption id=\"caption-attachment-747\" class=\"wp-caption-text\">Marciapiede lungo viale Manzoni a Roma<\/figcaption><\/figure>\n<figure id=\"attachment_748\" aria-describedby=\"caption-attachment-748\" style=\"width: 1371px\" class=\"wp-caption alignnone\"><img loading=\"lazy\" decoding=\"async\" data-attachment-id=\"748\" data-permalink=\"http:\/\/www.picweb.it\/emm\/blog\/index.php\/2017\/10\/24\/marciapiedi-piazze-e-strade-roma-meriterebbe-un-maggior-senso-del-decoro\/buche2\/\" data-orig-file=\"http:\/\/www.picweb.it\/emm\/blog\/wp-content\/uploads\/2017\/10\/buche2.jpg\" data-orig-size=\"1600,1200\" data-comments-opened=\"1\" data-image-meta=\"{&quot;aperture&quot;:&quot;0&quot;,&quot;credit&quot;:&quot;&quot;,&quot;camera&quot;:&quot;&quot;,&quot;caption&quot;:&quot;&quot;,&quot;created_timestamp&quot;:&quot;0&quot;,&quot;copyright&quot;:&quot;&quot;,&quot;focal_length&quot;:&quot;0&quot;,&quot;iso&quot;:&quot;0&quot;,&quot;shutter_speed&quot;:&quot;0&quot;,&quot;title&quot;:&quot;&quot;,&quot;orientation&quot;:&quot;0&quot;}\" data-image-title=\"buche2\" data-image-description=\"\" data-image-caption=\"&lt;p&gt;Pavimentazione tipica dei marciapiedi romani&lt;\/p&gt;\n\" data-large-file=\"http:\/\/www.picweb.it\/emm\/blog\/wp-content\/uploads\/2017\/10\/buche2-1024x768.jpg\" class=\" wp-image-748\" src=\"http:\/\/www.picweb.it\/emm\/blog\/wp-content\/uploads\/2017\/10\/buche2.jpg\" alt=\"\" width=\"1371\" height=\"1029\" srcset=\"http:\/\/www.picweb.it\/emm\/blog\/wp-content\/uploads\/2017\/10\/buche2.jpg 1600w, http:\/\/www.picweb.it\/emm\/blog\/wp-content\/uploads\/2017\/10\/buche2-300x225.jpg 300w, http:\/\/www.picweb.it\/emm\/blog\/wp-content\/uploads\/2017\/10\/buche2-768x576.jpg 768w, http:\/\/www.picweb.it\/emm\/blog\/wp-content\/uploads\/2017\/10\/buche2-1024x768.jpg 1024w, http:\/\/www.picweb.it\/emm\/blog\/wp-content\/uploads\/2017\/10\/buche2-700x525.jpg 700w, http:\/\/www.picweb.it\/emm\/blog\/wp-content\/uploads\/2017\/10\/buche2-520x390.jpg 520w, http:\/\/www.picweb.it\/emm\/blog\/wp-content\/uploads\/2017\/10\/buche2-360x270.jpg 360w, http:\/\/www.picweb.it\/emm\/blog\/wp-content\/uploads\/2017\/10\/buche2-250x188.jpg 250w, http:\/\/www.picweb.it\/emm\/blog\/wp-content\/uploads\/2017\/10\/buche2-100x75.jpg 100w\" sizes=\"(max-width: 1371px) 100vw, 1371px\" \/><figcaption id=\"caption-attachment-748\" class=\"wp-caption-text\">Pavimentazione tipica dei marciapiedi romani<\/figcaption><\/figure>\n<figure id=\"attachment_749\" aria-describedby=\"caption-attachment-749\" style=\"width: 1359px\" class=\"wp-caption aligncenter\"><img loading=\"lazy\" decoding=\"async\" data-attachment-id=\"749\" data-permalink=\"http:\/\/www.picweb.it\/emm\/blog\/index.php\/2017\/10\/24\/marciapiedi-piazze-e-strade-roma-meriterebbe-un-maggior-senso-del-decoro\/via-pelagosa-iii-municipio\/\" data-orig-file=\"http:\/\/www.picweb.it\/emm\/blog\/wp-content\/uploads\/2017\/10\/via-Pelagosa-III-Municipio.jpg\" data-orig-size=\"2000,1125\" data-comments-opened=\"1\" data-image-meta=\"{&quot;aperture&quot;:&quot;0&quot;,&quot;credit&quot;:&quot;&quot;,&quot;camera&quot;:&quot;&quot;,&quot;caption&quot;:&quot;&quot;,&quot;created_timestamp&quot;:&quot;0&quot;,&quot;copyright&quot;:&quot;&quot;,&quot;focal_length&quot;:&quot;0&quot;,&quot;iso&quot;:&quot;0&quot;,&quot;shutter_speed&quot;:&quot;0&quot;,&quot;title&quot;:&quot;&quot;,&quot;orientation&quot;:&quot;0&quot;}\" data-image-title=\"via Pelagosa III Municipio\" data-image-description=\"\" data-image-caption=\"&lt;p&gt;Drammatica pavimentazione lungo via Pelagosa al III Municipio di Roma&lt;\/p&gt;\n\" data-large-file=\"http:\/\/www.picweb.it\/emm\/blog\/wp-content\/uploads\/2017\/10\/via-Pelagosa-III-Municipio-1024x576.jpg\" class=\" wp-image-749\" src=\"http:\/\/www.picweb.it\/emm\/blog\/wp-content\/uploads\/2017\/10\/via-Pelagosa-III-Municipio.jpg\" alt=\"\" width=\"1359\" height=\"765\" srcset=\"http:\/\/www.picweb.it\/emm\/blog\/wp-content\/uploads\/2017\/10\/via-Pelagosa-III-Municipio.jpg 2000w, http:\/\/www.picweb.it\/emm\/blog\/wp-content\/uploads\/2017\/10\/via-Pelagosa-III-Municipio-300x169.jpg 300w, http:\/\/www.picweb.it\/emm\/blog\/wp-content\/uploads\/2017\/10\/via-Pelagosa-III-Municipio-768x432.jpg 768w, http:\/\/www.picweb.it\/emm\/blog\/wp-content\/uploads\/2017\/10\/via-Pelagosa-III-Municipio-1024x576.jpg 1024w, http:\/\/www.picweb.it\/emm\/blog\/wp-content\/uploads\/2017\/10\/via-Pelagosa-III-Municipio-700x394.jpg 700w, http:\/\/www.picweb.it\/emm\/blog\/wp-content\/uploads\/2017\/10\/via-Pelagosa-III-Municipio-520x293.jpg 520w, http:\/\/www.picweb.it\/emm\/blog\/wp-content\/uploads\/2017\/10\/via-Pelagosa-III-Municipio-360x203.jpg 360w, http:\/\/www.picweb.it\/emm\/blog\/wp-content\/uploads\/2017\/10\/via-Pelagosa-III-Municipio-250x141.jpg 250w, http:\/\/www.picweb.it\/emm\/blog\/wp-content\/uploads\/2017\/10\/via-Pelagosa-III-Municipio-100x56.jpg 100w\" sizes=\"(max-width: 1359px) 100vw, 1359px\" \/><figcaption id=\"caption-attachment-749\" class=\"wp-caption-text\">Drammatica pavimentazione lungo via Pelagosa al III Municipio di Roma<\/figcaption><\/figure>\n<p>Chi cammina per le strade romane, quando \u00e8 cos\u00ec fortunato da non sporcarsi le scarpe con qualche ricordino lasciato sul pavimento dal proprietario (troglodita) di un cane, rischia comunque di rompersi una caviglia finendo con un piede in una buca o su un dislivello della superficie asfaltata sollevata dalle radici o dalle erbacce, sempre pi\u00f9 infestanti ed ignorate.<\/p>\n<p>Viene davvero da chiedersi come sia possibile che Roma, la creatrice di strade pavimentate, possa essersi ridotta ad avere pavimentazioni cos\u00ec ignobili! Manco a dire che l\u2019asfalto sia un materiale locale, visto che in Italia l\u2019asfalto viene estratto in Sicilia, a Ragusa \u2026 citt\u00e0 meravigliosa che, tra l\u2019altro, si guarda bene dall\u2019usare questo materiale immondo per le sue pavimentazioni! Quindi mi chiedo ancora una volta: perch\u00e9 noi?<\/p>\n<figure id=\"attachment_751\" aria-describedby=\"caption-attachment-751\" style=\"width: 1366px\" class=\"wp-caption aligncenter\"><img loading=\"lazy\" decoding=\"async\" data-attachment-id=\"751\" data-permalink=\"http:\/\/www.picweb.it\/emm\/blog\/index.php\/2017\/10\/24\/marciapiedi-piazze-e-strade-roma-meriterebbe-un-maggior-senso-del-decoro\/ragusa-ibla-salita-duomo-2\/\" data-orig-file=\"http:\/\/www.picweb.it\/emm\/blog\/wp-content\/uploads\/2017\/10\/RAgusa-Ibla-salita-duomo-1.jpg\" data-orig-size=\"1595,1240\" data-comments-opened=\"1\" data-image-meta=\"{&quot;aperture&quot;:&quot;0&quot;,&quot;credit&quot;:&quot;&quot;,&quot;camera&quot;:&quot;&quot;,&quot;caption&quot;:&quot;&quot;,&quot;created_timestamp&quot;:&quot;1228563771&quot;,&quot;copyright&quot;:&quot;&quot;,&quot;focal_length&quot;:&quot;0&quot;,&quot;iso&quot;:&quot;0&quot;,&quot;shutter_speed&quot;:&quot;0&quot;,&quot;title&quot;:&quot;&quot;,&quot;orientation&quot;:&quot;0&quot;}\" data-image-title=\"RAgusa Ibla salita-duomo\" data-image-description=\"\" data-image-caption=\"&lt;p&gt;Ragusa Ibla, la pavimentazione lapidea della salita del Duomo&lt;\/p&gt;\n\" data-large-file=\"http:\/\/www.picweb.it\/emm\/blog\/wp-content\/uploads\/2017\/10\/RAgusa-Ibla-salita-duomo-1-1024x796.jpg\" class=\" wp-image-751\" src=\"http:\/\/www.picweb.it\/emm\/blog\/wp-content\/uploads\/2017\/10\/RAgusa-Ibla-salita-duomo-1.jpg\" alt=\"\" width=\"1366\" height=\"1062\" srcset=\"http:\/\/www.picweb.it\/emm\/blog\/wp-content\/uploads\/2017\/10\/RAgusa-Ibla-salita-duomo-1.jpg 1595w, http:\/\/www.picweb.it\/emm\/blog\/wp-content\/uploads\/2017\/10\/RAgusa-Ibla-salita-duomo-1-300x233.jpg 300w, http:\/\/www.picweb.it\/emm\/blog\/wp-content\/uploads\/2017\/10\/RAgusa-Ibla-salita-duomo-1-768x597.jpg 768w, http:\/\/www.picweb.it\/emm\/blog\/wp-content\/uploads\/2017\/10\/RAgusa-Ibla-salita-duomo-1-1024x796.jpg 1024w, http:\/\/www.picweb.it\/emm\/blog\/wp-content\/uploads\/2017\/10\/RAgusa-Ibla-salita-duomo-1-700x544.jpg 700w, http:\/\/www.picweb.it\/emm\/blog\/wp-content\/uploads\/2017\/10\/RAgusa-Ibla-salita-duomo-1-520x404.jpg 520w, http:\/\/www.picweb.it\/emm\/blog\/wp-content\/uploads\/2017\/10\/RAgusa-Ibla-salita-duomo-1-360x280.jpg 360w, http:\/\/www.picweb.it\/emm\/blog\/wp-content\/uploads\/2017\/10\/RAgusa-Ibla-salita-duomo-1-250x194.jpg 250w, http:\/\/www.picweb.it\/emm\/blog\/wp-content\/uploads\/2017\/10\/RAgusa-Ibla-salita-duomo-1-100x78.jpg 100w\" sizes=\"(max-width: 1366px) 100vw, 1366px\" \/><figcaption id=\"caption-attachment-751\" class=\"wp-caption-text\">Ragusa Ibla, la pavimentazione lapidea della salita del Duomo<\/figcaption><\/figure>\n<p>Tutto il mondo civile ha compreso che una corretta pavimentazione sia un modo per nobilitare le citt\u00e0. Le nostre strade, le nostra piazze, sono da considerarsi degli ambienti al pari delle nostre stanze di casa, e nessuno si sognerebbe di pavimentare il proprio salotto con l\u2019asfalto rappezzato!<\/p>\n<p>Una corretta pavimentazione, mostrando il rispetto per il senso del decoro da parte degli amministratori pubblici che l\u2019hanno realizzata, aiuta ad educare al rispetto anche il peggior troglodita che lascia sull\u2019asfalto il ricordino del suo cane.<\/p>\n<p>Una pavimentazione che impieghi materiali nobili, risulta anche pi\u00f9 economica da riparare, poich\u00e9 in caso di necessit\u00e0 non occorrer\u00e0 ripavimentare un\u2019intera strada, ma solo smontare e riposare gli elementi lapidei o laterizi rimossi \u2026 quel rifacimento, tra l\u2019altro, diversamente dalle pezze di asfalto, risulter\u00e0 invisibile!<\/p>\n<p>Per analogia voglio ricordare che, sin dai primi del Novecento, si era studiato il fenomeno relativo al comportamento degli abitanti del quartiere Testaccio, prima e dopo la \u201ccura progettuale\u201d di Magni e Pirani in ottemperanza delle richieste del \u201cComitato per il Miglioramento Economico e Morale di Testaccio\u201d \u2026 quel miglioramento comportamentale risult\u00f2 talmente evidente da portare, nel 1918, l\u2019Istituto per le Case Popolari a coniare lo slogan \u201cLa casa sana ed educatrice\u201d[2].<\/p>\n<p>A distanza di anni, nel 1927, anche Alberto Calza Bini tenne a ricordare come \u00ab[\u2026] l\u2019Ente dedic\u00f2 le maggiori cure affinch\u00e9 la concezione tecnica fosse indissolubile da quella artistica per la casa sana ed educatrice. Una citt\u00e0 di superbe tradizioni di arte e di bellezza quale Roma impone infatti una dignit\u00e0 architettonica tanto pi\u00f9 necessaria in questo periodo di rifiorimento civile [\u2026]\u00bb.<\/p>\n<p>Se gli studi di quell\u2019epoca provarono che, realizzando degli edifici in grado di sviluppare il senso di appartenenza dei residenti, aiutava ad educare le persone e a prevenire gli atti di violenza verso gli immobili, evidentemente accadrebbe lo stesso se i pavimenti dei marciapiedi e piazze, piuttosto che apparire sciatti e abbandonati, tornassero ad essere pavimentati con materiali e disegni pi\u00f9 decorosi.<\/p>\n<p>Anche gli edifici della citt\u00e0 ne trarrebbero vantaggio.<\/p>\n<p>Del resto ammettiamolo, ma quanto \u00e8 bello passeggiare per delle strade, anche secondarie, quando il pavimento ci appare come un tappeto steso sotto i nostri piedi?<\/p>\n<p>Per passione e per lavoro mi capita di girare il mondo in lungo e largo, e ogni volta che mi trovo all\u2019estero, anche in cittadine poco conosciute, mi interrogo sul perch\u00e9, in altre realt\u00e0, ci sia maggior rispetto per le pavimentazioni, anche in zone periferiche!<\/p>\n<p>Volendo invitare tutti a riflettere su quanto ho avuto modo di esporre, riporto di seguito qualche foto scattata durante alcuni dei miei viaggi \u2026 hai visto mai che qualcuno, punto nell\u2019orgoglio, non decida di promuovere una campagna per pavimentare dignitosamente tutte le nostre citt\u00e0?<\/p>\n<p>Guardando le foto vi invito a notare come, anche in caso di traffico pesante \u2013 come nel caso di Bruges \u2013 le pavimentazioni risultino in perfetto stato di conservazione \u2026 non \u00e8 vero che i sanpietrini rappresentino un pericolo, come denunciano i motociclisti e le persone in malafede, semmai occorrerebbe apparecchiarli correttamente e, soprattutto, evitare che le tubazioni e fogne sottostanti disperdano acqua nel terreno, facendolo cedere sotto il peso degli automezzi, oppure semplicemente a causa degli assestamenti!<\/p>\n<figure id=\"attachment_752\" aria-describedby=\"caption-attachment-752\" style=\"width: 1363px\" class=\"wp-caption aligncenter\"><img loading=\"lazy\" decoding=\"async\" data-attachment-id=\"752\" data-permalink=\"http:\/\/www.picweb.it\/emm\/blog\/index.php\/2017\/10\/24\/marciapiedi-piazze-e-strade-roma-meriterebbe-un-maggior-senso-del-decoro\/esquelbecq\/\" data-orig-file=\"http:\/\/www.picweb.it\/emm\/blog\/wp-content\/uploads\/2017\/10\/Esquelbecq.jpg\" data-orig-size=\"2048,1536\" data-comments-opened=\"1\" data-image-meta=\"{&quot;aperture&quot;:&quot;0&quot;,&quot;credit&quot;:&quot;&quot;,&quot;camera&quot;:&quot;&quot;,&quot;caption&quot;:&quot;&quot;,&quot;created_timestamp&quot;:&quot;0&quot;,&quot;copyright&quot;:&quot;&quot;,&quot;focal_length&quot;:&quot;0&quot;,&quot;iso&quot;:&quot;0&quot;,&quot;shutter_speed&quot;:&quot;0&quot;,&quot;title&quot;:&quot;&quot;,&quot;orientation&quot;:&quot;0&quot;}\" data-image-title=\"Esquelbecq\" data-image-description=\"\" data-image-caption=\"&lt;p&gt;Francia \u2013 Regione Nord Pas de Calais, pavimentazione di uno slargo di Esquelbecq&lt;\/p&gt;\n\" data-large-file=\"http:\/\/www.picweb.it\/emm\/blog\/wp-content\/uploads\/2017\/10\/Esquelbecq-1024x768.jpg\" class=\" wp-image-752\" src=\"http:\/\/www.picweb.it\/emm\/blog\/wp-content\/uploads\/2017\/10\/Esquelbecq.jpg\" alt=\"\" width=\"1363\" height=\"1022\" srcset=\"http:\/\/www.picweb.it\/emm\/blog\/wp-content\/uploads\/2017\/10\/Esquelbecq.jpg 2048w, http:\/\/www.picweb.it\/emm\/blog\/wp-content\/uploads\/2017\/10\/Esquelbecq-300x225.jpg 300w, http:\/\/www.picweb.it\/emm\/blog\/wp-content\/uploads\/2017\/10\/Esquelbecq-768x576.jpg 768w, http:\/\/www.picweb.it\/emm\/blog\/wp-content\/uploads\/2017\/10\/Esquelbecq-1024x768.jpg 1024w, http:\/\/www.picweb.it\/emm\/blog\/wp-content\/uploads\/2017\/10\/Esquelbecq-700x525.jpg 700w, http:\/\/www.picweb.it\/emm\/blog\/wp-content\/uploads\/2017\/10\/Esquelbecq-520x390.jpg 520w, http:\/\/www.picweb.it\/emm\/blog\/wp-content\/uploads\/2017\/10\/Esquelbecq-360x270.jpg 360w, http:\/\/www.picweb.it\/emm\/blog\/wp-content\/uploads\/2017\/10\/Esquelbecq-250x188.jpg 250w, http:\/\/www.picweb.it\/emm\/blog\/wp-content\/uploads\/2017\/10\/Esquelbecq-100x75.jpg 100w\" sizes=\"(max-width: 1363px) 100vw, 1363px\" \/><figcaption id=\"caption-attachment-752\" class=\"wp-caption-text\">Francia \u2013 Regione Nord Pas de Calais, pavimentazione di uno slargo di Esquelbecq<\/figcaption><\/figure>\n<figure id=\"attachment_753\" aria-describedby=\"caption-attachment-753\" style=\"width: 1257px\" class=\"wp-caption aligncenter\"><img loading=\"lazy\" decoding=\"async\" data-attachment-id=\"753\" data-permalink=\"http:\/\/www.picweb.it\/emm\/blog\/index.php\/2017\/10\/24\/marciapiedi-piazze-e-strade-roma-meriterebbe-un-maggior-senso-del-decoro\/dunkerque\/\" data-orig-file=\"http:\/\/www.picweb.it\/emm\/blog\/wp-content\/uploads\/2017\/10\/Dunkerque.jpg\" data-orig-size=\"720,960\" data-comments-opened=\"1\" data-image-meta=\"{&quot;aperture&quot;:&quot;0&quot;,&quot;credit&quot;:&quot;&quot;,&quot;camera&quot;:&quot;&quot;,&quot;caption&quot;:&quot;&quot;,&quot;created_timestamp&quot;:&quot;0&quot;,&quot;copyright&quot;:&quot;&quot;,&quot;focal_length&quot;:&quot;0&quot;,&quot;iso&quot;:&quot;0&quot;,&quot;shutter_speed&quot;:&quot;0&quot;,&quot;title&quot;:&quot;&quot;,&quot;orientation&quot;:&quot;0&quot;}\" data-image-title=\"Dunkerque\" data-image-description=\"\" data-image-caption=\"&lt;p&gt;Francia, Dunkerque, pavimentazione (e decorazione floreale) lungo i marciapiedi del centro abitato&lt;\/p&gt;\n\" data-large-file=\"http:\/\/www.picweb.it\/emm\/blog\/wp-content\/uploads\/2017\/10\/Dunkerque.jpg\" class=\" wp-image-753\" src=\"http:\/\/www.picweb.it\/emm\/blog\/wp-content\/uploads\/2017\/10\/Dunkerque.jpg\" alt=\"\" width=\"1257\" height=\"1676\" srcset=\"http:\/\/www.picweb.it\/emm\/blog\/wp-content\/uploads\/2017\/10\/Dunkerque.jpg 720w, http:\/\/www.picweb.it\/emm\/blog\/wp-content\/uploads\/2017\/10\/Dunkerque-225x300.jpg 225w, http:\/\/www.picweb.it\/emm\/blog\/wp-content\/uploads\/2017\/10\/Dunkerque-700x933.jpg 700w, http:\/\/www.picweb.it\/emm\/blog\/wp-content\/uploads\/2017\/10\/Dunkerque-520x693.jpg 520w, http:\/\/www.picweb.it\/emm\/blog\/wp-content\/uploads\/2017\/10\/Dunkerque-360x480.jpg 360w, http:\/\/www.picweb.it\/emm\/blog\/wp-content\/uploads\/2017\/10\/Dunkerque-250x333.jpg 250w, http:\/\/www.picweb.it\/emm\/blog\/wp-content\/uploads\/2017\/10\/Dunkerque-100x133.jpg 100w\" sizes=\"(max-width: 1257px) 100vw, 1257px\" \/><figcaption id=\"caption-attachment-753\" class=\"wp-caption-text\">Francia, Dunkerque, pavimentazione (e decorazione floreale) lungo i marciapiedi del centro abitato<\/figcaption><\/figure>\n<figure id=\"attachment_754\" aria-describedby=\"caption-attachment-754\" style=\"width: 1347px\" class=\"wp-caption aligncenter\"><img loading=\"lazy\" decoding=\"async\" data-attachment-id=\"754\" data-permalink=\"http:\/\/www.picweb.it\/emm\/blog\/index.php\/2017\/10\/24\/marciapiedi-piazze-e-strade-roma-meriterebbe-un-maggior-senso-del-decoro\/lille-2\/\" data-orig-file=\"http:\/\/www.picweb.it\/emm\/blog\/wp-content\/uploads\/2017\/10\/Lille.jpg\" data-orig-size=\"2048,1536\" data-comments-opened=\"1\" data-image-meta=\"{&quot;aperture&quot;:&quot;0&quot;,&quot;credit&quot;:&quot;&quot;,&quot;camera&quot;:&quot;&quot;,&quot;caption&quot;:&quot;&quot;,&quot;created_timestamp&quot;:&quot;0&quot;,&quot;copyright&quot;:&quot;&quot;,&quot;focal_length&quot;:&quot;0&quot;,&quot;iso&quot;:&quot;0&quot;,&quot;shutter_speed&quot;:&quot;0&quot;,&quot;title&quot;:&quot;&quot;,&quot;orientation&quot;:&quot;0&quot;}\" data-image-title=\"Lille\" data-image-description=\"\" data-image-caption=\"&lt;p&gt;Francia, Lille, pavimentazioni nobili&lt;\/p&gt;\n\" data-large-file=\"http:\/\/www.picweb.it\/emm\/blog\/wp-content\/uploads\/2017\/10\/Lille-1024x768.jpg\" class=\" wp-image-754\" src=\"http:\/\/www.picweb.it\/emm\/blog\/wp-content\/uploads\/2017\/10\/Lille.jpg\" alt=\"\" width=\"1347\" height=\"1010\" srcset=\"http:\/\/www.picweb.it\/emm\/blog\/wp-content\/uploads\/2017\/10\/Lille.jpg 2048w, http:\/\/www.picweb.it\/emm\/blog\/wp-content\/uploads\/2017\/10\/Lille-300x225.jpg 300w, http:\/\/www.picweb.it\/emm\/blog\/wp-content\/uploads\/2017\/10\/Lille-768x576.jpg 768w, http:\/\/www.picweb.it\/emm\/blog\/wp-content\/uploads\/2017\/10\/Lille-1024x768.jpg 1024w, http:\/\/www.picweb.it\/emm\/blog\/wp-content\/uploads\/2017\/10\/Lille-700x525.jpg 700w, http:\/\/www.picweb.it\/emm\/blog\/wp-content\/uploads\/2017\/10\/Lille-520x390.jpg 520w, http:\/\/www.picweb.it\/emm\/blog\/wp-content\/uploads\/2017\/10\/Lille-360x270.jpg 360w, http:\/\/www.picweb.it\/emm\/blog\/wp-content\/uploads\/2017\/10\/Lille-250x188.jpg 250w, http:\/\/www.picweb.it\/emm\/blog\/wp-content\/uploads\/2017\/10\/Lille-100x75.jpg 100w\" sizes=\"(max-width: 1347px) 100vw, 1347px\" \/><figcaption id=\"caption-attachment-754\" class=\"wp-caption-text\">Francia, Lille, pavimentazioni nobili<\/figcaption><\/figure>\n<figure id=\"attachment_755\" aria-describedby=\"caption-attachment-755\" style=\"width: 1310px\" class=\"wp-caption aligncenter\"><img loading=\"lazy\" decoding=\"async\" data-attachment-id=\"755\" data-permalink=\"http:\/\/www.picweb.it\/emm\/blog\/index.php\/2017\/10\/24\/marciapiedi-piazze-e-strade-roma-meriterebbe-un-maggior-senso-del-decoro\/gent-2\/\" data-orig-file=\"http:\/\/www.picweb.it\/emm\/blog\/wp-content\/uploads\/2017\/10\/Gent-2.jpg\" data-orig-size=\"720,960\" data-comments-opened=\"1\" data-image-meta=\"{&quot;aperture&quot;:&quot;0&quot;,&quot;credit&quot;:&quot;&quot;,&quot;camera&quot;:&quot;&quot;,&quot;caption&quot;:&quot;&quot;,&quot;created_timestamp&quot;:&quot;0&quot;,&quot;copyright&quot;:&quot;&quot;,&quot;focal_length&quot;:&quot;0&quot;,&quot;iso&quot;:&quot;0&quot;,&quot;shutter_speed&quot;:&quot;0&quot;,&quot;title&quot;:&quot;&quot;,&quot;orientation&quot;:&quot;0&quot;}\" data-image-title=\"Gent 2\" data-image-description=\"\" data-image-caption=\"&lt;p&gt;Belgio, pavimentazioni di Gent&lt;\/p&gt;\n\" data-large-file=\"http:\/\/www.picweb.it\/emm\/blog\/wp-content\/uploads\/2017\/10\/Gent-2.jpg\" class=\" wp-image-755\" src=\"http:\/\/www.picweb.it\/emm\/blog\/wp-content\/uploads\/2017\/10\/Gent-2.jpg\" alt=\"\" width=\"1310\" height=\"1746\" srcset=\"http:\/\/www.picweb.it\/emm\/blog\/wp-content\/uploads\/2017\/10\/Gent-2.jpg 720w, http:\/\/www.picweb.it\/emm\/blog\/wp-content\/uploads\/2017\/10\/Gent-2-225x300.jpg 225w, http:\/\/www.picweb.it\/emm\/blog\/wp-content\/uploads\/2017\/10\/Gent-2-700x933.jpg 700w, http:\/\/www.picweb.it\/emm\/blog\/wp-content\/uploads\/2017\/10\/Gent-2-520x693.jpg 520w, http:\/\/www.picweb.it\/emm\/blog\/wp-content\/uploads\/2017\/10\/Gent-2-360x480.jpg 360w, http:\/\/www.picweb.it\/emm\/blog\/wp-content\/uploads\/2017\/10\/Gent-2-250x333.jpg 250w, http:\/\/www.picweb.it\/emm\/blog\/wp-content\/uploads\/2017\/10\/Gent-2-100x133.jpg 100w\" sizes=\"(max-width: 1310px) 100vw, 1310px\" \/><figcaption id=\"caption-attachment-755\" class=\"wp-caption-text\">Belgio, pavimentazioni di Gent<\/figcaption><\/figure>\n<figure id=\"attachment_756\" aria-describedby=\"caption-attachment-756\" style=\"width: 1305px\" class=\"wp-caption aligncenter\"><img loading=\"lazy\" decoding=\"async\" data-attachment-id=\"756\" data-permalink=\"http:\/\/www.picweb.it\/emm\/blog\/index.php\/2017\/10\/24\/marciapiedi-piazze-e-strade-roma-meriterebbe-un-maggior-senso-del-decoro\/gent-3\/\" data-orig-file=\"http:\/\/www.picweb.it\/emm\/blog\/wp-content\/uploads\/2017\/10\/Gent-3.jpg\" data-orig-size=\"720,960\" data-comments-opened=\"1\" data-image-meta=\"{&quot;aperture&quot;:&quot;0&quot;,&quot;credit&quot;:&quot;&quot;,&quot;camera&quot;:&quot;&quot;,&quot;caption&quot;:&quot;&quot;,&quot;created_timestamp&quot;:&quot;0&quot;,&quot;copyright&quot;:&quot;&quot;,&quot;focal_length&quot;:&quot;0&quot;,&quot;iso&quot;:&quot;0&quot;,&quot;shutter_speed&quot;:&quot;0&quot;,&quot;title&quot;:&quot;&quot;,&quot;orientation&quot;:&quot;0&quot;}\" data-image-title=\"Gent 3\" data-image-description=\"\" data-image-caption=\"&lt;p&gt;Belgio, pavimentazioni in sampietrini a Gent&lt;\/p&gt;\n\" data-large-file=\"http:\/\/www.picweb.it\/emm\/blog\/wp-content\/uploads\/2017\/10\/Gent-3.jpg\" class=\" wp-image-756\" src=\"http:\/\/www.picweb.it\/emm\/blog\/wp-content\/uploads\/2017\/10\/Gent-3.jpg\" alt=\"\" width=\"1305\" height=\"1740\" srcset=\"http:\/\/www.picweb.it\/emm\/blog\/wp-content\/uploads\/2017\/10\/Gent-3.jpg 720w, http:\/\/www.picweb.it\/emm\/blog\/wp-content\/uploads\/2017\/10\/Gent-3-225x300.jpg 225w, http:\/\/www.picweb.it\/emm\/blog\/wp-content\/uploads\/2017\/10\/Gent-3-700x933.jpg 700w, http:\/\/www.picweb.it\/emm\/blog\/wp-content\/uploads\/2017\/10\/Gent-3-520x693.jpg 520w, http:\/\/www.picweb.it\/emm\/blog\/wp-content\/uploads\/2017\/10\/Gent-3-360x480.jpg 360w, http:\/\/www.picweb.it\/emm\/blog\/wp-content\/uploads\/2017\/10\/Gent-3-250x333.jpg 250w, http:\/\/www.picweb.it\/emm\/blog\/wp-content\/uploads\/2017\/10\/Gent-3-100x133.jpg 100w\" sizes=\"(max-width: 1305px) 100vw, 1305px\" \/><figcaption id=\"caption-attachment-756\" class=\"wp-caption-text\">Belgio, pavimentazioni in sampietrini a Gent<\/figcaption><\/figure>\n<figure id=\"attachment_757\" aria-describedby=\"caption-attachment-757\" style=\"width: 1300px\" class=\"wp-caption aligncenter\"><img loading=\"lazy\" decoding=\"async\" data-attachment-id=\"757\" data-permalink=\"http:\/\/www.picweb.it\/emm\/blog\/index.php\/2017\/10\/24\/marciapiedi-piazze-e-strade-roma-meriterebbe-un-maggior-senso-del-decoro\/bruges-piazza-principale\/\" data-orig-file=\"http:\/\/www.picweb.it\/emm\/blog\/wp-content\/uploads\/2017\/10\/Bruges-Piazza-principale.jpg\" data-orig-size=\"720,960\" data-comments-opened=\"1\" data-image-meta=\"{&quot;aperture&quot;:&quot;0&quot;,&quot;credit&quot;:&quot;&quot;,&quot;camera&quot;:&quot;&quot;,&quot;caption&quot;:&quot;&quot;,&quot;created_timestamp&quot;:&quot;0&quot;,&quot;copyright&quot;:&quot;&quot;,&quot;focal_length&quot;:&quot;0&quot;,&quot;iso&quot;:&quot;0&quot;,&quot;shutter_speed&quot;:&quot;0&quot;,&quot;title&quot;:&quot;&quot;,&quot;orientation&quot;:&quot;0&quot;}\" data-image-title=\"Bruges &amp;#8211; Piazza principale\" data-image-description=\"\" data-image-caption=\"&lt;p&gt;Belgio, dettaglio dei pavimenti della piazza centrale di Bruges \u2026 il passaggio dei bus (molto frequente) non crea problemi alle pavimentazioni, se ben preparate e se le fogne sottostanti non perdono acqua da tutte le parti&lt;\/p&gt;\n\" data-large-file=\"http:\/\/www.picweb.it\/emm\/blog\/wp-content\/uploads\/2017\/10\/Bruges-Piazza-principale.jpg\" class=\" wp-image-757\" src=\"http:\/\/www.picweb.it\/emm\/blog\/wp-content\/uploads\/2017\/10\/Bruges-Piazza-principale.jpg\" alt=\"\" width=\"1300\" height=\"1734\" srcset=\"http:\/\/www.picweb.it\/emm\/blog\/wp-content\/uploads\/2017\/10\/Bruges-Piazza-principale.jpg 720w, http:\/\/www.picweb.it\/emm\/blog\/wp-content\/uploads\/2017\/10\/Bruges-Piazza-principale-225x300.jpg 225w, http:\/\/www.picweb.it\/emm\/blog\/wp-content\/uploads\/2017\/10\/Bruges-Piazza-principale-700x933.jpg 700w, http:\/\/www.picweb.it\/emm\/blog\/wp-content\/uploads\/2017\/10\/Bruges-Piazza-principale-520x693.jpg 520w, http:\/\/www.picweb.it\/emm\/blog\/wp-content\/uploads\/2017\/10\/Bruges-Piazza-principale-360x480.jpg 360w, http:\/\/www.picweb.it\/emm\/blog\/wp-content\/uploads\/2017\/10\/Bruges-Piazza-principale-250x333.jpg 250w, http:\/\/www.picweb.it\/emm\/blog\/wp-content\/uploads\/2017\/10\/Bruges-Piazza-principale-100x133.jpg 100w\" sizes=\"(max-width: 1300px) 100vw, 1300px\" \/><figcaption id=\"caption-attachment-757\" class=\"wp-caption-text\">Belgio, dettaglio dei pavimenti della piazza centrale di Bruges \u2026 il passaggio dei bus (molto frequente) non crea problemi alle pavimentazioni, se ben preparate e se le fogne sottostanti non perdono acqua da tutte le parti<\/figcaption><\/figure>\n<figure id=\"attachment_758\" aria-describedby=\"caption-attachment-758\" style=\"width: 1296px\" class=\"wp-caption aligncenter\"><img loading=\"lazy\" decoding=\"async\" data-attachment-id=\"758\" data-permalink=\"http:\/\/www.picweb.it\/emm\/blog\/index.php\/2017\/10\/24\/marciapiedi-piazze-e-strade-roma-meriterebbe-un-maggior-senso-del-decoro\/veurne-belgio\/\" data-orig-file=\"http:\/\/www.picweb.it\/emm\/blog\/wp-content\/uploads\/2017\/10\/Veurne-Belgio.jpg\" data-orig-size=\"720,960\" data-comments-opened=\"1\" data-image-meta=\"{&quot;aperture&quot;:&quot;0&quot;,&quot;credit&quot;:&quot;&quot;,&quot;camera&quot;:&quot;&quot;,&quot;caption&quot;:&quot;&quot;,&quot;created_timestamp&quot;:&quot;0&quot;,&quot;copyright&quot;:&quot;&quot;,&quot;focal_length&quot;:&quot;0&quot;,&quot;iso&quot;:&quot;0&quot;,&quot;shutter_speed&quot;:&quot;0&quot;,&quot;title&quot;:&quot;&quot;,&quot;orientation&quot;:&quot;0&quot;}\" data-image-title=\"Veurne- Belgio\" data-image-description=\"\" data-image-caption=\"&lt;p&gt;Belgio, Veurne. Anche le strisce per definire i parcheggi e il simbolo per i disabili sono realizzati in materiale lapideo \u2026 e non necessitano di essere ritinteggiate&lt;\/p&gt;\n\" data-large-file=\"http:\/\/www.picweb.it\/emm\/blog\/wp-content\/uploads\/2017\/10\/Veurne-Belgio.jpg\" class=\" wp-image-758\" src=\"http:\/\/www.picweb.it\/emm\/blog\/wp-content\/uploads\/2017\/10\/Veurne-Belgio.jpg\" alt=\"\" width=\"1296\" height=\"1728\" srcset=\"http:\/\/www.picweb.it\/emm\/blog\/wp-content\/uploads\/2017\/10\/Veurne-Belgio.jpg 720w, http:\/\/www.picweb.it\/emm\/blog\/wp-content\/uploads\/2017\/10\/Veurne-Belgio-225x300.jpg 225w, http:\/\/www.picweb.it\/emm\/blog\/wp-content\/uploads\/2017\/10\/Veurne-Belgio-700x933.jpg 700w, http:\/\/www.picweb.it\/emm\/blog\/wp-content\/uploads\/2017\/10\/Veurne-Belgio-520x693.jpg 520w, http:\/\/www.picweb.it\/emm\/blog\/wp-content\/uploads\/2017\/10\/Veurne-Belgio-360x480.jpg 360w, http:\/\/www.picweb.it\/emm\/blog\/wp-content\/uploads\/2017\/10\/Veurne-Belgio-250x333.jpg 250w, http:\/\/www.picweb.it\/emm\/blog\/wp-content\/uploads\/2017\/10\/Veurne-Belgio-100x133.jpg 100w\" sizes=\"(max-width: 1296px) 100vw, 1296px\" \/><figcaption id=\"caption-attachment-758\" class=\"wp-caption-text\">Belgio, Veurne. Anche le strisce per definire i parcheggi e il simbolo per i disabili sono realizzati in materiale lapideo \u2026 e non necessitano di essere ritinteggiate<\/figcaption><\/figure>\n<figure id=\"attachment_759\" aria-describedby=\"caption-attachment-759\" style=\"width: 1338px\" class=\"wp-caption aligncenter\"><img loading=\"lazy\" decoding=\"async\" data-attachment-id=\"759\" data-permalink=\"http:\/\/www.picweb.it\/emm\/blog\/index.php\/2017\/10\/24\/marciapiedi-piazze-e-strade-roma-meriterebbe-un-maggior-senso-del-decoro\/santiago-di-compostela\/\" data-orig-file=\"http:\/\/www.picweb.it\/emm\/blog\/wp-content\/uploads\/2017\/10\/Santiago-di-Compostela.jpg\" data-orig-size=\"2048,1536\" data-comments-opened=\"1\" data-image-meta=\"{&quot;aperture&quot;:&quot;0&quot;,&quot;credit&quot;:&quot;&quot;,&quot;camera&quot;:&quot;&quot;,&quot;caption&quot;:&quot;&quot;,&quot;created_timestamp&quot;:&quot;0&quot;,&quot;copyright&quot;:&quot;&quot;,&quot;focal_length&quot;:&quot;0&quot;,&quot;iso&quot;:&quot;0&quot;,&quot;shutter_speed&quot;:&quot;0&quot;,&quot;title&quot;:&quot;&quot;,&quot;orientation&quot;:&quot;0&quot;}\" data-image-title=\"Santiago di Compostela\" data-image-description=\"\" data-image-caption=\"&lt;p&gt;Spagna, Galizia. Splendida pavimentazione di Santiago di Compostela&lt;\/p&gt;\n\" data-large-file=\"http:\/\/www.picweb.it\/emm\/blog\/wp-content\/uploads\/2017\/10\/Santiago-di-Compostela-1024x768.jpg\" class=\" wp-image-759\" src=\"http:\/\/www.picweb.it\/emm\/blog\/wp-content\/uploads\/2017\/10\/Santiago-di-Compostela.jpg\" alt=\"\" width=\"1338\" height=\"1003\" srcset=\"http:\/\/www.picweb.it\/emm\/blog\/wp-content\/uploads\/2017\/10\/Santiago-di-Compostela.jpg 2048w, http:\/\/www.picweb.it\/emm\/blog\/wp-content\/uploads\/2017\/10\/Santiago-di-Compostela-300x225.jpg 300w, http:\/\/www.picweb.it\/emm\/blog\/wp-content\/uploads\/2017\/10\/Santiago-di-Compostela-768x576.jpg 768w, http:\/\/www.picweb.it\/emm\/blog\/wp-content\/uploads\/2017\/10\/Santiago-di-Compostela-1024x768.jpg 1024w, http:\/\/www.picweb.it\/emm\/blog\/wp-content\/uploads\/2017\/10\/Santiago-di-Compostela-700x525.jpg 700w, http:\/\/www.picweb.it\/emm\/blog\/wp-content\/uploads\/2017\/10\/Santiago-di-Compostela-520x390.jpg 520w, http:\/\/www.picweb.it\/emm\/blog\/wp-content\/uploads\/2017\/10\/Santiago-di-Compostela-360x270.jpg 360w, http:\/\/www.picweb.it\/emm\/blog\/wp-content\/uploads\/2017\/10\/Santiago-di-Compostela-250x188.jpg 250w, http:\/\/www.picweb.it\/emm\/blog\/wp-content\/uploads\/2017\/10\/Santiago-di-Compostela-100x75.jpg 100w\" sizes=\"(max-width: 1338px) 100vw, 1338px\" \/><figcaption id=\"caption-attachment-759\" class=\"wp-caption-text\">Spagna, Galizia. Splendida pavimentazione di Santiago di Compostela<\/figcaption><\/figure>\n<figure id=\"attachment_760\" aria-describedby=\"caption-attachment-760\" style=\"width: 1355px\" class=\"wp-caption aligncenter\"><img loading=\"lazy\" decoding=\"async\" data-attachment-id=\"760\" data-permalink=\"http:\/\/www.picweb.it\/emm\/blog\/index.php\/2017\/10\/24\/marciapiedi-piazze-e-strade-roma-meriterebbe-un-maggior-senso-del-decoro\/pontevedra-piazza-alonso-de-fonseca-e-avenida-de-santa-maria\/\" data-orig-file=\"http:\/\/www.picweb.it\/emm\/blog\/wp-content\/uploads\/2017\/10\/Pontevedra-piazza-Alonso-de-Fonseca-e-Avenida-de-Santa-Maria.jpg\" data-orig-size=\"2048,1536\" data-comments-opened=\"1\" data-image-meta=\"{&quot;aperture&quot;:&quot;0&quot;,&quot;credit&quot;:&quot;&quot;,&quot;camera&quot;:&quot;&quot;,&quot;caption&quot;:&quot;&quot;,&quot;created_timestamp&quot;:&quot;0&quot;,&quot;copyright&quot;:&quot;&quot;,&quot;focal_length&quot;:&quot;0&quot;,&quot;iso&quot;:&quot;0&quot;,&quot;shutter_speed&quot;:&quot;0&quot;,&quot;title&quot;:&quot;&quot;,&quot;orientation&quot;:&quot;0&quot;}\" data-image-title=\"Pontevedra piazza Alonso de Fonseca e Avenida de Santa Maria\" data-image-description=\"\" data-image-caption=\"&lt;p&gt;Spagna, Galizia. Pontevedra piazza Alonso de Fonseca e Avenida de Santa Maria&lt;\/p&gt;\n\" data-large-file=\"http:\/\/www.picweb.it\/emm\/blog\/wp-content\/uploads\/2017\/10\/Pontevedra-piazza-Alonso-de-Fonseca-e-Avenida-de-Santa-Maria-1024x768.jpg\" class=\" wp-image-760\" src=\"http:\/\/www.picweb.it\/emm\/blog\/wp-content\/uploads\/2017\/10\/Pontevedra-piazza-Alonso-de-Fonseca-e-Avenida-de-Santa-Maria.jpg\" alt=\"\" width=\"1355\" height=\"1016\" srcset=\"http:\/\/www.picweb.it\/emm\/blog\/wp-content\/uploads\/2017\/10\/Pontevedra-piazza-Alonso-de-Fonseca-e-Avenida-de-Santa-Maria.jpg 2048w, http:\/\/www.picweb.it\/emm\/blog\/wp-content\/uploads\/2017\/10\/Pontevedra-piazza-Alonso-de-Fonseca-e-Avenida-de-Santa-Maria-300x225.jpg 300w, http:\/\/www.picweb.it\/emm\/blog\/wp-content\/uploads\/2017\/10\/Pontevedra-piazza-Alonso-de-Fonseca-e-Avenida-de-Santa-Maria-768x576.jpg 768w, http:\/\/www.picweb.it\/emm\/blog\/wp-content\/uploads\/2017\/10\/Pontevedra-piazza-Alonso-de-Fonseca-e-Avenida-de-Santa-Maria-1024x768.jpg 1024w, http:\/\/www.picweb.it\/emm\/blog\/wp-content\/uploads\/2017\/10\/Pontevedra-piazza-Alonso-de-Fonseca-e-Avenida-de-Santa-Maria-700x525.jpg 700w, http:\/\/www.picweb.it\/emm\/blog\/wp-content\/uploads\/2017\/10\/Pontevedra-piazza-Alonso-de-Fonseca-e-Avenida-de-Santa-Maria-520x390.jpg 520w, http:\/\/www.picweb.it\/emm\/blog\/wp-content\/uploads\/2017\/10\/Pontevedra-piazza-Alonso-de-Fonseca-e-Avenida-de-Santa-Maria-360x270.jpg 360w, http:\/\/www.picweb.it\/emm\/blog\/wp-content\/uploads\/2017\/10\/Pontevedra-piazza-Alonso-de-Fonseca-e-Avenida-de-Santa-Maria-250x188.jpg 250w, http:\/\/www.picweb.it\/emm\/blog\/wp-content\/uploads\/2017\/10\/Pontevedra-piazza-Alonso-de-Fonseca-e-Avenida-de-Santa-Maria-100x75.jpg 100w\" sizes=\"(max-width: 1355px) 100vw, 1355px\" \/><figcaption id=\"caption-attachment-760\" class=\"wp-caption-text\">Spagna, Galizia. Pontevedra piazza Alonso de Fonseca e Avenida de Santa Maria<\/figcaption><\/figure>\n<figure id=\"attachment_761\" aria-describedby=\"caption-attachment-761\" style=\"width: 1358px\" class=\"wp-caption aligncenter\"><img loading=\"lazy\" decoding=\"async\" data-attachment-id=\"761\" data-permalink=\"http:\/\/www.picweb.it\/emm\/blog\/index.php\/2017\/10\/24\/marciapiedi-piazze-e-strade-roma-meriterebbe-un-maggior-senso-del-decoro\/pontevedra\/\" data-orig-file=\"http:\/\/www.picweb.it\/emm\/blog\/wp-content\/uploads\/2017\/10\/Pontevedra.jpg\" data-orig-size=\"2048,1152\" data-comments-opened=\"1\" data-image-meta=\"{&quot;aperture&quot;:&quot;0&quot;,&quot;credit&quot;:&quot;&quot;,&quot;camera&quot;:&quot;&quot;,&quot;caption&quot;:&quot;&quot;,&quot;created_timestamp&quot;:&quot;0&quot;,&quot;copyright&quot;:&quot;&quot;,&quot;focal_length&quot;:&quot;0&quot;,&quot;iso&quot;:&quot;0&quot;,&quot;shutter_speed&quot;:&quot;0&quot;,&quot;title&quot;:&quot;&quot;,&quot;orientation&quot;:&quot;0&quot;}\" data-image-title=\"Pontevedra\" data-image-description=\"\" data-image-caption=\"&lt;p&gt;Spagna, Galizia. Pontevedra pavimentazione tipica delle strade del centro storico&lt;\/p&gt;\n\" data-large-file=\"http:\/\/www.picweb.it\/emm\/blog\/wp-content\/uploads\/2017\/10\/Pontevedra-1024x576.jpg\" class=\" wp-image-761\" src=\"http:\/\/www.picweb.it\/emm\/blog\/wp-content\/uploads\/2017\/10\/Pontevedra.jpg\" alt=\"\" width=\"1358\" height=\"764\" srcset=\"http:\/\/www.picweb.it\/emm\/blog\/wp-content\/uploads\/2017\/10\/Pontevedra.jpg 2048w, http:\/\/www.picweb.it\/emm\/blog\/wp-content\/uploads\/2017\/10\/Pontevedra-300x169.jpg 300w, http:\/\/www.picweb.it\/emm\/blog\/wp-content\/uploads\/2017\/10\/Pontevedra-768x432.jpg 768w, http:\/\/www.picweb.it\/emm\/blog\/wp-content\/uploads\/2017\/10\/Pontevedra-1024x576.jpg 1024w, http:\/\/www.picweb.it\/emm\/blog\/wp-content\/uploads\/2017\/10\/Pontevedra-700x394.jpg 700w, http:\/\/www.picweb.it\/emm\/blog\/wp-content\/uploads\/2017\/10\/Pontevedra-520x293.jpg 520w, http:\/\/www.picweb.it\/emm\/blog\/wp-content\/uploads\/2017\/10\/Pontevedra-360x203.jpg 360w, http:\/\/www.picweb.it\/emm\/blog\/wp-content\/uploads\/2017\/10\/Pontevedra-250x141.jpg 250w, http:\/\/www.picweb.it\/emm\/blog\/wp-content\/uploads\/2017\/10\/Pontevedra-100x56.jpg 100w\" sizes=\"(max-width: 1358px) 100vw, 1358px\" \/><figcaption id=\"caption-attachment-761\" class=\"wp-caption-text\">Spagna, Galizia. Pontevedra pavimentazione tipica delle strade del centro storico<\/figcaption><\/figure>\n<figure id=\"attachment_762\" aria-describedby=\"caption-attachment-762\" style=\"width: 1364px\" class=\"wp-caption aligncenter\"><img loading=\"lazy\" decoding=\"async\" data-attachment-id=\"762\" data-permalink=\"http:\/\/www.picweb.it\/emm\/blog\/index.php\/2017\/10\/24\/marciapiedi-piazze-e-strade-roma-meriterebbe-un-maggior-senso-del-decoro\/pontevedra-strada-quartieri-moderni\/\" data-orig-file=\"http:\/\/www.picweb.it\/emm\/blog\/wp-content\/uploads\/2017\/10\/Pontevedra-strada-quartieri-moderni.jpg\" data-orig-size=\"2048,1536\" data-comments-opened=\"1\" data-image-meta=\"{&quot;aperture&quot;:&quot;0&quot;,&quot;credit&quot;:&quot;&quot;,&quot;camera&quot;:&quot;&quot;,&quot;caption&quot;:&quot;&quot;,&quot;created_timestamp&quot;:&quot;0&quot;,&quot;copyright&quot;:&quot;&quot;,&quot;focal_length&quot;:&quot;0&quot;,&quot;iso&quot;:&quot;0&quot;,&quot;shutter_speed&quot;:&quot;0&quot;,&quot;title&quot;:&quot;&quot;,&quot;orientation&quot;:&quot;0&quot;}\" data-image-title=\"Pontevedra strada quartieri moderni\" data-image-description=\"\" data-image-caption=\"&lt;p&gt;Spagna, Galizia. Pontevedra pavimentazione tipica delle strade dei quartieri pi\u00f9 recenti&lt;\/p&gt;\n\" data-large-file=\"http:\/\/www.picweb.it\/emm\/blog\/wp-content\/uploads\/2017\/10\/Pontevedra-strada-quartieri-moderni-1024x768.jpg\" class=\" wp-image-762\" src=\"http:\/\/www.picweb.it\/emm\/blog\/wp-content\/uploads\/2017\/10\/Pontevedra-strada-quartieri-moderni.jpg\" alt=\"\" width=\"1364\" height=\"1023\" srcset=\"http:\/\/www.picweb.it\/emm\/blog\/wp-content\/uploads\/2017\/10\/Pontevedra-strada-quartieri-moderni.jpg 2048w, http:\/\/www.picweb.it\/emm\/blog\/wp-content\/uploads\/2017\/10\/Pontevedra-strada-quartieri-moderni-300x225.jpg 300w, http:\/\/www.picweb.it\/emm\/blog\/wp-content\/uploads\/2017\/10\/Pontevedra-strada-quartieri-moderni-768x576.jpg 768w, http:\/\/www.picweb.it\/emm\/blog\/wp-content\/uploads\/2017\/10\/Pontevedra-strada-quartieri-moderni-1024x768.jpg 1024w, http:\/\/www.picweb.it\/emm\/blog\/wp-content\/uploads\/2017\/10\/Pontevedra-strada-quartieri-moderni-700x525.jpg 700w, http:\/\/www.picweb.it\/emm\/blog\/wp-content\/uploads\/2017\/10\/Pontevedra-strada-quartieri-moderni-520x390.jpg 520w, http:\/\/www.picweb.it\/emm\/blog\/wp-content\/uploads\/2017\/10\/Pontevedra-strada-quartieri-moderni-360x270.jpg 360w, http:\/\/www.picweb.it\/emm\/blog\/wp-content\/uploads\/2017\/10\/Pontevedra-strada-quartieri-moderni-250x188.jpg 250w, http:\/\/www.picweb.it\/emm\/blog\/wp-content\/uploads\/2017\/10\/Pontevedra-strada-quartieri-moderni-100x75.jpg 100w\" sizes=\"(max-width: 1364px) 100vw, 1364px\" \/><figcaption id=\"caption-attachment-762\" class=\"wp-caption-text\">Spagna, Galizia. Pontevedra pavimentazione tipica delle strade dei quartieri pi\u00f9 recenti<\/figcaption><\/figure>\n<figure id=\"attachment_763\" aria-describedby=\"caption-attachment-763\" style=\"width: 1362px\" class=\"wp-caption aligncenter\"><img loading=\"lazy\" decoding=\"async\" data-attachment-id=\"763\" data-permalink=\"http:\/\/www.picweb.it\/emm\/blog\/index.php\/2017\/10\/24\/marciapiedi-piazze-e-strade-roma-meriterebbe-un-maggior-senso-del-decoro\/galway\/\" data-orig-file=\"http:\/\/www.picweb.it\/emm\/blog\/wp-content\/uploads\/2017\/10\/Galway.jpg\" data-orig-size=\"2048,1536\" data-comments-opened=\"1\" data-image-meta=\"{&quot;aperture&quot;:&quot;0&quot;,&quot;credit&quot;:&quot;&quot;,&quot;camera&quot;:&quot;&quot;,&quot;caption&quot;:&quot;&quot;,&quot;created_timestamp&quot;:&quot;0&quot;,&quot;copyright&quot;:&quot;&quot;,&quot;focal_length&quot;:&quot;0&quot;,&quot;iso&quot;:&quot;0&quot;,&quot;shutter_speed&quot;:&quot;0&quot;,&quot;title&quot;:&quot;&quot;,&quot;orientation&quot;:&quot;0&quot;}\" data-image-title=\"Galway\" data-image-description=\"\" data-image-caption=\"&lt;p&gt;Irlanda, pavimentazioni lapidee del centro di Galway&lt;\/p&gt;\n\" data-large-file=\"http:\/\/www.picweb.it\/emm\/blog\/wp-content\/uploads\/2017\/10\/Galway-1024x768.jpg\" class=\" wp-image-763\" src=\"http:\/\/www.picweb.it\/emm\/blog\/wp-content\/uploads\/2017\/10\/Galway.jpg\" alt=\"\" width=\"1362\" height=\"1021\" srcset=\"http:\/\/www.picweb.it\/emm\/blog\/wp-content\/uploads\/2017\/10\/Galway.jpg 2048w, http:\/\/www.picweb.it\/emm\/blog\/wp-content\/uploads\/2017\/10\/Galway-300x225.jpg 300w, http:\/\/www.picweb.it\/emm\/blog\/wp-content\/uploads\/2017\/10\/Galway-768x576.jpg 768w, http:\/\/www.picweb.it\/emm\/blog\/wp-content\/uploads\/2017\/10\/Galway-1024x768.jpg 1024w, http:\/\/www.picweb.it\/emm\/blog\/wp-content\/uploads\/2017\/10\/Galway-700x525.jpg 700w, http:\/\/www.picweb.it\/emm\/blog\/wp-content\/uploads\/2017\/10\/Galway-520x390.jpg 520w, http:\/\/www.picweb.it\/emm\/blog\/wp-content\/uploads\/2017\/10\/Galway-360x270.jpg 360w, http:\/\/www.picweb.it\/emm\/blog\/wp-content\/uploads\/2017\/10\/Galway-250x188.jpg 250w, http:\/\/www.picweb.it\/emm\/blog\/wp-content\/uploads\/2017\/10\/Galway-100x75.jpg 100w\" sizes=\"(max-width: 1362px) 100vw, 1362px\" \/><figcaption id=\"caption-attachment-763\" class=\"wp-caption-text\">Irlanda, pavimentazioni lapidee del centro di Galway<\/figcaption><\/figure>\n<figure id=\"attachment_764\" aria-describedby=\"caption-attachment-764\" style=\"width: 1362px\" class=\"wp-caption aligncenter\"><img loading=\"lazy\" decoding=\"async\" data-attachment-id=\"764\" data-permalink=\"http:\/\/www.picweb.it\/emm\/blog\/index.php\/2017\/10\/24\/marciapiedi-piazze-e-strade-roma-meriterebbe-un-maggior-senso-del-decoro\/pavimentazioni-a-la-havana\/\" data-orig-file=\"http:\/\/www.picweb.it\/emm\/blog\/wp-content\/uploads\/2017\/10\/pavimentazioni-a-La-Havana.jpg\" data-orig-size=\"2048,1536\" data-comments-opened=\"1\" data-image-meta=\"{&quot;aperture&quot;:&quot;0&quot;,&quot;credit&quot;:&quot;&quot;,&quot;camera&quot;:&quot;&quot;,&quot;caption&quot;:&quot;&quot;,&quot;created_timestamp&quot;:&quot;0&quot;,&quot;copyright&quot;:&quot;&quot;,&quot;focal_length&quot;:&quot;0&quot;,&quot;iso&quot;:&quot;0&quot;,&quot;shutter_speed&quot;:&quot;0&quot;,&quot;title&quot;:&quot;&quot;,&quot;orientation&quot;:&quot;0&quot;}\" data-image-title=\"pavimentazioni a La Havana\" data-image-description=\"\" data-image-caption=\"&lt;p&gt;La Havana, Cuba, pavimentazioni lapidee del centro storico&lt;\/p&gt;\n\" data-large-file=\"http:\/\/www.picweb.it\/emm\/blog\/wp-content\/uploads\/2017\/10\/pavimentazioni-a-La-Havana-1024x768.jpg\" class=\" wp-image-764\" src=\"http:\/\/www.picweb.it\/emm\/blog\/wp-content\/uploads\/2017\/10\/pavimentazioni-a-La-Havana.jpg\" alt=\"\" width=\"1362\" height=\"1021\" srcset=\"http:\/\/www.picweb.it\/emm\/blog\/wp-content\/uploads\/2017\/10\/pavimentazioni-a-La-Havana.jpg 2048w, http:\/\/www.picweb.it\/emm\/blog\/wp-content\/uploads\/2017\/10\/pavimentazioni-a-La-Havana-300x225.jpg 300w, http:\/\/www.picweb.it\/emm\/blog\/wp-content\/uploads\/2017\/10\/pavimentazioni-a-La-Havana-768x576.jpg 768w, http:\/\/www.picweb.it\/emm\/blog\/wp-content\/uploads\/2017\/10\/pavimentazioni-a-La-Havana-1024x768.jpg 1024w, http:\/\/www.picweb.it\/emm\/blog\/wp-content\/uploads\/2017\/10\/pavimentazioni-a-La-Havana-700x525.jpg 700w, http:\/\/www.picweb.it\/emm\/blog\/wp-content\/uploads\/2017\/10\/pavimentazioni-a-La-Havana-520x390.jpg 520w, http:\/\/www.picweb.it\/emm\/blog\/wp-content\/uploads\/2017\/10\/pavimentazioni-a-La-Havana-360x270.jpg 360w, http:\/\/www.picweb.it\/emm\/blog\/wp-content\/uploads\/2017\/10\/pavimentazioni-a-La-Havana-250x188.jpg 250w, http:\/\/www.picweb.it\/emm\/blog\/wp-content\/uploads\/2017\/10\/pavimentazioni-a-La-Havana-100x75.jpg 100w\" sizes=\"(max-width: 1362px) 100vw, 1362px\" \/><figcaption id=\"caption-attachment-764\" class=\"wp-caption-text\">La Havana, Cuba, pavimentazioni lapidee del centro storico<\/figcaption><\/figure>\n<figure id=\"attachment_765\" aria-describedby=\"caption-attachment-765\" style=\"width: 1363px\" class=\"wp-caption aligncenter\"><img loading=\"lazy\" decoding=\"async\" data-attachment-id=\"765\" data-permalink=\"http:\/\/www.picweb.it\/emm\/blog\/index.php\/2017\/10\/24\/marciapiedi-piazze-e-strade-roma-meriterebbe-un-maggior-senso-del-decoro\/bath\/\" data-orig-file=\"http:\/\/www.picweb.it\/emm\/blog\/wp-content\/uploads\/2017\/10\/Bath.jpg\" data-orig-size=\"2048,1536\" data-comments-opened=\"1\" data-image-meta=\"{&quot;aperture&quot;:&quot;0&quot;,&quot;credit&quot;:&quot;&quot;,&quot;camera&quot;:&quot;&quot;,&quot;caption&quot;:&quot;&quot;,&quot;created_timestamp&quot;:&quot;0&quot;,&quot;copyright&quot;:&quot;&quot;,&quot;focal_length&quot;:&quot;0&quot;,&quot;iso&quot;:&quot;0&quot;,&quot;shutter_speed&quot;:&quot;0&quot;,&quot;title&quot;:&quot;&quot;,&quot;orientation&quot;:&quot;0&quot;}\" data-image-title=\"Bath\" data-image-description=\"\" data-image-caption=\"&lt;p&gt;Inghilterra, pavimentazioni di Bath&lt;\/p&gt;\n\" data-large-file=\"http:\/\/www.picweb.it\/emm\/blog\/wp-content\/uploads\/2017\/10\/Bath-1024x768.jpg\" class=\" wp-image-765\" src=\"http:\/\/www.picweb.it\/emm\/blog\/wp-content\/uploads\/2017\/10\/Bath.jpg\" alt=\"\" width=\"1363\" height=\"1022\" srcset=\"http:\/\/www.picweb.it\/emm\/blog\/wp-content\/uploads\/2017\/10\/Bath.jpg 2048w, http:\/\/www.picweb.it\/emm\/blog\/wp-content\/uploads\/2017\/10\/Bath-300x225.jpg 300w, http:\/\/www.picweb.it\/emm\/blog\/wp-content\/uploads\/2017\/10\/Bath-768x576.jpg 768w, http:\/\/www.picweb.it\/emm\/blog\/wp-content\/uploads\/2017\/10\/Bath-1024x768.jpg 1024w, http:\/\/www.picweb.it\/emm\/blog\/wp-content\/uploads\/2017\/10\/Bath-700x525.jpg 700w, http:\/\/www.picweb.it\/emm\/blog\/wp-content\/uploads\/2017\/10\/Bath-520x390.jpg 520w, http:\/\/www.picweb.it\/emm\/blog\/wp-content\/uploads\/2017\/10\/Bath-360x270.jpg 360w, http:\/\/www.picweb.it\/emm\/blog\/wp-content\/uploads\/2017\/10\/Bath-250x188.jpg 250w, http:\/\/www.picweb.it\/emm\/blog\/wp-content\/uploads\/2017\/10\/Bath-100x75.jpg 100w\" sizes=\"(max-width: 1363px) 100vw, 1363px\" \/><figcaption id=\"caption-attachment-765\" class=\"wp-caption-text\">Inghilterra, pavimentazioni di Bath<\/figcaption><\/figure>\n<figure id=\"attachment_766\" aria-describedby=\"caption-attachment-766\" style=\"width: 1197px\" class=\"wp-caption aligncenter\"><img loading=\"lazy\" decoding=\"async\" data-attachment-id=\"766\" data-permalink=\"http:\/\/www.picweb.it\/emm\/blog\/index.php\/2017\/10\/24\/marciapiedi-piazze-e-strade-roma-meriterebbe-un-maggior-senso-del-decoro\/curitiba-brasile-resistenza-ad-oltranza-della-bella-edilizia-di-un-tempo-e-i-marciapiedi-sono-ovunque-pavimentati-in-pietra-e-non-col-nostro-orripilante-asfalto\/\" data-orig-file=\"http:\/\/www.picweb.it\/emm\/blog\/wp-content\/uploads\/2017\/10\/Curitiba-Brasile-resistenza-ad-oltranza-della-bella-edilizia-di-un-tempo-...-e-i-marciapiedi-sono-ovunque-pavimentati-in-pietra-e-non-col-nostro-orripilante-asfalto.jpg\" data-orig-size=\"720,960\" data-comments-opened=\"1\" data-image-meta=\"{&quot;aperture&quot;:&quot;0&quot;,&quot;credit&quot;:&quot;&quot;,&quot;camera&quot;:&quot;&quot;,&quot;caption&quot;:&quot;&quot;,&quot;created_timestamp&quot;:&quot;0&quot;,&quot;copyright&quot;:&quot;&quot;,&quot;focal_length&quot;:&quot;0&quot;,&quot;iso&quot;:&quot;0&quot;,&quot;shutter_speed&quot;:&quot;0&quot;,&quot;title&quot;:&quot;&quot;,&quot;orientation&quot;:&quot;0&quot;}\" data-image-title=\"Curitiba Brasile resistenza ad oltranza della bella edilizia di un tempo &amp;#8230; e i marciapiedi sono ovunque pavimentati in pietra e non col nostro orripilante asfalto\" data-image-description=\"\" data-image-caption=\"&lt;p&gt;Curitiba, Brasile, i marciapiedi sono ovunque pavimentati con schegge di pietra bianche e nere a formare dei tappeti&lt;\/p&gt;\n\" data-large-file=\"http:\/\/www.picweb.it\/emm\/blog\/wp-content\/uploads\/2017\/10\/Curitiba-Brasile-resistenza-ad-oltranza-della-bella-edilizia-di-un-tempo-...-e-i-marciapiedi-sono-ovunque-pavimentati-in-pietra-e-non-col-nostro-orripilante-asfalto.jpg\" class=\" wp-image-766\" src=\"http:\/\/www.picweb.it\/emm\/blog\/wp-content\/uploads\/2017\/10\/Curitiba-Brasile-resistenza-ad-oltranza-della-bella-edilizia-di-un-tempo-...-e-i-marciapiedi-sono-ovunque-pavimentati-in-pietra-e-non-col-nostro-orripilante-asfalto.jpg\" alt=\"\" width=\"1197\" height=\"1596\" srcset=\"http:\/\/www.picweb.it\/emm\/blog\/wp-content\/uploads\/2017\/10\/Curitiba-Brasile-resistenza-ad-oltranza-della-bella-edilizia-di-un-tempo-...-e-i-marciapiedi-sono-ovunque-pavimentati-in-pietra-e-non-col-nostro-orripilante-asfalto.jpg 720w, http:\/\/www.picweb.it\/emm\/blog\/wp-content\/uploads\/2017\/10\/Curitiba-Brasile-resistenza-ad-oltranza-della-bella-edilizia-di-un-tempo-...-e-i-marciapiedi-sono-ovunque-pavimentati-in-pietra-e-non-col-nostro-orripilante-asfalto-225x300.jpg 225w, http:\/\/www.picweb.it\/emm\/blog\/wp-content\/uploads\/2017\/10\/Curitiba-Brasile-resistenza-ad-oltranza-della-bella-edilizia-di-un-tempo-...-e-i-marciapiedi-sono-ovunque-pavimentati-in-pietra-e-non-col-nostro-orripilante-asfalto-700x933.jpg 700w, http:\/\/www.picweb.it\/emm\/blog\/wp-content\/uploads\/2017\/10\/Curitiba-Brasile-resistenza-ad-oltranza-della-bella-edilizia-di-un-tempo-...-e-i-marciapiedi-sono-ovunque-pavimentati-in-pietra-e-non-col-nostro-orripilante-asfalto-520x693.jpg 520w, http:\/\/www.picweb.it\/emm\/blog\/wp-content\/uploads\/2017\/10\/Curitiba-Brasile-resistenza-ad-oltranza-della-bella-edilizia-di-un-tempo-...-e-i-marciapiedi-sono-ovunque-pavimentati-in-pietra-e-non-col-nostro-orripilante-asfalto-360x480.jpg 360w, http:\/\/www.picweb.it\/emm\/blog\/wp-content\/uploads\/2017\/10\/Curitiba-Brasile-resistenza-ad-oltranza-della-bella-edilizia-di-un-tempo-...-e-i-marciapiedi-sono-ovunque-pavimentati-in-pietra-e-non-col-nostro-orripilante-asfalto-250x333.jpg 250w, http:\/\/www.picweb.it\/emm\/blog\/wp-content\/uploads\/2017\/10\/Curitiba-Brasile-resistenza-ad-oltranza-della-bella-edilizia-di-un-tempo-...-e-i-marciapiedi-sono-ovunque-pavimentati-in-pietra-e-non-col-nostro-orripilante-asfalto-100x133.jpg 100w\" sizes=\"(max-width: 1197px) 100vw, 1197px\" \/><figcaption id=\"caption-attachment-766\" class=\"wp-caption-text\">Curitiba, Brasile, i marciapiedi sono ovunque pavimentati con schegge di pietra bianche e nere a formare dei tappeti<\/figcaption><\/figure>\n<p>[1] http:\/\/ingegneria.sba.unibo.it\/risorse\/files\/relazioni-delle-conferenze-della-scuola-di-ingegneria-e-architettura\/bucchi_testo<br \/>\n[2] Il presidente dell\u2019Istituto Romano Case Popolari, Malgadi, nel 1918, nel testo \u201cil nuovo gruppo di case al Testaccio\u201d affermava: \u00abParlare di arte in tema di case popolari pu\u00f2 sembrare per lo meno esagerato; ma non si pu\u00f2 certo negare l\u2019utilit\u00e0 di cercare nella decorazione della casa popolare, sia pure con la semplicit\u00e0 imposta dalla ragione economica, il raggiungimento di un qualche effetto che la faccia apparire, anche agli occhi del modesto operaio, qualche cosa di diverso dalla vecchia ed opprimente casa che egli abitava [\u2026] Una casa popolare che, insieme ad una buona distribuzione degli appartamenti unisca un bello aspetto esteriore, \u00e8 preferita ad un\u2019altra [\u2026] e dove questo vi \u00e8 si nota una maggior cura da parte degli inquilini nella buona tenuta del loro alloggio e in tutto ci\u00f2 che \u00e8 comune con gli alloggi del medesimo quartiere [\u2026] Una casa che piace si tiene con maggiore riguardo, ci\u00f2 vuol dire che esercita anche una funzione educativa in chi la abita\u00bb.<\/p>\n<p>[2] Alberto Calza Bini, Presidente dell\u2019ICP, ne il fascismo per le case del popolo, Tipografia Sociale, Roma 1927 scriveva: \u00ab[\u2026] l\u2019Ente dedic\u00f2 le maggiori cure affinch\u00e9 la concezione tecnica fosse indissolubile da quella artistica per la casa sana ed educatrice. Una citt\u00e0 di superbe tradizioni di arte e di bellezza quale Roma impone infatti una dignit\u00e0 architettonica tanto pi\u00f9 necessaria in questo periodo di rifiorimento civile [\u2026]\u00bb.<\/p>\n<p>&nbsp;<\/p>\n","protected":false},"excerpt":{"rendered":"<p>\u00abTra le antiche civilt\u00e0, Roma fu la prima e l\u2019unica ad ideare e sostenere con continuit\u00e0 una politica stradale per quasi otto secoli dal 300 a.C. fino alla caduta dell\u2019Impero Romano d\u2019Occidente (476 d.C.). I Romani restano i pi\u00f9 grandi [&hellip;]<\/p>\n","protected":false},"author":2,"featured_media":0,"comment_status":"open","ping_status":"open","sticky":false,"template":"","format":"standard","meta":{"jetpack_post_was_ever_published":false,"_jetpack_newsletter_access":"","_jetpack_dont_email_post_to_subs":false,"_jetpack_newsletter_tier_id":0,"_jetpack_memberships_contains_paywalled_content":false,"_jetpack_memberships_contains_paid_content":false,"footnotes":""},"categories":[20,41,39,22],"tags":[18,13,180,12,14,15,179,8,17,32,16,4,19],"class_list":["post-742","post","type-post","status-publish","format-standard","hentry","category-architettura","category-progettazione-urbana","category-roma","category-urbanistica","tag-architettura-tradizionale","tag-archmazzola","tag-decoro-urbano","tag-ettore-maria-mazzola","tag-ettore-mazzola","tag-mazzola","tag-pavimentazioni-stradali","tag-progettazione","tag-progettazione-tradizionale","tag-roma","tag-tradizione","tag-urbanistica","tag-urbanistica-tradizionale","clearfix"],"yoast_head":"<!-- This site is optimized with the Yoast SEO plugin v27.3 - https:\/\/yoast.com\/product\/yoast-seo-wordpress\/ -->\r\n<title>Marciapiedi, piazze e strade \u2026 Roma meriterebbe un maggior senso del decoro - virtutem forma decorat<\/title>\r\n<meta name=\"robots\" content=\"index, follow, max-snippet:-1, max-image-preview:large, max-video-preview:-1\" \/>\r\n<link rel=\"canonical\" href=\"http:\/\/www.picweb.it\/emm\/blog\/index.php\/2017\/10\/24\/marciapiedi-piazze-e-strade-roma-meriterebbe-un-maggior-senso-del-decoro\/\" \/>\r\n<meta property=\"og:locale\" content=\"it_IT\" \/>\r\n<meta property=\"og:type\" content=\"article\" \/>\r\n<meta property=\"og:title\" content=\"Marciapiedi, piazze e strade \u2026 Roma meriterebbe un maggior senso del decoro - virtutem forma decorat\" \/>\r\n<meta property=\"og:description\" content=\"\u00abTra le antiche civilt\u00e0, Roma fu la prima e l\u2019unica ad ideare e sostenere con continuit\u00e0 una politica stradale per quasi otto secoli dal 300 a.C. fino alla caduta dell\u2019Impero Romano d\u2019Occidente (476 d.C.). I Romani restano i pi\u00f9 grandi [&hellip;]\" \/>\r\n<meta property=\"og:url\" content=\"http:\/\/www.picweb.it\/emm\/blog\/index.php\/2017\/10\/24\/marciapiedi-piazze-e-strade-roma-meriterebbe-un-maggior-senso-del-decoro\/\" \/>\r\n<meta property=\"og:site_name\" content=\"virtutem forma decorat\" \/>\r\n<meta property=\"article:published_time\" content=\"2017-10-24T10:39:41+00:00\" \/>\r\n<meta property=\"article:modified_time\" content=\"2018-03-03T17:09:15+00:00\" \/>\r\n<meta property=\"og:image\" content=\"http:\/\/www.picweb.it\/emm\/blog\/wp-content\/uploads\/2017\/10\/Segesta.jpg\" \/>\r\n<meta name=\"author\" content=\"emmazzola\" \/>\r\n<meta name=\"twitter:card\" content=\"summary_large_image\" \/>\r\n<meta name=\"twitter:creator\" content=\"@ettore_mazzola\" \/>\r\n<meta name=\"twitter:site\" content=\"@ettore_mazzola\" \/>\r\n<meta name=\"twitter:label1\" content=\"Scritto da\" \/>\n\t<meta name=\"twitter:data1\" content=\"emmazzola\" \/>\n\t<meta name=\"twitter:label2\" content=\"Tempo di lettura stimato\" \/>\n\t<meta name=\"twitter:data2\" content=\"9 minuti\" \/>\r\n<script type=\"application\/ld+json\" class=\"yoast-schema-graph\">{\"@context\":\"https:\\\/\\\/schema.org\",\"@graph\":[{\"@type\":\"Article\",\"@id\":\"http:\\\/\\\/www.picweb.it\\\/emm\\\/blog\\\/index.php\\\/2017\\\/10\\\/24\\\/marciapiedi-piazze-e-strade-roma-meriterebbe-un-maggior-senso-del-decoro\\\/#article\",\"isPartOf\":{\"@id\":\"http:\\\/\\\/www.picweb.it\\\/emm\\\/blog\\\/index.php\\\/2017\\\/10\\\/24\\\/marciapiedi-piazze-e-strade-roma-meriterebbe-un-maggior-senso-del-decoro\\\/\"},\"author\":{\"name\":\"emmazzola\",\"@id\":\"http:\\\/\\\/www.picweb.it\\\/emm\\\/blog\\\/#\\\/schema\\\/person\\\/e29c0dd15f13008bd4c7682e6130977f\"},\"headline\":\"Marciapiedi, piazze e strade \u2026 Roma meriterebbe un maggior senso del decoro\",\"datePublished\":\"2017-10-24T10:39:41+00:00\",\"dateModified\":\"2018-03-03T17:09:15+00:00\",\"mainEntityOfPage\":{\"@id\":\"http:\\\/\\\/www.picweb.it\\\/emm\\\/blog\\\/index.php\\\/2017\\\/10\\\/24\\\/marciapiedi-piazze-e-strade-roma-meriterebbe-un-maggior-senso-del-decoro\\\/\"},\"wordCount\":1817,\"commentCount\":15,\"publisher\":{\"@id\":\"http:\\\/\\\/www.picweb.it\\\/emm\\\/blog\\\/#\\\/schema\\\/person\\\/e29c0dd15f13008bd4c7682e6130977f\"},\"image\":{\"@id\":\"http:\\\/\\\/www.picweb.it\\\/emm\\\/blog\\\/index.php\\\/2017\\\/10\\\/24\\\/marciapiedi-piazze-e-strade-roma-meriterebbe-un-maggior-senso-del-decoro\\\/#primaryimage\"},\"thumbnailUrl\":\"http:\\\/\\\/www.picweb.it\\\/emm\\\/blog\\\/wp-content\\\/uploads\\\/2017\\\/10\\\/Segesta.jpg\",\"keywords\":[\"architettura tradizionale\",\"archmazzola\",\"decoro urbano\",\"ettore maria mazzola\",\"ettore mazzola\",\"mazzola\",\"pavimentazioni stradali\",\"progettazione\",\"progettazione tradizionale\",\"Roma\",\"tradizione\",\"Urbanistica\",\"urbanistica tradizionale\"],\"articleSection\":[\"Architettura\",\"progettazione urbana\",\"Roma\",\"urbanistica\"],\"inLanguage\":\"it-IT\",\"potentialAction\":[{\"@type\":\"CommentAction\",\"name\":\"Comment\",\"target\":[\"http:\\\/\\\/www.picweb.it\\\/emm\\\/blog\\\/index.php\\\/2017\\\/10\\\/24\\\/marciapiedi-piazze-e-strade-roma-meriterebbe-un-maggior-senso-del-decoro\\\/#respond\"]}]},{\"@type\":\"WebPage\",\"@id\":\"http:\\\/\\\/www.picweb.it\\\/emm\\\/blog\\\/index.php\\\/2017\\\/10\\\/24\\\/marciapiedi-piazze-e-strade-roma-meriterebbe-un-maggior-senso-del-decoro\\\/\",\"url\":\"http:\\\/\\\/www.picweb.it\\\/emm\\\/blog\\\/index.php\\\/2017\\\/10\\\/24\\\/marciapiedi-piazze-e-strade-roma-meriterebbe-un-maggior-senso-del-decoro\\\/\",\"name\":\"Marciapiedi, piazze e strade \u2026 Roma meriterebbe un maggior senso del decoro - virtutem forma decorat\",\"isPartOf\":{\"@id\":\"http:\\\/\\\/www.picweb.it\\\/emm\\\/blog\\\/#website\"},\"primaryImageOfPage\":{\"@id\":\"http:\\\/\\\/www.picweb.it\\\/emm\\\/blog\\\/index.php\\\/2017\\\/10\\\/24\\\/marciapiedi-piazze-e-strade-roma-meriterebbe-un-maggior-senso-del-decoro\\\/#primaryimage\"},\"image\":{\"@id\":\"http:\\\/\\\/www.picweb.it\\\/emm\\\/blog\\\/index.php\\\/2017\\\/10\\\/24\\\/marciapiedi-piazze-e-strade-roma-meriterebbe-un-maggior-senso-del-decoro\\\/#primaryimage\"},\"thumbnailUrl\":\"http:\\\/\\\/www.picweb.it\\\/emm\\\/blog\\\/wp-content\\\/uploads\\\/2017\\\/10\\\/Segesta.jpg\",\"datePublished\":\"2017-10-24T10:39:41+00:00\",\"dateModified\":\"2018-03-03T17:09:15+00:00\",\"breadcrumb\":{\"@id\":\"http:\\\/\\\/www.picweb.it\\\/emm\\\/blog\\\/index.php\\\/2017\\\/10\\\/24\\\/marciapiedi-piazze-e-strade-roma-meriterebbe-un-maggior-senso-del-decoro\\\/#breadcrumb\"},\"inLanguage\":\"it-IT\",\"potentialAction\":[{\"@type\":\"ReadAction\",\"target\":[\"http:\\\/\\\/www.picweb.it\\\/emm\\\/blog\\\/index.php\\\/2017\\\/10\\\/24\\\/marciapiedi-piazze-e-strade-roma-meriterebbe-un-maggior-senso-del-decoro\\\/\"]}]},{\"@type\":\"ImageObject\",\"inLanguage\":\"it-IT\",\"@id\":\"http:\\\/\\\/www.picweb.it\\\/emm\\\/blog\\\/index.php\\\/2017\\\/10\\\/24\\\/marciapiedi-piazze-e-strade-roma-meriterebbe-un-maggior-senso-del-decoro\\\/#primaryimage\",\"url\":\"http:\\\/\\\/www.picweb.it\\\/emm\\\/blog\\\/wp-content\\\/uploads\\\/2017\\\/10\\\/Segesta.jpg\",\"contentUrl\":\"http:\\\/\\\/www.picweb.it\\\/emm\\\/blog\\\/wp-content\\\/uploads\\\/2017\\\/10\\\/Segesta.jpg\",\"width\":2048,\"height\":1152,\"caption\":\"Strada basolata romana che conduce al Teatro di Segesta in Sicilia\"},{\"@type\":\"BreadcrumbList\",\"@id\":\"http:\\\/\\\/www.picweb.it\\\/emm\\\/blog\\\/index.php\\\/2017\\\/10\\\/24\\\/marciapiedi-piazze-e-strade-roma-meriterebbe-un-maggior-senso-del-decoro\\\/#breadcrumb\",\"itemListElement\":[{\"@type\":\"ListItem\",\"position\":1,\"name\":\"Home\",\"item\":\"http:\\\/\\\/www.picweb.it\\\/emm\\\/blog\\\/\"},{\"@type\":\"ListItem\",\"position\":2,\"name\":\"Marciapiedi, piazze e strade \u2026 Roma meriterebbe un maggior senso del decoro\"}]},{\"@type\":\"WebSite\",\"@id\":\"http:\\\/\\\/www.picweb.it\\\/emm\\\/blog\\\/#website\",\"url\":\"http:\\\/\\\/www.picweb.it\\\/emm\\\/blog\\\/\",\"name\":\"virtutem forma decorat\",\"description\":\"The new Architectural blog\",\"publisher\":{\"@id\":\"http:\\\/\\\/www.picweb.it\\\/emm\\\/blog\\\/#\\\/schema\\\/person\\\/e29c0dd15f13008bd4c7682e6130977f\"},\"potentialAction\":[{\"@type\":\"SearchAction\",\"target\":{\"@type\":\"EntryPoint\",\"urlTemplate\":\"http:\\\/\\\/www.picweb.it\\\/emm\\\/blog\\\/?s={search_term_string}\"},\"query-input\":{\"@type\":\"PropertyValueSpecification\",\"valueRequired\":true,\"valueName\":\"search_term_string\"}}],\"inLanguage\":\"it-IT\"},{\"@type\":[\"Person\",\"Organization\"],\"@id\":\"http:\\\/\\\/www.picweb.it\\\/emm\\\/blog\\\/#\\\/schema\\\/person\\\/e29c0dd15f13008bd4c7682e6130977f\",\"name\":\"emmazzola\",\"image\":{\"@type\":\"ImageObject\",\"inLanguage\":\"it-IT\",\"@id\":\"http:\\\/\\\/www.picweb.it\\\/emm\\\/blog\\\/wp-content\\\/uploads\\\/2017\\\/05\\\/cropped-logoVirtutemFormaDecorat_Whigher.png\",\"url\":\"http:\\\/\\\/www.picweb.it\\\/emm\\\/blog\\\/wp-content\\\/uploads\\\/2017\\\/05\\\/cropped-logoVirtutemFormaDecorat_Whigher.png\",\"contentUrl\":\"http:\\\/\\\/www.picweb.it\\\/emm\\\/blog\\\/wp-content\\\/uploads\\\/2017\\\/05\\\/cropped-logoVirtutemFormaDecorat_Whigher.png\",\"width\":200,\"height\":79,\"caption\":\"emmazzola\"},\"logo\":{\"@id\":\"http:\\\/\\\/www.picweb.it\\\/emm\\\/blog\\\/wp-content\\\/uploads\\\/2017\\\/05\\\/cropped-logoVirtutemFormaDecorat_Whigher.png\"},\"url\":\"http:\\\/\\\/www.picweb.it\\\/emm\\\/blog\\\/index.php\\\/author\\\/emmazzola\\\/\"}]}<\/script>\r\n<!-- \/ Yoast SEO plugin. -->","yoast_head_json":{"title":"Marciapiedi, piazze e strade \u2026 Roma meriterebbe un maggior senso del decoro - virtutem forma decorat","robots":{"index":"index","follow":"follow","max-snippet":"max-snippet:-1","max-image-preview":"max-image-preview:large","max-video-preview":"max-video-preview:-1"},"canonical":"http:\/\/www.picweb.it\/emm\/blog\/index.php\/2017\/10\/24\/marciapiedi-piazze-e-strade-roma-meriterebbe-un-maggior-senso-del-decoro\/","og_locale":"it_IT","og_type":"article","og_title":"Marciapiedi, piazze e strade \u2026 Roma meriterebbe un maggior senso del decoro - virtutem forma decorat","og_description":"\u00abTra le antiche civilt\u00e0, Roma fu la prima e l\u2019unica ad ideare e sostenere con continuit\u00e0 una politica stradale per quasi otto secoli dal 300 a.C. fino alla caduta dell\u2019Impero Romano d\u2019Occidente (476 d.C.). I Romani restano i pi\u00f9 grandi [&hellip;]","og_url":"http:\/\/www.picweb.it\/emm\/blog\/index.php\/2017\/10\/24\/marciapiedi-piazze-e-strade-roma-meriterebbe-un-maggior-senso-del-decoro\/","og_site_name":"virtutem forma decorat","article_published_time":"2017-10-24T10:39:41+00:00","article_modified_time":"2018-03-03T17:09:15+00:00","og_image":[{"url":"http:\/\/www.picweb.it\/emm\/blog\/wp-content\/uploads\/2017\/10\/Segesta.jpg","type":"","width":"","height":""}],"author":"emmazzola","twitter_card":"summary_large_image","twitter_creator":"@ettore_mazzola","twitter_site":"@ettore_mazzola","twitter_misc":{"Scritto da":"emmazzola","Tempo di lettura stimato":"9 minuti"},"schema":{"@context":"https:\/\/schema.org","@graph":[{"@type":"Article","@id":"http:\/\/www.picweb.it\/emm\/blog\/index.php\/2017\/10\/24\/marciapiedi-piazze-e-strade-roma-meriterebbe-un-maggior-senso-del-decoro\/#article","isPartOf":{"@id":"http:\/\/www.picweb.it\/emm\/blog\/index.php\/2017\/10\/24\/marciapiedi-piazze-e-strade-roma-meriterebbe-un-maggior-senso-del-decoro\/"},"author":{"name":"emmazzola","@id":"http:\/\/www.picweb.it\/emm\/blog\/#\/schema\/person\/e29c0dd15f13008bd4c7682e6130977f"},"headline":"Marciapiedi, piazze e strade \u2026 Roma meriterebbe un maggior senso del decoro","datePublished":"2017-10-24T10:39:41+00:00","dateModified":"2018-03-03T17:09:15+00:00","mainEntityOfPage":{"@id":"http:\/\/www.picweb.it\/emm\/blog\/index.php\/2017\/10\/24\/marciapiedi-piazze-e-strade-roma-meriterebbe-un-maggior-senso-del-decoro\/"},"wordCount":1817,"commentCount":15,"publisher":{"@id":"http:\/\/www.picweb.it\/emm\/blog\/#\/schema\/person\/e29c0dd15f13008bd4c7682e6130977f"},"image":{"@id":"http:\/\/www.picweb.it\/emm\/blog\/index.php\/2017\/10\/24\/marciapiedi-piazze-e-strade-roma-meriterebbe-un-maggior-senso-del-decoro\/#primaryimage"},"thumbnailUrl":"http:\/\/www.picweb.it\/emm\/blog\/wp-content\/uploads\/2017\/10\/Segesta.jpg","keywords":["architettura tradizionale","archmazzola","decoro urbano","ettore maria mazzola","ettore mazzola","mazzola","pavimentazioni stradali","progettazione","progettazione tradizionale","Roma","tradizione","Urbanistica","urbanistica tradizionale"],"articleSection":["Architettura","progettazione urbana","Roma","urbanistica"],"inLanguage":"it-IT","potentialAction":[{"@type":"CommentAction","name":"Comment","target":["http:\/\/www.picweb.it\/emm\/blog\/index.php\/2017\/10\/24\/marciapiedi-piazze-e-strade-roma-meriterebbe-un-maggior-senso-del-decoro\/#respond"]}]},{"@type":"WebPage","@id":"http:\/\/www.picweb.it\/emm\/blog\/index.php\/2017\/10\/24\/marciapiedi-piazze-e-strade-roma-meriterebbe-un-maggior-senso-del-decoro\/","url":"http:\/\/www.picweb.it\/emm\/blog\/index.php\/2017\/10\/24\/marciapiedi-piazze-e-strade-roma-meriterebbe-un-maggior-senso-del-decoro\/","name":"Marciapiedi, piazze e strade \u2026 Roma meriterebbe un maggior senso del decoro - virtutem forma decorat","isPartOf":{"@id":"http:\/\/www.picweb.it\/emm\/blog\/#website"},"primaryImageOfPage":{"@id":"http:\/\/www.picweb.it\/emm\/blog\/index.php\/2017\/10\/24\/marciapiedi-piazze-e-strade-roma-meriterebbe-un-maggior-senso-del-decoro\/#primaryimage"},"image":{"@id":"http:\/\/www.picweb.it\/emm\/blog\/index.php\/2017\/10\/24\/marciapiedi-piazze-e-strade-roma-meriterebbe-un-maggior-senso-del-decoro\/#primaryimage"},"thumbnailUrl":"http:\/\/www.picweb.it\/emm\/blog\/wp-content\/uploads\/2017\/10\/Segesta.jpg","datePublished":"2017-10-24T10:39:41+00:00","dateModified":"2018-03-03T17:09:15+00:00","breadcrumb":{"@id":"http:\/\/www.picweb.it\/emm\/blog\/index.php\/2017\/10\/24\/marciapiedi-piazze-e-strade-roma-meriterebbe-un-maggior-senso-del-decoro\/#breadcrumb"},"inLanguage":"it-IT","potentialAction":[{"@type":"ReadAction","target":["http:\/\/www.picweb.it\/emm\/blog\/index.php\/2017\/10\/24\/marciapiedi-piazze-e-strade-roma-meriterebbe-un-maggior-senso-del-decoro\/"]}]},{"@type":"ImageObject","inLanguage":"it-IT","@id":"http:\/\/www.picweb.it\/emm\/blog\/index.php\/2017\/10\/24\/marciapiedi-piazze-e-strade-roma-meriterebbe-un-maggior-senso-del-decoro\/#primaryimage","url":"http:\/\/www.picweb.it\/emm\/blog\/wp-content\/uploads\/2017\/10\/Segesta.jpg","contentUrl":"http:\/\/www.picweb.it\/emm\/blog\/wp-content\/uploads\/2017\/10\/Segesta.jpg","width":2048,"height":1152,"caption":"Strada basolata romana che conduce al Teatro di Segesta in Sicilia"},{"@type":"BreadcrumbList","@id":"http:\/\/www.picweb.it\/emm\/blog\/index.php\/2017\/10\/24\/marciapiedi-piazze-e-strade-roma-meriterebbe-un-maggior-senso-del-decoro\/#breadcrumb","itemListElement":[{"@type":"ListItem","position":1,"name":"Home","item":"http:\/\/www.picweb.it\/emm\/blog\/"},{"@type":"ListItem","position":2,"name":"Marciapiedi, piazze e strade \u2026 Roma meriterebbe un maggior senso del decoro"}]},{"@type":"WebSite","@id":"http:\/\/www.picweb.it\/emm\/blog\/#website","url":"http:\/\/www.picweb.it\/emm\/blog\/","name":"virtutem forma decorat","description":"The new Architectural blog","publisher":{"@id":"http:\/\/www.picweb.it\/emm\/blog\/#\/schema\/person\/e29c0dd15f13008bd4c7682e6130977f"},"potentialAction":[{"@type":"SearchAction","target":{"@type":"EntryPoint","urlTemplate":"http:\/\/www.picweb.it\/emm\/blog\/?s={search_term_string}"},"query-input":{"@type":"PropertyValueSpecification","valueRequired":true,"valueName":"search_term_string"}}],"inLanguage":"it-IT"},{"@type":["Person","Organization"],"@id":"http:\/\/www.picweb.it\/emm\/blog\/#\/schema\/person\/e29c0dd15f13008bd4c7682e6130977f","name":"emmazzola","image":{"@type":"ImageObject","inLanguage":"it-IT","@id":"http:\/\/www.picweb.it\/emm\/blog\/wp-content\/uploads\/2017\/05\/cropped-logoVirtutemFormaDecorat_Whigher.png","url":"http:\/\/www.picweb.it\/emm\/blog\/wp-content\/uploads\/2017\/05\/cropped-logoVirtutemFormaDecorat_Whigher.png","contentUrl":"http:\/\/www.picweb.it\/emm\/blog\/wp-content\/uploads\/2017\/05\/cropped-logoVirtutemFormaDecorat_Whigher.png","width":200,"height":79,"caption":"emmazzola"},"logo":{"@id":"http:\/\/www.picweb.it\/emm\/blog\/wp-content\/uploads\/2017\/05\/cropped-logoVirtutemFormaDecorat_Whigher.png"},"url":"http:\/\/www.picweb.it\/emm\/blog\/index.php\/author\/emmazzola\/"}]}},"jetpack_featured_media_url":"","jetpack_sharing_enabled":true,"jetpack_shortlink":"https:\/\/wp.me\/p8HWjS-bY","jetpack-related-posts":[],"jetpack_likes_enabled":true,"_links":{"self":[{"href":"http:\/\/www.picweb.it\/emm\/blog\/index.php\/wp-json\/wp\/v2\/posts\/742","targetHints":{"allow":["GET"]}}],"collection":[{"href":"http:\/\/www.picweb.it\/emm\/blog\/index.php\/wp-json\/wp\/v2\/posts"}],"about":[{"href":"http:\/\/www.picweb.it\/emm\/blog\/index.php\/wp-json\/wp\/v2\/types\/post"}],"author":[{"embeddable":true,"href":"http:\/\/www.picweb.it\/emm\/blog\/index.php\/wp-json\/wp\/v2\/users\/2"}],"replies":[{"embeddable":true,"href":"http:\/\/www.picweb.it\/emm\/blog\/index.php\/wp-json\/wp\/v2\/comments?post=742"}],"version-history":[{"count":4,"href":"http:\/\/www.picweb.it\/emm\/blog\/index.php\/wp-json\/wp\/v2\/posts\/742\/revisions"}],"predecessor-version":[{"id":1125,"href":"http:\/\/www.picweb.it\/emm\/blog\/index.php\/wp-json\/wp\/v2\/posts\/742\/revisions\/1125"}],"wp:attachment":[{"href":"http:\/\/www.picweb.it\/emm\/blog\/index.php\/wp-json\/wp\/v2\/media?parent=742"}],"wp:term":[{"taxonomy":"category","embeddable":true,"href":"http:\/\/www.picweb.it\/emm\/blog\/index.php\/wp-json\/wp\/v2\/categories?post=742"},{"taxonomy":"post_tag","embeddable":true,"href":"http:\/\/www.picweb.it\/emm\/blog\/index.php\/wp-json\/wp\/v2\/tags?post=742"}],"curies":[{"name":"wp","href":"https:\/\/api.w.org\/{rel}","templated":true}]}}