{"id":719,"date":"2017-10-16T09:34:02","date_gmt":"2017-10-16T07:34:02","guid":{"rendered":"http:\/\/www.picweb.it\/emm\/blog\/?p=719"},"modified":"2017-10-16T09:34:02","modified_gmt":"2017-10-16T07:34:02","slug":"suggerimenti-preziosi-per-lannullamento-del-titolo-autorizzativo-di-via-ticino","status":"publish","type":"post","link":"http:\/\/www.picweb.it\/emm\/blog\/index.php\/2017\/10\/16\/suggerimenti-preziosi-per-lannullamento-del-titolo-autorizzativo-di-via-ticino\/","title":{"rendered":"Suggerimenti preziosi per l&#8217;annullamento del titolo autorizzativo di via Ticino"},"content":{"rendered":"<p><strong>Su via Ticino a Roma e su Palazzo Tresca a Barletta<\/strong><\/p>\n<p><strong>Un utile scambio di opinioni che potrebbe risolvere il problema legale per l\u2019annullamento del titolo autorizzativo<\/strong><\/p>\n<p>Molti benpensanti \u2013 o presunti tali \u2013 spesso, tendono a demonizzare Facebook, perch\u00e9 visto come uno strumento deleterio, creato ad-hoc affinch\u00e9 in cosiddetti \u201c<em>webeti<\/em>\u201d \u2013 come li ha definiti Enrico Mentana \u2013 possano dare libero sfogo delle proprie frustrazioni, producendo il peggio di s\u00e9.<\/p>\n<p>Diversamente, in pi\u00f9 di un\u2019occasione, ho potuto sostenere e dimostrare l\u2019esatto contrario. Questo social network infatti, a seconda dell\u2019uso che se ne fa, pu\u00f2 risultare devastante, oppure uno strumento efficacissimo per uno scambio di informazioni preziose che possono risultare utili, in brevissimo tempo, per far venire a conoscenza di cose che, diversamente, non si sarebbero potute conoscere e che, magari, sarebbero risultate utili per risolvere un problema di massima urgenza.<\/p>\n<p>Per esempio, questo \u00e8 il caso delle vicende relative alle autorizzazioni rilasciate per i progetti di demolizione e sostituzione dell\u2019edificio di via Ticino 3 a Roma<a href=\"#_ftn1\" name=\"_ftnref1\">[1]<\/a> e di Palazzo Tresca a Barletta<a href=\"#_ftn2\" name=\"_ftnref2\">[2]<\/a>, dei quali mi sto interessando da oltre un mese.<\/p>\n<figure id=\"attachment_720\" aria-describedby=\"caption-attachment-720\" style=\"width: 3264px\" class=\"wp-caption aligncenter\"><img fetchpriority=\"high\" decoding=\"async\" data-attachment-id=\"720\" data-permalink=\"http:\/\/www.picweb.it\/emm\/blog\/index.php\/2017\/10\/16\/suggerimenti-preziosi-per-lannullamento-del-titolo-autorizzativo-di-via-ticino\/img_8408\/\" data-orig-file=\"http:\/\/www.picweb.it\/emm\/blog\/wp-content\/uploads\/2017\/10\/IMG_8408.jpg\" data-orig-size=\"3264,2448\" data-comments-opened=\"1\" data-image-meta=\"{&quot;aperture&quot;:&quot;0&quot;,&quot;credit&quot;:&quot;&quot;,&quot;camera&quot;:&quot;&quot;,&quot;caption&quot;:&quot;&quot;,&quot;created_timestamp&quot;:&quot;0&quot;,&quot;copyright&quot;:&quot;&quot;,&quot;focal_length&quot;:&quot;0&quot;,&quot;iso&quot;:&quot;0&quot;,&quot;shutter_speed&quot;:&quot;0&quot;,&quot;title&quot;:&quot;&quot;,&quot;orientation&quot;:&quot;0&quot;}\" data-image-title=\"IMG_8408\" data-image-description=\"\" data-image-caption=\"&lt;p&gt;Roma, via Ticino 3 \u2013 progetto elaborato nel 1930 dall\u2019ing. Ugo Gennari per conto del conte Gerolamo Naselli&lt;\/p&gt;\n\" data-large-file=\"http:\/\/www.picweb.it\/emm\/blog\/wp-content\/uploads\/2017\/10\/IMG_8408-1024x768.jpg\" class=\"size-full wp-image-720\" src=\"http:\/\/www.picweb.it\/emm\/blog\/wp-content\/uploads\/2017\/10\/IMG_8408.jpg\" alt=\"\" width=\"3264\" height=\"2448\" srcset=\"http:\/\/www.picweb.it\/emm\/blog\/wp-content\/uploads\/2017\/10\/IMG_8408.jpg 3264w, http:\/\/www.picweb.it\/emm\/blog\/wp-content\/uploads\/2017\/10\/IMG_8408-300x225.jpg 300w, http:\/\/www.picweb.it\/emm\/blog\/wp-content\/uploads\/2017\/10\/IMG_8408-768x576.jpg 768w, http:\/\/www.picweb.it\/emm\/blog\/wp-content\/uploads\/2017\/10\/IMG_8408-1024x768.jpg 1024w, http:\/\/www.picweb.it\/emm\/blog\/wp-content\/uploads\/2017\/10\/IMG_8408-700x525.jpg 700w, http:\/\/www.picweb.it\/emm\/blog\/wp-content\/uploads\/2017\/10\/IMG_8408-520x390.jpg 520w, http:\/\/www.picweb.it\/emm\/blog\/wp-content\/uploads\/2017\/10\/IMG_8408-360x270.jpg 360w, http:\/\/www.picweb.it\/emm\/blog\/wp-content\/uploads\/2017\/10\/IMG_8408-250x188.jpg 250w, http:\/\/www.picweb.it\/emm\/blog\/wp-content\/uploads\/2017\/10\/IMG_8408-100x75.jpg 100w\" sizes=\"(max-width: 3264px) 100vw, 3264px\" \/><figcaption id=\"caption-attachment-720\" class=\"wp-caption-text\">Roma, via Ticino 3 \u2013 progetto elaborato nel 1930 dall\u2019ing. Ugo Gennari per conto del conte Gerolamo Naselli<\/figcaption><\/figure>\n<figure id=\"attachment_648\" aria-describedby=\"caption-attachment-648\" style=\"width: 1262px\" class=\"wp-caption aligncenter\"><img decoding=\"async\" data-attachment-id=\"648\" data-permalink=\"http:\/\/www.picweb.it\/emm\/blog\/index.php\/2017\/09\/14\/palazzo-tresca-la-svolta-possibile-gli-interessi-della-collettivita-e-quello-privato-non-sono-inconciliabili-anzi\/progetto-palazzo-tresca\/\" data-orig-file=\"http:\/\/www.picweb.it\/emm\/blog\/wp-content\/uploads\/2017\/09\/progetto-Palazzo-Tresca.jpg\" data-orig-size=\"720,655\" data-comments-opened=\"1\" data-image-meta=\"{&quot;aperture&quot;:&quot;0&quot;,&quot;credit&quot;:&quot;&quot;,&quot;camera&quot;:&quot;&quot;,&quot;caption&quot;:&quot;&quot;,&quot;created_timestamp&quot;:&quot;0&quot;,&quot;copyright&quot;:&quot;&quot;,&quot;focal_length&quot;:&quot;0&quot;,&quot;iso&quot;:&quot;0&quot;,&quot;shutter_speed&quot;:&quot;0&quot;,&quot;title&quot;:&quot;&quot;,&quot;orientation&quot;:&quot;0&quot;}\" data-image-title=\"progetto Palazzo Tresca\" data-image-description=\"\" data-image-caption=\"&lt;p&gt;Palazzo Tresca, Progetto originario datato 1885 (fonte: Archivio di Stato di Barletta) \u2013 il prospetto presenta solo tre livelli&lt;\/p&gt;\n\" data-large-file=\"http:\/\/www.picweb.it\/emm\/blog\/wp-content\/uploads\/2017\/09\/progetto-Palazzo-Tresca.jpg\" class=\" wp-image-648\" src=\"http:\/\/www.picweb.it\/emm\/blog\/wp-content\/uploads\/2017\/09\/progetto-Palazzo-Tresca.jpg\" alt=\"\" width=\"1262\" height=\"1148\" srcset=\"http:\/\/www.picweb.it\/emm\/blog\/wp-content\/uploads\/2017\/09\/progetto-Palazzo-Tresca.jpg 720w, http:\/\/www.picweb.it\/emm\/blog\/wp-content\/uploads\/2017\/09\/progetto-Palazzo-Tresca-300x273.jpg 300w, http:\/\/www.picweb.it\/emm\/blog\/wp-content\/uploads\/2017\/09\/progetto-Palazzo-Tresca-700x637.jpg 700w, http:\/\/www.picweb.it\/emm\/blog\/wp-content\/uploads\/2017\/09\/progetto-Palazzo-Tresca-520x473.jpg 520w, http:\/\/www.picweb.it\/emm\/blog\/wp-content\/uploads\/2017\/09\/progetto-Palazzo-Tresca-360x328.jpg 360w, http:\/\/www.picweb.it\/emm\/blog\/wp-content\/uploads\/2017\/09\/progetto-Palazzo-Tresca-250x227.jpg 250w, http:\/\/www.picweb.it\/emm\/blog\/wp-content\/uploads\/2017\/09\/progetto-Palazzo-Tresca-100x91.jpg 100w\" sizes=\"(max-width: 1262px) 100vw, 1262px\" \/><figcaption id=\"caption-attachment-648\" class=\"wp-caption-text\">Palazzo Tresca, Progetto originario datato 1885 (fonte: Archivio di Stato di Barletta) \u2013 il prospetto presenta solo tre livelli<\/figcaption><\/figure>\n<p>Ieri infatti, tra i commenti ad uno dei miei post su via Ticino a Roma pubblicato su Facebook, ho avuto un utilissimo scambio di opinioni\/informazioni con Luciano Belli Laura.<\/p>\n<p>Ho ritenuto che le sue segnalazioni possano risultare molto utili, sia riguardo alla vicenda di via Ticino (che oggi, purtroppo, ha visto l\u2019avvio della demolizione), sia per l\u2019altra vicenda che riguarda la mia citt\u00e0 natale Barletta.<\/p>\n<p>Vi riporto il nostro scambio di battute, nella certezza che possa tornare utile a chi stia seguendo la vicenda a livello legale e, soprattutto, nella speranza che possa contribuire a bloccare la stagione dei nuovi barbari.<\/p>\n<figure id=\"attachment_721\" aria-describedby=\"caption-attachment-721\" style=\"width: 1004px\" class=\"wp-caption aligncenter\"><img decoding=\"async\" data-attachment-id=\"721\" data-permalink=\"http:\/\/www.picweb.it\/emm\/blog\/index.php\/2017\/10\/16\/suggerimenti-preziosi-per-lannullamento-del-titolo-autorizzativo-di-via-ticino\/demolizioni-in-corso\/\" data-orig-file=\"http:\/\/www.picweb.it\/emm\/blog\/wp-content\/uploads\/2017\/10\/demolizioni-in-corso.jpg\" data-orig-size=\"538,960\" data-comments-opened=\"1\" data-image-meta=\"{&quot;aperture&quot;:&quot;0&quot;,&quot;credit&quot;:&quot;&quot;,&quot;camera&quot;:&quot;&quot;,&quot;caption&quot;:&quot;&quot;,&quot;created_timestamp&quot;:&quot;0&quot;,&quot;copyright&quot;:&quot;&quot;,&quot;focal_length&quot;:&quot;0&quot;,&quot;iso&quot;:&quot;0&quot;,&quot;shutter_speed&quot;:&quot;0&quot;,&quot;title&quot;:&quot;&quot;,&quot;orientation&quot;:&quot;0&quot;}\" data-image-title=\"demolizioni in corso\" data-image-description=\"\" data-image-caption=\"&lt;p&gt;16 ottobre 2017 \u2013 Demolizioni in corso (foto di Emanuela Migheli)&lt;\/p&gt;\n\" data-large-file=\"http:\/\/www.picweb.it\/emm\/blog\/wp-content\/uploads\/2017\/10\/demolizioni-in-corso.jpg\" class=\" wp-image-721\" src=\"http:\/\/www.picweb.it\/emm\/blog\/wp-content\/uploads\/2017\/10\/demolizioni-in-corso.jpg\" alt=\"\" width=\"1004\" height=\"1791\" srcset=\"http:\/\/www.picweb.it\/emm\/blog\/wp-content\/uploads\/2017\/10\/demolizioni-in-corso.jpg 538w, http:\/\/www.picweb.it\/emm\/blog\/wp-content\/uploads\/2017\/10\/demolizioni-in-corso-168x300.jpg 168w, http:\/\/www.picweb.it\/emm\/blog\/wp-content\/uploads\/2017\/10\/demolizioni-in-corso-520x928.jpg 520w, http:\/\/www.picweb.it\/emm\/blog\/wp-content\/uploads\/2017\/10\/demolizioni-in-corso-360x642.jpg 360w, http:\/\/www.picweb.it\/emm\/blog\/wp-content\/uploads\/2017\/10\/demolizioni-in-corso-250x446.jpg 250w, http:\/\/www.picweb.it\/emm\/blog\/wp-content\/uploads\/2017\/10\/demolizioni-in-corso-100x178.jpg 100w\" sizes=\"(max-width: 1004px) 100vw, 1004px\" \/><figcaption id=\"caption-attachment-721\" class=\"wp-caption-text\">16 ottobre 2017 \u2013 Demolizioni in corso (foto di Emanuela Migheli)<\/figcaption><\/figure>\n<p>Luciano Belli Laura (LBL) \u2013 \u00ab<em>Credo sia assai utile &#8220;rendere virale&#8221; la novit\u00e0. Ma contemporaneamente penso sia indispensabile fare istanza (o diffida) di revoca del provvedimento autorizzativo del progetto Ridolfi. Ai sensi dell&#8217;art. 21-quinquies della L. 241\/1990 e ss.mm.ii., ancora possibile nel caso di sopravvenuti motivi di pubblico interesse e proprio nel caso di mutamento della situazione di fatto. Un buon avvocato dovrebbe considerare, financo, che il comma 1-bis dell&#8217;art. 21-quinqies L. 241\/1990 recita: &#8220;Ove la revoca di un atto amministrativo ad efficacia durevole o istantanea incida su rapporti negoziali, l&#8217;indennizzo liquidato dall&#8217;amministrazione agli interessati \u00e8 parametrato al solo danno emergente e tiene conto sia dell&#8217;eventuale conoscenza o conoscibilit\u00e0 da parte dei contraenti della contrariet\u00e0 dell&#8217;atto amministrativo oggetto di revoca all&#8217;interesse pubblico, sia dell&#8217;eventuale concorso dei contraenti o di altri soggetti all&#8217;erronea valutazione della compatibilit\u00e0 di tale atto con l&#8217;interesse pubblico&#8221;. Solo cos\u00ec si pu\u00f2 presentare ISTANZA d&#8217;intervento di vigilanza dei competenti uffici comunali e regionali. Nonch\u00e9 presentare contestuale ricorso al Presidente della Giunta Regionale ai sensi del D.P.R. 1199\/1971 per l&#8217;annullamento del &#8220;titolo abilitativo&#8221; rilasciato dal Comune. Vale a dire chiedere a Zingaretti di fare, con i &#8220;poteri sostitutivi&#8221; concessi dalla legge, ci\u00f2 che Raggi potrebbe non fare. Ribadisco che, per fermare l&#8217;imminente demolizione, si potrebbe fare appello immediato alla VIGILANZA sulle costruzioni attribuita agli uffici comunali e regionali. Allegando gli altri atti sopra indicati\u00bb.<\/em><\/p>\n<p>Ettore Maria Mazzola (EMM) \u2013 \u00ab<em>Splendido perch\u00e9 non fai un post con questo commento affinch\u00e9 Italia Nostra e chi stia procedendo legalmente possano trarne vantaggio?<\/em>\u00bb<\/p>\n<p>LBL \u2013 \u00ab<em>Semplicemente perch\u00e9, come gi\u00e0 scritto altrove, occorre solo verificare se la Legge Regionale Urbanistica del Lazio contempla l&#8217;esercizio dei poteri sostitutivi. E se s\u00ec, a quale articolo e con quale modalit\u00e0. E poi, perch\u00e9 non essendo di Roma, mi occupo solo direttamente della questione stadio PER Roma-calcio. Incontrando un sacco di &#8230; non partecipazione. Comunque, scrivo subito a Oreste Rutigliano\u00bb.<\/em><\/p>\n<p>EMM \u2013 \u00ab<em>caro Luciano<\/em><em>, la Legge Urbanistica Regionale del Lazio dice che il potere sostitutivo regionale viene esercitato attraverso la nomina di un commissario ad acta nei confronti dei Comuni rimasti inerti nel rilascio di:<\/em><\/p>\n<ul>\n<li><em>Autorizzazioni paesaggistiche (art. 3 L.R. 8\/2012 e art. 146 D.Lgs. 42\/2004)<\/em><\/li>\n<li><em>Permessi di costruire (art. 21 D.P.R. 380\/2001)<\/em><\/li>\n<li><em>Provvedimenti definitivi di repressione degli abusi in materia urbanistica &#8211; edilizia (art. 31 L.R. 15\/2008)<\/em><\/li>\n<\/ul>\n<p><em>Si ricorda ai Comuni che gli oneri finanziari conseguenti alla nomina dei commissari ad acta sono a loro esclusivo carico; in tal senso \u00e8 altres\u00ec configurabile una responsabilit\u00e0 per danno erariale con conseguente obbligo di denuncia alla Corte dei Conti cui \u00e8 tenuta la stessa amministrazione inadempiente. In ogni caso si rammenta che la Regione, accertati i presupposti dell\u2019inerzia, provvede a segnalare alla Corte dei Conti l\u2019avvenuta nomina del commissario ad acta.<\/em><\/p>\n<p><em>PS On-line vengono forniti i moduli per la richiesta di attivazione dei poteri sostitutivi e la nota interpretativa della Procura Generale presso la Corte dei Conti prot. 9434\/2007P del 2 agosto 2007 in materia di denunce di danno erariale. Per la precisione i moduli relativi a: AUTORIZZAZIONE PAESAGGISTICA &#8211; modulo per l&#8217;attivazione del potere sostitutivo; PERMESSO DI COSTRUIRE &#8211; modulo per l&#8217;attivazione del potere sostitutivo; ABUSIVISMO &#8211; modulo per l&#8217;attivazione del potere sostitutivo; Nota interpretativa 9434_2007 Corte dei Conti\u00bb.<\/em><\/p>\n<p>LBL \u2013 \u00ab<em>Grazie. In Piemonte, invece, le ultime disposizioni (art. 19 L. R. 23\/2013) recitano:<\/em><\/p>\n<ol>\n<li><em> A salvaguardia dell&#8217;interesse generale all&#8217;effettivo esercizio delle funzioni conferite dalla Regione agli enti locali, in caso di inerzia o di inadempienza degli enti nell&#8217;adozione di atti dovuti o indispensabili per l&#8217;esercizio di funzioni o compiti amministrativi loro conferiti, la Regione esercita il potere sostitutivo nel rispetto dei principi di sussidiariet\u00e0 e leale collaborazione.<\/em><\/li>\n<li><em> Nei casi di cui al comma 1, la Giunta regionale, accertata la persistente inattivit\u00e0, invita l&#8217;ente a provvedere assegnandogli un congruo termine, scaduto il quale, nel caso in cui permanga l&#8217;inerzia o l&#8217;inadempimento, la Giunta, dopo aver sentito l&#8217;ente interessato, adotta gli atti, anche normativi, ovvero nomina un commissario ad acta.<\/em><\/li>\n<li><em> Gli oneri finanziari connessi sono posti a carico dell&#8217;ente locale interessato.<\/em><\/li>\n<li><em> Qualora l&#8217;ente sostituito adotti gli atti prima che vi provvedano la Giunta regionale o il commissario, la Giunta ne prende atto e sancisce la cessazione del mandato del commissario, se nominato.<\/em><\/li>\n<li><em> I provvedimenti sostitutivi devono essere proporzionati alle finalit\u00e0 perseguite.<\/em><\/li>\n<\/ol>\n<p><em>Ora si tratta di capire se La Regione Lazio prevede l&#8217;applicabilit\u00e0 della disposizione individuata da Ettore Maria Mazzola anche per la revoca del permesso di costruire oltre che per la mancata concessione del medesimo\u00bb.<\/em><\/p>\n<p>Per concludere, prima che possa essere troppo tardi anche per Palazzo Tresca a Barletta, segnalo che, per quanto riguarda la Legge Urbanistica Regionale della Puglia, anch\u2019essa prevede l\u2019<em>Esercizio dei Poteri Sostitutivi<\/em>.<\/p>\n<p>La Legge recita:<\/p>\n<p>\u201c<em>Art. 7 bis <\/em>(Esercizio dei poteri sostitutivi)<\/p>\n<p><em>Decorso inutilmente il termine entro il quale l\u2019amministrazione delegata al rilascio dell\u2019autorizzazione paesaggistica \u00e8 tenuta a emettere i provvedimenti di propria competenza, l\u2019interessato pu\u00f2 richiedere l\u2019esercizio dei poteri sostitutivi alla Regione, che vi provvede entro sessanta giorni dalla data di ricevimento della richiesta, anche mediante la nomina di un commissario ad acta.\u201d;<\/em><\/p>\n<p><em>\u201cArt. 10<\/em><\/p>\n<p>(Procedimento di delega)<\/p>\n<p><em>La Giunta regionale effettua la ricognizione dei comuni singoli e delle associazioni di comuni che abbiano i requisiti di organizzazione e competenza tecnico-scientifica stabiliti dai precedenti articoli e abbiano istituito la commissione locale per il paesaggio e attribuisce la delega prevista dalla presente legge disciplinandone le modalit\u00e0 di esercizio nel rispetto dell\u2019autonomia organizzatoria dei comuni.<\/em><\/p>\n<p><em>Gli interventi di lieve entit\u00e0 soggetti ad autorizzazione paesaggistica semplificata sono delegati ai Comuni e per essi non vige l\u2019obbligatoriet\u00e0 del parere delle Commissioni locali per il paesaggio, fermo restando quanto disposto al comma 2 dell\u2019articolo 9.<\/em><\/p>\n<p>&nbsp;<\/p>\n<p><a href=\"#_ftnref1\" name=\"_ftn1\">[1]<\/a> <a href=\"http:\/\/www.picweb.it\/emm\/blog\/index.php\/2017\/10\/15\/la-miseria-umana-non-ha-limiti-ne-vergogna\/\">http:\/\/www.picweb.it\/emm\/blog\/index.php\/2017\/10\/15\/la-miseria-umana-non-ha-limiti-ne-vergogna\/<\/a><\/p>\n<p><a href=\"http:\/\/www.picweb.it\/emm\/blog\/index.php\/2017\/10\/13\/novita-sul-progetto-di-via-ticino-3-a-firma-del-presidente-dellordine-degli-architetti-di-roma\/\">http:\/\/www.picweb.it\/emm\/blog\/index.php\/2017\/10\/13\/novita-sul-progetto-di-via-ticino-3-a-firma-del-presidente-dellordine-degli-architetti-di-roma\/<\/a><\/p>\n<p><a href=\"http:\/\/www.picweb.it\/emm\/blog\/index.php\/2017\/09\/30\/se-un-presidente-dellordine-degli-architetti-gia-membro-del-co-q-u-e-non-ha-rispetto-per-il-nostro-patrimonio-chi-tutelera-le-nostre-citta\/\">http:\/\/www.picweb.it\/emm\/blog\/index.php\/2017\/09\/30\/se-un-presidente-dellordine-degli-architetti-gia-membro-del-co-q-u-e-non-ha-rispetto-per-il-nostro-patrimonio-chi-tutelera-le-nostre-citta\/<\/a><\/p>\n<p>&nbsp;<\/p>\n<p><a href=\"#_ftnref2\" name=\"_ftn2\">[2]<\/a> <a href=\"http:\/\/www.picweb.it\/emm\/blog\/index.php\/2017\/09\/14\/palazzo-tresca-la-svolta-possibile-gli-interessi-della-collettivita-e-quello-privato-non-sono-inconciliabili-anzi\/\">http:\/\/www.picweb.it\/emm\/blog\/index.php\/2017\/09\/14\/palazzo-tresca-la-svolta-possibile-gli-interessi-della-collettivita-e-quello-privato-non-sono-inconciliabili-anzi\/<\/a><\/p>\n<p><a href=\"http:\/\/www.picweb.it\/emm\/blog\/index.php\/2017\/09\/11\/ve-piu-di-un-motivo-per-vincolare-palazzo-tresca-a-barletta\/\">http:\/\/www.picweb.it\/emm\/blog\/index.php\/2017\/09\/11\/ve-piu-di-un-motivo-per-vincolare-palazzo-tresca-a-barletta\/<\/a><\/p>\n<p><a href=\"http:\/\/www.picweb.it\/emm\/blog\/index.php\/2017\/09\/07\/palazzo-tresca-a-barletta-riflessioni-tristi-e-suggerimenti-per-listituzione-del-vincolo\/\">http:\/\/www.picweb.it\/emm\/blog\/index.php\/2017\/09\/07\/palazzo-tresca-a-barletta-riflessioni-tristi-e-suggerimenti-per-listituzione-del-vincolo\/<\/a><\/p>\n<p><a href=\"http:\/\/www.picweb.it\/emm\/blog\/index.php\/2017\/09\/05\/ma-perche-strappare-le-nostre-radici-fermiamo-la-demolizione-di-palazzo-tresca-a-barletta\/\">http:\/\/www.picweb.it\/emm\/blog\/index.php\/2017\/09\/05\/ma-perche-strappare-le-nostre-radici-fermiamo-la-demolizione-di-palazzo-tresca-a-barletta\/<\/a><\/p>\n<p>&nbsp;<\/p>\n","protected":false},"excerpt":{"rendered":"<p>Su via Ticino a Roma e su Palazzo Tresca a Barletta Un utile scambio di opinioni che potrebbe risolvere il problema legale per l\u2019annullamento del titolo autorizzativo Molti benpensanti \u2013 o presunti tali \u2013 spesso, tendono a demonizzare Facebook, perch\u00e9 [&hellip;]<\/p>\n","protected":false},"author":2,"featured_media":0,"comment_status":"open","ping_status":"open","sticky":false,"template":"","format":"standard","meta":{"jetpack_post_was_ever_published":false,"_jetpack_newsletter_access":"","_jetpack_dont_email_post_to_subs":false,"_jetpack_newsletter_tier_id":0,"_jetpack_memberships_contains_paywalled_content":false,"_jetpack_memberships_contains_paid_content":false,"footnotes":""},"categories":[20,52,74,39,136],"tags":[36,5,13,156,164,12,14,15,157,37,8,32,4],"class_list":["post-719","post","type-post","status-publish","format-standard","hentry","category-architettura","category-attualita","category-politica","category-roma","category-soprintendenze","tag-architetti","tag-architettura","tag-archmazzola","tag-barletta","tag-demolizione-in-via-ticino-a-roma","tag-ettore-maria-mazzola","tag-ettore-mazzola","tag-mazzola","tag-palazzo-tresca","tag-professione","tag-progettazione","tag-roma","tag-urbanistica","clearfix"],"yoast_head":"<!-- This site is optimized with the Yoast SEO plugin v27.3 - https:\/\/yoast.com\/product\/yoast-seo-wordpress\/ -->\r\n<title>Suggerimenti preziosi per l&#039;annullamento del titolo autorizzativo di via Ticino - virtutem forma decorat<\/title>\r\n<meta name=\"robots\" content=\"index, follow, max-snippet:-1, max-image-preview:large, max-video-preview:-1\" \/>\r\n<link rel=\"canonical\" href=\"https:\/\/www.picweb.it\/emm\/blog\/index.php\/2017\/10\/16\/suggerimenti-preziosi-per-lannullamento-del-titolo-autorizzativo-di-via-ticino\/\" \/>\r\n<meta property=\"og:locale\" content=\"it_IT\" \/>\r\n<meta property=\"og:type\" content=\"article\" \/>\r\n<meta property=\"og:title\" content=\"Suggerimenti preziosi per l&#039;annullamento del titolo autorizzativo di via Ticino - virtutem forma decorat\" \/>\r\n<meta property=\"og:description\" content=\"Su via Ticino a Roma e su Palazzo Tresca a Barletta Un utile scambio di opinioni che potrebbe risolvere il problema legale per l\u2019annullamento del titolo autorizzativo Molti benpensanti \u2013 o presunti tali \u2013 spesso, tendono a demonizzare Facebook, perch\u00e9 [&hellip;]\" \/>\r\n<meta property=\"og:url\" content=\"https:\/\/www.picweb.it\/emm\/blog\/index.php\/2017\/10\/16\/suggerimenti-preziosi-per-lannullamento-del-titolo-autorizzativo-di-via-ticino\/\" \/>\r\n<meta property=\"og:site_name\" content=\"virtutem forma decorat\" \/>\r\n<meta property=\"article:published_time\" content=\"2017-10-16T07:34:02+00:00\" \/>\r\n<meta property=\"og:image\" content=\"http:\/\/www.picweb.it\/emm\/blog\/wp-content\/uploads\/2017\/10\/IMG_8408.jpg\" \/>\r\n<meta name=\"author\" content=\"emmazzola\" \/>\r\n<meta name=\"twitter:card\" content=\"summary_large_image\" \/>\r\n<meta name=\"twitter:creator\" content=\"@ettore_mazzola\" \/>\r\n<meta name=\"twitter:site\" content=\"@ettore_mazzola\" \/>\r\n<meta name=\"twitter:label1\" content=\"Scritto da\" \/>\n\t<meta name=\"twitter:data1\" content=\"emmazzola\" \/>\n\t<meta name=\"twitter:label2\" content=\"Tempo di lettura stimato\" \/>\n\t<meta name=\"twitter:data2\" content=\"7 minuti\" \/>\r\n<script type=\"application\/ld+json\" class=\"yoast-schema-graph\">{\"@context\":\"https:\\\/\\\/schema.org\",\"@graph\":[{\"@type\":\"Article\",\"@id\":\"https:\\\/\\\/www.picweb.it\\\/emm\\\/blog\\\/index.php\\\/2017\\\/10\\\/16\\\/suggerimenti-preziosi-per-lannullamento-del-titolo-autorizzativo-di-via-ticino\\\/#article\",\"isPartOf\":{\"@id\":\"https:\\\/\\\/www.picweb.it\\\/emm\\\/blog\\\/index.php\\\/2017\\\/10\\\/16\\\/suggerimenti-preziosi-per-lannullamento-del-titolo-autorizzativo-di-via-ticino\\\/\"},\"author\":{\"name\":\"emmazzola\",\"@id\":\"http:\\\/\\\/www.picweb.it\\\/emm\\\/blog\\\/#\\\/schema\\\/person\\\/e29c0dd15f13008bd4c7682e6130977f\"},\"headline\":\"Suggerimenti preziosi per l&#8217;annullamento del titolo autorizzativo di via Ticino\",\"datePublished\":\"2017-10-16T07:34:02+00:00\",\"mainEntityOfPage\":{\"@id\":\"https:\\\/\\\/www.picweb.it\\\/emm\\\/blog\\\/index.php\\\/2017\\\/10\\\/16\\\/suggerimenti-preziosi-per-lannullamento-del-titolo-autorizzativo-di-via-ticino\\\/\"},\"wordCount\":1339,\"commentCount\":2,\"publisher\":{\"@id\":\"http:\\\/\\\/www.picweb.it\\\/emm\\\/blog\\\/#\\\/schema\\\/person\\\/e29c0dd15f13008bd4c7682e6130977f\"},\"image\":{\"@id\":\"https:\\\/\\\/www.picweb.it\\\/emm\\\/blog\\\/index.php\\\/2017\\\/10\\\/16\\\/suggerimenti-preziosi-per-lannullamento-del-titolo-autorizzativo-di-via-ticino\\\/#primaryimage\"},\"thumbnailUrl\":\"http:\\\/\\\/www.picweb.it\\\/emm\\\/blog\\\/wp-content\\\/uploads\\\/2017\\\/10\\\/IMG_8408.jpg\",\"keywords\":[\"architetti\",\"architettura\",\"archmazzola\",\"Barletta\",\"demolizione in Via Ticino a Roma\",\"ettore maria mazzola\",\"ettore mazzola\",\"mazzola\",\"Palazzo Tresca\",\"professione\",\"progettazione\",\"Roma\",\"Urbanistica\"],\"articleSection\":[\"Architettura\",\"attualit\u00e0\",\"politica\",\"Roma\",\"Soprintendenze\"],\"inLanguage\":\"it-IT\",\"potentialAction\":[{\"@type\":\"CommentAction\",\"name\":\"Comment\",\"target\":[\"https:\\\/\\\/www.picweb.it\\\/emm\\\/blog\\\/index.php\\\/2017\\\/10\\\/16\\\/suggerimenti-preziosi-per-lannullamento-del-titolo-autorizzativo-di-via-ticino\\\/#respond\"]}]},{\"@type\":\"WebPage\",\"@id\":\"https:\\\/\\\/www.picweb.it\\\/emm\\\/blog\\\/index.php\\\/2017\\\/10\\\/16\\\/suggerimenti-preziosi-per-lannullamento-del-titolo-autorizzativo-di-via-ticino\\\/\",\"url\":\"https:\\\/\\\/www.picweb.it\\\/emm\\\/blog\\\/index.php\\\/2017\\\/10\\\/16\\\/suggerimenti-preziosi-per-lannullamento-del-titolo-autorizzativo-di-via-ticino\\\/\",\"name\":\"Suggerimenti preziosi per l'annullamento del titolo autorizzativo di via Ticino - virtutem forma decorat\",\"isPartOf\":{\"@id\":\"http:\\\/\\\/www.picweb.it\\\/emm\\\/blog\\\/#website\"},\"primaryImageOfPage\":{\"@id\":\"https:\\\/\\\/www.picweb.it\\\/emm\\\/blog\\\/index.php\\\/2017\\\/10\\\/16\\\/suggerimenti-preziosi-per-lannullamento-del-titolo-autorizzativo-di-via-ticino\\\/#primaryimage\"},\"image\":{\"@id\":\"https:\\\/\\\/www.picweb.it\\\/emm\\\/blog\\\/index.php\\\/2017\\\/10\\\/16\\\/suggerimenti-preziosi-per-lannullamento-del-titolo-autorizzativo-di-via-ticino\\\/#primaryimage\"},\"thumbnailUrl\":\"http:\\\/\\\/www.picweb.it\\\/emm\\\/blog\\\/wp-content\\\/uploads\\\/2017\\\/10\\\/IMG_8408.jpg\",\"datePublished\":\"2017-10-16T07:34:02+00:00\",\"breadcrumb\":{\"@id\":\"https:\\\/\\\/www.picweb.it\\\/emm\\\/blog\\\/index.php\\\/2017\\\/10\\\/16\\\/suggerimenti-preziosi-per-lannullamento-del-titolo-autorizzativo-di-via-ticino\\\/#breadcrumb\"},\"inLanguage\":\"it-IT\",\"potentialAction\":[{\"@type\":\"ReadAction\",\"target\":[\"https:\\\/\\\/www.picweb.it\\\/emm\\\/blog\\\/index.php\\\/2017\\\/10\\\/16\\\/suggerimenti-preziosi-per-lannullamento-del-titolo-autorizzativo-di-via-ticino\\\/\"]}]},{\"@type\":\"ImageObject\",\"inLanguage\":\"it-IT\",\"@id\":\"https:\\\/\\\/www.picweb.it\\\/emm\\\/blog\\\/index.php\\\/2017\\\/10\\\/16\\\/suggerimenti-preziosi-per-lannullamento-del-titolo-autorizzativo-di-via-ticino\\\/#primaryimage\",\"url\":\"http:\\\/\\\/www.picweb.it\\\/emm\\\/blog\\\/wp-content\\\/uploads\\\/2017\\\/10\\\/IMG_8408.jpg\",\"contentUrl\":\"http:\\\/\\\/www.picweb.it\\\/emm\\\/blog\\\/wp-content\\\/uploads\\\/2017\\\/10\\\/IMG_8408.jpg\",\"width\":3264,\"height\":2448,\"caption\":\"Roma, via Ticino 3 \u2013 progetto elaborato nel 1930 dall\u2019ing. Ugo Gennari per conto del conte Gerolamo Naselli\"},{\"@type\":\"BreadcrumbList\",\"@id\":\"https:\\\/\\\/www.picweb.it\\\/emm\\\/blog\\\/index.php\\\/2017\\\/10\\\/16\\\/suggerimenti-preziosi-per-lannullamento-del-titolo-autorizzativo-di-via-ticino\\\/#breadcrumb\",\"itemListElement\":[{\"@type\":\"ListItem\",\"position\":1,\"name\":\"Home\",\"item\":\"http:\\\/\\\/www.picweb.it\\\/emm\\\/blog\\\/\"},{\"@type\":\"ListItem\",\"position\":2,\"name\":\"Suggerimenti preziosi per l&#8217;annullamento del titolo autorizzativo di via Ticino\"}]},{\"@type\":\"WebSite\",\"@id\":\"http:\\\/\\\/www.picweb.it\\\/emm\\\/blog\\\/#website\",\"url\":\"http:\\\/\\\/www.picweb.it\\\/emm\\\/blog\\\/\",\"name\":\"virtutem forma decorat\",\"description\":\"The new Architectural blog\",\"publisher\":{\"@id\":\"http:\\\/\\\/www.picweb.it\\\/emm\\\/blog\\\/#\\\/schema\\\/person\\\/e29c0dd15f13008bd4c7682e6130977f\"},\"potentialAction\":[{\"@type\":\"SearchAction\",\"target\":{\"@type\":\"EntryPoint\",\"urlTemplate\":\"http:\\\/\\\/www.picweb.it\\\/emm\\\/blog\\\/?s={search_term_string}\"},\"query-input\":{\"@type\":\"PropertyValueSpecification\",\"valueRequired\":true,\"valueName\":\"search_term_string\"}}],\"inLanguage\":\"it-IT\"},{\"@type\":[\"Person\",\"Organization\"],\"@id\":\"http:\\\/\\\/www.picweb.it\\\/emm\\\/blog\\\/#\\\/schema\\\/person\\\/e29c0dd15f13008bd4c7682e6130977f\",\"name\":\"emmazzola\",\"image\":{\"@type\":\"ImageObject\",\"inLanguage\":\"it-IT\",\"@id\":\"http:\\\/\\\/www.picweb.it\\\/emm\\\/blog\\\/wp-content\\\/uploads\\\/2017\\\/05\\\/cropped-logoVirtutemFormaDecorat_Whigher.png\",\"url\":\"http:\\\/\\\/www.picweb.it\\\/emm\\\/blog\\\/wp-content\\\/uploads\\\/2017\\\/05\\\/cropped-logoVirtutemFormaDecorat_Whigher.png\",\"contentUrl\":\"http:\\\/\\\/www.picweb.it\\\/emm\\\/blog\\\/wp-content\\\/uploads\\\/2017\\\/05\\\/cropped-logoVirtutemFormaDecorat_Whigher.png\",\"width\":200,\"height\":79,\"caption\":\"emmazzola\"},\"logo\":{\"@id\":\"http:\\\/\\\/www.picweb.it\\\/emm\\\/blog\\\/wp-content\\\/uploads\\\/2017\\\/05\\\/cropped-logoVirtutemFormaDecorat_Whigher.png\"},\"url\":\"http:\\\/\\\/www.picweb.it\\\/emm\\\/blog\\\/index.php\\\/author\\\/emmazzola\\\/\"}]}<\/script>\r\n<!-- \/ Yoast SEO plugin. -->","yoast_head_json":{"title":"Suggerimenti preziosi per l'annullamento del titolo autorizzativo di via Ticino - virtutem forma decorat","robots":{"index":"index","follow":"follow","max-snippet":"max-snippet:-1","max-image-preview":"max-image-preview:large","max-video-preview":"max-video-preview:-1"},"canonical":"https:\/\/www.picweb.it\/emm\/blog\/index.php\/2017\/10\/16\/suggerimenti-preziosi-per-lannullamento-del-titolo-autorizzativo-di-via-ticino\/","og_locale":"it_IT","og_type":"article","og_title":"Suggerimenti preziosi per l'annullamento del titolo autorizzativo di via Ticino - virtutem forma decorat","og_description":"Su via Ticino a Roma e su Palazzo Tresca a Barletta Un utile scambio di opinioni che potrebbe risolvere il problema legale per l\u2019annullamento del titolo autorizzativo Molti benpensanti \u2013 o presunti tali \u2013 spesso, tendono a demonizzare Facebook, perch\u00e9 [&hellip;]","og_url":"https:\/\/www.picweb.it\/emm\/blog\/index.php\/2017\/10\/16\/suggerimenti-preziosi-per-lannullamento-del-titolo-autorizzativo-di-via-ticino\/","og_site_name":"virtutem forma decorat","article_published_time":"2017-10-16T07:34:02+00:00","og_image":[{"url":"http:\/\/www.picweb.it\/emm\/blog\/wp-content\/uploads\/2017\/10\/IMG_8408.jpg","type":"","width":"","height":""}],"author":"emmazzola","twitter_card":"summary_large_image","twitter_creator":"@ettore_mazzola","twitter_site":"@ettore_mazzola","twitter_misc":{"Scritto da":"emmazzola","Tempo di lettura stimato":"7 minuti"},"schema":{"@context":"https:\/\/schema.org","@graph":[{"@type":"Article","@id":"https:\/\/www.picweb.it\/emm\/blog\/index.php\/2017\/10\/16\/suggerimenti-preziosi-per-lannullamento-del-titolo-autorizzativo-di-via-ticino\/#article","isPartOf":{"@id":"https:\/\/www.picweb.it\/emm\/blog\/index.php\/2017\/10\/16\/suggerimenti-preziosi-per-lannullamento-del-titolo-autorizzativo-di-via-ticino\/"},"author":{"name":"emmazzola","@id":"http:\/\/www.picweb.it\/emm\/blog\/#\/schema\/person\/e29c0dd15f13008bd4c7682e6130977f"},"headline":"Suggerimenti preziosi per l&#8217;annullamento del titolo autorizzativo di via Ticino","datePublished":"2017-10-16T07:34:02+00:00","mainEntityOfPage":{"@id":"https:\/\/www.picweb.it\/emm\/blog\/index.php\/2017\/10\/16\/suggerimenti-preziosi-per-lannullamento-del-titolo-autorizzativo-di-via-ticino\/"},"wordCount":1339,"commentCount":2,"publisher":{"@id":"http:\/\/www.picweb.it\/emm\/blog\/#\/schema\/person\/e29c0dd15f13008bd4c7682e6130977f"},"image":{"@id":"https:\/\/www.picweb.it\/emm\/blog\/index.php\/2017\/10\/16\/suggerimenti-preziosi-per-lannullamento-del-titolo-autorizzativo-di-via-ticino\/#primaryimage"},"thumbnailUrl":"http:\/\/www.picweb.it\/emm\/blog\/wp-content\/uploads\/2017\/10\/IMG_8408.jpg","keywords":["architetti","architettura","archmazzola","Barletta","demolizione in Via Ticino a Roma","ettore maria mazzola","ettore mazzola","mazzola","Palazzo Tresca","professione","progettazione","Roma","Urbanistica"],"articleSection":["Architettura","attualit\u00e0","politica","Roma","Soprintendenze"],"inLanguage":"it-IT","potentialAction":[{"@type":"CommentAction","name":"Comment","target":["https:\/\/www.picweb.it\/emm\/blog\/index.php\/2017\/10\/16\/suggerimenti-preziosi-per-lannullamento-del-titolo-autorizzativo-di-via-ticino\/#respond"]}]},{"@type":"WebPage","@id":"https:\/\/www.picweb.it\/emm\/blog\/index.php\/2017\/10\/16\/suggerimenti-preziosi-per-lannullamento-del-titolo-autorizzativo-di-via-ticino\/","url":"https:\/\/www.picweb.it\/emm\/blog\/index.php\/2017\/10\/16\/suggerimenti-preziosi-per-lannullamento-del-titolo-autorizzativo-di-via-ticino\/","name":"Suggerimenti preziosi per l'annullamento del titolo autorizzativo di via Ticino - virtutem forma decorat","isPartOf":{"@id":"http:\/\/www.picweb.it\/emm\/blog\/#website"},"primaryImageOfPage":{"@id":"https:\/\/www.picweb.it\/emm\/blog\/index.php\/2017\/10\/16\/suggerimenti-preziosi-per-lannullamento-del-titolo-autorizzativo-di-via-ticino\/#primaryimage"},"image":{"@id":"https:\/\/www.picweb.it\/emm\/blog\/index.php\/2017\/10\/16\/suggerimenti-preziosi-per-lannullamento-del-titolo-autorizzativo-di-via-ticino\/#primaryimage"},"thumbnailUrl":"http:\/\/www.picweb.it\/emm\/blog\/wp-content\/uploads\/2017\/10\/IMG_8408.jpg","datePublished":"2017-10-16T07:34:02+00:00","breadcrumb":{"@id":"https:\/\/www.picweb.it\/emm\/blog\/index.php\/2017\/10\/16\/suggerimenti-preziosi-per-lannullamento-del-titolo-autorizzativo-di-via-ticino\/#breadcrumb"},"inLanguage":"it-IT","potentialAction":[{"@type":"ReadAction","target":["https:\/\/www.picweb.it\/emm\/blog\/index.php\/2017\/10\/16\/suggerimenti-preziosi-per-lannullamento-del-titolo-autorizzativo-di-via-ticino\/"]}]},{"@type":"ImageObject","inLanguage":"it-IT","@id":"https:\/\/www.picweb.it\/emm\/blog\/index.php\/2017\/10\/16\/suggerimenti-preziosi-per-lannullamento-del-titolo-autorizzativo-di-via-ticino\/#primaryimage","url":"http:\/\/www.picweb.it\/emm\/blog\/wp-content\/uploads\/2017\/10\/IMG_8408.jpg","contentUrl":"http:\/\/www.picweb.it\/emm\/blog\/wp-content\/uploads\/2017\/10\/IMG_8408.jpg","width":3264,"height":2448,"caption":"Roma, via Ticino 3 \u2013 progetto elaborato nel 1930 dall\u2019ing. Ugo Gennari per conto del conte Gerolamo Naselli"},{"@type":"BreadcrumbList","@id":"https:\/\/www.picweb.it\/emm\/blog\/index.php\/2017\/10\/16\/suggerimenti-preziosi-per-lannullamento-del-titolo-autorizzativo-di-via-ticino\/#breadcrumb","itemListElement":[{"@type":"ListItem","position":1,"name":"Home","item":"http:\/\/www.picweb.it\/emm\/blog\/"},{"@type":"ListItem","position":2,"name":"Suggerimenti preziosi per l&#8217;annullamento del titolo autorizzativo di via Ticino"}]},{"@type":"WebSite","@id":"http:\/\/www.picweb.it\/emm\/blog\/#website","url":"http:\/\/www.picweb.it\/emm\/blog\/","name":"virtutem forma decorat","description":"The new Architectural blog","publisher":{"@id":"http:\/\/www.picweb.it\/emm\/blog\/#\/schema\/person\/e29c0dd15f13008bd4c7682e6130977f"},"potentialAction":[{"@type":"SearchAction","target":{"@type":"EntryPoint","urlTemplate":"http:\/\/www.picweb.it\/emm\/blog\/?s={search_term_string}"},"query-input":{"@type":"PropertyValueSpecification","valueRequired":true,"valueName":"search_term_string"}}],"inLanguage":"it-IT"},{"@type":["Person","Organization"],"@id":"http:\/\/www.picweb.it\/emm\/blog\/#\/schema\/person\/e29c0dd15f13008bd4c7682e6130977f","name":"emmazzola","image":{"@type":"ImageObject","inLanguage":"it-IT","@id":"http:\/\/www.picweb.it\/emm\/blog\/wp-content\/uploads\/2017\/05\/cropped-logoVirtutemFormaDecorat_Whigher.png","url":"http:\/\/www.picweb.it\/emm\/blog\/wp-content\/uploads\/2017\/05\/cropped-logoVirtutemFormaDecorat_Whigher.png","contentUrl":"http:\/\/www.picweb.it\/emm\/blog\/wp-content\/uploads\/2017\/05\/cropped-logoVirtutemFormaDecorat_Whigher.png","width":200,"height":79,"caption":"emmazzola"},"logo":{"@id":"http:\/\/www.picweb.it\/emm\/blog\/wp-content\/uploads\/2017\/05\/cropped-logoVirtutemFormaDecorat_Whigher.png"},"url":"http:\/\/www.picweb.it\/emm\/blog\/index.php\/author\/emmazzola\/"}]}},"jetpack_featured_media_url":"","jetpack_sharing_enabled":true,"jetpack_shortlink":"https:\/\/wp.me\/p8HWjS-bB","jetpack-related-posts":[],"jetpack_likes_enabled":true,"_links":{"self":[{"href":"http:\/\/www.picweb.it\/emm\/blog\/index.php\/wp-json\/wp\/v2\/posts\/719","targetHints":{"allow":["GET"]}}],"collection":[{"href":"http:\/\/www.picweb.it\/emm\/blog\/index.php\/wp-json\/wp\/v2\/posts"}],"about":[{"href":"http:\/\/www.picweb.it\/emm\/blog\/index.php\/wp-json\/wp\/v2\/types\/post"}],"author":[{"embeddable":true,"href":"http:\/\/www.picweb.it\/emm\/blog\/index.php\/wp-json\/wp\/v2\/users\/2"}],"replies":[{"embeddable":true,"href":"http:\/\/www.picweb.it\/emm\/blog\/index.php\/wp-json\/wp\/v2\/comments?post=719"}],"version-history":[{"count":1,"href":"http:\/\/www.picweb.it\/emm\/blog\/index.php\/wp-json\/wp\/v2\/posts\/719\/revisions"}],"predecessor-version":[{"id":722,"href":"http:\/\/www.picweb.it\/emm\/blog\/index.php\/wp-json\/wp\/v2\/posts\/719\/revisions\/722"}],"wp:attachment":[{"href":"http:\/\/www.picweb.it\/emm\/blog\/index.php\/wp-json\/wp\/v2\/media?parent=719"}],"wp:term":[{"taxonomy":"category","embeddable":true,"href":"http:\/\/www.picweb.it\/emm\/blog\/index.php\/wp-json\/wp\/v2\/categories?post=719"},{"taxonomy":"post_tag","embeddable":true,"href":"http:\/\/www.picweb.it\/emm\/blog\/index.php\/wp-json\/wp\/v2\/tags?post=719"}],"curies":[{"name":"wp","href":"https:\/\/api.w.org\/{rel}","templated":true}]}}