{"id":717,"date":"2017-10-15T14:56:59","date_gmt":"2017-10-15T12:56:59","guid":{"rendered":"http:\/\/www.picweb.it\/emm\/blog\/?p=717"},"modified":"2017-10-15T14:56:59","modified_gmt":"2017-10-15T12:56:59","slug":"la-miseria-umana-non-ha-limiti-ne-vergogna","status":"publish","type":"post","link":"http:\/\/www.picweb.it\/emm\/blog\/index.php\/2017\/10\/15\/la-miseria-umana-non-ha-limiti-ne-vergogna\/","title":{"rendered":"La miseria umana non ha limiti, n\u00e9 vergogna!"},"content":{"rendered":"<figure id=\"attachment_703\" aria-describedby=\"caption-attachment-703\" style=\"width: 1440px\" class=\"wp-caption aligncenter\"><img fetchpriority=\"high\" decoding=\"async\" data-attachment-id=\"703\" data-permalink=\"http:\/\/www.picweb.it\/emm\/blog\/index.php\/2017\/10\/13\/novita-sul-progetto-di-via-ticino-3-a-firma-del-presidente-dellordine-degli-architetti-di-roma\/22538648_10155231718653661_2878390633548258183_o\/\" data-orig-file=\"http:\/\/www.picweb.it\/emm\/blog\/wp-content\/uploads\/2017\/10\/22538648_10155231718653661_2878390633548258183_o.jpg\" data-orig-size=\"1440,1072\" data-comments-opened=\"1\" data-image-meta=\"{&quot;aperture&quot;:&quot;0&quot;,&quot;credit&quot;:&quot;&quot;,&quot;camera&quot;:&quot;&quot;,&quot;caption&quot;:&quot;&quot;,&quot;created_timestamp&quot;:&quot;0&quot;,&quot;copyright&quot;:&quot;&quot;,&quot;focal_length&quot;:&quot;0&quot;,&quot;iso&quot;:&quot;0&quot;,&quot;shutter_speed&quot;:&quot;0&quot;,&quot;title&quot;:&quot;&quot;,&quot;orientation&quot;:&quot;0&quot;}\" data-image-title=\"22538648_10155231718653661_2878390633548258183_o\" data-image-description=\"\" data-image-caption=\"&lt;p&gt;Progetto di via Ticino 3, a firma dell\u2019ing. Ugo Gennari edatato 1930&lt;\/p&gt;\n\" data-large-file=\"http:\/\/www.picweb.it\/emm\/blog\/wp-content\/uploads\/2017\/10\/22538648_10155231718653661_2878390633548258183_o-1024x762.jpg\" class=\"size-full wp-image-703\" src=\"http:\/\/www.picweb.it\/emm\/blog\/wp-content\/uploads\/2017\/10\/22538648_10155231718653661_2878390633548258183_o.jpg\" alt=\"\" width=\"1440\" height=\"1072\" srcset=\"http:\/\/www.picweb.it\/emm\/blog\/wp-content\/uploads\/2017\/10\/22538648_10155231718653661_2878390633548258183_o.jpg 1440w, http:\/\/www.picweb.it\/emm\/blog\/wp-content\/uploads\/2017\/10\/22538648_10155231718653661_2878390633548258183_o-300x223.jpg 300w, http:\/\/www.picweb.it\/emm\/blog\/wp-content\/uploads\/2017\/10\/22538648_10155231718653661_2878390633548258183_o-768x572.jpg 768w, http:\/\/www.picweb.it\/emm\/blog\/wp-content\/uploads\/2017\/10\/22538648_10155231718653661_2878390633548258183_o-1024x762.jpg 1024w, http:\/\/www.picweb.it\/emm\/blog\/wp-content\/uploads\/2017\/10\/22538648_10155231718653661_2878390633548258183_o-700x521.jpg 700w, http:\/\/www.picweb.it\/emm\/blog\/wp-content\/uploads\/2017\/10\/22538648_10155231718653661_2878390633548258183_o-520x387.jpg 520w, http:\/\/www.picweb.it\/emm\/blog\/wp-content\/uploads\/2017\/10\/22538648_10155231718653661_2878390633548258183_o-360x268.jpg 360w, http:\/\/www.picweb.it\/emm\/blog\/wp-content\/uploads\/2017\/10\/22538648_10155231718653661_2878390633548258183_o-250x186.jpg 250w, http:\/\/www.picweb.it\/emm\/blog\/wp-content\/uploads\/2017\/10\/22538648_10155231718653661_2878390633548258183_o-100x74.jpg 100w\" sizes=\"(max-width: 1440px) 100vw, 1440px\" \/><figcaption id=\"caption-attachment-703\" class=\"wp-caption-text\">Progetto di via Ticino 3, a firma dell\u2019ing. Ugo Gennari edatato 1930<\/figcaption><\/figure>\n<figure id=\"attachment_667\" aria-describedby=\"caption-attachment-667\" style=\"width: 1342px\" class=\"wp-caption aligncenter\"><img decoding=\"async\" data-attachment-id=\"667\" data-permalink=\"http:\/\/www.picweb.it\/emm\/blog\/index.php\/2017\/09\/30\/se-un-presidente-dellordine-degli-architetti-gia-membro-del-co-q-u-e-non-ha-rispetto-per-il-nostro-patrimonio-chi-tutelera-le-nostre-citta\/21768207_693543904177496_5230099847760791027_n\/\" data-orig-file=\"http:\/\/www.picweb.it\/emm\/blog\/wp-content\/uploads\/2017\/09\/21768207_693543904177496_5230099847760791027_n.jpg\" data-orig-size=\"960,678\" data-comments-opened=\"1\" data-image-meta=\"{&quot;aperture&quot;:&quot;0&quot;,&quot;credit&quot;:&quot;&quot;,&quot;camera&quot;:&quot;&quot;,&quot;caption&quot;:&quot;&quot;,&quot;created_timestamp&quot;:&quot;0&quot;,&quot;copyright&quot;:&quot;&quot;,&quot;focal_length&quot;:&quot;0&quot;,&quot;iso&quot;:&quot;0&quot;,&quot;shutter_speed&quot;:&quot;0&quot;,&quot;title&quot;:&quot;&quot;,&quot;orientation&quot;:&quot;0&quot;}\" data-image-title=\"21768207_693543904177496_5230099847760791027_n\" data-image-description=\"\" data-image-caption=\"&lt;p&gt;Rendering del progetto approvato a marzo 2017&lt;\/p&gt;\n\" data-large-file=\"http:\/\/www.picweb.it\/emm\/blog\/wp-content\/uploads\/2017\/09\/21768207_693543904177496_5230099847760791027_n.jpg\" class=\" wp-image-667\" src=\"http:\/\/www.picweb.it\/emm\/blog\/wp-content\/uploads\/2017\/09\/21768207_693543904177496_5230099847760791027_n.jpg\" alt=\"\" width=\"1342\" height=\"948\" srcset=\"http:\/\/www.picweb.it\/emm\/blog\/wp-content\/uploads\/2017\/09\/21768207_693543904177496_5230099847760791027_n.jpg 960w, http:\/\/www.picweb.it\/emm\/blog\/wp-content\/uploads\/2017\/09\/21768207_693543904177496_5230099847760791027_n-300x212.jpg 300w, http:\/\/www.picweb.it\/emm\/blog\/wp-content\/uploads\/2017\/09\/21768207_693543904177496_5230099847760791027_n-768x542.jpg 768w, http:\/\/www.picweb.it\/emm\/blog\/wp-content\/uploads\/2017\/09\/21768207_693543904177496_5230099847760791027_n-700x494.jpg 700w, http:\/\/www.picweb.it\/emm\/blog\/wp-content\/uploads\/2017\/09\/21768207_693543904177496_5230099847760791027_n-520x367.jpg 520w, http:\/\/www.picweb.it\/emm\/blog\/wp-content\/uploads\/2017\/09\/21768207_693543904177496_5230099847760791027_n-360x254.jpg 360w, http:\/\/www.picweb.it\/emm\/blog\/wp-content\/uploads\/2017\/09\/21768207_693543904177496_5230099847760791027_n-250x177.jpg 250w, http:\/\/www.picweb.it\/emm\/blog\/wp-content\/uploads\/2017\/09\/21768207_693543904177496_5230099847760791027_n-100x71.jpg 100w\" sizes=\"(max-width: 1342px) 100vw, 1342px\" \/><figcaption id=\"caption-attachment-667\" class=\"wp-caption-text\">Rendering del progetto approvato a marzo 2017<\/figcaption><\/figure>\n<p>Venerd\u00ec scorso, come ricorderete, dopo aver preso parte alla manifestazione e all\u2019intervista con RAI 3 in via Ticino, e dopo che, grazie alla ricerca fatta su mia indicazione, il prezioso Andrea Iezzi ha ritrovato il progetto originario del villino di via Ticino, avevo pubblicato un articolo sul mio blog, articolo grazie al quale \u00e8 stato possibile far accelerare i tempi per chiedere la sospensione immediata dei lavori.<\/p>\n<p>Tuttavia, poco dopo aver messo on-line il mio testo, nel gruppo FB creato ad-hoc per questa battaglia, una tale N. N. si \u00e8 lamentata dicendo:<\/p>\n<p>\u201c<em>Grazie per fare l\u2019esatto contrario di ci\u00f2 che vi ho detto, ma lo fate apposta? Domani la notizia uscir\u00e0 su un giornale importante, se viene diffusa a destra e manca sui social si brucia non avr\u00e0 effetto e non \u00e8 coretto per chi scrive l\u2019articolo, basta aspettare domani<\/em>\u201d<\/p>\n<p>Sinceramente, l\u00ec per l\u00ec non ho dato peso alla cosa e non ho compreso a cosa si riferisse \u2026 solo oggi ho potuto tornare indietro a rileggere i messaggi e comprendere cosa intendesse e con chi ce l\u2019avesse.<\/p>\n<p>Ora posso far notare che sia un peccato che la signora N.N. non si sia resa conto che i social abbiano una capillarit\u00e0 maggiore di un quotidiano. Un quotidiano, infatti, \u00e8 letto solo da chi la pensi secondo il pensiero politico del giornale di turno \u2026 i mass media, infatti, a differenza dei social network, sono direttamente assoggettati alle \u201c<em>regole<\/em>\u201d del partito che li controlla e sostiene, ergo un lettore di sinistra non legger\u00e0 mai un giornale di destra e viceversa, mentre un lettore schifato dalla politica e dai suoi giornali non legger\u00e0 n\u00e9 l\u2019uno, n\u00e9 l\u2019altro \u2026 diversamente, la rete consente di essere aperta a tutti perch\u00e9 libera dalla meschinit\u00e0 dei politici.<\/p>\n<p>La signora avrebbe dunque dovuto rendersi conto che, data l\u2019urgenza, piuttosto che preoccuparsi della \u201c<em>mancanza di correttezza<\/em>\u201d nei confronti di chi avrebbe scritto la notizia \u201c<em>bruciata<\/em>\u201d sul giornale (peraltro il giornalista ufficiale , pur scopiazzando dal mio blog, non ha menzionato le sue fonti, ed \u00e8 rimasto nel vago rischiando di sembrare un millantatore di scoop, piuttosto che qualcuno con documenti inconfutabili in mano) avrebbe dovuto preoccuparsi della necessit\u00e0 impellente di far circolare la notizia e le immagini comprovanti la data corretta dell\u2019edificio, specie perch\u00e9 in via Ticino, gi\u00e0 dal pomeriggio di venerd\u00ec, stavano tirando su i teli che precedono la demolizione \u2026 altro che aspettare il domani!<\/p>\n<p>\u2026 Evidentemente le priorit\u00e0 della signora sono diverse dalle mie e da quelle dei cittadini che si battono per evitare lo scempio! \u2026 ma quali e perch\u00e9?<\/p>\n<p>Per la cronaca, il mio post ritenuto offensivo diceva:<\/p>\n<p>\u201c<em>Ritengo molto pericoloso che qualcuno stia mutando il discorso del villino di via Ticino in un becero discorso politico!<\/em><\/p>\n<p><em>PD e Fratelli d&#8217;Italia scendono in piazza e tirano in ballo l&#8217;amministrazione Raggi, ignorando il fatto che questo problema vada affrontato su livelli ben pi\u00f9 alti e colti che non quelli della becera politica degli sciacalli!<\/em><\/p>\n<p><em>Se i politici vogliono prender parte alla battaglia, sono i benvenuti, ma che non si permettano di far deviare il discorso per le loro squallide macchinazioni elettorali. In questa occasione la giunta Raggi ha sicuramente sbagliato a rilasciare il permesso di costruzione, tuttavia nessuno \u00e8 legittimato a fingere di dimenticarsi che:<\/em><\/p>\n<p><em>1) se \u00e8 stato possibile presentare un ignobile progetto del genere, lo si deve solo ed esclusivamente al vergognoso PRG del 2008 (quando c&#8217;era Veltroni), che ha cancellato le zone B (come quella in oggetto) che vietavano le demolizioni e la modifica dei prospetti e volumi!<\/em><\/p>\n<p><em>2) se, come sembra, \u00e8 stato impossibile per la giunta attuale ottenere un parere negativo dalla Soprintendenza \u00e8 anche perch\u00e9, nel 2014, ovvero quando il M5S non aveva alcun peso nel Comune e in Parlamento, la Soprintendenza (dove si diviene soprintendenti per ragioni di affiliazioni politiche e non per meriti), ritenne che l&#8217;edificio di via Ticino 3 non meritasse alcun interesse che giustificasse il vincolo.<\/em><\/p>\n<p><em>Detto questo \u2013 ma ci sarebbe ancora molto da dire sull&#8217;argomento specifico \u2013 ricordo a tutti gli smemorati che la stagione dei nuovi barbari a Roma venne inaugurata da Rutelli, con l&#8217;imposizione dittatoriale del Museo dell&#8217;Ara Pacis, ed \u00e8 andata avanti con le varie vergogne che si chiamano MAXXI, Macro, EUR Roma 2, Centro Congressi &#8220;La Nuvola&#8221; di Fuksas, ecc. senza ovviamente dimenticare la delibera firmata da Marino che ha spianato la strada all&#8217;ignobile storiaccia dello Stadio della AS Roma a Tor di Valle.<\/em><\/p>\n<p><em>&#8230; Inutile inoltre ricordare che Ridolfi, all&#8217;epoca dell&#8217;approvazione di svariati progetti immondi, fosse membro del CO.Q.U.E &#8230; altro organo ove, come abbiamo tutti avuto modo di accorgerci, si viene inseriti per affiliazioni politiche e non tecniche &#8230; e di che partito parliamo?<\/em><em><br \/>\nCari politici, fatevi quindi tutti un esame di coscienza e siate rispettosi della gente e delle sue battaglia, che non hanno nulla a che fare con la fede politica o religiosa, n\u00e9 con il titolo di studio, ma solo con l&#8217;amore per il nostro patrimonio!\u201d<\/em><\/p>\n<p>Evidentemente, in un Paese che in periodo elettorale si mostra afflitto da una grave patologia senile, rispolverare la memoria degli smemorati equivale a delitto di lesa maest\u00e0!<\/p>\n<p>Questa mattina dunque, la signora N.N., ha pensato bene di uscire allo scoperto (per poco visto che poi mi ha oscurato) e chiarire che la sua rabbia di venerd\u00ec sera si riferiva al mio articolo sul blog che aveva \u201cbruciato\u201d lo scoop. Sicch\u00e9 ha colto la palla al balzo per replicare a questo post dicendomi:<\/p>\n<p><em>\u201cEttore non ti conosco, per fortuna, ma trovo ci\u00f2 che scrivi assai poco intelligente oltre che offensivo. Mi fermo qui. Non meriti altre parole.<\/em>\u201d<\/p>\n<p>Avendomi interdetto, purtroppo la \u201csignora\u201d non ha potuto leggere la mia replica nella quale le dicevo:<\/p>\n<p>\u201c<em>Sono indignato dalle tue parole offensive nei miei confronti! A questo punto meriti che ti dica che sia tu a mancare di intelligenza visto che, accecata dalla politica, non sei in grado di comprendere le mie parole. Te lo dico nuovamente &#8230; sebbene capisca che non ci sia speranza: non in questa pagina, ma altrove, degli sciacalli politici del PD e di Fratelli d&#8217;Italia (non nuovi a certi comportamenti) hanno buttato il discorso sulla politica e sull&#8217;attacco diretto all&#8217;attuale giunta in Campidoglio, svilendo il senso della battaglia e dando la chiara dimostrazione che vogliano trarre beneficio da questo errore della giunta Raggi (peraltro causato dalle condizioni create dal PRG del 2008, quando il sindaco era Veltroni e dal parere vergognoso del 2014 della Soprintendenza, anch&#8217;essa in mano alla stessa corrente politica). La gente \u00e8 stufa di questi ignobili battibecchi e sciacallaggi e, se si continua su questa strada, la battaglia verr\u00e0 abbandonata da chi sia divenuto allergico a questa feccia umana che mira solo al proprio tornaconto elettorale.<\/em><\/p>\n<p><em>Se la tua limitatezza di vedute e la tua fiducia nella tua corrente politica ti impediscono di comprendere il mio discorso \u00e8 un problema tutto tuo (ergo respingo al mittente la tua offesa relativa all&#8217;intelligenza) e ti invito a scusarti pubblicamente (come pubbliche sono state le tue offese) ricordandoti che, se tutta questa battaglia ha avuto questo seguito, non \u00e8 solo grazie a personaggi volgari come Sgarbi (il cui ruolo nella societ\u00e0 dello spettacolo ha sicuramente il suo peso), ma anche e soprattutto grazie ai post del mio blog che hanno registrato migliaia di lettori (sebbene mai citato dai politici, n\u00e9 da Italia Nostra stessa nei loro proclami ove, per\u00f2, figura Sgarbi).<\/em><\/p>\n<p><em>I miei post, dove la politica non figura, hanno fatto conoscere sin da settembre ci\u00f2 che stava accadendo (compreso a Sgarbi) e il loro obiettivo \u00e8 stato solo ed esclusivamente quello di impedire l&#8217;abbattimento dell&#8217;edificio. Tengo anche a sottolineare che, se non si fossero seguite le mie indicazioni, il progetto originario non sarebbe mai venuto fuori e ora staremmo ancora a brancolare nel buio &#8230; l\u2019autoreferenziale Sgarbi (anch\u2019egli in perenne campagna elettorale) in TV ha parlato di s\u00e9 stesso come quello che ha trovato il progetto, piuttosto che rendere merito ad Andrea Iezzi che ha tirato fuori il progetto e al mio blog che glielo ha fatto conoscere.<\/em><\/p>\n<p><em>Alla luce di tutto ci\u00f2 ritengo che sia davvero vergognoso che tu possa permetterti di offendere chi, come me, voglia che i politici non sconfinino in questa battaglia per trarne beneficio. Se il mio post ti ha offeso, sebbene non ne conoscessi le ragioni, deduco che hai la coda di paglia!<\/em>\u201d<\/p>\n<p>Fino a pochi minuti fa, come ho detto, non avevo alcuna idea di chi fosse questa signora ma, visto quello che mi aveva scritto e visto che non voleva che potessi accedere alla sua bacheca e scoprissi la sua attivit\u00e0, l\u2019ho cercata nella rete, avendo conferma dei miei sospetti.<\/p>\n<p>La signora N.N. risulta essere una consigliera municipale epurata dal suo partito originario e migrata in uno de partiti pi\u00f9 ridicoli e discutibili d\u2019Italia (al quale in passato anch\u2019io avevo stupidamente dato credito) \u2026 ecco svelato l\u2019arcano!<\/p>\n<p>Cos\u00ec va il mondo, questa \u00e8 la classe politica che finge di combattere per gli ideali della collettivit\u00e0 \u2026 e poi si lamentano se qualcuno li definisce sciacalli!<\/p>\n<p>&nbsp;<\/p>\n","protected":false},"excerpt":{"rendered":"<p>Venerd\u00ec scorso, come ricorderete, dopo aver preso parte alla manifestazione e all\u2019intervista con RAI 3 in via Ticino, e dopo che, grazie alla ricerca fatta su mia indicazione, il prezioso Andrea Iezzi ha ritrovato il progetto originario del villino di [&hellip;]<\/p>\n","protected":false},"author":2,"featured_media":0,"comment_status":"open","ping_status":"open","sticky":false,"template":"","format":"standard","meta":{"jetpack_post_was_ever_published":false,"_jetpack_newsletter_access":"","_jetpack_dont_email_post_to_subs":false,"_jetpack_newsletter_tier_id":0,"_jetpack_memberships_contains_paywalled_content":false,"_jetpack_memberships_contains_paid_content":false,"footnotes":""},"categories":[74,39],"tags":[36,5,13,164,12,14,15,32],"class_list":["post-717","post","type-post","status-publish","format-standard","hentry","category-politica","category-roma","tag-architetti","tag-architettura","tag-archmazzola","tag-demolizione-in-via-ticino-a-roma","tag-ettore-maria-mazzola","tag-ettore-mazzola","tag-mazzola","tag-roma","clearfix"],"yoast_head":"<!-- This site is optimized with the Yoast SEO plugin v27.3 - https:\/\/yoast.com\/product\/yoast-seo-wordpress\/ -->\r\n<title>La miseria umana non ha limiti, n\u00e9 vergogna! - virtutem forma decorat<\/title>\r\n<meta name=\"robots\" content=\"index, follow, max-snippet:-1, max-image-preview:large, max-video-preview:-1\" \/>\r\n<link rel=\"canonical\" href=\"https:\/\/www.picweb.it\/emm\/blog\/index.php\/2017\/10\/15\/la-miseria-umana-non-ha-limiti-ne-vergogna\/\" \/>\r\n<meta property=\"og:locale\" content=\"it_IT\" \/>\r\n<meta property=\"og:type\" content=\"article\" \/>\r\n<meta property=\"og:title\" content=\"La miseria umana non ha limiti, n\u00e9 vergogna! - virtutem forma decorat\" \/>\r\n<meta property=\"og:description\" content=\"Venerd\u00ec scorso, come ricorderete, dopo aver preso parte alla manifestazione e all\u2019intervista con RAI 3 in via Ticino, e dopo che, grazie alla ricerca fatta su mia indicazione, il prezioso Andrea Iezzi ha ritrovato il progetto originario del villino di [&hellip;]\" \/>\r\n<meta property=\"og:url\" content=\"https:\/\/www.picweb.it\/emm\/blog\/index.php\/2017\/10\/15\/la-miseria-umana-non-ha-limiti-ne-vergogna\/\" \/>\r\n<meta property=\"og:site_name\" content=\"virtutem forma decorat\" \/>\r\n<meta property=\"article:published_time\" content=\"2017-10-15T12:56:59+00:00\" \/>\r\n<meta property=\"og:image\" content=\"http:\/\/www.picweb.it\/emm\/blog\/wp-content\/uploads\/2017\/10\/22538648_10155231718653661_2878390633548258183_o.jpg\" \/>\r\n<meta name=\"author\" content=\"emmazzola\" \/>\r\n<meta name=\"twitter:card\" content=\"summary_large_image\" \/>\r\n<meta name=\"twitter:creator\" content=\"@ettore_mazzola\" \/>\r\n<meta name=\"twitter:site\" content=\"@ettore_mazzola\" \/>\r\n<meta name=\"twitter:label1\" content=\"Scritto da\" \/>\n\t<meta name=\"twitter:data1\" content=\"emmazzola\" \/>\n\t<meta name=\"twitter:label2\" content=\"Tempo di lettura stimato\" \/>\n\t<meta name=\"twitter:data2\" content=\"8 minuti\" \/>\r\n<script type=\"application\/ld+json\" class=\"yoast-schema-graph\">{\"@context\":\"https:\\\/\\\/schema.org\",\"@graph\":[{\"@type\":\"Article\",\"@id\":\"https:\\\/\\\/www.picweb.it\\\/emm\\\/blog\\\/index.php\\\/2017\\\/10\\\/15\\\/la-miseria-umana-non-ha-limiti-ne-vergogna\\\/#article\",\"isPartOf\":{\"@id\":\"https:\\\/\\\/www.picweb.it\\\/emm\\\/blog\\\/index.php\\\/2017\\\/10\\\/15\\\/la-miseria-umana-non-ha-limiti-ne-vergogna\\\/\"},\"author\":{\"name\":\"emmazzola\",\"@id\":\"http:\\\/\\\/www.picweb.it\\\/emm\\\/blog\\\/#\\\/schema\\\/person\\\/e29c0dd15f13008bd4c7682e6130977f\"},\"headline\":\"La miseria umana non ha limiti, n\u00e9 vergogna!\",\"datePublished\":\"2017-10-15T12:56:59+00:00\",\"mainEntityOfPage\":{\"@id\":\"https:\\\/\\\/www.picweb.it\\\/emm\\\/blog\\\/index.php\\\/2017\\\/10\\\/15\\\/la-miseria-umana-non-ha-limiti-ne-vergogna\\\/\"},\"wordCount\":1519,\"commentCount\":0,\"publisher\":{\"@id\":\"http:\\\/\\\/www.picweb.it\\\/emm\\\/blog\\\/#\\\/schema\\\/person\\\/e29c0dd15f13008bd4c7682e6130977f\"},\"image\":{\"@id\":\"https:\\\/\\\/www.picweb.it\\\/emm\\\/blog\\\/index.php\\\/2017\\\/10\\\/15\\\/la-miseria-umana-non-ha-limiti-ne-vergogna\\\/#primaryimage\"},\"thumbnailUrl\":\"http:\\\/\\\/www.picweb.it\\\/emm\\\/blog\\\/wp-content\\\/uploads\\\/2017\\\/10\\\/22538648_10155231718653661_2878390633548258183_o.jpg\",\"keywords\":[\"architetti\",\"architettura\",\"archmazzola\",\"demolizione in Via Ticino a Roma\",\"ettore maria mazzola\",\"ettore mazzola\",\"mazzola\",\"Roma\"],\"articleSection\":[\"politica\",\"Roma\"],\"inLanguage\":\"it-IT\",\"potentialAction\":[{\"@type\":\"CommentAction\",\"name\":\"Comment\",\"target\":[\"https:\\\/\\\/www.picweb.it\\\/emm\\\/blog\\\/index.php\\\/2017\\\/10\\\/15\\\/la-miseria-umana-non-ha-limiti-ne-vergogna\\\/#respond\"]}]},{\"@type\":\"WebPage\",\"@id\":\"https:\\\/\\\/www.picweb.it\\\/emm\\\/blog\\\/index.php\\\/2017\\\/10\\\/15\\\/la-miseria-umana-non-ha-limiti-ne-vergogna\\\/\",\"url\":\"https:\\\/\\\/www.picweb.it\\\/emm\\\/blog\\\/index.php\\\/2017\\\/10\\\/15\\\/la-miseria-umana-non-ha-limiti-ne-vergogna\\\/\",\"name\":\"La miseria umana non ha limiti, n\u00e9 vergogna! - virtutem forma decorat\",\"isPartOf\":{\"@id\":\"http:\\\/\\\/www.picweb.it\\\/emm\\\/blog\\\/#website\"},\"primaryImageOfPage\":{\"@id\":\"https:\\\/\\\/www.picweb.it\\\/emm\\\/blog\\\/index.php\\\/2017\\\/10\\\/15\\\/la-miseria-umana-non-ha-limiti-ne-vergogna\\\/#primaryimage\"},\"image\":{\"@id\":\"https:\\\/\\\/www.picweb.it\\\/emm\\\/blog\\\/index.php\\\/2017\\\/10\\\/15\\\/la-miseria-umana-non-ha-limiti-ne-vergogna\\\/#primaryimage\"},\"thumbnailUrl\":\"http:\\\/\\\/www.picweb.it\\\/emm\\\/blog\\\/wp-content\\\/uploads\\\/2017\\\/10\\\/22538648_10155231718653661_2878390633548258183_o.jpg\",\"datePublished\":\"2017-10-15T12:56:59+00:00\",\"breadcrumb\":{\"@id\":\"https:\\\/\\\/www.picweb.it\\\/emm\\\/blog\\\/index.php\\\/2017\\\/10\\\/15\\\/la-miseria-umana-non-ha-limiti-ne-vergogna\\\/#breadcrumb\"},\"inLanguage\":\"it-IT\",\"potentialAction\":[{\"@type\":\"ReadAction\",\"target\":[\"https:\\\/\\\/www.picweb.it\\\/emm\\\/blog\\\/index.php\\\/2017\\\/10\\\/15\\\/la-miseria-umana-non-ha-limiti-ne-vergogna\\\/\"]}]},{\"@type\":\"ImageObject\",\"inLanguage\":\"it-IT\",\"@id\":\"https:\\\/\\\/www.picweb.it\\\/emm\\\/blog\\\/index.php\\\/2017\\\/10\\\/15\\\/la-miseria-umana-non-ha-limiti-ne-vergogna\\\/#primaryimage\",\"url\":\"http:\\\/\\\/www.picweb.it\\\/emm\\\/blog\\\/wp-content\\\/uploads\\\/2017\\\/10\\\/22538648_10155231718653661_2878390633548258183_o.jpg\",\"contentUrl\":\"http:\\\/\\\/www.picweb.it\\\/emm\\\/blog\\\/wp-content\\\/uploads\\\/2017\\\/10\\\/22538648_10155231718653661_2878390633548258183_o.jpg\",\"width\":1440,\"height\":1072,\"caption\":\"Progetto di via Ticino 3, a firma dell\u2019ing. Ugo Gennari edatato 1930\"},{\"@type\":\"BreadcrumbList\",\"@id\":\"https:\\\/\\\/www.picweb.it\\\/emm\\\/blog\\\/index.php\\\/2017\\\/10\\\/15\\\/la-miseria-umana-non-ha-limiti-ne-vergogna\\\/#breadcrumb\",\"itemListElement\":[{\"@type\":\"ListItem\",\"position\":1,\"name\":\"Home\",\"item\":\"http:\\\/\\\/www.picweb.it\\\/emm\\\/blog\\\/\"},{\"@type\":\"ListItem\",\"position\":2,\"name\":\"La miseria umana non ha limiti, n\u00e9 vergogna!\"}]},{\"@type\":\"WebSite\",\"@id\":\"http:\\\/\\\/www.picweb.it\\\/emm\\\/blog\\\/#website\",\"url\":\"http:\\\/\\\/www.picweb.it\\\/emm\\\/blog\\\/\",\"name\":\"virtutem forma decorat\",\"description\":\"The new Architectural blog\",\"publisher\":{\"@id\":\"http:\\\/\\\/www.picweb.it\\\/emm\\\/blog\\\/#\\\/schema\\\/person\\\/e29c0dd15f13008bd4c7682e6130977f\"},\"potentialAction\":[{\"@type\":\"SearchAction\",\"target\":{\"@type\":\"EntryPoint\",\"urlTemplate\":\"http:\\\/\\\/www.picweb.it\\\/emm\\\/blog\\\/?s={search_term_string}\"},\"query-input\":{\"@type\":\"PropertyValueSpecification\",\"valueRequired\":true,\"valueName\":\"search_term_string\"}}],\"inLanguage\":\"it-IT\"},{\"@type\":[\"Person\",\"Organization\"],\"@id\":\"http:\\\/\\\/www.picweb.it\\\/emm\\\/blog\\\/#\\\/schema\\\/person\\\/e29c0dd15f13008bd4c7682e6130977f\",\"name\":\"emmazzola\",\"image\":{\"@type\":\"ImageObject\",\"inLanguage\":\"it-IT\",\"@id\":\"http:\\\/\\\/www.picweb.it\\\/emm\\\/blog\\\/wp-content\\\/uploads\\\/2017\\\/05\\\/cropped-logoVirtutemFormaDecorat_Whigher.png\",\"url\":\"http:\\\/\\\/www.picweb.it\\\/emm\\\/blog\\\/wp-content\\\/uploads\\\/2017\\\/05\\\/cropped-logoVirtutemFormaDecorat_Whigher.png\",\"contentUrl\":\"http:\\\/\\\/www.picweb.it\\\/emm\\\/blog\\\/wp-content\\\/uploads\\\/2017\\\/05\\\/cropped-logoVirtutemFormaDecorat_Whigher.png\",\"width\":200,\"height\":79,\"caption\":\"emmazzola\"},\"logo\":{\"@id\":\"http:\\\/\\\/www.picweb.it\\\/emm\\\/blog\\\/wp-content\\\/uploads\\\/2017\\\/05\\\/cropped-logoVirtutemFormaDecorat_Whigher.png\"},\"url\":\"http:\\\/\\\/www.picweb.it\\\/emm\\\/blog\\\/index.php\\\/author\\\/emmazzola\\\/\"}]}<\/script>\r\n<!-- \/ Yoast SEO plugin. -->","yoast_head_json":{"title":"La miseria umana non ha limiti, n\u00e9 vergogna! - virtutem forma decorat","robots":{"index":"index","follow":"follow","max-snippet":"max-snippet:-1","max-image-preview":"max-image-preview:large","max-video-preview":"max-video-preview:-1"},"canonical":"https:\/\/www.picweb.it\/emm\/blog\/index.php\/2017\/10\/15\/la-miseria-umana-non-ha-limiti-ne-vergogna\/","og_locale":"it_IT","og_type":"article","og_title":"La miseria umana non ha limiti, n\u00e9 vergogna! - virtutem forma decorat","og_description":"Venerd\u00ec scorso, come ricorderete, dopo aver preso parte alla manifestazione e all\u2019intervista con RAI 3 in via Ticino, e dopo che, grazie alla ricerca fatta su mia indicazione, il prezioso Andrea Iezzi ha ritrovato il progetto originario del villino di [&hellip;]","og_url":"https:\/\/www.picweb.it\/emm\/blog\/index.php\/2017\/10\/15\/la-miseria-umana-non-ha-limiti-ne-vergogna\/","og_site_name":"virtutem forma decorat","article_published_time":"2017-10-15T12:56:59+00:00","og_image":[{"url":"http:\/\/www.picweb.it\/emm\/blog\/wp-content\/uploads\/2017\/10\/22538648_10155231718653661_2878390633548258183_o.jpg","type":"","width":"","height":""}],"author":"emmazzola","twitter_card":"summary_large_image","twitter_creator":"@ettore_mazzola","twitter_site":"@ettore_mazzola","twitter_misc":{"Scritto da":"emmazzola","Tempo di lettura stimato":"8 minuti"},"schema":{"@context":"https:\/\/schema.org","@graph":[{"@type":"Article","@id":"https:\/\/www.picweb.it\/emm\/blog\/index.php\/2017\/10\/15\/la-miseria-umana-non-ha-limiti-ne-vergogna\/#article","isPartOf":{"@id":"https:\/\/www.picweb.it\/emm\/blog\/index.php\/2017\/10\/15\/la-miseria-umana-non-ha-limiti-ne-vergogna\/"},"author":{"name":"emmazzola","@id":"http:\/\/www.picweb.it\/emm\/blog\/#\/schema\/person\/e29c0dd15f13008bd4c7682e6130977f"},"headline":"La miseria umana non ha limiti, n\u00e9 vergogna!","datePublished":"2017-10-15T12:56:59+00:00","mainEntityOfPage":{"@id":"https:\/\/www.picweb.it\/emm\/blog\/index.php\/2017\/10\/15\/la-miseria-umana-non-ha-limiti-ne-vergogna\/"},"wordCount":1519,"commentCount":0,"publisher":{"@id":"http:\/\/www.picweb.it\/emm\/blog\/#\/schema\/person\/e29c0dd15f13008bd4c7682e6130977f"},"image":{"@id":"https:\/\/www.picweb.it\/emm\/blog\/index.php\/2017\/10\/15\/la-miseria-umana-non-ha-limiti-ne-vergogna\/#primaryimage"},"thumbnailUrl":"http:\/\/www.picweb.it\/emm\/blog\/wp-content\/uploads\/2017\/10\/22538648_10155231718653661_2878390633548258183_o.jpg","keywords":["architetti","architettura","archmazzola","demolizione in Via Ticino a Roma","ettore maria mazzola","ettore mazzola","mazzola","Roma"],"articleSection":["politica","Roma"],"inLanguage":"it-IT","potentialAction":[{"@type":"CommentAction","name":"Comment","target":["https:\/\/www.picweb.it\/emm\/blog\/index.php\/2017\/10\/15\/la-miseria-umana-non-ha-limiti-ne-vergogna\/#respond"]}]},{"@type":"WebPage","@id":"https:\/\/www.picweb.it\/emm\/blog\/index.php\/2017\/10\/15\/la-miseria-umana-non-ha-limiti-ne-vergogna\/","url":"https:\/\/www.picweb.it\/emm\/blog\/index.php\/2017\/10\/15\/la-miseria-umana-non-ha-limiti-ne-vergogna\/","name":"La miseria umana non ha limiti, n\u00e9 vergogna! - virtutem forma decorat","isPartOf":{"@id":"http:\/\/www.picweb.it\/emm\/blog\/#website"},"primaryImageOfPage":{"@id":"https:\/\/www.picweb.it\/emm\/blog\/index.php\/2017\/10\/15\/la-miseria-umana-non-ha-limiti-ne-vergogna\/#primaryimage"},"image":{"@id":"https:\/\/www.picweb.it\/emm\/blog\/index.php\/2017\/10\/15\/la-miseria-umana-non-ha-limiti-ne-vergogna\/#primaryimage"},"thumbnailUrl":"http:\/\/www.picweb.it\/emm\/blog\/wp-content\/uploads\/2017\/10\/22538648_10155231718653661_2878390633548258183_o.jpg","datePublished":"2017-10-15T12:56:59+00:00","breadcrumb":{"@id":"https:\/\/www.picweb.it\/emm\/blog\/index.php\/2017\/10\/15\/la-miseria-umana-non-ha-limiti-ne-vergogna\/#breadcrumb"},"inLanguage":"it-IT","potentialAction":[{"@type":"ReadAction","target":["https:\/\/www.picweb.it\/emm\/blog\/index.php\/2017\/10\/15\/la-miseria-umana-non-ha-limiti-ne-vergogna\/"]}]},{"@type":"ImageObject","inLanguage":"it-IT","@id":"https:\/\/www.picweb.it\/emm\/blog\/index.php\/2017\/10\/15\/la-miseria-umana-non-ha-limiti-ne-vergogna\/#primaryimage","url":"http:\/\/www.picweb.it\/emm\/blog\/wp-content\/uploads\/2017\/10\/22538648_10155231718653661_2878390633548258183_o.jpg","contentUrl":"http:\/\/www.picweb.it\/emm\/blog\/wp-content\/uploads\/2017\/10\/22538648_10155231718653661_2878390633548258183_o.jpg","width":1440,"height":1072,"caption":"Progetto di via Ticino 3, a firma dell\u2019ing. Ugo Gennari edatato 1930"},{"@type":"BreadcrumbList","@id":"https:\/\/www.picweb.it\/emm\/blog\/index.php\/2017\/10\/15\/la-miseria-umana-non-ha-limiti-ne-vergogna\/#breadcrumb","itemListElement":[{"@type":"ListItem","position":1,"name":"Home","item":"http:\/\/www.picweb.it\/emm\/blog\/"},{"@type":"ListItem","position":2,"name":"La miseria umana non ha limiti, n\u00e9 vergogna!"}]},{"@type":"WebSite","@id":"http:\/\/www.picweb.it\/emm\/blog\/#website","url":"http:\/\/www.picweb.it\/emm\/blog\/","name":"virtutem forma decorat","description":"The new Architectural blog","publisher":{"@id":"http:\/\/www.picweb.it\/emm\/blog\/#\/schema\/person\/e29c0dd15f13008bd4c7682e6130977f"},"potentialAction":[{"@type":"SearchAction","target":{"@type":"EntryPoint","urlTemplate":"http:\/\/www.picweb.it\/emm\/blog\/?s={search_term_string}"},"query-input":{"@type":"PropertyValueSpecification","valueRequired":true,"valueName":"search_term_string"}}],"inLanguage":"it-IT"},{"@type":["Person","Organization"],"@id":"http:\/\/www.picweb.it\/emm\/blog\/#\/schema\/person\/e29c0dd15f13008bd4c7682e6130977f","name":"emmazzola","image":{"@type":"ImageObject","inLanguage":"it-IT","@id":"http:\/\/www.picweb.it\/emm\/blog\/wp-content\/uploads\/2017\/05\/cropped-logoVirtutemFormaDecorat_Whigher.png","url":"http:\/\/www.picweb.it\/emm\/blog\/wp-content\/uploads\/2017\/05\/cropped-logoVirtutemFormaDecorat_Whigher.png","contentUrl":"http:\/\/www.picweb.it\/emm\/blog\/wp-content\/uploads\/2017\/05\/cropped-logoVirtutemFormaDecorat_Whigher.png","width":200,"height":79,"caption":"emmazzola"},"logo":{"@id":"http:\/\/www.picweb.it\/emm\/blog\/wp-content\/uploads\/2017\/05\/cropped-logoVirtutemFormaDecorat_Whigher.png"},"url":"http:\/\/www.picweb.it\/emm\/blog\/index.php\/author\/emmazzola\/"}]}},"jetpack_featured_media_url":"","jetpack_sharing_enabled":true,"jetpack_shortlink":"https:\/\/wp.me\/p8HWjS-bz","jetpack-related-posts":[],"jetpack_likes_enabled":true,"_links":{"self":[{"href":"http:\/\/www.picweb.it\/emm\/blog\/index.php\/wp-json\/wp\/v2\/posts\/717","targetHints":{"allow":["GET"]}}],"collection":[{"href":"http:\/\/www.picweb.it\/emm\/blog\/index.php\/wp-json\/wp\/v2\/posts"}],"about":[{"href":"http:\/\/www.picweb.it\/emm\/blog\/index.php\/wp-json\/wp\/v2\/types\/post"}],"author":[{"embeddable":true,"href":"http:\/\/www.picweb.it\/emm\/blog\/index.php\/wp-json\/wp\/v2\/users\/2"}],"replies":[{"embeddable":true,"href":"http:\/\/www.picweb.it\/emm\/blog\/index.php\/wp-json\/wp\/v2\/comments?post=717"}],"version-history":[{"count":1,"href":"http:\/\/www.picweb.it\/emm\/blog\/index.php\/wp-json\/wp\/v2\/posts\/717\/revisions"}],"predecessor-version":[{"id":718,"href":"http:\/\/www.picweb.it\/emm\/blog\/index.php\/wp-json\/wp\/v2\/posts\/717\/revisions\/718"}],"wp:attachment":[{"href":"http:\/\/www.picweb.it\/emm\/blog\/index.php\/wp-json\/wp\/v2\/media?parent=717"}],"wp:term":[{"taxonomy":"category","embeddable":true,"href":"http:\/\/www.picweb.it\/emm\/blog\/index.php\/wp-json\/wp\/v2\/categories?post=717"},{"taxonomy":"post_tag","embeddable":true,"href":"http:\/\/www.picweb.it\/emm\/blog\/index.php\/wp-json\/wp\/v2\/tags?post=717"}],"curies":[{"name":"wp","href":"https:\/\/api.w.org\/{rel}","templated":true}]}}