{"id":520,"date":"2017-07-19T15:39:15","date_gmt":"2017-07-19T13:39:15","guid":{"rendered":"http:\/\/www.picweb.it\/emm\/blog\/?p=520"},"modified":"2017-11-11T10:47:21","modified_gmt":"2017-11-11T09:47:21","slug":"il-nostro-patrimonio-ha-bisogno-di-un-vaccino-contro-le-contaminazioni-artistiche","status":"publish","type":"post","link":"http:\/\/www.picweb.it\/emm\/blog\/index.php\/2017\/07\/19\/il-nostro-patrimonio-ha-bisogno-di-un-vaccino-contro-le-contaminazioni-artistiche\/","title":{"rendered":"Il nostro Patrimonio ha bisogno di un vaccino contro le contaminazioni artistiche"},"content":{"rendered":"<p>Il mio ultimo post sulle Soprintendenze<a href=\"#_ftn1\" name=\"_ftnref1\">[1]<\/a> e sugli scempi realizzati in danno ai nostri Beni artistici e monumentali, oltre che i molti commenti di assenso, ha anche registrato un commento inqualificabile da parte di una persona che, come si legge dal suo profilo, si ritiene un\u2019artista solo per essere nata presso la Cava di Carrara. Questa persona, che mi ha dato dell\u2019ignorante per aver osato criticare Daniel Buren per il suo immondo intervento in quel di Piazza Verdi alla Spezia, non ha nemmeno voluto leggere il post, ritenendolo ignorante per aver accostato gli interventi permanenti a quelli temporanei e, comunque, perch\u00e9 solo degli ignoranti non comprendono che le opere d\u2019arte contemporanea, messe all\u2019interno dei siti storici, portano qualit\u00e0 e interesse.<\/p>\n<p>La contaminazione, a detta di questa illuminata, sarebbe indispensabile!<\/p>\n<p>Stando ai dizionari della lingua italiana, il termine \u201c<em>contaminazi\u00f3ne<\/em>\u201d [dal latino tardo <em>contaminatio &#8211; onis<\/em>] fa riferimento ad un qualcosa da evitare \u2026 eppure sembrerebbe che, per qualcuno, non sia proprio cos\u00ec!<\/p>\n<p>Vediamo quindi di chiarirci le idee su questo vocabolo: Il termine <em>contaminazione<\/em> andrebbe inteso nel suo significato pi\u00f9 ampio, che, spesso, s\u2019intreccia con quello di <em>contagio<\/em>. Si spazia dall\u2019atto del <em>contaminare<\/em> in senso proprio e figurato, all\u2019effetto generato sull\u2019individuo per un atto inaccettabile: \u201c<em>colpe che sono una contaminazione del corpo e dell\u2019anima\u201d<\/em> e va considerato il riferimento alla contaminazione fisica dell\u2019essere umano e dell\u2019ambiente: \u201c<em>essere<\/em> <em>infettato, inquinato ecc.\u201d <\/em>o dell\u2019atmosfera: \u201c<em>contaminazione radioattiva<\/em>\u201d ecc.<\/p>\n<p>Nella versione semantica pi\u00f9 ampia i due termini <em>contaminazione<\/em> e <em>contagio<\/em> tendono dunque a comprendere i concetti di <em>infezione<\/em>, <em>epidemia<\/em>, <em>trasmissione<\/em>, <em>diffusione<\/em>, <em>adulterazione<\/em>, <em>infestazione<\/em>, <em>avvelenamento<\/em>, <em>inquinamento<\/em>, ma anche quelli di <em>contatto<\/em>, <em>trasferimento<\/em>, <em>mescolanza<\/em>, <em>interazione<\/em> e <em>ibridazione<\/em>. La <em>contaminazione<\/em> si rivolge anche all\u2019alterazione delle sostanze alimentari causata da microrganismi o da parassiti o dall\u2019aggiunta di additivi che pu\u00f2 derivare da una cattiva conservazione, incuria, uso di materie prime scadenti o adozione di tecnologie inadeguate. Il termine per\u00f2 include anche l\u2019<em>artificio<\/em>, praticato dagli antichi commediografi latini, d\u2019inserire nell\u2019elaborazione di una commedia, alcuni brani estratti da una d\u2019origine greca. \u00c8 importante far notare che in questo caso, per gli amanti del concetto di \u201c<em>falsificazione della storia<\/em>\u201d, si dovrebbe pensare ad un\u2019appropriazione indebita, ergo deprecabile\u2026 questo \u00e8 invece l\u2019unico appiglio cui i sostenitori della <em>contaminazione artistica<\/em> (tutti rigorosamente a sostegno della necessit\u00e0 di prevenire le falsificazioni storiche promuovendo il \u201c<em>contemporaneo<\/em>\u201d) tendono ad aggrapparsi per promuovere le loro idee.<\/p>\n<p>Senza voler scendere nella spiegazione approfondita del termine in oggetto, vorrei soffermarmi sulla sua accezione in campo <em>artistico<\/em>\u2026 sempre se \u00e8 lecito poter utilizzare il termine \u201c<em>arte<\/em>\u201d per ci\u00f2 di cui andr\u00f2 a dire.<\/p>\n<p>Negli ultimi anni, sotto l\u2019egida di sovrintendenti e curatori di musei e mostre, s\u2019\u00e8 fatta sempre pi\u00f9 prepotentemente avanti l\u2019idea che risulti necessario accostare le \u201c<em>opere d\u2019arte<\/em>\u201d contemporanee a quelle storiche. Si \u00e8 addirittura arrivati, per assurdo, a sostenere che, per <em>valorizzare<\/em> i nostri siti archeologici o i nostri palazzi e chiese monumentali, fosse necessario utilizzarli per esporre opere di fantomatici artisti contemporanei. Questa <em>valorizzazione<\/em> per mezzo di \u201c<em>contaminazione antico-moderno<\/em>\u201d, nella mente dei suoi promotori dovrebbe servire ad attirare i turisti e promuovere la bellezza delle <em>installazioni<\/em> e delle opere d\u2019arte contemporanea!<\/p>\n<p>Ma \u00e8 davvero cos\u00ec? Davvero crediamo che i nostri siti necessitino di essere violentati con opere irrispettose per poter essere valorizzati? Davvero pensiamo che possano esserci turisti cos\u00ec idioti da spendere migliaia di euro per attraversare l\u2019oceano e venire a vedere un ammasso informe di ferraglia, piuttosto che i nostri monumenti per come sono? A me pare che si sia rigirata la frittata e si voglia far credere il contrario della realt\u00e0. Questa versione distorta della verit\u00e0 mi ricorda tanto la gag di Giobbe Covatta che interpretava il razzista-nordista, sostenendo che non fossero lui e i suoi amici di partito ad essere razzisti, ma gli altri ad essere napoletani!<\/p>\n<p>Forse certi sostenitori delle contaminazioni dovrebbero provare a mettere da parte l\u2019ideologia e gli affari e provare ad ascoltare l\u2019opinione della gente comune\u2026 guardandosi per\u00f2 bene dal chiedere un parere agli intellettualoidi <em>radical-chic<\/em> che fingono, per moda, di comprendere ci\u00f2 che non ha alcun significato e qualit\u00e0.<\/p>\n<p>Ebbene, viaggiando molto con i miei studenti provenienti dall\u2019altro lato del pianeta, ritengo di poter parlare con cognizione di causa, dicendo che non mi sia mai capitato di sentire commenti positivi in merito a certe <em>contaminazioni<\/em>! Nella totalit\u00e0 dei casi mi sono trovato a raccogliere commenti di frustrazione da parte di chi, dopo aver intrapreso un viaggio del genere, cosa che difficilmente potr\u00e0 ripetere nella vita, si \u00e8 visto negare la possibilit\u00e0 di vedere il monumento tanto desiderato. E questo lo dicono anche diversi turisti spaesati, che non comprendevano \u2013 n\u00e9 erano disposti a farlo \u2013 ci\u00f2 che erano invece stati obbligati a guardare!<\/p>\n<p>Cos\u00ec, c\u2019\u00e8 capitato di non poter godere del transetto della chiesa di San Giorgio Maggiore a Venezia, <em>infestato<\/em> da un cilindro tozzo dal quale fuoriusciva del fumo, compattato in una gigantesca colonna per opera di immense torri\/ventilatore angolari installate da Anish Kapoor per la sua opera \u201c<em>Ascensione<\/em>\u201d (gi\u00e0 per\u00f2 presentata in altre occasioni ed in altri luoghi del pianeta con titoli differenti, alla faccia degli idioti che vorrebbero trovare una spiegazione artistica in quella idiozia) oppure non c\u2019\u00e8 stato possibile ammirare il cortile circolare della Casa del Mantegna a Mantova, <em>contaminato<\/em> da un immenso velo giallo, per tacer di quando siamo stati costretti a visitare la Villa Pisani del Palladio, <em>infettata<\/em> da arredi ultramoderni e pannelli al neon\u2026 ma l\u2019elenco dei siti <em>adulterati<\/em> sarebbe troppo lungo per poter essere riportato in questa sede.<\/p>\n<p>\u00c8 chiaro che gli unici a beneficiare di queste <em>contaminazioni<\/em> siano i <em>mercanti<\/em> della presunta arte contemporanea, individui molto furbi che sanno bene come certe cianfrusaglie, se mai per coerenza venissero esposte in ambientazioni contemporanee, non registrerebbero nemmeno un visitatore al giorno, mandando fallito l\u2019evento!<\/p>\n<figure id=\"attachment_521\" aria-describedby=\"caption-attachment-521\" style=\"width: 1283px\" class=\"wp-caption aligncenter\"><img fetchpriority=\"high\" decoding=\"async\" data-attachment-id=\"521\" data-permalink=\"http:\/\/www.picweb.it\/emm\/blog\/index.php\/2017\/07\/19\/il-nostro-patrimonio-ha-bisogno-di-un-vaccino-contro-le-contaminazioni-artistiche\/le-mani-giganti-di-venezia\/\" data-orig-file=\"http:\/\/www.picweb.it\/emm\/blog\/wp-content\/uploads\/2017\/07\/le-mani-giganti-di-Venezia.jpg\" data-orig-size=\"834,437\" data-comments-opened=\"1\" data-image-meta=\"{&quot;aperture&quot;:&quot;0&quot;,&quot;credit&quot;:&quot;&quot;,&quot;camera&quot;:&quot;&quot;,&quot;caption&quot;:&quot;&quot;,&quot;created_timestamp&quot;:&quot;0&quot;,&quot;copyright&quot;:&quot;&quot;,&quot;focal_length&quot;:&quot;0&quot;,&quot;iso&quot;:&quot;0&quot;,&quot;shutter_speed&quot;:&quot;0&quot;,&quot;title&quot;:&quot;&quot;,&quot;orientation&quot;:&quot;0&quot;}\" data-image-title=\"le mani giganti di Venezia\" data-image-description=\"\" data-image-caption=\"&lt;p&gt;Venezia, Biennale 2017, l\u2019opera \u201cSupport\u201d di Lorenzo Quinn&lt;\/p&gt;\n\" data-large-file=\"http:\/\/www.picweb.it\/emm\/blog\/wp-content\/uploads\/2017\/07\/le-mani-giganti-di-Venezia.jpg\" class=\" wp-image-521\" src=\"http:\/\/www.picweb.it\/emm\/blog\/wp-content\/uploads\/2017\/07\/le-mani-giganti-di-Venezia.jpg\" alt=\"\" width=\"1283\" height=\"672\" srcset=\"http:\/\/www.picweb.it\/emm\/blog\/wp-content\/uploads\/2017\/07\/le-mani-giganti-di-Venezia.jpg 834w, http:\/\/www.picweb.it\/emm\/blog\/wp-content\/uploads\/2017\/07\/le-mani-giganti-di-Venezia-300x157.jpg 300w, http:\/\/www.picweb.it\/emm\/blog\/wp-content\/uploads\/2017\/07\/le-mani-giganti-di-Venezia-768x402.jpg 768w, http:\/\/www.picweb.it\/emm\/blog\/wp-content\/uploads\/2017\/07\/le-mani-giganti-di-Venezia-700x367.jpg 700w, http:\/\/www.picweb.it\/emm\/blog\/wp-content\/uploads\/2017\/07\/le-mani-giganti-di-Venezia-520x272.jpg 520w, http:\/\/www.picweb.it\/emm\/blog\/wp-content\/uploads\/2017\/07\/le-mani-giganti-di-Venezia-360x189.jpg 360w, http:\/\/www.picweb.it\/emm\/blog\/wp-content\/uploads\/2017\/07\/le-mani-giganti-di-Venezia-250x131.jpg 250w, http:\/\/www.picweb.it\/emm\/blog\/wp-content\/uploads\/2017\/07\/le-mani-giganti-di-Venezia-100x52.jpg 100w\" sizes=\"(max-width: 1283px) 100vw, 1283px\" \/><figcaption id=\"caption-attachment-521\" class=\"wp-caption-text\">Venezia, Biennale 2017, l\u2019opera \u201cSupport\u201d di Lorenzo Quinn<\/figcaption><\/figure>\n<figure id=\"attachment_522\" aria-describedby=\"caption-attachment-522\" style=\"width: 1280px\" class=\"wp-caption aligncenter\"><img decoding=\"async\" data-attachment-id=\"522\" data-permalink=\"http:\/\/www.picweb.it\/emm\/blog\/index.php\/2017\/07\/19\/il-nostro-patrimonio-ha-bisogno-di-un-vaccino-contro-le-contaminazioni-artistiche\/anish-kapoor\/\" data-orig-file=\"http:\/\/www.picweb.it\/emm\/blog\/wp-content\/uploads\/2017\/07\/Anish-Kapoor.jpg\" data-orig-size=\"1280,853\" data-comments-opened=\"1\" data-image-meta=\"{&quot;aperture&quot;:&quot;0&quot;,&quot;credit&quot;:&quot;&quot;,&quot;camera&quot;:&quot;&quot;,&quot;caption&quot;:&quot;&quot;,&quot;created_timestamp&quot;:&quot;0&quot;,&quot;copyright&quot;:&quot;&quot;,&quot;focal_length&quot;:&quot;0&quot;,&quot;iso&quot;:&quot;0&quot;,&quot;shutter_speed&quot;:&quot;0&quot;,&quot;title&quot;:&quot;&quot;,&quot;orientation&quot;:&quot;0&quot;}\" data-image-title=\"Anish Kapoor\" data-image-description=\"\" data-image-caption=\"&lt;p&gt;Venezia, Biennale 2015, l\u2019opera di Anish Kapoor \u201cAscensione\u201d&lt;\/p&gt;\n\" data-large-file=\"http:\/\/www.picweb.it\/emm\/blog\/wp-content\/uploads\/2017\/07\/Anish-Kapoor-1024x682.jpg\" class=\"size-full wp-image-522\" src=\"http:\/\/www.picweb.it\/emm\/blog\/wp-content\/uploads\/2017\/07\/Anish-Kapoor.jpg\" alt=\"\" width=\"1280\" height=\"853\" srcset=\"http:\/\/www.picweb.it\/emm\/blog\/wp-content\/uploads\/2017\/07\/Anish-Kapoor.jpg 1280w, http:\/\/www.picweb.it\/emm\/blog\/wp-content\/uploads\/2017\/07\/Anish-Kapoor-300x200.jpg 300w, http:\/\/www.picweb.it\/emm\/blog\/wp-content\/uploads\/2017\/07\/Anish-Kapoor-768x512.jpg 768w, http:\/\/www.picweb.it\/emm\/blog\/wp-content\/uploads\/2017\/07\/Anish-Kapoor-1024x682.jpg 1024w, http:\/\/www.picweb.it\/emm\/blog\/wp-content\/uploads\/2017\/07\/Anish-Kapoor-700x466.jpg 700w, http:\/\/www.picweb.it\/emm\/blog\/wp-content\/uploads\/2017\/07\/Anish-Kapoor-520x347.jpg 520w, http:\/\/www.picweb.it\/emm\/blog\/wp-content\/uploads\/2017\/07\/Anish-Kapoor-360x240.jpg 360w, http:\/\/www.picweb.it\/emm\/blog\/wp-content\/uploads\/2017\/07\/Anish-Kapoor-250x167.jpg 250w, http:\/\/www.picweb.it\/emm\/blog\/wp-content\/uploads\/2017\/07\/Anish-Kapoor-100x67.jpg 100w\" sizes=\"(max-width: 1280px) 100vw, 1280px\" \/><figcaption id=\"caption-attachment-522\" class=\"wp-caption-text\">Venezia, Biennale 2015, l\u2019opera di Anish Kapoor \u201cAscensione\u201d<\/figcaption><\/figure>\n<figure id=\"attachment_511\" aria-describedby=\"caption-attachment-511\" style=\"width: 1275px\" class=\"wp-caption aligncenter\"><img decoding=\"async\" data-attachment-id=\"511\" data-permalink=\"http:\/\/www.picweb.it\/emm\/blog\/index.php\/2017\/07\/13\/cosa-spinge-le-soprintendenze-a-consentire-e-promuovere-il-massacro-del-nostro-patrimonio-culturale\/castello-di-barletta-torrione-di-santa-maria-allagato\/\" data-orig-file=\"http:\/\/www.picweb.it\/emm\/blog\/wp-content\/uploads\/2017\/07\/Castello-di-Barletta-Torrione-di-Santa-Maria-allagato.jpg\" data-orig-size=\"1600,779\" data-comments-opened=\"1\" data-image-meta=\"{&quot;aperture&quot;:&quot;0&quot;,&quot;credit&quot;:&quot;&quot;,&quot;camera&quot;:&quot;&quot;,&quot;caption&quot;:&quot;&quot;,&quot;created_timestamp&quot;:&quot;0&quot;,&quot;copyright&quot;:&quot;&quot;,&quot;focal_length&quot;:&quot;0&quot;,&quot;iso&quot;:&quot;0&quot;,&quot;shutter_speed&quot;:&quot;0&quot;,&quot;title&quot;:&quot;&quot;,&quot;orientation&quot;:&quot;0&quot;}\" data-image-title=\"Castello di Barletta &amp;#8211; Torrione di Santa Maria allagato\" data-image-description=\"\" data-image-caption=\"&lt;p&gt;NIO architecten, Dark Matter 2012. Intramoenia Extra Art\/Watershed, Castello di Barletta, Sotterranei del Torrione Santa Maria&lt;\/p&gt;\n\" data-large-file=\"http:\/\/www.picweb.it\/emm\/blog\/wp-content\/uploads\/2017\/07\/Castello-di-Barletta-Torrione-di-Santa-Maria-allagato-1024x499.jpg\" class=\" wp-image-511\" src=\"http:\/\/www.picweb.it\/emm\/blog\/wp-content\/uploads\/2017\/07\/Castello-di-Barletta-Torrione-di-Santa-Maria-allagato.jpg\" alt=\"\" width=\"1275\" height=\"621\" srcset=\"http:\/\/www.picweb.it\/emm\/blog\/wp-content\/uploads\/2017\/07\/Castello-di-Barletta-Torrione-di-Santa-Maria-allagato.jpg 1600w, http:\/\/www.picweb.it\/emm\/blog\/wp-content\/uploads\/2017\/07\/Castello-di-Barletta-Torrione-di-Santa-Maria-allagato-300x146.jpg 300w, http:\/\/www.picweb.it\/emm\/blog\/wp-content\/uploads\/2017\/07\/Castello-di-Barletta-Torrione-di-Santa-Maria-allagato-768x374.jpg 768w, http:\/\/www.picweb.it\/emm\/blog\/wp-content\/uploads\/2017\/07\/Castello-di-Barletta-Torrione-di-Santa-Maria-allagato-1024x499.jpg 1024w, http:\/\/www.picweb.it\/emm\/blog\/wp-content\/uploads\/2017\/07\/Castello-di-Barletta-Torrione-di-Santa-Maria-allagato-700x341.jpg 700w, http:\/\/www.picweb.it\/emm\/blog\/wp-content\/uploads\/2017\/07\/Castello-di-Barletta-Torrione-di-Santa-Maria-allagato-520x253.jpg 520w, http:\/\/www.picweb.it\/emm\/blog\/wp-content\/uploads\/2017\/07\/Castello-di-Barletta-Torrione-di-Santa-Maria-allagato-360x175.jpg 360w, http:\/\/www.picweb.it\/emm\/blog\/wp-content\/uploads\/2017\/07\/Castello-di-Barletta-Torrione-di-Santa-Maria-allagato-250x122.jpg 250w, http:\/\/www.picweb.it\/emm\/blog\/wp-content\/uploads\/2017\/07\/Castello-di-Barletta-Torrione-di-Santa-Maria-allagato-100x49.jpg 100w\" sizes=\"(max-width: 1275px) 100vw, 1275px\" \/><figcaption id=\"caption-attachment-511\" class=\"wp-caption-text\">NIO architecten, Dark Matter 2012. Intramoenia Extra Art\/Watershed, Castello di Barletta, Sotterranei del Torrione Santa Maria<\/figcaption><\/figure>\n<figure id=\"attachment_510\" aria-describedby=\"caption-attachment-510\" style=\"width: 1271px\" class=\"wp-caption aligncenter\"><img loading=\"lazy\" decoding=\"async\" data-attachment-id=\"510\" data-permalink=\"http:\/\/www.picweb.it\/emm\/blog\/index.php\/2017\/07\/13\/cosa-spinge-le-soprintendenze-a-consentire-e-promuovere-il-massacro-del-nostro-patrimonio-culturale\/daniel-buren-domus-severiana-roma\/\" data-orig-file=\"http:\/\/www.picweb.it\/emm\/blog\/wp-content\/uploads\/2017\/07\/Daniel-Buren-Domus-Severiana-Roma.jpeg\" data-orig-size=\"1632,708\" data-comments-opened=\"1\" data-image-meta=\"{&quot;aperture&quot;:&quot;0&quot;,&quot;credit&quot;:&quot;&quot;,&quot;camera&quot;:&quot;&quot;,&quot;caption&quot;:&quot;&quot;,&quot;created_timestamp&quot;:&quot;0&quot;,&quot;copyright&quot;:&quot;&quot;,&quot;focal_length&quot;:&quot;0&quot;,&quot;iso&quot;:&quot;0&quot;,&quot;shutter_speed&quot;:&quot;0&quot;,&quot;title&quot;:&quot;&quot;,&quot;orientation&quot;:&quot;0&quot;}\" data-image-title=\"Daniel-Buren-Domus-Severiana-Roma\" data-image-description=\"\" data-image-caption=\"&lt;p&gt;Roma, installazione \u201ctemporanea\u201d di Daniel Buren sulla Domus Severiana del Palatino&lt;\/p&gt;\n\" data-large-file=\"http:\/\/www.picweb.it\/emm\/blog\/wp-content\/uploads\/2017\/07\/Daniel-Buren-Domus-Severiana-Roma-1024x444.jpeg\" class=\"wp-image-510\" src=\"http:\/\/www.picweb.it\/emm\/blog\/wp-content\/uploads\/2017\/07\/Daniel-Buren-Domus-Severiana-Roma.jpeg\" alt=\"\" width=\"1271\" height=\"551\" srcset=\"http:\/\/www.picweb.it\/emm\/blog\/wp-content\/uploads\/2017\/07\/Daniel-Buren-Domus-Severiana-Roma.jpeg 1632w, http:\/\/www.picweb.it\/emm\/blog\/wp-content\/uploads\/2017\/07\/Daniel-Buren-Domus-Severiana-Roma-300x130.jpeg 300w, http:\/\/www.picweb.it\/emm\/blog\/wp-content\/uploads\/2017\/07\/Daniel-Buren-Domus-Severiana-Roma-768x333.jpeg 768w, http:\/\/www.picweb.it\/emm\/blog\/wp-content\/uploads\/2017\/07\/Daniel-Buren-Domus-Severiana-Roma-1024x444.jpeg 1024w, http:\/\/www.picweb.it\/emm\/blog\/wp-content\/uploads\/2017\/07\/Daniel-Buren-Domus-Severiana-Roma-700x304.jpeg 700w, http:\/\/www.picweb.it\/emm\/blog\/wp-content\/uploads\/2017\/07\/Daniel-Buren-Domus-Severiana-Roma-520x226.jpeg 520w, http:\/\/www.picweb.it\/emm\/blog\/wp-content\/uploads\/2017\/07\/Daniel-Buren-Domus-Severiana-Roma-360x156.jpeg 360w, http:\/\/www.picweb.it\/emm\/blog\/wp-content\/uploads\/2017\/07\/Daniel-Buren-Domus-Severiana-Roma-250x108.jpeg 250w, http:\/\/www.picweb.it\/emm\/blog\/wp-content\/uploads\/2017\/07\/Daniel-Buren-Domus-Severiana-Roma-100x43.jpeg 100w\" sizes=\"(max-width: 1271px) 100vw, 1271px\" \/><figcaption id=\"caption-attachment-510\" class=\"wp-caption-text\">Roma, installazione \u201ctemporanea\u201d di Daniel Buren sulla Domus Severiana del Palatino<\/figcaption><\/figure>\n<figure id=\"attachment_495\" aria-describedby=\"caption-attachment-495\" style=\"width: 1274px\" class=\"wp-caption aligncenter\"><img loading=\"lazy\" decoding=\"async\" data-attachment-id=\"495\" data-permalink=\"http:\/\/www.picweb.it\/emm\/blog\/index.php\/2017\/07\/06\/rispetto-per-il-ponte-di-tiberio-a-rimini\/20170612_112603\/\" data-orig-file=\"http:\/\/www.picweb.it\/emm\/blog\/wp-content\/uploads\/2017\/07\/20170612_112603.jpg\" data-orig-size=\"4128,2322\" data-comments-opened=\"1\" data-image-meta=\"{&quot;aperture&quot;:&quot;0&quot;,&quot;credit&quot;:&quot;&quot;,&quot;camera&quot;:&quot;&quot;,&quot;caption&quot;:&quot;&quot;,&quot;created_timestamp&quot;:&quot;0&quot;,&quot;copyright&quot;:&quot;&quot;,&quot;focal_length&quot;:&quot;0&quot;,&quot;iso&quot;:&quot;0&quot;,&quot;shutter_speed&quot;:&quot;0&quot;,&quot;title&quot;:&quot;&quot;,&quot;orientation&quot;:&quot;0&quot;}\" data-image-title=\"20170612_112603\" data-image-description=\"\" data-image-caption=\"&lt;p&gt;Vista dell\u2019immonda sistemazione di Piazza Verdi alla Spezia&lt;\/p&gt;\n\" data-large-file=\"http:\/\/www.picweb.it\/emm\/blog\/wp-content\/uploads\/2017\/07\/20170612_112603-1024x576.jpg\" class=\" wp-image-495\" src=\"http:\/\/www.picweb.it\/emm\/blog\/wp-content\/uploads\/2017\/07\/20170612_112603.jpg\" alt=\"\" width=\"1274\" height=\"717\" srcset=\"http:\/\/www.picweb.it\/emm\/blog\/wp-content\/uploads\/2017\/07\/20170612_112603.jpg 4128w, http:\/\/www.picweb.it\/emm\/blog\/wp-content\/uploads\/2017\/07\/20170612_112603-300x169.jpg 300w, http:\/\/www.picweb.it\/emm\/blog\/wp-content\/uploads\/2017\/07\/20170612_112603-768x432.jpg 768w, http:\/\/www.picweb.it\/emm\/blog\/wp-content\/uploads\/2017\/07\/20170612_112603-1024x576.jpg 1024w, http:\/\/www.picweb.it\/emm\/blog\/wp-content\/uploads\/2017\/07\/20170612_112603-700x394.jpg 700w, http:\/\/www.picweb.it\/emm\/blog\/wp-content\/uploads\/2017\/07\/20170612_112603-520x293.jpg 520w, http:\/\/www.picweb.it\/emm\/blog\/wp-content\/uploads\/2017\/07\/20170612_112603-360x203.jpg 360w, http:\/\/www.picweb.it\/emm\/blog\/wp-content\/uploads\/2017\/07\/20170612_112603-250x141.jpg 250w, http:\/\/www.picweb.it\/emm\/blog\/wp-content\/uploads\/2017\/07\/20170612_112603-100x56.jpg 100w\" sizes=\"(max-width: 1274px) 100vw, 1274px\" \/><figcaption id=\"caption-attachment-495\" class=\"wp-caption-text\">Vista dell\u2019immonda sistemazione di Piazza Verdi alla Spezia<\/figcaption><\/figure>\n<figure id=\"attachment_523\" aria-describedby=\"caption-attachment-523\" style=\"width: 1272px\" class=\"wp-caption aligncenter\"><img loading=\"lazy\" decoding=\"async\" data-attachment-id=\"523\" data-permalink=\"http:\/\/www.picweb.it\/emm\/blog\/index.php\/2017\/07\/19\/il-nostro-patrimonio-ha-bisogno-di-un-vaccino-contro-le-contaminazioni-artistiche\/lonigo-villa-pisani\/\" data-orig-file=\"http:\/\/www.picweb.it\/emm\/blog\/wp-content\/uploads\/2017\/07\/Lonigo-Villa-Pisani.jpg\" data-orig-size=\"2048,1536\" data-comments-opened=\"1\" data-image-meta=\"{&quot;aperture&quot;:&quot;0&quot;,&quot;credit&quot;:&quot;&quot;,&quot;camera&quot;:&quot;&quot;,&quot;caption&quot;:&quot;&quot;,&quot;created_timestamp&quot;:&quot;0&quot;,&quot;copyright&quot;:&quot;&quot;,&quot;focal_length&quot;:&quot;0&quot;,&quot;iso&quot;:&quot;0&quot;,&quot;shutter_speed&quot;:&quot;0&quot;,&quot;title&quot;:&quot;&quot;,&quot;orientation&quot;:&quot;0&quot;}\" data-image-title=\"Lonigo, Villa Pisani\" data-image-description=\"\" data-image-caption=\"&lt;p&gt;Lonigo, 2014, Villa Pisani &amp;#8230; sarebbe un patrimonio dell&amp;#8217;umanit\u00e0, ma oggi l&amp;#8217;interno disturbato da una mostra indegna di opere d&amp;#8217;arte (presunte) e arredi inqualificabili &amp;#8230; certi soprintendenti dovrebbero vergognarsi e dimettersi. Ci avevano detto di fare attenzione a non calpestare i tappeti .. ho risposto &amp;#8220;certo, non vorremmo sporcarci le scarpe!&amp;#8221;&lt;\/p&gt;\n\" data-large-file=\"http:\/\/www.picweb.it\/emm\/blog\/wp-content\/uploads\/2017\/07\/Lonigo-Villa-Pisani-1024x768.jpg\" class=\" wp-image-523\" src=\"http:\/\/www.picweb.it\/emm\/blog\/wp-content\/uploads\/2017\/07\/Lonigo-Villa-Pisani.jpg\" alt=\"\" width=\"1272\" height=\"954\" srcset=\"http:\/\/www.picweb.it\/emm\/blog\/wp-content\/uploads\/2017\/07\/Lonigo-Villa-Pisani.jpg 2048w, http:\/\/www.picweb.it\/emm\/blog\/wp-content\/uploads\/2017\/07\/Lonigo-Villa-Pisani-300x225.jpg 300w, http:\/\/www.picweb.it\/emm\/blog\/wp-content\/uploads\/2017\/07\/Lonigo-Villa-Pisani-768x576.jpg 768w, http:\/\/www.picweb.it\/emm\/blog\/wp-content\/uploads\/2017\/07\/Lonigo-Villa-Pisani-1024x768.jpg 1024w, http:\/\/www.picweb.it\/emm\/blog\/wp-content\/uploads\/2017\/07\/Lonigo-Villa-Pisani-700x525.jpg 700w, http:\/\/www.picweb.it\/emm\/blog\/wp-content\/uploads\/2017\/07\/Lonigo-Villa-Pisani-520x390.jpg 520w, http:\/\/www.picweb.it\/emm\/blog\/wp-content\/uploads\/2017\/07\/Lonigo-Villa-Pisani-360x270.jpg 360w, http:\/\/www.picweb.it\/emm\/blog\/wp-content\/uploads\/2017\/07\/Lonigo-Villa-Pisani-250x188.jpg 250w, http:\/\/www.picweb.it\/emm\/blog\/wp-content\/uploads\/2017\/07\/Lonigo-Villa-Pisani-100x75.jpg 100w\" sizes=\"(max-width: 1272px) 100vw, 1272px\" \/><figcaption id=\"caption-attachment-523\" class=\"wp-caption-text\">Lonigo, 2014, Villa Pisani &#8230; sarebbe un patrimonio dell&#8217;umanit\u00e0, ma oggi l&#8217;interno disturbato da una mostra indegna di opere d&#8217;arte (presunte) e arredi inqualificabili &#8230; certi soprintendenti dovrebbero vergognarsi e dimettersi. Ci avevano detto di fare attenzione a non calpestare i tappeti .. ho risposto &#8220;certo, non vorremmo sporcarci le scarpe!&#8221;<\/figcaption><\/figure>\n<p>Considerato che una grande responsabilit\u00e0 in tali situazioni sia da attribuire all\u2019opera dei <em>radical-chic<\/em> di cui sopra, ritengo utile ricordar loro il pensiero di un vero intellettuale, una persona al di sopra di ogni sospetto, attento studioso e conoscitore dei comportamenti umani: Il sociologo Zygmunt Bauman.<\/p>\n<p>Il recente testo <em>Per tutti i gusti. La cultura nell&#8217;et\u00e0 dei consumi,<\/em> risulta infatti di grande effetto per capire quanto miserabile sia diventata la nostra civilt\u00e0, una civilt\u00e0 che pretende di essere quella pi\u00f9 evoluta e colta della storia dell\u2019umanit\u00e0, comportandosi invece come la pi\u00f9 ignorante di sempre!<\/p>\n<p>L\u2019amara riflessione sulla nostra cultura consumista, riassume in due righe l\u2019aberrazione culturale che stiamo vivendo: \u201c<em>La funzione della cultura non \u00e8 di soddisfare bisogni esistenti ma di crearne di nuovi pur mantenendo allo stesso tempo bisogni gi\u00e0 radicati o permanentemente insoddisfatti\u201d<\/em>. L\u2019atto di denuncia che ne emerge, riguardo al percorso eticamente involutivo del concetto di cultura, \u00e8 ineccepibile. Bauman mostra senza ipocrisie quelle che sono le distorsioni della realt\u00e0, nonch\u00e9 le manipolazioni operate dal mercato, nella transizione dalla modernit\u00e0 all&#8217;odierna societ\u00e0 globalizzata dei consumi, che lui ha pi\u00f9 volte definito una \u201c<em>societ\u00e0 liquida<\/em>\u201d, il cui intento programmatico \u00e8 il costante scioglimento e cambiamento dei vincoli strutturali alla base dei processi socio-economici, in nome del trionfo dell\u2019instabilit\u00e0\u2026 condizione necessaria per garantire la sopravvivenza della societ\u00e0 consumistica globalizzata!<\/p>\n<p>Bauman denuncia: \u201c<em>la cultura di oggi \u00e8 fatta di offerte, non di norme<\/em>\u201d, condannando cos\u00ec la mercificazione della cultura, sottolineandone la perdita dell\u2019originaria missione educativa volta al disciplinamento dei gusti dell&#8217;individuo.<\/p>\n<p>\u201c<em>Privo di direttive e degradato a mero cliente, <\/em>[l\u2019individuo medio n.d.r.] <em>viene investito da un eccesso di stimoli che lo porta a consumare senza criterio, con l\u2019unico fine di appagare un effimero desiderio di possesso a cui non corrisponde un arricchimento formativo<\/em> [&#8230;] <em>Il consumatore \u2013 privato di una guida morale al momento della scelta \u2013 ha accesso a una quantit\u00e0 indiscriminata di prodotti e, non godendo di sufficiente tempo per interpretare i propri reali bisogni, si getta a capofitto nel seguire mode effimere per stare al passo con i ritmi di ricambio dell\u2019offerta. \u00c8 ostaggio di un eccesso di libert\u00e0 che in realt\u00e0 lo rende perennemente insoddisfatto e lo imprigiona in un meccanismo autoreferenziale di riproduzione infinita del desiderio, il cui appagamento \u00e8 escluso a priori.<\/em>\u201d<\/p>\n<p>Tutto questo discorso sulla cultura in generale, ovviamente, include l\u2019arte in tutte le sue forme. La mercificazione che ne \u00e8 stata fatta non \u00e8, e non pu\u00f2 essere, accettabile! Parafrasando Bauman, potremmo dire a giusta ragione che l\u2019arte non pu\u00f2 e non deve limitarsi a essere propellente di un sistema che equipara i suoi prodotti a beni di rapido deperimento in mostra sugli scaffali dei centri commerciali, poich\u00e9 le sue opere non devono scaturire da un cieco proposito di moltiplicazione schizofrenica dell\u2019offerta, ma dovrebbero aspirare a rappresentare gli eterni bisogni di bellezza da parte dell\u2019umanit\u00e0.<\/p>\n<p>Chi amministra la cultura in questo Paese, un Paese che custodisce la maggioranza delle opere d\u2019arte presenti al mondo, dovrebbe imparare a svincolarsi dalle mode, dovrebbe rendersi conto che i nostri monumenti non necessitano di \u201c<em>valorizzazione<\/em>\u201d ma di <em>tutela<\/em>. Costoro dovrebbero capire che il turismo, che sia colto o di massa, \u00e8 comunque interessato a vedere le opere che il mondo c\u2019invidia, piuttosto che della paccottaglia o delle croste che potrebbero essere esposte in qualsiasi altro luogo del pianeta, tranne che all\u2019interno dei nostri splendidi siti e monumenti!<\/p>\n<p>Se dunque per questi individui il termine <em>valorizzazione<\/em> \u00e8 divenuto lo slogan, e se l\u2019operazione consiste in opere di <em>contaminazione<\/em>, probabilmente dovremo fare anche noi un po\u2019 di \u201c<em>ammodernamento culturale<\/em>\u201d e annoverare tra gli interventi di <em>tutela del patrimonio<\/em> anche quello di <em>vaccinazione<\/em> e, prima di affidare alla cieca incarichi ai soprintendenti, (tutti rigorosamente scelti per ragioni politiche e mai di cultura reale), insieme ai <em>curricula<\/em> bisogner\u00e0 accertarsi che abbiano effettuato una corretta <em>profilassi anticontaminazione<\/em> per evitare che, una volta insediatisi, possano <em>infettare<\/em> il nostro patrimonio!<\/p>\n<p>&nbsp;<\/p>\n<p><a href=\"#_ftnref1\" name=\"_ftn1\">[1]<\/a> <a href=\"http:\/\/www.picweb.it\/emm\/blog\/index.php\/2017\/07\/13\/cosa-spinge-le-soprintendenze-a-consentire-e-promuovere-il-massacro-del-nostro-patrimonio-culturale\/\">http:\/\/www.picweb.it\/emm\/blog\/index.php\/2017\/07\/13\/cosa-spinge-le-soprintendenze-a-consentire-e-promuovere-il-massacro-del-nostro-patrimonio-culturale\/<\/a><\/p>\n<p>&nbsp;<\/p>\n","protected":false},"excerpt":{"rendered":"<p>Il mio ultimo post sulle Soprintendenze[1] e sugli scempi realizzati in danno ai nostri Beni artistici e monumentali, oltre che i molti commenti di assenso, ha anche registrato un commento inqualificabile da parte di una persona che, come si legge [&hellip;]<\/p>\n","protected":false},"author":2,"featured_media":0,"comment_status":"open","ping_status":"open","sticky":false,"template":"","format":"standard","meta":{"jetpack_post_was_ever_published":false,"_jetpack_newsletter_access":"","_jetpack_dont_email_post_to_subs":false,"_jetpack_newsletter_tier_id":0,"_jetpack_memberships_contains_paywalled_content":false,"_jetpack_memberships_contains_paid_content":false,"footnotes":""},"categories":[20,45,136],"tags":[36,5,18,13,43,62,138,12,14,15,50,137,44],"class_list":["post-520","post","type-post","status-publish","format-standard","hentry","category-architettura","category-arte","category-soprintendenze","tag-architetti","tag-architettura","tag-architettura-tradizionale","tag-archmazzola","tag-arte","tag-arte-contemporanea","tag-contaminazioni-artistiche","tag-ettore-maria-mazzola","tag-ettore-mazzola","tag-mazzola","tag-ministro-dei-beni-culturali","tag-soprintendenza","tag-storia-dellarte","clearfix"],"yoast_head":"<!-- This site is optimized with the Yoast SEO plugin v27.3 - https:\/\/yoast.com\/product\/yoast-seo-wordpress\/ -->\r\n<title>Il nostro Patrimonio ha bisogno di un vaccino contro le contaminazioni artistiche - virtutem forma decorat<\/title>\r\n<meta name=\"robots\" content=\"index, follow, max-snippet:-1, max-image-preview:large, max-video-preview:-1\" \/>\r\n<link rel=\"canonical\" href=\"https:\/\/www.picweb.it\/emm\/blog\/index.php\/2017\/07\/19\/il-nostro-patrimonio-ha-bisogno-di-un-vaccino-contro-le-contaminazioni-artistiche\/\" \/>\r\n<meta property=\"og:locale\" content=\"it_IT\" \/>\r\n<meta property=\"og:type\" content=\"article\" \/>\r\n<meta property=\"og:title\" content=\"Il nostro Patrimonio ha bisogno di un vaccino contro le contaminazioni artistiche - virtutem forma decorat\" \/>\r\n<meta property=\"og:description\" content=\"Il mio ultimo post sulle Soprintendenze[1] e sugli scempi realizzati in danno ai nostri Beni artistici e monumentali, oltre che i molti commenti di assenso, ha anche registrato un commento inqualificabile da parte di una persona che, come si legge [&hellip;]\" \/>\r\n<meta property=\"og:url\" content=\"https:\/\/www.picweb.it\/emm\/blog\/index.php\/2017\/07\/19\/il-nostro-patrimonio-ha-bisogno-di-un-vaccino-contro-le-contaminazioni-artistiche\/\" \/>\r\n<meta property=\"og:site_name\" content=\"virtutem forma decorat\" \/>\r\n<meta property=\"article:published_time\" content=\"2017-07-19T13:39:15+00:00\" \/>\r\n<meta property=\"article:modified_time\" content=\"2017-11-11T09:47:21+00:00\" \/>\r\n<meta property=\"og:image\" content=\"http:\/\/www.picweb.it\/emm\/blog\/wp-content\/uploads\/2017\/07\/le-mani-giganti-di-Venezia.jpg\" \/>\r\n<meta name=\"author\" content=\"emmazzola\" \/>\r\n<meta name=\"twitter:card\" content=\"summary_large_image\" \/>\r\n<meta name=\"twitter:creator\" content=\"@ettore_mazzola\" \/>\r\n<meta name=\"twitter:site\" content=\"@ettore_mazzola\" \/>\r\n<meta name=\"twitter:label1\" content=\"Scritto da\" \/>\n\t<meta name=\"twitter:data1\" content=\"emmazzola\" \/>\n\t<meta name=\"twitter:label2\" content=\"Tempo di lettura stimato\" \/>\n\t<meta name=\"twitter:data2\" content=\"9 minuti\" \/>\r\n<script type=\"application\/ld+json\" class=\"yoast-schema-graph\">{\"@context\":\"https:\\\/\\\/schema.org\",\"@graph\":[{\"@type\":\"Article\",\"@id\":\"https:\\\/\\\/www.picweb.it\\\/emm\\\/blog\\\/index.php\\\/2017\\\/07\\\/19\\\/il-nostro-patrimonio-ha-bisogno-di-un-vaccino-contro-le-contaminazioni-artistiche\\\/#article\",\"isPartOf\":{\"@id\":\"https:\\\/\\\/www.picweb.it\\\/emm\\\/blog\\\/index.php\\\/2017\\\/07\\\/19\\\/il-nostro-patrimonio-ha-bisogno-di-un-vaccino-contro-le-contaminazioni-artistiche\\\/\"},\"author\":{\"name\":\"emmazzola\",\"@id\":\"http:\\\/\\\/www.picweb.it\\\/emm\\\/blog\\\/#\\\/schema\\\/person\\\/e29c0dd15f13008bd4c7682e6130977f\"},\"headline\":\"Il nostro Patrimonio ha bisogno di un vaccino contro le contaminazioni artistiche\",\"datePublished\":\"2017-07-19T13:39:15+00:00\",\"dateModified\":\"2017-11-11T09:47:21+00:00\",\"mainEntityOfPage\":{\"@id\":\"https:\\\/\\\/www.picweb.it\\\/emm\\\/blog\\\/index.php\\\/2017\\\/07\\\/19\\\/il-nostro-patrimonio-ha-bisogno-di-un-vaccino-contro-le-contaminazioni-artistiche\\\/\"},\"wordCount\":1792,\"commentCount\":10,\"publisher\":{\"@id\":\"http:\\\/\\\/www.picweb.it\\\/emm\\\/blog\\\/#\\\/schema\\\/person\\\/e29c0dd15f13008bd4c7682e6130977f\"},\"image\":{\"@id\":\"https:\\\/\\\/www.picweb.it\\\/emm\\\/blog\\\/index.php\\\/2017\\\/07\\\/19\\\/il-nostro-patrimonio-ha-bisogno-di-un-vaccino-contro-le-contaminazioni-artistiche\\\/#primaryimage\"},\"thumbnailUrl\":\"http:\\\/\\\/www.picweb.it\\\/emm\\\/blog\\\/wp-content\\\/uploads\\\/2017\\\/07\\\/le-mani-giganti-di-Venezia.jpg\",\"keywords\":[\"architetti\",\"architettura\",\"architettura tradizionale\",\"archmazzola\",\"arte\",\"arte contemporanea\",\"contaminazioni artistiche\",\"ettore maria mazzola\",\"ettore mazzola\",\"mazzola\",\"ministro dei beni culturali\",\"soprintendenza\",\"storia dell'arte\"],\"articleSection\":[\"Architettura\",\"Arte\",\"Soprintendenze\"],\"inLanguage\":\"it-IT\",\"potentialAction\":[{\"@type\":\"CommentAction\",\"name\":\"Comment\",\"target\":[\"https:\\\/\\\/www.picweb.it\\\/emm\\\/blog\\\/index.php\\\/2017\\\/07\\\/19\\\/il-nostro-patrimonio-ha-bisogno-di-un-vaccino-contro-le-contaminazioni-artistiche\\\/#respond\"]}]},{\"@type\":\"WebPage\",\"@id\":\"https:\\\/\\\/www.picweb.it\\\/emm\\\/blog\\\/index.php\\\/2017\\\/07\\\/19\\\/il-nostro-patrimonio-ha-bisogno-di-un-vaccino-contro-le-contaminazioni-artistiche\\\/\",\"url\":\"https:\\\/\\\/www.picweb.it\\\/emm\\\/blog\\\/index.php\\\/2017\\\/07\\\/19\\\/il-nostro-patrimonio-ha-bisogno-di-un-vaccino-contro-le-contaminazioni-artistiche\\\/\",\"name\":\"Il nostro Patrimonio ha bisogno di un vaccino contro le contaminazioni artistiche - virtutem forma decorat\",\"isPartOf\":{\"@id\":\"http:\\\/\\\/www.picweb.it\\\/emm\\\/blog\\\/#website\"},\"primaryImageOfPage\":{\"@id\":\"https:\\\/\\\/www.picweb.it\\\/emm\\\/blog\\\/index.php\\\/2017\\\/07\\\/19\\\/il-nostro-patrimonio-ha-bisogno-di-un-vaccino-contro-le-contaminazioni-artistiche\\\/#primaryimage\"},\"image\":{\"@id\":\"https:\\\/\\\/www.picweb.it\\\/emm\\\/blog\\\/index.php\\\/2017\\\/07\\\/19\\\/il-nostro-patrimonio-ha-bisogno-di-un-vaccino-contro-le-contaminazioni-artistiche\\\/#primaryimage\"},\"thumbnailUrl\":\"http:\\\/\\\/www.picweb.it\\\/emm\\\/blog\\\/wp-content\\\/uploads\\\/2017\\\/07\\\/le-mani-giganti-di-Venezia.jpg\",\"datePublished\":\"2017-07-19T13:39:15+00:00\",\"dateModified\":\"2017-11-11T09:47:21+00:00\",\"breadcrumb\":{\"@id\":\"https:\\\/\\\/www.picweb.it\\\/emm\\\/blog\\\/index.php\\\/2017\\\/07\\\/19\\\/il-nostro-patrimonio-ha-bisogno-di-un-vaccino-contro-le-contaminazioni-artistiche\\\/#breadcrumb\"},\"inLanguage\":\"it-IT\",\"potentialAction\":[{\"@type\":\"ReadAction\",\"target\":[\"https:\\\/\\\/www.picweb.it\\\/emm\\\/blog\\\/index.php\\\/2017\\\/07\\\/19\\\/il-nostro-patrimonio-ha-bisogno-di-un-vaccino-contro-le-contaminazioni-artistiche\\\/\"]}]},{\"@type\":\"ImageObject\",\"inLanguage\":\"it-IT\",\"@id\":\"https:\\\/\\\/www.picweb.it\\\/emm\\\/blog\\\/index.php\\\/2017\\\/07\\\/19\\\/il-nostro-patrimonio-ha-bisogno-di-un-vaccino-contro-le-contaminazioni-artistiche\\\/#primaryimage\",\"url\":\"http:\\\/\\\/www.picweb.it\\\/emm\\\/blog\\\/wp-content\\\/uploads\\\/2017\\\/07\\\/le-mani-giganti-di-Venezia.jpg\",\"contentUrl\":\"http:\\\/\\\/www.picweb.it\\\/emm\\\/blog\\\/wp-content\\\/uploads\\\/2017\\\/07\\\/le-mani-giganti-di-Venezia.jpg\",\"width\":834,\"height\":437,\"caption\":\"Venezia, Biennale 2017, l\u2019opera \u201cSupport\u201d di Lorenzo Quinn\"},{\"@type\":\"BreadcrumbList\",\"@id\":\"https:\\\/\\\/www.picweb.it\\\/emm\\\/blog\\\/index.php\\\/2017\\\/07\\\/19\\\/il-nostro-patrimonio-ha-bisogno-di-un-vaccino-contro-le-contaminazioni-artistiche\\\/#breadcrumb\",\"itemListElement\":[{\"@type\":\"ListItem\",\"position\":1,\"name\":\"Home\",\"item\":\"http:\\\/\\\/www.picweb.it\\\/emm\\\/blog\\\/\"},{\"@type\":\"ListItem\",\"position\":2,\"name\":\"Il nostro Patrimonio ha bisogno di un vaccino contro le contaminazioni artistiche\"}]},{\"@type\":\"WebSite\",\"@id\":\"http:\\\/\\\/www.picweb.it\\\/emm\\\/blog\\\/#website\",\"url\":\"http:\\\/\\\/www.picweb.it\\\/emm\\\/blog\\\/\",\"name\":\"virtutem forma decorat\",\"description\":\"The new Architectural blog\",\"publisher\":{\"@id\":\"http:\\\/\\\/www.picweb.it\\\/emm\\\/blog\\\/#\\\/schema\\\/person\\\/e29c0dd15f13008bd4c7682e6130977f\"},\"potentialAction\":[{\"@type\":\"SearchAction\",\"target\":{\"@type\":\"EntryPoint\",\"urlTemplate\":\"http:\\\/\\\/www.picweb.it\\\/emm\\\/blog\\\/?s={search_term_string}\"},\"query-input\":{\"@type\":\"PropertyValueSpecification\",\"valueRequired\":true,\"valueName\":\"search_term_string\"}}],\"inLanguage\":\"it-IT\"},{\"@type\":[\"Person\",\"Organization\"],\"@id\":\"http:\\\/\\\/www.picweb.it\\\/emm\\\/blog\\\/#\\\/schema\\\/person\\\/e29c0dd15f13008bd4c7682e6130977f\",\"name\":\"emmazzola\",\"image\":{\"@type\":\"ImageObject\",\"inLanguage\":\"it-IT\",\"@id\":\"http:\\\/\\\/www.picweb.it\\\/emm\\\/blog\\\/wp-content\\\/uploads\\\/2017\\\/05\\\/cropped-logoVirtutemFormaDecorat_Whigher.png\",\"url\":\"http:\\\/\\\/www.picweb.it\\\/emm\\\/blog\\\/wp-content\\\/uploads\\\/2017\\\/05\\\/cropped-logoVirtutemFormaDecorat_Whigher.png\",\"contentUrl\":\"http:\\\/\\\/www.picweb.it\\\/emm\\\/blog\\\/wp-content\\\/uploads\\\/2017\\\/05\\\/cropped-logoVirtutemFormaDecorat_Whigher.png\",\"width\":200,\"height\":79,\"caption\":\"emmazzola\"},\"logo\":{\"@id\":\"http:\\\/\\\/www.picweb.it\\\/emm\\\/blog\\\/wp-content\\\/uploads\\\/2017\\\/05\\\/cropped-logoVirtutemFormaDecorat_Whigher.png\"},\"url\":\"http:\\\/\\\/www.picweb.it\\\/emm\\\/blog\\\/index.php\\\/author\\\/emmazzola\\\/\"}]}<\/script>\r\n<!-- \/ Yoast SEO plugin. -->","yoast_head_json":{"title":"Il nostro Patrimonio ha bisogno di un vaccino contro le contaminazioni artistiche - virtutem forma decorat","robots":{"index":"index","follow":"follow","max-snippet":"max-snippet:-1","max-image-preview":"max-image-preview:large","max-video-preview":"max-video-preview:-1"},"canonical":"https:\/\/www.picweb.it\/emm\/blog\/index.php\/2017\/07\/19\/il-nostro-patrimonio-ha-bisogno-di-un-vaccino-contro-le-contaminazioni-artistiche\/","og_locale":"it_IT","og_type":"article","og_title":"Il nostro Patrimonio ha bisogno di un vaccino contro le contaminazioni artistiche - virtutem forma decorat","og_description":"Il mio ultimo post sulle Soprintendenze[1] e sugli scempi realizzati in danno ai nostri Beni artistici e monumentali, oltre che i molti commenti di assenso, ha anche registrato un commento inqualificabile da parte di una persona che, come si legge [&hellip;]","og_url":"https:\/\/www.picweb.it\/emm\/blog\/index.php\/2017\/07\/19\/il-nostro-patrimonio-ha-bisogno-di-un-vaccino-contro-le-contaminazioni-artistiche\/","og_site_name":"virtutem forma decorat","article_published_time":"2017-07-19T13:39:15+00:00","article_modified_time":"2017-11-11T09:47:21+00:00","og_image":[{"url":"http:\/\/www.picweb.it\/emm\/blog\/wp-content\/uploads\/2017\/07\/le-mani-giganti-di-Venezia.jpg","type":"","width":"","height":""}],"author":"emmazzola","twitter_card":"summary_large_image","twitter_creator":"@ettore_mazzola","twitter_site":"@ettore_mazzola","twitter_misc":{"Scritto da":"emmazzola","Tempo di lettura stimato":"9 minuti"},"schema":{"@context":"https:\/\/schema.org","@graph":[{"@type":"Article","@id":"https:\/\/www.picweb.it\/emm\/blog\/index.php\/2017\/07\/19\/il-nostro-patrimonio-ha-bisogno-di-un-vaccino-contro-le-contaminazioni-artistiche\/#article","isPartOf":{"@id":"https:\/\/www.picweb.it\/emm\/blog\/index.php\/2017\/07\/19\/il-nostro-patrimonio-ha-bisogno-di-un-vaccino-contro-le-contaminazioni-artistiche\/"},"author":{"name":"emmazzola","@id":"http:\/\/www.picweb.it\/emm\/blog\/#\/schema\/person\/e29c0dd15f13008bd4c7682e6130977f"},"headline":"Il nostro Patrimonio ha bisogno di un vaccino contro le contaminazioni artistiche","datePublished":"2017-07-19T13:39:15+00:00","dateModified":"2017-11-11T09:47:21+00:00","mainEntityOfPage":{"@id":"https:\/\/www.picweb.it\/emm\/blog\/index.php\/2017\/07\/19\/il-nostro-patrimonio-ha-bisogno-di-un-vaccino-contro-le-contaminazioni-artistiche\/"},"wordCount":1792,"commentCount":10,"publisher":{"@id":"http:\/\/www.picweb.it\/emm\/blog\/#\/schema\/person\/e29c0dd15f13008bd4c7682e6130977f"},"image":{"@id":"https:\/\/www.picweb.it\/emm\/blog\/index.php\/2017\/07\/19\/il-nostro-patrimonio-ha-bisogno-di-un-vaccino-contro-le-contaminazioni-artistiche\/#primaryimage"},"thumbnailUrl":"http:\/\/www.picweb.it\/emm\/blog\/wp-content\/uploads\/2017\/07\/le-mani-giganti-di-Venezia.jpg","keywords":["architetti","architettura","architettura tradizionale","archmazzola","arte","arte contemporanea","contaminazioni artistiche","ettore maria mazzola","ettore mazzola","mazzola","ministro dei beni culturali","soprintendenza","storia dell'arte"],"articleSection":["Architettura","Arte","Soprintendenze"],"inLanguage":"it-IT","potentialAction":[{"@type":"CommentAction","name":"Comment","target":["https:\/\/www.picweb.it\/emm\/blog\/index.php\/2017\/07\/19\/il-nostro-patrimonio-ha-bisogno-di-un-vaccino-contro-le-contaminazioni-artistiche\/#respond"]}]},{"@type":"WebPage","@id":"https:\/\/www.picweb.it\/emm\/blog\/index.php\/2017\/07\/19\/il-nostro-patrimonio-ha-bisogno-di-un-vaccino-contro-le-contaminazioni-artistiche\/","url":"https:\/\/www.picweb.it\/emm\/blog\/index.php\/2017\/07\/19\/il-nostro-patrimonio-ha-bisogno-di-un-vaccino-contro-le-contaminazioni-artistiche\/","name":"Il nostro Patrimonio ha bisogno di un vaccino contro le contaminazioni artistiche - virtutem forma decorat","isPartOf":{"@id":"http:\/\/www.picweb.it\/emm\/blog\/#website"},"primaryImageOfPage":{"@id":"https:\/\/www.picweb.it\/emm\/blog\/index.php\/2017\/07\/19\/il-nostro-patrimonio-ha-bisogno-di-un-vaccino-contro-le-contaminazioni-artistiche\/#primaryimage"},"image":{"@id":"https:\/\/www.picweb.it\/emm\/blog\/index.php\/2017\/07\/19\/il-nostro-patrimonio-ha-bisogno-di-un-vaccino-contro-le-contaminazioni-artistiche\/#primaryimage"},"thumbnailUrl":"http:\/\/www.picweb.it\/emm\/blog\/wp-content\/uploads\/2017\/07\/le-mani-giganti-di-Venezia.jpg","datePublished":"2017-07-19T13:39:15+00:00","dateModified":"2017-11-11T09:47:21+00:00","breadcrumb":{"@id":"https:\/\/www.picweb.it\/emm\/blog\/index.php\/2017\/07\/19\/il-nostro-patrimonio-ha-bisogno-di-un-vaccino-contro-le-contaminazioni-artistiche\/#breadcrumb"},"inLanguage":"it-IT","potentialAction":[{"@type":"ReadAction","target":["https:\/\/www.picweb.it\/emm\/blog\/index.php\/2017\/07\/19\/il-nostro-patrimonio-ha-bisogno-di-un-vaccino-contro-le-contaminazioni-artistiche\/"]}]},{"@type":"ImageObject","inLanguage":"it-IT","@id":"https:\/\/www.picweb.it\/emm\/blog\/index.php\/2017\/07\/19\/il-nostro-patrimonio-ha-bisogno-di-un-vaccino-contro-le-contaminazioni-artistiche\/#primaryimage","url":"http:\/\/www.picweb.it\/emm\/blog\/wp-content\/uploads\/2017\/07\/le-mani-giganti-di-Venezia.jpg","contentUrl":"http:\/\/www.picweb.it\/emm\/blog\/wp-content\/uploads\/2017\/07\/le-mani-giganti-di-Venezia.jpg","width":834,"height":437,"caption":"Venezia, Biennale 2017, l\u2019opera \u201cSupport\u201d di Lorenzo Quinn"},{"@type":"BreadcrumbList","@id":"https:\/\/www.picweb.it\/emm\/blog\/index.php\/2017\/07\/19\/il-nostro-patrimonio-ha-bisogno-di-un-vaccino-contro-le-contaminazioni-artistiche\/#breadcrumb","itemListElement":[{"@type":"ListItem","position":1,"name":"Home","item":"http:\/\/www.picweb.it\/emm\/blog\/"},{"@type":"ListItem","position":2,"name":"Il nostro Patrimonio ha bisogno di un vaccino contro le contaminazioni artistiche"}]},{"@type":"WebSite","@id":"http:\/\/www.picweb.it\/emm\/blog\/#website","url":"http:\/\/www.picweb.it\/emm\/blog\/","name":"virtutem forma decorat","description":"The new Architectural blog","publisher":{"@id":"http:\/\/www.picweb.it\/emm\/blog\/#\/schema\/person\/e29c0dd15f13008bd4c7682e6130977f"},"potentialAction":[{"@type":"SearchAction","target":{"@type":"EntryPoint","urlTemplate":"http:\/\/www.picweb.it\/emm\/blog\/?s={search_term_string}"},"query-input":{"@type":"PropertyValueSpecification","valueRequired":true,"valueName":"search_term_string"}}],"inLanguage":"it-IT"},{"@type":["Person","Organization"],"@id":"http:\/\/www.picweb.it\/emm\/blog\/#\/schema\/person\/e29c0dd15f13008bd4c7682e6130977f","name":"emmazzola","image":{"@type":"ImageObject","inLanguage":"it-IT","@id":"http:\/\/www.picweb.it\/emm\/blog\/wp-content\/uploads\/2017\/05\/cropped-logoVirtutemFormaDecorat_Whigher.png","url":"http:\/\/www.picweb.it\/emm\/blog\/wp-content\/uploads\/2017\/05\/cropped-logoVirtutemFormaDecorat_Whigher.png","contentUrl":"http:\/\/www.picweb.it\/emm\/blog\/wp-content\/uploads\/2017\/05\/cropped-logoVirtutemFormaDecorat_Whigher.png","width":200,"height":79,"caption":"emmazzola"},"logo":{"@id":"http:\/\/www.picweb.it\/emm\/blog\/wp-content\/uploads\/2017\/05\/cropped-logoVirtutemFormaDecorat_Whigher.png"},"url":"http:\/\/www.picweb.it\/emm\/blog\/index.php\/author\/emmazzola\/"}]}},"jetpack_featured_media_url":"","jetpack_sharing_enabled":true,"jetpack_shortlink":"https:\/\/wp.me\/p8HWjS-8o","jetpack-related-posts":[],"jetpack_likes_enabled":true,"_links":{"self":[{"href":"http:\/\/www.picweb.it\/emm\/blog\/index.php\/wp-json\/wp\/v2\/posts\/520","targetHints":{"allow":["GET"]}}],"collection":[{"href":"http:\/\/www.picweb.it\/emm\/blog\/index.php\/wp-json\/wp\/v2\/posts"}],"about":[{"href":"http:\/\/www.picweb.it\/emm\/blog\/index.php\/wp-json\/wp\/v2\/types\/post"}],"author":[{"embeddable":true,"href":"http:\/\/www.picweb.it\/emm\/blog\/index.php\/wp-json\/wp\/v2\/users\/2"}],"replies":[{"embeddable":true,"href":"http:\/\/www.picweb.it\/emm\/blog\/index.php\/wp-json\/wp\/v2\/comments?post=520"}],"version-history":[{"count":4,"href":"http:\/\/www.picweb.it\/emm\/blog\/index.php\/wp-json\/wp\/v2\/posts\/520\/revisions"}],"predecessor-version":[{"id":826,"href":"http:\/\/www.picweb.it\/emm\/blog\/index.php\/wp-json\/wp\/v2\/posts\/520\/revisions\/826"}],"wp:attachment":[{"href":"http:\/\/www.picweb.it\/emm\/blog\/index.php\/wp-json\/wp\/v2\/media?parent=520"}],"wp:term":[{"taxonomy":"category","embeddable":true,"href":"http:\/\/www.picweb.it\/emm\/blog\/index.php\/wp-json\/wp\/v2\/categories?post=520"},{"taxonomy":"post_tag","embeddable":true,"href":"http:\/\/www.picweb.it\/emm\/blog\/index.php\/wp-json\/wp\/v2\/tags?post=520"}],"curies":[{"name":"wp","href":"https:\/\/api.w.org\/{rel}","templated":true}]}}