{"id":459,"date":"2017-06-28T10:25:12","date_gmt":"2017-06-28T08:25:12","guid":{"rendered":"http:\/\/www.picweb.it\/emm\/blog\/?p=459"},"modified":"2017-06-28T16:56:14","modified_gmt":"2017-06-28T14:56:14","slug":"periferie-griffate-quando-il-cattivo-esempio-viene-dallalto-le-ragioni-della-difesa-dellindifendibile-da-parte-del-mondo-accademico","status":"publish","type":"post","link":"http:\/\/www.picweb.it\/emm\/blog\/index.php\/2017\/06\/28\/periferie-griffate-quando-il-cattivo-esempio-viene-dallalto-le-ragioni-della-difesa-dellindifendibile-da-parte-del-mondo-accademico\/","title":{"rendered":"Periferie griffate \u2013 quando il cattivo esempio viene dall\u2019alto  Le ragioni della difesa dell\u2019indifendibile da parte del mondo accademico"},"content":{"rendered":"<p>Qualche anno fa, dopo che sulle pagine de \u201c<em>Il Tempo<\/em>\u201d e di \u201c<em>Affari Italiani<\/em>\u201d venne resa (parzialmente) nota la mia proposta di demolizione graduale e sostituzione del complesso di case popolari \u201c<em>Corviale<\/em>\u201d di Roma, altri progetti e proposte presero vita. Per esempio il progetto di demolizione e sostituzione del quartiere popolare di \u201c<em>Tor Bella Monaca<\/em>\u201d da parte di un gruppo di architetti romani vicini al sindaco Alemanno, che si avvalsero della consulenza carismatica di L\u00e9on Krier. Il 16 luglio dello stesso anno, <em>La Repubblica<\/em> annunciava il possibile abbattimento di una nuova porzione del <em>Laurentino 38<\/em>. \u2026 Diverse pubblicazioni fecero eco, in Italia e all\u2019estero, al \u201c<em>vento nuovo<\/em>\u201d che soffiava sulle orribili periferie della Capitale, cosa che gett\u00f2 nel panico gli \u201c<em>accademici<\/em>\u201d locali che reagirono esprimendo preoccupazione, in difesa delle creature di cemento che \u2013 \u00e8 ormai evidente \u2013 piacciono solo a loro. Ne segu\u00ec un\u2019aspra polemica pubblica sul sistema universitario responsabile di aver teorizzato e progettato autentici orrori urbani.<\/p>\n<figure id=\"attachment_460\" aria-describedby=\"caption-attachment-460\" style=\"width: 1255px\" class=\"wp-caption aligncenter\"><img fetchpriority=\"high\" decoding=\"async\" data-attachment-id=\"460\" data-permalink=\"http:\/\/www.picweb.it\/emm\/blog\/index.php\/2017\/06\/28\/periferie-griffate-quando-il-cattivo-esempio-viene-dallalto-le-ragioni-della-difesa-dellindifendibile-da-parte-del-mondo-accademico\/planimetria-corviale-rid-prima-e-dopo-2\/\" data-orig-file=\"http:\/\/www.picweb.it\/emm\/blog\/wp-content\/uploads\/2017\/06\/planimetria-Corviale-rid-prima-e-dopo-2.jpg\" data-orig-size=\"1142,1457\" data-comments-opened=\"1\" data-image-meta=\"{&quot;aperture&quot;:&quot;0&quot;,&quot;credit&quot;:&quot;&quot;,&quot;camera&quot;:&quot;&quot;,&quot;caption&quot;:&quot;&quot;,&quot;created_timestamp&quot;:&quot;0&quot;,&quot;copyright&quot;:&quot;&quot;,&quot;focal_length&quot;:&quot;0&quot;,&quot;iso&quot;:&quot;0&quot;,&quot;shutter_speed&quot;:&quot;0&quot;,&quot;title&quot;:&quot;&quot;,&quot;orientation&quot;:&quot;0&quot;}\" data-image-title=\"planimetria Corviale rid prima e dopo (2)\" data-image-description=\"\" data-image-caption=\"&lt;p&gt;Corviale prima e dopo&lt;\/p&gt;\n\" data-large-file=\"http:\/\/www.picweb.it\/emm\/blog\/wp-content\/uploads\/2017\/06\/planimetria-Corviale-rid-prima-e-dopo-2-803x1024.jpg\" class=\" wp-image-460\" src=\"http:\/\/www.picweb.it\/emm\/blog\/wp-content\/uploads\/2017\/06\/planimetria-Corviale-rid-prima-e-dopo-2.jpg\" alt=\"\" width=\"1255\" height=\"1601\" srcset=\"http:\/\/www.picweb.it\/emm\/blog\/wp-content\/uploads\/2017\/06\/planimetria-Corviale-rid-prima-e-dopo-2.jpg 1142w, http:\/\/www.picweb.it\/emm\/blog\/wp-content\/uploads\/2017\/06\/planimetria-Corviale-rid-prima-e-dopo-2-235x300.jpg 235w, http:\/\/www.picweb.it\/emm\/blog\/wp-content\/uploads\/2017\/06\/planimetria-Corviale-rid-prima-e-dopo-2-768x980.jpg 768w, http:\/\/www.picweb.it\/emm\/blog\/wp-content\/uploads\/2017\/06\/planimetria-Corviale-rid-prima-e-dopo-2-803x1024.jpg 803w, http:\/\/www.picweb.it\/emm\/blog\/wp-content\/uploads\/2017\/06\/planimetria-Corviale-rid-prima-e-dopo-2-700x893.jpg 700w, http:\/\/www.picweb.it\/emm\/blog\/wp-content\/uploads\/2017\/06\/planimetria-Corviale-rid-prima-e-dopo-2-520x663.jpg 520w, http:\/\/www.picweb.it\/emm\/blog\/wp-content\/uploads\/2017\/06\/planimetria-Corviale-rid-prima-e-dopo-2-360x459.jpg 360w, http:\/\/www.picweb.it\/emm\/blog\/wp-content\/uploads\/2017\/06\/planimetria-Corviale-rid-prima-e-dopo-2-250x319.jpg 250w, http:\/\/www.picweb.it\/emm\/blog\/wp-content\/uploads\/2017\/06\/planimetria-Corviale-rid-prima-e-dopo-2-100x128.jpg 100w\" sizes=\"(max-width: 1255px) 100vw, 1255px\" \/><figcaption id=\"caption-attachment-460\" class=\"wp-caption-text\">Corviale prima e dopo<\/figcaption><\/figure>\n<p>Ieri, a seguito del post dedicato al mio intervento al convegno <em>RoweRome2017<\/em>, post nel quale criticavo i \u201c<em>cattivi maestri<\/em>\u201d che qualcuno, nelle universit\u00e0, continua a considerare dei modelli cui ispirarsi ho potuto verificare quanti docenti e colleghi difendano ancora strenuamente l\u2019indifendibile, eventualmente anche passando all\u2019offesa personale nei miei confronti per assenza di argomentazioni colte e sostenibili \u2026 una vera vergogna della quale, purtroppo, molto difficilmente la gente comune verr\u00e0 a conoscenza.<\/p>\n<p>E allora, a beneficio della gente comune (e dei colleghi che non riescono a tagliare il cordone ombelicale che li tiene legati ai loro \u201cmaestri\u201d), riporto qualche informazione profilattica contro il lavaggio del cervello.<\/p>\n<p>Corviale, Tor Bella Monaca, Laurentino 38, e altri complessi periferici, non sono nati per caso. Essi sono tutti figli delle teorie urbanistiche degli anni \u201960 e della speculazione, falsamente giustificata dal bisogno di costruire velocemente e a costi contenuti case economiche!<\/p>\n<p>Quei complessi popolari mostrano il vero volto di una politica che ha massacrato tante citt\u00e0 d\u2019Italia. Il <em>Laurentino 38<\/em>, per esempio, fu realizzato su progetto del Prof. Arch. Pietro Barucci, demolendo una serie di borgate e borghetti &#8220;<em>autocostruiti<\/em>&#8220;. Parteciparono all\u2019impresa il Comune di Roma \u2013 per tramite dello IACP \u2013 e delle cooperative private. Oggi, come si pu\u00f2 leggere nella rete, nell\u2019immaginario collettivo romano, \u201c<em>il Laurentino 38<\/em> <em>\u00e8 una sorta di ghetto malfamato \u2013 quasi un Bronx alla romana \u2013 dovuto ad una massiccia casistica di microcriminalit\u00e0 o di criminalit\u00e0 pi\u00f9 o meno organizzata, di violenze e di traffico di droga<\/em>\u201d. Nel 2006, a furor di popolo, una parte del quartiere venne demolita, ma alcuni docenti universitari, in difesa del progettista loro collega, gridarono all\u2019azione \u201c<em>di destra<\/em>\u201d, contro l\u2019architettura promossa dalle giunte di sinistra! Eppure l\u2019urbanistica anti socializzante non viene dalla sinistra n\u00e9 dalla destra, ma dall\u2019ideologia di Le Corbusier, losco personaggio sponsorizzato dal produttore automobilistico Voisin che, in pi\u00f9 di un\u2019occasione, cerc\u00f2 di lavorare per Mussolini, Hitler e Stalin<a href=\"#_ftn1\" name=\"_ftnref1\">[1]<\/a>.<\/p>\n<figure id=\"attachment_466\" aria-describedby=\"caption-attachment-466\" style=\"width: 1268px\" class=\"wp-caption aligncenter\"><img decoding=\"async\" data-attachment-id=\"466\" data-permalink=\"http:\/\/www.picweb.it\/emm\/blog\/index.php\/2017\/06\/28\/periferie-griffate-quando-il-cattivo-esempio-viene-dallalto-le-ragioni-della-difesa-dellindifendibile-da-parte-del-mondo-accademico\/unita-abitazione\/\" data-orig-file=\"http:\/\/www.picweb.it\/emm\/blog\/wp-content\/uploads\/2017\/06\/Unita-abitazione.jpg\" data-orig-size=\"1200,900\" data-comments-opened=\"1\" data-image-meta=\"{&quot;aperture&quot;:&quot;0&quot;,&quot;credit&quot;:&quot;&quot;,&quot;camera&quot;:&quot;&quot;,&quot;caption&quot;:&quot;&quot;,&quot;created_timestamp&quot;:&quot;0&quot;,&quot;copyright&quot;:&quot;&quot;,&quot;focal_length&quot;:&quot;0&quot;,&quot;iso&quot;:&quot;0&quot;,&quot;shutter_speed&quot;:&quot;0&quot;,&quot;title&quot;:&quot;&quot;,&quot;orientation&quot;:&quot;0&quot;}\" data-image-title=\"Unita abitazione\" data-image-description=\"\" data-image-caption=\"&lt;p&gt;Marsiglia, (1947-\u201952 Le Corbusier), Unit\u00e9 d&amp;#8217;Habitation&lt;\/p&gt;\n\" data-large-file=\"http:\/\/www.picweb.it\/emm\/blog\/wp-content\/uploads\/2017\/06\/Unita-abitazione-1024x768.jpg\" class=\" wp-image-466\" src=\"http:\/\/www.picweb.it\/emm\/blog\/wp-content\/uploads\/2017\/06\/Unita-abitazione.jpg\" alt=\"\" width=\"1268\" height=\"951\" srcset=\"http:\/\/www.picweb.it\/emm\/blog\/wp-content\/uploads\/2017\/06\/Unita-abitazione.jpg 1200w, http:\/\/www.picweb.it\/emm\/blog\/wp-content\/uploads\/2017\/06\/Unita-abitazione-300x225.jpg 300w, http:\/\/www.picweb.it\/emm\/blog\/wp-content\/uploads\/2017\/06\/Unita-abitazione-768x576.jpg 768w, http:\/\/www.picweb.it\/emm\/blog\/wp-content\/uploads\/2017\/06\/Unita-abitazione-1024x768.jpg 1024w, http:\/\/www.picweb.it\/emm\/blog\/wp-content\/uploads\/2017\/06\/Unita-abitazione-700x525.jpg 700w, http:\/\/www.picweb.it\/emm\/blog\/wp-content\/uploads\/2017\/06\/Unita-abitazione-520x390.jpg 520w, http:\/\/www.picweb.it\/emm\/blog\/wp-content\/uploads\/2017\/06\/Unita-abitazione-360x270.jpg 360w, http:\/\/www.picweb.it\/emm\/blog\/wp-content\/uploads\/2017\/06\/Unita-abitazione-250x188.jpg 250w, http:\/\/www.picweb.it\/emm\/blog\/wp-content\/uploads\/2017\/06\/Unita-abitazione-100x75.jpg 100w\" sizes=\"(max-width: 1268px) 100vw, 1268px\" \/><figcaption id=\"caption-attachment-466\" class=\"wp-caption-text\">Marsiglia, (1947-\u201952 Le Corbusier), Unit\u00e9 d&#8217;Habitation<\/figcaption><\/figure>\n<p>Nella realt\u00e0 si tratta di un fatto ideologico in senso accademico, e non politico, se i quartieri romani pi\u00f9 demonizzati dal popolo che ci abita, sono difesi dai nostri docenti! Sono stati infatti proprio loro, tutti cattedratici della Sapienza di Roma fedeli di Le Corbusier, a progettarli: <em>Laurentino 38 <\/em>(1969-81), Pietro Barucci, A. De Rossi, L. Giovannini, C. Nucci, A. Sostegni; <em>Corviale<\/em> (1975-82), Mario Fiorentino, Federico Gorio, Piero Maria Lugli, Giulio Sterbini e Michele Valori; <em>Vigne Nuove<\/em> (1971-79) Alfredo Lambertucci, Claudio Saratti, Enrico Censon, Paolo Cercato, Emilio Labianca, Valerio Moretti, Carlo Odorisio, Giovanni De Rossi, Lucio Passarelli; <em>Spinaceto<\/em> (1965- anni \u201980) Piero Moroni, Nicola Di Cagno, Lucio Barbera, Fausto Bettinelli e Dino Di Virgilio Francione; <em>Tor Bella Monaca<\/em> (1983-92) \u2013 P. Barucci (Capogruppo), E. Piroddi, M. Casanova, G. Ruspoli, M. Ianni, A. Bentivegna, \u00a0M. Cascarano, F. Romanelli, F. Santolini, S. Delle Fratte, E. Dotto, M. Cippitelli, A. Santolini; <em>Vigna Murata<\/em> (1972-78),\u00a0 Gianfranco Moneta con Giuseppe Santulli Sanzo e Castellini, Cavatorta, Dar\u00f2, Puccioni, Ray, Moretti, Chiucini.<\/p>\n<figure id=\"attachment_467\" aria-describedby=\"caption-attachment-467\" style=\"width: 1263px\" class=\"wp-caption aligncenter\"><img decoding=\"async\" data-attachment-id=\"467\" data-permalink=\"http:\/\/www.picweb.it\/emm\/blog\/index.php\/2017\/06\/28\/periferie-griffate-quando-il-cattivo-esempio-viene-dallalto-le-ragioni-della-difesa-dellindifendibile-da-parte-del-mondo-accademico\/laurentino-38-dallalto\/\" data-orig-file=\"http:\/\/www.picweb.it\/emm\/blog\/wp-content\/uploads\/2017\/06\/Laurentino-38-dallalto.jpg\" data-orig-size=\"2000,1355\" data-comments-opened=\"1\" data-image-meta=\"{&quot;aperture&quot;:&quot;0&quot;,&quot;credit&quot;:&quot;&quot;,&quot;camera&quot;:&quot;&quot;,&quot;caption&quot;:&quot;&quot;,&quot;created_timestamp&quot;:&quot;0&quot;,&quot;copyright&quot;:&quot;&quot;,&quot;focal_length&quot;:&quot;0&quot;,&quot;iso&quot;:&quot;0&quot;,&quot;shutter_speed&quot;:&quot;0&quot;,&quot;title&quot;:&quot;&quot;,&quot;orientation&quot;:&quot;0&quot;}\" data-image-title=\"Laurentino 38 dall&amp;#8217;alto\" data-image-description=\"\" data-image-caption=\"&lt;p&gt;Quartiere Laurentino 38, detto \u201cI Ponti\u201d (1969-81), Piero Barucci, A. De Rossi, L. Giovannini, C. Nucci, A. Sostegni&lt;\/p&gt;\n\" data-large-file=\"http:\/\/www.picweb.it\/emm\/blog\/wp-content\/uploads\/2017\/06\/Laurentino-38-dallalto-1024x694.jpg\" class=\" wp-image-467\" src=\"http:\/\/www.picweb.it\/emm\/blog\/wp-content\/uploads\/2017\/06\/Laurentino-38-dallalto.jpg\" alt=\"\" width=\"1263\" height=\"856\" srcset=\"http:\/\/www.picweb.it\/emm\/blog\/wp-content\/uploads\/2017\/06\/Laurentino-38-dallalto.jpg 2000w, http:\/\/www.picweb.it\/emm\/blog\/wp-content\/uploads\/2017\/06\/Laurentino-38-dallalto-300x203.jpg 300w, http:\/\/www.picweb.it\/emm\/blog\/wp-content\/uploads\/2017\/06\/Laurentino-38-dallalto-768x520.jpg 768w, http:\/\/www.picweb.it\/emm\/blog\/wp-content\/uploads\/2017\/06\/Laurentino-38-dallalto-1024x694.jpg 1024w, http:\/\/www.picweb.it\/emm\/blog\/wp-content\/uploads\/2017\/06\/Laurentino-38-dallalto-700x474.jpg 700w, http:\/\/www.picweb.it\/emm\/blog\/wp-content\/uploads\/2017\/06\/Laurentino-38-dallalto-520x352.jpg 520w, http:\/\/www.picweb.it\/emm\/blog\/wp-content\/uploads\/2017\/06\/Laurentino-38-dallalto-360x244.jpg 360w, http:\/\/www.picweb.it\/emm\/blog\/wp-content\/uploads\/2017\/06\/Laurentino-38-dallalto-250x169.jpg 250w, http:\/\/www.picweb.it\/emm\/blog\/wp-content\/uploads\/2017\/06\/Laurentino-38-dallalto-100x68.jpg 100w\" sizes=\"(max-width: 1263px) 100vw, 1263px\" \/><figcaption id=\"caption-attachment-467\" class=\"wp-caption-text\">Quartiere Laurentino 38, detto \u201cI Ponti\u201d (1969-81), Piero Barucci, A. De Rossi, L. Giovannini, C. Nucci, A. Sostegni<\/figcaption><\/figure>\n<figure id=\"attachment_449\" aria-describedby=\"caption-attachment-449\" style=\"width: 1265px\" class=\"wp-caption aligncenter\"><img loading=\"lazy\" decoding=\"async\" data-attachment-id=\"449\" data-permalink=\"http:\/\/www.picweb.it\/emm\/blog\/index.php\/2017\/06\/27\/difendere-lindifendibile-cui-prodest-riflessioni-dopo-il-convegno-rowerome2017\/corviale\/\" data-orig-file=\"http:\/\/www.picweb.it\/emm\/blog\/wp-content\/uploads\/2017\/06\/corviale.jpg\" data-orig-size=\"2953,1401\" data-comments-opened=\"1\" data-image-meta=\"{&quot;aperture&quot;:&quot;0&quot;,&quot;credit&quot;:&quot;&quot;,&quot;camera&quot;:&quot;&quot;,&quot;caption&quot;:&quot;&quot;,&quot;created_timestamp&quot;:&quot;1187733713&quot;,&quot;copyright&quot;:&quot;&quot;,&quot;focal_length&quot;:&quot;0&quot;,&quot;iso&quot;:&quot;0&quot;,&quot;shutter_speed&quot;:&quot;0&quot;,&quot;title&quot;:&quot;&quot;,&quot;orientation&quot;:&quot;0&quot;}\" data-image-title=\"corviale\" data-image-description=\"\" data-image-caption=\"&lt;p&gt;Vista dell\u2019agghiacciante Corviale di Roma&lt;\/p&gt;\n\" data-large-file=\"http:\/\/www.picweb.it\/emm\/blog\/wp-content\/uploads\/2017\/06\/corviale-1024x486.jpg\" class=\" wp-image-449\" src=\"http:\/\/www.picweb.it\/emm\/blog\/wp-content\/uploads\/2017\/06\/corviale.jpg\" alt=\"\" width=\"1265\" height=\"600\" srcset=\"http:\/\/www.picweb.it\/emm\/blog\/wp-content\/uploads\/2017\/06\/corviale.jpg 2953w, http:\/\/www.picweb.it\/emm\/blog\/wp-content\/uploads\/2017\/06\/corviale-300x142.jpg 300w, http:\/\/www.picweb.it\/emm\/blog\/wp-content\/uploads\/2017\/06\/corviale-768x364.jpg 768w, http:\/\/www.picweb.it\/emm\/blog\/wp-content\/uploads\/2017\/06\/corviale-1024x486.jpg 1024w, http:\/\/www.picweb.it\/emm\/blog\/wp-content\/uploads\/2017\/06\/corviale-700x332.jpg 700w, http:\/\/www.picweb.it\/emm\/blog\/wp-content\/uploads\/2017\/06\/corviale-520x247.jpg 520w, http:\/\/www.picweb.it\/emm\/blog\/wp-content\/uploads\/2017\/06\/corviale-360x171.jpg 360w, http:\/\/www.picweb.it\/emm\/blog\/wp-content\/uploads\/2017\/06\/corviale-250x119.jpg 250w, http:\/\/www.picweb.it\/emm\/blog\/wp-content\/uploads\/2017\/06\/corviale-100x47.jpg 100w\" sizes=\"(max-width: 1265px) 100vw, 1265px\" \/><figcaption id=\"caption-attachment-449\" class=\"wp-caption-text\">Il <em>Corviale<\/em> (1975-82), Mario Fiorentino, Federico Gorio, Piero Maria Lugli, Giulio Sterbini e Michele Valori<\/figcaption><\/figure>\n<figure id=\"attachment_468\" aria-describedby=\"caption-attachment-468\" style=\"width: 1268px\" class=\"wp-caption aligncenter\"><img loading=\"lazy\" decoding=\"async\" data-attachment-id=\"468\" data-permalink=\"http:\/\/www.picweb.it\/emm\/blog\/index.php\/2017\/06\/28\/periferie-griffate-quando-il-cattivo-esempio-viene-dallalto-le-ragioni-della-difesa-dellindifendibile-da-parte-del-mondo-accademico\/vigne-nuove\/\" data-orig-file=\"http:\/\/www.picweb.it\/emm\/blog\/wp-content\/uploads\/2017\/06\/vigne-nuove.jpg\" data-orig-size=\"1687,1092\" data-comments-opened=\"1\" data-image-meta=\"{&quot;aperture&quot;:&quot;0&quot;,&quot;credit&quot;:&quot;&quot;,&quot;camera&quot;:&quot;&quot;,&quot;caption&quot;:&quot;&quot;,&quot;created_timestamp&quot;:&quot;0&quot;,&quot;copyright&quot;:&quot;&quot;,&quot;focal_length&quot;:&quot;0&quot;,&quot;iso&quot;:&quot;0&quot;,&quot;shutter_speed&quot;:&quot;0&quot;,&quot;title&quot;:&quot;&quot;,&quot;orientation&quot;:&quot;0&quot;}\" data-image-title=\"vigne nuove\" data-image-description=\"\" data-image-caption=\"&lt;p&gt;Vigne Nuove (1971-79), Alfredo Lambertucci, Claudio Saratti, Enrico Censon, Paolo Cercato, Emilio Labianca, Valerio Moretti, Carlo Odorisio, Giovanni De Rossi, Lucio Passarelli&lt;\/p&gt;\n\" data-large-file=\"http:\/\/www.picweb.it\/emm\/blog\/wp-content\/uploads\/2017\/06\/vigne-nuove-1024x663.jpg\" class=\" wp-image-468\" src=\"http:\/\/www.picweb.it\/emm\/blog\/wp-content\/uploads\/2017\/06\/vigne-nuove.jpg\" alt=\"\" width=\"1268\" height=\"821\" srcset=\"http:\/\/www.picweb.it\/emm\/blog\/wp-content\/uploads\/2017\/06\/vigne-nuove.jpg 1687w, http:\/\/www.picweb.it\/emm\/blog\/wp-content\/uploads\/2017\/06\/vigne-nuove-300x194.jpg 300w, http:\/\/www.picweb.it\/emm\/blog\/wp-content\/uploads\/2017\/06\/vigne-nuove-768x497.jpg 768w, http:\/\/www.picweb.it\/emm\/blog\/wp-content\/uploads\/2017\/06\/vigne-nuove-1024x663.jpg 1024w, http:\/\/www.picweb.it\/emm\/blog\/wp-content\/uploads\/2017\/06\/vigne-nuove-700x453.jpg 700w, http:\/\/www.picweb.it\/emm\/blog\/wp-content\/uploads\/2017\/06\/vigne-nuove-520x337.jpg 520w, http:\/\/www.picweb.it\/emm\/blog\/wp-content\/uploads\/2017\/06\/vigne-nuove-360x233.jpg 360w, http:\/\/www.picweb.it\/emm\/blog\/wp-content\/uploads\/2017\/06\/vigne-nuove-250x162.jpg 250w, http:\/\/www.picweb.it\/emm\/blog\/wp-content\/uploads\/2017\/06\/vigne-nuove-100x65.jpg 100w\" sizes=\"(max-width: 1268px) 100vw, 1268px\" \/><figcaption id=\"caption-attachment-468\" class=\"wp-caption-text\">Vigne Nuove (1971-79), Alfredo Lambertucci, Claudio Saratti, Enrico Censon, Paolo Cercato, Emilio Labianca, Valerio Moretti, Carlo Odorisio, Giovanni De Rossi, Lucio Passarelli<\/figcaption><\/figure>\n<figure id=\"attachment_469\" aria-describedby=\"caption-attachment-469\" style=\"width: 1270px\" class=\"wp-caption aligncenter\"><img loading=\"lazy\" decoding=\"async\" data-attachment-id=\"469\" data-permalink=\"http:\/\/www.picweb.it\/emm\/blog\/index.php\/2017\/06\/28\/periferie-griffate-quando-il-cattivo-esempio-viene-dallalto-le-ragioni-della-difesa-dellindifendibile-da-parte-del-mondo-accademico\/spinaceto\/\" data-orig-file=\"http:\/\/www.picweb.it\/emm\/blog\/wp-content\/uploads\/2017\/06\/Spinaceto.jpg\" data-orig-size=\"1936,1296\" data-comments-opened=\"1\" data-image-meta=\"{&quot;aperture&quot;:&quot;0&quot;,&quot;credit&quot;:&quot;&quot;,&quot;camera&quot;:&quot;&quot;,&quot;caption&quot;:&quot;&quot;,&quot;created_timestamp&quot;:&quot;0&quot;,&quot;copyright&quot;:&quot;&quot;,&quot;focal_length&quot;:&quot;0&quot;,&quot;iso&quot;:&quot;0&quot;,&quot;shutter_speed&quot;:&quot;0&quot;,&quot;title&quot;:&quot;&quot;,&quot;orientation&quot;:&quot;0&quot;}\" data-image-title=\"Spinaceto\" data-image-description=\"\" data-image-caption=\"&lt;p&gt;Spinaceto (1965\u2013anni \u201980), Piero Moroni, Nicola Di Cagno, Lucio Barbera, Fausto Bettinelli e Dino Di Virgilio Francione&lt;\/p&gt;\n\" data-large-file=\"http:\/\/www.picweb.it\/emm\/blog\/wp-content\/uploads\/2017\/06\/Spinaceto-1024x685.jpg\" class=\" wp-image-469\" src=\"http:\/\/www.picweb.it\/emm\/blog\/wp-content\/uploads\/2017\/06\/Spinaceto.jpg\" alt=\"\" width=\"1270\" height=\"850\" srcset=\"http:\/\/www.picweb.it\/emm\/blog\/wp-content\/uploads\/2017\/06\/Spinaceto.jpg 1936w, http:\/\/www.picweb.it\/emm\/blog\/wp-content\/uploads\/2017\/06\/Spinaceto-300x201.jpg 300w, http:\/\/www.picweb.it\/emm\/blog\/wp-content\/uploads\/2017\/06\/Spinaceto-768x514.jpg 768w, http:\/\/www.picweb.it\/emm\/blog\/wp-content\/uploads\/2017\/06\/Spinaceto-1024x685.jpg 1024w, http:\/\/www.picweb.it\/emm\/blog\/wp-content\/uploads\/2017\/06\/Spinaceto-700x469.jpg 700w, http:\/\/www.picweb.it\/emm\/blog\/wp-content\/uploads\/2017\/06\/Spinaceto-520x348.jpg 520w, http:\/\/www.picweb.it\/emm\/blog\/wp-content\/uploads\/2017\/06\/Spinaceto-360x241.jpg 360w, http:\/\/www.picweb.it\/emm\/blog\/wp-content\/uploads\/2017\/06\/Spinaceto-250x167.jpg 250w, http:\/\/www.picweb.it\/emm\/blog\/wp-content\/uploads\/2017\/06\/Spinaceto-100x67.jpg 100w\" sizes=\"(max-width: 1270px) 100vw, 1270px\" \/><figcaption id=\"caption-attachment-469\" class=\"wp-caption-text\">Spinaceto (1965\u2013anni \u201980), Piero Moroni, Nicola Di Cagno, Lucio Barbera, Fausto Bettinelli e Dino Di Virgilio Francione<\/figcaption><\/figure>\n<figure id=\"attachment_470\" aria-describedby=\"caption-attachment-470\" style=\"width: 1272px\" class=\"wp-caption aligncenter\"><img loading=\"lazy\" decoding=\"async\" data-attachment-id=\"470\" data-permalink=\"http:\/\/www.picweb.it\/emm\/blog\/index.php\/2017\/06\/28\/periferie-griffate-quando-il-cattivo-esempio-viene-dallalto-le-ragioni-della-difesa-dellindifendibile-da-parte-del-mondo-accademico\/tor-bella-monaca\/\" data-orig-file=\"http:\/\/www.picweb.it\/emm\/blog\/wp-content\/uploads\/2017\/06\/Tor-Bella-Monaca.jpg\" data-orig-size=\"800,600\" data-comments-opened=\"1\" data-image-meta=\"{&quot;aperture&quot;:&quot;0&quot;,&quot;credit&quot;:&quot;&quot;,&quot;camera&quot;:&quot;&quot;,&quot;caption&quot;:&quot;&quot;,&quot;created_timestamp&quot;:&quot;0&quot;,&quot;copyright&quot;:&quot;&quot;,&quot;focal_length&quot;:&quot;0&quot;,&quot;iso&quot;:&quot;0&quot;,&quot;shutter_speed&quot;:&quot;0&quot;,&quot;title&quot;:&quot;&quot;,&quot;orientation&quot;:&quot;0&quot;}\" data-image-title=\"Tor Bella Monaca\" data-image-description=\"\" data-image-caption=\"&lt;p&gt;Tor Bella Monaca (1983-92), P. Barucci, E. Piroddi, M. Casanova, G. Ruspoli, M. Ianni, A. Bentivegna, M. Cascarano, F. Romanelli, F. Santolini, S. Delle Fratte, E. Dotto, M. Cippitelli, A. Santolin&lt;\/p&gt;\n\" data-large-file=\"http:\/\/www.picweb.it\/emm\/blog\/wp-content\/uploads\/2017\/06\/Tor-Bella-Monaca.jpg\" class=\" wp-image-470\" src=\"http:\/\/www.picweb.it\/emm\/blog\/wp-content\/uploads\/2017\/06\/Tor-Bella-Monaca.jpg\" alt=\"\" width=\"1272\" height=\"954\" srcset=\"http:\/\/www.picweb.it\/emm\/blog\/wp-content\/uploads\/2017\/06\/Tor-Bella-Monaca.jpg 800w, http:\/\/www.picweb.it\/emm\/blog\/wp-content\/uploads\/2017\/06\/Tor-Bella-Monaca-300x225.jpg 300w, http:\/\/www.picweb.it\/emm\/blog\/wp-content\/uploads\/2017\/06\/Tor-Bella-Monaca-768x576.jpg 768w, http:\/\/www.picweb.it\/emm\/blog\/wp-content\/uploads\/2017\/06\/Tor-Bella-Monaca-700x525.jpg 700w, http:\/\/www.picweb.it\/emm\/blog\/wp-content\/uploads\/2017\/06\/Tor-Bella-Monaca-520x390.jpg 520w, http:\/\/www.picweb.it\/emm\/blog\/wp-content\/uploads\/2017\/06\/Tor-Bella-Monaca-360x270.jpg 360w, http:\/\/www.picweb.it\/emm\/blog\/wp-content\/uploads\/2017\/06\/Tor-Bella-Monaca-250x188.jpg 250w, http:\/\/www.picweb.it\/emm\/blog\/wp-content\/uploads\/2017\/06\/Tor-Bella-Monaca-100x75.jpg 100w\" sizes=\"(max-width: 1272px) 100vw, 1272px\" \/><figcaption id=\"caption-attachment-470\" class=\"wp-caption-text\">Tor Bella Monaca (1983-92), P. Barucci, E. Piroddi, M. Casanova, G. Ruspoli, M. Ianni, A. Bentivegna, M. Cascarano, F. Romanelli, F. Santolini, S. Delle Fratte, E. Dotto, M. Cippitelli, A. Santolini<\/figcaption><\/figure>\n<figure id=\"attachment_471\" aria-describedby=\"caption-attachment-471\" style=\"width: 1273px\" class=\"wp-caption aligncenter\"><img loading=\"lazy\" decoding=\"async\" data-attachment-id=\"471\" data-permalink=\"http:\/\/www.picweb.it\/emm\/blog\/index.php\/2017\/06\/28\/periferie-griffate-quando-il-cattivo-esempio-viene-dallalto-le-ragioni-della-difesa-dellindifendibile-da-parte-del-mondo-accademico\/vignamurata3\/\" data-orig-file=\"http:\/\/www.picweb.it\/emm\/blog\/wp-content\/uploads\/2017\/06\/VignaMurata3.jpg\" data-orig-size=\"794,567\" data-comments-opened=\"1\" data-image-meta=\"{&quot;aperture&quot;:&quot;0&quot;,&quot;credit&quot;:&quot;&quot;,&quot;camera&quot;:&quot;&quot;,&quot;caption&quot;:&quot;&quot;,&quot;created_timestamp&quot;:&quot;0&quot;,&quot;copyright&quot;:&quot;&quot;,&quot;focal_length&quot;:&quot;0&quot;,&quot;iso&quot;:&quot;0&quot;,&quot;shutter_speed&quot;:&quot;0&quot;,&quot;title&quot;:&quot;&quot;,&quot;orientation&quot;:&quot;0&quot;}\" data-image-title=\"VignaMurata3\" data-image-description=\"\" data-image-caption=\"&lt;p&gt;Vigna Murata (1972-78), Gianfranco Moneta con Giuseppe Santulli Sanzo e Castellini, Cavatorta, Dar\u00f2, Puccioni, Ray, Moretti, Chiucini&lt;\/p&gt;\n\" data-large-file=\"http:\/\/www.picweb.it\/emm\/blog\/wp-content\/uploads\/2017\/06\/VignaMurata3.jpg\" class=\" wp-image-471\" src=\"http:\/\/www.picweb.it\/emm\/blog\/wp-content\/uploads\/2017\/06\/VignaMurata3.jpg\" alt=\"\" width=\"1273\" height=\"909\" srcset=\"http:\/\/www.picweb.it\/emm\/blog\/wp-content\/uploads\/2017\/06\/VignaMurata3.jpg 794w, http:\/\/www.picweb.it\/emm\/blog\/wp-content\/uploads\/2017\/06\/VignaMurata3-300x214.jpg 300w, http:\/\/www.picweb.it\/emm\/blog\/wp-content\/uploads\/2017\/06\/VignaMurata3-768x548.jpg 768w, http:\/\/www.picweb.it\/emm\/blog\/wp-content\/uploads\/2017\/06\/VignaMurata3-700x500.jpg 700w, http:\/\/www.picweb.it\/emm\/blog\/wp-content\/uploads\/2017\/06\/VignaMurata3-520x371.jpg 520w, http:\/\/www.picweb.it\/emm\/blog\/wp-content\/uploads\/2017\/06\/VignaMurata3-360x257.jpg 360w, http:\/\/www.picweb.it\/emm\/blog\/wp-content\/uploads\/2017\/06\/VignaMurata3-250x179.jpg 250w, http:\/\/www.picweb.it\/emm\/blog\/wp-content\/uploads\/2017\/06\/VignaMurata3-100x71.jpg 100w\" sizes=\"(max-width: 1273px) 100vw, 1273px\" \/><figcaption id=\"caption-attachment-471\" class=\"wp-caption-text\">Vigna Murata (1972-78), Gianfranco Moneta con Giuseppe Santulli Sanzo e Castellini, Cavatorta, Dar\u00f2, Puccioni, Ray, Moretti, Chiucini<\/figcaption><\/figure>\n<p>La situazione non cambia nelle altre grandi citt\u00e0 d\u2019Italia, i cui <em>falansteri<\/em> portano tutti altissime firme accademiche: <em>Le Vele<\/em> di Scampia (1962-75), Franz Di Salvo; lo <em>Z.E.N.<\/em> di Palermo (1969-90) Vittorio Gregotti, Francesco Amoroso, Salvatore Bisogni, Franco Purini, Hiromichi Matsui; il <em>Gallarratese<\/em> di Milano (1967-74) Carlo Aymonino, Aldo Rossi, Alessandro De\u2019Rossi, Giorgio Ciucci, Vittorio De Feo, Mario Manieri Elia; il <em>Pilastro<\/em> di Bologna (1962-66) Giorgio Trebbi e altri; ecc.<\/p>\n<figure id=\"attachment_472\" aria-describedby=\"caption-attachment-472\" style=\"width: 1283px\" class=\"wp-caption aligncenter\"><img loading=\"lazy\" decoding=\"async\" data-attachment-id=\"472\" data-permalink=\"http:\/\/www.picweb.it\/emm\/blog\/index.php\/2017\/06\/28\/periferie-griffate-quando-il-cattivo-esempio-viene-dallalto-le-ragioni-della-difesa-dellindifendibile-da-parte-del-mondo-accademico\/le-vele-di-scampia\/\" data-orig-file=\"http:\/\/www.picweb.it\/emm\/blog\/wp-content\/uploads\/2017\/06\/le-vele-di-scampia.jpg\" data-orig-size=\"1920,1285\" data-comments-opened=\"1\" data-image-meta=\"{&quot;aperture&quot;:&quot;0&quot;,&quot;credit&quot;:&quot;&quot;,&quot;camera&quot;:&quot;&quot;,&quot;caption&quot;:&quot;&quot;,&quot;created_timestamp&quot;:&quot;0&quot;,&quot;copyright&quot;:&quot;&quot;,&quot;focal_length&quot;:&quot;0&quot;,&quot;iso&quot;:&quot;0&quot;,&quot;shutter_speed&quot;:&quot;0&quot;,&quot;title&quot;:&quot;&quot;,&quot;orientation&quot;:&quot;0&quot;}\" data-image-title=\"le-vele-di-scampia\" data-image-description=\"\" data-image-caption=\"&lt;p&gt;Le Vele di Scampia, Corviale (1962-75), Franz Di Salvo&lt;\/p&gt;\n\" data-large-file=\"http:\/\/www.picweb.it\/emm\/blog\/wp-content\/uploads\/2017\/06\/le-vele-di-scampia-1024x685.jpg\" class=\" wp-image-472\" src=\"http:\/\/www.picweb.it\/emm\/blog\/wp-content\/uploads\/2017\/06\/le-vele-di-scampia.jpg\" alt=\"\" width=\"1283\" height=\"859\" srcset=\"http:\/\/www.picweb.it\/emm\/blog\/wp-content\/uploads\/2017\/06\/le-vele-di-scampia.jpg 1920w, http:\/\/www.picweb.it\/emm\/blog\/wp-content\/uploads\/2017\/06\/le-vele-di-scampia-300x201.jpg 300w, http:\/\/www.picweb.it\/emm\/blog\/wp-content\/uploads\/2017\/06\/le-vele-di-scampia-768x514.jpg 768w, http:\/\/www.picweb.it\/emm\/blog\/wp-content\/uploads\/2017\/06\/le-vele-di-scampia-1024x685.jpg 1024w, http:\/\/www.picweb.it\/emm\/blog\/wp-content\/uploads\/2017\/06\/le-vele-di-scampia-700x468.jpg 700w, http:\/\/www.picweb.it\/emm\/blog\/wp-content\/uploads\/2017\/06\/le-vele-di-scampia-520x348.jpg 520w, http:\/\/www.picweb.it\/emm\/blog\/wp-content\/uploads\/2017\/06\/le-vele-di-scampia-360x241.jpg 360w, http:\/\/www.picweb.it\/emm\/blog\/wp-content\/uploads\/2017\/06\/le-vele-di-scampia-250x167.jpg 250w, http:\/\/www.picweb.it\/emm\/blog\/wp-content\/uploads\/2017\/06\/le-vele-di-scampia-100x67.jpg 100w\" sizes=\"(max-width: 1283px) 100vw, 1283px\" \/><figcaption id=\"caption-attachment-472\" class=\"wp-caption-text\">Le Vele di Scampia, Corviale (1962-75), Franz Di Salvo<\/figcaption><\/figure>\n<figure id=\"attachment_450\" aria-describedby=\"caption-attachment-450\" style=\"width: 1298px\" class=\"wp-caption aligncenter\"><img loading=\"lazy\" decoding=\"async\" data-attachment-id=\"450\" data-permalink=\"http:\/\/www.picweb.it\/emm\/blog\/index.php\/2017\/06\/27\/difendere-lindifendibile-cui-prodest-riflessioni-dopo-il-convegno-rowerome2017\/zen\/\" data-orig-file=\"http:\/\/www.picweb.it\/emm\/blog\/wp-content\/uploads\/2017\/06\/ZEN.jpg\" data-orig-size=\"3872,1848\" data-comments-opened=\"1\" data-image-meta=\"{&quot;aperture&quot;:&quot;0&quot;,&quot;credit&quot;:&quot;&quot;,&quot;camera&quot;:&quot;&quot;,&quot;caption&quot;:&quot;&quot;,&quot;created_timestamp&quot;:&quot;1282302085&quot;,&quot;copyright&quot;:&quot;&quot;,&quot;focal_length&quot;:&quot;0&quot;,&quot;iso&quot;:&quot;0&quot;,&quot;shutter_speed&quot;:&quot;0&quot;,&quot;title&quot;:&quot;&quot;,&quot;orientation&quot;:&quot;0&quot;}\" data-image-title=\"ZEN\" data-image-description=\"\" data-image-caption=\"&lt;p&gt;Vista agghiacciante del quartiere Z.E.N. di Palermo&lt;\/p&gt;\n\" data-large-file=\"http:\/\/www.picweb.it\/emm\/blog\/wp-content\/uploads\/2017\/06\/ZEN-1024x489.jpg\" class=\" wp-image-450\" src=\"http:\/\/www.picweb.it\/emm\/blog\/wp-content\/uploads\/2017\/06\/ZEN.jpg\" alt=\"\" width=\"1298\" height=\"619\" srcset=\"http:\/\/www.picweb.it\/emm\/blog\/wp-content\/uploads\/2017\/06\/ZEN.jpg 3872w, http:\/\/www.picweb.it\/emm\/blog\/wp-content\/uploads\/2017\/06\/ZEN-300x143.jpg 300w, http:\/\/www.picweb.it\/emm\/blog\/wp-content\/uploads\/2017\/06\/ZEN-768x367.jpg 768w, http:\/\/www.picweb.it\/emm\/blog\/wp-content\/uploads\/2017\/06\/ZEN-1024x489.jpg 1024w, http:\/\/www.picweb.it\/emm\/blog\/wp-content\/uploads\/2017\/06\/ZEN-700x334.jpg 700w, http:\/\/www.picweb.it\/emm\/blog\/wp-content\/uploads\/2017\/06\/ZEN-520x248.jpg 520w, http:\/\/www.picweb.it\/emm\/blog\/wp-content\/uploads\/2017\/06\/ZEN-360x172.jpg 360w, http:\/\/www.picweb.it\/emm\/blog\/wp-content\/uploads\/2017\/06\/ZEN-250x119.jpg 250w, http:\/\/www.picweb.it\/emm\/blog\/wp-content\/uploads\/2017\/06\/ZEN-100x48.jpg 100w\" sizes=\"(max-width: 1298px) 100vw, 1298px\" \/><figcaption id=\"caption-attachment-450\" class=\"wp-caption-text\"><em>Zen di Palermo <\/em>(1969-90) Vittorio Gregotti, Francesco Amoroso, Salvatore Bisogni, Franco Purini, Hiromichi Matsui<\/figcaption><\/figure>\n<figure id=\"attachment_473\" aria-describedby=\"caption-attachment-473\" style=\"width: 1315px\" class=\"wp-caption aligncenter\"><img loading=\"lazy\" decoding=\"async\" data-attachment-id=\"473\" data-permalink=\"http:\/\/www.picweb.it\/emm\/blog\/index.php\/2017\/06\/28\/periferie-griffate-quando-il-cattivo-esempio-viene-dallalto-le-ragioni-della-difesa-dellindifendibile-da-parte-del-mondo-accademico\/gallaratese2\/\" data-orig-file=\"http:\/\/www.picweb.it\/emm\/blog\/wp-content\/uploads\/2017\/06\/gallaratese2.jpg\" data-orig-size=\"2766,1210\" data-comments-opened=\"1\" data-image-meta=\"{&quot;aperture&quot;:&quot;0&quot;,&quot;credit&quot;:&quot;&quot;,&quot;camera&quot;:&quot;&quot;,&quot;caption&quot;:&quot;&quot;,&quot;created_timestamp&quot;:&quot;0&quot;,&quot;copyright&quot;:&quot;&quot;,&quot;focal_length&quot;:&quot;0&quot;,&quot;iso&quot;:&quot;0&quot;,&quot;shutter_speed&quot;:&quot;0&quot;,&quot;title&quot;:&quot;&quot;,&quot;orientation&quot;:&quot;0&quot;}\" data-image-title=\"gallaratese2\" data-image-description=\"\" data-image-caption=\"&lt;p&gt;Gallarratese di Milano (1967-74) Carlo Aymonino, Aldo Rossi, Alessandro De\u2019Rossi, Giorgio Ciucci, Vittorio De Feo, Mario Manieri Elia&lt;\/p&gt;\n\" data-large-file=\"http:\/\/www.picweb.it\/emm\/blog\/wp-content\/uploads\/2017\/06\/gallaratese2-1024x448.jpg\" class=\" wp-image-473\" src=\"http:\/\/www.picweb.it\/emm\/blog\/wp-content\/uploads\/2017\/06\/gallaratese2.jpg\" alt=\"\" width=\"1315\" height=\"575\" srcset=\"http:\/\/www.picweb.it\/emm\/blog\/wp-content\/uploads\/2017\/06\/gallaratese2.jpg 2766w, http:\/\/www.picweb.it\/emm\/blog\/wp-content\/uploads\/2017\/06\/gallaratese2-300x131.jpg 300w, http:\/\/www.picweb.it\/emm\/blog\/wp-content\/uploads\/2017\/06\/gallaratese2-768x336.jpg 768w, http:\/\/www.picweb.it\/emm\/blog\/wp-content\/uploads\/2017\/06\/gallaratese2-1024x448.jpg 1024w, http:\/\/www.picweb.it\/emm\/blog\/wp-content\/uploads\/2017\/06\/gallaratese2-700x306.jpg 700w, http:\/\/www.picweb.it\/emm\/blog\/wp-content\/uploads\/2017\/06\/gallaratese2-520x227.jpg 520w, http:\/\/www.picweb.it\/emm\/blog\/wp-content\/uploads\/2017\/06\/gallaratese2-360x157.jpg 360w, http:\/\/www.picweb.it\/emm\/blog\/wp-content\/uploads\/2017\/06\/gallaratese2-250x109.jpg 250w, http:\/\/www.picweb.it\/emm\/blog\/wp-content\/uploads\/2017\/06\/gallaratese2-100x44.jpg 100w\" sizes=\"(max-width: 1315px) 100vw, 1315px\" \/><figcaption id=\"caption-attachment-473\" class=\"wp-caption-text\">Gallarratese di Milano (1967-74) Carlo Aymonino, Aldo Rossi, Alessandro De\u2019Rossi, Giorgio Ciucci, Vittorio De Feo, Mario Manieri Elia<\/figcaption><\/figure>\n<figure id=\"attachment_474\" aria-describedby=\"caption-attachment-474\" style=\"width: 1271px\" class=\"wp-caption aligncenter\"><img loading=\"lazy\" decoding=\"async\" data-attachment-id=\"474\" data-permalink=\"http:\/\/www.picweb.it\/emm\/blog\/index.php\/2017\/06\/28\/periferie-griffate-quando-il-cattivo-esempio-viene-dallalto-le-ragioni-della-difesa-dellindifendibile-da-parte-del-mondo-accademico\/pilastro-di-bologna\/\" data-orig-file=\"http:\/\/www.picweb.it\/emm\/blog\/wp-content\/uploads\/2017\/06\/Pilastro-di-Bologna.jpg\" data-orig-size=\"838,598\" data-comments-opened=\"1\" data-image-meta=\"{&quot;aperture&quot;:&quot;0&quot;,&quot;credit&quot;:&quot;&quot;,&quot;camera&quot;:&quot;&quot;,&quot;caption&quot;:&quot;&quot;,&quot;created_timestamp&quot;:&quot;0&quot;,&quot;copyright&quot;:&quot;&quot;,&quot;focal_length&quot;:&quot;0&quot;,&quot;iso&quot;:&quot;0&quot;,&quot;shutter_speed&quot;:&quot;0&quot;,&quot;title&quot;:&quot;&quot;,&quot;orientation&quot;:&quot;0&quot;}\" data-image-title=\"Pilastro di Bologna\" data-image-description=\"\" data-image-caption=\"&lt;p&gt;Pilastro di Bologna (1962-66) Giorgio Trebbi&lt;\/p&gt;\n\" data-large-file=\"http:\/\/www.picweb.it\/emm\/blog\/wp-content\/uploads\/2017\/06\/Pilastro-di-Bologna.jpg\" class=\" wp-image-474\" src=\"http:\/\/www.picweb.it\/emm\/blog\/wp-content\/uploads\/2017\/06\/Pilastro-di-Bologna.jpg\" alt=\"\" width=\"1271\" height=\"907\" srcset=\"http:\/\/www.picweb.it\/emm\/blog\/wp-content\/uploads\/2017\/06\/Pilastro-di-Bologna.jpg 838w, http:\/\/www.picweb.it\/emm\/blog\/wp-content\/uploads\/2017\/06\/Pilastro-di-Bologna-300x214.jpg 300w, http:\/\/www.picweb.it\/emm\/blog\/wp-content\/uploads\/2017\/06\/Pilastro-di-Bologna-768x548.jpg 768w, http:\/\/www.picweb.it\/emm\/blog\/wp-content\/uploads\/2017\/06\/Pilastro-di-Bologna-700x500.jpg 700w, http:\/\/www.picweb.it\/emm\/blog\/wp-content\/uploads\/2017\/06\/Pilastro-di-Bologna-520x371.jpg 520w, http:\/\/www.picweb.it\/emm\/blog\/wp-content\/uploads\/2017\/06\/Pilastro-di-Bologna-360x257.jpg 360w, http:\/\/www.picweb.it\/emm\/blog\/wp-content\/uploads\/2017\/06\/Pilastro-di-Bologna-250x178.jpg 250w, http:\/\/www.picweb.it\/emm\/blog\/wp-content\/uploads\/2017\/06\/Pilastro-di-Bologna-100x71.jpg 100w\" sizes=\"(max-width: 1271px) 100vw, 1271px\" \/><figcaption id=\"caption-attachment-474\" class=\"wp-caption-text\">Pilastro di Bologna (1962-66) Giorgio Trebbi<\/figcaption><\/figure>\n<p>\u00c8 vero, il grosso delle orribili periferie italiane lo si deve a \u201c<em>architetti faccendieri<\/em>\u201d, ben introdotti nei sistemi politici corrotti. Tuttavia il cattivo esempio \u00e8 sempre partito dall\u2019Accademia: chi doveva insegnare come progettare le citt\u00e0 per migliorare le condizioni di vita dei residenti, ha invece dato il \u201c<em>la<\/em>\u201d agli speculatori, ai faccendieri, ai geometri e ai praticoni i quali, nella certezza di far soldi, se non nella vaga speranza di ottenere un po\u2019 di fama, si sono ispirati ai modelli proposti dai \u201c<em>professoroni<\/em>\u201d, sotto gli occhi di uno Stato inerte.<\/p>\n<p>Barattando per progresso e modernit\u00e0 il Modernismo, col titolo di una presunta <em>intelligenza superiore<\/em>, le nostre Facolt\u00e0 hanno imposto una dottrina immutabile all\u2019architettura italiana, cooptando nei propri ranghi solo chi tale dottrina era disposto ad accettare.<\/p>\n<p>Negli ultimi 60 anni abbiamo cos\u00ec assistito al cortocircuito tra applicazioni distorte delle funzioni dello Stato, dell&#8217;insegnamento e dell&#8217;interesse privato, sotto l\u2019influenza esclusiva di una congrega irresponsabile nei riguardi del potere esecutivo. Il prodotto sono le nostre citt\u00e0, soprattutto le periferie dove era possibile \u201c<em>sperimentare<\/em>\u201d. Ma cosa pu\u00f2 mai opporre un\u2019<em>amministrazione incompetente <\/em>all\u2019opinione di un\u2019universit\u00e0 o di un ordine professionale che lo Stato stesso deve considerare competente? L\u2019amministrazione non ha autonomia di criterio per affidare, per esempio, la costruzione di un monumento pubblico a chi non \u00e8 in linea con l\u2019<em>\u00e9lite<\/em> auto-riconosciuta degli artisti.<\/p>\n<p>Soprattutto per i grandi incarichi, se non altro per rispondere alle norme sulla trasparenza, l\u2019amministrazione tende a ripararsi dietro l\u2019opinione dell\u2019organo colto, la commissione giudicatrice decisa dall\u2019Ordine degli Architetti e composta dagli adepti e mai dalla gente comune destinataria di ci\u00f2 che le si costruisce (\u2026 si veda l\u2019ultimo ignobile concorso di \u201crigenerazione\u201d del <em>Corviale<\/em> di Roma, nel quale era imposto il mantenimento dell\u2019ecomostro!). Tale organo per\u00f2 non \u00e8 minimamente tenuto, nei confronti del pubblico, a rendere conto dei reali motivi del suo giudizio, e ben si guarda dal rivelarlo, se non affabulando nel noto \u201c<em>architettese<\/em>\u201d.<\/p>\n<p>Si capisce come in tali condizioni gli affari delle lobby fioriscano: amministrazioni alla merc\u00e9 degli <em>esperti<\/em>, circondate dai suoi aderenti nei media, nelle universit\u00e0, nelle commissioni. Il resto lo fa l\u2019italico sentimento di sottomissione verso l\u2019ostentazione di potere. Poich\u00e9 i servizi pubblici ormai intendono esprimere una sola opinione su tutto, e visto che gli \u201c<em>oppositori del regime<\/em>\u201d sono costretti a ritirarsi, la supponenza si fa dogma\u2026 fino a quando, per un caso fortuito, si assiste ad un brusco risveglio. \u00c8 solo allora che la responsabilit\u00e0 demandata ricade addosso ai politici come un macigno, ma in tal caso il corpo irresponsabile se ne lava le mani.<\/p>\n<p>La silente dittatura che caratterizza l\u2019ambiente architettonico di oggi \u00e8 difficilmente immaginabile dai normali cittadini: gli architetti e gli studenti di Architettura sono costretti di fatto a ripudiare le proprie idee, qualora tali opinioni e tali idee non siano ammesse dal <em>corpo protetto dallo Stato<\/em>, pena la condanna all\u2019ostracismo. A riprova, si veda la recente Legge che ha istituito il Comitato per l\u2019Architettura Moderna che dovr\u00e0 presiedere alla stesura dei bandi di concorso di Architettura.<\/p>\n<p>Qualsiasi corpo (in questo caso gli Ordini Professionali) sottomesso a una dottrina (in questo caso la Teoria Modernista imperversante nelle Facolt\u00e0 di Architettura e di Ingegneria), che dipenda dallo Stato, tender\u00e0 sempre a servirsi fatalmente dello Stato per far trionfare la propria dottrina. Quando a ci\u00f2 si aggiungono le riviste specializzate \u2013 su cui ovviamente scrivono i grandi luminari dell\u2019Architettura e i loro emuli \u2013 che bombardano ossessivamente i lettori con architetture astruse, la frittata \u00e8 fatta.<\/p>\n<p>Chi si ribella \u00e8 annientato da chi siede in posizione protetta e privilegiata. Gli studenti e i giovani architetti che provano ad emanciparsi imparano subito, a loro spese, cosa costi la libert\u00e0. Se non seguono la strada uniforme tracciata dal cameratismo, trovano le porte chiuse; se non cozzano contro un\u2019ostilit\u00e0 dichiarata, vengono condannati dalla congiura del silenzio: se lo studente prova a divergere dall\u2019idea del docente non passa, o passa a stento, e dopo lunghe sofferenze, l\u2019esame progettuale; se un giovane architetto ha la fortuna di realizzare, o semplicemente progettare un intervento tradizionale, nessuna rivista lo prende in considerazione. Resta solo la strada dell\u2019estero, o la resistenza attiva e, direi, partigiana di gruppi volontari extra universitari che hanno a cuore le sorti del proprio Paese. Ma di brillanti giovani architetti l\u2019Italia \u00e8 ricca, basterebbe una libera giuria popolare per rivelarlo.<\/p>\n<p>Tornando quindi alla strenua difesa contro la demolizione degli obbrobri urbanistici da parte dei \u201c<em>professoroni<\/em>\u201d, la spiegazione \u00e8 presto detta: i progettisti, da sempre, si identificano con i progetti che concepiscono, sebbene non vi risiedano. L\u2019eventuale accettazione delle demolizione di uno solo di quegli edifici, rischierebbe di creare un grave precedente che, ben presto, potrebbe riguardare uno degli edifici che si \u00e8 progettato e, a causa di quella \u201cidentificazione\u201d, sarebbe come accettare di farsi amputare un arto!<\/p>\n<p>Questi individui, come ho gi\u00e0 detto, dovrebbero essere condannati a vivere nelle realt\u00e0 spersonalizzanti, antisociali e criminogene che progettano, piuttosto che avere ancora la licenza di insegnare nelle universit\u00e0, operando sugli ignari studenti una vera e propria lobotomia!<\/p>\n<p><a href=\"#_ftnref1\" name=\"_ftn1\">[1]<\/a> <a href=\"http:\/\/espresso.repubblica.it\/plus\/articoli\/2015\/05\/28\/news\/le-imbarazzanti-simpatie-per-il-fascismo-di-le-corbusier-1.214842\">http:\/\/espresso.repubblica.it\/plus\/articoli\/2015\/05\/28\/news\/le-imbarazzanti-simpatie-per-il-fascismo-di-le-corbusier-1.214842<\/a><\/p>\n<p><a href=\"http:\/\/www.lastampa.it\/2015\/03\/31\/cultura\/le-corbusier-fascista-e-antisemita-alla-francese-2fVvopi4Pb4Ev3EpYQBxqM\/pagina.html\">http:\/\/www.lastampa.it\/2015\/03\/31\/cultura\/le-corbusier-fascista-e-antisemita-alla-francese-2fVvopi4Pb4Ev3EpYQBxqM\/pagina.html<\/a><\/p>\n<p>&nbsp;<\/p>\n","protected":false},"excerpt":{"rendered":"<p>Qualche anno fa, dopo che sulle pagine de \u201cIl Tempo\u201d e di \u201cAffari Italiani\u201d venne resa (parzialmente) nota la mia proposta di demolizione graduale e sostituzione del complesso di case popolari \u201cCorviale\u201d di Roma, altri progetti e proposte presero vita. [&hellip;]<\/p>\n","protected":false},"author":2,"featured_media":0,"comment_status":"open","ping_status":"open","sticky":false,"template":"","format":"standard","meta":{"jetpack_post_was_ever_published":false,"_jetpack_newsletter_access":"","_jetpack_dont_email_post_to_subs":false,"_jetpack_newsletter_tier_id":0,"_jetpack_memberships_contains_paywalled_content":false,"_jetpack_memberships_contains_paid_content":false,"footnotes":""},"categories":[20,41,22],"tags":[5,13,102,12,14,104,110,103,15,106,105,8,10,32,100,109,107,4,19,108,64],"class_list":["post-459","post","type-post","status-publish","format-standard","hentry","category-architettura","category-progettazione-urbana","category-urbanistica","tag-architettura","tag-archmazzola","tag-corviale-di-roma","tag-ettore-maria-mazzola","tag-ettore-mazzola","tag-gallarratese","tag-laurentino-38","tag-le-vele-di-scampia","tag-mazzola","tag-periferie","tag-pilastro","tag-progettazione","tag-rigenerazione-urbana","tag-roma","tag-rowerome2017","tag-spinaceto","tag-tor-bella-monaca","tag-urbanistica","tag-urbanistica-tradizionale","tag-vigne-nuove","tag-zen-di-palermo","clearfix"],"yoast_head":"<!-- This site is optimized with the Yoast SEO plugin v27.3 - https:\/\/yoast.com\/product\/yoast-seo-wordpress\/ -->\r\n<title>Periferie griffate \u2013 quando il cattivo esempio viene dall\u2019alto Le ragioni della difesa dell\u2019indifendibile da parte del mondo accademico - virtutem forma decorat<\/title>\r\n<meta name=\"robots\" content=\"index, follow, max-snippet:-1, max-image-preview:large, max-video-preview:-1\" \/>\r\n<link rel=\"canonical\" href=\"https:\/\/www.picweb.it\/emm\/blog\/index.php\/2017\/06\/28\/periferie-griffate-quando-il-cattivo-esempio-viene-dallalto-le-ragioni-della-difesa-dellindifendibile-da-parte-del-mondo-accademico\/\" \/>\r\n<meta property=\"og:locale\" content=\"it_IT\" \/>\r\n<meta property=\"og:type\" content=\"article\" \/>\r\n<meta property=\"og:title\" content=\"Periferie griffate \u2013 quando il cattivo esempio viene dall\u2019alto Le ragioni della difesa dell\u2019indifendibile da parte del mondo accademico - virtutem forma decorat\" \/>\r\n<meta property=\"og:description\" content=\"Qualche anno fa, dopo che sulle pagine de \u201cIl Tempo\u201d e di \u201cAffari Italiani\u201d venne resa (parzialmente) nota la mia proposta di demolizione graduale e sostituzione del complesso di case popolari \u201cCorviale\u201d di Roma, altri progetti e proposte presero vita. [&hellip;]\" \/>\r\n<meta property=\"og:url\" content=\"https:\/\/www.picweb.it\/emm\/blog\/index.php\/2017\/06\/28\/periferie-griffate-quando-il-cattivo-esempio-viene-dallalto-le-ragioni-della-difesa-dellindifendibile-da-parte-del-mondo-accademico\/\" \/>\r\n<meta property=\"og:site_name\" content=\"virtutem forma decorat\" \/>\r\n<meta property=\"article:published_time\" content=\"2017-06-28T08:25:12+00:00\" \/>\r\n<meta property=\"article:modified_time\" content=\"2017-06-28T14:56:14+00:00\" \/>\r\n<meta property=\"og:image\" content=\"http:\/\/www.picweb.it\/emm\/blog\/wp-content\/uploads\/2017\/06\/planimetria-Corviale-rid-prima-e-dopo-2.jpg\" \/>\r\n<meta name=\"author\" content=\"emmazzola\" \/>\r\n<meta name=\"twitter:card\" content=\"summary_large_image\" \/>\r\n<meta name=\"twitter:creator\" content=\"@ettore_mazzola\" \/>\r\n<meta name=\"twitter:site\" content=\"@ettore_mazzola\" \/>\r\n<meta name=\"twitter:label1\" content=\"Scritto da\" \/>\n\t<meta name=\"twitter:data1\" content=\"emmazzola\" \/>\n\t<meta name=\"twitter:label2\" content=\"Tempo di lettura stimato\" \/>\n\t<meta name=\"twitter:data2\" content=\"9 minuti\" \/>\r\n<script type=\"application\/ld+json\" class=\"yoast-schema-graph\">{\"@context\":\"https:\\\/\\\/schema.org\",\"@graph\":[{\"@type\":\"Article\",\"@id\":\"https:\\\/\\\/www.picweb.it\\\/emm\\\/blog\\\/index.php\\\/2017\\\/06\\\/28\\\/periferie-griffate-quando-il-cattivo-esempio-viene-dallalto-le-ragioni-della-difesa-dellindifendibile-da-parte-del-mondo-accademico\\\/#article\",\"isPartOf\":{\"@id\":\"https:\\\/\\\/www.picweb.it\\\/emm\\\/blog\\\/index.php\\\/2017\\\/06\\\/28\\\/periferie-griffate-quando-il-cattivo-esempio-viene-dallalto-le-ragioni-della-difesa-dellindifendibile-da-parte-del-mondo-accademico\\\/\"},\"author\":{\"name\":\"emmazzola\",\"@id\":\"http:\\\/\\\/www.picweb.it\\\/emm\\\/blog\\\/#\\\/schema\\\/person\\\/e29c0dd15f13008bd4c7682e6130977f\"},\"headline\":\"Periferie griffate \u2013 quando il cattivo esempio viene dall\u2019alto Le ragioni della difesa dell\u2019indifendibile da parte del mondo accademico\",\"datePublished\":\"2017-06-28T08:25:12+00:00\",\"dateModified\":\"2017-06-28T14:56:14+00:00\",\"mainEntityOfPage\":{\"@id\":\"https:\\\/\\\/www.picweb.it\\\/emm\\\/blog\\\/index.php\\\/2017\\\/06\\\/28\\\/periferie-griffate-quando-il-cattivo-esempio-viene-dallalto-le-ragioni-della-difesa-dellindifendibile-da-parte-del-mondo-accademico\\\/\"},\"wordCount\":1846,\"commentCount\":20,\"publisher\":{\"@id\":\"http:\\\/\\\/www.picweb.it\\\/emm\\\/blog\\\/#\\\/schema\\\/person\\\/e29c0dd15f13008bd4c7682e6130977f\"},\"image\":{\"@id\":\"https:\\\/\\\/www.picweb.it\\\/emm\\\/blog\\\/index.php\\\/2017\\\/06\\\/28\\\/periferie-griffate-quando-il-cattivo-esempio-viene-dallalto-le-ragioni-della-difesa-dellindifendibile-da-parte-del-mondo-accademico\\\/#primaryimage\"},\"thumbnailUrl\":\"http:\\\/\\\/www.picweb.it\\\/emm\\\/blog\\\/wp-content\\\/uploads\\\/2017\\\/06\\\/planimetria-Corviale-rid-prima-e-dopo-2.jpg\",\"keywords\":[\"architettura\",\"archmazzola\",\"Corviale di Roma\",\"ettore maria mazzola\",\"ettore mazzola\",\"Gallarratese\",\"Laurentino 38\",\"Le Vele di Scampia\",\"mazzola\",\"Periferie\",\"Pilastro\",\"progettazione\",\"rigenerazione urbana\",\"Roma\",\"RoweRome2017\",\"Spinaceto\",\"Tor Bella Monaca\",\"Urbanistica\",\"urbanistica tradizionale\",\"Vigne Nuove\",\"ZEN di Palermo\"],\"articleSection\":[\"Architettura\",\"progettazione urbana\",\"urbanistica\"],\"inLanguage\":\"it-IT\",\"potentialAction\":[{\"@type\":\"CommentAction\",\"name\":\"Comment\",\"target\":[\"https:\\\/\\\/www.picweb.it\\\/emm\\\/blog\\\/index.php\\\/2017\\\/06\\\/28\\\/periferie-griffate-quando-il-cattivo-esempio-viene-dallalto-le-ragioni-della-difesa-dellindifendibile-da-parte-del-mondo-accademico\\\/#respond\"]}]},{\"@type\":\"WebPage\",\"@id\":\"https:\\\/\\\/www.picweb.it\\\/emm\\\/blog\\\/index.php\\\/2017\\\/06\\\/28\\\/periferie-griffate-quando-il-cattivo-esempio-viene-dallalto-le-ragioni-della-difesa-dellindifendibile-da-parte-del-mondo-accademico\\\/\",\"url\":\"https:\\\/\\\/www.picweb.it\\\/emm\\\/blog\\\/index.php\\\/2017\\\/06\\\/28\\\/periferie-griffate-quando-il-cattivo-esempio-viene-dallalto-le-ragioni-della-difesa-dellindifendibile-da-parte-del-mondo-accademico\\\/\",\"name\":\"Periferie griffate \u2013 quando il cattivo esempio viene dall\u2019alto Le ragioni della difesa dell\u2019indifendibile da parte del mondo accademico - virtutem forma decorat\",\"isPartOf\":{\"@id\":\"http:\\\/\\\/www.picweb.it\\\/emm\\\/blog\\\/#website\"},\"primaryImageOfPage\":{\"@id\":\"https:\\\/\\\/www.picweb.it\\\/emm\\\/blog\\\/index.php\\\/2017\\\/06\\\/28\\\/periferie-griffate-quando-il-cattivo-esempio-viene-dallalto-le-ragioni-della-difesa-dellindifendibile-da-parte-del-mondo-accademico\\\/#primaryimage\"},\"image\":{\"@id\":\"https:\\\/\\\/www.picweb.it\\\/emm\\\/blog\\\/index.php\\\/2017\\\/06\\\/28\\\/periferie-griffate-quando-il-cattivo-esempio-viene-dallalto-le-ragioni-della-difesa-dellindifendibile-da-parte-del-mondo-accademico\\\/#primaryimage\"},\"thumbnailUrl\":\"http:\\\/\\\/www.picweb.it\\\/emm\\\/blog\\\/wp-content\\\/uploads\\\/2017\\\/06\\\/planimetria-Corviale-rid-prima-e-dopo-2.jpg\",\"datePublished\":\"2017-06-28T08:25:12+00:00\",\"dateModified\":\"2017-06-28T14:56:14+00:00\",\"breadcrumb\":{\"@id\":\"https:\\\/\\\/www.picweb.it\\\/emm\\\/blog\\\/index.php\\\/2017\\\/06\\\/28\\\/periferie-griffate-quando-il-cattivo-esempio-viene-dallalto-le-ragioni-della-difesa-dellindifendibile-da-parte-del-mondo-accademico\\\/#breadcrumb\"},\"inLanguage\":\"it-IT\",\"potentialAction\":[{\"@type\":\"ReadAction\",\"target\":[\"https:\\\/\\\/www.picweb.it\\\/emm\\\/blog\\\/index.php\\\/2017\\\/06\\\/28\\\/periferie-griffate-quando-il-cattivo-esempio-viene-dallalto-le-ragioni-della-difesa-dellindifendibile-da-parte-del-mondo-accademico\\\/\"]}]},{\"@type\":\"ImageObject\",\"inLanguage\":\"it-IT\",\"@id\":\"https:\\\/\\\/www.picweb.it\\\/emm\\\/blog\\\/index.php\\\/2017\\\/06\\\/28\\\/periferie-griffate-quando-il-cattivo-esempio-viene-dallalto-le-ragioni-della-difesa-dellindifendibile-da-parte-del-mondo-accademico\\\/#primaryimage\",\"url\":\"http:\\\/\\\/www.picweb.it\\\/emm\\\/blog\\\/wp-content\\\/uploads\\\/2017\\\/06\\\/planimetria-Corviale-rid-prima-e-dopo-2.jpg\",\"contentUrl\":\"http:\\\/\\\/www.picweb.it\\\/emm\\\/blog\\\/wp-content\\\/uploads\\\/2017\\\/06\\\/planimetria-Corviale-rid-prima-e-dopo-2.jpg\",\"width\":1142,\"height\":1457,\"caption\":\"Corviale prima e dopo\"},{\"@type\":\"BreadcrumbList\",\"@id\":\"https:\\\/\\\/www.picweb.it\\\/emm\\\/blog\\\/index.php\\\/2017\\\/06\\\/28\\\/periferie-griffate-quando-il-cattivo-esempio-viene-dallalto-le-ragioni-della-difesa-dellindifendibile-da-parte-del-mondo-accademico\\\/#breadcrumb\",\"itemListElement\":[{\"@type\":\"ListItem\",\"position\":1,\"name\":\"Home\",\"item\":\"http:\\\/\\\/www.picweb.it\\\/emm\\\/blog\\\/\"},{\"@type\":\"ListItem\",\"position\":2,\"name\":\"Periferie griffate \u2013 quando il cattivo esempio viene dall\u2019alto Le ragioni della difesa dell\u2019indifendibile da parte del mondo accademico\"}]},{\"@type\":\"WebSite\",\"@id\":\"http:\\\/\\\/www.picweb.it\\\/emm\\\/blog\\\/#website\",\"url\":\"http:\\\/\\\/www.picweb.it\\\/emm\\\/blog\\\/\",\"name\":\"virtutem forma decorat\",\"description\":\"The new Architectural blog\",\"publisher\":{\"@id\":\"http:\\\/\\\/www.picweb.it\\\/emm\\\/blog\\\/#\\\/schema\\\/person\\\/e29c0dd15f13008bd4c7682e6130977f\"},\"potentialAction\":[{\"@type\":\"SearchAction\",\"target\":{\"@type\":\"EntryPoint\",\"urlTemplate\":\"http:\\\/\\\/www.picweb.it\\\/emm\\\/blog\\\/?s={search_term_string}\"},\"query-input\":{\"@type\":\"PropertyValueSpecification\",\"valueRequired\":true,\"valueName\":\"search_term_string\"}}],\"inLanguage\":\"it-IT\"},{\"@type\":[\"Person\",\"Organization\"],\"@id\":\"http:\\\/\\\/www.picweb.it\\\/emm\\\/blog\\\/#\\\/schema\\\/person\\\/e29c0dd15f13008bd4c7682e6130977f\",\"name\":\"emmazzola\",\"image\":{\"@type\":\"ImageObject\",\"inLanguage\":\"it-IT\",\"@id\":\"http:\\\/\\\/www.picweb.it\\\/emm\\\/blog\\\/wp-content\\\/uploads\\\/2017\\\/05\\\/cropped-logoVirtutemFormaDecorat_Whigher.png\",\"url\":\"http:\\\/\\\/www.picweb.it\\\/emm\\\/blog\\\/wp-content\\\/uploads\\\/2017\\\/05\\\/cropped-logoVirtutemFormaDecorat_Whigher.png\",\"contentUrl\":\"http:\\\/\\\/www.picweb.it\\\/emm\\\/blog\\\/wp-content\\\/uploads\\\/2017\\\/05\\\/cropped-logoVirtutemFormaDecorat_Whigher.png\",\"width\":200,\"height\":79,\"caption\":\"emmazzola\"},\"logo\":{\"@id\":\"http:\\\/\\\/www.picweb.it\\\/emm\\\/blog\\\/wp-content\\\/uploads\\\/2017\\\/05\\\/cropped-logoVirtutemFormaDecorat_Whigher.png\"},\"url\":\"http:\\\/\\\/www.picweb.it\\\/emm\\\/blog\\\/index.php\\\/author\\\/emmazzola\\\/\"}]}<\/script>\r\n<!-- \/ Yoast SEO plugin. -->","yoast_head_json":{"title":"Periferie griffate \u2013 quando il cattivo esempio viene dall\u2019alto Le ragioni della difesa dell\u2019indifendibile da parte del mondo accademico - virtutem forma decorat","robots":{"index":"index","follow":"follow","max-snippet":"max-snippet:-1","max-image-preview":"max-image-preview:large","max-video-preview":"max-video-preview:-1"},"canonical":"https:\/\/www.picweb.it\/emm\/blog\/index.php\/2017\/06\/28\/periferie-griffate-quando-il-cattivo-esempio-viene-dallalto-le-ragioni-della-difesa-dellindifendibile-da-parte-del-mondo-accademico\/","og_locale":"it_IT","og_type":"article","og_title":"Periferie griffate \u2013 quando il cattivo esempio viene dall\u2019alto Le ragioni della difesa dell\u2019indifendibile da parte del mondo accademico - virtutem forma decorat","og_description":"Qualche anno fa, dopo che sulle pagine de \u201cIl Tempo\u201d e di \u201cAffari Italiani\u201d venne resa (parzialmente) nota la mia proposta di demolizione graduale e sostituzione del complesso di case popolari \u201cCorviale\u201d di Roma, altri progetti e proposte presero vita. [&hellip;]","og_url":"https:\/\/www.picweb.it\/emm\/blog\/index.php\/2017\/06\/28\/periferie-griffate-quando-il-cattivo-esempio-viene-dallalto-le-ragioni-della-difesa-dellindifendibile-da-parte-del-mondo-accademico\/","og_site_name":"virtutem forma decorat","article_published_time":"2017-06-28T08:25:12+00:00","article_modified_time":"2017-06-28T14:56:14+00:00","og_image":[{"url":"http:\/\/www.picweb.it\/emm\/blog\/wp-content\/uploads\/2017\/06\/planimetria-Corviale-rid-prima-e-dopo-2.jpg","type":"","width":"","height":""}],"author":"emmazzola","twitter_card":"summary_large_image","twitter_creator":"@ettore_mazzola","twitter_site":"@ettore_mazzola","twitter_misc":{"Scritto da":"emmazzola","Tempo di lettura stimato":"9 minuti"},"schema":{"@context":"https:\/\/schema.org","@graph":[{"@type":"Article","@id":"https:\/\/www.picweb.it\/emm\/blog\/index.php\/2017\/06\/28\/periferie-griffate-quando-il-cattivo-esempio-viene-dallalto-le-ragioni-della-difesa-dellindifendibile-da-parte-del-mondo-accademico\/#article","isPartOf":{"@id":"https:\/\/www.picweb.it\/emm\/blog\/index.php\/2017\/06\/28\/periferie-griffate-quando-il-cattivo-esempio-viene-dallalto-le-ragioni-della-difesa-dellindifendibile-da-parte-del-mondo-accademico\/"},"author":{"name":"emmazzola","@id":"http:\/\/www.picweb.it\/emm\/blog\/#\/schema\/person\/e29c0dd15f13008bd4c7682e6130977f"},"headline":"Periferie griffate \u2013 quando il cattivo esempio viene dall\u2019alto Le ragioni della difesa dell\u2019indifendibile da parte del mondo accademico","datePublished":"2017-06-28T08:25:12+00:00","dateModified":"2017-06-28T14:56:14+00:00","mainEntityOfPage":{"@id":"https:\/\/www.picweb.it\/emm\/blog\/index.php\/2017\/06\/28\/periferie-griffate-quando-il-cattivo-esempio-viene-dallalto-le-ragioni-della-difesa-dellindifendibile-da-parte-del-mondo-accademico\/"},"wordCount":1846,"commentCount":20,"publisher":{"@id":"http:\/\/www.picweb.it\/emm\/blog\/#\/schema\/person\/e29c0dd15f13008bd4c7682e6130977f"},"image":{"@id":"https:\/\/www.picweb.it\/emm\/blog\/index.php\/2017\/06\/28\/periferie-griffate-quando-il-cattivo-esempio-viene-dallalto-le-ragioni-della-difesa-dellindifendibile-da-parte-del-mondo-accademico\/#primaryimage"},"thumbnailUrl":"http:\/\/www.picweb.it\/emm\/blog\/wp-content\/uploads\/2017\/06\/planimetria-Corviale-rid-prima-e-dopo-2.jpg","keywords":["architettura","archmazzola","Corviale di Roma","ettore maria mazzola","ettore mazzola","Gallarratese","Laurentino 38","Le Vele di Scampia","mazzola","Periferie","Pilastro","progettazione","rigenerazione urbana","Roma","RoweRome2017","Spinaceto","Tor Bella Monaca","Urbanistica","urbanistica tradizionale","Vigne Nuove","ZEN di Palermo"],"articleSection":["Architettura","progettazione urbana","urbanistica"],"inLanguage":"it-IT","potentialAction":[{"@type":"CommentAction","name":"Comment","target":["https:\/\/www.picweb.it\/emm\/blog\/index.php\/2017\/06\/28\/periferie-griffate-quando-il-cattivo-esempio-viene-dallalto-le-ragioni-della-difesa-dellindifendibile-da-parte-del-mondo-accademico\/#respond"]}]},{"@type":"WebPage","@id":"https:\/\/www.picweb.it\/emm\/blog\/index.php\/2017\/06\/28\/periferie-griffate-quando-il-cattivo-esempio-viene-dallalto-le-ragioni-della-difesa-dellindifendibile-da-parte-del-mondo-accademico\/","url":"https:\/\/www.picweb.it\/emm\/blog\/index.php\/2017\/06\/28\/periferie-griffate-quando-il-cattivo-esempio-viene-dallalto-le-ragioni-della-difesa-dellindifendibile-da-parte-del-mondo-accademico\/","name":"Periferie griffate \u2013 quando il cattivo esempio viene dall\u2019alto Le ragioni della difesa dell\u2019indifendibile da parte del mondo accademico - virtutem forma decorat","isPartOf":{"@id":"http:\/\/www.picweb.it\/emm\/blog\/#website"},"primaryImageOfPage":{"@id":"https:\/\/www.picweb.it\/emm\/blog\/index.php\/2017\/06\/28\/periferie-griffate-quando-il-cattivo-esempio-viene-dallalto-le-ragioni-della-difesa-dellindifendibile-da-parte-del-mondo-accademico\/#primaryimage"},"image":{"@id":"https:\/\/www.picweb.it\/emm\/blog\/index.php\/2017\/06\/28\/periferie-griffate-quando-il-cattivo-esempio-viene-dallalto-le-ragioni-della-difesa-dellindifendibile-da-parte-del-mondo-accademico\/#primaryimage"},"thumbnailUrl":"http:\/\/www.picweb.it\/emm\/blog\/wp-content\/uploads\/2017\/06\/planimetria-Corviale-rid-prima-e-dopo-2.jpg","datePublished":"2017-06-28T08:25:12+00:00","dateModified":"2017-06-28T14:56:14+00:00","breadcrumb":{"@id":"https:\/\/www.picweb.it\/emm\/blog\/index.php\/2017\/06\/28\/periferie-griffate-quando-il-cattivo-esempio-viene-dallalto-le-ragioni-della-difesa-dellindifendibile-da-parte-del-mondo-accademico\/#breadcrumb"},"inLanguage":"it-IT","potentialAction":[{"@type":"ReadAction","target":["https:\/\/www.picweb.it\/emm\/blog\/index.php\/2017\/06\/28\/periferie-griffate-quando-il-cattivo-esempio-viene-dallalto-le-ragioni-della-difesa-dellindifendibile-da-parte-del-mondo-accademico\/"]}]},{"@type":"ImageObject","inLanguage":"it-IT","@id":"https:\/\/www.picweb.it\/emm\/blog\/index.php\/2017\/06\/28\/periferie-griffate-quando-il-cattivo-esempio-viene-dallalto-le-ragioni-della-difesa-dellindifendibile-da-parte-del-mondo-accademico\/#primaryimage","url":"http:\/\/www.picweb.it\/emm\/blog\/wp-content\/uploads\/2017\/06\/planimetria-Corviale-rid-prima-e-dopo-2.jpg","contentUrl":"http:\/\/www.picweb.it\/emm\/blog\/wp-content\/uploads\/2017\/06\/planimetria-Corviale-rid-prima-e-dopo-2.jpg","width":1142,"height":1457,"caption":"Corviale prima e dopo"},{"@type":"BreadcrumbList","@id":"https:\/\/www.picweb.it\/emm\/blog\/index.php\/2017\/06\/28\/periferie-griffate-quando-il-cattivo-esempio-viene-dallalto-le-ragioni-della-difesa-dellindifendibile-da-parte-del-mondo-accademico\/#breadcrumb","itemListElement":[{"@type":"ListItem","position":1,"name":"Home","item":"http:\/\/www.picweb.it\/emm\/blog\/"},{"@type":"ListItem","position":2,"name":"Periferie griffate \u2013 quando il cattivo esempio viene dall\u2019alto Le ragioni della difesa dell\u2019indifendibile da parte del mondo accademico"}]},{"@type":"WebSite","@id":"http:\/\/www.picweb.it\/emm\/blog\/#website","url":"http:\/\/www.picweb.it\/emm\/blog\/","name":"virtutem forma decorat","description":"The new Architectural blog","publisher":{"@id":"http:\/\/www.picweb.it\/emm\/blog\/#\/schema\/person\/e29c0dd15f13008bd4c7682e6130977f"},"potentialAction":[{"@type":"SearchAction","target":{"@type":"EntryPoint","urlTemplate":"http:\/\/www.picweb.it\/emm\/blog\/?s={search_term_string}"},"query-input":{"@type":"PropertyValueSpecification","valueRequired":true,"valueName":"search_term_string"}}],"inLanguage":"it-IT"},{"@type":["Person","Organization"],"@id":"http:\/\/www.picweb.it\/emm\/blog\/#\/schema\/person\/e29c0dd15f13008bd4c7682e6130977f","name":"emmazzola","image":{"@type":"ImageObject","inLanguage":"it-IT","@id":"http:\/\/www.picweb.it\/emm\/blog\/wp-content\/uploads\/2017\/05\/cropped-logoVirtutemFormaDecorat_Whigher.png","url":"http:\/\/www.picweb.it\/emm\/blog\/wp-content\/uploads\/2017\/05\/cropped-logoVirtutemFormaDecorat_Whigher.png","contentUrl":"http:\/\/www.picweb.it\/emm\/blog\/wp-content\/uploads\/2017\/05\/cropped-logoVirtutemFormaDecorat_Whigher.png","width":200,"height":79,"caption":"emmazzola"},"logo":{"@id":"http:\/\/www.picweb.it\/emm\/blog\/wp-content\/uploads\/2017\/05\/cropped-logoVirtutemFormaDecorat_Whigher.png"},"url":"http:\/\/www.picweb.it\/emm\/blog\/index.php\/author\/emmazzola\/"}]}},"jetpack_featured_media_url":"","jetpack_sharing_enabled":true,"jetpack_shortlink":"https:\/\/wp.me\/p8HWjS-7p","jetpack-related-posts":[],"jetpack_likes_enabled":true,"_links":{"self":[{"href":"http:\/\/www.picweb.it\/emm\/blog\/index.php\/wp-json\/wp\/v2\/posts\/459","targetHints":{"allow":["GET"]}}],"collection":[{"href":"http:\/\/www.picweb.it\/emm\/blog\/index.php\/wp-json\/wp\/v2\/posts"}],"about":[{"href":"http:\/\/www.picweb.it\/emm\/blog\/index.php\/wp-json\/wp\/v2\/types\/post"}],"author":[{"embeddable":true,"href":"http:\/\/www.picweb.it\/emm\/blog\/index.php\/wp-json\/wp\/v2\/users\/2"}],"replies":[{"embeddable":true,"href":"http:\/\/www.picweb.it\/emm\/blog\/index.php\/wp-json\/wp\/v2\/comments?post=459"}],"version-history":[{"count":3,"href":"http:\/\/www.picweb.it\/emm\/blog\/index.php\/wp-json\/wp\/v2\/posts\/459\/revisions"}],"predecessor-version":[{"id":477,"href":"http:\/\/www.picweb.it\/emm\/blog\/index.php\/wp-json\/wp\/v2\/posts\/459\/revisions\/477"}],"wp:attachment":[{"href":"http:\/\/www.picweb.it\/emm\/blog\/index.php\/wp-json\/wp\/v2\/media?parent=459"}],"wp:term":[{"taxonomy":"category","embeddable":true,"href":"http:\/\/www.picweb.it\/emm\/blog\/index.php\/wp-json\/wp\/v2\/categories?post=459"},{"taxonomy":"post_tag","embeddable":true,"href":"http:\/\/www.picweb.it\/emm\/blog\/index.php\/wp-json\/wp\/v2\/tags?post=459"}],"curies":[{"name":"wp","href":"https:\/\/api.w.org\/{rel}","templated":true}]}}