{"id":448,"date":"2017-06-27T08:23:26","date_gmt":"2017-06-27T06:23:26","guid":{"rendered":"http:\/\/www.picweb.it\/emm\/blog\/?p=448"},"modified":"2020-03-15T15:50:33","modified_gmt":"2020-03-15T14:50:33","slug":"difendere-lindifendibile-cui-prodest-riflessioni-dopo-il-convegno-rowerome2017","status":"publish","type":"post","link":"http:\/\/www.picweb.it\/emm\/blog\/index.php\/2017\/06\/27\/difendere-lindifendibile-cui-prodest-riflessioni-dopo-il-convegno-rowerome2017\/","title":{"rendered":"Difendere l\u2019indifendibile \u2026 cui prodest? Riflessioni dopo il Convegno RoweRome2017"},"content":{"rendered":"<p>Questo post potrebbe essere frainteso come un qualcosa di personale se non fosse che, nella realt\u00e0, riguarda tutti noi e, soprattutto, tutta la povera gente che, a partire dagli anni \u201960 del secolo scorso, \u00e8 stata costretta a vivere in realt\u00e0 disumane, spersonalizzanti e criminogene, per il semplice diletto di pessimi professionisti, ideologicamente compromessi, i quali, in nome dell\u2019ideologia personale, hanno pensato bene di fare sperimentazione delle proprie \u201c<em>fantasie<\/em>\u201d su delle ignare cavie umane.<\/p>\n<p>E non potrei dire diversamente pensando alle parole di Mario Fiorentino, autore del <em>Corviale<\/em> di Roma:<\/p>\n<p><em>\u00abCi sono due modi di fare Architettura &#8230; o forse ce n\u2019\u00e8 solo uno &#8230; c\u2019\u00e8 quello semplice e pacato dell\u2019utilizzazione degli schemi super testati che l\u2019edilizia pubblica in Italia \u2013 e non considero solo quella romana \u2013 ha pi\u00f9 o meno accettato. E poi c\u2019\u00e8 quello <strong>sperimentale<\/strong>, che \u00e8 il metodo a cui l\u2019esperienza di Corviale appartiene. Io ricorder\u00f2 sempre come Ridolfi, che \u00e8 stato il mio vero maestro, sempre mi diceva: \u201c<strong>quando progetti per un cliente (e l\u2019edilizia pubblica \u00e8 un cliente come un qualsiasi altro privato), senza rivelarglielo, tu devi sempre sperimentare\u201d perch\u00e9, in effetti, queste sono esattamente le opportunit\u00e0 nelle quali gli esperimenti possono essere fatti!<\/strong>\u00bb<\/em><\/p>\n<figure id=\"attachment_662\" aria-describedby=\"caption-attachment-662\" style=\"width: 1343px\" class=\"wp-caption aligncenter\"><img fetchpriority=\"high\" decoding=\"async\" data-attachment-id=\"662\" data-permalink=\"http:\/\/www.picweb.it\/emm\/blog\/index.php\/2017\/06\/27\/difendere-lindifendibile-cui-prodest-riflessioni-dopo-il-convegno-rowerome2017\/corviale-vista-aerea\/\" data-orig-file=\"http:\/\/www.picweb.it\/emm\/blog\/wp-content\/uploads\/2017\/06\/corviale-vista-aerea.jpg\" data-orig-size=\"1389,763\" data-comments-opened=\"1\" data-image-meta=\"{&quot;aperture&quot;:&quot;0&quot;,&quot;credit&quot;:&quot;&quot;,&quot;camera&quot;:&quot;&quot;,&quot;caption&quot;:&quot;&quot;,&quot;created_timestamp&quot;:&quot;0&quot;,&quot;copyright&quot;:&quot;&quot;,&quot;focal_length&quot;:&quot;0&quot;,&quot;iso&quot;:&quot;0&quot;,&quot;shutter_speed&quot;:&quot;0&quot;,&quot;title&quot;:&quot;&quot;,&quot;orientation&quot;:&quot;0&quot;}\" data-image-title=\"corviale vista aerea\" data-image-description=\"\" data-image-caption=\"&lt;p&gt;vista aerea dell&amp;#8217;agghiacciante complesso di edilizia popolare del Corviale&lt;\/p&gt;\n\" data-large-file=\"http:\/\/www.picweb.it\/emm\/blog\/wp-content\/uploads\/2017\/06\/corviale-vista-aerea-1024x562.jpg\" class=\" wp-image-662\" src=\"http:\/\/www.picweb.it\/emm\/blog\/wp-content\/uploads\/2017\/06\/corviale-vista-aerea.jpg\" alt=\"\" width=\"1343\" height=\"738\" srcset=\"http:\/\/www.picweb.it\/emm\/blog\/wp-content\/uploads\/2017\/06\/corviale-vista-aerea.jpg 1389w, http:\/\/www.picweb.it\/emm\/blog\/wp-content\/uploads\/2017\/06\/corviale-vista-aerea-300x165.jpg 300w, http:\/\/www.picweb.it\/emm\/blog\/wp-content\/uploads\/2017\/06\/corviale-vista-aerea-768x422.jpg 768w, http:\/\/www.picweb.it\/emm\/blog\/wp-content\/uploads\/2017\/06\/corviale-vista-aerea-1024x562.jpg 1024w, http:\/\/www.picweb.it\/emm\/blog\/wp-content\/uploads\/2017\/06\/corviale-vista-aerea-700x385.jpg 700w, http:\/\/www.picweb.it\/emm\/blog\/wp-content\/uploads\/2017\/06\/corviale-vista-aerea-520x286.jpg 520w, http:\/\/www.picweb.it\/emm\/blog\/wp-content\/uploads\/2017\/06\/corviale-vista-aerea-360x198.jpg 360w, http:\/\/www.picweb.it\/emm\/blog\/wp-content\/uploads\/2017\/06\/corviale-vista-aerea-250x137.jpg 250w, http:\/\/www.picweb.it\/emm\/blog\/wp-content\/uploads\/2017\/06\/corviale-vista-aerea-100x55.jpg 100w\" sizes=\"(max-width: 1343px) 100vw, 1343px\" \/><figcaption id=\"caption-attachment-662\" class=\"wp-caption-text\">vista aerea dell&#8217;agghiacciante complesso di edilizia popolare del Corviale<\/figcaption><\/figure>\n<p>La ragione di questa premessa polemica \u00e8 presto detta.<\/p>\n<p>In occasione del Convegno <em>RoweRome2017<\/em>, mi era stato chiesto di parlare del modello socio-politico-economico dell\u2019ICP all\u2019inizio del XX secolo e di come l\u2019avessi utilizzato per il mio progetto di Rigenerazione Urbana del quartiere <em>Z.E.N.<\/em> di Palermo<a href=\"#_ftn1\" name=\"_ftnref1\">[1]<\/a>\u2026 pluripremiato all\u2019estero ed ignorato in Italia!<\/p>\n<p>La presentazione ha riscosso un notevole apprezzamento da parte dei presenti provenienti da altri Paesi. Costoro, superato lo shock della proiezione dei video dell\u2019intervista di Gregotti nel corso del programma \u201c<em>Le Iene<\/em>\u201d \u2013 cui avevo aggiunto dei sottotitoli in inglese \u2013 hanno potuto rendersi conto dell\u2019assurda sudditanza nei confronti di Gregotti dei professionisti e docenti italiani.<\/p>\n<figure id=\"attachment_450\" aria-describedby=\"caption-attachment-450\" style=\"width: 1365px\" class=\"wp-caption alignnone\"><img decoding=\"async\" data-attachment-id=\"450\" data-permalink=\"http:\/\/www.picweb.it\/emm\/blog\/index.php\/2017\/06\/27\/difendere-lindifendibile-cui-prodest-riflessioni-dopo-il-convegno-rowerome2017\/zen\/\" data-orig-file=\"http:\/\/www.picweb.it\/emm\/blog\/wp-content\/uploads\/2017\/06\/ZEN.jpg\" data-orig-size=\"3872,1848\" data-comments-opened=\"1\" data-image-meta=\"{&quot;aperture&quot;:&quot;0&quot;,&quot;credit&quot;:&quot;&quot;,&quot;camera&quot;:&quot;&quot;,&quot;caption&quot;:&quot;&quot;,&quot;created_timestamp&quot;:&quot;1282302085&quot;,&quot;copyright&quot;:&quot;&quot;,&quot;focal_length&quot;:&quot;0&quot;,&quot;iso&quot;:&quot;0&quot;,&quot;shutter_speed&quot;:&quot;0&quot;,&quot;title&quot;:&quot;&quot;,&quot;orientation&quot;:&quot;0&quot;}\" data-image-title=\"ZEN\" data-image-description=\"\" data-image-caption=\"&lt;p&gt;Vista agghiacciante del quartiere Z.E.N. di Palermo&lt;\/p&gt;\n\" data-large-file=\"http:\/\/www.picweb.it\/emm\/blog\/wp-content\/uploads\/2017\/06\/ZEN-1024x489.jpg\" class=\" wp-image-450\" src=\"http:\/\/www.picweb.it\/emm\/blog\/wp-content\/uploads\/2017\/06\/ZEN.jpg\" alt=\"\" width=\"1365\" height=\"651\" srcset=\"http:\/\/www.picweb.it\/emm\/blog\/wp-content\/uploads\/2017\/06\/ZEN.jpg 3872w, http:\/\/www.picweb.it\/emm\/blog\/wp-content\/uploads\/2017\/06\/ZEN-300x143.jpg 300w, http:\/\/www.picweb.it\/emm\/blog\/wp-content\/uploads\/2017\/06\/ZEN-768x367.jpg 768w, http:\/\/www.picweb.it\/emm\/blog\/wp-content\/uploads\/2017\/06\/ZEN-1024x489.jpg 1024w, http:\/\/www.picweb.it\/emm\/blog\/wp-content\/uploads\/2017\/06\/ZEN-700x334.jpg 700w, http:\/\/www.picweb.it\/emm\/blog\/wp-content\/uploads\/2017\/06\/ZEN-520x248.jpg 520w, http:\/\/www.picweb.it\/emm\/blog\/wp-content\/uploads\/2017\/06\/ZEN-360x172.jpg 360w, http:\/\/www.picweb.it\/emm\/blog\/wp-content\/uploads\/2017\/06\/ZEN-250x119.jpg 250w, http:\/\/www.picweb.it\/emm\/blog\/wp-content\/uploads\/2017\/06\/ZEN-100x48.jpg 100w\" sizes=\"(max-width: 1365px) 100vw, 1365px\" \/><figcaption id=\"caption-attachment-450\" class=\"wp-caption-text\">Vista agghiacciante del quartiere Z.E.N. di Palermo<\/figcaption><\/figure>\n<div style=\"width: 640px;\" class=\"wp-video\"><video class=\"wp-video-shortcode\" id=\"video-448-1\" width=\"640\" height=\"427\" preload=\"metadata\" controls=\"controls\"><source type=\"video\/mp4\" src=\"http:\/\/www.picweb.it\/emm\/blog\/wp-content\/uploads\/2017\/06\/gregotti-e-lo-zen1-mod720.mp4?_=1\" \/><a href=\"http:\/\/www.picweb.it\/emm\/blog\/wp-content\/uploads\/2017\/06\/gregotti-e-lo-zen1-mod720.mp4\">http:\/\/www.picweb.it\/emm\/blog\/wp-content\/uploads\/2017\/06\/gregotti-e-lo-zen1-mod720.mp4<\/a><\/video><\/div>\n<div style=\"width: 640px;\" class=\"wp-video\"><video class=\"wp-video-shortcode\" id=\"video-448-2\" width=\"640\" height=\"427\" preload=\"metadata\" controls=\"controls\"><source type=\"video\/mp4\" src=\"http:\/\/www.picweb.it\/emm\/blog\/wp-content\/uploads\/2017\/06\/gregotti-e-lo-zen2-mod720.mp4?_=2\" \/><a href=\"http:\/\/www.picweb.it\/emm\/blog\/wp-content\/uploads\/2017\/06\/gregotti-e-lo-zen2-mod720.mp4\">http:\/\/www.picweb.it\/emm\/blog\/wp-content\/uploads\/2017\/06\/gregotti-e-lo-zen2-mod720.mp4<\/a><\/video><\/div>\n<p style=\"text-align: left;\">Una delle organizzatrici del convegno, nell\u2019intervento di apertura, aveva elencato i \u201c<em>guru<\/em>\u201d dell\u2019urbanistica italiana, ovvero quei <em>grandi maestri<\/em> cui dobbiamo tutto! Ebbene, se posso condividere il rispetto per molti dei nomi citati, mi viene davvero difficile includere in quell\u2019elenco di \u201c<em>grandi maestri<\/em>\u201d personaggi come Vittorio Gregotti, Giancarlo De Carlo, Carlo Aymonino ed altri progettisti avrebbero meritato di esser condannati a vivere nelle immonde realt\u00e0 che hanno realizzato (ovviamente non per se stessi) nel corso della loro vita!<\/p>\n<p>Se la cosa si fosse limitata a quella introduzione, probabilmente non ci sarebbe stato nulla da aggiungere dopo che il pubblico aveva potuto ascoltare, direttamente dalla bocca di Vittorio Gregotti, quella che \u00e8 la sua reale concezione dell\u2019urbanistica e delle strutture sociali. Tuttavia, nel corso del dibattito finale, in qualit\u00e0 di \u201c<em>padrona di casa<\/em>\u201d che deve esprimere l\u2019ultima parola, l\u2019organizzatrice \u2013 anche in qualit\u00e0 di organizzatrice del vergognoso concorso per la <em>rigenerazione urbana del Corviale di Roma<\/em> \u2013 pur non avendo assistito a tutta la presentazione sul progetto dello Z.E.N. (ergo non avendo ascoltato n\u00e9 come il progetto di rigenerazione sia nato, n\u00e9 come sia stato articolato, n\u00e9 tantomeno aver ascoltato l\u2019intervista di Gregotti) ci ha tenuto a criticare l\u2019idea della demolizione graduale e sostituzione, dando una giustificazione che ha lasciato attoniti gli astanti: \u201c<em>Non si pu\u00f2 immaginare di poter demolire certe cose!\u201d \u00a0<\/em>Alla mia richiesta di spiegarci il perch\u00e9, la risposta \u00e8 stata:<em> \u201cehm \u2026 beh, perch\u00e9 non si pu\u00f2!<\/em>\u201d AMEN!<\/p>\n<p>E dire che, al termine della mia conferenza, l&#8217;oratore successivo Ken McCown dell&#8217;Universit\u00e0 dell&#8217;Arkansas, aveva esordito dicendo di essere contentissimo di aver assistito alla presentazione ed aver potuto vedere per la prima volta il progetto per lo ZEN perch\u00e9, proprio il giorno prima, in una conferenza tenutasi a Houston, aveva sentito citare il mio progetto, preso come modello per un intervento di <em>&#8216;rigenerazione&#8217;<\/em> che verr\u00e0 realizzato nella citt\u00e0 texana!<\/p>\n<figure id=\"attachment_451\" aria-describedby=\"caption-attachment-451\" style=\"width: 1364px\" class=\"wp-caption alignnone\"><img decoding=\"async\" data-attachment-id=\"451\" data-permalink=\"http:\/\/www.picweb.it\/emm\/blog\/index.php\/2017\/06\/27\/difendere-lindifendibile-cui-prodest-riflessioni-dopo-il-convegno-rowerome2017\/colin-rowe-conference-2017-mazzola-how-can-one-regenerate-a\/\" data-orig-file=\"http:\/\/www.picweb.it\/emm\/blog\/wp-content\/uploads\/2017\/06\/sfumata-scura.jpg\" data-orig-size=\"3000,2250\" data-comments-opened=\"1\" data-image-meta=\"{&quot;aperture&quot;:&quot;0&quot;,&quot;credit&quot;:&quot;ettoremaria&quot;,&quot;camera&quot;:&quot;&quot;,&quot;caption&quot;:&quot;&quot;,&quot;created_timestamp&quot;:&quot;0&quot;,&quot;copyright&quot;:&quot;&quot;,&quot;focal_length&quot;:&quot;0&quot;,&quot;iso&quot;:&quot;0&quot;,&quot;shutter_speed&quot;:&quot;0&quot;,&quot;title&quot;:&quot;Colin Rowe Conference 2017 - Mazzola - How can one Regenerate a&quot;,&quot;orientation&quot;:&quot;0&quot;}\" data-image-title=\"Colin Rowe Conference 2017 &amp;#8211; Mazzola &amp;#8211; How can one Regenerate a\" data-image-description=\"\" data-image-caption=\"&lt;p&gt;Quartiere Z.E.N. di Palermo, prima e dopo&lt;\/p&gt;\n\" data-large-file=\"http:\/\/www.picweb.it\/emm\/blog\/wp-content\/uploads\/2017\/06\/sfumata-scura-1024x768.jpg\" class=\" wp-image-451\" src=\"http:\/\/www.picweb.it\/emm\/blog\/wp-content\/uploads\/2017\/06\/sfumata-scura.jpg\" alt=\"\" width=\"1364\" height=\"1023\" srcset=\"http:\/\/www.picweb.it\/emm\/blog\/wp-content\/uploads\/2017\/06\/sfumata-scura.jpg 3000w, http:\/\/www.picweb.it\/emm\/blog\/wp-content\/uploads\/2017\/06\/sfumata-scura-300x225.jpg 300w, http:\/\/www.picweb.it\/emm\/blog\/wp-content\/uploads\/2017\/06\/sfumata-scura-768x576.jpg 768w, http:\/\/www.picweb.it\/emm\/blog\/wp-content\/uploads\/2017\/06\/sfumata-scura-1024x768.jpg 1024w, http:\/\/www.picweb.it\/emm\/blog\/wp-content\/uploads\/2017\/06\/sfumata-scura-700x525.jpg 700w, http:\/\/www.picweb.it\/emm\/blog\/wp-content\/uploads\/2017\/06\/sfumata-scura-520x390.jpg 520w, http:\/\/www.picweb.it\/emm\/blog\/wp-content\/uploads\/2017\/06\/sfumata-scura-360x270.jpg 360w, http:\/\/www.picweb.it\/emm\/blog\/wp-content\/uploads\/2017\/06\/sfumata-scura-250x188.jpg 250w, http:\/\/www.picweb.it\/emm\/blog\/wp-content\/uploads\/2017\/06\/sfumata-scura-100x75.jpg 100w\" sizes=\"(max-width: 1364px) 100vw, 1364px\" \/><figcaption id=\"caption-attachment-451\" class=\"wp-caption-text\">Quartiere Z.E.N. di Palermo, prima e dopo<\/figcaption><\/figure>\n<p>C\u2019\u00e8 da chiedersi quale possa essere la ragione per cui, solo qui in Italia, professori e professionisti, mantengano questa sudditanza culturale nei confronti dei presunti maestri del Novecento \u2026 Quale pu\u00f2 essere la ragione di questo rifiuto di tagliare il cordone ombelicale?<\/p>\n<p>Come ho detto nel corso del mio intervento, potremmo limitarci a non condannare certi \u201c<em>pionieri<\/em>\u201d, fingendo che non sapessero, n\u00e9 potessero immaginare, le conseguenze sull\u2019umanit\u00e0 e sull\u2019ambiente delle opere che andavano realizzando, tuttavia oggi, a distanza di tanti anni, dovremmo riconoscere di avere sufficienti prove del loro fallimento per evitare di continuare a considerarli come grandi modelli.<\/p>\n<p>Personalmente preferirei far riflettere sul fatto che, solo di recente e dopo oltre 5000 anni di storia dell\u2019architettura, l\u2019uomo ha iniziato ad interrogarsi su come possa realizzarsi una citt\u00e0 pi\u00f9 sostenibile! La ragione di questo interrogativo risiede proprio nel modo di costruire gli edifici e le citt\u00e0 sviluppato negli ultimi 80 anni \u2026<\/p>\n<p>Appare paradossale, ma ci\u00f2 che nelle citt\u00e0 e nell\u2019architettura non funziona \u00e8 esattamente ci\u00f2 che, a partire dagli anni \u201930 del secolo trascorso, ci venne presentato ed imposto come \u201c<em>funzionale<\/em>\u201d<a href=\"#_ftn2\" name=\"_ftnref2\">[2]<\/a>!<\/p>\n<p>Come non prendere le distanze \u2013 \u00e8 il caso di dirlo \u2013 dalle imposizioni di Le Corbusier il quale, descrivendo la \u201c<em>Ville Radiesuse<\/em>\u201d asseriva: <em>\u00able citt\u00e0 saranno parte della campagna; io vivr\u00f2 a 30 miglia dal mio ufficio, in una direzione, sotto alberi di pino; la mia segretaria vivr\u00e0 anch\u2019essa a 30 miglia dall\u2019ufficio, ma in direzione opposta e sotto altri alberi di pino. Noi avremo la nostra automobile. Dobbiamo usarla fino a stancarla, consumando strada, superfici e ingranaggi, consumando olio e benzina. Tutto ci\u00f2 che serve per una grande mole di lavoro &#8230; sufficiente per tutti.\u00bb<\/em><\/p>\n<p>Come non fare altrettanto con un personaggio come Gregotti il quale, mentre all\u2019epoca in cui progettava lo ZEN sosteneva, con i suoi colleghi, che il loro ultimo fine fosse quello di<em> \u00abmaterializzare l\u2019idea che la citt\u00e0 storica, espressione delle classi sociali che avevano dominato e oppresso la societ\u00e0 umana, doveva essere abbandonata ai suoi fondatori, mentre alle classi sociali popolari in ascensione sarebbero stati destinati i nuovi quartieri costruiti in periferia che, aggregandosi, avrebbero finito col generare la Nuova Gerusalemme: la citt\u00e0 della societ\u00e0 senza classi, libera, giusta e fraterna\u00bb<\/em><a href=\"#_ftn3\" name=\"_ftnref3\"><em><sup><strong>[3]<\/strong><\/sup><\/em><\/a>, nel corso dell\u2019intervista televisiva<a href=\"#_ftn4\" name=\"_ftnref4\">[4]<\/a> alla domanda <em>\u00abperch\u00e9, se sostiene che sia tanto riuscito e bello non ci va lei a vivere allo ZEN?\u00bb<\/em> rispose: <em>\u00abche c\u2019entra, io faccio l\u2019architetto, non faccio il proletario!\u00bb<\/em><\/p>\n<p>Purtroppo, a causa dell\u2019insegnamento dogmatico ed ideologico operato nelle nostre universit\u00e0, risulta difficilissimo riporre nel dimenticatoio certe \u201c<em>divinit\u00e0<\/em>\u201d sbagliate. Del resto, difficilmente un figlio riuscir\u00e0 a rinnegare il proprio padre, riconoscendone gli errori. Sta dunque alle nuove generazioni documentarsi autonomamente per poter<em> separare il grano dalla pula<\/em> \u2026 ma la cosa non \u00e8 facile.<\/p>\n<p>Per questo, anni fa, nella premessa al mio libro <em>\u201cArchitettura e Urbanistica \u2013 Istruzioni per l\u2019Uso<\/em><a href=\"#_ftn5\" name=\"_ftnref5\"><em><strong>[5]<\/strong><\/em><\/a>\u201d scrissi:<\/p>\n<p>\u201cUn consiglio a tutti i giovani che decidano di iscriversi alle facolt\u00e0 di Architettura e di Ingegneria: prima di varcare la soglia degli atenei sarebbe utile una opportuna <em>profilassi anti lobotomia<\/em> modernista da eseguirsi nell\u2019interesse dell\u2019intera comunit\u00e0, da tempo vittima dell\u2019operato dei progettisti.<\/p>\n<p>Il miglior modo resta lo studio approfondito della Sociologia Urbana \u2013 disciplina nata per studiare e curare gli effetti collaterali dell\u2019operato degli architetti e degli urbanisti Otto-Novecenteschi. Tuttavia, una prima buona e veloce \u201c<em>vaccinazione<\/em>\u201d pu\u00f2 operarsi leggendo l\u2019illuminante testo di Tom Wolfe \u201c<em>Maledetti Architetti<\/em>\u201d<a href=\"#_ftn6\" name=\"_ftnref6\">[6]<\/a>, libro che, da solo, serve a farci vergognare per quello che la gente pensa di noi \u201c<em>grazie<\/em>\u201d a ci\u00f2 che il <em>Modernismo<\/em> ha prodotto!<\/p>\n<p>Dopo anni di tentativi pacati di discussione all\u2019interno della Facolt\u00e0 di Architettura, anni durante i quali ho svolto il ruolo del Mahatma Gandhi, senza riuscire ad ottenere alcuna possibilit\u00e0 di apertura al dialogo, ho deciso di dare alla stampa questo saggio.<\/p>\n<p>Un vecchio adagio popolare dice: <em>non c\u2019\u00e8 peggior sordo di chi non vuole ascoltare<\/em>. Allora, davanti all\u2019arroganza dei fondamentalisti del movimento modernista (e di tutte le pi\u00f9 recenti assurde e contorte derivazioni), penso che non sia pi\u00f9 possibile pensare di mantenere un tono sommesso, penso che serva alzare la voce, almeno quanto loro, nella speranza che finalmente qualcuno ascolti.<\/p>\n<p>Il superego, e la conseguente mancanza totale di rispetto per chiunque altro, dimostrata dalla quasi totalit\u00e0 degli architetti del XX secolo, la loro pretesa di essere infallibili, ma soprattutto il non essersi resi conto di aver accettato di sottomettersi passivamente alle pi\u00f9 abominevoli idee speculative mascherate dal concetto distorto di \u201c<em>modernit\u00e0<\/em>\u201d (<em>Modernismo<\/em>) provenienti da pseudo-culture a noi estranee, hanno generato l\u2019appiattimento del mondo, hanno creato il disagio sociale delle periferie, hanno prodotto il congestionamento dei centri storici, insomma hanno condotto l\u2019Architettura e le nostre citt\u00e0 in un vicolo cieco. (ecc\u2026)\u201d<\/p>\n<p>Tornando quindi ai cattivi maestri ed alla ricaduta delle loro idee sull\u2019intera collettivit\u00e0, voglio ricordare che Le Corbusier, in una delle sue letteracce a Giedion che si rifiutava di pubblicare la Carta di Atene per assenza di consensi all\u2019interno del CIAM, scrisse:<\/p>\n<p>\u00ab<em>Ascolti Giedion: sono dieci anni che <u>sto<\/u> di fronte alla realt\u00e0. <u>Io so<\/u> qual \u00e8 il problema, dove sono le inquietudini, dove sono i freni, dove sono le debolezze, dove sono le buone intenzioni. <u>Io so dove bisogna mirare <\/u>[\u2026] <u>a chi bisogna rivolgersi<\/u>. Il nostro IV Congresso \u00e8 un evento. Semplicemente! [\u2026] L\u2019ultimo giorno sono state prese delle decisioni accettate da tutti. Esse sono oggettive. Ecco il fatto sensazionale: accordo su delle idee oggettive<\/em><a href=\"#_ftn7\" name=\"_ftnref7\"><em><strong>[7]<\/strong><\/em><\/a><em>. <u>Sono idee quelle che devono essere poste di fronte all\u2019opinione pubblica. \u00c8 per questo che il nostro Congresso vive. Se no crepa!<\/u> <u>Queste idee oggettive saranno una verit\u00e0 del 1933 per tutti, in tutti i paesi.<\/u> \u2026 Non dobbiamo sottrarci<u>. Abbiamo dei doveri: degli architetti ci attendono, dei sindaci, dei ministri: in una parola persone che hanno delle responsabilit\u00e0.<\/u> Non si fa un Congresso per affermare delle cose vuote, ma per costruire [\u2026] \u00c8 giunto il momento. Giedion, il mondo brucia. C\u2019\u00e8 bisogno di certezze. <u>Noi siamo i tecnici dell\u2019architettura moderna [\u2026] io chiedo che le risoluzioni siano pubblicate. <\/u><\/em><em><u>La forma mi importa poco<\/u><\/em><a href=\"#_ftn8\" name=\"_ftnref8\">[8]<\/a><em>\u00bb<\/em>.<\/p>\n<p>Ebbene, parafrasando il folle svizzero, posso dire che \u00e8 vero, <strong>il mondo brucia<\/strong>! \u2026 Ma lo fa per colpa sua e dei suoi seguaci fondamentalisti.<\/p>\n<p>Con la pubblicazione della Carta di Atene, fatta in autonomia da Le Corbusier nel \u201941, ben 8 anni dopo il Congresso, si gettarono le basi per la dismissione delle citt\u00e0 a dimensione umana, a beneficio di quella a dimensione di automobile \u2026 e l\u2019Italia fu uno dei primi Paesi a legiferare (Legge Urbanistica 1150\/42) ispirandosi a quelle idee folli.<\/p>\n<p>Come logicamente previsto da Le Corbusier, gli architetti, i sindaci e i ministri in attesa presero quelle follie come oro colato, ed oggi ne paghiamo tutti le conseguenze.<\/p>\n<p>A distanza di tanti anni, per\u00f2, dopo aver registrato il disastro socio-ambientale di certe politiche, \u00e8 giunto il momento di trovare il coraggio per riconoscerne il fallimento totale.<\/p>\n<p>Ragion per cui chi svolge il delicatissimo ruolo di insegnante, piuttosto che ostinarsi a difendere l\u2019indifendibile, dovrebbe condannare chi abbia reso invivibili le nostre citt\u00e0 e promosso il brutto in luogo del bello! \u2026 Se non ne sono capaci, che si facciano da parte e la smettano di fare il lavaggio del cervello delle nuove leve poich\u00e9 queste, come loro, all\u2019indomani della laurea e del tutto in buona fede, rischieranno di superare (in follia) i propri maestri!<\/p>\n<p><a href=\"#_ftnref1\" name=\"_ftn1\">[1]<\/a> Per maggiori informazioni: <a href=\"http:\/\/www.livablecities.org\/articles\/proposal-urban-regeneration-suburb-zen-palermo-italy\">http:\/\/www.livablecities.org\/articles\/proposal-urban-regeneration-suburb-zen-palermo-italy<\/a><\/p>\n<p><a href=\"#_ftnref2\" name=\"_ftn2\">[2]<\/a><a href=\"https:\/\/www.academia.edu\/10339178\/Dietro_il_Modernismo_-_vicende_poco_note_che_cambiarono_il_modo_di_fare_urbanistica_e_architettura\">https:\/\/www.academia.edu\/10339178\/Dietro_il_Modernismo_-_vicende_poco_note_che_cambiarono_il_modo_di_fare_urbanistica_e_architettura<\/a><\/p>\n<p><a href=\"#_ftnref3\" name=\"_ftn3\">[3]<\/a> Andrea Sciascia, <em>Tra le Modernit\u00e0 dell\u2019Architettura \u2013 la questione del Quartiere ZEN 2 di Palermo<\/em>, L\u2019Epos Edizioni, Palermo 2003.<\/p>\n<p><a href=\"#_ftnref4\" name=\"_ftn4\">[4]<\/a> \u201c<em>Le Iene<\/em>\u201d, puntata del 20 febbraio 2007.<\/p>\n<p><a href=\"#_ftnref5\" name=\"_ftn5\">[5]<\/a> <em>Architettura e Urbanistica, Istruzioni per l\u2019Uso \u2013 Architecture and Town Planning, Operation Instructions, (<\/em>con prefazione di L\u00e9on Krier), Gangemi Edizioni, Roma 2006<\/p>\n<p><a href=\"#_ftnref6\" name=\"_ftn6\">[6]<\/a> Bompiani Edizioni, Milano 1988-2001 \u2013 Titolo originale <em>From Bauhaus to our house<\/em><\/p>\n<p><a href=\"#_ftnref7\" name=\"_ftn7\">[7]<\/a> Da quanto ho raccontato alla pagine precedente sappiamo bene che non \u00e8 vero!<\/p>\n<p><a href=\"#_ftnref8\" name=\"_ftn8\">[8]<\/a> in <em>Antologia di testi e documenti del IV Congresso internazionale di architettura moderna<\/em>, a cura di P. G. Gerosa, pp. 433-434.<\/p>\n","protected":false},"excerpt":{"rendered":"<p>Questo post potrebbe essere frainteso come un qualcosa di personale se non fosse che, nella realt\u00e0, riguarda tutti noi e, soprattutto, tutta la povera gente che, a partire dagli anni \u201960 del secolo scorso, \u00e8 stata costretta a vivere in [&hellip;]<\/p>\n","protected":false},"author":2,"featured_media":0,"comment_status":"open","ping_status":"open","sticky":false,"template":"","format":"standard","meta":{"jetpack_post_was_ever_published":false,"_jetpack_newsletter_access":"","_jetpack_dont_email_post_to_subs":false,"_jetpack_newsletter_tier_id":0,"_jetpack_memberships_contains_paywalled_content":false,"_jetpack_memberships_contains_paid_content":false,"footnotes":""},"categories":[20,41,22],"tags":[36,5,13,102,57,12,14,55,101,15,8,10,32,100,4,19,64],"class_list":["post-448","post","type-post","status-publish","format-standard","hentry","category-architettura","category-progettazione-urbana","category-urbanistica","tag-architetti","tag-architettura","tag-archmazzola","tag-corviale-di-roma","tag-disfunzioni","tag-ettore-maria-mazzola","tag-ettore-mazzola","tag-funzionalismo","tag-gregotti","tag-mazzola","tag-progettazione","tag-rigenerazione-urbana","tag-roma","tag-rowerome2017","tag-urbanistica","tag-urbanistica-tradizionale","tag-zen-di-palermo","clearfix"],"yoast_head":"<!-- This site is optimized with the Yoast SEO plugin v27.3 - https:\/\/yoast.com\/product\/yoast-seo-wordpress\/ -->\r\n<title>Difendere l\u2019indifendibile \u2026 cui prodest? Riflessioni dopo il Convegno RoweRome2017 - virtutem forma decorat<\/title>\r\n<meta name=\"robots\" content=\"index, follow, max-snippet:-1, max-image-preview:large, max-video-preview:-1\" \/>\r\n<link rel=\"canonical\" href=\"https:\/\/www.picweb.it\/emm\/blog\/index.php\/2017\/06\/27\/difendere-lindifendibile-cui-prodest-riflessioni-dopo-il-convegno-rowerome2017\/\" \/>\r\n<meta property=\"og:locale\" content=\"it_IT\" \/>\r\n<meta property=\"og:type\" content=\"article\" \/>\r\n<meta property=\"og:title\" content=\"Difendere l\u2019indifendibile \u2026 cui prodest? Riflessioni dopo il Convegno RoweRome2017 - virtutem forma decorat\" \/>\r\n<meta property=\"og:description\" content=\"Questo post potrebbe essere frainteso come un qualcosa di personale se non fosse che, nella realt\u00e0, riguarda tutti noi e, soprattutto, tutta la povera gente che, a partire dagli anni \u201960 del secolo scorso, \u00e8 stata costretta a vivere in [&hellip;]\" \/>\r\n<meta property=\"og:url\" content=\"https:\/\/www.picweb.it\/emm\/blog\/index.php\/2017\/06\/27\/difendere-lindifendibile-cui-prodest-riflessioni-dopo-il-convegno-rowerome2017\/\" \/>\r\n<meta property=\"og:site_name\" content=\"virtutem forma decorat\" \/>\r\n<meta property=\"article:published_time\" content=\"2017-06-27T06:23:26+00:00\" \/>\r\n<meta property=\"article:modified_time\" content=\"2020-03-15T14:50:33+00:00\" \/>\r\n<meta property=\"og:image\" content=\"http:\/\/www.picweb.it\/emm\/blog\/wp-content\/uploads\/2017\/06\/corviale-vista-aerea.jpg\" \/>\r\n<meta name=\"author\" content=\"emmazzola\" \/>\r\n<meta name=\"twitter:card\" content=\"summary_large_image\" \/>\r\n<meta name=\"twitter:creator\" content=\"@ettore_mazzola\" \/>\r\n<meta name=\"twitter:site\" content=\"@ettore_mazzola\" \/>\r\n<meta name=\"twitter:label1\" content=\"Scritto da\" \/>\n\t<meta name=\"twitter:data1\" content=\"emmazzola\" \/>\n\t<meta name=\"twitter:label2\" content=\"Tempo di lettura stimato\" \/>\n\t<meta name=\"twitter:data2\" content=\"11 minuti\" \/>\r\n<script type=\"application\/ld+json\" class=\"yoast-schema-graph\">{\"@context\":\"https:\\\/\\\/schema.org\",\"@graph\":[{\"@type\":\"Article\",\"@id\":\"https:\\\/\\\/www.picweb.it\\\/emm\\\/blog\\\/index.php\\\/2017\\\/06\\\/27\\\/difendere-lindifendibile-cui-prodest-riflessioni-dopo-il-convegno-rowerome2017\\\/#article\",\"isPartOf\":{\"@id\":\"https:\\\/\\\/www.picweb.it\\\/emm\\\/blog\\\/index.php\\\/2017\\\/06\\\/27\\\/difendere-lindifendibile-cui-prodest-riflessioni-dopo-il-convegno-rowerome2017\\\/\"},\"author\":{\"name\":\"emmazzola\",\"@id\":\"http:\\\/\\\/www.picweb.it\\\/emm\\\/blog\\\/#\\\/schema\\\/person\\\/e29c0dd15f13008bd4c7682e6130977f\"},\"headline\":\"Difendere l\u2019indifendibile \u2026 cui prodest? Riflessioni dopo il Convegno RoweRome2017\",\"datePublished\":\"2017-06-27T06:23:26+00:00\",\"dateModified\":\"2020-03-15T14:50:33+00:00\",\"mainEntityOfPage\":{\"@id\":\"https:\\\/\\\/www.picweb.it\\\/emm\\\/blog\\\/index.php\\\/2017\\\/06\\\/27\\\/difendere-lindifendibile-cui-prodest-riflessioni-dopo-il-convegno-rowerome2017\\\/\"},\"wordCount\":2038,\"commentCount\":2,\"publisher\":{\"@id\":\"http:\\\/\\\/www.picweb.it\\\/emm\\\/blog\\\/#\\\/schema\\\/person\\\/e29c0dd15f13008bd4c7682e6130977f\"},\"image\":{\"@id\":\"https:\\\/\\\/www.picweb.it\\\/emm\\\/blog\\\/index.php\\\/2017\\\/06\\\/27\\\/difendere-lindifendibile-cui-prodest-riflessioni-dopo-il-convegno-rowerome2017\\\/#primaryimage\"},\"thumbnailUrl\":\"http:\\\/\\\/www.picweb.it\\\/emm\\\/blog\\\/wp-content\\\/uploads\\\/2017\\\/06\\\/corviale-vista-aerea.jpg\",\"keywords\":[\"architetti\",\"architettura\",\"archmazzola\",\"Corviale di Roma\",\"disfunzioni\",\"ettore maria mazzola\",\"ettore mazzola\",\"funzionalismo\",\"Gregotti\",\"mazzola\",\"progettazione\",\"rigenerazione urbana\",\"Roma\",\"RoweRome2017\",\"Urbanistica\",\"urbanistica tradizionale\",\"ZEN di Palermo\"],\"articleSection\":[\"Architettura\",\"progettazione urbana\",\"urbanistica\"],\"inLanguage\":\"it-IT\",\"potentialAction\":[{\"@type\":\"CommentAction\",\"name\":\"Comment\",\"target\":[\"https:\\\/\\\/www.picweb.it\\\/emm\\\/blog\\\/index.php\\\/2017\\\/06\\\/27\\\/difendere-lindifendibile-cui-prodest-riflessioni-dopo-il-convegno-rowerome2017\\\/#respond\"]}]},{\"@type\":\"WebPage\",\"@id\":\"https:\\\/\\\/www.picweb.it\\\/emm\\\/blog\\\/index.php\\\/2017\\\/06\\\/27\\\/difendere-lindifendibile-cui-prodest-riflessioni-dopo-il-convegno-rowerome2017\\\/\",\"url\":\"https:\\\/\\\/www.picweb.it\\\/emm\\\/blog\\\/index.php\\\/2017\\\/06\\\/27\\\/difendere-lindifendibile-cui-prodest-riflessioni-dopo-il-convegno-rowerome2017\\\/\",\"name\":\"Difendere l\u2019indifendibile \u2026 cui prodest? Riflessioni dopo il Convegno RoweRome2017 - virtutem forma decorat\",\"isPartOf\":{\"@id\":\"http:\\\/\\\/www.picweb.it\\\/emm\\\/blog\\\/#website\"},\"primaryImageOfPage\":{\"@id\":\"https:\\\/\\\/www.picweb.it\\\/emm\\\/blog\\\/index.php\\\/2017\\\/06\\\/27\\\/difendere-lindifendibile-cui-prodest-riflessioni-dopo-il-convegno-rowerome2017\\\/#primaryimage\"},\"image\":{\"@id\":\"https:\\\/\\\/www.picweb.it\\\/emm\\\/blog\\\/index.php\\\/2017\\\/06\\\/27\\\/difendere-lindifendibile-cui-prodest-riflessioni-dopo-il-convegno-rowerome2017\\\/#primaryimage\"},\"thumbnailUrl\":\"http:\\\/\\\/www.picweb.it\\\/emm\\\/blog\\\/wp-content\\\/uploads\\\/2017\\\/06\\\/corviale-vista-aerea.jpg\",\"datePublished\":\"2017-06-27T06:23:26+00:00\",\"dateModified\":\"2020-03-15T14:50:33+00:00\",\"breadcrumb\":{\"@id\":\"https:\\\/\\\/www.picweb.it\\\/emm\\\/blog\\\/index.php\\\/2017\\\/06\\\/27\\\/difendere-lindifendibile-cui-prodest-riflessioni-dopo-il-convegno-rowerome2017\\\/#breadcrumb\"},\"inLanguage\":\"it-IT\",\"potentialAction\":[{\"@type\":\"ReadAction\",\"target\":[\"https:\\\/\\\/www.picweb.it\\\/emm\\\/blog\\\/index.php\\\/2017\\\/06\\\/27\\\/difendere-lindifendibile-cui-prodest-riflessioni-dopo-il-convegno-rowerome2017\\\/\"]}]},{\"@type\":\"ImageObject\",\"inLanguage\":\"it-IT\",\"@id\":\"https:\\\/\\\/www.picweb.it\\\/emm\\\/blog\\\/index.php\\\/2017\\\/06\\\/27\\\/difendere-lindifendibile-cui-prodest-riflessioni-dopo-il-convegno-rowerome2017\\\/#primaryimage\",\"url\":\"http:\\\/\\\/www.picweb.it\\\/emm\\\/blog\\\/wp-content\\\/uploads\\\/2017\\\/06\\\/corviale-vista-aerea.jpg\",\"contentUrl\":\"http:\\\/\\\/www.picweb.it\\\/emm\\\/blog\\\/wp-content\\\/uploads\\\/2017\\\/06\\\/corviale-vista-aerea.jpg\",\"width\":1389,\"height\":763,\"caption\":\"vista aerea dell'agghiacciante complesso di edilizia popolare del Corviale\"},{\"@type\":\"BreadcrumbList\",\"@id\":\"https:\\\/\\\/www.picweb.it\\\/emm\\\/blog\\\/index.php\\\/2017\\\/06\\\/27\\\/difendere-lindifendibile-cui-prodest-riflessioni-dopo-il-convegno-rowerome2017\\\/#breadcrumb\",\"itemListElement\":[{\"@type\":\"ListItem\",\"position\":1,\"name\":\"Home\",\"item\":\"http:\\\/\\\/www.picweb.it\\\/emm\\\/blog\\\/\"},{\"@type\":\"ListItem\",\"position\":2,\"name\":\"Difendere l\u2019indifendibile \u2026 cui prodest? Riflessioni dopo il Convegno RoweRome2017\"}]},{\"@type\":\"WebSite\",\"@id\":\"http:\\\/\\\/www.picweb.it\\\/emm\\\/blog\\\/#website\",\"url\":\"http:\\\/\\\/www.picweb.it\\\/emm\\\/blog\\\/\",\"name\":\"virtutem forma decorat\",\"description\":\"The new Architectural blog\",\"publisher\":{\"@id\":\"http:\\\/\\\/www.picweb.it\\\/emm\\\/blog\\\/#\\\/schema\\\/person\\\/e29c0dd15f13008bd4c7682e6130977f\"},\"potentialAction\":[{\"@type\":\"SearchAction\",\"target\":{\"@type\":\"EntryPoint\",\"urlTemplate\":\"http:\\\/\\\/www.picweb.it\\\/emm\\\/blog\\\/?s={search_term_string}\"},\"query-input\":{\"@type\":\"PropertyValueSpecification\",\"valueRequired\":true,\"valueName\":\"search_term_string\"}}],\"inLanguage\":\"it-IT\"},{\"@type\":[\"Person\",\"Organization\"],\"@id\":\"http:\\\/\\\/www.picweb.it\\\/emm\\\/blog\\\/#\\\/schema\\\/person\\\/e29c0dd15f13008bd4c7682e6130977f\",\"name\":\"emmazzola\",\"image\":{\"@type\":\"ImageObject\",\"inLanguage\":\"it-IT\",\"@id\":\"http:\\\/\\\/www.picweb.it\\\/emm\\\/blog\\\/wp-content\\\/uploads\\\/2017\\\/05\\\/cropped-logoVirtutemFormaDecorat_Whigher.png\",\"url\":\"http:\\\/\\\/www.picweb.it\\\/emm\\\/blog\\\/wp-content\\\/uploads\\\/2017\\\/05\\\/cropped-logoVirtutemFormaDecorat_Whigher.png\",\"contentUrl\":\"http:\\\/\\\/www.picweb.it\\\/emm\\\/blog\\\/wp-content\\\/uploads\\\/2017\\\/05\\\/cropped-logoVirtutemFormaDecorat_Whigher.png\",\"width\":200,\"height\":79,\"caption\":\"emmazzola\"},\"logo\":{\"@id\":\"http:\\\/\\\/www.picweb.it\\\/emm\\\/blog\\\/wp-content\\\/uploads\\\/2017\\\/05\\\/cropped-logoVirtutemFormaDecorat_Whigher.png\"},\"url\":\"http:\\\/\\\/www.picweb.it\\\/emm\\\/blog\\\/index.php\\\/author\\\/emmazzola\\\/\"}]}<\/script>\r\n<!-- \/ Yoast SEO plugin. -->","yoast_head_json":{"title":"Difendere l\u2019indifendibile \u2026 cui prodest? Riflessioni dopo il Convegno RoweRome2017 - virtutem forma decorat","robots":{"index":"index","follow":"follow","max-snippet":"max-snippet:-1","max-image-preview":"max-image-preview:large","max-video-preview":"max-video-preview:-1"},"canonical":"https:\/\/www.picweb.it\/emm\/blog\/index.php\/2017\/06\/27\/difendere-lindifendibile-cui-prodest-riflessioni-dopo-il-convegno-rowerome2017\/","og_locale":"it_IT","og_type":"article","og_title":"Difendere l\u2019indifendibile \u2026 cui prodest? Riflessioni dopo il Convegno RoweRome2017 - virtutem forma decorat","og_description":"Questo post potrebbe essere frainteso come un qualcosa di personale se non fosse che, nella realt\u00e0, riguarda tutti noi e, soprattutto, tutta la povera gente che, a partire dagli anni \u201960 del secolo scorso, \u00e8 stata costretta a vivere in [&hellip;]","og_url":"https:\/\/www.picweb.it\/emm\/blog\/index.php\/2017\/06\/27\/difendere-lindifendibile-cui-prodest-riflessioni-dopo-il-convegno-rowerome2017\/","og_site_name":"virtutem forma decorat","article_published_time":"2017-06-27T06:23:26+00:00","article_modified_time":"2020-03-15T14:50:33+00:00","og_image":[{"url":"http:\/\/www.picweb.it\/emm\/blog\/wp-content\/uploads\/2017\/06\/corviale-vista-aerea.jpg","type":"","width":"","height":""}],"author":"emmazzola","twitter_card":"summary_large_image","twitter_creator":"@ettore_mazzola","twitter_site":"@ettore_mazzola","twitter_misc":{"Scritto da":"emmazzola","Tempo di lettura stimato":"11 minuti"},"schema":{"@context":"https:\/\/schema.org","@graph":[{"@type":"Article","@id":"https:\/\/www.picweb.it\/emm\/blog\/index.php\/2017\/06\/27\/difendere-lindifendibile-cui-prodest-riflessioni-dopo-il-convegno-rowerome2017\/#article","isPartOf":{"@id":"https:\/\/www.picweb.it\/emm\/blog\/index.php\/2017\/06\/27\/difendere-lindifendibile-cui-prodest-riflessioni-dopo-il-convegno-rowerome2017\/"},"author":{"name":"emmazzola","@id":"http:\/\/www.picweb.it\/emm\/blog\/#\/schema\/person\/e29c0dd15f13008bd4c7682e6130977f"},"headline":"Difendere l\u2019indifendibile \u2026 cui prodest? Riflessioni dopo il Convegno RoweRome2017","datePublished":"2017-06-27T06:23:26+00:00","dateModified":"2020-03-15T14:50:33+00:00","mainEntityOfPage":{"@id":"https:\/\/www.picweb.it\/emm\/blog\/index.php\/2017\/06\/27\/difendere-lindifendibile-cui-prodest-riflessioni-dopo-il-convegno-rowerome2017\/"},"wordCount":2038,"commentCount":2,"publisher":{"@id":"http:\/\/www.picweb.it\/emm\/blog\/#\/schema\/person\/e29c0dd15f13008bd4c7682e6130977f"},"image":{"@id":"https:\/\/www.picweb.it\/emm\/blog\/index.php\/2017\/06\/27\/difendere-lindifendibile-cui-prodest-riflessioni-dopo-il-convegno-rowerome2017\/#primaryimage"},"thumbnailUrl":"http:\/\/www.picweb.it\/emm\/blog\/wp-content\/uploads\/2017\/06\/corviale-vista-aerea.jpg","keywords":["architetti","architettura","archmazzola","Corviale di Roma","disfunzioni","ettore maria mazzola","ettore mazzola","funzionalismo","Gregotti","mazzola","progettazione","rigenerazione urbana","Roma","RoweRome2017","Urbanistica","urbanistica tradizionale","ZEN di Palermo"],"articleSection":["Architettura","progettazione urbana","urbanistica"],"inLanguage":"it-IT","potentialAction":[{"@type":"CommentAction","name":"Comment","target":["https:\/\/www.picweb.it\/emm\/blog\/index.php\/2017\/06\/27\/difendere-lindifendibile-cui-prodest-riflessioni-dopo-il-convegno-rowerome2017\/#respond"]}]},{"@type":"WebPage","@id":"https:\/\/www.picweb.it\/emm\/blog\/index.php\/2017\/06\/27\/difendere-lindifendibile-cui-prodest-riflessioni-dopo-il-convegno-rowerome2017\/","url":"https:\/\/www.picweb.it\/emm\/blog\/index.php\/2017\/06\/27\/difendere-lindifendibile-cui-prodest-riflessioni-dopo-il-convegno-rowerome2017\/","name":"Difendere l\u2019indifendibile \u2026 cui prodest? Riflessioni dopo il Convegno RoweRome2017 - virtutem forma decorat","isPartOf":{"@id":"http:\/\/www.picweb.it\/emm\/blog\/#website"},"primaryImageOfPage":{"@id":"https:\/\/www.picweb.it\/emm\/blog\/index.php\/2017\/06\/27\/difendere-lindifendibile-cui-prodest-riflessioni-dopo-il-convegno-rowerome2017\/#primaryimage"},"image":{"@id":"https:\/\/www.picweb.it\/emm\/blog\/index.php\/2017\/06\/27\/difendere-lindifendibile-cui-prodest-riflessioni-dopo-il-convegno-rowerome2017\/#primaryimage"},"thumbnailUrl":"http:\/\/www.picweb.it\/emm\/blog\/wp-content\/uploads\/2017\/06\/corviale-vista-aerea.jpg","datePublished":"2017-06-27T06:23:26+00:00","dateModified":"2020-03-15T14:50:33+00:00","breadcrumb":{"@id":"https:\/\/www.picweb.it\/emm\/blog\/index.php\/2017\/06\/27\/difendere-lindifendibile-cui-prodest-riflessioni-dopo-il-convegno-rowerome2017\/#breadcrumb"},"inLanguage":"it-IT","potentialAction":[{"@type":"ReadAction","target":["https:\/\/www.picweb.it\/emm\/blog\/index.php\/2017\/06\/27\/difendere-lindifendibile-cui-prodest-riflessioni-dopo-il-convegno-rowerome2017\/"]}]},{"@type":"ImageObject","inLanguage":"it-IT","@id":"https:\/\/www.picweb.it\/emm\/blog\/index.php\/2017\/06\/27\/difendere-lindifendibile-cui-prodest-riflessioni-dopo-il-convegno-rowerome2017\/#primaryimage","url":"http:\/\/www.picweb.it\/emm\/blog\/wp-content\/uploads\/2017\/06\/corviale-vista-aerea.jpg","contentUrl":"http:\/\/www.picweb.it\/emm\/blog\/wp-content\/uploads\/2017\/06\/corviale-vista-aerea.jpg","width":1389,"height":763,"caption":"vista aerea dell'agghiacciante complesso di edilizia popolare del Corviale"},{"@type":"BreadcrumbList","@id":"https:\/\/www.picweb.it\/emm\/blog\/index.php\/2017\/06\/27\/difendere-lindifendibile-cui-prodest-riflessioni-dopo-il-convegno-rowerome2017\/#breadcrumb","itemListElement":[{"@type":"ListItem","position":1,"name":"Home","item":"http:\/\/www.picweb.it\/emm\/blog\/"},{"@type":"ListItem","position":2,"name":"Difendere l\u2019indifendibile \u2026 cui prodest? Riflessioni dopo il Convegno RoweRome2017"}]},{"@type":"WebSite","@id":"http:\/\/www.picweb.it\/emm\/blog\/#website","url":"http:\/\/www.picweb.it\/emm\/blog\/","name":"virtutem forma decorat","description":"The new Architectural blog","publisher":{"@id":"http:\/\/www.picweb.it\/emm\/blog\/#\/schema\/person\/e29c0dd15f13008bd4c7682e6130977f"},"potentialAction":[{"@type":"SearchAction","target":{"@type":"EntryPoint","urlTemplate":"http:\/\/www.picweb.it\/emm\/blog\/?s={search_term_string}"},"query-input":{"@type":"PropertyValueSpecification","valueRequired":true,"valueName":"search_term_string"}}],"inLanguage":"it-IT"},{"@type":["Person","Organization"],"@id":"http:\/\/www.picweb.it\/emm\/blog\/#\/schema\/person\/e29c0dd15f13008bd4c7682e6130977f","name":"emmazzola","image":{"@type":"ImageObject","inLanguage":"it-IT","@id":"http:\/\/www.picweb.it\/emm\/blog\/wp-content\/uploads\/2017\/05\/cropped-logoVirtutemFormaDecorat_Whigher.png","url":"http:\/\/www.picweb.it\/emm\/blog\/wp-content\/uploads\/2017\/05\/cropped-logoVirtutemFormaDecorat_Whigher.png","contentUrl":"http:\/\/www.picweb.it\/emm\/blog\/wp-content\/uploads\/2017\/05\/cropped-logoVirtutemFormaDecorat_Whigher.png","width":200,"height":79,"caption":"emmazzola"},"logo":{"@id":"http:\/\/www.picweb.it\/emm\/blog\/wp-content\/uploads\/2017\/05\/cropped-logoVirtutemFormaDecorat_Whigher.png"},"url":"http:\/\/www.picweb.it\/emm\/blog\/index.php\/author\/emmazzola\/"}]}},"jetpack_featured_media_url":"","jetpack_sharing_enabled":true,"jetpack_shortlink":"https:\/\/wp.me\/p8HWjS-7e","jetpack-related-posts":[],"jetpack_likes_enabled":true,"_links":{"self":[{"href":"http:\/\/www.picweb.it\/emm\/blog\/index.php\/wp-json\/wp\/v2\/posts\/448","targetHints":{"allow":["GET"]}}],"collection":[{"href":"http:\/\/www.picweb.it\/emm\/blog\/index.php\/wp-json\/wp\/v2\/posts"}],"about":[{"href":"http:\/\/www.picweb.it\/emm\/blog\/index.php\/wp-json\/wp\/v2\/types\/post"}],"author":[{"embeddable":true,"href":"http:\/\/www.picweb.it\/emm\/blog\/index.php\/wp-json\/wp\/v2\/users\/2"}],"replies":[{"embeddable":true,"href":"http:\/\/www.picweb.it\/emm\/blog\/index.php\/wp-json\/wp\/v2\/comments?post=448"}],"version-history":[{"count":6,"href":"http:\/\/www.picweb.it\/emm\/blog\/index.php\/wp-json\/wp\/v2\/posts\/448\/revisions"}],"predecessor-version":[{"id":2139,"href":"http:\/\/www.picweb.it\/emm\/blog\/index.php\/wp-json\/wp\/v2\/posts\/448\/revisions\/2139"}],"wp:attachment":[{"href":"http:\/\/www.picweb.it\/emm\/blog\/index.php\/wp-json\/wp\/v2\/media?parent=448"}],"wp:term":[{"taxonomy":"category","embeddable":true,"href":"http:\/\/www.picweb.it\/emm\/blog\/index.php\/wp-json\/wp\/v2\/categories?post=448"},{"taxonomy":"post_tag","embeddable":true,"href":"http:\/\/www.picweb.it\/emm\/blog\/index.php\/wp-json\/wp\/v2\/tags?post=448"}],"curies":[{"name":"wp","href":"https:\/\/api.w.org\/{rel}","templated":true}]}}