{"id":437,"date":"2017-06-24T15:11:28","date_gmt":"2017-06-24T13:11:28","guid":{"rendered":"http:\/\/www.picweb.it\/emm\/blog\/?p=437"},"modified":"2017-06-25T11:07:32","modified_gmt":"2017-06-25T09:07:32","slug":"centri-commerciali-no-grazie-e-sono-gli-americani-a-ricordarcelo","status":"publish","type":"post","link":"http:\/\/www.picweb.it\/emm\/blog\/index.php\/2017\/06\/24\/centri-commerciali-no-grazie-e-sono-gli-americani-a-ricordarcelo\/","title":{"rendered":"Centri Commerciali? No, grazie! &#8230; e sono gli americani a ricordarcelo"},"content":{"rendered":"<p>Mentre a Roma si cacciano i soprintendenti che fanno bene il proprio lavoro, mentre in giro per le strade di Roma e d\u2019Italia, tanti negozi di quartiere chiudono i battenti, ammazzati dalla concorrenza dei centri commerciali, mentre in Italia si continuano a realizzare centri commerciali ed outlet lontano dai centri abitati, mentre andiamo perdendo la sicurezza lungo le strade per l\u2019assenza di attivit\u00e0 commerciali, mentre i nostri ipocriti politici si fingono di preoccuparti dell\u2019inquinamento, imponendo targhe alterne e blocchi del traffico \u2026 pur rilasciando concessioni per la costruzione di centri commerciali che obbligano la gente all\u2019uso dell\u2019automobile \u2026 mentre tanto altro, gli inventori degli shopping malls, ormai da pi\u00f9 di un decennio, hanno abbandonato quella immonda tipologia suburbana che, in molti casi, viene demolita e sostituita con quartieri ispirati ai nostri centri storici!<\/p>\n<p>Qualcuno in malafede potrebbe pensare che questa possa essere l\u2019ennesima lamentela, fatta dal sottoscritto, per ragioni nostalgiche e anacronistiche \u2026 e invece questo \u00e8 il succo della conferenza tenuta da June Williamsons<a href=\"#_ftn1\" name=\"_ftnref1\">[1]<\/a>, in occasione del convegno <em>RoweRome2017<\/em><a href=\"#_ftn2\" name=\"_ftnref2\">[2]<\/a> che si \u00e8 tenuto presso la Facolt\u00e0 di Ingegneria dell\u2019Universit\u00e0 \u201c<em>La Sapienza<\/em>\u201d di Roma dal 21 al 23 giugno 2017.<\/p>\n<p>Nel corso della sua conferenza \u2013 intitolata <em>\u201cSuburban Sprawl Retrofit: Urban Design Lessons, and Questions, from North America<\/em>\u201d \u2013 la Williamsons ha infatti mostrato decine di esempi di Shopping Malls americani i quali, dopo il fallimento, hanno chiuso i battenti e sono stati demoliti, per essere sostituiti con normalissimi quartieri con abitazioni e negozi, o con parchi, oppure semplicemente demoliti in attesa di decisioni &#8230;<\/p>\n<figure id=\"attachment_438\" aria-describedby=\"caption-attachment-438\" style=\"width: 1320px\" class=\"wp-caption aligncenter\"><img fetchpriority=\"high\" decoding=\"async\" data-attachment-id=\"438\" data-permalink=\"http:\/\/www.picweb.it\/emm\/blog\/index.php\/2017\/06\/24\/centri-commerciali-no-grazie-e-sono-gli-americani-a-ricordarcelo\/20170622_105150\/\" data-orig-file=\"http:\/\/www.picweb.it\/emm\/blog\/wp-content\/uploads\/2017\/06\/20170622_105150.jpg\" data-orig-size=\"2362,1289\" data-comments-opened=\"1\" data-image-meta=\"{&quot;aperture&quot;:&quot;0&quot;,&quot;credit&quot;:&quot;&quot;,&quot;camera&quot;:&quot;&quot;,&quot;caption&quot;:&quot;&quot;,&quot;created_timestamp&quot;:&quot;1498128709&quot;,&quot;copyright&quot;:&quot;&quot;,&quot;focal_length&quot;:&quot;0&quot;,&quot;iso&quot;:&quot;0&quot;,&quot;shutter_speed&quot;:&quot;0&quot;,&quot;title&quot;:&quot;&quot;,&quot;orientation&quot;:&quot;0&quot;}\" data-image-title=\"20170622_105150\" data-image-description=\"\" data-image-caption=\"&lt;p&gt;L\u2019immagine presa dalla conferenza di June Williamsons dice: \u201cSprawl \/ Excess &amp;#8211; Una saga in corso negli Stati Uniti dei &amp;#8220;tipi di prodotti&amp;#8221; immobiliari commerciali obsoleti costruiti su una immensa quantit\u00e0 di ettari non pi\u00f9 verdi &amp;#8230; cosa ci sar\u00e0 dopo?\u201d&lt;\/p&gt;\n&lt;p&gt;Nella prima immagine in alto a sinistra si legge: \u201c1100 centri commerciali: 1\/3 sono morti o stanno morendo\u201d&lt;\/p&gt;\n\" data-large-file=\"http:\/\/www.picweb.it\/emm\/blog\/wp-content\/uploads\/2017\/06\/20170622_105150-1024x559.jpg\" class=\" wp-image-438\" src=\"http:\/\/www.picweb.it\/emm\/blog\/wp-content\/uploads\/2017\/06\/20170622_105150.jpg\" alt=\"\" width=\"1320\" height=\"721\" srcset=\"http:\/\/www.picweb.it\/emm\/blog\/wp-content\/uploads\/2017\/06\/20170622_105150.jpg 2362w, http:\/\/www.picweb.it\/emm\/blog\/wp-content\/uploads\/2017\/06\/20170622_105150-300x164.jpg 300w, http:\/\/www.picweb.it\/emm\/blog\/wp-content\/uploads\/2017\/06\/20170622_105150-768x419.jpg 768w, http:\/\/www.picweb.it\/emm\/blog\/wp-content\/uploads\/2017\/06\/20170622_105150-1024x559.jpg 1024w, http:\/\/www.picweb.it\/emm\/blog\/wp-content\/uploads\/2017\/06\/20170622_105150-700x382.jpg 700w, http:\/\/www.picweb.it\/emm\/blog\/wp-content\/uploads\/2017\/06\/20170622_105150-520x284.jpg 520w, http:\/\/www.picweb.it\/emm\/blog\/wp-content\/uploads\/2017\/06\/20170622_105150-360x196.jpg 360w, http:\/\/www.picweb.it\/emm\/blog\/wp-content\/uploads\/2017\/06\/20170622_105150-250x136.jpg 250w, http:\/\/www.picweb.it\/emm\/blog\/wp-content\/uploads\/2017\/06\/20170622_105150-100x55.jpg 100w\" sizes=\"(max-width: 1320px) 100vw, 1320px\" \/><figcaption id=\"caption-attachment-438\" class=\"wp-caption-text\">L\u2019immagine presa dalla conferenza di June Williamsons dice: \u201cSprawl \/ Excess &#8211; Una saga in corso negli Stati Uniti dei &#8220;tipi di prodotti&#8221; immobiliari commerciali obsoleti costruiti su una immensa quantit\u00e0 di ettari non pi\u00f9 verdi &#8230; cosa ci sar\u00e0 dopo?\u201d<br \/>Nella prima immagine in alto a sinistra si legge: \u201c1100 centri commerciali: 1\/3 sono morti o stanno morendo\u201d<\/figcaption><\/figure>\n<figure id=\"attachment_439\" aria-describedby=\"caption-attachment-439\" style=\"width: 1317px\" class=\"wp-caption aligncenter\"><img decoding=\"async\" data-attachment-id=\"439\" data-permalink=\"http:\/\/www.picweb.it\/emm\/blog\/index.php\/2017\/06\/24\/centri-commerciali-no-grazie-e-sono-gli-americani-a-ricordarcelo\/20170622_105813\/\" data-orig-file=\"http:\/\/www.picweb.it\/emm\/blog\/wp-content\/uploads\/2017\/06\/20170622_105813.jpg\" data-orig-size=\"1969,3166\" data-comments-opened=\"1\" data-image-meta=\"{&quot;aperture&quot;:&quot;0&quot;,&quot;credit&quot;:&quot;&quot;,&quot;camera&quot;:&quot;&quot;,&quot;caption&quot;:&quot;&quot;,&quot;created_timestamp&quot;:&quot;1498129092&quot;,&quot;copyright&quot;:&quot;&quot;,&quot;focal_length&quot;:&quot;0&quot;,&quot;iso&quot;:&quot;0&quot;,&quot;shutter_speed&quot;:&quot;0&quot;,&quot;title&quot;:&quot;&quot;,&quot;orientation&quot;:&quot;0&quot;}\" data-image-title=\"20170622_105813\" data-image-description=\"\" data-image-caption=\"&lt;p&gt;Tre immagini prese dalla conferenza di June Williamsons che mostrano il processo di sostituzione graduale di uno shopping mall dismesso con un quartiere di case e negozi. Non si tratta del migliore esempio di urbanistica, ma \u00e8 esplicativo del processo in corso&lt;\/p&gt;\n\" data-large-file=\"http:\/\/www.picweb.it\/emm\/blog\/wp-content\/uploads\/2017\/06\/20170622_105813-637x1024.jpg\" class=\" wp-image-439\" src=\"http:\/\/www.picweb.it\/emm\/blog\/wp-content\/uploads\/2017\/06\/20170622_105813.jpg\" alt=\"\" width=\"1317\" height=\"2118\" srcset=\"http:\/\/www.picweb.it\/emm\/blog\/wp-content\/uploads\/2017\/06\/20170622_105813.jpg 1969w, http:\/\/www.picweb.it\/emm\/blog\/wp-content\/uploads\/2017\/06\/20170622_105813-187x300.jpg 187w, http:\/\/www.picweb.it\/emm\/blog\/wp-content\/uploads\/2017\/06\/20170622_105813-768x1235.jpg 768w, http:\/\/www.picweb.it\/emm\/blog\/wp-content\/uploads\/2017\/06\/20170622_105813-637x1024.jpg 637w, http:\/\/www.picweb.it\/emm\/blog\/wp-content\/uploads\/2017\/06\/20170622_105813-700x1126.jpg 700w, http:\/\/www.picweb.it\/emm\/blog\/wp-content\/uploads\/2017\/06\/20170622_105813-520x836.jpg 520w, http:\/\/www.picweb.it\/emm\/blog\/wp-content\/uploads\/2017\/06\/20170622_105813-360x579.jpg 360w, http:\/\/www.picweb.it\/emm\/blog\/wp-content\/uploads\/2017\/06\/20170622_105813-250x402.jpg 250w, http:\/\/www.picweb.it\/emm\/blog\/wp-content\/uploads\/2017\/06\/20170622_105813-100x161.jpg 100w\" sizes=\"(max-width: 1317px) 100vw, 1317px\" \/><figcaption id=\"caption-attachment-439\" class=\"wp-caption-text\">Tre immagini prese dalla conferenza di June Williamsons che mostrano il processo di sostituzione graduale di uno shopping mall dismesso con un quartiere di case e negozi. Non si tratta del migliore esempio di urbanistica, ma \u00e8 esplicativo del processo in corso<\/figcaption><\/figure>\n<p>\u00c8 stato un vero peccato che i promotori di centri commerciali in Italia non fossero stati presenti ad ascoltare la descrizione socio-economico-ambientale di quel fenomeno in corso negli States. Peccato che, nonostante gli odiosi crediti formativi, i professionisti italiani (spesso malati di esterofilia) non fossero presenti per potersi rendere conto che, nella loro esterofilia, dovrebbero almeno saper scegliere oculatamente i modelli che funzionano e quelli da evitare! Peccato che il Presidente dell&#8217;Ordine degli Architetti fosse scomparso, dopo la sua patetica comparsata di introduzione al convegno. Ridolfi infatti, nel suo brevissimo discorso introduttivo, \u00e8 stato in grado di promuovere tutto ci\u00f2 che, nei tre giorni di convegno, \u00e8 stato raccontato come totalmente da evitare!<\/p>\n<p>Secondo il Presidente dell\u2019Ordine degli Architetti di Roma, per il bene della citt\u00e0 e della nostra professione, dovremmo sposare il modello di sviluppo Londinese della \u201c<em>Citt\u00e0 Verticale<\/em>\u201d nonch\u00e9, per il bene dell\u2019ambiente, dovremmo promuovere la realizzazione delle \u201c<em>coperture verdi<\/em>\u201d ed edifici ispirati al \u201c<em>Bosco Verticale<\/em>\u201d di Boeri!!! Roba da non credere! E pensare che, solo il giorno prima, su questo blog, avevo scritto un post che spiegava le ragioni per cui, proprio queste cose sarebbero le prime da evitare<a href=\"#_ftn3\" name=\"_ftnref3\">[3]<\/a>!<\/p>\n<p>Come detto, in perfetto stile comportamentale da \u201c<em>rappresentate istituzionale italiano<\/em>\u201d il Presidente dell\u2019Ordine, fatto il suo discorso, \u00e8 scomparso dal convegno \u2026 evidentemente lui, da Presidente, sa gi\u00e0 tutto e non pu\u00f2 perdere tempo ad ascoltare convegni che potrebbero fargli imparare qualcosa, solo noi comuni mortali dobbiamo essere vessati con l\u2019obbligo dei \u201c<em>crediti formativi permanenti<\/em>\u201d!<\/p>\n<p>A conferma del discorso della Williamsons, riporto un paio di casi ben documentati: la demolizione del <em>Cinderella Center Shopping Mall<\/em> in Colorado, costruito nel 1968 sostituito nel 2000 dall\u2019<em>Engelwood City Center<\/em><a href=\"#_ftn4\" name=\"_ftnref4\">[4]<\/a>, e la demolizione del <em>Southglenn Shopping Mall<\/em> di Centennial, sempre in Colorado, costruito nel 1974, demolito nel 2006 e sostituito da un quartiere di case e negozi nel 2008.<\/p>\n<figure id=\"attachment_440\" aria-describedby=\"caption-attachment-440\" style=\"width: 1334px\" class=\"wp-caption aligncenter\"><img decoding=\"async\" data-attachment-id=\"440\" data-permalink=\"http:\/\/www.picweb.it\/emm\/blog\/index.php\/2017\/06\/24\/centri-commerciali-no-grazie-e-sono-gli-americani-a-ricordarcelo\/cinderella-city-shopping-mall\/\" data-orig-file=\"http:\/\/www.picweb.it\/emm\/blog\/wp-content\/uploads\/2017\/06\/Cinderella-City-Shopping-Mall.jpg\" data-orig-size=\"1969,994\" data-comments-opened=\"1\" data-image-meta=\"{&quot;aperture&quot;:&quot;0&quot;,&quot;credit&quot;:&quot;&quot;,&quot;camera&quot;:&quot;&quot;,&quot;caption&quot;:&quot;&quot;,&quot;created_timestamp&quot;:&quot;0&quot;,&quot;copyright&quot;:&quot;&quot;,&quot;focal_length&quot;:&quot;0&quot;,&quot;iso&quot;:&quot;0&quot;,&quot;shutter_speed&quot;:&quot;0&quot;,&quot;title&quot;:&quot;&quot;,&quot;orientation&quot;:&quot;0&quot;}\" data-image-title=\"Cinderella City Shopping Mall\" data-image-description=\"\" data-image-caption=\"&lt;p&gt;Cinderella City Shopping Mall in corso di demolizione&lt;\/p&gt;\n\" data-large-file=\"http:\/\/www.picweb.it\/emm\/blog\/wp-content\/uploads\/2017\/06\/Cinderella-City-Shopping-Mall-1024x517.jpg\" class=\" wp-image-440\" src=\"http:\/\/www.picweb.it\/emm\/blog\/wp-content\/uploads\/2017\/06\/Cinderella-City-Shopping-Mall.jpg\" alt=\"\" width=\"1334\" height=\"673\" srcset=\"http:\/\/www.picweb.it\/emm\/blog\/wp-content\/uploads\/2017\/06\/Cinderella-City-Shopping-Mall.jpg 1969w, http:\/\/www.picweb.it\/emm\/blog\/wp-content\/uploads\/2017\/06\/Cinderella-City-Shopping-Mall-300x151.jpg 300w, http:\/\/www.picweb.it\/emm\/blog\/wp-content\/uploads\/2017\/06\/Cinderella-City-Shopping-Mall-768x388.jpg 768w, http:\/\/www.picweb.it\/emm\/blog\/wp-content\/uploads\/2017\/06\/Cinderella-City-Shopping-Mall-1024x517.jpg 1024w, http:\/\/www.picweb.it\/emm\/blog\/wp-content\/uploads\/2017\/06\/Cinderella-City-Shopping-Mall-700x353.jpg 700w, http:\/\/www.picweb.it\/emm\/blog\/wp-content\/uploads\/2017\/06\/Cinderella-City-Shopping-Mall-520x263.jpg 520w, http:\/\/www.picweb.it\/emm\/blog\/wp-content\/uploads\/2017\/06\/Cinderella-City-Shopping-Mall-360x182.jpg 360w, http:\/\/www.picweb.it\/emm\/blog\/wp-content\/uploads\/2017\/06\/Cinderella-City-Shopping-Mall-250x126.jpg 250w, http:\/\/www.picweb.it\/emm\/blog\/wp-content\/uploads\/2017\/06\/Cinderella-City-Shopping-Mall-100x50.jpg 100w\" sizes=\"(max-width: 1334px) 100vw, 1334px\" \/><figcaption id=\"caption-attachment-440\" class=\"wp-caption-text\">Cinderella City Shopping Mall in corso di demolizione<\/figcaption><\/figure>\n<figure id=\"attachment_441\" aria-describedby=\"caption-attachment-441\" style=\"width: 1333px\" class=\"wp-caption aligncenter\"><img loading=\"lazy\" decoding=\"async\" data-attachment-id=\"441\" data-permalink=\"http:\/\/www.picweb.it\/emm\/blog\/index.php\/2017\/06\/24\/centri-commerciali-no-grazie-e-sono-gli-americani-a-ricordarcelo\/cinderella-city-shopping-mall-englewood-city-center\/\" data-orig-file=\"http:\/\/www.picweb.it\/emm\/blog\/wp-content\/uploads\/2017\/06\/Cinderella-City-Shopping-Mall-Englewood-City-Center.jpg\" data-orig-size=\"1481,1224\" data-comments-opened=\"1\" data-image-meta=\"{&quot;aperture&quot;:&quot;0&quot;,&quot;credit&quot;:&quot;&quot;,&quot;camera&quot;:&quot;&quot;,&quot;caption&quot;:&quot;&quot;,&quot;created_timestamp&quot;:&quot;0&quot;,&quot;copyright&quot;:&quot;&quot;,&quot;focal_length&quot;:&quot;0&quot;,&quot;iso&quot;:&quot;0&quot;,&quot;shutter_speed&quot;:&quot;0&quot;,&quot;title&quot;:&quot;&quot;,&quot;orientation&quot;:&quot;0&quot;}\" data-image-title=\"Cinderella City Shopping Mall &amp;#8211; Englewood City Center\" data-image-description=\"\" data-image-caption=\"&lt;p&gt;L\u2019Englewood City Center sorto in sostituzione del Cinderella City Shopping Mall&lt;\/p&gt;\n\" data-large-file=\"http:\/\/www.picweb.it\/emm\/blog\/wp-content\/uploads\/2017\/06\/Cinderella-City-Shopping-Mall-Englewood-City-Center-1024x846.jpg\" class=\" wp-image-441\" src=\"http:\/\/www.picweb.it\/emm\/blog\/wp-content\/uploads\/2017\/06\/Cinderella-City-Shopping-Mall-Englewood-City-Center.jpg\" alt=\"\" width=\"1333\" height=\"1101\" srcset=\"http:\/\/www.picweb.it\/emm\/blog\/wp-content\/uploads\/2017\/06\/Cinderella-City-Shopping-Mall-Englewood-City-Center.jpg 1481w, http:\/\/www.picweb.it\/emm\/blog\/wp-content\/uploads\/2017\/06\/Cinderella-City-Shopping-Mall-Englewood-City-Center-300x248.jpg 300w, http:\/\/www.picweb.it\/emm\/blog\/wp-content\/uploads\/2017\/06\/Cinderella-City-Shopping-Mall-Englewood-City-Center-768x635.jpg 768w, http:\/\/www.picweb.it\/emm\/blog\/wp-content\/uploads\/2017\/06\/Cinderella-City-Shopping-Mall-Englewood-City-Center-1024x846.jpg 1024w, http:\/\/www.picweb.it\/emm\/blog\/wp-content\/uploads\/2017\/06\/Cinderella-City-Shopping-Mall-Englewood-City-Center-700x579.jpg 700w, http:\/\/www.picweb.it\/emm\/blog\/wp-content\/uploads\/2017\/06\/Cinderella-City-Shopping-Mall-Englewood-City-Center-520x430.jpg 520w, http:\/\/www.picweb.it\/emm\/blog\/wp-content\/uploads\/2017\/06\/Cinderella-City-Shopping-Mall-Englewood-City-Center-360x298.jpg 360w, http:\/\/www.picweb.it\/emm\/blog\/wp-content\/uploads\/2017\/06\/Cinderella-City-Shopping-Mall-Englewood-City-Center-250x207.jpg 250w, http:\/\/www.picweb.it\/emm\/blog\/wp-content\/uploads\/2017\/06\/Cinderella-City-Shopping-Mall-Englewood-City-Center-100x83.jpg 100w\" sizes=\"(max-width: 1333px) 100vw, 1333px\" \/><figcaption id=\"caption-attachment-441\" class=\"wp-caption-text\">L\u2019Englewood City Center sorto in sostituzione del Cinderella City Shopping Mall<\/figcaption><\/figure>\n<figure id=\"attachment_442\" aria-describedby=\"caption-attachment-442\" style=\"width: 1332px\" class=\"wp-caption aligncenter\"><img loading=\"lazy\" decoding=\"async\" data-attachment-id=\"442\" data-permalink=\"http:\/\/www.picweb.it\/emm\/blog\/index.php\/2017\/06\/24\/centri-commerciali-no-grazie-e-sono-gli-americani-a-ricordarcelo\/glenn-mall-2006\/\" data-orig-file=\"http:\/\/www.picweb.it\/emm\/blog\/wp-content\/uploads\/2017\/06\/Glenn-Mall-2006.jpg\" data-orig-size=\"1181,730\" data-comments-opened=\"1\" data-image-meta=\"{&quot;aperture&quot;:&quot;0&quot;,&quot;credit&quot;:&quot;&quot;,&quot;camera&quot;:&quot;&quot;,&quot;caption&quot;:&quot;&quot;,&quot;created_timestamp&quot;:&quot;0&quot;,&quot;copyright&quot;:&quot;&quot;,&quot;focal_length&quot;:&quot;0&quot;,&quot;iso&quot;:&quot;0&quot;,&quot;shutter_speed&quot;:&quot;0&quot;,&quot;title&quot;:&quot;&quot;,&quot;orientation&quot;:&quot;0&quot;}\" data-image-title=\"Glenn Mall 2006\" data-image-description=\"\" data-image-caption=\"&lt;p&gt;Southglenn Mall in demolizione nel 2006&lt;\/p&gt;\n\" data-large-file=\"http:\/\/www.picweb.it\/emm\/blog\/wp-content\/uploads\/2017\/06\/Glenn-Mall-2006-1024x633.jpg\" class=\" wp-image-442\" src=\"http:\/\/www.picweb.it\/emm\/blog\/wp-content\/uploads\/2017\/06\/Glenn-Mall-2006.jpg\" alt=\"\" width=\"1332\" height=\"823\" srcset=\"http:\/\/www.picweb.it\/emm\/blog\/wp-content\/uploads\/2017\/06\/Glenn-Mall-2006.jpg 1181w, http:\/\/www.picweb.it\/emm\/blog\/wp-content\/uploads\/2017\/06\/Glenn-Mall-2006-300x185.jpg 300w, http:\/\/www.picweb.it\/emm\/blog\/wp-content\/uploads\/2017\/06\/Glenn-Mall-2006-768x475.jpg 768w, http:\/\/www.picweb.it\/emm\/blog\/wp-content\/uploads\/2017\/06\/Glenn-Mall-2006-1024x633.jpg 1024w, http:\/\/www.picweb.it\/emm\/blog\/wp-content\/uploads\/2017\/06\/Glenn-Mall-2006-700x433.jpg 700w, http:\/\/www.picweb.it\/emm\/blog\/wp-content\/uploads\/2017\/06\/Glenn-Mall-2006-520x321.jpg 520w, http:\/\/www.picweb.it\/emm\/blog\/wp-content\/uploads\/2017\/06\/Glenn-Mall-2006-360x223.jpg 360w, http:\/\/www.picweb.it\/emm\/blog\/wp-content\/uploads\/2017\/06\/Glenn-Mall-2006-500x310.jpg 500w, http:\/\/www.picweb.it\/emm\/blog\/wp-content\/uploads\/2017\/06\/Glenn-Mall-2006-250x155.jpg 250w, http:\/\/www.picweb.it\/emm\/blog\/wp-content\/uploads\/2017\/06\/Glenn-Mall-2006-100x62.jpg 100w\" sizes=\"(max-width: 1332px) 100vw, 1332px\" \/><figcaption id=\"caption-attachment-442\" class=\"wp-caption-text\">Southglenn Mall in demolizione nel 2006<\/figcaption><\/figure>\n<p>&nbsp;<\/p>\n<figure id=\"attachment_443\" aria-describedby=\"caption-attachment-443\" style=\"width: 1331px\" class=\"wp-caption aligncenter\"><img loading=\"lazy\" decoding=\"async\" data-attachment-id=\"443\" data-permalink=\"http:\/\/www.picweb.it\/emm\/blog\/index.php\/2017\/06\/24\/centri-commerciali-no-grazie-e-sono-gli-americani-a-ricordarcelo\/south-glenn-mall-2008\/\" data-orig-file=\"http:\/\/www.picweb.it\/emm\/blog\/wp-content\/uploads\/2017\/06\/South-Glenn-Mall-2008.jpg\" data-orig-size=\"1984,1146\" data-comments-opened=\"1\" data-image-meta=\"{&quot;aperture&quot;:&quot;0&quot;,&quot;credit&quot;:&quot;&quot;,&quot;camera&quot;:&quot;&quot;,&quot;caption&quot;:&quot;&quot;,&quot;created_timestamp&quot;:&quot;0&quot;,&quot;copyright&quot;:&quot;&quot;,&quot;focal_length&quot;:&quot;0&quot;,&quot;iso&quot;:&quot;0&quot;,&quot;shutter_speed&quot;:&quot;0&quot;,&quot;title&quot;:&quot;&quot;,&quot;orientation&quot;:&quot;0&quot;}\" data-image-title=\"South Glenn Mall 2008\" data-image-description=\"\" data-image-caption=\"&lt;p&gt;Quartiere progettato e realizzato nel 2008 in sostituzione del Southglenn Mall&lt;\/p&gt;\n\" data-large-file=\"http:\/\/www.picweb.it\/emm\/blog\/wp-content\/uploads\/2017\/06\/South-Glenn-Mall-2008-1024x591.jpg\" class=\" wp-image-443\" src=\"http:\/\/www.picweb.it\/emm\/blog\/wp-content\/uploads\/2017\/06\/South-Glenn-Mall-2008.jpg\" alt=\"\" width=\"1331\" height=\"769\" srcset=\"http:\/\/www.picweb.it\/emm\/blog\/wp-content\/uploads\/2017\/06\/South-Glenn-Mall-2008.jpg 1984w, http:\/\/www.picweb.it\/emm\/blog\/wp-content\/uploads\/2017\/06\/South-Glenn-Mall-2008-300x173.jpg 300w, http:\/\/www.picweb.it\/emm\/blog\/wp-content\/uploads\/2017\/06\/South-Glenn-Mall-2008-768x444.jpg 768w, http:\/\/www.picweb.it\/emm\/blog\/wp-content\/uploads\/2017\/06\/South-Glenn-Mall-2008-1024x591.jpg 1024w, http:\/\/www.picweb.it\/emm\/blog\/wp-content\/uploads\/2017\/06\/South-Glenn-Mall-2008-700x404.jpg 700w, http:\/\/www.picweb.it\/emm\/blog\/wp-content\/uploads\/2017\/06\/South-Glenn-Mall-2008-520x300.jpg 520w, http:\/\/www.picweb.it\/emm\/blog\/wp-content\/uploads\/2017\/06\/South-Glenn-Mall-2008-360x208.jpg 360w, http:\/\/www.picweb.it\/emm\/blog\/wp-content\/uploads\/2017\/06\/South-Glenn-Mall-2008-250x144.jpg 250w, http:\/\/www.picweb.it\/emm\/blog\/wp-content\/uploads\/2017\/06\/South-Glenn-Mall-2008-100x58.jpg 100w\" sizes=\"(max-width: 1331px) 100vw, 1331px\" \/><figcaption id=\"caption-attachment-443\" class=\"wp-caption-text\">Quartiere progettato e realizzato nel 2008 in sostituzione del Southglenn Mall<\/figcaption><\/figure>\n<p>Tornando alla conferenza della Williamsons, al termine della sua presentazione \u2013 senza conoscere la vicenda del <em>&#8216;business center&#8217;<\/em> collegato allo stadio di Tor di Valle, n\u00e9 la quantit\u00e0 degli orrendi centri commerciali e outlet suburbani realizzati a Roma e in Italia \u2013 ci ha raccontato di come gli investitori americani, non avendo pi\u00f9 mercato negli States, da diversi anni hanno capito che gli conviene investire in Turchia e in Italia per realizzare quelle megastrutture, ormai ritenute obsolete e dismesse nel proprio Paese. Evidentemente, grazie alla nostra classe politica sempre a 90\u00b0 nei confronti degli USA siamo un Paese di polli molto conosciuto all\u2019estero!<\/p>\n<p>Ah se solo i politici che hanno scritto la \u201c<em>legge sugli stadi<\/em>\u201d e quelli delle giunte che hanno causato la gravissima situazione dello stadio \u201c<em>della<\/em>\u201d AS Roma ascoltassero certe conferenze tenute da persone super partes!!!<\/p>\n<p>Ah quanto sarebbe utile che la stampa e le televisioni si prestassero ad informare gli italiani sugli effetti collaterali di certe scelte urbanistiche fallimentari! Sarebbe infatti utile far sapere che la promozione e realizzazione di un centro commerciale crei problemi che, nel tempo, rischiano di divenire insanabili:<\/p>\n<ul>\n<li>Distruggono le comunit\u00e0, privandole di luoghi vitali e socializzanti all\u2019interno dei quartieri urbani;<\/li>\n<li>Rendono la gente dipendente dall\u2019autotrazione;<\/li>\n<li>Privando le strade cittadine dei negozi, ergo privandole di quell\u2019importantissima \u201c<em>sorveglianza spontanea<\/em>\u201d cos\u00ec ben descritta da Jane Jacobs<a href=\"#_ftn5\" name=\"_ftnref5\">[5]<\/a> sin dal 1961, ne compromettono la sicurezza;<\/li>\n<li>Obbligano la collettivit\u00e0 a spese immani per la realizzazione, e\/o adeguamento, delle indispensabili reti infrastrutturali che, solo in minima parte, vengono coperte dagli oneri concessori pagati dai costruttori;<\/li>\n<li>Obbligano ad un consumo di territorio sterminato per poter realizzare gli immani parcheggi e le strade opportunamente dimensionate per assorbire il traffico dei loro fruitori;<\/li>\n<li>In assenza strade adeguate, il pericolo di morte \u00e8 dietro l\u2019angolo! \u2013 Si veda per esempio il caso dell\u2019impennata dei gi\u00e0 frequenti incidenti stradali, spesso mortali, sulla via <em>Cristoforo Colombo\/Pontina<\/em> dopo la realizzazione del <em>Centro Commerciale di Aprilia<\/em>, dell\u2019<em>Outlet di Castel Romano<\/em>, di <em>Cinecitt\u00e0 World<\/em> e del <em>Centro Commerciale Euroma 2<\/em>.<\/li>\n<li>Come ricordato dalla Williamsons nella diapositiva riportata in apertura, anche queste strutture sono destinare a fallire. Secondo i dati mostrati, infatti, nei soli USA, <u>su 1100 centri commerciali analizzati, 1\/3 sono morti o stanno morendo<\/u>!<\/li>\n<\/ul>\n<p>L\u2019elenco degli aspetti dannosi e fallimentari di queste strutture potrebbe andare ancora avanti<a href=\"#_ftn6\" name=\"_ftnref6\">[6]<\/a>, ma credo basti far riflettere tutti gli italiani sani di mente sul fatto che, se nel corso di questa conferenza la Williamsons e altri hanno raccontato dell\u2019obsolescenza \u2013 nel loro Paese \u2013 degli <em>shopping mall<\/em> e dello \u201c<em>zoning funzionale<\/em>\u201d nella pianificazione urbanistica, sarebbe il caso di evitare di farci colonizzare \u201c<em>culturalmente<\/em>\u201d da chi si rivolga al nostro Paese solo perch\u00e9 lo ritiene caratterizzato da un popolo idiota, complessato ed esterofilo, atto a farsi sfruttare per i propri loschi guadagni.<\/p>\n<p>Questo ammonimento si rivolge non solo ai politici e colleghi sofferenti di un ingiustificato complesso di inferiorit\u00e0 culturale nei confronti di altri Paesi, ma anche a tutti quei tifosi romanisti (e lo dico da romanista sfegatato) i quali, presi dall\u2019amore per la propria squadra, non riescono a comprendere che Pallotta &amp; co. li stiano prendendo letteralmente per i fondelli!<\/p>\n<figure id=\"attachment_405\" aria-describedby=\"caption-attachment-405\" style=\"width: 1325px\" class=\"wp-caption aligncenter\"><img loading=\"lazy\" decoding=\"async\" data-attachment-id=\"405\" data-permalink=\"http:\/\/www.picweb.it\/emm\/blog\/index.php\/2017\/06\/15\/lultima-mandrakata-e-il-vincolo-non-ce-piu\/stadio-della-roma-675-2\/\" data-orig-file=\"http:\/\/www.picweb.it\/emm\/blog\/wp-content\/uploads\/2017\/06\/Stadio-della-Roma-675-1.jpg\" data-orig-size=\"675,275\" data-comments-opened=\"1\" data-image-meta=\"{&quot;aperture&quot;:&quot;0&quot;,&quot;credit&quot;:&quot;&quot;,&quot;camera&quot;:&quot;&quot;,&quot;caption&quot;:&quot;&quot;,&quot;created_timestamp&quot;:&quot;0&quot;,&quot;copyright&quot;:&quot;&quot;,&quot;focal_length&quot;:&quot;0&quot;,&quot;iso&quot;:&quot;0&quot;,&quot;shutter_speed&quot;:&quot;0&quot;,&quot;title&quot;:&quot;&quot;,&quot;orientation&quot;:&quot;0&quot;}\" data-image-title=\"Stadio-della-Roma-675\" data-image-description=\"\" data-image-caption=\"&lt;p&gt;L\u2019ultima versione del progetto dello Stadio \u2013 sulla destra, di noti l\u2019esigua distanza dal Tevere che invece, secondo la Legge 431\/85 (Legge Galasso), dovrebbe essere non inferiore a 150 metri dal punto di massima piena&lt;\/p&gt;\n\" data-large-file=\"http:\/\/www.picweb.it\/emm\/blog\/wp-content\/uploads\/2017\/06\/Stadio-della-Roma-675-1.jpg\" class=\" wp-image-405\" src=\"http:\/\/www.picweb.it\/emm\/blog\/wp-content\/uploads\/2017\/06\/Stadio-della-Roma-675-1.jpg\" alt=\"\" width=\"1325\" height=\"540\" srcset=\"http:\/\/www.picweb.it\/emm\/blog\/wp-content\/uploads\/2017\/06\/Stadio-della-Roma-675-1.jpg 675w, http:\/\/www.picweb.it\/emm\/blog\/wp-content\/uploads\/2017\/06\/Stadio-della-Roma-675-1-300x122.jpg 300w, http:\/\/www.picweb.it\/emm\/blog\/wp-content\/uploads\/2017\/06\/Stadio-della-Roma-675-1-520x212.jpg 520w, http:\/\/www.picweb.it\/emm\/blog\/wp-content\/uploads\/2017\/06\/Stadio-della-Roma-675-1-360x147.jpg 360w, http:\/\/www.picweb.it\/emm\/blog\/wp-content\/uploads\/2017\/06\/Stadio-della-Roma-675-1-250x102.jpg 250w, http:\/\/www.picweb.it\/emm\/blog\/wp-content\/uploads\/2017\/06\/Stadio-della-Roma-675-1-100x41.jpg 100w\" sizes=\"(max-width: 1325px) 100vw, 1325px\" \/><figcaption id=\"caption-attachment-405\" class=\"wp-caption-text\">L\u2019ultima versione del progetto dello Stadio<\/figcaption><\/figure>\n<p><a href=\"#_ftnref1\" name=\"_ftn1\">[1]<\/a> Associate Professor of Architecture and Urban Design presso la Spitzer School of Architecture del City College di New York dal 2008. Laureata presso il MIT e la Yale, ha insegnato in precedenza presso la Columbia University GSAPP, Georgia Tech, e la University of Utah. Autrice di \u201c<em>Designing Suburban Futures: New Models from Build a Better Burb<\/em>\u201d e co-autrice di \u201c<em>Retrofitting Suburbia: Urban Design Solutions for Redesigning Suburbs.<\/em>\u201d<\/p>\n<p><a href=\"#_ftnref2\" name=\"_ftn2\">[2]<\/a> <a href=\"https:\/\/colinroweconference2017.wordpress.com\/\">https:\/\/colinroweconference2017.wordpress.com\/<\/a><\/p>\n<p><a href=\"#_ftnref3\" name=\"_ftn3\">[3]<\/a> <a href=\"http:\/\/www.picweb.it\/emm\/blog\/index.php\/2017\/06\/20\/linsostenibilita-dei-presunti-tetti-verdi-sostenibili\/\">http:\/\/www.picweb.it\/emm\/blog\/index.php\/2017\/06\/20\/linsostenibilita-dei-presunti-tetti-verdi-sostenibili\/<\/a><\/p>\n<p><a href=\"#_ftnref4\" name=\"_ftn4\">[4]<\/a> <a href=\"http:\/\/www.englewoodgov.org\/inside-city-hall\/city-departments\/community-development\/redevelopment-projects\/citycenter-englewood\/history-of-cinderella-city-mall\">http:\/\/www.englewoodgov.org\/inside-city-hall\/city-departments\/community-development\/redevelopment-projects\/citycenter-englewood\/history-of-cinderella-city-mall<\/a><\/p>\n<p><a href=\"#_ftnref5\" name=\"_ftn5\">[5]<\/a> <em>Vita e morte delle grandi citt\u00e0 Americane \u2013 <\/em>Tradotto e pubblicato in Italia nel 1969 a cura di Einaudi<\/p>\n<p><a href=\"#_ftnref6\" name=\"_ftn6\">[6]<\/a> Cfr. il mio precedente post <em>L\u2019homo sapiens si fece insipiens \u2026 e pens\u00f2 fosse il progresso <\/em>\u00a0<a href=\"http:\/\/www.picweb.it\/emm\/blog\/index.php\/2017\/06\/07\/lhomo-sapiens-si-fece-insipiens-e-penso-fosse-il-progresso\/\">http:\/\/www.picweb.it\/emm\/blog\/index.php\/2017\/06\/07\/lhomo-sapiens-si-fece-insipiens-e-penso-fosse-il-progresso\/<\/a><\/p>\n","protected":false},"excerpt":{"rendered":"<p>Mentre a Roma si cacciano i soprintendenti che fanno bene il proprio lavoro, mentre in giro per le strade di Roma e d\u2019Italia, tanti negozi di quartiere chiudono i battenti, ammazzati dalla concorrenza dei centri commerciali, mentre in Italia si [&hellip;]<\/p>\n","protected":false},"author":2,"featured_media":0,"comment_status":"open","ping_status":"open","sticky":false,"template":"","format":"standard","meta":{"jetpack_post_was_ever_published":false,"_jetpack_newsletter_access":"","_jetpack_dont_email_post_to_subs":false,"_jetpack_newsletter_tier_id":0,"_jetpack_memberships_contains_paywalled_content":false,"_jetpack_memberships_contains_paid_content":false,"footnotes":""},"categories":[20,52,58,22],"tags":[5,13,98,34,35,12,14,15,32,100,99,9,49,4],"class_list":["post-437","post","type-post","status-publish","format-standard","hentry","category-architettura","category-attualita","category-societa","category-urbanistica","tag-architettura","tag-archmazzola","tag-centri-commerciali","tag-crediti","tag-crediti-formativi","tag-ettore-maria-mazzola","tag-ettore-mazzola","tag-mazzola","tag-roma","tag-rowerome2017","tag-shopping-mall","tag-sostenibilita","tag-stadio-della-as-roma","tag-urbanistica","clearfix"],"yoast_head":"<!-- This site is optimized with the Yoast SEO plugin v27.3 - https:\/\/yoast.com\/product\/yoast-seo-wordpress\/ -->\r\n<title>Centri Commerciali? No, grazie! ... e sono gli americani a ricordarcelo - virtutem forma decorat<\/title>\r\n<meta name=\"robots\" content=\"index, follow, max-snippet:-1, max-image-preview:large, max-video-preview:-1\" \/>\r\n<link rel=\"canonical\" href=\"https:\/\/www.picweb.it\/emm\/blog\/index.php\/2017\/06\/24\/centri-commerciali-no-grazie-e-sono-gli-americani-a-ricordarcelo\/\" \/>\r\n<meta property=\"og:locale\" content=\"it_IT\" \/>\r\n<meta property=\"og:type\" content=\"article\" \/>\r\n<meta property=\"og:title\" content=\"Centri Commerciali? No, grazie! ... e sono gli americani a ricordarcelo - virtutem forma decorat\" \/>\r\n<meta property=\"og:description\" content=\"Mentre a Roma si cacciano i soprintendenti che fanno bene il proprio lavoro, mentre in giro per le strade di Roma e d\u2019Italia, tanti negozi di quartiere chiudono i battenti, ammazzati dalla concorrenza dei centri commerciali, mentre in Italia si [&hellip;]\" \/>\r\n<meta property=\"og:url\" content=\"https:\/\/www.picweb.it\/emm\/blog\/index.php\/2017\/06\/24\/centri-commerciali-no-grazie-e-sono-gli-americani-a-ricordarcelo\/\" \/>\r\n<meta property=\"og:site_name\" content=\"virtutem forma decorat\" \/>\r\n<meta property=\"article:published_time\" content=\"2017-06-24T13:11:28+00:00\" \/>\r\n<meta property=\"article:modified_time\" content=\"2017-06-25T09:07:32+00:00\" \/>\r\n<meta property=\"og:image\" content=\"http:\/\/www.picweb.it\/emm\/blog\/wp-content\/uploads\/2017\/06\/20170622_105150.jpg\" \/>\r\n<meta name=\"author\" content=\"emmazzola\" \/>\r\n<meta name=\"twitter:card\" content=\"summary_large_image\" \/>\r\n<meta name=\"twitter:creator\" content=\"@ettore_mazzola\" \/>\r\n<meta name=\"twitter:site\" content=\"@ettore_mazzola\" \/>\r\n<meta name=\"twitter:label1\" content=\"Scritto da\" \/>\n\t<meta name=\"twitter:data1\" content=\"emmazzola\" \/>\n\t<meta name=\"twitter:label2\" content=\"Tempo di lettura stimato\" \/>\n\t<meta name=\"twitter:data2\" content=\"7 minuti\" \/>\r\n<script type=\"application\/ld+json\" class=\"yoast-schema-graph\">{\"@context\":\"https:\\\/\\\/schema.org\",\"@graph\":[{\"@type\":\"Article\",\"@id\":\"https:\\\/\\\/www.picweb.it\\\/emm\\\/blog\\\/index.php\\\/2017\\\/06\\\/24\\\/centri-commerciali-no-grazie-e-sono-gli-americani-a-ricordarcelo\\\/#article\",\"isPartOf\":{\"@id\":\"https:\\\/\\\/www.picweb.it\\\/emm\\\/blog\\\/index.php\\\/2017\\\/06\\\/24\\\/centri-commerciali-no-grazie-e-sono-gli-americani-a-ricordarcelo\\\/\"},\"author\":{\"name\":\"emmazzola\",\"@id\":\"http:\\\/\\\/www.picweb.it\\\/emm\\\/blog\\\/#\\\/schema\\\/person\\\/e29c0dd15f13008bd4c7682e6130977f\"},\"headline\":\"Centri Commerciali? No, grazie! &#8230; e sono gli americani a ricordarcelo\",\"datePublished\":\"2017-06-24T13:11:28+00:00\",\"dateModified\":\"2017-06-25T09:07:32+00:00\",\"mainEntityOfPage\":{\"@id\":\"https:\\\/\\\/www.picweb.it\\\/emm\\\/blog\\\/index.php\\\/2017\\\/06\\\/24\\\/centri-commerciali-no-grazie-e-sono-gli-americani-a-ricordarcelo\\\/\"},\"wordCount\":1402,\"commentCount\":5,\"publisher\":{\"@id\":\"http:\\\/\\\/www.picweb.it\\\/emm\\\/blog\\\/#\\\/schema\\\/person\\\/e29c0dd15f13008bd4c7682e6130977f\"},\"image\":{\"@id\":\"https:\\\/\\\/www.picweb.it\\\/emm\\\/blog\\\/index.php\\\/2017\\\/06\\\/24\\\/centri-commerciali-no-grazie-e-sono-gli-americani-a-ricordarcelo\\\/#primaryimage\"},\"thumbnailUrl\":\"http:\\\/\\\/www.picweb.it\\\/emm\\\/blog\\\/wp-content\\\/uploads\\\/2017\\\/06\\\/20170622_105150.jpg\",\"keywords\":[\"architettura\",\"archmazzola\",\"centri commerciali\",\"crediti\",\"crediti formativi\",\"ettore maria mazzola\",\"ettore mazzola\",\"mazzola\",\"Roma\",\"RoweRome2017\",\"shopping mall\",\"sostenibilit\u00e0\",\"Stadio della AS Roma\",\"Urbanistica\"],\"articleSection\":[\"Architettura\",\"attualit\u00e0\",\"societ\u00e0\",\"urbanistica\"],\"inLanguage\":\"it-IT\",\"potentialAction\":[{\"@type\":\"CommentAction\",\"name\":\"Comment\",\"target\":[\"https:\\\/\\\/www.picweb.it\\\/emm\\\/blog\\\/index.php\\\/2017\\\/06\\\/24\\\/centri-commerciali-no-grazie-e-sono-gli-americani-a-ricordarcelo\\\/#respond\"]}]},{\"@type\":\"WebPage\",\"@id\":\"https:\\\/\\\/www.picweb.it\\\/emm\\\/blog\\\/index.php\\\/2017\\\/06\\\/24\\\/centri-commerciali-no-grazie-e-sono-gli-americani-a-ricordarcelo\\\/\",\"url\":\"https:\\\/\\\/www.picweb.it\\\/emm\\\/blog\\\/index.php\\\/2017\\\/06\\\/24\\\/centri-commerciali-no-grazie-e-sono-gli-americani-a-ricordarcelo\\\/\",\"name\":\"Centri Commerciali? No, grazie! ... e sono gli americani a ricordarcelo - virtutem forma decorat\",\"isPartOf\":{\"@id\":\"http:\\\/\\\/www.picweb.it\\\/emm\\\/blog\\\/#website\"},\"primaryImageOfPage\":{\"@id\":\"https:\\\/\\\/www.picweb.it\\\/emm\\\/blog\\\/index.php\\\/2017\\\/06\\\/24\\\/centri-commerciali-no-grazie-e-sono-gli-americani-a-ricordarcelo\\\/#primaryimage\"},\"image\":{\"@id\":\"https:\\\/\\\/www.picweb.it\\\/emm\\\/blog\\\/index.php\\\/2017\\\/06\\\/24\\\/centri-commerciali-no-grazie-e-sono-gli-americani-a-ricordarcelo\\\/#primaryimage\"},\"thumbnailUrl\":\"http:\\\/\\\/www.picweb.it\\\/emm\\\/blog\\\/wp-content\\\/uploads\\\/2017\\\/06\\\/20170622_105150.jpg\",\"datePublished\":\"2017-06-24T13:11:28+00:00\",\"dateModified\":\"2017-06-25T09:07:32+00:00\",\"breadcrumb\":{\"@id\":\"https:\\\/\\\/www.picweb.it\\\/emm\\\/blog\\\/index.php\\\/2017\\\/06\\\/24\\\/centri-commerciali-no-grazie-e-sono-gli-americani-a-ricordarcelo\\\/#breadcrumb\"},\"inLanguage\":\"it-IT\",\"potentialAction\":[{\"@type\":\"ReadAction\",\"target\":[\"https:\\\/\\\/www.picweb.it\\\/emm\\\/blog\\\/index.php\\\/2017\\\/06\\\/24\\\/centri-commerciali-no-grazie-e-sono-gli-americani-a-ricordarcelo\\\/\"]}]},{\"@type\":\"ImageObject\",\"inLanguage\":\"it-IT\",\"@id\":\"https:\\\/\\\/www.picweb.it\\\/emm\\\/blog\\\/index.php\\\/2017\\\/06\\\/24\\\/centri-commerciali-no-grazie-e-sono-gli-americani-a-ricordarcelo\\\/#primaryimage\",\"url\":\"http:\\\/\\\/www.picweb.it\\\/emm\\\/blog\\\/wp-content\\\/uploads\\\/2017\\\/06\\\/20170622_105150.jpg\",\"contentUrl\":\"http:\\\/\\\/www.picweb.it\\\/emm\\\/blog\\\/wp-content\\\/uploads\\\/2017\\\/06\\\/20170622_105150.jpg\",\"width\":2362,\"height\":1289,\"caption\":\"L\u2019immagine presa dalla conferenza di June Williamsons dice: \u201cSprawl \\\/ Excess - Una saga in corso negli Stati Uniti dei \\\"tipi di prodotti\\\" immobiliari commerciali obsoleti costruiti su una immensa quantit\u00e0 di ettari non pi\u00f9 verdi ... cosa ci sar\u00e0 dopo?\u201d Nella prima immagine in alto a sinistra si legge: \u201c1100 centri commerciali: 1\\\/3 sono morti o stanno morendo\u201d\"},{\"@type\":\"BreadcrumbList\",\"@id\":\"https:\\\/\\\/www.picweb.it\\\/emm\\\/blog\\\/index.php\\\/2017\\\/06\\\/24\\\/centri-commerciali-no-grazie-e-sono-gli-americani-a-ricordarcelo\\\/#breadcrumb\",\"itemListElement\":[{\"@type\":\"ListItem\",\"position\":1,\"name\":\"Home\",\"item\":\"http:\\\/\\\/www.picweb.it\\\/emm\\\/blog\\\/\"},{\"@type\":\"ListItem\",\"position\":2,\"name\":\"Centri Commerciali? No, grazie! &#8230; e sono gli americani a ricordarcelo\"}]},{\"@type\":\"WebSite\",\"@id\":\"http:\\\/\\\/www.picweb.it\\\/emm\\\/blog\\\/#website\",\"url\":\"http:\\\/\\\/www.picweb.it\\\/emm\\\/blog\\\/\",\"name\":\"virtutem forma decorat\",\"description\":\"The new Architectural blog\",\"publisher\":{\"@id\":\"http:\\\/\\\/www.picweb.it\\\/emm\\\/blog\\\/#\\\/schema\\\/person\\\/e29c0dd15f13008bd4c7682e6130977f\"},\"potentialAction\":[{\"@type\":\"SearchAction\",\"target\":{\"@type\":\"EntryPoint\",\"urlTemplate\":\"http:\\\/\\\/www.picweb.it\\\/emm\\\/blog\\\/?s={search_term_string}\"},\"query-input\":{\"@type\":\"PropertyValueSpecification\",\"valueRequired\":true,\"valueName\":\"search_term_string\"}}],\"inLanguage\":\"it-IT\"},{\"@type\":[\"Person\",\"Organization\"],\"@id\":\"http:\\\/\\\/www.picweb.it\\\/emm\\\/blog\\\/#\\\/schema\\\/person\\\/e29c0dd15f13008bd4c7682e6130977f\",\"name\":\"emmazzola\",\"image\":{\"@type\":\"ImageObject\",\"inLanguage\":\"it-IT\",\"@id\":\"http:\\\/\\\/www.picweb.it\\\/emm\\\/blog\\\/wp-content\\\/uploads\\\/2017\\\/05\\\/cropped-logoVirtutemFormaDecorat_Whigher.png\",\"url\":\"http:\\\/\\\/www.picweb.it\\\/emm\\\/blog\\\/wp-content\\\/uploads\\\/2017\\\/05\\\/cropped-logoVirtutemFormaDecorat_Whigher.png\",\"contentUrl\":\"http:\\\/\\\/www.picweb.it\\\/emm\\\/blog\\\/wp-content\\\/uploads\\\/2017\\\/05\\\/cropped-logoVirtutemFormaDecorat_Whigher.png\",\"width\":200,\"height\":79,\"caption\":\"emmazzola\"},\"logo\":{\"@id\":\"http:\\\/\\\/www.picweb.it\\\/emm\\\/blog\\\/wp-content\\\/uploads\\\/2017\\\/05\\\/cropped-logoVirtutemFormaDecorat_Whigher.png\"},\"url\":\"http:\\\/\\\/www.picweb.it\\\/emm\\\/blog\\\/index.php\\\/author\\\/emmazzola\\\/\"}]}<\/script>\r\n<!-- \/ Yoast SEO plugin. -->","yoast_head_json":{"title":"Centri Commerciali? No, grazie! ... e sono gli americani a ricordarcelo - virtutem forma decorat","robots":{"index":"index","follow":"follow","max-snippet":"max-snippet:-1","max-image-preview":"max-image-preview:large","max-video-preview":"max-video-preview:-1"},"canonical":"https:\/\/www.picweb.it\/emm\/blog\/index.php\/2017\/06\/24\/centri-commerciali-no-grazie-e-sono-gli-americani-a-ricordarcelo\/","og_locale":"it_IT","og_type":"article","og_title":"Centri Commerciali? No, grazie! ... e sono gli americani a ricordarcelo - virtutem forma decorat","og_description":"Mentre a Roma si cacciano i soprintendenti che fanno bene il proprio lavoro, mentre in giro per le strade di Roma e d\u2019Italia, tanti negozi di quartiere chiudono i battenti, ammazzati dalla concorrenza dei centri commerciali, mentre in Italia si [&hellip;]","og_url":"https:\/\/www.picweb.it\/emm\/blog\/index.php\/2017\/06\/24\/centri-commerciali-no-grazie-e-sono-gli-americani-a-ricordarcelo\/","og_site_name":"virtutem forma decorat","article_published_time":"2017-06-24T13:11:28+00:00","article_modified_time":"2017-06-25T09:07:32+00:00","og_image":[{"url":"http:\/\/www.picweb.it\/emm\/blog\/wp-content\/uploads\/2017\/06\/20170622_105150.jpg","type":"","width":"","height":""}],"author":"emmazzola","twitter_card":"summary_large_image","twitter_creator":"@ettore_mazzola","twitter_site":"@ettore_mazzola","twitter_misc":{"Scritto da":"emmazzola","Tempo di lettura stimato":"7 minuti"},"schema":{"@context":"https:\/\/schema.org","@graph":[{"@type":"Article","@id":"https:\/\/www.picweb.it\/emm\/blog\/index.php\/2017\/06\/24\/centri-commerciali-no-grazie-e-sono-gli-americani-a-ricordarcelo\/#article","isPartOf":{"@id":"https:\/\/www.picweb.it\/emm\/blog\/index.php\/2017\/06\/24\/centri-commerciali-no-grazie-e-sono-gli-americani-a-ricordarcelo\/"},"author":{"name":"emmazzola","@id":"http:\/\/www.picweb.it\/emm\/blog\/#\/schema\/person\/e29c0dd15f13008bd4c7682e6130977f"},"headline":"Centri Commerciali? No, grazie! &#8230; e sono gli americani a ricordarcelo","datePublished":"2017-06-24T13:11:28+00:00","dateModified":"2017-06-25T09:07:32+00:00","mainEntityOfPage":{"@id":"https:\/\/www.picweb.it\/emm\/blog\/index.php\/2017\/06\/24\/centri-commerciali-no-grazie-e-sono-gli-americani-a-ricordarcelo\/"},"wordCount":1402,"commentCount":5,"publisher":{"@id":"http:\/\/www.picweb.it\/emm\/blog\/#\/schema\/person\/e29c0dd15f13008bd4c7682e6130977f"},"image":{"@id":"https:\/\/www.picweb.it\/emm\/blog\/index.php\/2017\/06\/24\/centri-commerciali-no-grazie-e-sono-gli-americani-a-ricordarcelo\/#primaryimage"},"thumbnailUrl":"http:\/\/www.picweb.it\/emm\/blog\/wp-content\/uploads\/2017\/06\/20170622_105150.jpg","keywords":["architettura","archmazzola","centri commerciali","crediti","crediti formativi","ettore maria mazzola","ettore mazzola","mazzola","Roma","RoweRome2017","shopping mall","sostenibilit\u00e0","Stadio della AS Roma","Urbanistica"],"articleSection":["Architettura","attualit\u00e0","societ\u00e0","urbanistica"],"inLanguage":"it-IT","potentialAction":[{"@type":"CommentAction","name":"Comment","target":["https:\/\/www.picweb.it\/emm\/blog\/index.php\/2017\/06\/24\/centri-commerciali-no-grazie-e-sono-gli-americani-a-ricordarcelo\/#respond"]}]},{"@type":"WebPage","@id":"https:\/\/www.picweb.it\/emm\/blog\/index.php\/2017\/06\/24\/centri-commerciali-no-grazie-e-sono-gli-americani-a-ricordarcelo\/","url":"https:\/\/www.picweb.it\/emm\/blog\/index.php\/2017\/06\/24\/centri-commerciali-no-grazie-e-sono-gli-americani-a-ricordarcelo\/","name":"Centri Commerciali? No, grazie! ... e sono gli americani a ricordarcelo - virtutem forma decorat","isPartOf":{"@id":"http:\/\/www.picweb.it\/emm\/blog\/#website"},"primaryImageOfPage":{"@id":"https:\/\/www.picweb.it\/emm\/blog\/index.php\/2017\/06\/24\/centri-commerciali-no-grazie-e-sono-gli-americani-a-ricordarcelo\/#primaryimage"},"image":{"@id":"https:\/\/www.picweb.it\/emm\/blog\/index.php\/2017\/06\/24\/centri-commerciali-no-grazie-e-sono-gli-americani-a-ricordarcelo\/#primaryimage"},"thumbnailUrl":"http:\/\/www.picweb.it\/emm\/blog\/wp-content\/uploads\/2017\/06\/20170622_105150.jpg","datePublished":"2017-06-24T13:11:28+00:00","dateModified":"2017-06-25T09:07:32+00:00","breadcrumb":{"@id":"https:\/\/www.picweb.it\/emm\/blog\/index.php\/2017\/06\/24\/centri-commerciali-no-grazie-e-sono-gli-americani-a-ricordarcelo\/#breadcrumb"},"inLanguage":"it-IT","potentialAction":[{"@type":"ReadAction","target":["https:\/\/www.picweb.it\/emm\/blog\/index.php\/2017\/06\/24\/centri-commerciali-no-grazie-e-sono-gli-americani-a-ricordarcelo\/"]}]},{"@type":"ImageObject","inLanguage":"it-IT","@id":"https:\/\/www.picweb.it\/emm\/blog\/index.php\/2017\/06\/24\/centri-commerciali-no-grazie-e-sono-gli-americani-a-ricordarcelo\/#primaryimage","url":"http:\/\/www.picweb.it\/emm\/blog\/wp-content\/uploads\/2017\/06\/20170622_105150.jpg","contentUrl":"http:\/\/www.picweb.it\/emm\/blog\/wp-content\/uploads\/2017\/06\/20170622_105150.jpg","width":2362,"height":1289,"caption":"L\u2019immagine presa dalla conferenza di June Williamsons dice: \u201cSprawl \/ Excess - Una saga in corso negli Stati Uniti dei \"tipi di prodotti\" immobiliari commerciali obsoleti costruiti su una immensa quantit\u00e0 di ettari non pi\u00f9 verdi ... cosa ci sar\u00e0 dopo?\u201d Nella prima immagine in alto a sinistra si legge: \u201c1100 centri commerciali: 1\/3 sono morti o stanno morendo\u201d"},{"@type":"BreadcrumbList","@id":"https:\/\/www.picweb.it\/emm\/blog\/index.php\/2017\/06\/24\/centri-commerciali-no-grazie-e-sono-gli-americani-a-ricordarcelo\/#breadcrumb","itemListElement":[{"@type":"ListItem","position":1,"name":"Home","item":"http:\/\/www.picweb.it\/emm\/blog\/"},{"@type":"ListItem","position":2,"name":"Centri Commerciali? No, grazie! &#8230; e sono gli americani a ricordarcelo"}]},{"@type":"WebSite","@id":"http:\/\/www.picweb.it\/emm\/blog\/#website","url":"http:\/\/www.picweb.it\/emm\/blog\/","name":"virtutem forma decorat","description":"The new Architectural blog","publisher":{"@id":"http:\/\/www.picweb.it\/emm\/blog\/#\/schema\/person\/e29c0dd15f13008bd4c7682e6130977f"},"potentialAction":[{"@type":"SearchAction","target":{"@type":"EntryPoint","urlTemplate":"http:\/\/www.picweb.it\/emm\/blog\/?s={search_term_string}"},"query-input":{"@type":"PropertyValueSpecification","valueRequired":true,"valueName":"search_term_string"}}],"inLanguage":"it-IT"},{"@type":["Person","Organization"],"@id":"http:\/\/www.picweb.it\/emm\/blog\/#\/schema\/person\/e29c0dd15f13008bd4c7682e6130977f","name":"emmazzola","image":{"@type":"ImageObject","inLanguage":"it-IT","@id":"http:\/\/www.picweb.it\/emm\/blog\/wp-content\/uploads\/2017\/05\/cropped-logoVirtutemFormaDecorat_Whigher.png","url":"http:\/\/www.picweb.it\/emm\/blog\/wp-content\/uploads\/2017\/05\/cropped-logoVirtutemFormaDecorat_Whigher.png","contentUrl":"http:\/\/www.picweb.it\/emm\/blog\/wp-content\/uploads\/2017\/05\/cropped-logoVirtutemFormaDecorat_Whigher.png","width":200,"height":79,"caption":"emmazzola"},"logo":{"@id":"http:\/\/www.picweb.it\/emm\/blog\/wp-content\/uploads\/2017\/05\/cropped-logoVirtutemFormaDecorat_Whigher.png"},"url":"http:\/\/www.picweb.it\/emm\/blog\/index.php\/author\/emmazzola\/"}]}},"jetpack_featured_media_url":"","jetpack_sharing_enabled":true,"jetpack_shortlink":"https:\/\/wp.me\/p8HWjS-73","jetpack-related-posts":[],"jetpack_likes_enabled":true,"_links":{"self":[{"href":"http:\/\/www.picweb.it\/emm\/blog\/index.php\/wp-json\/wp\/v2\/posts\/437","targetHints":{"allow":["GET"]}}],"collection":[{"href":"http:\/\/www.picweb.it\/emm\/blog\/index.php\/wp-json\/wp\/v2\/posts"}],"about":[{"href":"http:\/\/www.picweb.it\/emm\/blog\/index.php\/wp-json\/wp\/v2\/types\/post"}],"author":[{"embeddable":true,"href":"http:\/\/www.picweb.it\/emm\/blog\/index.php\/wp-json\/wp\/v2\/users\/2"}],"replies":[{"embeddable":true,"href":"http:\/\/www.picweb.it\/emm\/blog\/index.php\/wp-json\/wp\/v2\/comments?post=437"}],"version-history":[{"count":1,"href":"http:\/\/www.picweb.it\/emm\/blog\/index.php\/wp-json\/wp\/v2\/posts\/437\/revisions"}],"predecessor-version":[{"id":444,"href":"http:\/\/www.picweb.it\/emm\/blog\/index.php\/wp-json\/wp\/v2\/posts\/437\/revisions\/444"}],"wp:attachment":[{"href":"http:\/\/www.picweb.it\/emm\/blog\/index.php\/wp-json\/wp\/v2\/media?parent=437"}],"wp:term":[{"taxonomy":"category","embeddable":true,"href":"http:\/\/www.picweb.it\/emm\/blog\/index.php\/wp-json\/wp\/v2\/categories?post=437"},{"taxonomy":"post_tag","embeddable":true,"href":"http:\/\/www.picweb.it\/emm\/blog\/index.php\/wp-json\/wp\/v2\/tags?post=437"}],"curies":[{"name":"wp","href":"https:\/\/api.w.org\/{rel}","templated":true}]}}