{"id":3769,"date":"2023-02-03T09:28:49","date_gmt":"2023-02-03T08:28:49","guid":{"rendered":"https:\/\/www.picweb.it\/emm\/blog\/?p=3769"},"modified":"2023-02-03T09:29:31","modified_gmt":"2023-02-03T08:29:31","slug":"lurbanistica-dellarroganza-dagli-standard-minimi-alla-loro-monetizzazione-e-poi","status":"publish","type":"post","link":"http:\/\/www.picweb.it\/emm\/blog\/index.php\/2023\/02\/03\/lurbanistica-dellarroganza-dagli-standard-minimi-alla-loro-monetizzazione-e-poi\/","title":{"rendered":"<strong>L\u2019urbanistica dell\u2019arroganza \u2013 dagli Standard minimi alla loro monetizzazione e poi?<\/strong>"},"content":{"rendered":"\n<p><strong>Il caso dell&#8217;ex sede dell&#8217;ENEL di Barletta &#8211; un pericoloso precedente per tutto il territorio nazionale generato da &#8220;norme e &#8220;semplificazioni&#8221; e scorciatoie a beneficio della speculazione<\/strong><\/p>\n\n\n\n<p>Nelle ultime settimane a Barletta si \u00e8 consumato l\u2019ennesimo atto di mala-urbanistica, avente come oggetto la demolizione dell\u2019ex edificio ENEL in viale Marconi, ovvero la demolizione di un abominio edilizio degli anni \u201980 che qualcuno continua erroneamente a definire \u201c<em>palazzo<\/em>\u201d, tipologia ben pi\u00f9 nobile di quell\u2019orrenda scatola di cemento rasa al suolo.<\/p>\n\n\n\n<figure class=\"wp-block-image size-large\"><img fetchpriority=\"high\" decoding=\"async\" width=\"1024\" height=\"634\" data-attachment-id=\"3770\" data-permalink=\"http:\/\/www.picweb.it\/emm\/blog\/index.php\/2023\/02\/03\/lurbanistica-dellarroganza-dagli-standard-minimi-alla-loro-monetizzazione-e-poi\/edificio-enel\/\" data-orig-file=\"http:\/\/www.picweb.it\/emm\/blog\/wp-content\/uploads\/2023\/02\/Edificio-Enel.jpg\" data-orig-size=\"1068,661\" data-comments-opened=\"1\" data-image-meta=\"{&quot;aperture&quot;:&quot;0&quot;,&quot;credit&quot;:&quot;&quot;,&quot;camera&quot;:&quot;&quot;,&quot;caption&quot;:&quot;&quot;,&quot;created_timestamp&quot;:&quot;0&quot;,&quot;copyright&quot;:&quot;&quot;,&quot;focal_length&quot;:&quot;0&quot;,&quot;iso&quot;:&quot;0&quot;,&quot;shutter_speed&quot;:&quot;0&quot;,&quot;title&quot;:&quot;&quot;,&quot;orientation&quot;:&quot;0&quot;}\" data-image-title=\"Edificio-Enel\" data-image-description=\"\" data-image-caption=\"&lt;p&gt;L\u2019edificio ex ENEL prima della demolizione (Fonte: Gazzetta del Mezzogiorno)&lt;\/p&gt;\n\" data-large-file=\"http:\/\/www.picweb.it\/emm\/blog\/wp-content\/uploads\/2023\/02\/Edificio-Enel-1024x634.jpg\" src=\"http:\/\/www.picweb.it\/emm\/blog\/wp-content\/uploads\/2023\/02\/Edificio-Enel-1024x634.jpg\" alt=\"\" class=\"wp-image-3770\" srcset=\"http:\/\/www.picweb.it\/emm\/blog\/wp-content\/uploads\/2023\/02\/Edificio-Enel-1024x634.jpg 1024w, http:\/\/www.picweb.it\/emm\/blog\/wp-content\/uploads\/2023\/02\/Edificio-Enel-300x186.jpg 300w, http:\/\/www.picweb.it\/emm\/blog\/wp-content\/uploads\/2023\/02\/Edificio-Enel-768x475.jpg 768w, http:\/\/www.picweb.it\/emm\/blog\/wp-content\/uploads\/2023\/02\/Edificio-Enel-700x433.jpg 700w, http:\/\/www.picweb.it\/emm\/blog\/wp-content\/uploads\/2023\/02\/Edificio-Enel-520x322.jpg 520w, http:\/\/www.picweb.it\/emm\/blog\/wp-content\/uploads\/2023\/02\/Edificio-Enel-360x223.jpg 360w, http:\/\/www.picweb.it\/emm\/blog\/wp-content\/uploads\/2023\/02\/Edificio-Enel-500x310.jpg 500w, http:\/\/www.picweb.it\/emm\/blog\/wp-content\/uploads\/2023\/02\/Edificio-Enel-250x155.jpg 250w, http:\/\/www.picweb.it\/emm\/blog\/wp-content\/uploads\/2023\/02\/Edificio-Enel-100x62.jpg 100w, http:\/\/www.picweb.it\/emm\/blog\/wp-content\/uploads\/2023\/02\/Edificio-Enel.jpg 1068w\" sizes=\"(max-width: 1024px) 100vw, 1024px\" \/><figcaption class=\"wp-element-caption\">L\u2019edificio ex ENEL prima della demolizione (Fonte: Gazzetta del Mezzogiorno)<\/figcaption><\/figure>\n\n\n\n<p>Qualcuno potrebbe obiettare: perch\u00e9 lamentarsi di questa perdita?<\/p>\n\n\n\n<p>Personalmente, sebbene per ragioni estetiche e ambientali possa essere felicissimo di questa demolizione, nella realt\u00e0 sono esterrefatto dal modo in cui si sia arrivati alla stessa.<\/p>\n\n\n\n<p>Non stiamo infatti parlando di un intervento di \u201c<em>rigenerazione urbana<\/em>\u201d, che tanto bene farebbe in quella squallida parte di citt\u00e0 posta a ridosso della ex Distilleria e del centro cittadino, perch\u00e9 l\u2019oggetto della discussione riguarda una becera operazione finanziaria, messa in atto con il beneplacito della precedente gestione commissariale del Comune prima, e dell\u2019attuale amministrazione versione <em>Ponzio Pilato<\/em> poi.<\/p>\n\n\n\n<p>Non annoier\u00f2 nessuno ricostruendo le fasi salienti di questo percorso \u201c<em>senza ostacoli<\/em>\u201d che ha portato alla demolizione e che tutti i barlettani conoscono, grazie ai tanti articoli pubblicati da Rino Daloiso sulle pagine della Gazzetta del Mezzogiorno<a href=\"#_ftn1\" id=\"_ftnref1\">[1]<\/a>, perch\u00e9 preferisco fare alcune riflessioni sull\u2019argomento e dare dei suggerimenti atti a cambiare il modo di procedere, che riguarda il capoluogo della BAT, ma anche l\u2019intero territorio nazionale.<\/p>\n\n\n\n<p>\u00c8 del 22 settembre 2020 il primo articolo nel quale si dava notizia della proposta di Luca Lacerenza (PD), per la \u201c<em>riqualificazione<\/em>\u201d dell\u2019orrendo edificio abbandonato: \u00ab<em>Sarebbe bello immaginare un possibile intervento di <strong>recupero dell\u2019immobile, che sia anche una ricucitura del tessuto urbano fortemente lacerato in quella parte di citt\u00e0<\/strong> dove l&#8217;abitato, oltre la ferrovia e verso la periferia, si dirada lasciando posto a strutture non residenziali abbandonate. (\u2026) Credo che insieme, come cittadini, possiamo immaginare un futuro diverso per quell&#8217;immobile e pi\u00f9 in generale per<strong> quella parte di citt\u00e0, che da troppo tempo aspetta una maggiore e migliore attenzione delle istituzioni e dei privati<\/strong><\/em>\u00bb.<\/p>\n\n\n\n<p>Una proposta invero sacrosanta, specie laddove si parli della necessaria \u201c<strong><em>ricucitura del tessuto urbano<\/em><\/strong>\u201d \u2026 purtroppo per\u00f2, non tutte le ciambelle riescono col buco!<\/p>\n\n\n\n<p>Da quella data ad oggi, la GdM ha pubblicato almeno altri 15 articoli sull\u2019argomento, con una intensificazione doverosa in concomitanza dell\u2019inizio dell\u2019opera demolitoria, iniziata in sordina il 30 maggio 2022 con delle opere di \u201c<em>interramento cavi<\/em>\u201d a seguito di una CILA e proseguita poi, con una SCIA, fino all\u2019abbattimento dell\u2019edificio, a met\u00e0 gennaio 2023.<\/p>\n\n\n\n<p>Fin qui uno potrebbe dire, <em>tutto \u00e8 bene ci\u00f2 che finisce bene<\/em>, se non fosse che, in realt\u00e0, questa operazione rappresenti <strong>uno degli atti pi\u00f9 arroganti eseguiti in danno alla comunit\u00e0 di Barletta<\/strong>, sotto l\u2019egida di una giunta che, come Ponzio Pilato \u2013 senza rammentare le proprie funzioni, n\u00e9 valutare l\u2019eventuale illegittimit\u00e0 delle autorizzazioni \u2013 ha preferito limitarsi a chiamare in causa l\u2019Avvocatura Comunale la quale, fraintendendone il senso, ha ritenuto corretta la <strong>Delibera<\/strong> <strong>Commissariale del 14 gennaio 2022<\/strong> che ha consentito il <strong>cambio di destinazione urbanistica di un lotto e financo la possibilit\u00e0 di monetizzazione degli standard urbanistici<\/strong>.<\/p>\n\n\n\n<p>Un <strong>precedente pericoloso<\/strong>,<strong> che segna un salto di qualit\u00e0 nel modus operandi di chi gestisce l\u2019edilizia a Barletta<\/strong>: un tempo si demolivano gli edifici privati e si sostituivano con altri edifici privati pi\u00f9 grandi \u2013 e pi\u00f9 brutti \u2013 mentre <strong>oggi si sdoganano gli edifici con funzione pubblica e addirittura le dotazioni minime di standard urbanistici, per realizzare 80 appartamenti privati<\/strong>.<\/p>\n\n\n\n<p><strong>Ancora pi\u00f9 grave \u00e8 che quelle dotazioni minime vengano rimpiazzate da una monetizzazione del loro valore, che non solo non consentir\u00e0 di rimpiazzare quello standard in prossimit\u00e0 del luogo individuato da PRG, ma che mai risulter\u00e0 sufficiente a farlo altrove<\/strong>.<\/p>\n\n\n\n<p>Come \u00e8 possibile modificare la destinazione urbanistica di una parte di citt\u00e0 in assenza di un nuovo Piano Regolatore Generale che, per l\u2019appunto, affronta l\u2019intero territorio comunale al fine di renderlo completo di tutte quelle funzioni atte a ritenere un insediamento urbano completo e autosufficiente?<\/p>\n\n\n\n<p>Lo scorso 19 dicembre l\u2019ing. Francesco Carpagnano, sempre sulla GdM, aveva chiaramente spiegato: \u00ab<strong><em>Nessuno deve mai dimenticare che tutti gli atti e le decisioni di una Pubblica Amministrazione si ripercuotono sempre a favore o in danno dell\u2019intera comunit\u00e0 amministrata, che \u00e8 l\u2019unica a subirne gli effetti ed a pagarne le conseguenze, in caso di scelte inefficaci<\/em><\/strong><em>.<\/em> (\u2026) <em>La questione \u2013 secondo la legge urbanistica \u2013 non pu\u00f2 essere ridotta alla semplice monetizzazione degli standard urbanistici, come si sta dicendo. Il fatto \u00e8 molto pi\u00f9 impattante. Qui si tratta di una <strong>variante sostanziale al Piano Regolatore vigente che non segue l\u2019iter procedurale prescritto per legge<\/strong>.<\/em> (\u2026) <em>il Piano Regolatore (come tutti i piani urbanistici generali o di dettaglio) \u00e8 stato dimensionato, rispettando precise proporzioni fra la parte edificabile e quella da destinare a standard urbanistici, come previsto dal Decreto Ministeriale 1444 del 1968 che ancora oggi \u00e8 vigente e deve essere sistematicamente rispettato per tutte le iniziative pubbliche o private di programmazione e sviluppo del territorio.<\/em> (\u2026) <strong><em>Gli \u201cstandard urbanistici\u201d sono costituiti da tutte quelle aree, strutture e infrastrutture che servono a garantire al cittadino la vivibilit\u00e0 e la sostenibilit\u00e0 ambientale del territorio in cui vive.<\/em><\/strong>(\u2026) <em>Un quartiere o una zona della citt\u00e0, priva o menomata di tali infrastrutture, costituisce un danno ambientale e sociale per tutti i cittadini, a fronte di lauti guadagni da parte di qualcuno. <\/em>(\u2026) <em>Quindi,<strong> per legge, non si pu\u00f2 demolire quel fabbricato che insiste in area per urbanizzazioni secondarie<\/strong> (essendo esso stesso un\u2019attrezzatura riveniente da standard urbanistici) <strong>e realizzare, sic et simpliciter, alloggi di edilizia residenziale privata \u201cmonetizzando\u201d gli standard<\/strong>.<\/em><\/p>\n\n\n\n<p><strong><em>Per la regolarit\u00e0 degli atti, il Comune deve operare una Variante Sostanziale al Piano Regolatore che trasformi quell\u2019area da \u201curbanizzazioni secondarie\u201d ad \u201carea per le residenze\u201d<\/em><\/strong><em>, riconteggiando gli standard urbanistici e verificandone la congruit\u00e0 con le prescrizioni del Decreto Ministeriale 1444\/68. <\/em>(\u2026)\u00bb.<\/p>\n\n\n\n<p>Quanto all\u2019errata interpretazione della Delibera della gestione commissariale, sulla GdM del 7 gennaio 2023, Antonio Divincenzo (PD) aveva ben detto: \u00ab<strong><em>Gli inquilini di Palazzo di Citt\u00e0 si rimettono ai pareri dell\u2019avvocatura e dell\u2019ufficio tecnico, esautorandosi del potere\/dovere politico della scelta.<\/em><\/strong>(\u2026)<em> La verit\u00e0 \u00e8 che la politica dei pavidi ha scelto di nascondersi volutamente per favorire le aspettative di pochi a danno della collettivit\u00e0.<\/em><\/p>\n\n\n\n<p>(\u2026) <strong><em>La politica urbanistica della citt\u00e0, allontana l\u2019approvazione del Piano Urbanistico Generale ed esclude la politica da ogni forma di controllo rispetto alle iniziative private che sottraggono standard alla citt\u00e0 in cambio di mera monetizzazione degli spazi.<\/em> <\/strong>(\u2026) <em>la Delibera del commissario<\/em> <em>con i poteri del consiglio del 14 gennaio 2022 non ha abolito il limite dei 200 metri quadrati al di sopra del quale non \u00e8 consentita la monetizzazione. <\/em>(\u2026)<\/p>\n\n\n\n<p><em>Nella stessa delibera, <strong>il commissario ha determinato un aumento del 30% degli importi stabiliti dallo stesso con la delibera di giunta del 24 novembre 2021, dimostrando di voler aumentare i costi della monetizzazione degli interventi previsti dalla legge regionale.<\/strong> <\/em>(\u2026)<strong> <em>Le due delibere del commissario devono essere lette in una prosecuzione logica<\/em><\/strong>(\u2026)<strong><em> e non in contraddizione, come ha fatto invece l\u2019Avvocatura Comunale<\/em><\/strong><em>.<\/em><\/p>\n\n\n\n<p>(\u2026) <strong><em>La legge regionale prevede la monetizzazione degli standard sui volumi aggiuntivi non sui volumi esistenti. Pertanto: con quale potere il dirigente ha deciso di privare la citt\u00e0 anche dello standard esistente<\/em>?<\/strong>\u00bb<\/p>\n\n\n\n<p>A questo punto andrebbe fatta una riflessione circa ci\u00f2 che definiamo \u201c<em>standard minimi<\/em>\u201d, poich\u00e9 essi stessi, spesso, non risultano minimamente sufficienti a soddisfare le esigenze di una comunit\u00e0. <strong>I moderni PRG, basati sui dettami della Carta di Atene<a href=\"#_ftn2\" id=\"_ftnref2\"><strong>[2]<\/strong><\/a> e sulla \u201c<em>zonizzazione<\/em>\u201d infatti, hanno portato a concepire citt\u00e0 disumane, dove la vita non \u00e8 di casa. Citt\u00e0 caratterizzate da periferie ipertrofiche dove non si incontra una piazza, un giardino o un parco degno di esser definito tale<\/strong>.<\/p>\n\n\n\n<p>Eliminare quindi anche quella dotazione minima, peraltro con la scorciatoia di una monetizzazione, \u00e8 un qualcosa da considerarsi ai confini della realt\u00e0 \u2026 confini che, evidentemente, coincidono con il territorio comunale della Repubblica di Bananas che conosciamo sotto il nome di Barletta.<\/p>\n\n\n\n<p>Barletta, continuer\u00f2 a ripeterlo all\u2019infinito, necessita di un nuovo PUG che, per\u00f2, piuttosto che mettere al centro gli interessi degli immobiliaristi e dei proprietari terrieri \u2013 male comune a tutto il territorio nazionale \u2013 metta al centro della progettazione \u201c<strong><em>il disegno della citt\u00e0<\/em><\/strong>\u201d, facendo in modo che centro e periferia non abbiano distinzioni in termini di presenza e vivibilit\u00e0 degli spazi pubblici, ricordando che<strong> l\u2019urbanistica<\/strong> \u2013 come ramment\u00f2 Fernand L\u00e9ger ai convenuti del IV CIAM del \u201933 \u2013 <strong>\u00e8 sociale<\/strong>, perch\u00e9 <strong>l\u2019urbanistica deve mirare a creare il senso di appartenenza ai luoghi in cui si vive,<\/strong> <strong>piuttosto che dividere e spersonalizzare la gente<\/strong>.<\/p>\n\n\n\n<p>Nel lontano 2004, all\u2019epoca della giunta Salerno, con i nostri studenti della University of Notre Dame, sviluppammo dei progetti per Barletta<a id=\"_ftnref3\" href=\"#_ftn3\">[3]<\/a>, frutto dell\u2019analisi sul campo e delle discussioni avute con gli ex assessori Crescente, Pantheon e Doronzo e alcuni cittadini, relativamente a ci\u00f2 che sarebbe stato utile per migliorare la situazione generale della citt\u00e0.<\/p>\n\n\n\n<figure class=\"wp-block-image size-full\"><img decoding=\"async\" width=\"950\" height=\"671\" data-attachment-id=\"3771\" data-permalink=\"http:\/\/www.picweb.it\/emm\/blog\/index.php\/2023\/02\/03\/lurbanistica-dellarroganza-dagli-standard-minimi-alla-loro-monetizzazione-e-poi\/picture1\/\" data-orig-file=\"http:\/\/www.picweb.it\/emm\/blog\/wp-content\/uploads\/2023\/02\/Picture1.jpg\" data-orig-size=\"950,671\" data-comments-opened=\"1\" data-image-meta=\"{&quot;aperture&quot;:&quot;0&quot;,&quot;credit&quot;:&quot;&quot;,&quot;camera&quot;:&quot;&quot;,&quot;caption&quot;:&quot;&quot;,&quot;created_timestamp&quot;:&quot;0&quot;,&quot;copyright&quot;:&quot;&quot;,&quot;focal_length&quot;:&quot;0&quot;,&quot;iso&quot;:&quot;0&quot;,&quot;shutter_speed&quot;:&quot;0&quot;,&quot;title&quot;:&quot;&quot;,&quot;orientation&quot;:&quot;0&quot;}\" data-image-title=\"Picture1\" data-image-description=\"\" data-image-caption=\"&lt;p&gt;2004 &amp;#8211; Master Plan per Barletta degli studenti del 3\u00b0 anno della University of Notre Dame School of Architecture&lt;\/p&gt;\n\" data-large-file=\"http:\/\/www.picweb.it\/emm\/blog\/wp-content\/uploads\/2023\/02\/Picture1.jpg\" src=\"http:\/\/www.picweb.it\/emm\/blog\/wp-content\/uploads\/2023\/02\/Picture1.jpg\" alt=\"\" class=\"wp-image-3771\" srcset=\"http:\/\/www.picweb.it\/emm\/blog\/wp-content\/uploads\/2023\/02\/Picture1.jpg 950w, http:\/\/www.picweb.it\/emm\/blog\/wp-content\/uploads\/2023\/02\/Picture1-300x212.jpg 300w, http:\/\/www.picweb.it\/emm\/blog\/wp-content\/uploads\/2023\/02\/Picture1-768x542.jpg 768w, http:\/\/www.picweb.it\/emm\/blog\/wp-content\/uploads\/2023\/02\/Picture1-700x494.jpg 700w, http:\/\/www.picweb.it\/emm\/blog\/wp-content\/uploads\/2023\/02\/Picture1-520x367.jpg 520w, http:\/\/www.picweb.it\/emm\/blog\/wp-content\/uploads\/2023\/02\/Picture1-360x254.jpg 360w, http:\/\/www.picweb.it\/emm\/blog\/wp-content\/uploads\/2023\/02\/Picture1-250x177.jpg 250w, http:\/\/www.picweb.it\/emm\/blog\/wp-content\/uploads\/2023\/02\/Picture1-100x71.jpg 100w\" sizes=\"(max-width: 950px) 100vw, 950px\" \/><figcaption class=\"wp-element-caption\">2004 &#8211; Master Plan per Barletta degli studenti del 3\u00b0 anno della University of Notre Dame School of Architecture<\/figcaption><\/figure>\n\n\n\n<p>A quell\u2019epoca emerse subito la <strong>grave cesura esistente tra la citt\u00e0 al di qua e al di l\u00e0 dalla ferrovia<\/strong>, nonch\u00e9 l\u2019impellente <strong>necessit\u00e0 di salvare le splendide strutture dell\u2019ex Distilleria<\/strong>. Tra le varie proposte, manco a dirlo, si pens\u00f2 a come <strong>collegare viale Marconi al resto della citt\u00e0<\/strong> \u2013 passando attraverso l\u2019area della Distilleria \u2013 creando una piazza in pendenza (utilizzabile per spettacoli estivi all\u2019aperto) atta a sottopassare, attraverso una galleria commerciale, la ferrovia, per giungere in Piazza Conteduca e da l\u00ec, attraverso viale Giannone e via Baccarini, attraversare Piazza Moro e via Consalvo da Cordova e convergere nell\u2019area di Piazza Plebiscito da dove, attraverso via dei Teatini e via Santo Stefano, scendere al mare oppure continuare a passeggiare lungo via Cialdini e il centro storico, per raggiungere la Cattedrale, il Castello e\/o il Porto \u2026 un asse pedonale e semi-pedonale in grado di ricucire la citt\u00e0 e ridurre drasticamente il traffico, oltre che rendere sicura, anche nelle ore notturne, una parte di citt\u00e0 che sembra essere terra di nessuno.<\/p>\n\n\n\n<p>19 anni fa, ovviamente, non si poteva sperare nella sparizione dell\u2019orripilante edificio dell\u2019ENEL, sicch\u00e9 ci si limit\u00f2 ad immaginare, davanti alla chiesa dei Cappuccini, una nuova piazzetta dalla quale far partire una sorta di \u201c<em>cardo<\/em>\u201d, quale anima della \u201c<em>futura Barletta a dimensione pedonale<\/em>\u201d.<\/p>\n\n\n\n<p>Oggi invece, con la scomparsa dell\u2019edificio ENEL, si aprono nuovi orizzonti al nuovo assetto cittadino, che consentirebbero la realizzazione di uno spazio pubblico ancora pi\u00f9 significativo della piazzetta proposta per la chiesa dei Cappuccini, che potrebbe venire a configurarsi come una \u201c<em>cerniera<\/em>\u201d di collegamento per via Enrico Fermi e l\u2019intero quartiere Borgovilla-Patalini.<\/p>\n\n\n\n<figure class=\"wp-block-image size-large\"><img decoding=\"async\" width=\"1024\" height=\"734\" data-attachment-id=\"3772\" data-permalink=\"http:\/\/www.picweb.it\/emm\/blog\/index.php\/2023\/02\/03\/lurbanistica-dellarroganza-dagli-standard-minimi-alla-loro-monetizzazione-e-poi\/barletta-pedonale\/\" data-orig-file=\"http:\/\/www.picweb.it\/emm\/blog\/wp-content\/uploads\/2023\/02\/Barletta-Pedonale.jpg\" data-orig-size=\"1457,1045\" data-comments-opened=\"1\" data-image-meta=\"{&quot;aperture&quot;:&quot;0&quot;,&quot;credit&quot;:&quot;&quot;,&quot;camera&quot;:&quot;&quot;,&quot;caption&quot;:&quot;&quot;,&quot;created_timestamp&quot;:&quot;0&quot;,&quot;copyright&quot;:&quot;&quot;,&quot;focal_length&quot;:&quot;0&quot;,&quot;iso&quot;:&quot;0&quot;,&quot;shutter_speed&quot;:&quot;0&quot;,&quot;title&quot;:&quot;&quot;,&quot;orientation&quot;:&quot;0&quot;}\" data-image-title=\"Barletta-Pedonale\" data-image-description=\"\" data-image-caption=\"&lt;p&gt;Il potenziale \u201ccardo\u201d strutturale della \u201cnuova Barletta a dimensione pedonale\u201d&lt;\/p&gt;\n\" data-large-file=\"http:\/\/www.picweb.it\/emm\/blog\/wp-content\/uploads\/2023\/02\/Barletta-Pedonale-1024x734.jpg\" src=\"http:\/\/www.picweb.it\/emm\/blog\/wp-content\/uploads\/2023\/02\/Barletta-Pedonale-1024x734.jpg\" alt=\"\" class=\"wp-image-3772\" srcset=\"http:\/\/www.picweb.it\/emm\/blog\/wp-content\/uploads\/2023\/02\/Barletta-Pedonale-1024x734.jpg 1024w, http:\/\/www.picweb.it\/emm\/blog\/wp-content\/uploads\/2023\/02\/Barletta-Pedonale-300x215.jpg 300w, http:\/\/www.picweb.it\/emm\/blog\/wp-content\/uploads\/2023\/02\/Barletta-Pedonale-768x551.jpg 768w, http:\/\/www.picweb.it\/emm\/blog\/wp-content\/uploads\/2023\/02\/Barletta-Pedonale-700x502.jpg 700w, http:\/\/www.picweb.it\/emm\/blog\/wp-content\/uploads\/2023\/02\/Barletta-Pedonale-520x373.jpg 520w, http:\/\/www.picweb.it\/emm\/blog\/wp-content\/uploads\/2023\/02\/Barletta-Pedonale-360x258.jpg 360w, http:\/\/www.picweb.it\/emm\/blog\/wp-content\/uploads\/2023\/02\/Barletta-Pedonale-250x179.jpg 250w, http:\/\/www.picweb.it\/emm\/blog\/wp-content\/uploads\/2023\/02\/Barletta-Pedonale-100x72.jpg 100w, http:\/\/www.picweb.it\/emm\/blog\/wp-content\/uploads\/2023\/02\/Barletta-Pedonale.jpg 1457w\" sizes=\"(max-width: 1024px) 100vw, 1024px\" \/><figcaption class=\"wp-element-caption\">Il potenziale \u201ccardo\u201d strutturale della \u201cnuova Barletta a dimensione pedonale\u201d<\/figcaption><\/figure>\n\n\n\n<p>Vale a dire <strong>una citt\u00e0 dove la dotazione degli \u201c<em>standard<\/em>\u201d non si limiterebbe ai minimi sindacali<\/strong> imposti dai Decreti 1404 e 1444 del 1968, n\u00e9 mai proporrebbe una loro eliminazione e monetizzazione, semmai si tratterebbe di <strong>una citt\u00e0 nella quale lo spazio pubblico la farebbe da padrone e dove, grazie ad una nuova visione dell\u2019urbanistica, potrebbe esserci molto pi\u00f9 da raccogliere, da parte di tutti, costruttori in primis<\/strong>.<\/p>\n\n\n\n<p><strong>COP 26<\/strong> e <strong>COP 27<\/strong> infatti, impongono la necessit\u00e0 di <strong>azzeramento del consumo di suolo<\/strong> e, soprattutto, la necessit\u00e0 di intervenire drasticamente sull\u2019edificato con l\u2019obiettivo di <strong>azzerare le emissioni nocive per il pianeta causate dall\u2019edilizia esistente<\/strong> \u2026 <strong>un qualcosa che non riguarda l\u2019edificato storico, ma tutto quello realizzato a partire dagli anni immediatamente successivi il dopoguerra<\/strong>.<\/p>\n\n\n\n<p>Considerata quindi l\u2019opportunit\u00e0 del PNRR<a id=\"_ftnref4\" href=\"#_ftn4\">[4]<\/a> e considerando l\u2019esistenza di modelli virtuosi di \u201c<strong><em>sostituzione edilizia<\/em><\/strong>\u201d <strong>di quartieri degradati<\/strong> in giro per il mondo, uno tra tutti l\u2019esempio di <strong>Le Plessis-Robinson a Parigi<\/strong><a id=\"_ftnref5\" href=\"#_ftn5\">[5]<\/a>, i costruttori potrebbero garantirsi un futuro non solo per loro, ma per le generazioni a venire.<\/p>\n\n\n\n<figure class=\"wp-block-image size-large\"><img loading=\"lazy\" decoding=\"async\" width=\"1024\" height=\"899\" data-attachment-id=\"3682\" data-permalink=\"http:\/\/www.picweb.it\/emm\/blog\/index.php\/2023\/01\/18\/rigenerazioni-urbane-possibili\/le-plessis_robinson-before-and-after\/\" data-orig-file=\"http:\/\/www.picweb.it\/emm\/blog\/wp-content\/uploads\/2023\/01\/Le-Plessis_Robinson-before-and-after-scaled.jpg\" data-orig-size=\"2560,2248\" data-comments-opened=\"1\" data-image-meta=\"{&quot;aperture&quot;:&quot;0&quot;,&quot;credit&quot;:&quot;&quot;,&quot;camera&quot;:&quot;&quot;,&quot;caption&quot;:&quot;&quot;,&quot;created_timestamp&quot;:&quot;0&quot;,&quot;copyright&quot;:&quot;&quot;,&quot;focal_length&quot;:&quot;0&quot;,&quot;iso&quot;:&quot;0&quot;,&quot;shutter_speed&quot;:&quot;0&quot;,&quot;title&quot;:&quot;&quot;,&quot;orientation&quot;:&quot;0&quot;}\" data-image-title=\"Le-Plessis_Robinson-before-and-after\" data-image-description=\"\" data-image-caption=\"&lt;p&gt;Le Plessis-Robinson nella periferia di Parigi, prima e dopo la demolizione e ricostruzione&lt;\/p&gt;\n\" data-large-file=\"http:\/\/www.picweb.it\/emm\/blog\/wp-content\/uploads\/2023\/01\/Le-Plessis_Robinson-before-and-after-1024x899.jpg\" src=\"http:\/\/www.picweb.it\/emm\/blog\/wp-content\/uploads\/2023\/01\/Le-Plessis_Robinson-before-and-after-1024x899.jpg\" alt=\"\" class=\"wp-image-3682\" srcset=\"http:\/\/www.picweb.it\/emm\/blog\/wp-content\/uploads\/2023\/01\/Le-Plessis_Robinson-before-and-after-1024x899.jpg 1024w, http:\/\/www.picweb.it\/emm\/blog\/wp-content\/uploads\/2023\/01\/Le-Plessis_Robinson-before-and-after-300x263.jpg 300w, http:\/\/www.picweb.it\/emm\/blog\/wp-content\/uploads\/2023\/01\/Le-Plessis_Robinson-before-and-after-768x674.jpg 768w, http:\/\/www.picweb.it\/emm\/blog\/wp-content\/uploads\/2023\/01\/Le-Plessis_Robinson-before-and-after-1536x1349.jpg 1536w, http:\/\/www.picweb.it\/emm\/blog\/wp-content\/uploads\/2023\/01\/Le-Plessis_Robinson-before-and-after-2048x1798.jpg 2048w, http:\/\/www.picweb.it\/emm\/blog\/wp-content\/uploads\/2023\/01\/Le-Plessis_Robinson-before-and-after-700x615.jpg 700w, http:\/\/www.picweb.it\/emm\/blog\/wp-content\/uploads\/2023\/01\/Le-Plessis_Robinson-before-and-after-520x457.jpg 520w, http:\/\/www.picweb.it\/emm\/blog\/wp-content\/uploads\/2023\/01\/Le-Plessis_Robinson-before-and-after-360x316.jpg 360w, http:\/\/www.picweb.it\/emm\/blog\/wp-content\/uploads\/2023\/01\/Le-Plessis_Robinson-before-and-after-250x220.jpg 250w, http:\/\/www.picweb.it\/emm\/blog\/wp-content\/uploads\/2023\/01\/Le-Plessis_Robinson-before-and-after-100x88.jpg 100w\" sizes=\"(max-width: 1024px) 100vw, 1024px\" \/><figcaption class=\"wp-element-caption\">Le Plessis-Robinson nella periferia di Parigi, prima e dopo la demolizione e ricostruzione<\/figcaption><\/figure>\n\n\n\n<p>Chi, come me, combatte il modo in cui si operi a livello edilizio in Italia, non lo fa guardando ai costruttori come a dei nemici, ma lo fa guardando a loro come a semplici operatori che si muovono all\u2019interno di un sistema caratterizzato dall\u2019ideologia \u201c<em>funzionalista-consumista<\/em>\u201d, che ha portato a concepire teorie e leggi fuorvianti le quali, come conseguenza, hanno portato alla creazione citt\u00e0 invivibili e case inospitali.<\/p>\n\n\n\n<p><strong>I costruttori vanno considerati come operatori destinatari di opportuni indirizzi, al fine di operare interventi corretti, perch\u00e9 gli aspetti estetici e funzionali non hanno alcun valore, in quanto troppo spesso l\u2019unico fattore che interessa loro \u00e8 quello economico.<\/strong><\/p>\n\n\n\n<p>Finch\u00e9 gli <em>indirizzi<\/em> da parte di chi fa teoria continueranno ad essere errati, finch\u00e9 tra&nbsp; i costruttori e politici si continuer\u00e0, furbescamente, a cercare scorciatoie atte a evitare gli ostacoli dati dalle norme esistenti, non potr\u00e0 esserci alcun cambiamento in positivo, semmai si continuer\u00e0 a dar seguito a interventi arroganti che non faranno altro che aumentare la diffidenza dei cittadini verso la classe politica a servizio degli speculatori.<\/p>\n\n\n\n<p>Assodato quindi che le attuali norme \u2013 in quanto concepite in periodi storici caratterizzati da una ideologia fuorviante \u2013 debbano essere modificate, assodato altres\u00ec che le citt\u00e0 necessitino di una revisione, che non pu\u00f2 continuare a basarsi sulla reinvenzione della ruota \u2013 come vorrebbero i supporters dello zeitgeist \u2013 <strong>occorre mettere mano ai PUG, riportando l\u2019uomo e le sue esigenze vitali al centro della progettazione<\/strong>.<\/p>\n\n\n\n<p>Continuare, come si fa a Barletta, a procedere per varianti puntiformi al piano e, peggio ancora, ridurre i gi\u00e0 risicati standard urbanistici, significa finire di distruggere una citt\u00e0 gi\u00e0 gravemente sfregiata da chi, finora, abbia avuto a cuore solo l\u2019interesse privato.<\/p>\n\n\n\n<hr class=\"wp-block-separator has-alpha-channel-opacity\"\/>\n\n\n\n<p><a href=\"#_ftnref1\" id=\"_ftn1\">[1]<\/a> GDM 22\/09\/2020; GDM 01\/06\/2022; GDM 02\/06\/2022; GDM 17\/12\/2022; GDM 19\/12\/2022; GDM 23\/12\/2022; GDM 24\/12\/2022; GDM 27\/12\/2022; GDM 03\/01\/2023; GDM 07\/01\/2023; GDM 09\/01\/2023; GDM 17\/01\/2023; GDM 21\/01\/2023; GDM 26\/01\/2023;<\/p>\n\n\n\n<p><a href=\"#_ftnref2\" id=\"_ftn2\">[2]<\/a> <a href=\"https:\/\/www.picweb.it\/emm\/blog\/index.php\/2017\/08\/07\/sul-disastro-urbanistico-successivo-al-iv-ciam-del33-e-sulla-possibilita-di-far-rinascere-le-nostre-citta\/\">https:\/\/www.picweb.it\/emm\/blog\/index.php\/2017\/08\/07\/sul-disastro-urbanistico-successivo-al-iv-ciam-del33-e-sulla-possibilita-di-far-rinascere-le-nostre-citta\/<\/a><\/p>\n\n\n\n<p><a href=\"#_ftnref3\" id=\"_ftn3\">[3]<\/a> \u201c<em>Barletta, la Disfida Urbana, Mare Centro e Periferia \u2013 Sea, Centre and Periphery<\/em>\u201d A cura di Ettore Maria Mazzola e Samir Youn\u00e9s, Prefazione di Francesco Salerno. Editrice GANGEMI, Roma, 2005 &#8211; ISBN13:&nbsp;9788849207088 &#8211; ISBN10:&nbsp;8849207085<\/p>\n\n\n\n<p><a href=\"#_ftnref4\" id=\"_ftn4\">[4]<\/a> <a href=\"https:\/\/www.picweb.it\/emm\/blog\/index.php\/2022\/04\/29\/pnrr-si-grazie-ma-che-lo-si-faccia-sulla-falsariga-del-piano-di-rivitalizzazione-del-centro-storico-di-bologna-del-1969\/\">https:\/\/www.picweb.it\/emm\/blog\/index.php\/2022\/04\/29\/pnrr-si-grazie-ma-che-lo-si-faccia-sulla-falsariga-del-piano-di-rivitalizzazione-del-centro-storico-di-bologna-del-1969\/<\/a><\/p>\n\n\n\n<p><a href=\"#_ftnref5\" id=\"_ftn5\">[5]<\/a> <a href=\"https:\/\/www.picweb.it\/emm\/blog\/index.php\/2018\/01\/23\/le-plessis-robinson-quando-la-rigenerazione-urbana-quella-vera-paga-il-driehaus-prize-2018-a-marc-e-nada-breitman\/\">https:\/\/www.picweb.it\/emm\/blog\/index.php\/2018\/01\/23\/le-plessis-robinson-quando-la-rigenerazione-urbana-quella-vera-paga-il-driehaus-prize-2018-a-marc-e-nada-breitman\/<\/a> <a href=\"https:\/\/www.facebook.com\/media\/set\/?set=a.10219879081782921&amp;type=3\">https:\/\/www.facebook.com\/media\/set\/?set=a.10219879081782921&amp;type=3<\/a><\/p>\n","protected":false},"excerpt":{"rendered":"<p>Il caso dell&#8217;ex sede dell&#8217;ENEL di Barletta &#8211; un pericoloso precedente per tutto il territorio nazionale generato da &#8220;norme e &#8220;semplificazioni&#8221; e scorciatoie a beneficio della speculazione Nelle ultime settimane a Barletta si \u00e8 consumato l\u2019ennesimo atto di mala-urbanistica, avente [&hellip;]<\/p>\n","protected":false},"author":2,"featured_media":0,"comment_status":"open","ping_status":"open","sticky":false,"template":"","format":"standard","meta":{"jetpack_post_was_ever_published":false,"_jetpack_newsletter_access":"","_jetpack_dont_email_post_to_subs":false,"_jetpack_newsletter_tier_id":0,"_jetpack_memberships_contains_paywalled_content":false,"_jetpack_memberships_contains_paid_content":false,"footnotes":""},"categories":[52,353,388,415,74,41,185,373,22],"tags":[],"class_list":["post-3769","post","type-post","status-publish","format-standard","hentry","category-attualita","category-barletta","category-identita-e-senso-di-appartenenza","category-pnrr","category-politica","category-progettazione-urbana","category-rigenerazione-urbana","category-speculazione-edilizia","category-urbanistica","clearfix"],"yoast_head":"<!-- This site is optimized with the Yoast SEO plugin v27.3 - https:\/\/yoast.com\/product\/yoast-seo-wordpress\/ -->\r\n<title>L\u2019urbanistica dell\u2019arroganza \u2013 dagli Standard minimi alla loro monetizzazione e poi? - virtutem forma decorat<\/title>\r\n<meta name=\"robots\" content=\"index, follow, max-snippet:-1, max-image-preview:large, max-video-preview:-1\" \/>\r\n<link rel=\"canonical\" href=\"https:\/\/www.picweb.it\/emm\/blog\/index.php\/2023\/02\/03\/lurbanistica-dellarroganza-dagli-standard-minimi-alla-loro-monetizzazione-e-poi\/\" \/>\r\n<meta property=\"og:locale\" content=\"it_IT\" \/>\r\n<meta property=\"og:type\" content=\"article\" \/>\r\n<meta property=\"og:title\" content=\"L\u2019urbanistica dell\u2019arroganza \u2013 dagli Standard minimi alla loro monetizzazione e poi? - virtutem forma decorat\" \/>\r\n<meta property=\"og:description\" content=\"Il caso dell&#8217;ex sede dell&#8217;ENEL di Barletta &#8211; un pericoloso precedente per tutto il territorio nazionale generato da &#8220;norme e &#8220;semplificazioni&#8221; e scorciatoie a beneficio della speculazione Nelle ultime settimane a Barletta si \u00e8 consumato l\u2019ennesimo atto di mala-urbanistica, avente [&hellip;]\" \/>\r\n<meta property=\"og:url\" content=\"https:\/\/www.picweb.it\/emm\/blog\/index.php\/2023\/02\/03\/lurbanistica-dellarroganza-dagli-standard-minimi-alla-loro-monetizzazione-e-poi\/\" \/>\r\n<meta property=\"og:site_name\" content=\"virtutem forma decorat\" \/>\r\n<meta property=\"article:published_time\" content=\"2023-02-03T08:28:49+00:00\" \/>\r\n<meta property=\"article:modified_time\" content=\"2023-02-03T08:29:31+00:00\" \/>\r\n<meta property=\"og:image\" content=\"http:\/\/www.picweb.it\/emm\/blog\/wp-content\/uploads\/2023\/02\/Edificio-Enel-1024x634.jpg\" \/>\r\n<meta name=\"author\" content=\"emmazzola\" \/>\r\n<meta name=\"twitter:card\" content=\"summary_large_image\" \/>\r\n<meta name=\"twitter:creator\" content=\"@ettore_mazzola\" \/>\r\n<meta name=\"twitter:site\" content=\"@ettore_mazzola\" \/>\r\n<meta name=\"twitter:label1\" content=\"Scritto da\" \/>\n\t<meta name=\"twitter:data1\" content=\"emmazzola\" \/>\n\t<meta name=\"twitter:label2\" content=\"Tempo di lettura stimato\" \/>\n\t<meta name=\"twitter:data2\" content=\"13 minuti\" \/>\r\n<script type=\"application\/ld+json\" class=\"yoast-schema-graph\">{\"@context\":\"https:\\\/\\\/schema.org\",\"@graph\":[{\"@type\":\"Article\",\"@id\":\"https:\\\/\\\/www.picweb.it\\\/emm\\\/blog\\\/index.php\\\/2023\\\/02\\\/03\\\/lurbanistica-dellarroganza-dagli-standard-minimi-alla-loro-monetizzazione-e-poi\\\/#article\",\"isPartOf\":{\"@id\":\"https:\\\/\\\/www.picweb.it\\\/emm\\\/blog\\\/index.php\\\/2023\\\/02\\\/03\\\/lurbanistica-dellarroganza-dagli-standard-minimi-alla-loro-monetizzazione-e-poi\\\/\"},\"author\":{\"name\":\"emmazzola\",\"@id\":\"http:\\\/\\\/www.picweb.it\\\/emm\\\/blog\\\/#\\\/schema\\\/person\\\/e29c0dd15f13008bd4c7682e6130977f\"},\"headline\":\"L\u2019urbanistica dell\u2019arroganza \u2013 dagli Standard minimi alla loro monetizzazione e poi?\",\"datePublished\":\"2023-02-03T08:28:49+00:00\",\"dateModified\":\"2023-02-03T08:29:31+00:00\",\"mainEntityOfPage\":{\"@id\":\"https:\\\/\\\/www.picweb.it\\\/emm\\\/blog\\\/index.php\\\/2023\\\/02\\\/03\\\/lurbanistica-dellarroganza-dagli-standard-minimi-alla-loro-monetizzazione-e-poi\\\/\"},\"wordCount\":2327,\"commentCount\":5,\"publisher\":{\"@id\":\"http:\\\/\\\/www.picweb.it\\\/emm\\\/blog\\\/#\\\/schema\\\/person\\\/e29c0dd15f13008bd4c7682e6130977f\"},\"image\":{\"@id\":\"https:\\\/\\\/www.picweb.it\\\/emm\\\/blog\\\/index.php\\\/2023\\\/02\\\/03\\\/lurbanistica-dellarroganza-dagli-standard-minimi-alla-loro-monetizzazione-e-poi\\\/#primaryimage\"},\"thumbnailUrl\":\"http:\\\/\\\/www.picweb.it\\\/emm\\\/blog\\\/wp-content\\\/uploads\\\/2023\\\/02\\\/Edificio-Enel-1024x634.jpg\",\"articleSection\":[\"attualit\u00e0\",\"Barletta\",\"identit\u00e0 e senso di appartenenza\",\"PNRR\",\"politica\",\"progettazione urbana\",\"rigenerazione urbana\",\"Speculazione Edilizia\",\"urbanistica\"],\"inLanguage\":\"it-IT\",\"potentialAction\":[{\"@type\":\"CommentAction\",\"name\":\"Comment\",\"target\":[\"https:\\\/\\\/www.picweb.it\\\/emm\\\/blog\\\/index.php\\\/2023\\\/02\\\/03\\\/lurbanistica-dellarroganza-dagli-standard-minimi-alla-loro-monetizzazione-e-poi\\\/#respond\"]}]},{\"@type\":\"WebPage\",\"@id\":\"https:\\\/\\\/www.picweb.it\\\/emm\\\/blog\\\/index.php\\\/2023\\\/02\\\/03\\\/lurbanistica-dellarroganza-dagli-standard-minimi-alla-loro-monetizzazione-e-poi\\\/\",\"url\":\"https:\\\/\\\/www.picweb.it\\\/emm\\\/blog\\\/index.php\\\/2023\\\/02\\\/03\\\/lurbanistica-dellarroganza-dagli-standard-minimi-alla-loro-monetizzazione-e-poi\\\/\",\"name\":\"L\u2019urbanistica dell\u2019arroganza \u2013 dagli Standard minimi alla loro monetizzazione e poi? - virtutem forma decorat\",\"isPartOf\":{\"@id\":\"http:\\\/\\\/www.picweb.it\\\/emm\\\/blog\\\/#website\"},\"primaryImageOfPage\":{\"@id\":\"https:\\\/\\\/www.picweb.it\\\/emm\\\/blog\\\/index.php\\\/2023\\\/02\\\/03\\\/lurbanistica-dellarroganza-dagli-standard-minimi-alla-loro-monetizzazione-e-poi\\\/#primaryimage\"},\"image\":{\"@id\":\"https:\\\/\\\/www.picweb.it\\\/emm\\\/blog\\\/index.php\\\/2023\\\/02\\\/03\\\/lurbanistica-dellarroganza-dagli-standard-minimi-alla-loro-monetizzazione-e-poi\\\/#primaryimage\"},\"thumbnailUrl\":\"http:\\\/\\\/www.picweb.it\\\/emm\\\/blog\\\/wp-content\\\/uploads\\\/2023\\\/02\\\/Edificio-Enel-1024x634.jpg\",\"datePublished\":\"2023-02-03T08:28:49+00:00\",\"dateModified\":\"2023-02-03T08:29:31+00:00\",\"breadcrumb\":{\"@id\":\"https:\\\/\\\/www.picweb.it\\\/emm\\\/blog\\\/index.php\\\/2023\\\/02\\\/03\\\/lurbanistica-dellarroganza-dagli-standard-minimi-alla-loro-monetizzazione-e-poi\\\/#breadcrumb\"},\"inLanguage\":\"it-IT\",\"potentialAction\":[{\"@type\":\"ReadAction\",\"target\":[\"https:\\\/\\\/www.picweb.it\\\/emm\\\/blog\\\/index.php\\\/2023\\\/02\\\/03\\\/lurbanistica-dellarroganza-dagli-standard-minimi-alla-loro-monetizzazione-e-poi\\\/\"]}]},{\"@type\":\"ImageObject\",\"inLanguage\":\"it-IT\",\"@id\":\"https:\\\/\\\/www.picweb.it\\\/emm\\\/blog\\\/index.php\\\/2023\\\/02\\\/03\\\/lurbanistica-dellarroganza-dagli-standard-minimi-alla-loro-monetizzazione-e-poi\\\/#primaryimage\",\"url\":\"http:\\\/\\\/www.picweb.it\\\/emm\\\/blog\\\/wp-content\\\/uploads\\\/2023\\\/02\\\/Edificio-Enel.jpg\",\"contentUrl\":\"http:\\\/\\\/www.picweb.it\\\/emm\\\/blog\\\/wp-content\\\/uploads\\\/2023\\\/02\\\/Edificio-Enel.jpg\",\"width\":1068,\"height\":661,\"caption\":\"L\u2019edificio ex ENEL prima della demolizione (Fonte: Gazzetta del Mezzogiorno)\"},{\"@type\":\"BreadcrumbList\",\"@id\":\"https:\\\/\\\/www.picweb.it\\\/emm\\\/blog\\\/index.php\\\/2023\\\/02\\\/03\\\/lurbanistica-dellarroganza-dagli-standard-minimi-alla-loro-monetizzazione-e-poi\\\/#breadcrumb\",\"itemListElement\":[{\"@type\":\"ListItem\",\"position\":1,\"name\":\"Home\",\"item\":\"http:\\\/\\\/www.picweb.it\\\/emm\\\/blog\\\/\"},{\"@type\":\"ListItem\",\"position\":2,\"name\":\"L\u2019urbanistica dell\u2019arroganza \u2013 dagli Standard minimi alla loro monetizzazione e poi?\"}]},{\"@type\":\"WebSite\",\"@id\":\"http:\\\/\\\/www.picweb.it\\\/emm\\\/blog\\\/#website\",\"url\":\"http:\\\/\\\/www.picweb.it\\\/emm\\\/blog\\\/\",\"name\":\"virtutem forma decorat\",\"description\":\"The new Architectural blog\",\"publisher\":{\"@id\":\"http:\\\/\\\/www.picweb.it\\\/emm\\\/blog\\\/#\\\/schema\\\/person\\\/e29c0dd15f13008bd4c7682e6130977f\"},\"potentialAction\":[{\"@type\":\"SearchAction\",\"target\":{\"@type\":\"EntryPoint\",\"urlTemplate\":\"http:\\\/\\\/www.picweb.it\\\/emm\\\/blog\\\/?s={search_term_string}\"},\"query-input\":{\"@type\":\"PropertyValueSpecification\",\"valueRequired\":true,\"valueName\":\"search_term_string\"}}],\"inLanguage\":\"it-IT\"},{\"@type\":[\"Person\",\"Organization\"],\"@id\":\"http:\\\/\\\/www.picweb.it\\\/emm\\\/blog\\\/#\\\/schema\\\/person\\\/e29c0dd15f13008bd4c7682e6130977f\",\"name\":\"emmazzola\",\"image\":{\"@type\":\"ImageObject\",\"inLanguage\":\"it-IT\",\"@id\":\"http:\\\/\\\/www.picweb.it\\\/emm\\\/blog\\\/wp-content\\\/uploads\\\/2017\\\/05\\\/cropped-logoVirtutemFormaDecorat_Whigher.png\",\"url\":\"http:\\\/\\\/www.picweb.it\\\/emm\\\/blog\\\/wp-content\\\/uploads\\\/2017\\\/05\\\/cropped-logoVirtutemFormaDecorat_Whigher.png\",\"contentUrl\":\"http:\\\/\\\/www.picweb.it\\\/emm\\\/blog\\\/wp-content\\\/uploads\\\/2017\\\/05\\\/cropped-logoVirtutemFormaDecorat_Whigher.png\",\"width\":200,\"height\":79,\"caption\":\"emmazzola\"},\"logo\":{\"@id\":\"http:\\\/\\\/www.picweb.it\\\/emm\\\/blog\\\/wp-content\\\/uploads\\\/2017\\\/05\\\/cropped-logoVirtutemFormaDecorat_Whigher.png\"},\"url\":\"http:\\\/\\\/www.picweb.it\\\/emm\\\/blog\\\/index.php\\\/author\\\/emmazzola\\\/\"}]}<\/script>\r\n<!-- \/ Yoast SEO plugin. -->","yoast_head_json":{"title":"L\u2019urbanistica dell\u2019arroganza \u2013 dagli Standard minimi alla loro monetizzazione e poi? - virtutem forma decorat","robots":{"index":"index","follow":"follow","max-snippet":"max-snippet:-1","max-image-preview":"max-image-preview:large","max-video-preview":"max-video-preview:-1"},"canonical":"https:\/\/www.picweb.it\/emm\/blog\/index.php\/2023\/02\/03\/lurbanistica-dellarroganza-dagli-standard-minimi-alla-loro-monetizzazione-e-poi\/","og_locale":"it_IT","og_type":"article","og_title":"L\u2019urbanistica dell\u2019arroganza \u2013 dagli Standard minimi alla loro monetizzazione e poi? - virtutem forma decorat","og_description":"Il caso dell&#8217;ex sede dell&#8217;ENEL di Barletta &#8211; un pericoloso precedente per tutto il territorio nazionale generato da &#8220;norme e &#8220;semplificazioni&#8221; e scorciatoie a beneficio della speculazione Nelle ultime settimane a Barletta si \u00e8 consumato l\u2019ennesimo atto di mala-urbanistica, avente [&hellip;]","og_url":"https:\/\/www.picweb.it\/emm\/blog\/index.php\/2023\/02\/03\/lurbanistica-dellarroganza-dagli-standard-minimi-alla-loro-monetizzazione-e-poi\/","og_site_name":"virtutem forma decorat","article_published_time":"2023-02-03T08:28:49+00:00","article_modified_time":"2023-02-03T08:29:31+00:00","og_image":[{"url":"http:\/\/www.picweb.it\/emm\/blog\/wp-content\/uploads\/2023\/02\/Edificio-Enel-1024x634.jpg","type":"","width":"","height":""}],"author":"emmazzola","twitter_card":"summary_large_image","twitter_creator":"@ettore_mazzola","twitter_site":"@ettore_mazzola","twitter_misc":{"Scritto da":"emmazzola","Tempo di lettura stimato":"13 minuti"},"schema":{"@context":"https:\/\/schema.org","@graph":[{"@type":"Article","@id":"https:\/\/www.picweb.it\/emm\/blog\/index.php\/2023\/02\/03\/lurbanistica-dellarroganza-dagli-standard-minimi-alla-loro-monetizzazione-e-poi\/#article","isPartOf":{"@id":"https:\/\/www.picweb.it\/emm\/blog\/index.php\/2023\/02\/03\/lurbanistica-dellarroganza-dagli-standard-minimi-alla-loro-monetizzazione-e-poi\/"},"author":{"name":"emmazzola","@id":"http:\/\/www.picweb.it\/emm\/blog\/#\/schema\/person\/e29c0dd15f13008bd4c7682e6130977f"},"headline":"L\u2019urbanistica dell\u2019arroganza \u2013 dagli Standard minimi alla loro monetizzazione e poi?","datePublished":"2023-02-03T08:28:49+00:00","dateModified":"2023-02-03T08:29:31+00:00","mainEntityOfPage":{"@id":"https:\/\/www.picweb.it\/emm\/blog\/index.php\/2023\/02\/03\/lurbanistica-dellarroganza-dagli-standard-minimi-alla-loro-monetizzazione-e-poi\/"},"wordCount":2327,"commentCount":5,"publisher":{"@id":"http:\/\/www.picweb.it\/emm\/blog\/#\/schema\/person\/e29c0dd15f13008bd4c7682e6130977f"},"image":{"@id":"https:\/\/www.picweb.it\/emm\/blog\/index.php\/2023\/02\/03\/lurbanistica-dellarroganza-dagli-standard-minimi-alla-loro-monetizzazione-e-poi\/#primaryimage"},"thumbnailUrl":"http:\/\/www.picweb.it\/emm\/blog\/wp-content\/uploads\/2023\/02\/Edificio-Enel-1024x634.jpg","articleSection":["attualit\u00e0","Barletta","identit\u00e0 e senso di appartenenza","PNRR","politica","progettazione urbana","rigenerazione urbana","Speculazione Edilizia","urbanistica"],"inLanguage":"it-IT","potentialAction":[{"@type":"CommentAction","name":"Comment","target":["https:\/\/www.picweb.it\/emm\/blog\/index.php\/2023\/02\/03\/lurbanistica-dellarroganza-dagli-standard-minimi-alla-loro-monetizzazione-e-poi\/#respond"]}]},{"@type":"WebPage","@id":"https:\/\/www.picweb.it\/emm\/blog\/index.php\/2023\/02\/03\/lurbanistica-dellarroganza-dagli-standard-minimi-alla-loro-monetizzazione-e-poi\/","url":"https:\/\/www.picweb.it\/emm\/blog\/index.php\/2023\/02\/03\/lurbanistica-dellarroganza-dagli-standard-minimi-alla-loro-monetizzazione-e-poi\/","name":"L\u2019urbanistica dell\u2019arroganza \u2013 dagli Standard minimi alla loro monetizzazione e poi? - virtutem forma decorat","isPartOf":{"@id":"http:\/\/www.picweb.it\/emm\/blog\/#website"},"primaryImageOfPage":{"@id":"https:\/\/www.picweb.it\/emm\/blog\/index.php\/2023\/02\/03\/lurbanistica-dellarroganza-dagli-standard-minimi-alla-loro-monetizzazione-e-poi\/#primaryimage"},"image":{"@id":"https:\/\/www.picweb.it\/emm\/blog\/index.php\/2023\/02\/03\/lurbanistica-dellarroganza-dagli-standard-minimi-alla-loro-monetizzazione-e-poi\/#primaryimage"},"thumbnailUrl":"http:\/\/www.picweb.it\/emm\/blog\/wp-content\/uploads\/2023\/02\/Edificio-Enel-1024x634.jpg","datePublished":"2023-02-03T08:28:49+00:00","dateModified":"2023-02-03T08:29:31+00:00","breadcrumb":{"@id":"https:\/\/www.picweb.it\/emm\/blog\/index.php\/2023\/02\/03\/lurbanistica-dellarroganza-dagli-standard-minimi-alla-loro-monetizzazione-e-poi\/#breadcrumb"},"inLanguage":"it-IT","potentialAction":[{"@type":"ReadAction","target":["https:\/\/www.picweb.it\/emm\/blog\/index.php\/2023\/02\/03\/lurbanistica-dellarroganza-dagli-standard-minimi-alla-loro-monetizzazione-e-poi\/"]}]},{"@type":"ImageObject","inLanguage":"it-IT","@id":"https:\/\/www.picweb.it\/emm\/blog\/index.php\/2023\/02\/03\/lurbanistica-dellarroganza-dagli-standard-minimi-alla-loro-monetizzazione-e-poi\/#primaryimage","url":"http:\/\/www.picweb.it\/emm\/blog\/wp-content\/uploads\/2023\/02\/Edificio-Enel.jpg","contentUrl":"http:\/\/www.picweb.it\/emm\/blog\/wp-content\/uploads\/2023\/02\/Edificio-Enel.jpg","width":1068,"height":661,"caption":"L\u2019edificio ex ENEL prima della demolizione (Fonte: Gazzetta del Mezzogiorno)"},{"@type":"BreadcrumbList","@id":"https:\/\/www.picweb.it\/emm\/blog\/index.php\/2023\/02\/03\/lurbanistica-dellarroganza-dagli-standard-minimi-alla-loro-monetizzazione-e-poi\/#breadcrumb","itemListElement":[{"@type":"ListItem","position":1,"name":"Home","item":"http:\/\/www.picweb.it\/emm\/blog\/"},{"@type":"ListItem","position":2,"name":"L\u2019urbanistica dell\u2019arroganza \u2013 dagli Standard minimi alla loro monetizzazione e poi?"}]},{"@type":"WebSite","@id":"http:\/\/www.picweb.it\/emm\/blog\/#website","url":"http:\/\/www.picweb.it\/emm\/blog\/","name":"virtutem forma decorat","description":"The new Architectural blog","publisher":{"@id":"http:\/\/www.picweb.it\/emm\/blog\/#\/schema\/person\/e29c0dd15f13008bd4c7682e6130977f"},"potentialAction":[{"@type":"SearchAction","target":{"@type":"EntryPoint","urlTemplate":"http:\/\/www.picweb.it\/emm\/blog\/?s={search_term_string}"},"query-input":{"@type":"PropertyValueSpecification","valueRequired":true,"valueName":"search_term_string"}}],"inLanguage":"it-IT"},{"@type":["Person","Organization"],"@id":"http:\/\/www.picweb.it\/emm\/blog\/#\/schema\/person\/e29c0dd15f13008bd4c7682e6130977f","name":"emmazzola","image":{"@type":"ImageObject","inLanguage":"it-IT","@id":"http:\/\/www.picweb.it\/emm\/blog\/wp-content\/uploads\/2017\/05\/cropped-logoVirtutemFormaDecorat_Whigher.png","url":"http:\/\/www.picweb.it\/emm\/blog\/wp-content\/uploads\/2017\/05\/cropped-logoVirtutemFormaDecorat_Whigher.png","contentUrl":"http:\/\/www.picweb.it\/emm\/blog\/wp-content\/uploads\/2017\/05\/cropped-logoVirtutemFormaDecorat_Whigher.png","width":200,"height":79,"caption":"emmazzola"},"logo":{"@id":"http:\/\/www.picweb.it\/emm\/blog\/wp-content\/uploads\/2017\/05\/cropped-logoVirtutemFormaDecorat_Whigher.png"},"url":"http:\/\/www.picweb.it\/emm\/blog\/index.php\/author\/emmazzola\/"}]}},"jetpack_featured_media_url":"","jetpack_sharing_enabled":true,"jetpack_shortlink":"https:\/\/wp.me\/p8HWjS-YN","jetpack-related-posts":[],"jetpack_likes_enabled":true,"_links":{"self":[{"href":"http:\/\/www.picweb.it\/emm\/blog\/index.php\/wp-json\/wp\/v2\/posts\/3769","targetHints":{"allow":["GET"]}}],"collection":[{"href":"http:\/\/www.picweb.it\/emm\/blog\/index.php\/wp-json\/wp\/v2\/posts"}],"about":[{"href":"http:\/\/www.picweb.it\/emm\/blog\/index.php\/wp-json\/wp\/v2\/types\/post"}],"author":[{"embeddable":true,"href":"http:\/\/www.picweb.it\/emm\/blog\/index.php\/wp-json\/wp\/v2\/users\/2"}],"replies":[{"embeddable":true,"href":"http:\/\/www.picweb.it\/emm\/blog\/index.php\/wp-json\/wp\/v2\/comments?post=3769"}],"version-history":[{"count":2,"href":"http:\/\/www.picweb.it\/emm\/blog\/index.php\/wp-json\/wp\/v2\/posts\/3769\/revisions"}],"predecessor-version":[{"id":3775,"href":"http:\/\/www.picweb.it\/emm\/blog\/index.php\/wp-json\/wp\/v2\/posts\/3769\/revisions\/3775"}],"wp:attachment":[{"href":"http:\/\/www.picweb.it\/emm\/blog\/index.php\/wp-json\/wp\/v2\/media?parent=3769"}],"wp:term":[{"taxonomy":"category","embeddable":true,"href":"http:\/\/www.picweb.it\/emm\/blog\/index.php\/wp-json\/wp\/v2\/categories?post=3769"},{"taxonomy":"post_tag","embeddable":true,"href":"http:\/\/www.picweb.it\/emm\/blog\/index.php\/wp-json\/wp\/v2\/tags?post=3769"}],"curies":[{"name":"wp","href":"https:\/\/api.w.org\/{rel}","templated":true}]}}