{"id":298,"date":"2017-05-24T12:15:02","date_gmt":"2017-05-24T10:15:02","guid":{"rendered":"http:\/\/www.picweb.it\/emm\/blog\/?p=298"},"modified":"2017-05-25T08:14:35","modified_gmt":"2017-05-25T06:14:35","slug":"298","status":"publish","type":"post","link":"http:\/\/www.picweb.it\/emm\/blog\/index.php\/2017\/05\/24\/298\/","title":{"rendered":"Stadio della AS Roma &#8230; nuova versione stesse assurdit\u00e0"},"content":{"rendered":"<p>Dopo il polverone dei mesi scorsi, ormai quasi del tutto accantonato dai media &#8211; sempre in cerca di scoop mordi e fuggi, piuttosto che combattere realmente a tutela della giustizia e dell\u2019ambiente \u2013 l\u2019immonda faccenda dello stadio della AS Roma a Tor di Valle continua ad andare avanti.<\/p>\n<p>Cos\u00ec, nonostante l\u2019esistenza di prove e testimoni pronti a raccontare del \u201c<em>degrado programmato<\/em>\u201d dell\u2019Ippodromo, usato come argomento principe per la promozione della speculazione sull\u2019area, nessuno sembra voglia andare a fondo per bloccare questo scempio e punire i responsabili.<\/p>\n<p>Ecco quindi che, in tutto silenzio, in vista della scadenza di giugno, si \u00e8 giunti alla presentazione della nuova versione dello stadio, o meglio dell\u2019edificato a suo contorno.<\/p>\n<figure id=\"attachment_299\" aria-describedby=\"caption-attachment-299\" style=\"width: 645px\" class=\"wp-caption aligncenter\"><img fetchpriority=\"high\" decoding=\"async\" data-attachment-id=\"299\" data-permalink=\"http:\/\/www.picweb.it\/emm\/blog\/index.php\/2017\/05\/24\/298\/c_2_fotogallery_3012113_0_image\/\" data-orig-file=\"http:\/\/www.picweb.it\/emm\/blog\/wp-content\/uploads\/2017\/05\/C_2_fotogallery_3012113_0_image.jpg\" data-orig-size=\"1378,1606\" data-comments-opened=\"1\" data-image-meta=\"{&quot;aperture&quot;:&quot;0&quot;,&quot;credit&quot;:&quot;&quot;,&quot;camera&quot;:&quot;&quot;,&quot;caption&quot;:&quot;&quot;,&quot;created_timestamp&quot;:&quot;0&quot;,&quot;copyright&quot;:&quot;&quot;,&quot;focal_length&quot;:&quot;0&quot;,&quot;iso&quot;:&quot;0&quot;,&quot;shutter_speed&quot;:&quot;0&quot;,&quot;title&quot;:&quot;&quot;,&quot;orientation&quot;:&quot;0&quot;}\" data-image-title=\"Nuova versione dell\u2019edificato a ridosso dello stadio \u2026 e del Tevere\" data-image-description=\"\" data-image-caption=\"&lt;p&gt;Lo stadio&lt;\/p&gt;\n\" data-large-file=\"http:\/\/www.picweb.it\/emm\/blog\/wp-content\/uploads\/2017\/05\/C_2_fotogallery_3012113_0_image-879x1024.jpg\" class=\" wp-image-299\" src=\"http:\/\/www.picweb.it\/emm\/blog\/wp-content\/uploads\/2017\/05\/C_2_fotogallery_3012113_0_image-257x300.jpg\" alt=\"\" width=\"645\" height=\"753\" srcset=\"http:\/\/www.picweb.it\/emm\/blog\/wp-content\/uploads\/2017\/05\/C_2_fotogallery_3012113_0_image-257x300.jpg 257w, http:\/\/www.picweb.it\/emm\/blog\/wp-content\/uploads\/2017\/05\/C_2_fotogallery_3012113_0_image-768x895.jpg 768w, http:\/\/www.picweb.it\/emm\/blog\/wp-content\/uploads\/2017\/05\/C_2_fotogallery_3012113_0_image-700x816.jpg 700w, http:\/\/www.picweb.it\/emm\/blog\/wp-content\/uploads\/2017\/05\/C_2_fotogallery_3012113_0_image-520x606.jpg 520w, http:\/\/www.picweb.it\/emm\/blog\/wp-content\/uploads\/2017\/05\/C_2_fotogallery_3012113_0_image-360x420.jpg 360w, http:\/\/www.picweb.it\/emm\/blog\/wp-content\/uploads\/2017\/05\/C_2_fotogallery_3012113_0_image-250x291.jpg 250w, http:\/\/www.picweb.it\/emm\/blog\/wp-content\/uploads\/2017\/05\/C_2_fotogallery_3012113_0_image-100x117.jpg 100w, http:\/\/www.picweb.it\/emm\/blog\/wp-content\/uploads\/2017\/05\/C_2_fotogallery_3012113_0_image.jpg 1378w\" sizes=\"(max-width: 645px) 100vw, 645px\" \/><figcaption id=\"caption-attachment-299\" class=\"wp-caption-text\">Nuova versione dell\u2019edificato a ridosso dello stadio \u2026 e del Tevere<\/figcaption><\/figure>\n<p>Se ci si era indignati davanti ai tre grattacieli sbilenchi, occorrerebbe fare altrettanto davanti alla nuova proposta, con una planimetria che sembra scaturire da una crisi d\u2019identit\u00e0 di un redivivo Lucio Fontana il quale, piuttosto che menare dei fendenti su una tela, sembra aver voluto infierire con scarabocchi tridimensionali su di un brano della campagna romana.<\/p>\n<p>Quella mostruosit\u00e0 percepibile a livello planimetrico diviene ancora pi\u00f9 evidente e spaventosa nelle viste prospettiche presentate in Campidoglio (per maggiori informazioni vedere <a href=\"http:\/\/www.tgcom24.mediaset.it\/politica\/foto\/il-nuovo-stadio-della-roma-rivisto-dalla-raggi-_3012113-2017.shtml\">http:\/\/www.tgcom24.mediaset.it\/politica\/foto\/il-nuovo-stadio-della-roma-rivisto-dalla-raggi-_3012113-2017.shtml<\/a> ). In questo caso ci troviamo davanti alla solita immondizia edilizia che va per la maggiore, un\u2019edilizia priva di alcun senso architettonico e, soprattutto, lontana anni luce dal linguaggio di Roma, se non addirittura del Pianeta Terra!<\/p>\n<figure id=\"attachment_300\" aria-describedby=\"caption-attachment-300\" style=\"width: 837px\" class=\"wp-caption aligncenter\"><img decoding=\"async\" data-attachment-id=\"300\" data-permalink=\"http:\/\/www.picweb.it\/emm\/blog\/index.php\/2017\/05\/24\/298\/c_2_fotogallery_3012113_3_image\/\" data-orig-file=\"http:\/\/www.picweb.it\/emm\/blog\/wp-content\/uploads\/2017\/05\/C_2_fotogallery_3012113_3_image.jpg\" data-orig-size=\"2000,1332\" data-comments-opened=\"1\" data-image-meta=\"{&quot;aperture&quot;:&quot;0&quot;,&quot;credit&quot;:&quot;&quot;,&quot;camera&quot;:&quot;&quot;,&quot;caption&quot;:&quot;&quot;,&quot;created_timestamp&quot;:&quot;0&quot;,&quot;copyright&quot;:&quot;&quot;,&quot;focal_length&quot;:&quot;0&quot;,&quot;iso&quot;:&quot;0&quot;,&quot;shutter_speed&quot;:&quot;0&quot;,&quot;title&quot;:&quot;&quot;,&quot;orientation&quot;:&quot;0&quot;}\" data-image-title=\"Rendering del nuovo edificato a ridosso dello stadio\" data-image-description=\"\" data-image-caption=\"&lt;p&gt;Rendering del nuovo edificato a ridosso dello stadio&lt;\/p&gt;\n\" data-large-file=\"http:\/\/www.picweb.it\/emm\/blog\/wp-content\/uploads\/2017\/05\/C_2_fotogallery_3012113_3_image-1024x682.jpg\" class=\" wp-image-300\" src=\"http:\/\/www.picweb.it\/emm\/blog\/wp-content\/uploads\/2017\/05\/C_2_fotogallery_3012113_3_image-300x200.jpg\" alt=\"\" width=\"837\" height=\"558\" srcset=\"http:\/\/www.picweb.it\/emm\/blog\/wp-content\/uploads\/2017\/05\/C_2_fotogallery_3012113_3_image-300x200.jpg 300w, http:\/\/www.picweb.it\/emm\/blog\/wp-content\/uploads\/2017\/05\/C_2_fotogallery_3012113_3_image-768x511.jpg 768w, http:\/\/www.picweb.it\/emm\/blog\/wp-content\/uploads\/2017\/05\/C_2_fotogallery_3012113_3_image-1024x682.jpg 1024w, http:\/\/www.picweb.it\/emm\/blog\/wp-content\/uploads\/2017\/05\/C_2_fotogallery_3012113_3_image-700x466.jpg 700w, http:\/\/www.picweb.it\/emm\/blog\/wp-content\/uploads\/2017\/05\/C_2_fotogallery_3012113_3_image-520x346.jpg 520w, http:\/\/www.picweb.it\/emm\/blog\/wp-content\/uploads\/2017\/05\/C_2_fotogallery_3012113_3_image-360x240.jpg 360w, http:\/\/www.picweb.it\/emm\/blog\/wp-content\/uploads\/2017\/05\/C_2_fotogallery_3012113_3_image-250x167.jpg 250w, http:\/\/www.picweb.it\/emm\/blog\/wp-content\/uploads\/2017\/05\/C_2_fotogallery_3012113_3_image-100x67.jpg 100w, http:\/\/www.picweb.it\/emm\/blog\/wp-content\/uploads\/2017\/05\/C_2_fotogallery_3012113_3_image.jpg 2000w\" sizes=\"(max-width: 837px) 100vw, 837px\" \/><figcaption id=\"caption-attachment-300\" class=\"wp-caption-text\">Rendering del nuovo edificato a ridosso dello stadio<\/figcaption><\/figure>\n<p>Eppure c\u2019\u00e8 chi stia cantando vittoria per il \u201c<em>taglio delle cubature<\/em>\u201d operato \u2026 fingendo di non essersi reso conto del fatto che gli speculatori di turno l\u2019avessero intenzionalmente sparata grossa (oltre 1 mln di metri cubi) in modo da sollevare un polverone per poi \u2013 dopo un\u2019opportuna campagna mediatica a suon di denuncia del degrado, stime di posti di lavoro e opere di urbanizzazione che si perderebbero se non si facesse lo stadio \u2013 addivenire alla soluzione di accordo che, guarda caso, coincide per eccesso con il programma speculativo originario (vedere progetto datato 2012 presentato per quell\u2019area da Parnasi) \u2026 ma c\u2019\u00e8 di pi\u00f9 perch\u00e9, a seguito di quel \u201c<em>taglio<\/em>\u201d, le opere di urbanizzazione sono diminuite, s\u00ec da evitare la realizzazione di ci\u00f2 che non si voleva realizzare!<\/p>\n<p>Con questa straordinaria messinscena, che li ha portati a fingere una sorta di \u201c<em>atto di sottomissione<\/em>\u201d, i palazzinari di turno son divenuti i buoni che son stati penalizzati, mentre le autorit\u00e0 che volevano difendere il territorio sono state considerate alla stessa stregua dell\u2019anticristo, in quanto con la loro burocrazia hanno portato Roma a perdere l\u2019opportunit\u00e0 di realizzare delle opere infrastrutturali, che mai avrebbe potuto realizzare.<\/p>\n<p>Ebbene, cari trionfatori dell\u2019ultima ora che ritenete che giustizia sia stata fatta, vorrei ricordarvi che:<\/p>\n<ul>\n<li>La legge sugli stadi prevede che il realizzando stadio debba essere di propriet\u00e0 della squadra e non di una societ\u00e0 privata che lo darebbe in gestione alla squadra, quindi il progetto in oggetto non \u00e8 presentabile;<\/li>\n<li>L\u2019Ippodromo di Tor di Valle \u00e8 un edificio considerato di pregio e protetto dalle Belle Arti e, come tale, non demolibile;<\/li>\n<li>Il degrado dell\u2019area \u00e8 stato fortemente voluto da chi aveva interesse a specularci sopra ed \u00e8 stato messo in atto da lungo tempo, in tempi non sospetti \u2026 Per esempio, si provi a fare un\u2019indagine su chi, come, quando e perch\u00e9 abbia fatto sparire gli infissi e le vetrate!! Del resto, chi \u00e8 esperto di destabilizzazione politica (la definizione politically correct recita \u201c<em>Ditta che fornisce al governo federale rappresentanza e consulenza sia politica sia strategica a governi stranieri e multinazionali<\/em>\u201d) al fine di mettere in atto \u201c<em>guerre di pace<\/em>\u201d che \u201criqualifichino\u201d determinate regioni del pianeta lo sa benissimo, quindi \u00e8 pi\u00f9 che normale che, a piccola scala, possa essere possibile creare delle condizioni di degrado tali da giustificare certe \u201c<em>riqualificazioni<\/em>\u201d.<\/li>\n<\/ul>\n<p>(cfr. <a href=\"http:\/\/espresso.repubblica.it\/attualita\/cronaca\/2011\/05\/23\/news\/chi-e-l-americano-della-roma-1.31709\">http:\/\/espresso.repubblica.it\/attualita\/cronaca\/2011\/05\/23\/news\/chi-e-l-americano-della-roma-1.31709<\/a> );<\/p>\n<ul>\n<li>La Legge Galasso prevede delle distanze di rispetto dai corsi d\u2019acqua e dai terreni di esondazione dei fiumi, ergo dal Tevere, ben maggiori di quelle previste per questo intervento quindi, ancora una volta, il progetto non \u00e8 presentabile;<\/li>\n<li>Le opere infrastrutturali previste sin dall\u2019origine di questa ignobile operazione, si limitavano alla sola zona dello stadio, mentre l\u2019intero \u201c<em>ammodernamento<\/em>\u201d della viabilit\u00e0 e della ferrovia necessario per la corretta affluenza allo stadio sarebbe stato pagato da tutti noi contribuenti, ergo il cambio di volume non ha comportato alcuna differenza per i conti pubblici;<\/li>\n<li>Con la viabilit\u00e0 attuale, lo stadio posto in quel punto non far\u00e0 che creare disagio alla citt\u00e0 e, certamente, incidenti stradali in quantit\u00e0 \u2026 sarebbe cosa buona e giusta che i promotori, progettisti e politici che autorizzano progetti come questo (e come i centri commerciali ed outlet lungo la via Pontina) venissero condannati per omicidio colposo ogniqualvolta si verifichi una morte del genere!<\/li>\n<li>Italia Nostra si \u00e8 fatta promotrice di proposte, immediatamente realizzabili perch\u00e9 nel rispetto delle norme e del PRG, nonch\u00e9 gi\u00e0 dotate di tutti i servizi necessari, ma i signori Pallotta-Di Benedetto (quest\u2019ultimo personaggio di cui al link precedente non viene mai menzionato) e Parnasi hanno preferito ignorare queste offerte, perch\u00e9 i loro interessi sono ben altri che non la squadra di calcio, i suoi tifosi e la Capitale \u2026 e da tifoso accanito della Roma non posso che rammaricarmi al pensiero che tanti tifosi \u2013 disinformati e manipolati \u2013 non lo capiscano!<\/li>\n<li>Quanto ai presunti posti di lavoro che si andrebbero a generare con il business center \u201c<em>a servizio dello stadio<\/em>\u201d, essi sono, per l\u2019appunto, presunti, mentre occorrerebbe ragionare in merito a quei posti di lavoro che si andrebbero certamente a perdere nel centro di Roma e nei centri commerciali di recente edificazione (che mai avrebbero dovuto essere autorizzati)!<\/li>\n<\/ul>\n<p>Potrei andare avanti ancora, perch\u00e9 l\u2019elenco delle cose strane \u00e8 praticamente infinito, ma per il momento termino qui, nella speranza che si possa far qualcosa per evitare questo scempio.<\/p>\n","protected":false},"excerpt":{"rendered":"<p>Dopo il polverone dei mesi scorsi, ormai quasi del tutto accantonato dai media &#8211; sempre in cerca di scoop mordi e fuggi, piuttosto che combattere realmente a tutela della giustizia e dell\u2019ambiente \u2013 l\u2019immonda faccenda dello stadio della AS Roma [&hellip;]<\/p>\n","protected":false},"author":2,"featured_media":0,"comment_status":"open","ping_status":"open","sticky":false,"template":"","format":"standard","meta":{"jetpack_post_was_ever_published":false,"_jetpack_newsletter_access":"","_jetpack_dont_email_post_to_subs":false,"_jetpack_newsletter_tier_id":0,"_jetpack_memberships_contains_paywalled_content":false,"_jetpack_memberships_contains_paid_content":false,"footnotes":""},"categories":[20,41,39,22],"tags":[5,12,14,15,32,49,4],"class_list":["post-298","post","type-post","status-publish","format-standard","hentry","category-architettura","category-progettazione-urbana","category-roma","category-urbanistica","tag-architettura","tag-ettore-maria-mazzola","tag-ettore-mazzola","tag-mazzola","tag-roma","tag-stadio-della-as-roma","tag-urbanistica","clearfix"],"yoast_head":"<!-- This site is optimized with the Yoast SEO plugin v27.3 - https:\/\/yoast.com\/product\/yoast-seo-wordpress\/ -->\r\n<title>Stadio della AS Roma ... nuova versione stesse assurdit\u00e0 - virtutem forma decorat<\/title>\r\n<meta name=\"robots\" content=\"index, follow, max-snippet:-1, max-image-preview:large, max-video-preview:-1\" \/>\r\n<link rel=\"canonical\" href=\"https:\/\/www.picweb.it\/emm\/blog\/index.php\/2017\/05\/24\/298\/\" \/>\r\n<meta property=\"og:locale\" content=\"it_IT\" \/>\r\n<meta property=\"og:type\" content=\"article\" \/>\r\n<meta property=\"og:title\" content=\"Stadio della AS Roma ... nuova versione stesse assurdit\u00e0 - virtutem forma decorat\" \/>\r\n<meta property=\"og:description\" content=\"Dopo il polverone dei mesi scorsi, ormai quasi del tutto accantonato dai media &#8211; sempre in cerca di scoop mordi e fuggi, piuttosto che combattere realmente a tutela della giustizia e dell\u2019ambiente \u2013 l\u2019immonda faccenda dello stadio della AS Roma [&hellip;]\" \/>\r\n<meta property=\"og:url\" content=\"https:\/\/www.picweb.it\/emm\/blog\/index.php\/2017\/05\/24\/298\/\" \/>\r\n<meta property=\"og:site_name\" content=\"virtutem forma decorat\" \/>\r\n<meta property=\"article:published_time\" content=\"2017-05-24T10:15:02+00:00\" \/>\r\n<meta property=\"article:modified_time\" content=\"2017-05-25T06:14:35+00:00\" \/>\r\n<meta property=\"og:image\" content=\"http:\/\/www.picweb.it\/emm\/blog\/wp-content\/uploads\/2017\/05\/C_2_fotogallery_3012113_0_image-257x300.jpg\" \/>\r\n<meta name=\"author\" content=\"emmazzola\" \/>\r\n<meta name=\"twitter:card\" content=\"summary_large_image\" \/>\r\n<meta name=\"twitter:creator\" content=\"@ettore_mazzola\" \/>\r\n<meta name=\"twitter:site\" content=\"@ettore_mazzola\" \/>\r\n<meta name=\"twitter:label1\" content=\"Scritto da\" \/>\n\t<meta name=\"twitter:data1\" content=\"emmazzola\" \/>\n\t<meta name=\"twitter:label2\" content=\"Tempo di lettura stimato\" \/>\n\t<meta name=\"twitter:data2\" content=\"5 minuti\" \/>\r\n<script type=\"application\/ld+json\" class=\"yoast-schema-graph\">{\"@context\":\"https:\\\/\\\/schema.org\",\"@graph\":[{\"@type\":\"Article\",\"@id\":\"https:\\\/\\\/www.picweb.it\\\/emm\\\/blog\\\/index.php\\\/2017\\\/05\\\/24\\\/298\\\/#article\",\"isPartOf\":{\"@id\":\"https:\\\/\\\/www.picweb.it\\\/emm\\\/blog\\\/index.php\\\/2017\\\/05\\\/24\\\/298\\\/\"},\"author\":{\"name\":\"emmazzola\",\"@id\":\"http:\\\/\\\/www.picweb.it\\\/emm\\\/blog\\\/#\\\/schema\\\/person\\\/e29c0dd15f13008bd4c7682e6130977f\"},\"headline\":\"Stadio della AS Roma &#8230; nuova versione stesse assurdit\u00e0\",\"datePublished\":\"2017-05-24T10:15:02+00:00\",\"dateModified\":\"2017-05-25T06:14:35+00:00\",\"mainEntityOfPage\":{\"@id\":\"https:\\\/\\\/www.picweb.it\\\/emm\\\/blog\\\/index.php\\\/2017\\\/05\\\/24\\\/298\\\/\"},\"wordCount\":1006,\"commentCount\":1,\"publisher\":{\"@id\":\"http:\\\/\\\/www.picweb.it\\\/emm\\\/blog\\\/#\\\/schema\\\/person\\\/e29c0dd15f13008bd4c7682e6130977f\"},\"image\":{\"@id\":\"https:\\\/\\\/www.picweb.it\\\/emm\\\/blog\\\/index.php\\\/2017\\\/05\\\/24\\\/298\\\/#primaryimage\"},\"thumbnailUrl\":\"http:\\\/\\\/www.picweb.it\\\/emm\\\/blog\\\/wp-content\\\/uploads\\\/2017\\\/05\\\/C_2_fotogallery_3012113_0_image-257x300.jpg\",\"keywords\":[\"architettura\",\"ettore maria mazzola\",\"ettore mazzola\",\"mazzola\",\"Roma\",\"Stadio della AS Roma\",\"Urbanistica\"],\"articleSection\":[\"Architettura\",\"progettazione urbana\",\"Roma\",\"urbanistica\"],\"inLanguage\":\"it-IT\",\"potentialAction\":[{\"@type\":\"CommentAction\",\"name\":\"Comment\",\"target\":[\"https:\\\/\\\/www.picweb.it\\\/emm\\\/blog\\\/index.php\\\/2017\\\/05\\\/24\\\/298\\\/#respond\"]}]},{\"@type\":\"WebPage\",\"@id\":\"https:\\\/\\\/www.picweb.it\\\/emm\\\/blog\\\/index.php\\\/2017\\\/05\\\/24\\\/298\\\/\",\"url\":\"https:\\\/\\\/www.picweb.it\\\/emm\\\/blog\\\/index.php\\\/2017\\\/05\\\/24\\\/298\\\/\",\"name\":\"Stadio della AS Roma ... nuova versione stesse assurdit\u00e0 - virtutem forma decorat\",\"isPartOf\":{\"@id\":\"http:\\\/\\\/www.picweb.it\\\/emm\\\/blog\\\/#website\"},\"primaryImageOfPage\":{\"@id\":\"https:\\\/\\\/www.picweb.it\\\/emm\\\/blog\\\/index.php\\\/2017\\\/05\\\/24\\\/298\\\/#primaryimage\"},\"image\":{\"@id\":\"https:\\\/\\\/www.picweb.it\\\/emm\\\/blog\\\/index.php\\\/2017\\\/05\\\/24\\\/298\\\/#primaryimage\"},\"thumbnailUrl\":\"http:\\\/\\\/www.picweb.it\\\/emm\\\/blog\\\/wp-content\\\/uploads\\\/2017\\\/05\\\/C_2_fotogallery_3012113_0_image-257x300.jpg\",\"datePublished\":\"2017-05-24T10:15:02+00:00\",\"dateModified\":\"2017-05-25T06:14:35+00:00\",\"breadcrumb\":{\"@id\":\"https:\\\/\\\/www.picweb.it\\\/emm\\\/blog\\\/index.php\\\/2017\\\/05\\\/24\\\/298\\\/#breadcrumb\"},\"inLanguage\":\"it-IT\",\"potentialAction\":[{\"@type\":\"ReadAction\",\"target\":[\"https:\\\/\\\/www.picweb.it\\\/emm\\\/blog\\\/index.php\\\/2017\\\/05\\\/24\\\/298\\\/\"]}]},{\"@type\":\"ImageObject\",\"inLanguage\":\"it-IT\",\"@id\":\"https:\\\/\\\/www.picweb.it\\\/emm\\\/blog\\\/index.php\\\/2017\\\/05\\\/24\\\/298\\\/#primaryimage\",\"url\":\"http:\\\/\\\/www.picweb.it\\\/emm\\\/blog\\\/wp-content\\\/uploads\\\/2017\\\/05\\\/C_2_fotogallery_3012113_0_image.jpg\",\"contentUrl\":\"http:\\\/\\\/www.picweb.it\\\/emm\\\/blog\\\/wp-content\\\/uploads\\\/2017\\\/05\\\/C_2_fotogallery_3012113_0_image.jpg\",\"width\":1378,\"height\":1606,\"caption\":\"Lo stadio\"},{\"@type\":\"BreadcrumbList\",\"@id\":\"https:\\\/\\\/www.picweb.it\\\/emm\\\/blog\\\/index.php\\\/2017\\\/05\\\/24\\\/298\\\/#breadcrumb\",\"itemListElement\":[{\"@type\":\"ListItem\",\"position\":1,\"name\":\"Home\",\"item\":\"http:\\\/\\\/www.picweb.it\\\/emm\\\/blog\\\/\"},{\"@type\":\"ListItem\",\"position\":2,\"name\":\"Stadio della AS Roma &#8230; nuova versione stesse assurdit\u00e0\"}]},{\"@type\":\"WebSite\",\"@id\":\"http:\\\/\\\/www.picweb.it\\\/emm\\\/blog\\\/#website\",\"url\":\"http:\\\/\\\/www.picweb.it\\\/emm\\\/blog\\\/\",\"name\":\"virtutem forma decorat\",\"description\":\"The new Architectural blog\",\"publisher\":{\"@id\":\"http:\\\/\\\/www.picweb.it\\\/emm\\\/blog\\\/#\\\/schema\\\/person\\\/e29c0dd15f13008bd4c7682e6130977f\"},\"potentialAction\":[{\"@type\":\"SearchAction\",\"target\":{\"@type\":\"EntryPoint\",\"urlTemplate\":\"http:\\\/\\\/www.picweb.it\\\/emm\\\/blog\\\/?s={search_term_string}\"},\"query-input\":{\"@type\":\"PropertyValueSpecification\",\"valueRequired\":true,\"valueName\":\"search_term_string\"}}],\"inLanguage\":\"it-IT\"},{\"@type\":[\"Person\",\"Organization\"],\"@id\":\"http:\\\/\\\/www.picweb.it\\\/emm\\\/blog\\\/#\\\/schema\\\/person\\\/e29c0dd15f13008bd4c7682e6130977f\",\"name\":\"emmazzola\",\"image\":{\"@type\":\"ImageObject\",\"inLanguage\":\"it-IT\",\"@id\":\"http:\\\/\\\/www.picweb.it\\\/emm\\\/blog\\\/wp-content\\\/uploads\\\/2017\\\/05\\\/cropped-logoVirtutemFormaDecorat_Whigher.png\",\"url\":\"http:\\\/\\\/www.picweb.it\\\/emm\\\/blog\\\/wp-content\\\/uploads\\\/2017\\\/05\\\/cropped-logoVirtutemFormaDecorat_Whigher.png\",\"contentUrl\":\"http:\\\/\\\/www.picweb.it\\\/emm\\\/blog\\\/wp-content\\\/uploads\\\/2017\\\/05\\\/cropped-logoVirtutemFormaDecorat_Whigher.png\",\"width\":200,\"height\":79,\"caption\":\"emmazzola\"},\"logo\":{\"@id\":\"http:\\\/\\\/www.picweb.it\\\/emm\\\/blog\\\/wp-content\\\/uploads\\\/2017\\\/05\\\/cropped-logoVirtutemFormaDecorat_Whigher.png\"},\"url\":\"http:\\\/\\\/www.picweb.it\\\/emm\\\/blog\\\/index.php\\\/author\\\/emmazzola\\\/\"}]}<\/script>\r\n<!-- \/ Yoast SEO plugin. -->","yoast_head_json":{"title":"Stadio della AS Roma ... nuova versione stesse assurdit\u00e0 - virtutem forma decorat","robots":{"index":"index","follow":"follow","max-snippet":"max-snippet:-1","max-image-preview":"max-image-preview:large","max-video-preview":"max-video-preview:-1"},"canonical":"https:\/\/www.picweb.it\/emm\/blog\/index.php\/2017\/05\/24\/298\/","og_locale":"it_IT","og_type":"article","og_title":"Stadio della AS Roma ... nuova versione stesse assurdit\u00e0 - virtutem forma decorat","og_description":"Dopo il polverone dei mesi scorsi, ormai quasi del tutto accantonato dai media &#8211; sempre in cerca di scoop mordi e fuggi, piuttosto che combattere realmente a tutela della giustizia e dell\u2019ambiente \u2013 l\u2019immonda faccenda dello stadio della AS Roma [&hellip;]","og_url":"https:\/\/www.picweb.it\/emm\/blog\/index.php\/2017\/05\/24\/298\/","og_site_name":"virtutem forma decorat","article_published_time":"2017-05-24T10:15:02+00:00","article_modified_time":"2017-05-25T06:14:35+00:00","og_image":[{"url":"http:\/\/www.picweb.it\/emm\/blog\/wp-content\/uploads\/2017\/05\/C_2_fotogallery_3012113_0_image-257x300.jpg","type":"","width":"","height":""}],"author":"emmazzola","twitter_card":"summary_large_image","twitter_creator":"@ettore_mazzola","twitter_site":"@ettore_mazzola","twitter_misc":{"Scritto da":"emmazzola","Tempo di lettura stimato":"5 minuti"},"schema":{"@context":"https:\/\/schema.org","@graph":[{"@type":"Article","@id":"https:\/\/www.picweb.it\/emm\/blog\/index.php\/2017\/05\/24\/298\/#article","isPartOf":{"@id":"https:\/\/www.picweb.it\/emm\/blog\/index.php\/2017\/05\/24\/298\/"},"author":{"name":"emmazzola","@id":"http:\/\/www.picweb.it\/emm\/blog\/#\/schema\/person\/e29c0dd15f13008bd4c7682e6130977f"},"headline":"Stadio della AS Roma &#8230; nuova versione stesse assurdit\u00e0","datePublished":"2017-05-24T10:15:02+00:00","dateModified":"2017-05-25T06:14:35+00:00","mainEntityOfPage":{"@id":"https:\/\/www.picweb.it\/emm\/blog\/index.php\/2017\/05\/24\/298\/"},"wordCount":1006,"commentCount":1,"publisher":{"@id":"http:\/\/www.picweb.it\/emm\/blog\/#\/schema\/person\/e29c0dd15f13008bd4c7682e6130977f"},"image":{"@id":"https:\/\/www.picweb.it\/emm\/blog\/index.php\/2017\/05\/24\/298\/#primaryimage"},"thumbnailUrl":"http:\/\/www.picweb.it\/emm\/blog\/wp-content\/uploads\/2017\/05\/C_2_fotogallery_3012113_0_image-257x300.jpg","keywords":["architettura","ettore maria mazzola","ettore mazzola","mazzola","Roma","Stadio della AS Roma","Urbanistica"],"articleSection":["Architettura","progettazione urbana","Roma","urbanistica"],"inLanguage":"it-IT","potentialAction":[{"@type":"CommentAction","name":"Comment","target":["https:\/\/www.picweb.it\/emm\/blog\/index.php\/2017\/05\/24\/298\/#respond"]}]},{"@type":"WebPage","@id":"https:\/\/www.picweb.it\/emm\/blog\/index.php\/2017\/05\/24\/298\/","url":"https:\/\/www.picweb.it\/emm\/blog\/index.php\/2017\/05\/24\/298\/","name":"Stadio della AS Roma ... nuova versione stesse assurdit\u00e0 - virtutem forma decorat","isPartOf":{"@id":"http:\/\/www.picweb.it\/emm\/blog\/#website"},"primaryImageOfPage":{"@id":"https:\/\/www.picweb.it\/emm\/blog\/index.php\/2017\/05\/24\/298\/#primaryimage"},"image":{"@id":"https:\/\/www.picweb.it\/emm\/blog\/index.php\/2017\/05\/24\/298\/#primaryimage"},"thumbnailUrl":"http:\/\/www.picweb.it\/emm\/blog\/wp-content\/uploads\/2017\/05\/C_2_fotogallery_3012113_0_image-257x300.jpg","datePublished":"2017-05-24T10:15:02+00:00","dateModified":"2017-05-25T06:14:35+00:00","breadcrumb":{"@id":"https:\/\/www.picweb.it\/emm\/blog\/index.php\/2017\/05\/24\/298\/#breadcrumb"},"inLanguage":"it-IT","potentialAction":[{"@type":"ReadAction","target":["https:\/\/www.picweb.it\/emm\/blog\/index.php\/2017\/05\/24\/298\/"]}]},{"@type":"ImageObject","inLanguage":"it-IT","@id":"https:\/\/www.picweb.it\/emm\/blog\/index.php\/2017\/05\/24\/298\/#primaryimage","url":"http:\/\/www.picweb.it\/emm\/blog\/wp-content\/uploads\/2017\/05\/C_2_fotogallery_3012113_0_image.jpg","contentUrl":"http:\/\/www.picweb.it\/emm\/blog\/wp-content\/uploads\/2017\/05\/C_2_fotogallery_3012113_0_image.jpg","width":1378,"height":1606,"caption":"Lo stadio"},{"@type":"BreadcrumbList","@id":"https:\/\/www.picweb.it\/emm\/blog\/index.php\/2017\/05\/24\/298\/#breadcrumb","itemListElement":[{"@type":"ListItem","position":1,"name":"Home","item":"http:\/\/www.picweb.it\/emm\/blog\/"},{"@type":"ListItem","position":2,"name":"Stadio della AS Roma &#8230; nuova versione stesse assurdit\u00e0"}]},{"@type":"WebSite","@id":"http:\/\/www.picweb.it\/emm\/blog\/#website","url":"http:\/\/www.picweb.it\/emm\/blog\/","name":"virtutem forma decorat","description":"The new Architectural blog","publisher":{"@id":"http:\/\/www.picweb.it\/emm\/blog\/#\/schema\/person\/e29c0dd15f13008bd4c7682e6130977f"},"potentialAction":[{"@type":"SearchAction","target":{"@type":"EntryPoint","urlTemplate":"http:\/\/www.picweb.it\/emm\/blog\/?s={search_term_string}"},"query-input":{"@type":"PropertyValueSpecification","valueRequired":true,"valueName":"search_term_string"}}],"inLanguage":"it-IT"},{"@type":["Person","Organization"],"@id":"http:\/\/www.picweb.it\/emm\/blog\/#\/schema\/person\/e29c0dd15f13008bd4c7682e6130977f","name":"emmazzola","image":{"@type":"ImageObject","inLanguage":"it-IT","@id":"http:\/\/www.picweb.it\/emm\/blog\/wp-content\/uploads\/2017\/05\/cropped-logoVirtutemFormaDecorat_Whigher.png","url":"http:\/\/www.picweb.it\/emm\/blog\/wp-content\/uploads\/2017\/05\/cropped-logoVirtutemFormaDecorat_Whigher.png","contentUrl":"http:\/\/www.picweb.it\/emm\/blog\/wp-content\/uploads\/2017\/05\/cropped-logoVirtutemFormaDecorat_Whigher.png","width":200,"height":79,"caption":"emmazzola"},"logo":{"@id":"http:\/\/www.picweb.it\/emm\/blog\/wp-content\/uploads\/2017\/05\/cropped-logoVirtutemFormaDecorat_Whigher.png"},"url":"http:\/\/www.picweb.it\/emm\/blog\/index.php\/author\/emmazzola\/"}]}},"jetpack_featured_media_url":"","jetpack_sharing_enabled":true,"jetpack_shortlink":"https:\/\/wp.me\/s8HWjS-298","jetpack-related-posts":[],"jetpack_likes_enabled":true,"_links":{"self":[{"href":"http:\/\/www.picweb.it\/emm\/blog\/index.php\/wp-json\/wp\/v2\/posts\/298","targetHints":{"allow":["GET"]}}],"collection":[{"href":"http:\/\/www.picweb.it\/emm\/blog\/index.php\/wp-json\/wp\/v2\/posts"}],"about":[{"href":"http:\/\/www.picweb.it\/emm\/blog\/index.php\/wp-json\/wp\/v2\/types\/post"}],"author":[{"embeddable":true,"href":"http:\/\/www.picweb.it\/emm\/blog\/index.php\/wp-json\/wp\/v2\/users\/2"}],"replies":[{"embeddable":true,"href":"http:\/\/www.picweb.it\/emm\/blog\/index.php\/wp-json\/wp\/v2\/comments?post=298"}],"version-history":[{"count":4,"href":"http:\/\/www.picweb.it\/emm\/blog\/index.php\/wp-json\/wp\/v2\/posts\/298\/revisions"}],"predecessor-version":[{"id":309,"href":"http:\/\/www.picweb.it\/emm\/blog\/index.php\/wp-json\/wp\/v2\/posts\/298\/revisions\/309"}],"wp:attachment":[{"href":"http:\/\/www.picweb.it\/emm\/blog\/index.php\/wp-json\/wp\/v2\/media?parent=298"}],"wp:term":[{"taxonomy":"category","embeddable":true,"href":"http:\/\/www.picweb.it\/emm\/blog\/index.php\/wp-json\/wp\/v2\/categories?post=298"},{"taxonomy":"post_tag","embeddable":true,"href":"http:\/\/www.picweb.it\/emm\/blog\/index.php\/wp-json\/wp\/v2\/tags?post=298"}],"curies":[{"name":"wp","href":"https:\/\/api.w.org\/{rel}","templated":true}]}}