{"id":1776,"date":"2019-04-18T19:56:54","date_gmt":"2019-04-18T17:56:54","guid":{"rendered":"http:\/\/www.picweb.it\/emm\/blog\/?p=1776"},"modified":"2019-04-28T17:26:32","modified_gmt":"2019-04-28T15:26:32","slug":"ricostruire-notre-dame-riflessioni-per-salvarla-dal-delirio-degli-archisciacalli-politici-e-uomini-di-chiesa","status":"publish","type":"post","link":"http:\/\/www.picweb.it\/emm\/blog\/index.php\/2019\/04\/18\/ricostruire-notre-dame-riflessioni-per-salvarla-dal-delirio-degli-archisciacalli-politici-e-uomini-di-chiesa\/","title":{"rendered":"Ricostruire Notre Dame \u2013 riflessioni per salvarla dal delirio degli archisciacalli, politici e \u201cuomini di chiesa\u201d"},"content":{"rendered":"\n<figure class=\"wp-block-image\"><img fetchpriority=\"high\" decoding=\"async\" width=\"1024\" height=\"533\" data-attachment-id=\"1777\" data-permalink=\"http:\/\/www.picweb.it\/emm\/blog\/index.php\/2019\/04\/18\/ricostruire-notre-dame-riflessioni-per-salvarla-dal-delirio-degli-archisciacalli-politici-e-uomini-di-chiesa\/foto-panoramica-cattedrale-notre-dame\/\" data-orig-file=\"http:\/\/www.picweb.it\/emm\/blog\/wp-content\/uploads\/2019\/04\/Foto-panoramica-cattedrale-notre-dame.jpg\" data-orig-size=\"1600,833\" data-comments-opened=\"1\" data-image-meta=\"{&quot;aperture&quot;:&quot;0&quot;,&quot;credit&quot;:&quot;&quot;,&quot;camera&quot;:&quot;&quot;,&quot;caption&quot;:&quot;&quot;,&quot;created_timestamp&quot;:&quot;0&quot;,&quot;copyright&quot;:&quot;&quot;,&quot;focal_length&quot;:&quot;0&quot;,&quot;iso&quot;:&quot;0&quot;,&quot;shutter_speed&quot;:&quot;0&quot;,&quot;title&quot;:&quot;&quot;,&quot;orientation&quot;:&quot;0&quot;}\" data-image-title=\"Foto panoramica cattedrale notre dame\" data-image-description=\"\" data-image-caption=\"&lt;p&gt;La Cattedrale di Notre Dame dopo il disastro&lt;\/p&gt;\n\" data-large-file=\"http:\/\/www.picweb.it\/emm\/blog\/wp-content\/uploads\/2019\/04\/Foto-panoramica-cattedrale-notre-dame-1024x533.jpg\" src=\"http:\/\/www.picweb.it\/emm\/blog\/wp-content\/uploads\/2019\/04\/Foto-panoramica-cattedrale-notre-dame-1024x533.jpg\" alt=\"\" class=\"wp-image-1777\" srcset=\"http:\/\/www.picweb.it\/emm\/blog\/wp-content\/uploads\/2019\/04\/Foto-panoramica-cattedrale-notre-dame-1024x533.jpg 1024w, http:\/\/www.picweb.it\/emm\/blog\/wp-content\/uploads\/2019\/04\/Foto-panoramica-cattedrale-notre-dame-300x156.jpg 300w, http:\/\/www.picweb.it\/emm\/blog\/wp-content\/uploads\/2019\/04\/Foto-panoramica-cattedrale-notre-dame-768x400.jpg 768w, http:\/\/www.picweb.it\/emm\/blog\/wp-content\/uploads\/2019\/04\/Foto-panoramica-cattedrale-notre-dame-700x364.jpg 700w, http:\/\/www.picweb.it\/emm\/blog\/wp-content\/uploads\/2019\/04\/Foto-panoramica-cattedrale-notre-dame-520x271.jpg 520w, http:\/\/www.picweb.it\/emm\/blog\/wp-content\/uploads\/2019\/04\/Foto-panoramica-cattedrale-notre-dame-360x187.jpg 360w, http:\/\/www.picweb.it\/emm\/blog\/wp-content\/uploads\/2019\/04\/Foto-panoramica-cattedrale-notre-dame-250x130.jpg 250w, http:\/\/www.picweb.it\/emm\/blog\/wp-content\/uploads\/2019\/04\/Foto-panoramica-cattedrale-notre-dame-100x52.jpg 100w, http:\/\/www.picweb.it\/emm\/blog\/wp-content\/uploads\/2019\/04\/Foto-panoramica-cattedrale-notre-dame.jpg 1600w\" sizes=\"(max-width: 1024px) 100vw, 1024px\" \/><figcaption>Vista Aerea della Cattedrale di Notre Dame dopo il disastro<\/figcaption><\/figure>\n\n\n\n<figure class=\"wp-block-image\"><img decoding=\"async\" width=\"840\" height=\"559\" data-attachment-id=\"1778\" data-permalink=\"http:\/\/www.picweb.it\/emm\/blog\/index.php\/2019\/04\/18\/ricostruire-notre-dame-riflessioni-per-salvarla-dal-delirio-degli-archisciacalli-politici-e-uomini-di-chiesa\/notre-dame-de-paris-en-2017-combien-de-temps-faudra-t-il-avant-qu-elle-ne-retrouve-sa-splendeur-photo-jean-sebastien-evrard-afp-1555362614\/\" data-orig-file=\"http:\/\/www.picweb.it\/emm\/blog\/wp-content\/uploads\/2019\/04\/notre-dame-de-paris-en-2017-combien-de-temps-faudra-t-il-avant-qu-elle-ne-retrouve-sa-splendeur-photo-jean-sebastien-evrard-afp-1555362614.jpg\" data-orig-size=\"840,559\" data-comments-opened=\"1\" data-image-meta=\"{&quot;aperture&quot;:&quot;0&quot;,&quot;credit&quot;:&quot;&quot;,&quot;camera&quot;:&quot;&quot;,&quot;caption&quot;:&quot;&quot;,&quot;created_timestamp&quot;:&quot;0&quot;,&quot;copyright&quot;:&quot;&quot;,&quot;focal_length&quot;:&quot;0&quot;,&quot;iso&quot;:&quot;0&quot;,&quot;shutter_speed&quot;:&quot;0&quot;,&quot;title&quot;:&quot;&quot;,&quot;orientation&quot;:&quot;0&quot;}\" data-image-title=\"notre-dame-de-paris-en-2017-combien-de-temps-faudra-t-il-avant-qu-elle-ne-retrouve-sa-splendeur-photo-jean-sebastien-evrard-afp-1555362614\" data-image-description=\"\" data-image-caption=\"&lt;p&gt;Vista aerea delle coperture e della guglia della Cattedrale di Notre Dame prima del disastro&lt;\/p&gt;\n\" data-large-file=\"http:\/\/www.picweb.it\/emm\/blog\/wp-content\/uploads\/2019\/04\/notre-dame-de-paris-en-2017-combien-de-temps-faudra-t-il-avant-qu-elle-ne-retrouve-sa-splendeur-photo-jean-sebastien-evrard-afp-1555362614.jpg\" src=\"http:\/\/www.picweb.it\/emm\/blog\/wp-content\/uploads\/2019\/04\/notre-dame-de-paris-en-2017-combien-de-temps-faudra-t-il-avant-qu-elle-ne-retrouve-sa-splendeur-photo-jean-sebastien-evrard-afp-1555362614.jpg\" alt=\"\" class=\"wp-image-1778\" srcset=\"http:\/\/www.picweb.it\/emm\/blog\/wp-content\/uploads\/2019\/04\/notre-dame-de-paris-en-2017-combien-de-temps-faudra-t-il-avant-qu-elle-ne-retrouve-sa-splendeur-photo-jean-sebastien-evrard-afp-1555362614.jpg 840w, http:\/\/www.picweb.it\/emm\/blog\/wp-content\/uploads\/2019\/04\/notre-dame-de-paris-en-2017-combien-de-temps-faudra-t-il-avant-qu-elle-ne-retrouve-sa-splendeur-photo-jean-sebastien-evrard-afp-1555362614-300x200.jpg 300w, http:\/\/www.picweb.it\/emm\/blog\/wp-content\/uploads\/2019\/04\/notre-dame-de-paris-en-2017-combien-de-temps-faudra-t-il-avant-qu-elle-ne-retrouve-sa-splendeur-photo-jean-sebastien-evrard-afp-1555362614-768x511.jpg 768w, http:\/\/www.picweb.it\/emm\/blog\/wp-content\/uploads\/2019\/04\/notre-dame-de-paris-en-2017-combien-de-temps-faudra-t-il-avant-qu-elle-ne-retrouve-sa-splendeur-photo-jean-sebastien-evrard-afp-1555362614-700x466.jpg 700w, http:\/\/www.picweb.it\/emm\/blog\/wp-content\/uploads\/2019\/04\/notre-dame-de-paris-en-2017-combien-de-temps-faudra-t-il-avant-qu-elle-ne-retrouve-sa-splendeur-photo-jean-sebastien-evrard-afp-1555362614-520x346.jpg 520w, http:\/\/www.picweb.it\/emm\/blog\/wp-content\/uploads\/2019\/04\/notre-dame-de-paris-en-2017-combien-de-temps-faudra-t-il-avant-qu-elle-ne-retrouve-sa-splendeur-photo-jean-sebastien-evrard-afp-1555362614-360x240.jpg 360w, http:\/\/www.picweb.it\/emm\/blog\/wp-content\/uploads\/2019\/04\/notre-dame-de-paris-en-2017-combien-de-temps-faudra-t-il-avant-qu-elle-ne-retrouve-sa-splendeur-photo-jean-sebastien-evrard-afp-1555362614-250x166.jpg 250w, http:\/\/www.picweb.it\/emm\/blog\/wp-content\/uploads\/2019\/04\/notre-dame-de-paris-en-2017-combien-de-temps-faudra-t-il-avant-qu-elle-ne-retrouve-sa-splendeur-photo-jean-sebastien-evrard-afp-1555362614-100x67.jpg 100w\" sizes=\"(max-width: 840px) 100vw, 840px\" \/><figcaption>Vista aerea delle coperture e della guglia della Cattedrale di Notre Dame prima del disastro<\/figcaption><\/figure>\n\n\n\n<p>L\u2019isteria,\ninfarcita di ideologia e fondamentalismi di vario genere, scattata a poche ore\ndal disastro di Notre Dame lascia basiti!<\/p>\n\n\n\n<p>Lascia infatti di stucco registrare come, mentre la gente comune di tutto il mondo \u2013 indipendentemente dal proprio credo religioso \u2013 si sia mobilitata per il <strong>restauro\/ricostruzione fedele<\/strong> delle strutture bruciate nel rogo della Cattedrale di Parigi, perfino arrivando a donare, in pochissimo tempo, quasi un miliardo di Euro, coloro i quali dovrebbero amministrare e\/o curare la ricostruzione, stiano invece pensando <strong>all\u2019occasione \u2013 offerta da questa tragedia \u2013 per poter adeguare Notre Dame alla nostra epoca<\/strong> (ignorantissima e presuntuosa)!<\/p>\n\n\n\n<p>Per esempio, un articolo circolato un paio di giorni fa ha raccontato di come l\u2019<em>\u00e9lite <\/em>degli architetti veda addirittura <strong>l\u2019incendio di Notre Dame come una \u201c<em>liberazione<\/em>\u201d<\/strong> della quale approfittare per <strong><em>trasformare la Cattedrale in un\u2019icona della Nuova Francia Globalista<\/em><\/strong><a href=\"#_ftn1\">[1]<\/a> \u2026 una follia talmente incredibile che, quando ho letto l\u2019articolo, postandolo su FB ho pensato bene di fare un <em>errore freudiano<\/em> anagrammando e traducendo per scherzo<em> Elitist architects<\/em> in \u201c<strong><em>architetti etilisti<\/em><\/strong>\u201d (sebbene etilista si dica <em>alcoholic<\/em>).<\/p>\n\n\n\n<p>Il\nnostro rappresentante di questa folle categoria, Massimiliano Fuksas, stimolato\ndai giornalisti, si \u00e8 spinto ad affermare: &#8220;<strong><em>Immagino un pinnacolo di\ncristallo di Baccarat per la nuova Notre Dame<\/em><\/strong>&#8220;<a href=\"#_ftn2\">[2]<\/a> \u2026<\/p>\n\n\n\n<p>Ma\nla follia non si \u00e8 limitata alle sole deliranti dichiarazioni degli \u201c<em>architetti etilisti<\/em>\u201d, ma \u00e8 andata ben\noltre, contagiando anche chi, pi\u00f9 di tutti, dovrebbe tutelare il proprio Paese e\nla propria identit\u00e0 culturale: il Primo Ministro Edouard Philippe ha infatti\ndichiarato ai reporters di \u201c<strong><em>sperare in una nuova guglia adattata alle\ntecniche e alle sfide della nostra era!<\/em><\/strong>\u201d, annunciando un concorso\ninternazionale per la ricostruzione delle coperture e della guglia di Notre\nDame invitando le archistars<a href=\"#_ftn3\">[3]<\/a>!!!<\/p>\n\n\n\n<p>A\ncostui, evidentemente, l\u2019errore dei \u201c<em>Grand\nTravaux<\/em>\u201d della cosiddetta \u201c<em>Grandeure<\/em>\u201d\nmitteraniana<a href=\"#_ftn4\">[4]<\/a>\nnon \u00e8 bastato!<\/p>\n\n\n\n<p>A\nbeneficio di chi l\u2019abbia gi\u00e0 dimenticato, l\u2019abominio modernista realizzato da\nMitterand per celebrare la \u201c<em>sua era\ngrandiosa<\/em>\u201d, non ha portato solo alla realizzazione della <em>Pyramide du Louvre<\/em>, dell\u2019<em>Institue du Monde Arab<\/em>, della <em>Tres Grand Biblioteque<\/em>, dell\u2019<em>Oper\u00e0 de la Bastille<\/em>, della <em>Defense<\/em> e della <em>Villette<\/em>, ecc. ma anche alla creazione delle cosiddette <em>Villes Nouvelles<\/em> (<em>Cergy<\/em>, <em>Cergy Pointoise,\nPrefecture, Marne la Vall\u00e9e, Saint Denis<\/em> ecc.) dove venne <em>parcheggiata e dimenticata<\/em> la manodopera\nsottopagata importata dalle ex colonie con promesse fasulle.<\/p>\n\n\n\n<p>In\nquelle periferie immonde, a partire dal 2005, \u00e8 esploso il violento fenomeno delle\n<em>Banlieues<\/em><a href=\"#_ftn5\">[5]<\/a>!<\/p>\n\n\n\n<p>Questo\nindividuo, che fa coppia con il suo Presidente Macron, dovrebbe provare ad\nimmaginare come mai, se prova a chiedere ad un parigino \u2013 o a chiunque nel\nmondo \u2013 di nominare gli edifici simbolo di Parigi, il 100% risponder\u00e0 <em>Notre Dame<\/em>, il <em>Louvre<\/em>, la<em> Tour Eiffel<\/em>, <em>le Sacre-Coeur<\/em> e, mai e poi mai, le\nporcherie volute da Mitterand!!!<\/p>\n\n\n\n<p>\u2026\nMa non \u00e8 tutto! Se questo vi pu\u00f2 sembrare assurdo, sappiate comunque che questa\nfollia neoliberista, che sogna la distruzione dei simboli culturali delle\nnazioni, si \u00e8 spinta fino all\u2019interno della categoria di persone che, pi\u00f9 di\ntutte, dovrebbe battersi per la ricostruzione fedele di quanto andato perduto.<\/p>\n\n\n\n<p>Per\nesempio, Marc Vacher parroco di Montrouge nella Diocesi di Nanterre, poco a Sud\ndi Parigi, si \u00e8 spinto a dire che <em>\u201c<\/em><strong><em>Notre Dame meriti di meglio della sua ricostruzione\nfedele com\u2019era<\/em><\/strong><em>\u201d<\/em><a href=\"#_ftn6\">[6]<\/a><em>.<\/em><\/p>\n\n\n\n<p>Per\nl\u2019esattezza, questo \u201c<em>amministratore della\nfede<\/em>\u201d ha affermato: <\/p>\n\n\n\n<p>\u00ab[\u2026] <strong><em>a\nquanto pare, la maggioranza della gente \u00e8 convinta che Notre Dame debba essere\nricostruita esattamente com\u2019era. Personalmente credo che questa cosa debba\nessere ripensata. Molte architetture Cristiane sono state danneggiate o\ndistrutte dalle catastrofi susseguitesi nel corso della storia, e queste sono\nspesso state ricostruite da costruttori convinti che il pi\u00f9 bel regalo a Dio e\na coloro i quali lo pregano, fosse quello di ricostruirle adoperando l\u2019arte e\nle tecniche della propria era, nonch\u00e9 imparando a creare ed innovare attraverso\nquesti progetti monumentali. \u2026 Siamo ancora in grato di innovare in nome di\nDio?<\/em><\/strong>\u00bb<\/p>\n\n\n\n<p>Per\nnon allungare ulteriormente il brodo, rimando l\u2019approfondimento sul livello\ndemenziale delle dichiarazioni di questi individui agli articoli in lingua che\nho linkato, limitandomi ad un paio di riflessioni su quello che, a mio modesto\nparere dovrebbe farsi.<\/p>\n\n\n\n<p>A\nchi, per ragioni ideologiche o di ignoranza sull\u2019argomento restauro, prema per\nun <em>\u201crestauro che sia spirito della nostra\nera<\/em>\u201d, vorrei ricordare che in tutto il mondo, tranne che in Italia, il <strong>Restauro<\/strong> risponda alla definizione dei\nvocabolari: \u201cRESTAURARE: RIMETTERE NELLE CONDIZIONI ORIGINARIE UN MANUFATTO O\nUN\u2019OPERA D\u2019ARTE, MEDIANTE OPPORTUNI LAVORI DI RIPARAZIONE E REINTEGRO\u201d\n(Vocabolario Italiano Devoto &#8211; Oli, 1987) \u2026 Solo in Italia, infatti, questo non\naccade, perch\u00e9 ancora prevalgono gli assurdi divieti di Cesare Brandi (<strong><em>Teoria\ndel Restauro<\/em>, 1963<\/strong>) e della <strong><em>Carta del Restauro di Venezia<\/em> del 1964<\/strong>,\nsecondo cui \u201c<strong><em>il rifacimento tanto pi\u00f9 sar\u00e0 consentito quanto pi\u00f9 si allontaner\u00e0\ndall\u2019aggiunta e mirer\u00e0 a costituire un\u2019unit\u00e0 nuova sulla vecchia<\/em><\/strong>\u201d, ci\u00f2 \u201c<strong><em>per\nevitare le falsificazioni<\/em><\/strong><em>\u201d<\/em>,\nle quali tuttavia avrebbero senso solo nel caso delle opere d\u2019arte mobili e di\nantiquariato, commerciabili ed esportabili!<\/p>\n\n\n\n<p>A\ncausa di queste idiozie, purtroppo, i danni causati dai \u201c<em>restauri<\/em>\u201d eseguiti dagli anni \u201960 in poi sono infiniti. Per esempio\ni crolli di Pompei, e la stragrande maggioranza dei crolli in occasione dei\nterremoti degli ultimi 10 anni a carico di edifici sui quali erano stati\ninseriti solai e tetti in c.a. o altre superfetazioni, rigide e pesanti, che\nnulla avevano a che fare con le strutture originarie ed il loro comportamento\nstatico<a href=\"#_ftn7\">[7]<\/a>.<\/p>\n\n\n\n<p>Ebbene,\nstando alla definizione di restauro, chi interviene dovrebbe pensare a\nrimettere nelle condizioni originarie il manufatto, e MAI ad un intervento\nautoreferenziale, figlio dell\u2019ignoranza delle mode passeggere! Chi non\ncomprende questo, per ignoranza, per ideologia o per qualsivoglia altra\nragione, \u00e8 bene che faccia altro nella vita, piuttosto che stuprare a proprio\npiacimento i monumenti e gli edifici storici!<\/p>\n\n\n\n<p>Chi\nsi appelli all\u2019epoca di costruzione e\/o alla presunta \u201c<em>arbitrariet\u00e0<\/em>\u201d della Guglia di Viollet-Le-Duc, farebbe bene a\nrendersi conto che quello fu un intervento che sposava rigorosamente il\nlinguaggio, i materiali e le tecniche originarie, tant\u2019\u00e8 che ai comuni mortali,\nnon passati per la <em>lobotomia<\/em> delle\nfacolt\u00e0 di architettura, quella guglia appariva una meraviglia che veniva\ncreduta far parte di Notre Dame da sempre!<\/p>\n\n\n\n<p>Chi\nritenga che il progettista\/restauratore di turno debba essere legittimato a far\nci\u00f2 che creda, in nome dello \u201c<em>zeitgeist<\/em>\u201d,\nfarebbe bene a riaprire i libri e capire che, in passato, quando si costruivano\nle chiese, i vari professionisti che si avvicendavano nella costruzione, (come\nraccontato per esempio nella <em>Storia della\nFabbrica del Duomo di Firenze<\/em>), dovevano solennemente giurare con una mano\nsulla Bibbia e l\u2019altra sul modello della Chiesa, che avrebbero portato a compimento\nquell\u2019edificio, cos\u00ec come pensato dall\u2019autore a cui \u201c<em>L\u2019Opera del Duomo<\/em>\u201d aveva affidato la realizzazione!<\/p>\n\n\n\n<p>Non\n\u00e8 un caso se, per esempio, il cosiddetto <em>Campanile\ndi Giotto<\/em> risulti esser stato costruito da Giotto nella sola porzione\nbasamentale, tra il 1334 e il 1337 (anno della sua morte), successivamente, tra\nil 1338 e il 1348, vennero realizzati i due piani intermedi da Andrea Pisano,\nfedelmente al progetto di Giotto e, dopo due anni di sospensione, il cantiere\nvenne ripreso nel 1350 e completato nel 1359 da Francesco Talenti \u2026\nquell\u2019edificio oggi presenta una coerenza assoluta e sembra esser venuto fuori\nda un\u2019unica mano! \u2026<\/p>\n\n\n\n<p>Solo\nun arrogante architetto contemporaneo, incapace di dialogare col passato (per\nragioni ideologiche o per mera incapacit\u00e0 progettuale), pu\u00f2 pensare che la sua\nfirma possa essere pi\u00f9 importante della ricostruzione del monumento com\u2019era e\ndov\u2019era, ovvero della <strong>ricostruzione\ndell\u2019identit\u00e0 collettiva<\/strong>!<\/p>\n\n\n\n<p>In\nconclusione, ritengo indispensabile un\u2019ultima riflessione sul come, a mio\navviso, andrebbero gestiti i fondi donati per la ricostruzione, fondi che, in soli\n3 giorni, hanno gi\u00e0 superato i 900 mln di Euro e che sarebbe un peccato\nlasciare nella mani di \u201c<em>personaggi in\ncerca d\u2019autore<\/em>\u201d che, piuttosto che promuovere la ricostruzione fedele\nvoluta dai donatori, preferiscono fantasticare su folli guglie spaziali,\nlucernai high-tech e quanto di peggio possa maturare nel loro cervello bacato!<\/p>\n\n\n\n<p>Nell\u2019introduzione al mio libro \u201c<em>La Citt\u00e0 Sostenibile \u00e8 Possibile<\/em>\u201d, il\ncompianto Paolo Marconi raccont\u00f2 delle difficolt\u00e0 affrontate nel mettere in\natto la ricostruzione postbellica in Italia, rispettando la volont\u00e0 popolare e\ndei donatori, in un momento in cui le neonate Teorie del Restauro, basate sulla\nlotta alla presunta \u201c<em>falsificazione della\nstoria<\/em>\u201d, mostravano tutta la loro ostilit\u00e0.<a href=\"#_ftn8\">[8]<\/a><\/p>\n\n\n\n<p>Marconi scrisse:<\/p>\n\n\n\n<p>\u00ab<em>Il Piano Marshall sopperiva in buona parte\nalla ricostruzione delle citt\u00e0 bombardate in Europa ed in Italia \u2013 a\ncominciare da Rimini col Tempio Malatestiano, come vedremo \u2013 <\/em><em>grazie<\/em><em> anche al supporto economico della <strong>S. Kress Foundation<\/strong><a href=\"#_ftn9\"><strong>[9]<\/strong><\/a><\/em><em>. Alla fine della seconda\nGuerra Mondiale infatti era stato creato l\u2019American Committee for the Restoration of Italian Monuments,\ndiretto da C. R. Morey (1877-1955), storico dell\u2019arte della Princeton\nUniversity e addetto culturale presso l\u2019ambasciata americana di Roma dal 1945\nal 1950. La ricostruzione inizi\u00f2 dal Tempio Malatestiano a Rimini, avendo l\u2019American Committee <\/em><em>\u00ab<\/em><em>gi\u00e0 raccolto 50.000 dollari da destinarsi al\ncompletamento dei lavori di restauro<\/em><em>\u00bb<\/em><em> (20 febbraio 1947). I dollari\ndedicati al Tempio saranno alla fine 65.000, grazie alla Kress Foundation che\nfinanzier\u00e0 anche la ricostruzione \u2018com\u2019era, dov\u2019era\u2019 del ponte a S. Trinita di\nFirenze (1955-57)<a href=\"#_ftn10\"><strong>[10]<\/strong><\/a>,\nlodata da B. Zevi nel 1958 (<\/em><em>ENCICLOPEDIA DELL\u2019ARTE<\/em><em>). Il 14 luglio del 1947 G. De Angelis D\u2019Ossat e D. Levi,\nin qualit\u00e0 di rappresentanti della Direzione Generale del Ministero alle\nAA.BB.AA., enunciarono sul posto il tipo d\u2019intervento che si voleva\nintraprendere: <\/em><em>\u00ab<\/em><em>riportare il paramento\nalbertiano dell\u2019esterno nella sua posizione originaria<\/em><em>\u00bb,<\/em><em> smontando e rimontando la facciata. A rafforzare\ntale decisione fu lo statunitense B. Berenson (<\/em><em>grande conoscitore d&#8217;<a href=\"http:\/\/it.wikipedia.org\/wiki\/Arte_italiana\">Arte italiana<\/a><\/em><em>),<\/em><em> <\/em><em>il quale<\/em><em> nell\u2019agosto del 1947 comp\u00ec un fatidico sopralluogo per\nconto dell\u2019American Committee, in seguito al quale <strong>furono messi a disposizione i 50.000 dollari ricevuti dalla Kress\nFoundation solo a patto che si procedesse allo smontaggio e rimontaggio\ndella Facciata del Tempio.<\/strong> Lo smontaggio inizi\u00f2 il 21 novembre \u201947; il\nrimontaggio termin\u00f2 il 13 novembre 1949\u00bb.<\/em><\/p>\n\n\n\n<p>Con questo\nbreve racconto, preso in prestito dal grande Paolo Marconi, auspico che i\ngrandi donatori dei fondi per la ricostruzione delle strutture danneggiate della\nCattedrale di Notre Dame mettano un vincolo all\u2019utilizzo di quei fondi\nimparando dal precedente della Kress Foundation, grazie al quale, ancora oggi,\npossiamo godere della vista dell\u2019edificio di Leon Battista Alberti in quel di\nRimini.<br><\/p>\n\n\n\n<hr class=\"wp-block-separator\"\/>\n\n\n\n<p><a href=\"#_ftnref1\">[1]<\/a> <a href=\"https:\/\/summit.news\/2019\/04\/17\/elitist-architects-want-notre-dame-rebuilt-to-reflect-new-globalist-france\/?fbclid=IwAR2N3v0i2MFLI0-hmsJjE2DlqO16zua92LqFEsXeNNCwSA0WoIYxkogGaS4\">https:\/\/summit.news\/2019\/04\/17\/elitist-architects-want-notre-dame-rebuilt-to-reflect-new-globalist-france\/?fbclid=IwAR2N3v0i2MFLI0-hmsJjE2DlqO16zua92LqFEsXeNNCwSA0WoIYxkogGaS4<\/a><\/p>\n\n\n\n<p><a href=\"#_ftnref2\">[2]<\/a> <a href=\"https:\/\/www.huffingtonpost.it\/2019\/04\/16\/massimiliano-fuksas-immagino-un-pinnacolo-di-cristallo-di-baccarat-per-la-nuova-notre-dame_a_23712564\/?utm_hp_ref=it-homepage&amp;ref=fbph&amp;ncid=fcbklnkithpmg00000001&amp;fbclid=IwAR16CL3q5WQSbSupH0-EGPzLfKTk2ITNz_tB0b7wSlCwwJxxWxw63vTU2z8\">https:\/\/www.huffingtonpost.it\/2019\/04\/16\/massimiliano-fuksas-immagino-un-pinnacolo-di-cristallo-di-baccarat-per-la-nuova-notre-dame_a_23712564\/?utm_hp_ref=it-homepage&amp;ref=fbph&amp;ncid=fcbklnkithpmg00000001&amp;fbclid=IwAR16CL3q5WQSbSupH0-EGPzLfKTk2ITNz_tB0b7wSlCwwJxxWxw63vTU2z8<\/a><\/p>\n\n\n\n<p><a href=\"#_ftnref3\">[3]<\/a> <a href=\"https:\/\/www.bbc.com\/news\/world-europe-47959313?fbclid=IwAR0M83dkbx_OOU7lcWwE-2nU6f9clNtyfoXwyQfT-9xIGnGXP8ZJJadyhv0\">https:\/\/www.bbc.com\/news\/world-europe-47959313?fbclid=IwAR0M83dkbx_OOU7lcWwE-2nU6f9clNtyfoXwyQfT-9xIGnGXP8ZJJadyhv0<\/a>\n<\/p>\n\n\n\n<p><a href=\"#_ftnref4\">[4]<\/a> <a href=\"https:\/\/fr.wikipedia.org\/wiki\/Grandes_op%C3%A9rations_d%27architecture_et_d%27urbanisme\">https:\/\/fr.wikipedia.org\/wiki\/Grandes_op%C3%A9rations_d%27architecture_et_d%27urbanisme<\/a>\n<\/p>\n\n\n\n<p><a href=\"#_ftnref5\">[5]<\/a> Cfr. E. M.\nMazzola, \u201c<em>Parigi oggi o Roma agli inizi\ndel Nocevento\u201d<\/em> &#8211; <em>Carta\nEtc.<\/em>, n\u00b05, dicembre 2005\n<\/p>\n\n\n\n<p><a href=\"#_ftnref6\">[6]<\/a> <a href=\"https:\/\/international.la-croix.com\/news\/notre-dame-deserves-better-than-being-rebuilt-exactly-as-it-was\/9915?fbclid=IwAR1y2yKdeT5MRmTPG91UgI9baAleM-0tBGxqjlqTe4Nz7srmYEXSPE7dfrE\">https:\/\/international.la-croix.com\/news\/notre-dame-deserves-better-than-being-rebuilt-exactly-as-it-was\/9915?fbclid=IwAR1y2yKdeT5MRmTPG91UgI9baAleM-0tBGxqjlqTe4Nz7srmYEXSPE7dfrE#<\/a>\n<\/p>\n\n\n\n<p><a href=\"#_ftnref7\">[7]<\/a> Cfr per esempio\nquesti miei vecchi articoli: <a href=\"https:\/\/www.ilcovile.it\/news\/archivio\/00000524.html\">https:\/\/www.ilcovile.it\/news\/archivio\/00000524.html<\/a>;\n<a href=\"http:\/\/biourbanistica.com\/it\/blog\/2016\/8\/31\/il-cemento-e-il-terremoto-corruzione-e-menzogne-architettoniche\/\">http:\/\/biourbanistica.com\/it\/blog\/2016\/8\/31\/il-cemento-e-il-terremoto-corruzione-e-menzogne-architettoniche\/<\/a>;\n<a href=\"https:\/\/archiwatch.it\/2016\/08\/30\/mazzola-sulledificio-sopravvissuto\/\">https:\/\/archiwatch.it\/2016\/08\/30\/mazzola-sulledificio-sopravvissuto\/<\/a>\n<\/p>\n\n\n\n<p><a href=\"#_ftnref8\"><sup>[8]<\/sup><\/a> P. Marconi,\nPrefazione al libro di E. M. Mazzola, \u201c<em>La\nCitt\u00e0 Sostenibile \u00e8 Possibile \u2013 The Sustainable City is Possible<\/em>\u201d, Gangemi\nEditore, Roma 2010.<\/p>\n\n\n\n<p><a href=\"#_ftnref9\">[9]<\/a> Cfr., J. H. Stubbs, <em>TIME HONORED &#8211; A global view of Architectural Conservation<\/em>,\nHoboken, New Jersey, 2009<\/p>\n\n\n\n<p><a href=\"#_ftnref10\">[10]<\/a> Cfr. la nota\nprecedente<\/p>\n","protected":false},"excerpt":{"rendered":"<p>L\u2019isteria, infarcita di ideologia e fondamentalismi di vario genere, scattata a poche ore dal disastro di Notre Dame lascia basiti! Lascia infatti di stucco registrare come, mentre la gente comune di tutto il mondo \u2013 indipendentemente dal proprio credo religioso [&hellip;]<\/p>\n","protected":false},"author":2,"featured_media":0,"comment_status":"open","ping_status":"open","sticky":false,"template":"","format":"standard","meta":{"jetpack_post_was_ever_published":false,"_jetpack_newsletter_access":"","_jetpack_dont_email_post_to_subs":false,"_jetpack_newsletter_tier_id":0,"_jetpack_memberships_contains_paywalled_content":false,"_jetpack_memberships_contains_paid_content":false,"footnotes":""},"categories":[52,130,338,226,24,131],"tags":[],"class_list":["post-1776","post","type-post","status-publish","format-standard","hentry","category-attualita","category-carta-del-restauro","category-notre-dame-di-parigi","category-parigi","category-restauro","category-teorie-del-restauro","clearfix"],"yoast_head":"<!-- This site is optimized with the Yoast SEO plugin v27.3 - https:\/\/yoast.com\/product\/yoast-seo-wordpress\/ -->\r\n<title>Ricostruire Notre Dame \u2013 riflessioni per salvarla dal delirio degli archisciacalli, politici e \u201cuomini di chiesa\u201d - virtutem forma decorat<\/title>\r\n<meta name=\"robots\" content=\"index, follow, max-snippet:-1, max-image-preview:large, max-video-preview:-1\" \/>\r\n<link rel=\"canonical\" href=\"http:\/\/www.picweb.it\/emm\/blog\/index.php\/2019\/04\/18\/ricostruire-notre-dame-riflessioni-per-salvarla-dal-delirio-degli-archisciacalli-politici-e-uomini-di-chiesa\/\" \/>\r\n<meta property=\"og:locale\" content=\"it_IT\" \/>\r\n<meta property=\"og:type\" content=\"article\" \/>\r\n<meta property=\"og:title\" content=\"Ricostruire Notre Dame \u2013 riflessioni per salvarla dal delirio degli archisciacalli, politici e \u201cuomini di chiesa\u201d - virtutem forma decorat\" \/>\r\n<meta property=\"og:description\" content=\"L\u2019isteria, infarcita di ideologia e fondamentalismi di vario genere, scattata a poche ore dal disastro di Notre Dame lascia basiti! Lascia infatti di stucco registrare come, mentre la gente comune di tutto il mondo \u2013 indipendentemente dal proprio credo religioso [&hellip;]\" \/>\r\n<meta property=\"og:url\" content=\"http:\/\/www.picweb.it\/emm\/blog\/index.php\/2019\/04\/18\/ricostruire-notre-dame-riflessioni-per-salvarla-dal-delirio-degli-archisciacalli-politici-e-uomini-di-chiesa\/\" \/>\r\n<meta property=\"og:site_name\" content=\"virtutem forma decorat\" \/>\r\n<meta property=\"article:published_time\" content=\"2019-04-18T17:56:54+00:00\" \/>\r\n<meta property=\"article:modified_time\" content=\"2019-04-28T15:26:32+00:00\" \/>\r\n<meta property=\"og:image\" content=\"http:\/\/www.picweb.it\/emm\/blog\/wp-content\/uploads\/2019\/04\/Foto-panoramica-cattedrale-notre-dame-1024x533.jpg\" \/>\r\n<meta name=\"author\" content=\"emmazzola\" \/>\r\n<meta name=\"twitter:card\" content=\"summary_large_image\" \/>\r\n<meta name=\"twitter:creator\" content=\"@ettore_mazzola\" \/>\r\n<meta name=\"twitter:site\" content=\"@ettore_mazzola\" \/>\r\n<meta name=\"twitter:label1\" content=\"Scritto da\" \/>\n\t<meta name=\"twitter:data1\" content=\"emmazzola\" \/>\n\t<meta name=\"twitter:label2\" content=\"Tempo di lettura stimato\" \/>\n\t<meta name=\"twitter:data2\" content=\"10 minuti\" \/>\r\n<script type=\"application\/ld+json\" class=\"yoast-schema-graph\">{\"@context\":\"https:\\\/\\\/schema.org\",\"@graph\":[{\"@type\":\"Article\",\"@id\":\"http:\\\/\\\/www.picweb.it\\\/emm\\\/blog\\\/index.php\\\/2019\\\/04\\\/18\\\/ricostruire-notre-dame-riflessioni-per-salvarla-dal-delirio-degli-archisciacalli-politici-e-uomini-di-chiesa\\\/#article\",\"isPartOf\":{\"@id\":\"http:\\\/\\\/www.picweb.it\\\/emm\\\/blog\\\/index.php\\\/2019\\\/04\\\/18\\\/ricostruire-notre-dame-riflessioni-per-salvarla-dal-delirio-degli-archisciacalli-politici-e-uomini-di-chiesa\\\/\"},\"author\":{\"name\":\"emmazzola\",\"@id\":\"http:\\\/\\\/www.picweb.it\\\/emm\\\/blog\\\/#\\\/schema\\\/person\\\/e29c0dd15f13008bd4c7682e6130977f\"},\"headline\":\"Ricostruire Notre Dame \u2013 riflessioni per salvarla dal delirio degli archisciacalli, politici e \u201cuomini di chiesa\u201d\",\"datePublished\":\"2019-04-18T17:56:54+00:00\",\"dateModified\":\"2019-04-28T15:26:32+00:00\",\"mainEntityOfPage\":{\"@id\":\"http:\\\/\\\/www.picweb.it\\\/emm\\\/blog\\\/index.php\\\/2019\\\/04\\\/18\\\/ricostruire-notre-dame-riflessioni-per-salvarla-dal-delirio-degli-archisciacalli-politici-e-uomini-di-chiesa\\\/\"},\"wordCount\":1886,\"commentCount\":4,\"publisher\":{\"@id\":\"http:\\\/\\\/www.picweb.it\\\/emm\\\/blog\\\/#\\\/schema\\\/person\\\/e29c0dd15f13008bd4c7682e6130977f\"},\"image\":{\"@id\":\"http:\\\/\\\/www.picweb.it\\\/emm\\\/blog\\\/index.php\\\/2019\\\/04\\\/18\\\/ricostruire-notre-dame-riflessioni-per-salvarla-dal-delirio-degli-archisciacalli-politici-e-uomini-di-chiesa\\\/#primaryimage\"},\"thumbnailUrl\":\"http:\\\/\\\/www.picweb.it\\\/emm\\\/blog\\\/wp-content\\\/uploads\\\/2019\\\/04\\\/Foto-panoramica-cattedrale-notre-dame-1024x533.jpg\",\"articleSection\":[\"attualit\u00e0\",\"Carta del Restauro\",\"Notre Dame di Parigi\",\"Parigi\",\"restauro\",\"Teorie del Restauro\"],\"inLanguage\":\"it-IT\",\"potentialAction\":[{\"@type\":\"CommentAction\",\"name\":\"Comment\",\"target\":[\"http:\\\/\\\/www.picweb.it\\\/emm\\\/blog\\\/index.php\\\/2019\\\/04\\\/18\\\/ricostruire-notre-dame-riflessioni-per-salvarla-dal-delirio-degli-archisciacalli-politici-e-uomini-di-chiesa\\\/#respond\"]}]},{\"@type\":\"WebPage\",\"@id\":\"http:\\\/\\\/www.picweb.it\\\/emm\\\/blog\\\/index.php\\\/2019\\\/04\\\/18\\\/ricostruire-notre-dame-riflessioni-per-salvarla-dal-delirio-degli-archisciacalli-politici-e-uomini-di-chiesa\\\/\",\"url\":\"http:\\\/\\\/www.picweb.it\\\/emm\\\/blog\\\/index.php\\\/2019\\\/04\\\/18\\\/ricostruire-notre-dame-riflessioni-per-salvarla-dal-delirio-degli-archisciacalli-politici-e-uomini-di-chiesa\\\/\",\"name\":\"Ricostruire Notre Dame \u2013 riflessioni per salvarla dal delirio degli archisciacalli, politici e \u201cuomini di chiesa\u201d - virtutem forma decorat\",\"isPartOf\":{\"@id\":\"http:\\\/\\\/www.picweb.it\\\/emm\\\/blog\\\/#website\"},\"primaryImageOfPage\":{\"@id\":\"http:\\\/\\\/www.picweb.it\\\/emm\\\/blog\\\/index.php\\\/2019\\\/04\\\/18\\\/ricostruire-notre-dame-riflessioni-per-salvarla-dal-delirio-degli-archisciacalli-politici-e-uomini-di-chiesa\\\/#primaryimage\"},\"image\":{\"@id\":\"http:\\\/\\\/www.picweb.it\\\/emm\\\/blog\\\/index.php\\\/2019\\\/04\\\/18\\\/ricostruire-notre-dame-riflessioni-per-salvarla-dal-delirio-degli-archisciacalli-politici-e-uomini-di-chiesa\\\/#primaryimage\"},\"thumbnailUrl\":\"http:\\\/\\\/www.picweb.it\\\/emm\\\/blog\\\/wp-content\\\/uploads\\\/2019\\\/04\\\/Foto-panoramica-cattedrale-notre-dame-1024x533.jpg\",\"datePublished\":\"2019-04-18T17:56:54+00:00\",\"dateModified\":\"2019-04-28T15:26:32+00:00\",\"breadcrumb\":{\"@id\":\"http:\\\/\\\/www.picweb.it\\\/emm\\\/blog\\\/index.php\\\/2019\\\/04\\\/18\\\/ricostruire-notre-dame-riflessioni-per-salvarla-dal-delirio-degli-archisciacalli-politici-e-uomini-di-chiesa\\\/#breadcrumb\"},\"inLanguage\":\"it-IT\",\"potentialAction\":[{\"@type\":\"ReadAction\",\"target\":[\"http:\\\/\\\/www.picweb.it\\\/emm\\\/blog\\\/index.php\\\/2019\\\/04\\\/18\\\/ricostruire-notre-dame-riflessioni-per-salvarla-dal-delirio-degli-archisciacalli-politici-e-uomini-di-chiesa\\\/\"]}]},{\"@type\":\"ImageObject\",\"inLanguage\":\"it-IT\",\"@id\":\"http:\\\/\\\/www.picweb.it\\\/emm\\\/blog\\\/index.php\\\/2019\\\/04\\\/18\\\/ricostruire-notre-dame-riflessioni-per-salvarla-dal-delirio-degli-archisciacalli-politici-e-uomini-di-chiesa\\\/#primaryimage\",\"url\":\"http:\\\/\\\/www.picweb.it\\\/emm\\\/blog\\\/wp-content\\\/uploads\\\/2019\\\/04\\\/Foto-panoramica-cattedrale-notre-dame.jpg\",\"contentUrl\":\"http:\\\/\\\/www.picweb.it\\\/emm\\\/blog\\\/wp-content\\\/uploads\\\/2019\\\/04\\\/Foto-panoramica-cattedrale-notre-dame.jpg\",\"width\":1600,\"height\":833,\"caption\":\"La Cattedrale di Notre Dame dopo il disastro\"},{\"@type\":\"BreadcrumbList\",\"@id\":\"http:\\\/\\\/www.picweb.it\\\/emm\\\/blog\\\/index.php\\\/2019\\\/04\\\/18\\\/ricostruire-notre-dame-riflessioni-per-salvarla-dal-delirio-degli-archisciacalli-politici-e-uomini-di-chiesa\\\/#breadcrumb\",\"itemListElement\":[{\"@type\":\"ListItem\",\"position\":1,\"name\":\"Home\",\"item\":\"http:\\\/\\\/www.picweb.it\\\/emm\\\/blog\\\/\"},{\"@type\":\"ListItem\",\"position\":2,\"name\":\"Ricostruire Notre Dame \u2013 riflessioni per salvarla dal delirio degli archisciacalli, politici e \u201cuomini di chiesa\u201d\"}]},{\"@type\":\"WebSite\",\"@id\":\"http:\\\/\\\/www.picweb.it\\\/emm\\\/blog\\\/#website\",\"url\":\"http:\\\/\\\/www.picweb.it\\\/emm\\\/blog\\\/\",\"name\":\"virtutem forma decorat\",\"description\":\"The new Architectural blog\",\"publisher\":{\"@id\":\"http:\\\/\\\/www.picweb.it\\\/emm\\\/blog\\\/#\\\/schema\\\/person\\\/e29c0dd15f13008bd4c7682e6130977f\"},\"potentialAction\":[{\"@type\":\"SearchAction\",\"target\":{\"@type\":\"EntryPoint\",\"urlTemplate\":\"http:\\\/\\\/www.picweb.it\\\/emm\\\/blog\\\/?s={search_term_string}\"},\"query-input\":{\"@type\":\"PropertyValueSpecification\",\"valueRequired\":true,\"valueName\":\"search_term_string\"}}],\"inLanguage\":\"it-IT\"},{\"@type\":[\"Person\",\"Organization\"],\"@id\":\"http:\\\/\\\/www.picweb.it\\\/emm\\\/blog\\\/#\\\/schema\\\/person\\\/e29c0dd15f13008bd4c7682e6130977f\",\"name\":\"emmazzola\",\"image\":{\"@type\":\"ImageObject\",\"inLanguage\":\"it-IT\",\"@id\":\"http:\\\/\\\/www.picweb.it\\\/emm\\\/blog\\\/wp-content\\\/uploads\\\/2017\\\/05\\\/cropped-logoVirtutemFormaDecorat_Whigher.png\",\"url\":\"http:\\\/\\\/www.picweb.it\\\/emm\\\/blog\\\/wp-content\\\/uploads\\\/2017\\\/05\\\/cropped-logoVirtutemFormaDecorat_Whigher.png\",\"contentUrl\":\"http:\\\/\\\/www.picweb.it\\\/emm\\\/blog\\\/wp-content\\\/uploads\\\/2017\\\/05\\\/cropped-logoVirtutemFormaDecorat_Whigher.png\",\"width\":200,\"height\":79,\"caption\":\"emmazzola\"},\"logo\":{\"@id\":\"http:\\\/\\\/www.picweb.it\\\/emm\\\/blog\\\/wp-content\\\/uploads\\\/2017\\\/05\\\/cropped-logoVirtutemFormaDecorat_Whigher.png\"},\"url\":\"http:\\\/\\\/www.picweb.it\\\/emm\\\/blog\\\/index.php\\\/author\\\/emmazzola\\\/\"}]}<\/script>\r\n<!-- \/ Yoast SEO plugin. -->","yoast_head_json":{"title":"Ricostruire Notre Dame \u2013 riflessioni per salvarla dal delirio degli archisciacalli, politici e \u201cuomini di chiesa\u201d - virtutem forma decorat","robots":{"index":"index","follow":"follow","max-snippet":"max-snippet:-1","max-image-preview":"max-image-preview:large","max-video-preview":"max-video-preview:-1"},"canonical":"http:\/\/www.picweb.it\/emm\/blog\/index.php\/2019\/04\/18\/ricostruire-notre-dame-riflessioni-per-salvarla-dal-delirio-degli-archisciacalli-politici-e-uomini-di-chiesa\/","og_locale":"it_IT","og_type":"article","og_title":"Ricostruire Notre Dame \u2013 riflessioni per salvarla dal delirio degli archisciacalli, politici e \u201cuomini di chiesa\u201d - virtutem forma decorat","og_description":"L\u2019isteria, infarcita di ideologia e fondamentalismi di vario genere, scattata a poche ore dal disastro di Notre Dame lascia basiti! Lascia infatti di stucco registrare come, mentre la gente comune di tutto il mondo \u2013 indipendentemente dal proprio credo religioso [&hellip;]","og_url":"http:\/\/www.picweb.it\/emm\/blog\/index.php\/2019\/04\/18\/ricostruire-notre-dame-riflessioni-per-salvarla-dal-delirio-degli-archisciacalli-politici-e-uomini-di-chiesa\/","og_site_name":"virtutem forma decorat","article_published_time":"2019-04-18T17:56:54+00:00","article_modified_time":"2019-04-28T15:26:32+00:00","og_image":[{"url":"http:\/\/www.picweb.it\/emm\/blog\/wp-content\/uploads\/2019\/04\/Foto-panoramica-cattedrale-notre-dame-1024x533.jpg","type":"","width":"","height":""}],"author":"emmazzola","twitter_card":"summary_large_image","twitter_creator":"@ettore_mazzola","twitter_site":"@ettore_mazzola","twitter_misc":{"Scritto da":"emmazzola","Tempo di lettura stimato":"10 minuti"},"schema":{"@context":"https:\/\/schema.org","@graph":[{"@type":"Article","@id":"http:\/\/www.picweb.it\/emm\/blog\/index.php\/2019\/04\/18\/ricostruire-notre-dame-riflessioni-per-salvarla-dal-delirio-degli-archisciacalli-politici-e-uomini-di-chiesa\/#article","isPartOf":{"@id":"http:\/\/www.picweb.it\/emm\/blog\/index.php\/2019\/04\/18\/ricostruire-notre-dame-riflessioni-per-salvarla-dal-delirio-degli-archisciacalli-politici-e-uomini-di-chiesa\/"},"author":{"name":"emmazzola","@id":"http:\/\/www.picweb.it\/emm\/blog\/#\/schema\/person\/e29c0dd15f13008bd4c7682e6130977f"},"headline":"Ricostruire Notre Dame \u2013 riflessioni per salvarla dal delirio degli archisciacalli, politici e \u201cuomini di chiesa\u201d","datePublished":"2019-04-18T17:56:54+00:00","dateModified":"2019-04-28T15:26:32+00:00","mainEntityOfPage":{"@id":"http:\/\/www.picweb.it\/emm\/blog\/index.php\/2019\/04\/18\/ricostruire-notre-dame-riflessioni-per-salvarla-dal-delirio-degli-archisciacalli-politici-e-uomini-di-chiesa\/"},"wordCount":1886,"commentCount":4,"publisher":{"@id":"http:\/\/www.picweb.it\/emm\/blog\/#\/schema\/person\/e29c0dd15f13008bd4c7682e6130977f"},"image":{"@id":"http:\/\/www.picweb.it\/emm\/blog\/index.php\/2019\/04\/18\/ricostruire-notre-dame-riflessioni-per-salvarla-dal-delirio-degli-archisciacalli-politici-e-uomini-di-chiesa\/#primaryimage"},"thumbnailUrl":"http:\/\/www.picweb.it\/emm\/blog\/wp-content\/uploads\/2019\/04\/Foto-panoramica-cattedrale-notre-dame-1024x533.jpg","articleSection":["attualit\u00e0","Carta del Restauro","Notre Dame di Parigi","Parigi","restauro","Teorie del Restauro"],"inLanguage":"it-IT","potentialAction":[{"@type":"CommentAction","name":"Comment","target":["http:\/\/www.picweb.it\/emm\/blog\/index.php\/2019\/04\/18\/ricostruire-notre-dame-riflessioni-per-salvarla-dal-delirio-degli-archisciacalli-politici-e-uomini-di-chiesa\/#respond"]}]},{"@type":"WebPage","@id":"http:\/\/www.picweb.it\/emm\/blog\/index.php\/2019\/04\/18\/ricostruire-notre-dame-riflessioni-per-salvarla-dal-delirio-degli-archisciacalli-politici-e-uomini-di-chiesa\/","url":"http:\/\/www.picweb.it\/emm\/blog\/index.php\/2019\/04\/18\/ricostruire-notre-dame-riflessioni-per-salvarla-dal-delirio-degli-archisciacalli-politici-e-uomini-di-chiesa\/","name":"Ricostruire Notre Dame \u2013 riflessioni per salvarla dal delirio degli archisciacalli, politici e \u201cuomini di chiesa\u201d - virtutem forma decorat","isPartOf":{"@id":"http:\/\/www.picweb.it\/emm\/blog\/#website"},"primaryImageOfPage":{"@id":"http:\/\/www.picweb.it\/emm\/blog\/index.php\/2019\/04\/18\/ricostruire-notre-dame-riflessioni-per-salvarla-dal-delirio-degli-archisciacalli-politici-e-uomini-di-chiesa\/#primaryimage"},"image":{"@id":"http:\/\/www.picweb.it\/emm\/blog\/index.php\/2019\/04\/18\/ricostruire-notre-dame-riflessioni-per-salvarla-dal-delirio-degli-archisciacalli-politici-e-uomini-di-chiesa\/#primaryimage"},"thumbnailUrl":"http:\/\/www.picweb.it\/emm\/blog\/wp-content\/uploads\/2019\/04\/Foto-panoramica-cattedrale-notre-dame-1024x533.jpg","datePublished":"2019-04-18T17:56:54+00:00","dateModified":"2019-04-28T15:26:32+00:00","breadcrumb":{"@id":"http:\/\/www.picweb.it\/emm\/blog\/index.php\/2019\/04\/18\/ricostruire-notre-dame-riflessioni-per-salvarla-dal-delirio-degli-archisciacalli-politici-e-uomini-di-chiesa\/#breadcrumb"},"inLanguage":"it-IT","potentialAction":[{"@type":"ReadAction","target":["http:\/\/www.picweb.it\/emm\/blog\/index.php\/2019\/04\/18\/ricostruire-notre-dame-riflessioni-per-salvarla-dal-delirio-degli-archisciacalli-politici-e-uomini-di-chiesa\/"]}]},{"@type":"ImageObject","inLanguage":"it-IT","@id":"http:\/\/www.picweb.it\/emm\/blog\/index.php\/2019\/04\/18\/ricostruire-notre-dame-riflessioni-per-salvarla-dal-delirio-degli-archisciacalli-politici-e-uomini-di-chiesa\/#primaryimage","url":"http:\/\/www.picweb.it\/emm\/blog\/wp-content\/uploads\/2019\/04\/Foto-panoramica-cattedrale-notre-dame.jpg","contentUrl":"http:\/\/www.picweb.it\/emm\/blog\/wp-content\/uploads\/2019\/04\/Foto-panoramica-cattedrale-notre-dame.jpg","width":1600,"height":833,"caption":"La Cattedrale di Notre Dame dopo il disastro"},{"@type":"BreadcrumbList","@id":"http:\/\/www.picweb.it\/emm\/blog\/index.php\/2019\/04\/18\/ricostruire-notre-dame-riflessioni-per-salvarla-dal-delirio-degli-archisciacalli-politici-e-uomini-di-chiesa\/#breadcrumb","itemListElement":[{"@type":"ListItem","position":1,"name":"Home","item":"http:\/\/www.picweb.it\/emm\/blog\/"},{"@type":"ListItem","position":2,"name":"Ricostruire Notre Dame \u2013 riflessioni per salvarla dal delirio degli archisciacalli, politici e \u201cuomini di chiesa\u201d"}]},{"@type":"WebSite","@id":"http:\/\/www.picweb.it\/emm\/blog\/#website","url":"http:\/\/www.picweb.it\/emm\/blog\/","name":"virtutem forma decorat","description":"The new Architectural blog","publisher":{"@id":"http:\/\/www.picweb.it\/emm\/blog\/#\/schema\/person\/e29c0dd15f13008bd4c7682e6130977f"},"potentialAction":[{"@type":"SearchAction","target":{"@type":"EntryPoint","urlTemplate":"http:\/\/www.picweb.it\/emm\/blog\/?s={search_term_string}"},"query-input":{"@type":"PropertyValueSpecification","valueRequired":true,"valueName":"search_term_string"}}],"inLanguage":"it-IT"},{"@type":["Person","Organization"],"@id":"http:\/\/www.picweb.it\/emm\/blog\/#\/schema\/person\/e29c0dd15f13008bd4c7682e6130977f","name":"emmazzola","image":{"@type":"ImageObject","inLanguage":"it-IT","@id":"http:\/\/www.picweb.it\/emm\/blog\/wp-content\/uploads\/2017\/05\/cropped-logoVirtutemFormaDecorat_Whigher.png","url":"http:\/\/www.picweb.it\/emm\/blog\/wp-content\/uploads\/2017\/05\/cropped-logoVirtutemFormaDecorat_Whigher.png","contentUrl":"http:\/\/www.picweb.it\/emm\/blog\/wp-content\/uploads\/2017\/05\/cropped-logoVirtutemFormaDecorat_Whigher.png","width":200,"height":79,"caption":"emmazzola"},"logo":{"@id":"http:\/\/www.picweb.it\/emm\/blog\/wp-content\/uploads\/2017\/05\/cropped-logoVirtutemFormaDecorat_Whigher.png"},"url":"http:\/\/www.picweb.it\/emm\/blog\/index.php\/author\/emmazzola\/"}]}},"jetpack_featured_media_url":"","jetpack_sharing_enabled":true,"jetpack_shortlink":"https:\/\/wp.me\/p8HWjS-sE","jetpack-related-posts":[],"jetpack_likes_enabled":true,"_links":{"self":[{"href":"http:\/\/www.picweb.it\/emm\/blog\/index.php\/wp-json\/wp\/v2\/posts\/1776","targetHints":{"allow":["GET"]}}],"collection":[{"href":"http:\/\/www.picweb.it\/emm\/blog\/index.php\/wp-json\/wp\/v2\/posts"}],"about":[{"href":"http:\/\/www.picweb.it\/emm\/blog\/index.php\/wp-json\/wp\/v2\/types\/post"}],"author":[{"embeddable":true,"href":"http:\/\/www.picweb.it\/emm\/blog\/index.php\/wp-json\/wp\/v2\/users\/2"}],"replies":[{"embeddable":true,"href":"http:\/\/www.picweb.it\/emm\/blog\/index.php\/wp-json\/wp\/v2\/comments?post=1776"}],"version-history":[{"count":3,"href":"http:\/\/www.picweb.it\/emm\/blog\/index.php\/wp-json\/wp\/v2\/posts\/1776\/revisions"}],"predecessor-version":[{"id":1792,"href":"http:\/\/www.picweb.it\/emm\/blog\/index.php\/wp-json\/wp\/v2\/posts\/1776\/revisions\/1792"}],"wp:attachment":[{"href":"http:\/\/www.picweb.it\/emm\/blog\/index.php\/wp-json\/wp\/v2\/media?parent=1776"}],"wp:term":[{"taxonomy":"category","embeddable":true,"href":"http:\/\/www.picweb.it\/emm\/blog\/index.php\/wp-json\/wp\/v2\/categories?post=1776"},{"taxonomy":"post_tag","embeddable":true,"href":"http:\/\/www.picweb.it\/emm\/blog\/index.php\/wp-json\/wp\/v2\/tags?post=1776"}],"curies":[{"name":"wp","href":"https:\/\/api.w.org\/{rel}","templated":true}]}}