{"id":1411,"date":"2018-08-08T07:02:14","date_gmt":"2018-08-08T05:02:14","guid":{"rendered":"http:\/\/www.picweb.it\/emm\/blog\/?p=1411"},"modified":"2018-08-08T18:38:00","modified_gmt":"2018-08-08T16:38:00","slug":"sullassurdo-fraintendimento-del-concetto-di-bello-nellarte-concettuale","status":"publish","type":"post","link":"http:\/\/www.picweb.it\/emm\/blog\/index.php\/2018\/08\/08\/sullassurdo-fraintendimento-del-concetto-di-bello-nellarte-concettuale\/","title":{"rendered":"Sull\u2019assurdo fraintendimento del concetto di \u201cbello\u201d nell\u2019Arte Concettuale"},"content":{"rendered":"<figure id=\"attachment_1421\" aria-describedby=\"caption-attachment-1421\" style=\"width: 931px\" class=\"wp-caption aligncenter\"><img fetchpriority=\"high\" decoding=\"async\" data-attachment-id=\"1421\" data-permalink=\"http:\/\/www.picweb.it\/emm\/blog\/index.php\/2018\/08\/08\/sullassurdo-fraintendimento-del-concetto-di-bello-nellarte-concettuale\/batman-schiaffeggia-robin-artista-concettuale-3\/\" data-orig-file=\"http:\/\/www.picweb.it\/emm\/blog\/wp-content\/uploads\/2018\/08\/Batman-schiaffeggia-Robin-artista-concettuale-2.jpg\" data-orig-size=\"844,794\" data-comments-opened=\"1\" data-image-meta=\"{&quot;aperture&quot;:&quot;0&quot;,&quot;credit&quot;:&quot;&quot;,&quot;camera&quot;:&quot;&quot;,&quot;caption&quot;:&quot;&quot;,&quot;created_timestamp&quot;:&quot;0&quot;,&quot;copyright&quot;:&quot;&quot;,&quot;focal_length&quot;:&quot;0&quot;,&quot;iso&quot;:&quot;0&quot;,&quot;shutter_speed&quot;:&quot;0&quot;,&quot;title&quot;:&quot;&quot;,&quot;orientation&quot;:&quot;0&quot;}\" data-image-title=\"Batman schiaffeggia Robin artista concettuale\" data-image-description=\"\" data-image-caption=\"&lt;p&gt;La mia opinione sull\u2019arte concettuale affidata alle sapienti mani di Batman&lt;\/p&gt;\n\" data-large-file=\"http:\/\/www.picweb.it\/emm\/blog\/wp-content\/uploads\/2018\/08\/Batman-schiaffeggia-Robin-artista-concettuale-2.jpg\" class=\" wp-image-1421\" src=\"http:\/\/www.picweb.it\/emm\/blog\/wp-content\/uploads\/2018\/08\/Batman-schiaffeggia-Robin-artista-concettuale-2.jpg\" alt=\"\" width=\"931\" height=\"876\" srcset=\"http:\/\/www.picweb.it\/emm\/blog\/wp-content\/uploads\/2018\/08\/Batman-schiaffeggia-Robin-artista-concettuale-2.jpg 844w, http:\/\/www.picweb.it\/emm\/blog\/wp-content\/uploads\/2018\/08\/Batman-schiaffeggia-Robin-artista-concettuale-2-300x282.jpg 300w, http:\/\/www.picweb.it\/emm\/blog\/wp-content\/uploads\/2018\/08\/Batman-schiaffeggia-Robin-artista-concettuale-2-768x723.jpg 768w, http:\/\/www.picweb.it\/emm\/blog\/wp-content\/uploads\/2018\/08\/Batman-schiaffeggia-Robin-artista-concettuale-2-700x659.jpg 700w, http:\/\/www.picweb.it\/emm\/blog\/wp-content\/uploads\/2018\/08\/Batman-schiaffeggia-Robin-artista-concettuale-2-520x489.jpg 520w, http:\/\/www.picweb.it\/emm\/blog\/wp-content\/uploads\/2018\/08\/Batman-schiaffeggia-Robin-artista-concettuale-2-360x339.jpg 360w, http:\/\/www.picweb.it\/emm\/blog\/wp-content\/uploads\/2018\/08\/Batman-schiaffeggia-Robin-artista-concettuale-2-250x235.jpg 250w, http:\/\/www.picweb.it\/emm\/blog\/wp-content\/uploads\/2018\/08\/Batman-schiaffeggia-Robin-artista-concettuale-2-100x94.jpg 100w\" sizes=\"(max-width: 931px) 100vw, 931px\" \/><figcaption id=\"caption-attachment-1421\" class=\"wp-caption-text\">La mia opinione sull\u2019arte concettuale affidata alle sapienti mani di Batman<\/figcaption><\/figure>\n<p>Nel lungo elenco dei disastri culturali della met\u00e0 del secolo trascorso, c\u2019\u00e8 l\u2019avvento della cosiddetta \u201c<strong><em>arte concettuale<\/em><\/strong><strong>\u201d<\/strong>, nata in opposizione alle forme d&#8217;arte fino allora conosciute, che venivano giudicate ed apprezzate dalla societ\u00e0 contemporanea, in base alle loro qualit\u00e0 e capacit\u00e0 di suscitare emozioni.<\/p>\n<p>Erano gli stessi anni in cui l\u2019architettura tradizionale veniva messa al bando perch\u00e9 ritenuta \u201c<em>borghese<\/em>\u201d e \u201c<em>fascista<\/em>\u201d da parte di una pletora di professionisti ed \u201c<em>esperti della materia<\/em>\u201d i quali, sull\u2019onda emotiva del secondo conflitto mondiale e delle persecuzioni razziali, pensarono bene di fare teoria (e un sacco di soldi) a favore degli speculatori fondiari, molti dei quali appartenevano esattamente a quel mondo che ritenevano di dover combattere.<\/p>\n<p>L\u2019ipocrisia e l\u2019ignoranza di quei presunti \u201c<em>rivoluzionari antiborghesi<\/em>\u201d \u00e8 oggi sotto gli occhi di tutti. Quei <em>rivoluzionari hippies<\/em> ben presto si sono trasformati in <em>yuppies<\/em>, operando in maniera ben pi\u00f9 devastante del \u201c<em>mostro borghese<\/em>\u201d che finsero di combattere.<\/p>\n<p>Grazie al discorso politico-emotivo di quegli anni, il lavaggio del cervello operato sulle persone \u2013 come un cemento a presa rapida \u2013 fece subito presa e indur\u00ec, ragion per cui, ancora oggi, pur di apparire coerenti con la loro \u201c<em>posizione politico-culturale<\/em>\u201d, molte persone che si ritengono \u201c<em>di sinistra<\/em>\u201d, amano fingere di comprendere ed apprezzare l\u2019estetica di opere insulse, figlie dell\u2019ignoranza consumista applicata all\u2019arte, che vede il valore di un\u2019opera in funzione della \u201c<em>quotazione economica<\/em>\u201d dell\u2019artista, piuttosto che in funzione delle sua capacit\u00e0 artistiche!<\/p>\n<p>Inutile far notare a certi personaggi quanto possa apparire \u201c<em>borghese<\/em>\u201d ed \u201c<em>elitario<\/em>\u201d il fatto che, a loro avviso, l\u2019apprezzamento e la comprensione di certe opere possa essere esclusivo appannaggio di una <strong><em>\u00e9lite colta<\/em><\/strong> in grado di farlo!<\/p>\n<figure id=\"attachment_1413\" aria-describedby=\"caption-attachment-1413\" style=\"width: 953px\" class=\"wp-caption aligncenter\"><img decoding=\"async\" data-attachment-id=\"1413\" data-permalink=\"http:\/\/www.picweb.it\/emm\/blog\/index.php\/2018\/08\/08\/sullassurdo-fraintendimento-del-concetto-di-bello-nellarte-concettuale\/installazione-davanti-al-castello-di-barletta\/\" data-orig-file=\"http:\/\/www.picweb.it\/emm\/blog\/wp-content\/uploads\/2018\/08\/Installazione-davanti-al-Castello-di-Barletta.jpg\" data-orig-size=\"643,287\" data-comments-opened=\"1\" data-image-meta=\"{&quot;aperture&quot;:&quot;0&quot;,&quot;credit&quot;:&quot;&quot;,&quot;camera&quot;:&quot;&quot;,&quot;caption&quot;:&quot;&quot;,&quot;created_timestamp&quot;:&quot;0&quot;,&quot;copyright&quot;:&quot;&quot;,&quot;focal_length&quot;:&quot;0&quot;,&quot;iso&quot;:&quot;0&quot;,&quot;shutter_speed&quot;:&quot;0&quot;,&quot;title&quot;:&quot;&quot;,&quot;orientation&quot;:&quot;0&quot;}\" data-image-title=\"Installazione davanti al Castello di Barletta\" data-image-description=\"\" data-image-caption=\"&lt;p&gt;La presunta \u201copera d\u2019arte\u201d con la scritta \u201cGovernment\u201d posta di fronte all\u2019ingresso del Castello di Barletta come prologo alla mostra \u201cVictory of Democracy\u201d di Andrei Molodkin nell\u2019ambito del progetto Puglia-Circuito del Contemporaneo.&lt;\/p&gt;\n\" data-large-file=\"http:\/\/www.picweb.it\/emm\/blog\/wp-content\/uploads\/2018\/08\/Installazione-davanti-al-Castello-di-Barletta.jpg\" class=\" wp-image-1413\" src=\"http:\/\/www.picweb.it\/emm\/blog\/wp-content\/uploads\/2018\/08\/Installazione-davanti-al-Castello-di-Barletta.jpg\" alt=\"\" width=\"953\" height=\"425\" srcset=\"http:\/\/www.picweb.it\/emm\/blog\/wp-content\/uploads\/2018\/08\/Installazione-davanti-al-Castello-di-Barletta.jpg 643w, http:\/\/www.picweb.it\/emm\/blog\/wp-content\/uploads\/2018\/08\/Installazione-davanti-al-Castello-di-Barletta-300x134.jpg 300w, http:\/\/www.picweb.it\/emm\/blog\/wp-content\/uploads\/2018\/08\/Installazione-davanti-al-Castello-di-Barletta-520x232.jpg 520w, http:\/\/www.picweb.it\/emm\/blog\/wp-content\/uploads\/2018\/08\/Installazione-davanti-al-Castello-di-Barletta-360x161.jpg 360w, http:\/\/www.picweb.it\/emm\/blog\/wp-content\/uploads\/2018\/08\/Installazione-davanti-al-Castello-di-Barletta-250x112.jpg 250w, http:\/\/www.picweb.it\/emm\/blog\/wp-content\/uploads\/2018\/08\/Installazione-davanti-al-Castello-di-Barletta-100x45.jpg 100w\" sizes=\"(max-width: 953px) 100vw, 953px\" \/><figcaption id=\"caption-attachment-1413\" class=\"wp-caption-text\">La presunta \u201copera d\u2019arte\u201d con la scritta \u201cGovernment\u201d posta di fronte all\u2019ingresso del Castello di Barletta come prologo alla mostra \u201cVictory of Democracy\u201d di Andrei Molodkin nell\u2019ambito del progetto Puglia-Circuito del Contemporaneo.<\/figcaption><\/figure>\n<p>Nei giorni scorsi, avendo avuto l\u2019ardire di esprimere onestamente la mia soddisfazione (ma sui social non ero stato il solo!) per la rimozione \u2013 con mesi di ritardo \u2013 di una immonda installazione che deturpava l\u2019ingresso del Castello di Barletta<a href=\"#_ftn1\" name=\"_ftnref1\">[1]<\/a>, un mio conoscente mi ha definito un <em>ignorante<\/em>, un <em>presuntuoso incompetente<\/em> e un <em>maleducato<\/em> \u2026 ovviamente quella persona \u2013 che si commenta da s\u00e9 \u2013 non \u00e8 stata in grado di rispondere alla mia richiesta di spiegare, a tutti gli <em>ignoranti come me<\/em>, la \u201c<em>bellezza<\/em>\u201d di quella installazione, n\u00e9 il perch\u00e9 a suo avviso risulti giusto imporre a tutti, anche a chi non abbia alcun interesse a vederle, la visione di certe installazioni che appaiono come una vera e propria <em>violenza<\/em>! \u2026 peraltro usando denaro pubblico.<\/p>\n<p>Quando ci si imbatte in discussioni del genere, i difensori dell\u2019<em>arte concettuale<\/em> (costantemente incapaci di distinguere tra \u201c<em>concetto<\/em>\u201d \u2013 o \u201c<em>significato<\/em>\u201d \u2013 e \u201c<em>bellezza<\/em>\u201d di un\u2019opera d\u2019arte) \u2026 volendo <em>apparire intellettuali e sensibili<\/em>, si limiteranno a sostenere che l\u2019opera di turno gli piaccia per il suo \u201c<em>significato simbolico<\/em>\u201d; tuttavia non proveranno mai a chiarire come quel \u201c<em>significato<\/em>\u201d, se mai ci fosse, possa tramutarsi in <em>valore estetico <\/em>in grado di far definire quell\u2019opera \u201c<em>bella<\/em>\u201d!<\/p>\n<p>Davanti a certe sterili discussioni con persone le quali, pur di apparire colte, sono disposte a farsi prendere per i fondelli dai mercanti d\u2019arte, diviene difficile, se non addirittura inutile, sprecare parole, eppure non bisogna demordere, magari iniziando con il chiarire qualcosina sperando che, prima o poi, rinsaviscano.<\/p>\n<p>Innanzitutto bisognerebbe ricordar loro che gli artisti concettuali, come ho ironizzato nella vignetta iniziale, sostengono che \u201c<strong><em>l&#8217;arte non risieda nell&#8217;aspetto delle opere realizzate, ma nell&#8217;idea, nella parola o nel pensiero percorso per realizzare tale opera<\/em><\/strong><em>\u201d<\/em>.<\/p>\n<p>Inoltre, sebbene gli storici dell\u2019arte ritengano l\u2019esperienza dell\u2019<strong><em>arte concettuale<\/em><\/strong> nata alla met\u00e0 degli anni \u201960 e gi\u00e0 conclusa alla fine degli anni \u201970, ancora oggi l\u2019idea che il \u201c<em>significato nascosto<\/em>\u201d di un\u2019opera ne costituisca il suo <em>valore<\/em>, consente a molti \u201c<em>imbratta-tele<\/em>\u201d e \u201c<em>ferrivecchi<\/em>\u201d di potersi ritenere artisti \u2026<\/p>\n<p>Del resto, come ebbe onestamente a dirci il prof. Achille Bonito Oliva all\u2019epoca in cui ero studente di Architettura all\u2019Universit\u00e0 di Roma, \u201c<em>non \u00e8 vero che artisti si nasca, solo critici si nasce!<\/em>\u201d \u2026 Il ragionamento dello storico-critico dell\u2019arte, creatore della Transavanguardia, voleva arrivare a farci capire che, <strong>s<em>e hai gli agganci giusti, se entri nelle grazie del \u201ccritico giusto\u201d, anche se non vali nulla, puoi venir considerato un artista<\/em><\/strong>! \u2026 Va da s\u00e9 che, nel mondo dell\u2019arte contemporanea, vadano per la maggiore quegli <em>artisti<\/em> appartenenti a certe lobbies sulle quali \u00e8 meglio non aprire alcun discorso, per evitare che della gentaglia in malafede possa lanciare accuse come quelle che, nel tempo, si \u00e8 beccato Maurizio Blondet<a href=\"#_ftn2\" name=\"_ftnref2\">[2]<\/a>!<\/p>\n<p>Ci\u00f2 per\u00f2 non toglie che risulti utile far sapere che oggi esistano caveaux di note compagnie assicurative e banche londinesi, che custodiscono opere realizzate \u2013 su commissione \u2013 da una serie di incapaci <em>imbratta-tele<\/em> e <em>ferrivecchi<\/em> che, nei prossimi anni, verranno lanciati sul mercato dell\u2019arte come vere e proprie divinit\u00e0 artistiche \u2026<\/p>\n<p>I <em>mercanti del consumismo applicato all\u2019arte<\/em>, per poter rimpinguare le proprie tasche approfittando dei fessi, sanno bene di poter far forza sull\u2019attitudine provinciale di una societ\u00e0 snob che ama mostrarsi colta fingendo di apprezzare certe nefandezze \u2026 essi ben sanno che in una societ\u00e0 del genere qualsiasi porcheria, opportunamente pubblicizzata dai <em>parolai-Re-Mida <\/em>di turno, verr\u00e0 trasformata in moneta sonante!<\/p>\n<p>Non \u00e8 un caso se, proprio in Inghilterra, nel 1961, apparve sulla scena \u201c<em>artistica<\/em>\u201d la corrente \u201c<em>Fluxus<\/em>\u201d che, <em>\u00abnella evoluzione della sua filosofia trasform\u00f2 il concetto\u00a0\u2018tutto \u00e8 arte\u2019 in \u2018non-arte\u2019 ed in \u2018anti-arte\u2019, portando gli artisti verso la totale libert\u00e0 dallo status dell\u2019arte\u00bb.<\/em><\/p>\n<p>A questo punto, quindi, per evitare le consuete accuse che mi vengono mosse quando esprimo il mio onesto parere su certe \u201c<em>opere<\/em>\u201d, per meglio chiarire in cosa consista l\u2019<strong><em>arte concettual<\/em><\/strong>e, cito di seguito la spiegazione riportata su di un sito, non fazioso come potrei essere ritenuto io, dedicato all\u2019arte<a href=\"#_ftn3\" name=\"_ftnref3\">[3]<\/a>:<\/p>\n<p><em>\u00abL&#8217;arte concettuale ha abbandonato presto tela e pennelli per occuparsi di oggetti e composizioni che nulla hanno a che fare con il concetto o l&#8217;estetica dell&#8217;Arte espressa e riconosciuta nell&#8217;ambito delle\u00a0<\/em><strong><em>Arti Visive.<\/em><\/strong><\/p>\n<p><em>Ma poich\u00e9 ogni &#8220;artista&#8221; ha potuto mettere in mostra se stesso e le sue idee, utilizzando qualsiasi elemento solido, liquido, oltre agli spazi vuoti o pieni, \u00e8 difficile trovare elementi comuni fra di loro oltre ci\u00f2 che negano.<\/em><\/p>\n<p><em>In effetti tutti questi artisti hanno un punto in comune che emerge prepotentemente dalle loro opere: il\u00a0<\/em><strong><em>gusto\u00a0<\/em><\/strong><em>per l\u2019abiezione e per l\u2019orrore, il fascino per i fluidi corporei, il sangue, il liquido seminale, l\u2019urina, gli escrementi, il muco nasale, l&#8217;effetto ipnotico per l\u2019automutilazione o la mostruosit\u00e0, allineandosi tutti all&#8217;<\/em><strong><em>estetica del disgusto<\/em><\/strong><em>, unico dato caratteristico dell&#8217;evoluzione dell&#8217;arte concettuale.<\/em><\/p>\n<p><em>Gli studiosi d&#8217;arte, hanno diviso le esperienze concettuali in due gruppi principali: quelle legate al\u00a0<\/em><strong><em>&#8220;pensiero&#8221;<\/em><\/strong><em>\u00a0e quelle legate all\u2019&#8221;<\/em><strong><em>evento&#8221;<\/em><\/strong><em>.<\/em><\/p>\n<p><em>Nel primo caso hanno raggruppato artisti la cui attivit\u00e0, seppur legata alla produzione di opere concrete, le pone come <strong>messaggio prettamente intellettuale<\/strong>.<\/em><\/p>\n<p><em>Nel secondo caso rientrano quelle esperienze artistiche che\u00a0<\/em><strong><em>non\u00a0<\/em><\/strong><em>producono opere, ma solo <strong>eventi temporalmente limitati<\/strong>, la cui traccia rimane solo nella testimonianza, fotografica, filmica o altro, dell\u2019evento stesso\u00bb.<\/em><\/p>\n<p>Nell\u2019uno, come nell\u2019altro caso, chi promuova questo genere artistico, per poter raccogliere consensi (o presunti tali), ricorre all\u2019uso di spazi storicamente caratterizzati, per esser certo che ci sar\u00e0 un pubblico. \u2026 Ovviamente ci verr\u00e0 raccontato che queste \u201c<em>contaminazioni artistiche<\/em>\u201d, come amano definirle, sono necessarie alla \u201c<em>valorizzazione<\/em>\u201d del \u201c<strong><em>contenitore culturale<\/em><\/strong>\u201d (nuova definizione del <strong><em>monumento<\/em><\/strong>), e mai che, in realt\u00e0, sia la location a dar valore all\u2019immondizia sottoculturale proposta!<\/p>\n<p>Per assurdo, discutendo di queste tematiche con alcuni <em>estimatori<\/em> sono arrivato perfino a sentir sostenere che il discorso relativo al \u201c<em>significato simbolico<\/em>\u201d di un\u2019opera (cui viene dato un valore estetico), riguardi solo l\u2019arte moderna e contemporanea e non quella classica, come se tutta l\u2019arte antecedente le avanguardie artistiche otto-novecentesche fosse un puro esercizio manierista, un <em>divertissement<\/em> degli artisti, privo di qualsivoglia simbolismo!<\/p>\n<p>In certe discussioni, l\u2019intellettualoide di turno tende a ritenere ignorante chi non comprenda il <em>valore estetico<\/em> (la \u201c<em>bellezza<\/em>\u201d) di un\u2019opera \u201c<em>concettuale<\/em>\u201d o di un\u2019<em>installazione<\/em> (come amano definirla) <em>contemporanea<\/em> \u2026 esso, comunque, si guarder\u00e0 bene dallo spiegare ci\u00f2 che non si comprenda!<\/p>\n<p>Il <em>fraintendimento estetico<\/em> per un\u2019immonda installazione contemporanea va di pari passo con quello che succede nel mondo dell\u2019edilizia, laddove si definisca \u201c<em>bellissimo<\/em>\u201d \u2013 per ragioni di funzionalit\u00e0 \u2013 un nuovo ipertrofico ospedale che per\u00f2 deturpa una collina, oppure un edificio alla \u201c<em>famolo strano<\/em>\u201d, definito \u201c<em>bellissimo<\/em>\u201d per la vista della quale gode, piuttosto che pensare alla mostruosit\u00e0 della sua vista dal lato opposto!<\/p>\n<p>Quando mi capita di relazionarmi con certe persone che amano ostentare il proprio \u201c<em>a me piace<\/em>\u201d, senza spiegarne le ragioni estetiche, mi diverte fare un piccolo test, mettendole a confronto con un\u2019opera d\u2019arte degna di tale definizione.<\/p>\n<p>Per poter accedere al test \u00e8 necessario prima di tutto ricordare che non \u00e8 assolutamente vero che solo una \u00e9lite colta risulti autorizzata ad esprimere giudizi estetici sull\u2019arte e l\u2019architettura. A tal proposito \u00e8 necessario rendersi conto che, da che mondo \u00e8 mondo, per poter apprezzare la <strong><em>bellezza di un\u2019opera d\u2019arte<\/em><\/strong>, non risulta essere mai stato necessario possedere uno specifico titolo di studio, un\u2019abilitazione professionale o una specializzazione, perch\u00e9 l\u2019apprezzamento estetico, oltre a risultare universalmente condiviso, appare maggiormente rintracciabile in tutti gli animi puri \u2013 per esempio nei bambini \u2013 che non avendo subito \u201c<em>manipolazioni ideologiche<\/em>\u201d, riconoscono a primo acchito le <strong><em>forme archetipe di bellezza<\/em><\/strong>, senza necessitare delle nostre parole.<\/p>\n<p>Diversamente, il<strong><em> significato nascosto<\/em><\/strong> di un\u2019opera, si configura come un valore aggiunto destinato agli esperti, agli iniziati, ai cultori, ecc. e, sebbene esso, sin dall\u2019antichit\u00e0, sia sempre stato presente nelle opere d\u2019arte, mai nessuno (prima dei tempi recenti) ha preteso che esso potesse prevaricare l\u2019estetica di un\u2019opera, fino a soppiantarla.<\/p>\n<p>L\u2019obiettivo del test \u00e8 quello di dimostrare che, chiunque, di qualsiasi estrazione socio-culturale, risulti in grado di apprezzare o meno l\u2019estetica di un\u2019opera, pur non conoscendone la storia, il simbolismo nascosto e, magari nemmeno il soggetto.<\/p>\n<p>Ogni anno mi diverto a fare questo test con i miei studenti durante il consueto viaggio di studi a Napoli. I miei studenti sono prevalentemente americani e, quasi la totalit\u00e0 di loro, per ragioni collegate al sistema d\u2019istruzione primaria e secondaria del proprio Paese di origine, risulta quasi totalmente a digiuno da discorsi sulla scultura e sull\u2019arte figurativa pi\u00f9 in generale. Il loro background culturale infatti, raramente d\u00e0 loro la possibilit\u00e0 di conoscere l\u2019esistenza di determinate opere, ragion per cui risultano ancora liberi da pregiudizi culturali che, generalmente, attanagliano molti di noi \u2026 in pratica essi si configurano come quegli \u201c<em>animi puri<\/em>\u201d che ho citato in precedenza.<\/p>\n<p>Napoli, offre moltissime occasioni per effettuare questo piccolo test.<\/p>\n<p>In pratica, prima ancora di iniziare la mia lezione all\u2019interno della <em>Cappella Sansevero<\/em>, chiedo ai ragazzi la loro opinione su tre delle sculture ivi custodite (\u201c<em>Pudicizia<\/em>\u201d di Antonio Corradini, \u201c<em>Disinganno<\/em>\u201d di Francesco Queriolo e \u201c<em>Cristo Velato<\/em>\u201d di Giuseppe Sanmartino) stessa cosa la faccio, all\u2019interno del Museo Archeologico Nazionale, prima di spiegare l\u2019impressionante \u201c<em>Toro Farnese<\/em>\u201d.<\/p>\n<p>In tutti e quattro i casi i ragazzi si mostrano affascinati dall\u2019incredibile maestria con cui gli autori barocchi e antichi hanno saputo dar vita al marmo delle loro opere, essi esprimono grande apprezzamento per il loro realismo e la loro bellezza: dalla trasparenza eterea del velo della <em>Pudicizia<\/em>, alla percezione del sudore che impregna \u00a0la Sindone che copre il <em>Cristo<\/em> di Sanmartino, dall\u2019inestricabilit\u00e0 della maglie della rete da pescatore che avvolge il <em>Disinganno<\/em>, all\u2019incredibile turbine che avvolge l\u2019intera composizione del <em>Toro Farnese<\/em> e che invita a girargli intorno per non perdere alcun dettaglio. \u2026 Tutti, unanimemente, restano a bocca aperta davanti a tanta <strong><em>bellezza<\/em><\/strong> che caratterizza queste meravigliose sculture delle quali non conoscono alcun significato nascosto, n\u00e9 il nome.<\/p>\n<p>La mia lezione non ancora avuto inizio, non v\u2019\u00e8 ancora stata alcuna \u201c<em>spiegazione<\/em>\u201d del significato e del simbolismo nascosto in queste opere straordinarie, tuttavia loro, cos\u00ec come tutti i turisti che visitano quei luoghi, hanno gi\u00e0 saputo universalmente riconoscerne la bellezza.<\/p>\n<p>Solo a questo punto posso iniziare a spiegar loro quello che \u00e8 il simbolismo struggente voluto da Raimondo di Sangro, Principe di Sansevero, per onorare la memoria di sua madre, prematuramente scomparsa, e per perdonare suo padre che lo aveva praticamente abbandonato dopo quel lutto, concentrandosi su altri interessi che l\u2019avevano ingannato \u2026 fino al momento del rinsavimento, ecc. ecc. Solo allora posso evidenziare i simboli religiosi e massonici nascosti in tutte le opere esposte e la loro correlazione \u2026<\/p>\n<p>Ma anche nel Museo Archeologico, solo dopo aver registrato le impressioni dei ragazzi, posso spiegare che il cosiddetto Toro Farnese rappresenti il mitico \u201c<em>Supplizio di Dirce<\/em>\u201d, legata alle zampe del Toro dai fratelli Anfione e Zeto per vendicare l\u2019ingiustizia patita dalla loro madre Antiope, figlia del re Nitteo, solo allora posso raccontare la storia di quell\u2019opera, dal suo arrivo a Roma nella casa di Asinio Pollione al suo passaggio alle Terme di Caracalla, fino alla sua riscoperta all\u2019epoca di Michelangelo ed al suo trasferimento a palazzo Farnese prima e al Museo di Napoli poi \u2026<\/p>\n<p>In ogni caso il mio racconto non pu\u00f2 far altro che rafforzare il valore delle opere a livello storico, concettuale, simbolico, tecnico realizzativo, ecc. \u2026 ma non di certo pu\u00f2 servire a manipolare l\u2019opinione degli osservatori relativamente al loro aspetto estetico che, pur essendo personale, risulta universalmente riconosciuto come eccelso, indipendentemente dalla conoscenza o meno di tutto il resto!<\/p>\n<figure id=\"attachment_1414\" aria-describedby=\"caption-attachment-1414\" style=\"width: 981px\" class=\"wp-caption aligncenter\"><img decoding=\"async\" data-attachment-id=\"1414\" data-permalink=\"http:\/\/www.picweb.it\/emm\/blog\/index.php\/2018\/08\/08\/sullassurdo-fraintendimento-del-concetto-di-bello-nellarte-concettuale\/pudicizia\/\" data-orig-file=\"http:\/\/www.picweb.it\/emm\/blog\/wp-content\/uploads\/2018\/08\/Pudicizia.jpg\" data-orig-size=\"800,1200\" data-comments-opened=\"1\" data-image-meta=\"{&quot;aperture&quot;:&quot;0&quot;,&quot;credit&quot;:&quot;&quot;,&quot;camera&quot;:&quot;&quot;,&quot;caption&quot;:&quot;&quot;,&quot;created_timestamp&quot;:&quot;0&quot;,&quot;copyright&quot;:&quot;&quot;,&quot;focal_length&quot;:&quot;0&quot;,&quot;iso&quot;:&quot;0&quot;,&quot;shutter_speed&quot;:&quot;0&quot;,&quot;title&quot;:&quot;&quot;,&quot;orientation&quot;:&quot;0&quot;}\" data-image-title=\"Pudicizia\" data-image-description=\"\" data-image-caption=\"&lt;p&gt;Napoli, Cappella Sansevero, \u201cLa Pudicizia\u201d di Antonio Corradini, 1752.&lt;\/p&gt;\n\" data-large-file=\"http:\/\/www.picweb.it\/emm\/blog\/wp-content\/uploads\/2018\/08\/Pudicizia-683x1024.jpg\" class=\" wp-image-1414\" src=\"http:\/\/www.picweb.it\/emm\/blog\/wp-content\/uploads\/2018\/08\/Pudicizia.jpg\" alt=\"\" width=\"981\" height=\"1472\" srcset=\"http:\/\/www.picweb.it\/emm\/blog\/wp-content\/uploads\/2018\/08\/Pudicizia.jpg 800w, http:\/\/www.picweb.it\/emm\/blog\/wp-content\/uploads\/2018\/08\/Pudicizia-200x300.jpg 200w, http:\/\/www.picweb.it\/emm\/blog\/wp-content\/uploads\/2018\/08\/Pudicizia-768x1152.jpg 768w, http:\/\/www.picweb.it\/emm\/blog\/wp-content\/uploads\/2018\/08\/Pudicizia-683x1024.jpg 683w, http:\/\/www.picweb.it\/emm\/blog\/wp-content\/uploads\/2018\/08\/Pudicizia-700x1050.jpg 700w, http:\/\/www.picweb.it\/emm\/blog\/wp-content\/uploads\/2018\/08\/Pudicizia-520x780.jpg 520w, http:\/\/www.picweb.it\/emm\/blog\/wp-content\/uploads\/2018\/08\/Pudicizia-360x540.jpg 360w, http:\/\/www.picweb.it\/emm\/blog\/wp-content\/uploads\/2018\/08\/Pudicizia-250x375.jpg 250w, http:\/\/www.picweb.it\/emm\/blog\/wp-content\/uploads\/2018\/08\/Pudicizia-100x150.jpg 100w\" sizes=\"(max-width: 981px) 100vw, 981px\" \/><figcaption id=\"caption-attachment-1414\" class=\"wp-caption-text\">Napoli, Cappella Sansevero, \u201cLa Pudicizia\u201d di Antonio Corradini, 1752.<\/figcaption><\/figure>\n<figure id=\"attachment_1415\" aria-describedby=\"caption-attachment-1415\" style=\"width: 978px\" class=\"wp-caption aligncenter\"><img loading=\"lazy\" decoding=\"async\" data-attachment-id=\"1415\" data-permalink=\"http:\/\/www.picweb.it\/emm\/blog\/index.php\/2018\/08\/08\/sullassurdo-fraintendimento-del-concetto-di-bello-nellarte-concettuale\/disinganno\/\" data-orig-file=\"http:\/\/www.picweb.it\/emm\/blog\/wp-content\/uploads\/2018\/08\/Disinganno.jpg\" data-orig-size=\"800,1200\" data-comments-opened=\"1\" data-image-meta=\"{&quot;aperture&quot;:&quot;0&quot;,&quot;credit&quot;:&quot;&quot;,&quot;camera&quot;:&quot;&quot;,&quot;caption&quot;:&quot;&quot;,&quot;created_timestamp&quot;:&quot;0&quot;,&quot;copyright&quot;:&quot;&quot;,&quot;focal_length&quot;:&quot;0&quot;,&quot;iso&quot;:&quot;0&quot;,&quot;shutter_speed&quot;:&quot;0&quot;,&quot;title&quot;:&quot;&quot;,&quot;orientation&quot;:&quot;0&quot;}\" data-image-title=\"Disinganno\" data-image-description=\"\" data-image-caption=\"&lt;p&gt;Napoli, Cappella Sansevero, \u201cIl Disinganno\u201d di Francesco Queirolo, 1753-54.&lt;\/p&gt;\n\" data-large-file=\"http:\/\/www.picweb.it\/emm\/blog\/wp-content\/uploads\/2018\/08\/Disinganno-683x1024.jpg\" class=\" wp-image-1415\" src=\"http:\/\/www.picweb.it\/emm\/blog\/wp-content\/uploads\/2018\/08\/Disinganno.jpg\" alt=\"\" width=\"978\" height=\"1468\" srcset=\"http:\/\/www.picweb.it\/emm\/blog\/wp-content\/uploads\/2018\/08\/Disinganno.jpg 800w, http:\/\/www.picweb.it\/emm\/blog\/wp-content\/uploads\/2018\/08\/Disinganno-200x300.jpg 200w, http:\/\/www.picweb.it\/emm\/blog\/wp-content\/uploads\/2018\/08\/Disinganno-768x1152.jpg 768w, http:\/\/www.picweb.it\/emm\/blog\/wp-content\/uploads\/2018\/08\/Disinganno-683x1024.jpg 683w, http:\/\/www.picweb.it\/emm\/blog\/wp-content\/uploads\/2018\/08\/Disinganno-700x1050.jpg 700w, http:\/\/www.picweb.it\/emm\/blog\/wp-content\/uploads\/2018\/08\/Disinganno-520x780.jpg 520w, http:\/\/www.picweb.it\/emm\/blog\/wp-content\/uploads\/2018\/08\/Disinganno-360x540.jpg 360w, http:\/\/www.picweb.it\/emm\/blog\/wp-content\/uploads\/2018\/08\/Disinganno-250x375.jpg 250w, http:\/\/www.picweb.it\/emm\/blog\/wp-content\/uploads\/2018\/08\/Disinganno-100x150.jpg 100w\" sizes=\"(max-width: 978px) 100vw, 978px\" \/><figcaption id=\"caption-attachment-1415\" class=\"wp-caption-text\">Napoli, Cappella Sansevero, \u201cIl Disinganno\u201d di Francesco Queirolo, 1753-54.<\/figcaption><\/figure>\n<figure id=\"attachment_1416\" aria-describedby=\"caption-attachment-1416\" style=\"width: 1200px\" class=\"wp-caption aligncenter\"><img loading=\"lazy\" decoding=\"async\" data-attachment-id=\"1416\" data-permalink=\"http:\/\/www.picweb.it\/emm\/blog\/index.php\/2018\/08\/08\/sullassurdo-fraintendimento-del-concetto-di-bello-nellarte-concettuale\/cristo-velato-2\/\" data-orig-file=\"http:\/\/www.picweb.it\/emm\/blog\/wp-content\/uploads\/2018\/08\/Cristo-Velato.jpg\" data-orig-size=\"1200,800\" data-comments-opened=\"1\" data-image-meta=\"{&quot;aperture&quot;:&quot;0&quot;,&quot;credit&quot;:&quot;&quot;,&quot;camera&quot;:&quot;&quot;,&quot;caption&quot;:&quot;&quot;,&quot;created_timestamp&quot;:&quot;0&quot;,&quot;copyright&quot;:&quot;&quot;,&quot;focal_length&quot;:&quot;0&quot;,&quot;iso&quot;:&quot;0&quot;,&quot;shutter_speed&quot;:&quot;0&quot;,&quot;title&quot;:&quot;&quot;,&quot;orientation&quot;:&quot;0&quot;}\" data-image-title=\"Cristo Velato\" data-image-description=\"\" data-image-caption=\"&lt;p&gt;Napoli, Cappella Sansevero, \u201cIl Cristo Velato\u201d di Giuseppe Sanmartino, 1753.&lt;\/p&gt;\n\" data-large-file=\"http:\/\/www.picweb.it\/emm\/blog\/wp-content\/uploads\/2018\/08\/Cristo-Velato-1024x683.jpg\" class=\"size-full wp-image-1416\" src=\"http:\/\/www.picweb.it\/emm\/blog\/wp-content\/uploads\/2018\/08\/Cristo-Velato.jpg\" alt=\"\" width=\"1200\" height=\"800\" srcset=\"http:\/\/www.picweb.it\/emm\/blog\/wp-content\/uploads\/2018\/08\/Cristo-Velato.jpg 1200w, http:\/\/www.picweb.it\/emm\/blog\/wp-content\/uploads\/2018\/08\/Cristo-Velato-300x200.jpg 300w, http:\/\/www.picweb.it\/emm\/blog\/wp-content\/uploads\/2018\/08\/Cristo-Velato-768x512.jpg 768w, http:\/\/www.picweb.it\/emm\/blog\/wp-content\/uploads\/2018\/08\/Cristo-Velato-1024x683.jpg 1024w, http:\/\/www.picweb.it\/emm\/blog\/wp-content\/uploads\/2018\/08\/Cristo-Velato-700x467.jpg 700w, http:\/\/www.picweb.it\/emm\/blog\/wp-content\/uploads\/2018\/08\/Cristo-Velato-520x347.jpg 520w, http:\/\/www.picweb.it\/emm\/blog\/wp-content\/uploads\/2018\/08\/Cristo-Velato-360x240.jpg 360w, http:\/\/www.picweb.it\/emm\/blog\/wp-content\/uploads\/2018\/08\/Cristo-Velato-250x167.jpg 250w, http:\/\/www.picweb.it\/emm\/blog\/wp-content\/uploads\/2018\/08\/Cristo-Velato-100x67.jpg 100w\" sizes=\"(max-width: 1200px) 100vw, 1200px\" \/><figcaption id=\"caption-attachment-1416\" class=\"wp-caption-text\">Napoli, Cappella Sansevero, \u201cIl Cristo Velato\u201d di Giuseppe Sanmartino, 1753.<\/figcaption><\/figure>\n<figure id=\"attachment_1417\" aria-describedby=\"caption-attachment-1417\" style=\"width: 2032px\" class=\"wp-caption aligncenter\"><img loading=\"lazy\" decoding=\"async\" data-attachment-id=\"1417\" data-permalink=\"http:\/\/www.picweb.it\/emm\/blog\/index.php\/2018\/08\/08\/sullassurdo-fraintendimento-del-concetto-di-bello-nellarte-concettuale\/toro_farnese_supplizio_di_dirce_da_terme_di_caracalla_forse_copia_romana_severiana_del_190-210_ca-_da_orig-_greco_del_160-150_ac-_ca_6002_01\/\" data-orig-file=\"http:\/\/www.picweb.it\/emm\/blog\/wp-content\/uploads\/2018\/08\/Toro_farnese_supplizio_di_dirce_da_terme_di_caracalla_forse_copia_romana_severiana_del_190-210_ca._da_orig._greco_del_160-150_ac._ca_6002_01.jpg\" data-orig-size=\"2032,2139\" data-comments-opened=\"1\" data-image-meta=\"{&quot;aperture&quot;:&quot;0&quot;,&quot;credit&quot;:&quot;&quot;,&quot;camera&quot;:&quot;&quot;,&quot;caption&quot;:&quot;&quot;,&quot;created_timestamp&quot;:&quot;0&quot;,&quot;copyright&quot;:&quot;&quot;,&quot;focal_length&quot;:&quot;0&quot;,&quot;iso&quot;:&quot;0&quot;,&quot;shutter_speed&quot;:&quot;0&quot;,&quot;title&quot;:&quot;&quot;,&quot;orientation&quot;:&quot;0&quot;}\" data-image-title=\"Toro_farnese_(supplizio_di_dirce),_da_terme_di_caracalla,_forse_copia_romana_severiana_del_190-210_ca._da_orig._greco_del_160-150_ac._ca,_6002,_01\" data-image-description=\"\" data-image-caption=\"&lt;p&gt;Napoli, Museo Nazionale Archeologico \u2013 \u201cIl Toro Farnese\u201d (Supplizio di Dirce) dalle Terme di Caracalla di Roma. Probabile Copia Romana Severiana realizzata tra il 190 e il 210 D. C. da un originale greco del 160-150 a. C. realizzato a Rodi da Apollonio e Taurisco di Tralle&lt;\/p&gt;\n\" data-large-file=\"http:\/\/www.picweb.it\/emm\/blog\/wp-content\/uploads\/2018\/08\/Toro_farnese_supplizio_di_dirce_da_terme_di_caracalla_forse_copia_romana_severiana_del_190-210_ca._da_orig._greco_del_160-150_ac._ca_6002_01-973x1024.jpg\" class=\"size-full wp-image-1417\" src=\"http:\/\/www.picweb.it\/emm\/blog\/wp-content\/uploads\/2018\/08\/Toro_farnese_supplizio_di_dirce_da_terme_di_caracalla_forse_copia_romana_severiana_del_190-210_ca._da_orig._greco_del_160-150_ac._ca_6002_01.jpg\" alt=\"\" width=\"2032\" height=\"2139\" srcset=\"http:\/\/www.picweb.it\/emm\/blog\/wp-content\/uploads\/2018\/08\/Toro_farnese_supplizio_di_dirce_da_terme_di_caracalla_forse_copia_romana_severiana_del_190-210_ca._da_orig._greco_del_160-150_ac._ca_6002_01.jpg 2032w, http:\/\/www.picweb.it\/emm\/blog\/wp-content\/uploads\/2018\/08\/Toro_farnese_supplizio_di_dirce_da_terme_di_caracalla_forse_copia_romana_severiana_del_190-210_ca._da_orig._greco_del_160-150_ac._ca_6002_01-285x300.jpg 285w, http:\/\/www.picweb.it\/emm\/blog\/wp-content\/uploads\/2018\/08\/Toro_farnese_supplizio_di_dirce_da_terme_di_caracalla_forse_copia_romana_severiana_del_190-210_ca._da_orig._greco_del_160-150_ac._ca_6002_01-768x808.jpg 768w, http:\/\/www.picweb.it\/emm\/blog\/wp-content\/uploads\/2018\/08\/Toro_farnese_supplizio_di_dirce_da_terme_di_caracalla_forse_copia_romana_severiana_del_190-210_ca._da_orig._greco_del_160-150_ac._ca_6002_01-973x1024.jpg 973w, http:\/\/www.picweb.it\/emm\/blog\/wp-content\/uploads\/2018\/08\/Toro_farnese_supplizio_di_dirce_da_terme_di_caracalla_forse_copia_romana_severiana_del_190-210_ca._da_orig._greco_del_160-150_ac._ca_6002_01-700x737.jpg 700w, http:\/\/www.picweb.it\/emm\/blog\/wp-content\/uploads\/2018\/08\/Toro_farnese_supplizio_di_dirce_da_terme_di_caracalla_forse_copia_romana_severiana_del_190-210_ca._da_orig._greco_del_160-150_ac._ca_6002_01-520x547.jpg 520w, http:\/\/www.picweb.it\/emm\/blog\/wp-content\/uploads\/2018\/08\/Toro_farnese_supplizio_di_dirce_da_terme_di_caracalla_forse_copia_romana_severiana_del_190-210_ca._da_orig._greco_del_160-150_ac._ca_6002_01-360x379.jpg 360w, http:\/\/www.picweb.it\/emm\/blog\/wp-content\/uploads\/2018\/08\/Toro_farnese_supplizio_di_dirce_da_terme_di_caracalla_forse_copia_romana_severiana_del_190-210_ca._da_orig._greco_del_160-150_ac._ca_6002_01-250x263.jpg 250w, http:\/\/www.picweb.it\/emm\/blog\/wp-content\/uploads\/2018\/08\/Toro_farnese_supplizio_di_dirce_da_terme_di_caracalla_forse_copia_romana_severiana_del_190-210_ca._da_orig._greco_del_160-150_ac._ca_6002_01-100x105.jpg 100w\" sizes=\"(max-width: 2032px) 100vw, 2032px\" \/><figcaption id=\"caption-attachment-1417\" class=\"wp-caption-text\">Napoli, Museo Nazionale Archeologico \u2013 \u201cIl Toro Farnese\u201d (Supplizio di Dirce) dalle Terme di Caracalla di Roma. Probabile Copia Romana Severiana realizzata tra il 190 e il 210 D. C. da un originale greco del 160-150 a. C. realizzato a Rodi da Apollonio e Taurisco di Tralle<\/figcaption><\/figure>\n<p><a href=\"#_ftnref1\" name=\"_ftn1\">[1]<\/a> <a href=\"http:\/\/www.artribune.com\/arti-visive\/arte-contemporanea\/2018\/06\/mostra-andrei-molodkin-castello-barletta\/\">http:\/\/www.artribune.com\/arti-visive\/arte-contemporanea\/2018\/06\/mostra-andrei-molodkin-castello-barletta\/<\/a><\/p>\n<p><a href=\"#_ftnref2\" name=\"_ftn2\">[2]<\/a> <a href=\"http:\/\/www.circolo-latorre.com\/home.jsp?idrub=4621\">http:\/\/www.circolo-latorre.com\/home.jsp?idrub=4621<\/a><\/p>\n<p><a href=\"#_ftnref3\" name=\"_ftn3\">[3]<\/a> <a href=\"https:\/\/www.settemuse.it\/arte\/corrente_arte_concettuale.htm\">https:\/\/www.settemuse.it\/arte\/corrente_arte_concettuale.htm<\/a><\/p>\n","protected":false},"excerpt":{"rendered":"<p>Nel lungo elenco dei disastri culturali della met\u00e0 del secolo trascorso, c\u2019\u00e8 l\u2019avvento della cosiddetta \u201carte concettuale\u201d, nata in opposizione alle forme d&#8217;arte fino allora conosciute, che venivano giudicate ed apprezzate dalla societ\u00e0 contemporanea, in base alle loro qualit\u00e0 e [&hellip;]<\/p>\n","protected":false},"author":2,"featured_media":0,"comment_status":"open","ping_status":"open","sticky":false,"template":"","format":"standard","meta":{"jetpack_post_was_ever_published":false,"_jetpack_newsletter_access":"","_jetpack_dont_email_post_to_subs":false,"_jetpack_newsletter_tier_id":0,"_jetpack_memberships_contains_paywalled_content":false,"_jetpack_memberships_contains_paid_content":false,"footnotes":""},"categories":[45,295,296],"tags":[13,43,297,62,156,299,12,15,298,44],"class_list":["post-1411","post","type-post","status-publish","format-standard","hentry","category-arte","category-arte-concettuale","category-bellezza","tag-archmazzola","tag-arte","tag-arte-concettuale","tag-arte-contemporanea","tag-barletta","tag-bellezza-nellarte","tag-ettore-maria-mazzola","tag-mazzola","tag-napoli","tag-storia-dellarte","clearfix"],"yoast_head":"<!-- This site is optimized with the Yoast SEO plugin v27.3 - https:\/\/yoast.com\/product\/yoast-seo-wordpress\/ -->\r\n<title>Sull\u2019assurdo fraintendimento del concetto di \u201cbello\u201d nell\u2019Arte Concettuale - virtutem forma decorat<\/title>\r\n<meta name=\"robots\" content=\"index, follow, max-snippet:-1, max-image-preview:large, max-video-preview:-1\" \/>\r\n<link rel=\"canonical\" href=\"https:\/\/www.picweb.it\/emm\/blog\/index.php\/2018\/08\/08\/sullassurdo-fraintendimento-del-concetto-di-bello-nellarte-concettuale\/\" \/>\r\n<meta property=\"og:locale\" content=\"it_IT\" \/>\r\n<meta property=\"og:type\" content=\"article\" \/>\r\n<meta property=\"og:title\" content=\"Sull\u2019assurdo fraintendimento del concetto di \u201cbello\u201d nell\u2019Arte Concettuale - virtutem forma decorat\" \/>\r\n<meta property=\"og:description\" content=\"Nel lungo elenco dei disastri culturali della met\u00e0 del secolo trascorso, c\u2019\u00e8 l\u2019avvento della cosiddetta \u201carte concettuale\u201d, nata in opposizione alle forme d&#8217;arte fino allora conosciute, che venivano giudicate ed apprezzate dalla societ\u00e0 contemporanea, in base alle loro qualit\u00e0 e [&hellip;]\" \/>\r\n<meta property=\"og:url\" content=\"https:\/\/www.picweb.it\/emm\/blog\/index.php\/2018\/08\/08\/sullassurdo-fraintendimento-del-concetto-di-bello-nellarte-concettuale\/\" \/>\r\n<meta property=\"og:site_name\" content=\"virtutem forma decorat\" \/>\r\n<meta property=\"article:published_time\" content=\"2018-08-08T05:02:14+00:00\" \/>\r\n<meta property=\"article:modified_time\" content=\"2018-08-08T16:38:00+00:00\" \/>\r\n<meta property=\"og:image\" content=\"http:\/\/www.picweb.it\/emm\/blog\/wp-content\/uploads\/2018\/08\/Batman-schiaffeggia-Robin-artista-concettuale-2.jpg\" \/>\r\n<meta name=\"author\" content=\"emmazzola\" \/>\r\n<meta name=\"twitter:card\" content=\"summary_large_image\" \/>\r\n<meta name=\"twitter:creator\" content=\"@ettore_mazzola\" \/>\r\n<meta name=\"twitter:site\" content=\"@ettore_mazzola\" \/>\r\n<meta name=\"twitter:label1\" content=\"Scritto da\" \/>\n\t<meta name=\"twitter:data1\" content=\"emmazzola\" \/>\n\t<meta name=\"twitter:label2\" content=\"Tempo di lettura stimato\" \/>\n\t<meta name=\"twitter:data2\" content=\"12 minuti\" \/>\r\n<script type=\"application\/ld+json\" class=\"yoast-schema-graph\">{\"@context\":\"https:\\\/\\\/schema.org\",\"@graph\":[{\"@type\":\"Article\",\"@id\":\"https:\\\/\\\/www.picweb.it\\\/emm\\\/blog\\\/index.php\\\/2018\\\/08\\\/08\\\/sullassurdo-fraintendimento-del-concetto-di-bello-nellarte-concettuale\\\/#article\",\"isPartOf\":{\"@id\":\"https:\\\/\\\/www.picweb.it\\\/emm\\\/blog\\\/index.php\\\/2018\\\/08\\\/08\\\/sullassurdo-fraintendimento-del-concetto-di-bello-nellarte-concettuale\\\/\"},\"author\":{\"name\":\"emmazzola\",\"@id\":\"http:\\\/\\\/www.picweb.it\\\/emm\\\/blog\\\/#\\\/schema\\\/person\\\/e29c0dd15f13008bd4c7682e6130977f\"},\"headline\":\"Sull\u2019assurdo fraintendimento del concetto di \u201cbello\u201d nell\u2019Arte Concettuale\",\"datePublished\":\"2018-08-08T05:02:14+00:00\",\"dateModified\":\"2018-08-08T16:38:00+00:00\",\"mainEntityOfPage\":{\"@id\":\"https:\\\/\\\/www.picweb.it\\\/emm\\\/blog\\\/index.php\\\/2018\\\/08\\\/08\\\/sullassurdo-fraintendimento-del-concetto-di-bello-nellarte-concettuale\\\/\"},\"wordCount\":2380,\"commentCount\":14,\"publisher\":{\"@id\":\"http:\\\/\\\/www.picweb.it\\\/emm\\\/blog\\\/#\\\/schema\\\/person\\\/e29c0dd15f13008bd4c7682e6130977f\"},\"image\":{\"@id\":\"https:\\\/\\\/www.picweb.it\\\/emm\\\/blog\\\/index.php\\\/2018\\\/08\\\/08\\\/sullassurdo-fraintendimento-del-concetto-di-bello-nellarte-concettuale\\\/#primaryimage\"},\"thumbnailUrl\":\"http:\\\/\\\/www.picweb.it\\\/emm\\\/blog\\\/wp-content\\\/uploads\\\/2018\\\/08\\\/Batman-schiaffeggia-Robin-artista-concettuale-2.jpg\",\"keywords\":[\"archmazzola\",\"arte\",\"arte concettuale\",\"arte contemporanea\",\"Barletta\",\"bellezza nell'arte\",\"ettore maria mazzola\",\"mazzola\",\"Napoli\",\"storia dell'arte\"],\"articleSection\":[\"Arte\",\"arte concettuale\",\"bellezza\"],\"inLanguage\":\"it-IT\",\"potentialAction\":[{\"@type\":\"CommentAction\",\"name\":\"Comment\",\"target\":[\"https:\\\/\\\/www.picweb.it\\\/emm\\\/blog\\\/index.php\\\/2018\\\/08\\\/08\\\/sullassurdo-fraintendimento-del-concetto-di-bello-nellarte-concettuale\\\/#respond\"]}]},{\"@type\":\"WebPage\",\"@id\":\"https:\\\/\\\/www.picweb.it\\\/emm\\\/blog\\\/index.php\\\/2018\\\/08\\\/08\\\/sullassurdo-fraintendimento-del-concetto-di-bello-nellarte-concettuale\\\/\",\"url\":\"https:\\\/\\\/www.picweb.it\\\/emm\\\/blog\\\/index.php\\\/2018\\\/08\\\/08\\\/sullassurdo-fraintendimento-del-concetto-di-bello-nellarte-concettuale\\\/\",\"name\":\"Sull\u2019assurdo fraintendimento del concetto di \u201cbello\u201d nell\u2019Arte Concettuale - virtutem forma decorat\",\"isPartOf\":{\"@id\":\"http:\\\/\\\/www.picweb.it\\\/emm\\\/blog\\\/#website\"},\"primaryImageOfPage\":{\"@id\":\"https:\\\/\\\/www.picweb.it\\\/emm\\\/blog\\\/index.php\\\/2018\\\/08\\\/08\\\/sullassurdo-fraintendimento-del-concetto-di-bello-nellarte-concettuale\\\/#primaryimage\"},\"image\":{\"@id\":\"https:\\\/\\\/www.picweb.it\\\/emm\\\/blog\\\/index.php\\\/2018\\\/08\\\/08\\\/sullassurdo-fraintendimento-del-concetto-di-bello-nellarte-concettuale\\\/#primaryimage\"},\"thumbnailUrl\":\"http:\\\/\\\/www.picweb.it\\\/emm\\\/blog\\\/wp-content\\\/uploads\\\/2018\\\/08\\\/Batman-schiaffeggia-Robin-artista-concettuale-2.jpg\",\"datePublished\":\"2018-08-08T05:02:14+00:00\",\"dateModified\":\"2018-08-08T16:38:00+00:00\",\"breadcrumb\":{\"@id\":\"https:\\\/\\\/www.picweb.it\\\/emm\\\/blog\\\/index.php\\\/2018\\\/08\\\/08\\\/sullassurdo-fraintendimento-del-concetto-di-bello-nellarte-concettuale\\\/#breadcrumb\"},\"inLanguage\":\"it-IT\",\"potentialAction\":[{\"@type\":\"ReadAction\",\"target\":[\"https:\\\/\\\/www.picweb.it\\\/emm\\\/blog\\\/index.php\\\/2018\\\/08\\\/08\\\/sullassurdo-fraintendimento-del-concetto-di-bello-nellarte-concettuale\\\/\"]}]},{\"@type\":\"ImageObject\",\"inLanguage\":\"it-IT\",\"@id\":\"https:\\\/\\\/www.picweb.it\\\/emm\\\/blog\\\/index.php\\\/2018\\\/08\\\/08\\\/sullassurdo-fraintendimento-del-concetto-di-bello-nellarte-concettuale\\\/#primaryimage\",\"url\":\"http:\\\/\\\/www.picweb.it\\\/emm\\\/blog\\\/wp-content\\\/uploads\\\/2018\\\/08\\\/Batman-schiaffeggia-Robin-artista-concettuale-2.jpg\",\"contentUrl\":\"http:\\\/\\\/www.picweb.it\\\/emm\\\/blog\\\/wp-content\\\/uploads\\\/2018\\\/08\\\/Batman-schiaffeggia-Robin-artista-concettuale-2.jpg\",\"width\":844,\"height\":794,\"caption\":\"La mia opinione sull\u2019arte concettuale affidata alle sapienti mani di Batman\"},{\"@type\":\"BreadcrumbList\",\"@id\":\"https:\\\/\\\/www.picweb.it\\\/emm\\\/blog\\\/index.php\\\/2018\\\/08\\\/08\\\/sullassurdo-fraintendimento-del-concetto-di-bello-nellarte-concettuale\\\/#breadcrumb\",\"itemListElement\":[{\"@type\":\"ListItem\",\"position\":1,\"name\":\"Home\",\"item\":\"http:\\\/\\\/www.picweb.it\\\/emm\\\/blog\\\/\"},{\"@type\":\"ListItem\",\"position\":2,\"name\":\"Sull\u2019assurdo fraintendimento del concetto di \u201cbello\u201d nell\u2019Arte Concettuale\"}]},{\"@type\":\"WebSite\",\"@id\":\"http:\\\/\\\/www.picweb.it\\\/emm\\\/blog\\\/#website\",\"url\":\"http:\\\/\\\/www.picweb.it\\\/emm\\\/blog\\\/\",\"name\":\"virtutem forma decorat\",\"description\":\"The new Architectural blog\",\"publisher\":{\"@id\":\"http:\\\/\\\/www.picweb.it\\\/emm\\\/blog\\\/#\\\/schema\\\/person\\\/e29c0dd15f13008bd4c7682e6130977f\"},\"potentialAction\":[{\"@type\":\"SearchAction\",\"target\":{\"@type\":\"EntryPoint\",\"urlTemplate\":\"http:\\\/\\\/www.picweb.it\\\/emm\\\/blog\\\/?s={search_term_string}\"},\"query-input\":{\"@type\":\"PropertyValueSpecification\",\"valueRequired\":true,\"valueName\":\"search_term_string\"}}],\"inLanguage\":\"it-IT\"},{\"@type\":[\"Person\",\"Organization\"],\"@id\":\"http:\\\/\\\/www.picweb.it\\\/emm\\\/blog\\\/#\\\/schema\\\/person\\\/e29c0dd15f13008bd4c7682e6130977f\",\"name\":\"emmazzola\",\"image\":{\"@type\":\"ImageObject\",\"inLanguage\":\"it-IT\",\"@id\":\"http:\\\/\\\/www.picweb.it\\\/emm\\\/blog\\\/wp-content\\\/uploads\\\/2017\\\/05\\\/cropped-logoVirtutemFormaDecorat_Whigher.png\",\"url\":\"http:\\\/\\\/www.picweb.it\\\/emm\\\/blog\\\/wp-content\\\/uploads\\\/2017\\\/05\\\/cropped-logoVirtutemFormaDecorat_Whigher.png\",\"contentUrl\":\"http:\\\/\\\/www.picweb.it\\\/emm\\\/blog\\\/wp-content\\\/uploads\\\/2017\\\/05\\\/cropped-logoVirtutemFormaDecorat_Whigher.png\",\"width\":200,\"height\":79,\"caption\":\"emmazzola\"},\"logo\":{\"@id\":\"http:\\\/\\\/www.picweb.it\\\/emm\\\/blog\\\/wp-content\\\/uploads\\\/2017\\\/05\\\/cropped-logoVirtutemFormaDecorat_Whigher.png\"},\"url\":\"http:\\\/\\\/www.picweb.it\\\/emm\\\/blog\\\/index.php\\\/author\\\/emmazzola\\\/\"}]}<\/script>\r\n<!-- \/ Yoast SEO plugin. -->","yoast_head_json":{"title":"Sull\u2019assurdo fraintendimento del concetto di \u201cbello\u201d nell\u2019Arte Concettuale - virtutem forma decorat","robots":{"index":"index","follow":"follow","max-snippet":"max-snippet:-1","max-image-preview":"max-image-preview:large","max-video-preview":"max-video-preview:-1"},"canonical":"https:\/\/www.picweb.it\/emm\/blog\/index.php\/2018\/08\/08\/sullassurdo-fraintendimento-del-concetto-di-bello-nellarte-concettuale\/","og_locale":"it_IT","og_type":"article","og_title":"Sull\u2019assurdo fraintendimento del concetto di \u201cbello\u201d nell\u2019Arte Concettuale - virtutem forma decorat","og_description":"Nel lungo elenco dei disastri culturali della met\u00e0 del secolo trascorso, c\u2019\u00e8 l\u2019avvento della cosiddetta \u201carte concettuale\u201d, nata in opposizione alle forme d&#8217;arte fino allora conosciute, che venivano giudicate ed apprezzate dalla societ\u00e0 contemporanea, in base alle loro qualit\u00e0 e [&hellip;]","og_url":"https:\/\/www.picweb.it\/emm\/blog\/index.php\/2018\/08\/08\/sullassurdo-fraintendimento-del-concetto-di-bello-nellarte-concettuale\/","og_site_name":"virtutem forma decorat","article_published_time":"2018-08-08T05:02:14+00:00","article_modified_time":"2018-08-08T16:38:00+00:00","og_image":[{"url":"http:\/\/www.picweb.it\/emm\/blog\/wp-content\/uploads\/2018\/08\/Batman-schiaffeggia-Robin-artista-concettuale-2.jpg","type":"","width":"","height":""}],"author":"emmazzola","twitter_card":"summary_large_image","twitter_creator":"@ettore_mazzola","twitter_site":"@ettore_mazzola","twitter_misc":{"Scritto da":"emmazzola","Tempo di lettura stimato":"12 minuti"},"schema":{"@context":"https:\/\/schema.org","@graph":[{"@type":"Article","@id":"https:\/\/www.picweb.it\/emm\/blog\/index.php\/2018\/08\/08\/sullassurdo-fraintendimento-del-concetto-di-bello-nellarte-concettuale\/#article","isPartOf":{"@id":"https:\/\/www.picweb.it\/emm\/blog\/index.php\/2018\/08\/08\/sullassurdo-fraintendimento-del-concetto-di-bello-nellarte-concettuale\/"},"author":{"name":"emmazzola","@id":"http:\/\/www.picweb.it\/emm\/blog\/#\/schema\/person\/e29c0dd15f13008bd4c7682e6130977f"},"headline":"Sull\u2019assurdo fraintendimento del concetto di \u201cbello\u201d nell\u2019Arte Concettuale","datePublished":"2018-08-08T05:02:14+00:00","dateModified":"2018-08-08T16:38:00+00:00","mainEntityOfPage":{"@id":"https:\/\/www.picweb.it\/emm\/blog\/index.php\/2018\/08\/08\/sullassurdo-fraintendimento-del-concetto-di-bello-nellarte-concettuale\/"},"wordCount":2380,"commentCount":14,"publisher":{"@id":"http:\/\/www.picweb.it\/emm\/blog\/#\/schema\/person\/e29c0dd15f13008bd4c7682e6130977f"},"image":{"@id":"https:\/\/www.picweb.it\/emm\/blog\/index.php\/2018\/08\/08\/sullassurdo-fraintendimento-del-concetto-di-bello-nellarte-concettuale\/#primaryimage"},"thumbnailUrl":"http:\/\/www.picweb.it\/emm\/blog\/wp-content\/uploads\/2018\/08\/Batman-schiaffeggia-Robin-artista-concettuale-2.jpg","keywords":["archmazzola","arte","arte concettuale","arte contemporanea","Barletta","bellezza nell'arte","ettore maria mazzola","mazzola","Napoli","storia dell'arte"],"articleSection":["Arte","arte concettuale","bellezza"],"inLanguage":"it-IT","potentialAction":[{"@type":"CommentAction","name":"Comment","target":["https:\/\/www.picweb.it\/emm\/blog\/index.php\/2018\/08\/08\/sullassurdo-fraintendimento-del-concetto-di-bello-nellarte-concettuale\/#respond"]}]},{"@type":"WebPage","@id":"https:\/\/www.picweb.it\/emm\/blog\/index.php\/2018\/08\/08\/sullassurdo-fraintendimento-del-concetto-di-bello-nellarte-concettuale\/","url":"https:\/\/www.picweb.it\/emm\/blog\/index.php\/2018\/08\/08\/sullassurdo-fraintendimento-del-concetto-di-bello-nellarte-concettuale\/","name":"Sull\u2019assurdo fraintendimento del concetto di \u201cbello\u201d nell\u2019Arte Concettuale - virtutem forma decorat","isPartOf":{"@id":"http:\/\/www.picweb.it\/emm\/blog\/#website"},"primaryImageOfPage":{"@id":"https:\/\/www.picweb.it\/emm\/blog\/index.php\/2018\/08\/08\/sullassurdo-fraintendimento-del-concetto-di-bello-nellarte-concettuale\/#primaryimage"},"image":{"@id":"https:\/\/www.picweb.it\/emm\/blog\/index.php\/2018\/08\/08\/sullassurdo-fraintendimento-del-concetto-di-bello-nellarte-concettuale\/#primaryimage"},"thumbnailUrl":"http:\/\/www.picweb.it\/emm\/blog\/wp-content\/uploads\/2018\/08\/Batman-schiaffeggia-Robin-artista-concettuale-2.jpg","datePublished":"2018-08-08T05:02:14+00:00","dateModified":"2018-08-08T16:38:00+00:00","breadcrumb":{"@id":"https:\/\/www.picweb.it\/emm\/blog\/index.php\/2018\/08\/08\/sullassurdo-fraintendimento-del-concetto-di-bello-nellarte-concettuale\/#breadcrumb"},"inLanguage":"it-IT","potentialAction":[{"@type":"ReadAction","target":["https:\/\/www.picweb.it\/emm\/blog\/index.php\/2018\/08\/08\/sullassurdo-fraintendimento-del-concetto-di-bello-nellarte-concettuale\/"]}]},{"@type":"ImageObject","inLanguage":"it-IT","@id":"https:\/\/www.picweb.it\/emm\/blog\/index.php\/2018\/08\/08\/sullassurdo-fraintendimento-del-concetto-di-bello-nellarte-concettuale\/#primaryimage","url":"http:\/\/www.picweb.it\/emm\/blog\/wp-content\/uploads\/2018\/08\/Batman-schiaffeggia-Robin-artista-concettuale-2.jpg","contentUrl":"http:\/\/www.picweb.it\/emm\/blog\/wp-content\/uploads\/2018\/08\/Batman-schiaffeggia-Robin-artista-concettuale-2.jpg","width":844,"height":794,"caption":"La mia opinione sull\u2019arte concettuale affidata alle sapienti mani di Batman"},{"@type":"BreadcrumbList","@id":"https:\/\/www.picweb.it\/emm\/blog\/index.php\/2018\/08\/08\/sullassurdo-fraintendimento-del-concetto-di-bello-nellarte-concettuale\/#breadcrumb","itemListElement":[{"@type":"ListItem","position":1,"name":"Home","item":"http:\/\/www.picweb.it\/emm\/blog\/"},{"@type":"ListItem","position":2,"name":"Sull\u2019assurdo fraintendimento del concetto di \u201cbello\u201d nell\u2019Arte Concettuale"}]},{"@type":"WebSite","@id":"http:\/\/www.picweb.it\/emm\/blog\/#website","url":"http:\/\/www.picweb.it\/emm\/blog\/","name":"virtutem forma decorat","description":"The new Architectural blog","publisher":{"@id":"http:\/\/www.picweb.it\/emm\/blog\/#\/schema\/person\/e29c0dd15f13008bd4c7682e6130977f"},"potentialAction":[{"@type":"SearchAction","target":{"@type":"EntryPoint","urlTemplate":"http:\/\/www.picweb.it\/emm\/blog\/?s={search_term_string}"},"query-input":{"@type":"PropertyValueSpecification","valueRequired":true,"valueName":"search_term_string"}}],"inLanguage":"it-IT"},{"@type":["Person","Organization"],"@id":"http:\/\/www.picweb.it\/emm\/blog\/#\/schema\/person\/e29c0dd15f13008bd4c7682e6130977f","name":"emmazzola","image":{"@type":"ImageObject","inLanguage":"it-IT","@id":"http:\/\/www.picweb.it\/emm\/blog\/wp-content\/uploads\/2017\/05\/cropped-logoVirtutemFormaDecorat_Whigher.png","url":"http:\/\/www.picweb.it\/emm\/blog\/wp-content\/uploads\/2017\/05\/cropped-logoVirtutemFormaDecorat_Whigher.png","contentUrl":"http:\/\/www.picweb.it\/emm\/blog\/wp-content\/uploads\/2017\/05\/cropped-logoVirtutemFormaDecorat_Whigher.png","width":200,"height":79,"caption":"emmazzola"},"logo":{"@id":"http:\/\/www.picweb.it\/emm\/blog\/wp-content\/uploads\/2017\/05\/cropped-logoVirtutemFormaDecorat_Whigher.png"},"url":"http:\/\/www.picweb.it\/emm\/blog\/index.php\/author\/emmazzola\/"}]}},"jetpack_featured_media_url":"","jetpack_sharing_enabled":true,"jetpack_shortlink":"https:\/\/wp.me\/p8HWjS-mL","jetpack-related-posts":[],"jetpack_likes_enabled":true,"_links":{"self":[{"href":"http:\/\/www.picweb.it\/emm\/blog\/index.php\/wp-json\/wp\/v2\/posts\/1411","targetHints":{"allow":["GET"]}}],"collection":[{"href":"http:\/\/www.picweb.it\/emm\/blog\/index.php\/wp-json\/wp\/v2\/posts"}],"about":[{"href":"http:\/\/www.picweb.it\/emm\/blog\/index.php\/wp-json\/wp\/v2\/types\/post"}],"author":[{"embeddable":true,"href":"http:\/\/www.picweb.it\/emm\/blog\/index.php\/wp-json\/wp\/v2\/users\/2"}],"replies":[{"embeddable":true,"href":"http:\/\/www.picweb.it\/emm\/blog\/index.php\/wp-json\/wp\/v2\/comments?post=1411"}],"version-history":[{"count":6,"href":"http:\/\/www.picweb.it\/emm\/blog\/index.php\/wp-json\/wp\/v2\/posts\/1411\/revisions"}],"predecessor-version":[{"id":1425,"href":"http:\/\/www.picweb.it\/emm\/blog\/index.php\/wp-json\/wp\/v2\/posts\/1411\/revisions\/1425"}],"wp:attachment":[{"href":"http:\/\/www.picweb.it\/emm\/blog\/index.php\/wp-json\/wp\/v2\/media?parent=1411"}],"wp:term":[{"taxonomy":"category","embeddable":true,"href":"http:\/\/www.picweb.it\/emm\/blog\/index.php\/wp-json\/wp\/v2\/categories?post=1411"},{"taxonomy":"post_tag","embeddable":true,"href":"http:\/\/www.picweb.it\/emm\/blog\/index.php\/wp-json\/wp\/v2\/tags?post=1411"}],"curies":[{"name":"wp","href":"https:\/\/api.w.org\/{rel}","templated":true}]}}