{"id":1055,"date":"2018-02-02T13:27:56","date_gmt":"2018-02-02T12:27:56","guid":{"rendered":"http:\/\/www.picweb.it\/emm\/blog\/?p=1055"},"modified":"2018-02-03T07:17:57","modified_gmt":"2018-02-03T06:17:57","slug":"stadio-della-roma-il-tempo-scorre-inesorabile","status":"publish","type":"post","link":"http:\/\/www.picweb.it\/emm\/blog\/index.php\/2018\/02\/02\/stadio-della-roma-il-tempo-scorre-inesorabile\/","title":{"rendered":"Stadio della Roma &#8211; il tempo scorre inesorabile"},"content":{"rendered":"<figure id=\"attachment_942\" aria-describedby=\"caption-attachment-942\" style=\"width: 985px\" class=\"wp-caption aligncenter\"><img fetchpriority=\"high\" decoding=\"async\" data-attachment-id=\"942\" data-permalink=\"http:\/\/www.picweb.it\/emm\/blog\/index.php\/2017\/12\/22\/business-park-del-calcio\/trigoria\/\" data-orig-file=\"http:\/\/www.picweb.it\/emm\/blog\/wp-content\/uploads\/2017\/12\/trigoria.jpeg\" data-orig-size=\"800,536\" data-comments-opened=\"1\" data-image-meta=\"{&quot;aperture&quot;:&quot;0&quot;,&quot;credit&quot;:&quot;&quot;,&quot;camera&quot;:&quot;&quot;,&quot;caption&quot;:&quot;&quot;,&quot;created_timestamp&quot;:&quot;0&quot;,&quot;copyright&quot;:&quot;&quot;,&quot;focal_length&quot;:&quot;0&quot;,&quot;iso&quot;:&quot;0&quot;,&quot;shutter_speed&quot;:&quot;0&quot;,&quot;title&quot;:&quot;&quot;,&quot;orientation&quot;:&quot;0&quot;}\" data-image-title=\"trigoria\" data-image-description=\"\" data-image-caption=\"&lt;p&gt;Rendering del nuovo Business Park di Tor di Valle griffato Libeskind-Ratti&lt;\/p&gt;\n\" data-large-file=\"http:\/\/www.picweb.it\/emm\/blog\/wp-content\/uploads\/2017\/12\/trigoria.jpeg\" class=\" wp-image-942\" src=\"http:\/\/www.picweb.it\/emm\/blog\/wp-content\/uploads\/2017\/12\/trigoria.jpeg\" alt=\"\" width=\"985\" height=\"660\" srcset=\"http:\/\/www.picweb.it\/emm\/blog\/wp-content\/uploads\/2017\/12\/trigoria.jpeg 800w, http:\/\/www.picweb.it\/emm\/blog\/wp-content\/uploads\/2017\/12\/trigoria-300x201.jpeg 300w, http:\/\/www.picweb.it\/emm\/blog\/wp-content\/uploads\/2017\/12\/trigoria-768x515.jpeg 768w, http:\/\/www.picweb.it\/emm\/blog\/wp-content\/uploads\/2017\/12\/trigoria-700x469.jpeg 700w, http:\/\/www.picweb.it\/emm\/blog\/wp-content\/uploads\/2017\/12\/trigoria-520x348.jpeg 520w, http:\/\/www.picweb.it\/emm\/blog\/wp-content\/uploads\/2017\/12\/trigoria-360x241.jpeg 360w, http:\/\/www.picweb.it\/emm\/blog\/wp-content\/uploads\/2017\/12\/trigoria-250x168.jpeg 250w, http:\/\/www.picweb.it\/emm\/blog\/wp-content\/uploads\/2017\/12\/trigoria-100x67.jpeg 100w\" sizes=\"(max-width: 985px) 100vw, 985px\" \/><figcaption id=\"caption-attachment-942\" class=\"wp-caption-text\">Rendering del nuovo Business Park di Tor di Valle griffato Libeskind-Ratti<\/figcaption><\/figure>\n<p>Cos\u00ec come una bella canzone di Raf ci ricordava, \u201c<em>Il tempo scorre inesorabile<a href=\"#_ftn1\" name=\"_ftnref1\"><strong>[1]<\/strong><\/a><\/em>\u201d. Mai, come in questi giorni, quella frase appare come un monito ad agire, prima che sia troppo tardi.<\/p>\n<p>Infatti, dopo la discutibile chiusura della Conferenza dei Servizi sullo Stadio a Tor di Valle, piuttosto che approfittare dell\u2019occasione offerta dall\u2019assurdo contenuto della <em>Determinazione della Regione Lazio<\/em><a href=\"#_ftn2\" name=\"_ftnref2\">[2]<\/a> sembra essersi rilassati.<\/p>\n<p>La contraddittoriet\u00e0 di quel documento, nonch\u00e9 lo scaricabarile in esso contenuto e venuto fuori dalle discussioni successive, appare pi\u00f9 come un tentativo di voler arrivare a conclusione di questa vergogna, facendo ricadere tutte le responsabilit\u00e0 sul\u2019attuale amministrazione capitolina \u2013 erede della delibera che ha avviato il processo \u2013 che non come un qualcosa che dimostri la regolarit\u00e0 dell\u2019intervento nel rispetto della normativa, della sicurezza, dei luoghi e delle preesistenze.<\/p>\n<p>Alla luce di questo, ci si sarebbe aspettati che le varie associazioni ed istituzioni, che seguono da vicino la vicenda e che si oppongono a questo atto di arroganza, \u00a0utilizzassero, per mano dei propri legali, quella <em>Determinazione G18433<\/em> \u00a0come un ariete utile a sfondare quel muro eretto intorno al progetto del <em>Business Park con annesso stadio<\/em> \u2026 e invece si cincischia, lasciando che <em>il tempo scorra inesorabilmente.<\/em><\/p>\n<p>Accolgo quindi con grande piacere l\u2019ultimo scritto dell\u2019arch. Luciano Belli Laura il quale, dopo essersi studiato a fondo tutta la documentazione prodotta, cerca di dare il \u201cLA\u201d a chi debba strutturare un ricorso \u2013 urgentissimo \u2013 al fine di porre fine a questa brutta faccenda.<\/p>\n<p>Auspico quindi che, dopo questa post, chiunque possa agire lo faccia, in modo che, tornando alla canzone di Raf, non debba pronunciare la strofa che dice:<\/p>\n<p style=\"text-align: center;\"><em>\u201cChiss\u00e0 chiss\u00e0 e resto solo con le mie domande<\/em><\/p>\n<p style=\"text-align: center;\"><em>Patetiche, inutili purtroppo indispensabili<\/em><\/p>\n<p style=\"text-align: center;\"><em>Adesso che sono solo, sono io a non credere\u201d<\/em><\/p>\n<p>&nbsp;<\/p>\n<p><strong>PRESCRIZIONE E RACCOMANDAZIONE. Incompetenza o malafede?<\/strong><\/p>\n<p><strong>di<\/strong><\/p>\n<p><strong>Luciano Belli Laura<\/strong><\/p>\n<p>Allorquando la terza Conferenza di Servizi Decisoria Regionale valuta l&#8217;ennesimo progetto dello Stadio della AS Roma, definitivo adeguato e integrato, sono decorsi ben <strong>449 giorni dalla presentazione del primo progetto definitivo<\/strong>,<strong> sebbene, la norma preveda che la Regione debba deliberare entro 180 giorni<\/strong> da tale step. Cosicch\u00e9, il 5 dicembre 2017, sul progetto di \u201c<em>Business Park con annesso stadio a Tor di Valle<\/em>\u201d, non potendo esprimere \u201c<em>assenso unanime<\/em>\u201d \u2013 giacch\u00e9 permangono espressioni di dissenso per svariati motivi ostativi \u00a0e non volendo palesare \u201c<em>diniego motivato<\/em>\u201d \u2013 s&#8217;estrinseca soltanto un \u201c<strong><em>assenso con prescrizioni<\/em><\/strong> \u201d.<\/p>\n<p>In genere, ai sensi dell&#8217;art. 14-bis della Legge 241\/1990 \u2013 3\u00b0 comma, <strong><em>le \u201cprescrizioni\u201d sono indicate ai fini dell&#8217;assenso o del superamento del dissenso<\/em><\/strong>; <strong><em>sono espresse in modo chiaro e analitico; specificano se sono relative ad un vincolo derivante da una disposizione normativa o da un atto amministrativo generale; ovvero, vengono<\/em><\/strong> \u201c<strong><em>discrezionalmente apposte per migliore tutela dell&#8217;interesse pubblico<\/em><\/strong>\u201d.<\/p>\n<p><strong><u>Nel caso <em>de quo<\/em>, le \u201c<em>prescrizioni<\/em>\u201d ai fini del superamento del dissenso, sono talmente tante da configurarsi come un netto dissenso.<\/u><\/strong><\/p>\n<p>Esse, infatti, sono espresse certamente in modo analitico e, forsanche, in modo chiaro. Appare difficile credere che siano tutte apposte per tutelare l&#8217;interesse pubblico, se tante appaiono assai poco fattibili. Come, ad esempio, la prescrizione d&#8217;impossibile ricostruzione d&#8217;un solo modulo degli undici costituenti le tribune dell&#8217;Ippodromo, purch\u00e9 il simulacro venga localizzato abbastanza vicino alle strutture demolite. Inoltre, per assurdo, altre \u201c<em>prescrizioni<\/em>\u201d preventive sono demandate alla fase di realizzazione delle opere private.<\/p>\n<figure id=\"attachment_1056\" aria-describedby=\"caption-attachment-1056\" style=\"width: 1002px\" class=\"wp-caption aligncenter\"><img decoding=\"async\" data-attachment-id=\"1056\" data-permalink=\"http:\/\/www.picweb.it\/emm\/blog\/index.php\/2018\/02\/02\/stadio-della-roma-il-tempo-scorre-inesorabile\/tribune\/\" data-orig-file=\"http:\/\/www.picweb.it\/emm\/blog\/wp-content\/uploads\/2018\/02\/tribune.jpg\" data-orig-size=\"1002,576\" data-comments-opened=\"1\" data-image-meta=\"{&quot;aperture&quot;:&quot;0&quot;,&quot;credit&quot;:&quot;&quot;,&quot;camera&quot;:&quot;&quot;,&quot;caption&quot;:&quot;&quot;,&quot;created_timestamp&quot;:&quot;0&quot;,&quot;copyright&quot;:&quot;&quot;,&quot;focal_length&quot;:&quot;0&quot;,&quot;iso&quot;:&quot;0&quot;,&quot;shutter_speed&quot;:&quot;0&quot;,&quot;title&quot;:&quot;&quot;,&quot;orientation&quot;:&quot;0&quot;}\" data-image-title=\"tribune\" data-image-description=\"\" data-image-caption=\"&lt;p&gt;Le tribune dell\u2019Ippodromo di Tor di Valle&lt;\/p&gt;\n\" data-large-file=\"http:\/\/www.picweb.it\/emm\/blog\/wp-content\/uploads\/2018\/02\/tribune.jpg\" class=\"size-full wp-image-1056\" src=\"http:\/\/www.picweb.it\/emm\/blog\/wp-content\/uploads\/2018\/02\/tribune.jpg\" alt=\"\" width=\"1002\" height=\"576\" srcset=\"http:\/\/www.picweb.it\/emm\/blog\/wp-content\/uploads\/2018\/02\/tribune.jpg 1002w, http:\/\/www.picweb.it\/emm\/blog\/wp-content\/uploads\/2018\/02\/tribune-300x172.jpg 300w, http:\/\/www.picweb.it\/emm\/blog\/wp-content\/uploads\/2018\/02\/tribune-768x441.jpg 768w, http:\/\/www.picweb.it\/emm\/blog\/wp-content\/uploads\/2018\/02\/tribune-700x402.jpg 700w, http:\/\/www.picweb.it\/emm\/blog\/wp-content\/uploads\/2018\/02\/tribune-520x299.jpg 520w, http:\/\/www.picweb.it\/emm\/blog\/wp-content\/uploads\/2018\/02\/tribune-360x207.jpg 360w, http:\/\/www.picweb.it\/emm\/blog\/wp-content\/uploads\/2018\/02\/tribune-250x144.jpg 250w, http:\/\/www.picweb.it\/emm\/blog\/wp-content\/uploads\/2018\/02\/tribune-100x57.jpg 100w\" sizes=\"(max-width: 1002px) 100vw, 1002px\" \/><figcaption id=\"caption-attachment-1056\" class=\"wp-caption-text\">Le tribune dell\u2019Ippodromo di Tor di Valle<\/figcaption><\/figure>\n<p><strong>In pratica, come nessun <em>Ponzio Pilato<\/em> avrebbe mai nemmeno potuto immaginare, financo affidate ad ulteriore \u201c<em>variante progettuale<\/em>\u201d da definire in sede di fantomatica \u201c<em>variante urbanistica<\/em>\u201d!!<\/strong><\/p>\n<p>Sebbene tutte le \u201c<em>prescrizioni<\/em>\u201d realtive all&#8217;assenso sul progetto a Tor di Valle risultino esser state trascritte in ben 45 pagine, su 61 della Determinazione G18433 emessa dall&#8217;Amministrazione Regionale procedente in data 22 dicembre 2017, pare che, venerd\u00ec 26 gennaio 2018, l&#8217;Amministrazione suddetta abia chiesto al proponente di tradurle in elaborati progettuali, affinch\u00e9 tutte le condizioni espresse dalle amministrazioni competenti risultassero puntualmente recepite nel progetto definitivo assentito e, pertanto, tutto quanto formulato di norma potesse essere verificato prima di procedere all&#8217;iter definitivo della \u201c<em>variante urbanistica<\/em>\u201d. Evidentemente l\u2019obiettivo \u00e8 stato quello di evitare che le suddette \u201c<em>prescrizioni<\/em>\u201d <strong><em>potessero cadere in prescrizione<\/em><\/strong>.<\/p>\n<p>Possiamo supporre che tale richiesta della Regione possa esser stata percepita come un fulmine a ciel sereno dal proponente, poco propenso ad aggiornare circa 400 elaborati, gi\u00e0 pi\u00f9 volte adeguati ed integrati. Specie considerando il fatto che sia arrivata mentre si stava contrattando con il Credito Sportivo un piano di finanziamenti atti a realizzare delle opere private, date per approvate definitivamente.<\/p>\n<p>Subito dopo il venerd\u00ec nero, \u201c<em>il Tempo<\/em>\u201d ha pubblicato un articolo che ha riportato le sole reazioni pervenute in Regione da parte della Citt\u00e0 Metropolitana e Roma Capitale \u2026 in sostanza dalla Raggi. In particolare il giornale, solitamente ben informato, ha citato la parte finale della risposta inviata (non si sa quando), dal Dipartimento PAU di Roma Capitale, dove si legge:<\/p>\n<p>\u201c<em>nel merito della richiesta dell\u2019inserimento nella variante urbanistica del Ponte, cos\u00ec come contenuta nella colonna prescrizioni, si fa presente che la stessa <strong>\u00e8 stata accolta esclusivamente come raccomandazione<\/strong> ma non pu\u00f2 essere oggetto della variante urbanistica come da verbale del 5 dicembre<\/em>.<\/p>\n<p>Diversamente, dal verbale del 5 dicembre si deduce che nessuna \u201c<em>prescrizione<\/em>\u201d \u2013 ai fini del superamento del dissenso \u2013 \u00e8 formulata come \u201c<em>raccomandazione<\/em>\u201d, o come <em>esortazione<\/em>, oppure come <em>consiglio<\/em> improntato poi a lasciar fare ci\u00f2 che si vuole!<\/p>\n<p>Pi\u00f9 volte, infatti, il Presidente della Conferenza di Servizi ribadisce che le <strong><em>prescrizioni<\/em><\/strong> devono essere \u201c<strong><em>concrete e realizzabili<\/em><\/strong>\u201d. Ergo, accoglierle come \u201c<em>raccomandazione<\/em>\u201d, pu\u00f2 significare espressione di \u201c<em>riserva mentale<\/em>\u201d. Vale a dire una intenzionale dichiarazione d&#8217;intento, divergente da quanto effettivamente oggetto di volizione, senza che ci\u00f2 sia avvertibile dalla parte destinataria, n\u00e9 tantomeno oggetto d&#8217;accordo con questa. Se cos\u00ec fosse, l&#8217;accordo non risulterebbe corrispondente a quanto effettivamente pattuito dai soggetti contraenti.<\/p>\n<p>Cosicch\u00e9, si prospettano due conseguenze:<\/p>\n<ol>\n<li>la Regione potrebbe considerare irrilevante la riserva del Comune;<\/li>\n<li>Come nel caso del Diritto Canonico, la riserva mentale espressa da un soggetto pu\u00f2 essere motivo di nullit\u00e0.<\/li>\n<\/ol>\n<figure id=\"attachment_1057\" aria-describedby=\"caption-attachment-1057\" style=\"width: 944px\" class=\"wp-caption aligncenter\"><img decoding=\"async\" data-attachment-id=\"1057\" data-permalink=\"http:\/\/www.picweb.it\/emm\/blog\/index.php\/2018\/02\/02\/stadio-della-roma-il-tempo-scorre-inesorabile\/p-magliana1\/\" data-orig-file=\"http:\/\/www.picweb.it\/emm\/blog\/wp-content\/uploads\/2018\/02\/p-Magliana1.jpg\" data-orig-size=\"843,600\" data-comments-opened=\"1\" data-image-meta=\"{&quot;aperture&quot;:&quot;0&quot;,&quot;credit&quot;:&quot;&quot;,&quot;camera&quot;:&quot;&quot;,&quot;caption&quot;:&quot;&quot;,&quot;created_timestamp&quot;:&quot;0&quot;,&quot;copyright&quot;:&quot;&quot;,&quot;focal_length&quot;:&quot;0&quot;,&quot;iso&quot;:&quot;0&quot;,&quot;shutter_speed&quot;:&quot;0&quot;,&quot;title&quot;:&quot;&quot;,&quot;orientation&quot;:&quot;0&quot;}\" data-image-title=\"p-Magliana1\" data-image-description=\"\" data-image-caption=\"&lt;p&gt;Il Ponte della Magliana&lt;\/p&gt;\n\" data-large-file=\"http:\/\/www.picweb.it\/emm\/blog\/wp-content\/uploads\/2018\/02\/p-Magliana1.jpg\" class=\" wp-image-1057\" src=\"http:\/\/www.picweb.it\/emm\/blog\/wp-content\/uploads\/2018\/02\/p-Magliana1.jpg\" alt=\"\" width=\"944\" height=\"672\" srcset=\"http:\/\/www.picweb.it\/emm\/blog\/wp-content\/uploads\/2018\/02\/p-Magliana1.jpg 843w, http:\/\/www.picweb.it\/emm\/blog\/wp-content\/uploads\/2018\/02\/p-Magliana1-300x214.jpg 300w, http:\/\/www.picweb.it\/emm\/blog\/wp-content\/uploads\/2018\/02\/p-Magliana1-768x547.jpg 768w, http:\/\/www.picweb.it\/emm\/blog\/wp-content\/uploads\/2018\/02\/p-Magliana1-700x498.jpg 700w, http:\/\/www.picweb.it\/emm\/blog\/wp-content\/uploads\/2018\/02\/p-Magliana1-520x370.jpg 520w, http:\/\/www.picweb.it\/emm\/blog\/wp-content\/uploads\/2018\/02\/p-Magliana1-360x256.jpg 360w, http:\/\/www.picweb.it\/emm\/blog\/wp-content\/uploads\/2018\/02\/p-Magliana1-250x178.jpg 250w, http:\/\/www.picweb.it\/emm\/blog\/wp-content\/uploads\/2018\/02\/p-Magliana1-100x71.jpg 100w\" sizes=\"(max-width: 944px) 100vw, 944px\" \/><figcaption id=\"caption-attachment-1057\" class=\"wp-caption-text\">Il Ponte della Magliana<\/figcaption><\/figure>\n<p>In concreto, se il Ponte di Traiano fosse prescritto come secondo accesso allo stadio, al fine del superamento del dissenso manifestato dal MIT e dalla Regione sul progetto che non lo prevedeva, e se adesso emerge che tale prescrizione \u00e8 stata accolta dal Proponente e \u2013 sorprendentemente \u2013 dal Comune con riserva, ovvero al fine d&#8217;ottenere il consenso, allora necessita addivenire a nuova intesa tra le amministrazioni da tradurre in altra Determinazione finale.<\/p>\n<p>Se l&#8217;intesa sul tema della <em>mobilit\u00e0<\/em> non si trovasse, occorrerebbe verificare anche le altre \u201c<em>prescrizioni<\/em>\u201d \u2013 espresse da altre amministazioni competenti \u2013 in tema di <em>tutela del suolo<\/em>, <em>dell&#8217;ambiente e delle preesistenze<\/em>.<\/p>\n<p>Comunque vadano le cose, verrebbe immediatamente a cadere l&#8217;occorrenza dell&#8217;astrusa raccomandazione del legislatore:<\/p>\n<p>\u201c<em>Nel caso di impianti sportivi privati il verbale conclusivo della conferenza di servizi decisoria costituisce, <strong>ove necessario<\/strong>, adozione di variante allo strumento urbanistico comunale ed \u00e8 trasmesso al sindaco, che lo sottopone all&#8217;<strong>approvazione <\/strong>del consiglio comunale nella prima seduta utile.<\/em><\/p>\n<p>Tale esortazione ad \u201c<em>adottare<\/em>\u201d \u2013 nel senso di fare proprio, di ricorrere, d&#8217;impiegare \u2013 la \u201c<em>Variante Urbanistica<\/em>\u201d come atto propedeutico alla definizione dell&#8217;assenso al progetto che la richiede, \u00e8 raccomandazione inaccettabile<em> se diviene \u201cprescrizione\u201d, separante l&#8217;incombenza d&#8217;adozione da quella d&#8217;approvazione di \u201cvariante urbanistica\u201d, visto che risultano essere degli adempimenti attribuiti entrambi al Consiglio Comunale da leggi mai abrogate. A maggior ragion del fatto che, tale consiglio del legislatore, NON risulti perseguibile visto che <strong><u>il progetto appare assentito con troppe prescrizioni \u2013 fasulle e irrealizzabili \u2013 a tutti gli effetti equivalenti ad un diniego motivato dalla insuperabilit\u00e0 del dissenso, indi a rigetto della domanda.<\/u><\/strong><\/em><\/p>\n<p>Inoltre, al di l\u00e0 di possibili considerazioni sul piano del diritto, non si pu\u00f2 trascurare il fatto che certe \u201c<em>riserve mentali<\/em>\u201d pervengono tanto dal soggetto proponente privato, quanto dall&#8217;amministrazione locale interessata la quale, invece, dovrebbe garantire la tutela degli interessi dei cittadini!<\/p>\n<p>Questi ultimi non possono infatti non rendersi conto che, se ci\u00f2 non avviene, non pu\u00f2 trattarsi esclusivamente di mera incompetenza e, se mai si perseverasse nel lasciarlo credere, si alimneterebbe il sospetto che, in qualche modo, possa esserci della vera e propria connivenza che permette speculazioni fondiarie che, raddoppiando la \u201c<em>capacit\u00e0 insediativa<\/em>\u201d consentita dalle norme vigenti, consentono il raggiungimento dello scopo \u2026 perfino risparmiando sul pagamento degli oneri che la cosiddetta \u201c<em>Legge Stadi<\/em>\u201d imporrebbe a carico dei proponenti, ovunque e comunque.<\/p>\n<p><a href=\"#_ftnref1\" name=\"_ftn1\">[1]<\/a> \u201cIn tutti i miei giorni\u201d<\/p>\n<p><a href=\"#_ftnref2\" name=\"_ftn2\">[2]<\/a> <a href=\"http:\/\/www.picweb.it\/emm\/blog\/index.php\/2018\/01\/08\/stadio-a-tor-di-valle-tutti-o-quasi-gli-abomini-della-determinazione-della-regione-lazio\/\">http:\/\/www.picweb.it\/emm\/blog\/index.php\/2018\/01\/08\/stadio-a-tor-di-valle-tutti-o-quasi-gli-abomini-della-determinazione-della-regione-lazio\/<\/a><\/p>\n","protected":false},"excerpt":{"rendered":"<p>Cos\u00ec come una bella canzone di Raf ci ricordava, \u201cIl tempo scorre inesorabile[1]\u201d. Mai, come in questi giorni, quella frase appare come un monito ad agire, prima che sia troppo tardi. Infatti, dopo la discutibile chiusura della Conferenza dei Servizi [&hellip;]<\/p>\n","protected":false},"author":2,"featured_media":0,"comment_status":"open","ping_status":"open","sticky":false,"template":"","format":"standard","meta":{"jetpack_post_was_ever_published":false,"_jetpack_newsletter_access":"","_jetpack_dont_email_post_to_subs":false,"_jetpack_newsletter_tier_id":0,"_jetpack_memberships_contains_paywalled_content":false,"_jetpack_memberships_contains_paid_content":false,"footnotes":""},"categories":[39,215,22],"tags":[13,12,14,177,15,32,49,4],"class_list":["post-1055","post","type-post","status-publish","format-standard","hentry","category-roma","category-stadio-as-roma-calcio","category-urbanistica","tag-archmazzola","tag-ettore-maria-mazzola","tag-ettore-mazzola","tag-luciano-belli-laura","tag-mazzola","tag-roma","tag-stadio-della-as-roma","tag-urbanistica","clearfix"],"yoast_head":"<!-- This site is optimized with the Yoast SEO plugin v27.3 - https:\/\/yoast.com\/product\/yoast-seo-wordpress\/ -->\r\n<title>Stadio della Roma - il tempo scorre inesorabile - virtutem forma decorat<\/title>\r\n<meta name=\"robots\" content=\"index, follow, max-snippet:-1, max-image-preview:large, max-video-preview:-1\" \/>\r\n<link rel=\"canonical\" href=\"http:\/\/www.picweb.it\/emm\/blog\/index.php\/2018\/02\/02\/stadio-della-roma-il-tempo-scorre-inesorabile\/\" \/>\r\n<meta property=\"og:locale\" content=\"it_IT\" \/>\r\n<meta property=\"og:type\" content=\"article\" \/>\r\n<meta property=\"og:title\" content=\"Stadio della Roma - il tempo scorre inesorabile - virtutem forma decorat\" \/>\r\n<meta property=\"og:description\" content=\"Cos\u00ec come una bella canzone di Raf ci ricordava, \u201cIl tempo scorre inesorabile[1]\u201d. Mai, come in questi giorni, quella frase appare come un monito ad agire, prima che sia troppo tardi. Infatti, dopo la discutibile chiusura della Conferenza dei Servizi [&hellip;]\" \/>\r\n<meta property=\"og:url\" content=\"http:\/\/www.picweb.it\/emm\/blog\/index.php\/2018\/02\/02\/stadio-della-roma-il-tempo-scorre-inesorabile\/\" \/>\r\n<meta property=\"og:site_name\" content=\"virtutem forma decorat\" \/>\r\n<meta property=\"article:published_time\" content=\"2018-02-02T12:27:56+00:00\" \/>\r\n<meta property=\"article:modified_time\" content=\"2018-02-03T06:17:57+00:00\" \/>\r\n<meta property=\"og:image\" content=\"http:\/\/www.picweb.it\/emm\/blog\/wp-content\/uploads\/2017\/12\/trigoria.jpeg\" \/>\r\n<meta name=\"author\" content=\"emmazzola\" \/>\r\n<meta name=\"twitter:card\" content=\"summary_large_image\" \/>\r\n<meta name=\"twitter:creator\" content=\"@ettore_mazzola\" \/>\r\n<meta name=\"twitter:site\" content=\"@ettore_mazzola\" \/>\r\n<meta name=\"twitter:label1\" content=\"Scritto da\" \/>\n\t<meta name=\"twitter:data1\" content=\"emmazzola\" \/>\n\t<meta name=\"twitter:label2\" content=\"Tempo di lettura stimato\" \/>\n\t<meta name=\"twitter:data2\" content=\"7 minuti\" \/>\r\n<script type=\"application\/ld+json\" class=\"yoast-schema-graph\">{\"@context\":\"https:\\\/\\\/schema.org\",\"@graph\":[{\"@type\":\"Article\",\"@id\":\"http:\\\/\\\/www.picweb.it\\\/emm\\\/blog\\\/index.php\\\/2018\\\/02\\\/02\\\/stadio-della-roma-il-tempo-scorre-inesorabile\\\/#article\",\"isPartOf\":{\"@id\":\"http:\\\/\\\/www.picweb.it\\\/emm\\\/blog\\\/index.php\\\/2018\\\/02\\\/02\\\/stadio-della-roma-il-tempo-scorre-inesorabile\\\/\"},\"author\":{\"name\":\"emmazzola\",\"@id\":\"http:\\\/\\\/www.picweb.it\\\/emm\\\/blog\\\/#\\\/schema\\\/person\\\/e29c0dd15f13008bd4c7682e6130977f\"},\"headline\":\"Stadio della Roma &#8211; il tempo scorre inesorabile\",\"datePublished\":\"2018-02-02T12:27:56+00:00\",\"dateModified\":\"2018-02-03T06:17:57+00:00\",\"mainEntityOfPage\":{\"@id\":\"http:\\\/\\\/www.picweb.it\\\/emm\\\/blog\\\/index.php\\\/2018\\\/02\\\/02\\\/stadio-della-roma-il-tempo-scorre-inesorabile\\\/\"},\"wordCount\":1387,\"commentCount\":3,\"publisher\":{\"@id\":\"http:\\\/\\\/www.picweb.it\\\/emm\\\/blog\\\/#\\\/schema\\\/person\\\/e29c0dd15f13008bd4c7682e6130977f\"},\"image\":{\"@id\":\"http:\\\/\\\/www.picweb.it\\\/emm\\\/blog\\\/index.php\\\/2018\\\/02\\\/02\\\/stadio-della-roma-il-tempo-scorre-inesorabile\\\/#primaryimage\"},\"thumbnailUrl\":\"http:\\\/\\\/www.picweb.it\\\/emm\\\/blog\\\/wp-content\\\/uploads\\\/2017\\\/12\\\/trigoria.jpeg\",\"keywords\":[\"archmazzola\",\"ettore maria mazzola\",\"ettore mazzola\",\"Luciano Belli Laura\",\"mazzola\",\"Roma\",\"Stadio della AS Roma\",\"Urbanistica\"],\"articleSection\":[\"Roma\",\"Stadio AS Roma Calcio\",\"urbanistica\"],\"inLanguage\":\"it-IT\",\"potentialAction\":[{\"@type\":\"CommentAction\",\"name\":\"Comment\",\"target\":[\"http:\\\/\\\/www.picweb.it\\\/emm\\\/blog\\\/index.php\\\/2018\\\/02\\\/02\\\/stadio-della-roma-il-tempo-scorre-inesorabile\\\/#respond\"]}]},{\"@type\":\"WebPage\",\"@id\":\"http:\\\/\\\/www.picweb.it\\\/emm\\\/blog\\\/index.php\\\/2018\\\/02\\\/02\\\/stadio-della-roma-il-tempo-scorre-inesorabile\\\/\",\"url\":\"http:\\\/\\\/www.picweb.it\\\/emm\\\/blog\\\/index.php\\\/2018\\\/02\\\/02\\\/stadio-della-roma-il-tempo-scorre-inesorabile\\\/\",\"name\":\"Stadio della Roma - il tempo scorre inesorabile - virtutem forma decorat\",\"isPartOf\":{\"@id\":\"http:\\\/\\\/www.picweb.it\\\/emm\\\/blog\\\/#website\"},\"primaryImageOfPage\":{\"@id\":\"http:\\\/\\\/www.picweb.it\\\/emm\\\/blog\\\/index.php\\\/2018\\\/02\\\/02\\\/stadio-della-roma-il-tempo-scorre-inesorabile\\\/#primaryimage\"},\"image\":{\"@id\":\"http:\\\/\\\/www.picweb.it\\\/emm\\\/blog\\\/index.php\\\/2018\\\/02\\\/02\\\/stadio-della-roma-il-tempo-scorre-inesorabile\\\/#primaryimage\"},\"thumbnailUrl\":\"http:\\\/\\\/www.picweb.it\\\/emm\\\/blog\\\/wp-content\\\/uploads\\\/2017\\\/12\\\/trigoria.jpeg\",\"datePublished\":\"2018-02-02T12:27:56+00:00\",\"dateModified\":\"2018-02-03T06:17:57+00:00\",\"breadcrumb\":{\"@id\":\"http:\\\/\\\/www.picweb.it\\\/emm\\\/blog\\\/index.php\\\/2018\\\/02\\\/02\\\/stadio-della-roma-il-tempo-scorre-inesorabile\\\/#breadcrumb\"},\"inLanguage\":\"it-IT\",\"potentialAction\":[{\"@type\":\"ReadAction\",\"target\":[\"http:\\\/\\\/www.picweb.it\\\/emm\\\/blog\\\/index.php\\\/2018\\\/02\\\/02\\\/stadio-della-roma-il-tempo-scorre-inesorabile\\\/\"]}]},{\"@type\":\"ImageObject\",\"inLanguage\":\"it-IT\",\"@id\":\"http:\\\/\\\/www.picweb.it\\\/emm\\\/blog\\\/index.php\\\/2018\\\/02\\\/02\\\/stadio-della-roma-il-tempo-scorre-inesorabile\\\/#primaryimage\",\"url\":\"http:\\\/\\\/www.picweb.it\\\/emm\\\/blog\\\/wp-content\\\/uploads\\\/2017\\\/12\\\/trigoria.jpeg\",\"contentUrl\":\"http:\\\/\\\/www.picweb.it\\\/emm\\\/blog\\\/wp-content\\\/uploads\\\/2017\\\/12\\\/trigoria.jpeg\",\"width\":800,\"height\":536,\"caption\":\"Rendering del nuovo Business Park di Tor di Valle griffato Libeskind-Ratti\"},{\"@type\":\"BreadcrumbList\",\"@id\":\"http:\\\/\\\/www.picweb.it\\\/emm\\\/blog\\\/index.php\\\/2018\\\/02\\\/02\\\/stadio-della-roma-il-tempo-scorre-inesorabile\\\/#breadcrumb\",\"itemListElement\":[{\"@type\":\"ListItem\",\"position\":1,\"name\":\"Home\",\"item\":\"http:\\\/\\\/www.picweb.it\\\/emm\\\/blog\\\/\"},{\"@type\":\"ListItem\",\"position\":2,\"name\":\"Stadio della Roma &#8211; il tempo scorre inesorabile\"}]},{\"@type\":\"WebSite\",\"@id\":\"http:\\\/\\\/www.picweb.it\\\/emm\\\/blog\\\/#website\",\"url\":\"http:\\\/\\\/www.picweb.it\\\/emm\\\/blog\\\/\",\"name\":\"virtutem forma decorat\",\"description\":\"The new Architectural blog\",\"publisher\":{\"@id\":\"http:\\\/\\\/www.picweb.it\\\/emm\\\/blog\\\/#\\\/schema\\\/person\\\/e29c0dd15f13008bd4c7682e6130977f\"},\"potentialAction\":[{\"@type\":\"SearchAction\",\"target\":{\"@type\":\"EntryPoint\",\"urlTemplate\":\"http:\\\/\\\/www.picweb.it\\\/emm\\\/blog\\\/?s={search_term_string}\"},\"query-input\":{\"@type\":\"PropertyValueSpecification\",\"valueRequired\":true,\"valueName\":\"search_term_string\"}}],\"inLanguage\":\"it-IT\"},{\"@type\":[\"Person\",\"Organization\"],\"@id\":\"http:\\\/\\\/www.picweb.it\\\/emm\\\/blog\\\/#\\\/schema\\\/person\\\/e29c0dd15f13008bd4c7682e6130977f\",\"name\":\"emmazzola\",\"image\":{\"@type\":\"ImageObject\",\"inLanguage\":\"it-IT\",\"@id\":\"http:\\\/\\\/www.picweb.it\\\/emm\\\/blog\\\/wp-content\\\/uploads\\\/2017\\\/05\\\/cropped-logoVirtutemFormaDecorat_Whigher.png\",\"url\":\"http:\\\/\\\/www.picweb.it\\\/emm\\\/blog\\\/wp-content\\\/uploads\\\/2017\\\/05\\\/cropped-logoVirtutemFormaDecorat_Whigher.png\",\"contentUrl\":\"http:\\\/\\\/www.picweb.it\\\/emm\\\/blog\\\/wp-content\\\/uploads\\\/2017\\\/05\\\/cropped-logoVirtutemFormaDecorat_Whigher.png\",\"width\":200,\"height\":79,\"caption\":\"emmazzola\"},\"logo\":{\"@id\":\"http:\\\/\\\/www.picweb.it\\\/emm\\\/blog\\\/wp-content\\\/uploads\\\/2017\\\/05\\\/cropped-logoVirtutemFormaDecorat_Whigher.png\"},\"url\":\"http:\\\/\\\/www.picweb.it\\\/emm\\\/blog\\\/index.php\\\/author\\\/emmazzola\\\/\"}]}<\/script>\r\n<!-- \/ Yoast SEO plugin. -->","yoast_head_json":{"title":"Stadio della Roma - il tempo scorre inesorabile - virtutem forma decorat","robots":{"index":"index","follow":"follow","max-snippet":"max-snippet:-1","max-image-preview":"max-image-preview:large","max-video-preview":"max-video-preview:-1"},"canonical":"http:\/\/www.picweb.it\/emm\/blog\/index.php\/2018\/02\/02\/stadio-della-roma-il-tempo-scorre-inesorabile\/","og_locale":"it_IT","og_type":"article","og_title":"Stadio della Roma - il tempo scorre inesorabile - virtutem forma decorat","og_description":"Cos\u00ec come una bella canzone di Raf ci ricordava, \u201cIl tempo scorre inesorabile[1]\u201d. Mai, come in questi giorni, quella frase appare come un monito ad agire, prima che sia troppo tardi. Infatti, dopo la discutibile chiusura della Conferenza dei Servizi [&hellip;]","og_url":"http:\/\/www.picweb.it\/emm\/blog\/index.php\/2018\/02\/02\/stadio-della-roma-il-tempo-scorre-inesorabile\/","og_site_name":"virtutem forma decorat","article_published_time":"2018-02-02T12:27:56+00:00","article_modified_time":"2018-02-03T06:17:57+00:00","og_image":[{"url":"http:\/\/www.picweb.it\/emm\/blog\/wp-content\/uploads\/2017\/12\/trigoria.jpeg","type":"","width":"","height":""}],"author":"emmazzola","twitter_card":"summary_large_image","twitter_creator":"@ettore_mazzola","twitter_site":"@ettore_mazzola","twitter_misc":{"Scritto da":"emmazzola","Tempo di lettura stimato":"7 minuti"},"schema":{"@context":"https:\/\/schema.org","@graph":[{"@type":"Article","@id":"http:\/\/www.picweb.it\/emm\/blog\/index.php\/2018\/02\/02\/stadio-della-roma-il-tempo-scorre-inesorabile\/#article","isPartOf":{"@id":"http:\/\/www.picweb.it\/emm\/blog\/index.php\/2018\/02\/02\/stadio-della-roma-il-tempo-scorre-inesorabile\/"},"author":{"name":"emmazzola","@id":"http:\/\/www.picweb.it\/emm\/blog\/#\/schema\/person\/e29c0dd15f13008bd4c7682e6130977f"},"headline":"Stadio della Roma &#8211; il tempo scorre inesorabile","datePublished":"2018-02-02T12:27:56+00:00","dateModified":"2018-02-03T06:17:57+00:00","mainEntityOfPage":{"@id":"http:\/\/www.picweb.it\/emm\/blog\/index.php\/2018\/02\/02\/stadio-della-roma-il-tempo-scorre-inesorabile\/"},"wordCount":1387,"commentCount":3,"publisher":{"@id":"http:\/\/www.picweb.it\/emm\/blog\/#\/schema\/person\/e29c0dd15f13008bd4c7682e6130977f"},"image":{"@id":"http:\/\/www.picweb.it\/emm\/blog\/index.php\/2018\/02\/02\/stadio-della-roma-il-tempo-scorre-inesorabile\/#primaryimage"},"thumbnailUrl":"http:\/\/www.picweb.it\/emm\/blog\/wp-content\/uploads\/2017\/12\/trigoria.jpeg","keywords":["archmazzola","ettore maria mazzola","ettore mazzola","Luciano Belli Laura","mazzola","Roma","Stadio della AS Roma","Urbanistica"],"articleSection":["Roma","Stadio AS Roma Calcio","urbanistica"],"inLanguage":"it-IT","potentialAction":[{"@type":"CommentAction","name":"Comment","target":["http:\/\/www.picweb.it\/emm\/blog\/index.php\/2018\/02\/02\/stadio-della-roma-il-tempo-scorre-inesorabile\/#respond"]}]},{"@type":"WebPage","@id":"http:\/\/www.picweb.it\/emm\/blog\/index.php\/2018\/02\/02\/stadio-della-roma-il-tempo-scorre-inesorabile\/","url":"http:\/\/www.picweb.it\/emm\/blog\/index.php\/2018\/02\/02\/stadio-della-roma-il-tempo-scorre-inesorabile\/","name":"Stadio della Roma - il tempo scorre inesorabile - virtutem forma decorat","isPartOf":{"@id":"http:\/\/www.picweb.it\/emm\/blog\/#website"},"primaryImageOfPage":{"@id":"http:\/\/www.picweb.it\/emm\/blog\/index.php\/2018\/02\/02\/stadio-della-roma-il-tempo-scorre-inesorabile\/#primaryimage"},"image":{"@id":"http:\/\/www.picweb.it\/emm\/blog\/index.php\/2018\/02\/02\/stadio-della-roma-il-tempo-scorre-inesorabile\/#primaryimage"},"thumbnailUrl":"http:\/\/www.picweb.it\/emm\/blog\/wp-content\/uploads\/2017\/12\/trigoria.jpeg","datePublished":"2018-02-02T12:27:56+00:00","dateModified":"2018-02-03T06:17:57+00:00","breadcrumb":{"@id":"http:\/\/www.picweb.it\/emm\/blog\/index.php\/2018\/02\/02\/stadio-della-roma-il-tempo-scorre-inesorabile\/#breadcrumb"},"inLanguage":"it-IT","potentialAction":[{"@type":"ReadAction","target":["http:\/\/www.picweb.it\/emm\/blog\/index.php\/2018\/02\/02\/stadio-della-roma-il-tempo-scorre-inesorabile\/"]}]},{"@type":"ImageObject","inLanguage":"it-IT","@id":"http:\/\/www.picweb.it\/emm\/blog\/index.php\/2018\/02\/02\/stadio-della-roma-il-tempo-scorre-inesorabile\/#primaryimage","url":"http:\/\/www.picweb.it\/emm\/blog\/wp-content\/uploads\/2017\/12\/trigoria.jpeg","contentUrl":"http:\/\/www.picweb.it\/emm\/blog\/wp-content\/uploads\/2017\/12\/trigoria.jpeg","width":800,"height":536,"caption":"Rendering del nuovo Business Park di Tor di Valle griffato Libeskind-Ratti"},{"@type":"BreadcrumbList","@id":"http:\/\/www.picweb.it\/emm\/blog\/index.php\/2018\/02\/02\/stadio-della-roma-il-tempo-scorre-inesorabile\/#breadcrumb","itemListElement":[{"@type":"ListItem","position":1,"name":"Home","item":"http:\/\/www.picweb.it\/emm\/blog\/"},{"@type":"ListItem","position":2,"name":"Stadio della Roma &#8211; il tempo scorre inesorabile"}]},{"@type":"WebSite","@id":"http:\/\/www.picweb.it\/emm\/blog\/#website","url":"http:\/\/www.picweb.it\/emm\/blog\/","name":"virtutem forma decorat","description":"The new Architectural blog","publisher":{"@id":"http:\/\/www.picweb.it\/emm\/blog\/#\/schema\/person\/e29c0dd15f13008bd4c7682e6130977f"},"potentialAction":[{"@type":"SearchAction","target":{"@type":"EntryPoint","urlTemplate":"http:\/\/www.picweb.it\/emm\/blog\/?s={search_term_string}"},"query-input":{"@type":"PropertyValueSpecification","valueRequired":true,"valueName":"search_term_string"}}],"inLanguage":"it-IT"},{"@type":["Person","Organization"],"@id":"http:\/\/www.picweb.it\/emm\/blog\/#\/schema\/person\/e29c0dd15f13008bd4c7682e6130977f","name":"emmazzola","image":{"@type":"ImageObject","inLanguage":"it-IT","@id":"http:\/\/www.picweb.it\/emm\/blog\/wp-content\/uploads\/2017\/05\/cropped-logoVirtutemFormaDecorat_Whigher.png","url":"http:\/\/www.picweb.it\/emm\/blog\/wp-content\/uploads\/2017\/05\/cropped-logoVirtutemFormaDecorat_Whigher.png","contentUrl":"http:\/\/www.picweb.it\/emm\/blog\/wp-content\/uploads\/2017\/05\/cropped-logoVirtutemFormaDecorat_Whigher.png","width":200,"height":79,"caption":"emmazzola"},"logo":{"@id":"http:\/\/www.picweb.it\/emm\/blog\/wp-content\/uploads\/2017\/05\/cropped-logoVirtutemFormaDecorat_Whigher.png"},"url":"http:\/\/www.picweb.it\/emm\/blog\/index.php\/author\/emmazzola\/"}]}},"jetpack_featured_media_url":"","jetpack_sharing_enabled":true,"jetpack_shortlink":"https:\/\/wp.me\/p8HWjS-h1","jetpack-related-posts":[],"jetpack_likes_enabled":true,"_links":{"self":[{"href":"http:\/\/www.picweb.it\/emm\/blog\/index.php\/wp-json\/wp\/v2\/posts\/1055","targetHints":{"allow":["GET"]}}],"collection":[{"href":"http:\/\/www.picweb.it\/emm\/blog\/index.php\/wp-json\/wp\/v2\/posts"}],"about":[{"href":"http:\/\/www.picweb.it\/emm\/blog\/index.php\/wp-json\/wp\/v2\/types\/post"}],"author":[{"embeddable":true,"href":"http:\/\/www.picweb.it\/emm\/blog\/index.php\/wp-json\/wp\/v2\/users\/2"}],"replies":[{"embeddable":true,"href":"http:\/\/www.picweb.it\/emm\/blog\/index.php\/wp-json\/wp\/v2\/comments?post=1055"}],"version-history":[{"count":5,"href":"http:\/\/www.picweb.it\/emm\/blog\/index.php\/wp-json\/wp\/v2\/posts\/1055\/revisions"}],"predecessor-version":[{"id":1062,"href":"http:\/\/www.picweb.it\/emm\/blog\/index.php\/wp-json\/wp\/v2\/posts\/1055\/revisions\/1062"}],"wp:attachment":[{"href":"http:\/\/www.picweb.it\/emm\/blog\/index.php\/wp-json\/wp\/v2\/media?parent=1055"}],"wp:term":[{"taxonomy":"category","embeddable":true,"href":"http:\/\/www.picweb.it\/emm\/blog\/index.php\/wp-json\/wp\/v2\/categories?post=1055"},{"taxonomy":"post_tag","embeddable":true,"href":"http:\/\/www.picweb.it\/emm\/blog\/index.php\/wp-json\/wp\/v2\/tags?post=1055"}],"curies":[{"name":"wp","href":"https:\/\/api.w.org\/{rel}","templated":true}]}}