{"id":3386,"date":"2026-09-01T18:00:51","date_gmt":"2026-09-01T16:00:51","guid":{"rendered":"https:\/\/www.picweb.it\/blog\/?p=3386"},"modified":"2026-09-01T15:27:16","modified_gmt":"2026-09-01T13:27:16","slug":"dapres-chagall-devant-saint-jeannet","status":"publish","type":"post","link":"http:\/\/www.picweb.it\/blog\/index.php\/2026\/09\/01\/dapres-chagall-devant-saint-jeannet\/","title":{"rendered":"D&#8217;apres-Chagall devant Saint-Jeannet"},"content":{"rendered":"\n<p class=\"wp-block-paragraph\">D&#8217;apres-moi.. d&#8217;apres -midi<\/p>\n\n\n\n<figure class=\"wp-block-image aligncenter size-large\"><img fetchpriority=\"high\" decoding=\"async\" width=\"752\" height=\"1024\" data-attachment-id=\"3814\" data-permalink=\"http:\/\/www.picweb.it\/blog\/index.php\/2026\/09\/01\/dapres-chagall-devant-saint-jeannet\/img_20260901_1022176795625915081524605\/\" data-orig-file=\"http:\/\/www.picweb.it\/blog\/wp-content\/uploads\/2026\/09\/img_20260901_1022176795625915081524605.jpg\" data-orig-size=\"1468,2000\" data-comments-opened=\"0\" data-image-meta=\"{&quot;aperture&quot;:&quot;0&quot;,&quot;credit&quot;:&quot;&quot;,&quot;camera&quot;:&quot;&quot;,&quot;caption&quot;:&quot;&quot;,&quot;created_timestamp&quot;:&quot;0&quot;,&quot;copyright&quot;:&quot;&quot;,&quot;focal_length&quot;:&quot;0&quot;,&quot;iso&quot;:&quot;0&quot;,&quot;shutter_speed&quot;:&quot;0&quot;,&quot;title&quot;:&quot;&quot;,&quot;orientation&quot;:&quot;0&quot;,&quot;alt&quot;:&quot;&quot;}\" data-image-title=\"img_20260901_1022176795625915081524605\" data-image-description=\"\" data-image-caption=\"\" data-large-file=\"http:\/\/www.picweb.it\/blog\/wp-content\/uploads\/2026\/09\/img_20260901_1022176795625915081524605-752x1024.jpg\" src=\"https:\/\/www.picweb.it\/blog\/wp-content\/uploads\/2026\/09\/img_20260901_1022176795625915081524605-752x1024.jpg\" alt=\"\" class=\"wp-image-3814\" srcset=\"http:\/\/www.picweb.it\/blog\/wp-content\/uploads\/2026\/09\/img_20260901_1022176795625915081524605-752x1024.jpg 752w, http:\/\/www.picweb.it\/blog\/wp-content\/uploads\/2026\/09\/img_20260901_1022176795625915081524605-220x300.jpg 220w, http:\/\/www.picweb.it\/blog\/wp-content\/uploads\/2026\/09\/img_20260901_1022176795625915081524605-768x1046.jpg 768w, http:\/\/www.picweb.it\/blog\/wp-content\/uploads\/2026\/09\/img_20260901_1022176795625915081524605-1127x1536.jpg 1127w, http:\/\/www.picweb.it\/blog\/wp-content\/uploads\/2026\/09\/img_20260901_1022176795625915081524605-1000x1362.jpg 1000w, http:\/\/www.picweb.it\/blog\/wp-content\/uploads\/2026\/09\/img_20260901_1022176795625915081524605-230x313.jpg 230w, http:\/\/www.picweb.it\/blog\/wp-content\/uploads\/2026\/09\/img_20260901_1022176795625915081524605-350x477.jpg 350w, http:\/\/www.picweb.it\/blog\/wp-content\/uploads\/2026\/09\/img_20260901_1022176795625915081524605-480x654.jpg 480w, http:\/\/www.picweb.it\/blog\/wp-content\/uploads\/2026\/09\/img_20260901_1022176795625915081524605.jpg 1468w\" sizes=\"(max-width: 752px) 100vw, 752px\" \/><figcaption class=\"wp-element-caption\">pastelli acquerellabili e inchiostro su carta<\/figcaption><\/figure>\n\n\n\n<p class=\"wp-block-paragraph\">Ci sono luoghi in Costa Azzurra dove la roccia non \u00e8 soltanto un elemento del paesaggio, ma una presenza viva. Chi percorre quelle strade o si ferma a guardare il profilo solido di Saint-Jeannet, arroccato sotto la sua imponente parete di pietra, percepisce subito la tensione poetica tra la pesantezza della materia e la leggerezza dell&#8217;aria provenzale.<br>Non \u00e8 un caso che Marc Chagall si sia lasciato affascinare da questo scorcio. Nel suo Devant Saint-Jeannet, il paese e la montagna smettono di essere una semplice coordinata geografica per diventare uno scenario dello spirito: un luogo in cui il paesaggio reale e la dimensione fantastica con figure fluttuanti, mazzi di fiori e spose sospese nel blu, si fondono insieme.<br>Ritrovarsi di recente immersi in quelle stesse atmosfere e luce della Costa Azzurra \u00e8 stato l&#8217;innesco inevitabile. Il mio d&#8217;apr\u00e8s nasce proprio da questo incontro, dalla volont\u00e0 di attraversare e rielaborare la visione di Chagall, che abitava nella vicina Saint Paul de Vence, con il mio segno. <\/p>\n\n\n\n<p class=\"wp-block-paragraph\">In questo sketch reinterpretativo, ho cercato di far dialogare la struttura della materia di roccia con l&#8217;emozione sognante del maestro, filtrando il ricordo del viaggio attraverso la mia personale sensibilit\u00e0.<\/p>\n\n\n\n<figure class=\"wp-block-image aligncenter size-large\"><img decoding=\"async\" width=\"623\" height=\"1024\" data-attachment-id=\"3817\" data-permalink=\"http:\/\/www.picweb.it\/blog\/index.php\/2026\/09\/01\/dapres-chagall-devant-saint-jeannet\/image_editor_output_image620890263-17882678051637605478489287693679\/\" data-orig-file=\"http:\/\/www.picweb.it\/blog\/wp-content\/uploads\/2026\/09\/image_editor_output_image620890263-17882678051637605478489287693679.jpg\" data-orig-size=\"1216,2000\" data-comments-opened=\"0\" data-image-meta=\"{&quot;aperture&quot;:&quot;0&quot;,&quot;credit&quot;:&quot;&quot;,&quot;camera&quot;:&quot;&quot;,&quot;caption&quot;:&quot;&quot;,&quot;created_timestamp&quot;:&quot;0&quot;,&quot;copyright&quot;:&quot;&quot;,&quot;focal_length&quot;:&quot;0&quot;,&quot;iso&quot;:&quot;0&quot;,&quot;shutter_speed&quot;:&quot;0&quot;,&quot;title&quot;:&quot;&quot;,&quot;orientation&quot;:&quot;0&quot;,&quot;alt&quot;:&quot;&quot;}\" data-image-title=\"image_editor_output_image620890263-17882678051637605478489287693679\" data-image-description=\"\" data-image-caption=\"\" data-large-file=\"http:\/\/www.picweb.it\/blog\/wp-content\/uploads\/2026\/09\/image_editor_output_image620890263-17882678051637605478489287693679-623x1024.jpg\" src=\"https:\/\/www.picweb.it\/blog\/wp-content\/uploads\/2026\/09\/image_editor_output_image620890263-17882678051637605478489287693679-623x1024.jpg\" alt=\"\" class=\"wp-image-3817\" srcset=\"http:\/\/www.picweb.it\/blog\/wp-content\/uploads\/2026\/09\/image_editor_output_image620890263-17882678051637605478489287693679-623x1024.jpg 623w, http:\/\/www.picweb.it\/blog\/wp-content\/uploads\/2026\/09\/image_editor_output_image620890263-17882678051637605478489287693679-182x300.jpg 182w, http:\/\/www.picweb.it\/blog\/wp-content\/uploads\/2026\/09\/image_editor_output_image620890263-17882678051637605478489287693679-768x1263.jpg 768w, http:\/\/www.picweb.it\/blog\/wp-content\/uploads\/2026\/09\/image_editor_output_image620890263-17882678051637605478489287693679-934x1536.jpg 934w, http:\/\/www.picweb.it\/blog\/wp-content\/uploads\/2026\/09\/image_editor_output_image620890263-17882678051637605478489287693679-1000x1645.jpg 1000w, http:\/\/www.picweb.it\/blog\/wp-content\/uploads\/2026\/09\/image_editor_output_image620890263-17882678051637605478489287693679-230x378.jpg 230w, http:\/\/www.picweb.it\/blog\/wp-content\/uploads\/2026\/09\/image_editor_output_image620890263-17882678051637605478489287693679-350x576.jpg 350w, http:\/\/www.picweb.it\/blog\/wp-content\/uploads\/2026\/09\/image_editor_output_image620890263-17882678051637605478489287693679-480x789.jpg 480w, http:\/\/www.picweb.it\/blog\/wp-content\/uploads\/2026\/09\/image_editor_output_image620890263-17882678051637605478489287693679.jpg 1216w\" sizes=\"(max-width: 623px) 100vw, 623px\" \/><figcaption class=\"wp-element-caption\">Litografia a colori su carta\u00a0 &#8211; 1972<\/figcaption><\/figure>\n\n\n\n<figure class=\"wp-block-gallery has-nested-images columns-default is-cropped wp-block-gallery-1 is-layout-flex wp-block-gallery-is-layout-flex\">\n<figure class=\"wp-block-image size-large\"><img decoding=\"async\" width=\"1024\" height=\"1024\" data-attachment-id=\"3818\" data-permalink=\"http:\/\/www.picweb.it\/blog\/index.php\/2026\/09\/01\/dapres-chagall-devant-saint-jeannet\/img202608281042554952594926098431631\/\" data-orig-file=\"http:\/\/www.picweb.it\/blog\/wp-content\/uploads\/2026\/09\/img202608281042554952594926098431631.jpg\" data-orig-size=\"2000,2000\" data-comments-opened=\"0\" data-image-meta=\"{&quot;aperture&quot;:&quot;0&quot;,&quot;credit&quot;:&quot;&quot;,&quot;camera&quot;:&quot;&quot;,&quot;caption&quot;:&quot;&quot;,&quot;created_timestamp&quot;:&quot;0&quot;,&quot;copyright&quot;:&quot;&quot;,&quot;focal_length&quot;:&quot;0&quot;,&quot;iso&quot;:&quot;0&quot;,&quot;shutter_speed&quot;:&quot;0&quot;,&quot;title&quot;:&quot;&quot;,&quot;orientation&quot;:&quot;0&quot;,&quot;alt&quot;:&quot;&quot;}\" data-image-title=\"img202608281042554952594926098431631\" data-image-description=\"\" data-image-caption=\"\" data-large-file=\"http:\/\/www.picweb.it\/blog\/wp-content\/uploads\/2026\/09\/img202608281042554952594926098431631-1024x1024.jpg\" data-id=\"3818\" src=\"https:\/\/www.picweb.it\/blog\/wp-content\/uploads\/2026\/09\/img202608281042554952594926098431631-1024x1024.jpg\" alt=\"\" class=\"wp-image-3818\" srcset=\"http:\/\/www.picweb.it\/blog\/wp-content\/uploads\/2026\/09\/img202608281042554952594926098431631-1024x1024.jpg 1024w, http:\/\/www.picweb.it\/blog\/wp-content\/uploads\/2026\/09\/img202608281042554952594926098431631-300x300.jpg 300w, http:\/\/www.picweb.it\/blog\/wp-content\/uploads\/2026\/09\/img202608281042554952594926098431631-150x150.jpg 150w, http:\/\/www.picweb.it\/blog\/wp-content\/uploads\/2026\/09\/img202608281042554952594926098431631-768x768.jpg 768w, http:\/\/www.picweb.it\/blog\/wp-content\/uploads\/2026\/09\/img202608281042554952594926098431631-1536x1536.jpg 1536w, http:\/\/www.picweb.it\/blog\/wp-content\/uploads\/2026\/09\/img202608281042554952594926098431631-1000x1000.jpg 1000w, http:\/\/www.picweb.it\/blog\/wp-content\/uploads\/2026\/09\/img202608281042554952594926098431631-230x230.jpg 230w, http:\/\/www.picweb.it\/blog\/wp-content\/uploads\/2026\/09\/img202608281042554952594926098431631-350x350.jpg 350w, http:\/\/www.picweb.it\/blog\/wp-content\/uploads\/2026\/09\/img202608281042554952594926098431631-480x480.jpg 480w, http:\/\/www.picweb.it\/blog\/wp-content\/uploads\/2026\/09\/img202608281042554952594926098431631.jpg 2000w\" sizes=\"(max-width: 1024px) 100vw, 1024px\" \/><\/figure>\n\n\n\n<figure class=\"wp-block-image size-large\"><img loading=\"lazy\" decoding=\"async\" width=\"1024\" height=\"1024\" data-attachment-id=\"3819\" data-permalink=\"http:\/\/www.picweb.it\/blog\/index.php\/2026\/09\/01\/dapres-chagall-devant-saint-jeannet\/img202608251033193986657121462752892\/\" data-orig-file=\"http:\/\/www.picweb.it\/blog\/wp-content\/uploads\/2026\/09\/img202608251033193986657121462752892.jpg\" data-orig-size=\"2000,2000\" data-comments-opened=\"0\" data-image-meta=\"{&quot;aperture&quot;:&quot;0&quot;,&quot;credit&quot;:&quot;&quot;,&quot;camera&quot;:&quot;&quot;,&quot;caption&quot;:&quot;&quot;,&quot;created_timestamp&quot;:&quot;0&quot;,&quot;copyright&quot;:&quot;&quot;,&quot;focal_length&quot;:&quot;0&quot;,&quot;iso&quot;:&quot;0&quot;,&quot;shutter_speed&quot;:&quot;0&quot;,&quot;title&quot;:&quot;&quot;,&quot;orientation&quot;:&quot;0&quot;,&quot;alt&quot;:&quot;&quot;}\" data-image-title=\"img202608251033193986657121462752892\" data-image-description=\"\" data-image-caption=\"\" data-large-file=\"http:\/\/www.picweb.it\/blog\/wp-content\/uploads\/2026\/09\/img202608251033193986657121462752892-1024x1024.jpg\" data-id=\"3819\" src=\"https:\/\/www.picweb.it\/blog\/wp-content\/uploads\/2026\/09\/img202608251033193986657121462752892-1024x1024.jpg\" alt=\"\" class=\"wp-image-3819\" srcset=\"http:\/\/www.picweb.it\/blog\/wp-content\/uploads\/2026\/09\/img202608251033193986657121462752892-1024x1024.jpg 1024w, http:\/\/www.picweb.it\/blog\/wp-content\/uploads\/2026\/09\/img202608251033193986657121462752892-300x300.jpg 300w, http:\/\/www.picweb.it\/blog\/wp-content\/uploads\/2026\/09\/img202608251033193986657121462752892-150x150.jpg 150w, http:\/\/www.picweb.it\/blog\/wp-content\/uploads\/2026\/09\/img202608251033193986657121462752892-768x768.jpg 768w, http:\/\/www.picweb.it\/blog\/wp-content\/uploads\/2026\/09\/img202608251033193986657121462752892-1536x1536.jpg 1536w, http:\/\/www.picweb.it\/blog\/wp-content\/uploads\/2026\/09\/img202608251033193986657121462752892-1000x1000.jpg 1000w, http:\/\/www.picweb.it\/blog\/wp-content\/uploads\/2026\/09\/img202608251033193986657121462752892-230x230.jpg 230w, http:\/\/www.picweb.it\/blog\/wp-content\/uploads\/2026\/09\/img202608251033193986657121462752892-350x350.jpg 350w, http:\/\/www.picweb.it\/blog\/wp-content\/uploads\/2026\/09\/img202608251033193986657121462752892-480x480.jpg 480w, http:\/\/www.picweb.it\/blog\/wp-content\/uploads\/2026\/09\/img202608251033193986657121462752892.jpg 2000w\" sizes=\"(max-width: 1024px) 100vw, 1024px\" \/><\/figure>\n\n\n\n<figure class=\"wp-block-image size-large\"><img loading=\"lazy\" decoding=\"async\" width=\"1011\" height=\"565\" data-attachment-id=\"3824\" data-permalink=\"http:\/\/www.picweb.it\/blog\/index.php\/2026\/09\/01\/dapres-chagall-devant-saint-jeannet\/image_editor_output_image2144613314-17882682503118157801186664290412\/\" data-orig-file=\"http:\/\/www.picweb.it\/blog\/wp-content\/uploads\/2026\/09\/image_editor_output_image2144613314-17882682503118157801186664290412.jpg\" data-orig-size=\"1011,565\" data-comments-opened=\"0\" data-image-meta=\"{&quot;aperture&quot;:&quot;0&quot;,&quot;credit&quot;:&quot;&quot;,&quot;camera&quot;:&quot;&quot;,&quot;caption&quot;:&quot;&quot;,&quot;created_timestamp&quot;:&quot;0&quot;,&quot;copyright&quot;:&quot;&quot;,&quot;focal_length&quot;:&quot;0&quot;,&quot;iso&quot;:&quot;0&quot;,&quot;shutter_speed&quot;:&quot;0&quot;,&quot;title&quot;:&quot;&quot;,&quot;orientation&quot;:&quot;0&quot;,&quot;alt&quot;:&quot;&quot;}\" data-image-title=\"image_editor_output_image2144613314-17882682503118157801186664290412\" data-image-description=\"\" data-image-caption=\"\" data-large-file=\"http:\/\/www.picweb.it\/blog\/wp-content\/uploads\/2026\/09\/image_editor_output_image2144613314-17882682503118157801186664290412.jpg\" data-id=\"3824\" src=\"https:\/\/www.picweb.it\/blog\/wp-content\/uploads\/2026\/09\/image_editor_output_image2144613314-17882682503118157801186664290412.jpg\" alt=\"\" class=\"wp-image-3824\" srcset=\"http:\/\/www.picweb.it\/blog\/wp-content\/uploads\/2026\/09\/image_editor_output_image2144613314-17882682503118157801186664290412.jpg 1011w, http:\/\/www.picweb.it\/blog\/wp-content\/uploads\/2026\/09\/image_editor_output_image2144613314-17882682503118157801186664290412-300x168.jpg 300w, http:\/\/www.picweb.it\/blog\/wp-content\/uploads\/2026\/09\/image_editor_output_image2144613314-17882682503118157801186664290412-768x429.jpg 768w, http:\/\/www.picweb.it\/blog\/wp-content\/uploads\/2026\/09\/image_editor_output_image2144613314-17882682503118157801186664290412-1000x559.jpg 1000w, http:\/\/www.picweb.it\/blog\/wp-content\/uploads\/2026\/09\/image_editor_output_image2144613314-17882682503118157801186664290412-230x129.jpg 230w, http:\/\/www.picweb.it\/blog\/wp-content\/uploads\/2026\/09\/image_editor_output_image2144613314-17882682503118157801186664290412-350x196.jpg 350w, http:\/\/www.picweb.it\/blog\/wp-content\/uploads\/2026\/09\/image_editor_output_image2144613314-17882682503118157801186664290412-480x268.jpg 480w\" sizes=\"(max-width: 1011px) 100vw, 1011px\" \/><\/figure>\n\n\n\n<figure class=\"wp-block-image size-large\"><img loading=\"lazy\" decoding=\"async\" width=\"1024\" height=\"1024\" data-attachment-id=\"3821\" data-permalink=\"http:\/\/www.picweb.it\/blog\/index.php\/2026\/09\/01\/dapres-chagall-devant-saint-jeannet\/img202608311132004064441627038935930\/\" data-orig-file=\"http:\/\/www.picweb.it\/blog\/wp-content\/uploads\/2026\/09\/img202608311132004064441627038935930.jpg\" data-orig-size=\"2000,2000\" data-comments-opened=\"0\" data-image-meta=\"{&quot;aperture&quot;:&quot;0&quot;,&quot;credit&quot;:&quot;&quot;,&quot;camera&quot;:&quot;&quot;,&quot;caption&quot;:&quot;&quot;,&quot;created_timestamp&quot;:&quot;0&quot;,&quot;copyright&quot;:&quot;&quot;,&quot;focal_length&quot;:&quot;0&quot;,&quot;iso&quot;:&quot;0&quot;,&quot;shutter_speed&quot;:&quot;0&quot;,&quot;title&quot;:&quot;&quot;,&quot;orientation&quot;:&quot;0&quot;,&quot;alt&quot;:&quot;&quot;}\" data-image-title=\"img202608311132004064441627038935930\" data-image-description=\"\" data-image-caption=\"\" data-large-file=\"http:\/\/www.picweb.it\/blog\/wp-content\/uploads\/2026\/09\/img202608311132004064441627038935930-1024x1024.jpg\" data-id=\"3821\" src=\"https:\/\/www.picweb.it\/blog\/wp-content\/uploads\/2026\/09\/img202608311132004064441627038935930-1024x1024.jpg\" alt=\"\" class=\"wp-image-3821\" srcset=\"http:\/\/www.picweb.it\/blog\/wp-content\/uploads\/2026\/09\/img202608311132004064441627038935930-1024x1024.jpg 1024w, http:\/\/www.picweb.it\/blog\/wp-content\/uploads\/2026\/09\/img202608311132004064441627038935930-300x300.jpg 300w, http:\/\/www.picweb.it\/blog\/wp-content\/uploads\/2026\/09\/img202608311132004064441627038935930-150x150.jpg 150w, http:\/\/www.picweb.it\/blog\/wp-content\/uploads\/2026\/09\/img202608311132004064441627038935930-768x768.jpg 768w, http:\/\/www.picweb.it\/blog\/wp-content\/uploads\/2026\/09\/img202608311132004064441627038935930-1536x1536.jpg 1536w, http:\/\/www.picweb.it\/blog\/wp-content\/uploads\/2026\/09\/img202608311132004064441627038935930-1000x1000.jpg 1000w, http:\/\/www.picweb.it\/blog\/wp-content\/uploads\/2026\/09\/img202608311132004064441627038935930-230x230.jpg 230w, http:\/\/www.picweb.it\/blog\/wp-content\/uploads\/2026\/09\/img202608311132004064441627038935930-350x350.jpg 350w, http:\/\/www.picweb.it\/blog\/wp-content\/uploads\/2026\/09\/img202608311132004064441627038935930-480x480.jpg 480w, http:\/\/www.picweb.it\/blog\/wp-content\/uploads\/2026\/09\/img202608311132004064441627038935930.jpg 2000w\" sizes=\"(max-width: 1024px) 100vw, 1024px\" \/><\/figure>\n\n\n\n<figure class=\"wp-block-image size-large\"><img loading=\"lazy\" decoding=\"async\" width=\"1024\" height=\"1024\" data-attachment-id=\"3822\" data-permalink=\"http:\/\/www.picweb.it\/blog\/index.php\/2026\/09\/01\/dapres-chagall-devant-saint-jeannet\/img202608311140446628035017947744845\/\" data-orig-file=\"http:\/\/www.picweb.it\/blog\/wp-content\/uploads\/2026\/09\/img202608311140446628035017947744845.jpg\" data-orig-size=\"2000,2000\" data-comments-opened=\"0\" data-image-meta=\"{&quot;aperture&quot;:&quot;0&quot;,&quot;credit&quot;:&quot;&quot;,&quot;camera&quot;:&quot;&quot;,&quot;caption&quot;:&quot;&quot;,&quot;created_timestamp&quot;:&quot;0&quot;,&quot;copyright&quot;:&quot;&quot;,&quot;focal_length&quot;:&quot;0&quot;,&quot;iso&quot;:&quot;0&quot;,&quot;shutter_speed&quot;:&quot;0&quot;,&quot;title&quot;:&quot;&quot;,&quot;orientation&quot;:&quot;0&quot;,&quot;alt&quot;:&quot;&quot;}\" data-image-title=\"img202608311140446628035017947744845\" data-image-description=\"\" data-image-caption=\"\" data-large-file=\"http:\/\/www.picweb.it\/blog\/wp-content\/uploads\/2026\/09\/img202608311140446628035017947744845-1024x1024.jpg\" data-id=\"3822\" src=\"https:\/\/www.picweb.it\/blog\/wp-content\/uploads\/2026\/09\/img202608311140446628035017947744845-1024x1024.jpg\" alt=\"\" class=\"wp-image-3822\" srcset=\"http:\/\/www.picweb.it\/blog\/wp-content\/uploads\/2026\/09\/img202608311140446628035017947744845-1024x1024.jpg 1024w, http:\/\/www.picweb.it\/blog\/wp-content\/uploads\/2026\/09\/img202608311140446628035017947744845-300x300.jpg 300w, http:\/\/www.picweb.it\/blog\/wp-content\/uploads\/2026\/09\/img202608311140446628035017947744845-150x150.jpg 150w, http:\/\/www.picweb.it\/blog\/wp-content\/uploads\/2026\/09\/img202608311140446628035017947744845-768x768.jpg 768w, http:\/\/www.picweb.it\/blog\/wp-content\/uploads\/2026\/09\/img202608311140446628035017947744845-1536x1536.jpg 1536w, http:\/\/www.picweb.it\/blog\/wp-content\/uploads\/2026\/09\/img202608311140446628035017947744845-1000x1000.jpg 1000w, http:\/\/www.picweb.it\/blog\/wp-content\/uploads\/2026\/09\/img202608311140446628035017947744845-230x230.jpg 230w, http:\/\/www.picweb.it\/blog\/wp-content\/uploads\/2026\/09\/img202608311140446628035017947744845-350x350.jpg 350w, http:\/\/www.picweb.it\/blog\/wp-content\/uploads\/2026\/09\/img202608311140446628035017947744845-480x480.jpg 480w, http:\/\/www.picweb.it\/blog\/wp-content\/uploads\/2026\/09\/img202608311140446628035017947744845.jpg 2000w\" sizes=\"(max-width: 1024px) 100vw, 1024px\" \/><\/figure>\n\n\n\n<figure class=\"wp-block-image size-large\"><img loading=\"lazy\" decoding=\"async\" width=\"1024\" height=\"458\" data-attachment-id=\"3823\" data-permalink=\"http:\/\/www.picweb.it\/blog\/index.php\/2026\/09\/01\/dapres-chagall-devant-saint-jeannet\/img202608311140154587328877467038169\/\" data-orig-file=\"http:\/\/www.picweb.it\/blog\/wp-content\/uploads\/2026\/09\/img202608311140154587328877467038169.jpg\" data-orig-size=\"2000,895\" data-comments-opened=\"0\" data-image-meta=\"{&quot;aperture&quot;:&quot;0&quot;,&quot;credit&quot;:&quot;&quot;,&quot;camera&quot;:&quot;&quot;,&quot;caption&quot;:&quot;&quot;,&quot;created_timestamp&quot;:&quot;0&quot;,&quot;copyright&quot;:&quot;&quot;,&quot;focal_length&quot;:&quot;0&quot;,&quot;iso&quot;:&quot;0&quot;,&quot;shutter_speed&quot;:&quot;0&quot;,&quot;title&quot;:&quot;&quot;,&quot;orientation&quot;:&quot;0&quot;,&quot;alt&quot;:&quot;&quot;}\" data-image-title=\"img202608311140154587328877467038169\" data-image-description=\"\" data-image-caption=\"\" data-large-file=\"http:\/\/www.picweb.it\/blog\/wp-content\/uploads\/2026\/09\/img202608311140154587328877467038169-1024x458.jpg\" data-id=\"3823\" src=\"https:\/\/www.picweb.it\/blog\/wp-content\/uploads\/2026\/09\/img202608311140154587328877467038169-1024x458.jpg\" alt=\"\" class=\"wp-image-3823\" srcset=\"http:\/\/www.picweb.it\/blog\/wp-content\/uploads\/2026\/09\/img202608311140154587328877467038169-1024x458.jpg 1024w, http:\/\/www.picweb.it\/blog\/wp-content\/uploads\/2026\/09\/img202608311140154587328877467038169-300x134.jpg 300w, http:\/\/www.picweb.it\/blog\/wp-content\/uploads\/2026\/09\/img202608311140154587328877467038169-768x344.jpg 768w, http:\/\/www.picweb.it\/blog\/wp-content\/uploads\/2026\/09\/img202608311140154587328877467038169-1536x687.jpg 1536w, http:\/\/www.picweb.it\/blog\/wp-content\/uploads\/2026\/09\/img202608311140154587328877467038169-1000x448.jpg 1000w, http:\/\/www.picweb.it\/blog\/wp-content\/uploads\/2026\/09\/img202608311140154587328877467038169-230x103.jpg 230w, http:\/\/www.picweb.it\/blog\/wp-content\/uploads\/2026\/09\/img202608311140154587328877467038169-350x157.jpg 350w, http:\/\/www.picweb.it\/blog\/wp-content\/uploads\/2026\/09\/img202608311140154587328877467038169-480x215.jpg 480w, http:\/\/www.picweb.it\/blog\/wp-content\/uploads\/2026\/09\/img202608311140154587328877467038169.jpg 2000w\" sizes=\"(max-width: 1024px) 100vw, 1024px\" \/><\/figure>\n<\/figure>\n\n\n\n<p class=\"has-text-align-center wp-block-paragraph\">Saint-Jeannet &#8211; C\u00f4te d&#8217;Azur <\/p>\n\n\n\n<p class=\"wp-block-paragraph\"><\/p>\n","protected":false},"excerpt":{"rendered":"<p>D&#8217;apres-moi.. d&#8217;apres -midi Ci sono luoghi in Costa Azzurra dove la roccia non \u00e8 soltanto un elemento del paesaggio, ma una presenza [&hellip;]<\/p>\n","protected":false},"author":1,"featured_media":3829,"comment_status":"closed","ping_status":"open","sticky":false,"template":"","format":"standard","meta":{"_jetpack_newsletter_access":"","_jetpack_dont_email_post_to_subs":false,"_jetpack_newsletter_tier_id":0,"_jetpack_memberships_contains_paywalled_content":false,"_jetpack_feature_clip_id":0,"_jetpack_memberships_contains_paid_content":false,"footnotes":"","jetpack_publicize_message":"","jetpack_publicize_feature_enabled":true,"jetpack_social_post_already_shared":true,"jetpack_social_options":{"image_generator_settings":{"template":"highway","default_image_id":0,"font":"","enabled":false},"version":2},"jetpack_post_was_ever_published":false},"categories":[505],"tags":[40,9,391,254,633,507,506,141,637,508],"class_list":["post-3386","post","type-post","status-publish","format-standard","has-post-thumbnail","hentry","category-dapres-moi","tag-art","tag-arte","tag-chagall","tag-costa-azzurra","tag-cote-dazur","tag-dapres-midi","tag-dapres-moi","tag-espressionismo","tag-marc-chagall","tag-secondo-me"],"aioseo_notices":[],"aioseo_head":"\n\t\t<!-- All in One SEO 5.0.1.1 - aioseo.com -->\n\t<meta name=\"description\" content=\"D&#039;apres-moi.. d&#039;apres -midi Ci sono luoghi in Costa Azzurra dove la roccia non \u00e8 soltanto un elemento del paesaggio, ma una presenza viva. Chi percorre quelle strade o si ferma a guardare il profilo solido di Saint-Jeannet, arroccato sotto la sua imponente parete di pietra, percepisce subito la tensione poetica tra la pesantezza della materia\" \/>\n\t<meta name=\"robots\" content=\"max-image-preview:large\" \/>\n\t<meta name=\"author\" content=\"Paolo Vecchio Ciprioti\"\/>\n\t<meta name=\"keywords\" content=\"art,arte,chagall,costa azzurra,cote d\\&#039;azur,d\\&#039;apres-midi,d\\&#039;apres-moi,espressionismo,marc chagall,secondo me,d\\&#039;apres moi\" \/>\n\t<link rel=\"canonical\" href=\"http:\/\/www.picweb.it\/blog\/index.php\/2026\/09\/01\/dapres-chagall-devant-saint-jeannet\/\" \/>\n\t<meta name=\"generator\" content=\"All in One SEO (AIOSEO) 5.0.1.1\" \/>\n\t\t<script type=\"application\/ld+json\" class=\"aioseo-schema\">\n\t\t\t{\"@context\":\"https:\\\/\\\/schema.org\",\"@graph\":[{\"@type\":\"Article\",\"@id\":\"http:\\\/\\\/www.picweb.it\\\/blog\\\/index.php\\\/2026\\\/09\\\/01\\\/dapres-chagall-devant-saint-jeannet\\\/#article\",\"name\":\"D\\u2019apres-Chagall devant Saint-Jeannet | NimbusBlog\",\"headline\":\"D&#8217;apres-Chagall devant Saint-Jeannet\",\"author\":{\"@id\":\"http:\\\/\\\/www.picweb.it\\\/blog\\\/index.php\\\/author\\\/nimbuspicweb\\\/#author\"},\"publisher\":{\"@id\":\"http:\\\/\\\/www.picweb.it\\\/blog\\\/#organization\"},\"image\":{\"@type\":\"ImageObject\",\"url\":\"http:\\\/\\\/www.picweb.it\\\/blog\\\/wp-content\\\/uploads\\\/2026\\\/09\\\/image_editor_output_image-732299017-1788268514149.jpg\",\"width\":564,\"height\":553},\"datePublished\":\"2026-09-01T18:00:51+02:00\",\"dateModified\":\"2026-09-01T15:27:16+02:00\",\"inLanguage\":\"it-IT\",\"mainEntityOfPage\":{\"@id\":\"http:\\\/\\\/www.picweb.it\\\/blog\\\/index.php\\\/2026\\\/09\\\/01\\\/dapres-chagall-devant-saint-jeannet\\\/#webpage\"},\"isPartOf\":{\"@id\":\"http:\\\/\\\/www.picweb.it\\\/blog\\\/index.php\\\/2026\\\/09\\\/01\\\/dapres-chagall-devant-saint-jeannet\\\/#webpage\"},\"articleSection\":\"D'apres moi, art, arte, Chagall, Costa Azzurra, Cote d'azur, d'apres-midi, d'apres-moi, espressionismo, Marc Chagall, secondo me\"},{\"@type\":\"BreadcrumbList\",\"@id\":\"http:\\\/\\\/www.picweb.it\\\/blog\\\/index.php\\\/2026\\\/09\\\/01\\\/dapres-chagall-devant-saint-jeannet\\\/#breadcrumblist\",\"itemListElement\":[{\"@type\":\"ListItem\",\"@id\":\"http:\\\/\\\/www.picweb.it\\\/blog#listItem\",\"position\":1,\"name\":\"Home\",\"item\":\"http:\\\/\\\/www.picweb.it\\\/blog\",\"nextItem\":{\"@type\":\"ListItem\",\"@id\":\"http:\\\/\\\/www.picweb.it\\\/blog\\\/index.php\\\/category\\\/arte\\\/#listItem\",\"name\":\"arte\"}},{\"@type\":\"ListItem\",\"@id\":\"http:\\\/\\\/www.picweb.it\\\/blog\\\/index.php\\\/category\\\/arte\\\/#listItem\",\"position\":2,\"name\":\"arte\",\"item\":\"http:\\\/\\\/www.picweb.it\\\/blog\\\/index.php\\\/category\\\/arte\\\/\",\"nextItem\":{\"@type\":\"ListItem\",\"@id\":\"http:\\\/\\\/www.picweb.it\\\/blog\\\/index.php\\\/category\\\/arte\\\/dapres-moi\\\/#listItem\",\"name\":\"D'apres moi\"},\"previousItem\":{\"@type\":\"ListItem\",\"@id\":\"http:\\\/\\\/www.picweb.it\\\/blog#listItem\",\"name\":\"Home\"}},{\"@type\":\"ListItem\",\"@id\":\"http:\\\/\\\/www.picweb.it\\\/blog\\\/index.php\\\/category\\\/arte\\\/dapres-moi\\\/#listItem\",\"position\":3,\"name\":\"D'apres moi\",\"item\":\"http:\\\/\\\/www.picweb.it\\\/blog\\\/index.php\\\/category\\\/arte\\\/dapres-moi\\\/\",\"nextItem\":{\"@type\":\"ListItem\",\"@id\":\"http:\\\/\\\/www.picweb.it\\\/blog\\\/index.php\\\/2026\\\/09\\\/01\\\/dapres-chagall-devant-saint-jeannet\\\/#listItem\",\"name\":\"D&#8217;apres-Chagall devant Saint-Jeannet\"},\"previousItem\":{\"@type\":\"ListItem\",\"@id\":\"http:\\\/\\\/www.picweb.it\\\/blog\\\/index.php\\\/category\\\/arte\\\/#listItem\",\"name\":\"arte\"}},{\"@type\":\"ListItem\",\"@id\":\"http:\\\/\\\/www.picweb.it\\\/blog\\\/index.php\\\/2026\\\/09\\\/01\\\/dapres-chagall-devant-saint-jeannet\\\/#listItem\",\"position\":4,\"name\":\"D&#8217;apres-Chagall devant Saint-Jeannet\",\"previousItem\":{\"@type\":\"ListItem\",\"@id\":\"http:\\\/\\\/www.picweb.it\\\/blog\\\/index.php\\\/category\\\/arte\\\/dapres-moi\\\/#listItem\",\"name\":\"D'apres moi\"}}]},{\"@type\":\"Organization\",\"@id\":\"http:\\\/\\\/www.picweb.it\\\/blog\\\/#organization\",\"name\":\"NimbusBlog\",\"description\":\"The new Artblog\",\"url\":\"http:\\\/\\\/www.picweb.it\\\/blog\\\/\"},{\"@type\":\"Person\",\"@id\":\"http:\\\/\\\/www.picweb.it\\\/blog\\\/index.php\\\/author\\\/nimbuspicweb\\\/#author\",\"url\":\"http:\\\/\\\/www.picweb.it\\\/blog\\\/index.php\\\/author\\\/nimbuspicweb\\\/\",\"name\":\"Paolo Vecchio Ciprioti\",\"image\":{\"@type\":\"ImageObject\",\"@id\":\"http:\\\/\\\/www.picweb.it\\\/blog\\\/index.php\\\/2026\\\/09\\\/01\\\/dapres-chagall-devant-saint-jeannet\\\/#authorImage\",\"url\":\"https:\\\/\\\/secure.gravatar.com\\\/avatar\\\/b69000db6f56d1ccb84a6478fa67c32875aaeb2d34432c92d8f79e13a8e37392?s=96&d=mm&r=g\",\"width\":96,\"height\":96,\"caption\":\"Paolo Vecchio Ciprioti\"}},{\"@type\":\"WebPage\",\"@id\":\"http:\\\/\\\/www.picweb.it\\\/blog\\\/index.php\\\/2026\\\/09\\\/01\\\/dapres-chagall-devant-saint-jeannet\\\/#webpage\",\"url\":\"http:\\\/\\\/www.picweb.it\\\/blog\\\/index.php\\\/2026\\\/09\\\/01\\\/dapres-chagall-devant-saint-jeannet\\\/\",\"name\":\"D\\u2019apres-Chagall devant Saint-Jeannet | NimbusBlog\",\"description\":\"D'apres-moi.. d'apres -midi Ci sono luoghi in Costa Azzurra dove la roccia non \\u00e8 soltanto un elemento del paesaggio, ma una presenza viva. Chi percorre quelle strade o si ferma a guardare il profilo solido di Saint-Jeannet, arroccato sotto la sua imponente parete di pietra, percepisce subito la tensione poetica tra la pesantezza della materia\",\"inLanguage\":\"it-IT\",\"isPartOf\":{\"@id\":\"http:\\\/\\\/www.picweb.it\\\/blog\\\/#website\"},\"breadcrumb\":{\"@id\":\"http:\\\/\\\/www.picweb.it\\\/blog\\\/index.php\\\/2026\\\/09\\\/01\\\/dapres-chagall-devant-saint-jeannet\\\/#breadcrumblist\"},\"author\":{\"@id\":\"http:\\\/\\\/www.picweb.it\\\/blog\\\/index.php\\\/author\\\/nimbuspicweb\\\/#author\"},\"creator\":{\"@id\":\"http:\\\/\\\/www.picweb.it\\\/blog\\\/index.php\\\/author\\\/nimbuspicweb\\\/#author\"},\"image\":{\"@type\":\"ImageObject\",\"url\":\"http:\\\/\\\/www.picweb.it\\\/blog\\\/wp-content\\\/uploads\\\/2026\\\/09\\\/image_editor_output_image-732299017-1788268514149.jpg\",\"@id\":\"http:\\\/\\\/www.picweb.it\\\/blog\\\/index.php\\\/2026\\\/09\\\/01\\\/dapres-chagall-devant-saint-jeannet\\\/#mainImage\",\"width\":564,\"height\":553},\"primaryImageOfPage\":{\"@id\":\"http:\\\/\\\/www.picweb.it\\\/blog\\\/index.php\\\/2026\\\/09\\\/01\\\/dapres-chagall-devant-saint-jeannet\\\/#mainImage\"},\"datePublished\":\"2026-09-01T18:00:51+02:00\",\"dateModified\":\"2026-09-01T15:27:16+02:00\"},{\"@type\":\"WebSite\",\"@id\":\"http:\\\/\\\/www.picweb.it\\\/blog\\\/#website\",\"url\":\"http:\\\/\\\/www.picweb.it\\\/blog\\\/\",\"name\":\"NimbusBlog\",\"description\":\"The new Artblog\",\"inLanguage\":\"it-IT\",\"publisher\":{\"@id\":\"http:\\\/\\\/www.picweb.it\\\/blog\\\/#organization\"}}]}\n\t\t<\/script>\n\t\t<!-- All in One SEO -->\n\n","aioseo_head_json":{"title":"D\u2019apres-Chagall devant Saint-Jeannet | NimbusBlog","description":"D'apres-moi.. d'apres -midi Ci sono luoghi in Costa Azzurra dove la roccia non \u00e8 soltanto un elemento del paesaggio, ma una presenza viva. Chi percorre quelle strade o si ferma a guardare il profilo solido di Saint-Jeannet, arroccato sotto la sua imponente parete di pietra, percepisce subito la tensione poetica tra la pesantezza della materia","canonical_url":"http:\/\/www.picweb.it\/blog\/index.php\/2026\/09\/01\/dapres-chagall-devant-saint-jeannet\/","robots":"max-image-preview:large","keywords":"art,arte,chagall,costa azzurra,cote d\\'azur,d\\'apres-midi,d\\'apres-moi,espressionismo,marc chagall,secondo me,d\\'apres moi","webmasterTools":{"miscellaneous":""},"schema":{"@context":"https:\/\/schema.org","@graph":[{"@type":"Article","@id":"http:\/\/www.picweb.it\/blog\/index.php\/2026\/09\/01\/dapres-chagall-devant-saint-jeannet\/#article","name":"D\u2019apres-Chagall devant Saint-Jeannet | NimbusBlog","headline":"D&#8217;apres-Chagall devant Saint-Jeannet","author":{"@id":"http:\/\/www.picweb.it\/blog\/index.php\/author\/nimbuspicweb\/#author"},"publisher":{"@id":"http:\/\/www.picweb.it\/blog\/#organization"},"image":{"@type":"ImageObject","url":"http:\/\/www.picweb.it\/blog\/wp-content\/uploads\/2026\/09\/image_editor_output_image-732299017-1788268514149.jpg","width":564,"height":553},"datePublished":"2026-09-01T18:00:51+02:00","dateModified":"2026-09-01T15:27:16+02:00","inLanguage":"it-IT","mainEntityOfPage":{"@id":"http:\/\/www.picweb.it\/blog\/index.php\/2026\/09\/01\/dapres-chagall-devant-saint-jeannet\/#webpage"},"isPartOf":{"@id":"http:\/\/www.picweb.it\/blog\/index.php\/2026\/09\/01\/dapres-chagall-devant-saint-jeannet\/#webpage"},"articleSection":"D'apres moi, art, arte, Chagall, Costa Azzurra, Cote d'azur, d'apres-midi, d'apres-moi, espressionismo, Marc Chagall, secondo me"},{"@type":"BreadcrumbList","@id":"http:\/\/www.picweb.it\/blog\/index.php\/2026\/09\/01\/dapres-chagall-devant-saint-jeannet\/#breadcrumblist","itemListElement":[{"@type":"ListItem","@id":"http:\/\/www.picweb.it\/blog#listItem","position":1,"name":"Home","item":"http:\/\/www.picweb.it\/blog","nextItem":{"@type":"ListItem","@id":"http:\/\/www.picweb.it\/blog\/index.php\/category\/arte\/#listItem","name":"arte"}},{"@type":"ListItem","@id":"http:\/\/www.picweb.it\/blog\/index.php\/category\/arte\/#listItem","position":2,"name":"arte","item":"http:\/\/www.picweb.it\/blog\/index.php\/category\/arte\/","nextItem":{"@type":"ListItem","@id":"http:\/\/www.picweb.it\/blog\/index.php\/category\/arte\/dapres-moi\/#listItem","name":"D'apres moi"},"previousItem":{"@type":"ListItem","@id":"http:\/\/www.picweb.it\/blog#listItem","name":"Home"}},{"@type":"ListItem","@id":"http:\/\/www.picweb.it\/blog\/index.php\/category\/arte\/dapres-moi\/#listItem","position":3,"name":"D'apres moi","item":"http:\/\/www.picweb.it\/blog\/index.php\/category\/arte\/dapres-moi\/","nextItem":{"@type":"ListItem","@id":"http:\/\/www.picweb.it\/blog\/index.php\/2026\/09\/01\/dapres-chagall-devant-saint-jeannet\/#listItem","name":"D&#8217;apres-Chagall devant Saint-Jeannet"},"previousItem":{"@type":"ListItem","@id":"http:\/\/www.picweb.it\/blog\/index.php\/category\/arte\/#listItem","name":"arte"}},{"@type":"ListItem","@id":"http:\/\/www.picweb.it\/blog\/index.php\/2026\/09\/01\/dapres-chagall-devant-saint-jeannet\/#listItem","position":4,"name":"D&#8217;apres-Chagall devant Saint-Jeannet","previousItem":{"@type":"ListItem","@id":"http:\/\/www.picweb.it\/blog\/index.php\/category\/arte\/dapres-moi\/#listItem","name":"D'apres moi"}}]},{"@type":"Organization","@id":"http:\/\/www.picweb.it\/blog\/#organization","name":"NimbusBlog","description":"The new Artblog","url":"http:\/\/www.picweb.it\/blog\/"},{"@type":"Person","@id":"http:\/\/www.picweb.it\/blog\/index.php\/author\/nimbuspicweb\/#author","url":"http:\/\/www.picweb.it\/blog\/index.php\/author\/nimbuspicweb\/","name":"Paolo Vecchio Ciprioti","image":{"@type":"ImageObject","@id":"http:\/\/www.picweb.it\/blog\/index.php\/2026\/09\/01\/dapres-chagall-devant-saint-jeannet\/#authorImage","url":"https:\/\/secure.gravatar.com\/avatar\/b69000db6f56d1ccb84a6478fa67c32875aaeb2d34432c92d8f79e13a8e37392?s=96&d=mm&r=g","width":96,"height":96,"caption":"Paolo Vecchio Ciprioti"}},{"@type":"WebPage","@id":"http:\/\/www.picweb.it\/blog\/index.php\/2026\/09\/01\/dapres-chagall-devant-saint-jeannet\/#webpage","url":"http:\/\/www.picweb.it\/blog\/index.php\/2026\/09\/01\/dapres-chagall-devant-saint-jeannet\/","name":"D\u2019apres-Chagall devant Saint-Jeannet | NimbusBlog","description":"D'apres-moi.. d'apres -midi Ci sono luoghi in Costa Azzurra dove la roccia non \u00e8 soltanto un elemento del paesaggio, ma una presenza viva. Chi percorre quelle strade o si ferma a guardare il profilo solido di Saint-Jeannet, arroccato sotto la sua imponente parete di pietra, percepisce subito la tensione poetica tra la pesantezza della materia","inLanguage":"it-IT","isPartOf":{"@id":"http:\/\/www.picweb.it\/blog\/#website"},"breadcrumb":{"@id":"http:\/\/www.picweb.it\/blog\/index.php\/2026\/09\/01\/dapres-chagall-devant-saint-jeannet\/#breadcrumblist"},"author":{"@id":"http:\/\/www.picweb.it\/blog\/index.php\/author\/nimbuspicweb\/#author"},"creator":{"@id":"http:\/\/www.picweb.it\/blog\/index.php\/author\/nimbuspicweb\/#author"},"image":{"@type":"ImageObject","url":"http:\/\/www.picweb.it\/blog\/wp-content\/uploads\/2026\/09\/image_editor_output_image-732299017-1788268514149.jpg","@id":"http:\/\/www.picweb.it\/blog\/index.php\/2026\/09\/01\/dapres-chagall-devant-saint-jeannet\/#mainImage","width":564,"height":553},"primaryImageOfPage":{"@id":"http:\/\/www.picweb.it\/blog\/index.php\/2026\/09\/01\/dapres-chagall-devant-saint-jeannet\/#mainImage"},"datePublished":"2026-09-01T18:00:51+02:00","dateModified":"2026-09-01T15:27:16+02:00"},{"@type":"WebSite","@id":"http:\/\/www.picweb.it\/blog\/#website","url":"http:\/\/www.picweb.it\/blog\/","name":"NimbusBlog","description":"The new Artblog","inLanguage":"it-IT","publisher":{"@id":"http:\/\/www.picweb.it\/blog\/#organization"}}]}},"aioseo_meta_data":{"post_id":"3386","title":null,"description":null,"keywords":null,"keyphrases":null,"primary_term":null,"canonical_url":null,"og_title":null,"og_description":null,"og_object_type":"default","og_image_type":"default","og_image_url":null,"og_image_width":null,"og_image_height":null,"og_image_custom_url":null,"og_image_custom_fields":null,"og_video":null,"og_custom_url":null,"og_article_section":null,"og_article_tags":null,"twitter_use_og":false,"twitter_card":"default","twitter_image_type":"default","twitter_image_url":null,"twitter_image_custom_url":null,"twitter_image_custom_fields":null,"twitter_title":null,"twitter_description":null,"schema":{"blockGraphs":[],"customGraphs":[],"default":{"data":{"Article":[],"Course":[],"Dataset":[],"FAQPage":[],"Movie":[],"Person":[],"Product":[],"ProductReview":[],"Car":[],"Recipe":[],"Service":[],"SoftwareApplication":[],"WebPage":[]},"graphName":"Article","isEnabled":true},"graphs":[]},"schema_type":"default","schema_type_options":null,"pillar_content":false,"robots_default":true,"robots_noindex":false,"robots_noarchive":false,"robots_nosnippet":false,"robots_nofollow":false,"robots_noimageindex":false,"robots_noodp":false,"robots_notranslate":false,"robots_max_snippet":null,"robots_max_videopreview":null,"robots_max_imagepreview":"large","priority":null,"frequency":null,"local_seo":null,"breadcrumb_settings":null,"limit_modified_date":false,"ai":null,"created":"2026-09-01 13:23:15","updated":"2026-09-02 06:24:51","seo_analyzer_scan_date":null,"focus_keyword":null,"additional_keywords":null,"truseo_locale":null},"aioseo_breadcrumb":"<div class=\"aioseo-breadcrumbs\"><span class=\"aioseo-breadcrumb\">\n\t\t\t<a href=\"http:\/\/www.picweb.it\/blog\" title=\"Home\">Home<\/a>\n\t\t<\/span><span class=\"aioseo-breadcrumb-separator\">&raquo;<\/span><span class=\"aioseo-breadcrumb\">\n\t\t\t<a href=\"http:\/\/www.picweb.it\/blog\/index.php\/category\/arte\/\" title=\"arte\">arte<\/a>\n\t\t<\/span><span class=\"aioseo-breadcrumb-separator\">&raquo;<\/span><span class=\"aioseo-breadcrumb\">\n\t\t\t<a href=\"http:\/\/www.picweb.it\/blog\/index.php\/category\/arte\/dapres-moi\/\" title=\"D&apos;apres moi\">D'apres moi<\/a>\n\t\t<\/span><span class=\"aioseo-breadcrumb-separator\">&raquo;<\/span><span class=\"aioseo-breadcrumb\">\n\t\t\tD\u2019apres-Chagall devant Saint-Jeannet\n\t\t<\/span><\/div>","aioseo_breadcrumb_json":[{"label":"Home","link":"http:\/\/www.picweb.it\/blog"},{"label":"arte","link":"http:\/\/www.picweb.it\/blog\/index.php\/category\/arte\/"},{"label":"D'apres moi","link":"http:\/\/www.picweb.it\/blog\/index.php\/category\/arte\/dapres-moi\/"},{"label":"D&#8217;apres-Chagall devant Saint-Jeannet","link":"http:\/\/www.picweb.it\/blog\/index.php\/2026\/09\/01\/dapres-chagall-devant-saint-jeannet\/"}],"yoast_head":"<!-- This site is optimized with the Yoast SEO plugin v27.8 - https:\/\/yoast.com\/product\/yoast-seo-wordpress\/ -->\r\n<title>D&#039;apres-Chagall devant Saint-Jeannet - NimbusBlog<\/title>\r\n<meta name=\"robots\" content=\"index, follow, max-snippet:-1, max-image-preview:large, max-video-preview:-1\" \/>\r\n<link rel=\"canonical\" href=\"http:\/\/www.picweb.it\/blog\/index.php\/2026\/09\/01\/dapres-chagall-devant-saint-jeannet\/\" \/>\r\n<meta property=\"og:locale\" content=\"it_IT\" \/>\r\n<meta property=\"og:type\" content=\"article\" \/>\r\n<meta property=\"og:title\" content=\"D&#039;apres-Chagall devant Saint-Jeannet - NimbusBlog\" \/>\r\n<meta property=\"og:description\" content=\"D&#8217;apres-moi.. d&#8217;apres -midi Ci sono luoghi in Costa Azzurra dove la roccia non \u00e8 soltanto un elemento del paesaggio, ma una presenza [&hellip;]\" \/>\r\n<meta property=\"og:url\" content=\"http:\/\/www.picweb.it\/blog\/index.php\/2026\/09\/01\/dapres-chagall-devant-saint-jeannet\/\" \/>\r\n<meta property=\"og:site_name\" content=\"NimbusBlog\" \/>\r\n<meta property=\"article:published_time\" content=\"2026-09-01T16:00:51+00:00\" \/>\r\n<meta property=\"og:image\" content=\"http:\/\/www.picweb.it\/blog\/wp-content\/uploads\/2026\/09\/image_editor_output_image-732299017-1788268514149.jpg\" \/>\r\n\t<meta property=\"og:image:width\" content=\"564\" \/>\r\n\t<meta property=\"og:image:height\" content=\"553\" \/>\r\n\t<meta property=\"og:image:type\" content=\"image\/jpeg\" \/>\r\n<meta name=\"author\" content=\"Paolo Vecchio Ciprioti\" \/>\r\n<meta name=\"twitter:card\" content=\"summary_large_image\" \/>\r\n<meta name=\"twitter:creator\" content=\"@picweb2003\" \/>\r\n<meta name=\"twitter:site\" content=\"@picweb2003\" \/>\r\n<meta name=\"twitter:label1\" content=\"Scritto da\" \/>\n\t<meta name=\"twitter:data1\" content=\"Paolo Vecchio Ciprioti\" \/>\n\t<meta name=\"twitter:label2\" content=\"Tempo di lettura stimato\" \/>\n\t<meta name=\"twitter:data2\" content=\"1 minuto\" \/>\r\n<script type=\"application\/ld+json\" class=\"yoast-schema-graph\">{\"@context\":\"https:\\\/\\\/schema.org\",\"@graph\":[{\"@type\":\"Article\",\"@id\":\"http:\\\/\\\/www.picweb.it\\\/blog\\\/index.php\\\/2026\\\/09\\\/01\\\/dapres-chagall-devant-saint-jeannet\\\/#article\",\"isPartOf\":{\"@id\":\"http:\\\/\\\/www.picweb.it\\\/blog\\\/index.php\\\/2026\\\/09\\\/01\\\/dapres-chagall-devant-saint-jeannet\\\/\"},\"author\":{\"name\":\"Paolo Vecchio Ciprioti\",\"@id\":\"http:\\\/\\\/www.picweb.it\\\/blog\\\/#\\\/schema\\\/person\\\/f015660b7f332c11aa8f33829dd0af30\"},\"headline\":\"D&#8217;apres-Chagall devant Saint-Jeannet\",\"datePublished\":\"2026-09-01T16:00:51+00:00\",\"mainEntityOfPage\":{\"@id\":\"http:\\\/\\\/www.picweb.it\\\/blog\\\/index.php\\\/2026\\\/09\\\/01\\\/dapres-chagall-devant-saint-jeannet\\\/\"},\"wordCount\":216,\"publisher\":{\"@id\":\"http:\\\/\\\/www.picweb.it\\\/blog\\\/#\\\/schema\\\/person\\\/f015660b7f332c11aa8f33829dd0af30\"},\"image\":{\"@id\":\"http:\\\/\\\/www.picweb.it\\\/blog\\\/index.php\\\/2026\\\/09\\\/01\\\/dapres-chagall-devant-saint-jeannet\\\/#primaryimage\"},\"thumbnailUrl\":\"http:\\\/\\\/www.picweb.it\\\/blog\\\/wp-content\\\/uploads\\\/2026\\\/09\\\/image_editor_output_image-732299017-1788268514149.jpg\",\"keywords\":[\"art\",\"arte\",\"Chagall\",\"Costa Azzurra\",\"Cote d'azur\",\"d'apres-midi\",\"d'apres-moi\",\"espressionismo\",\"Marc Chagall\",\"secondo me\"],\"articleSection\":[\"D'apres moi\"],\"inLanguage\":\"it-IT\"},{\"@type\":\"WebPage\",\"@id\":\"http:\\\/\\\/www.picweb.it\\\/blog\\\/index.php\\\/2026\\\/09\\\/01\\\/dapres-chagall-devant-saint-jeannet\\\/\",\"url\":\"http:\\\/\\\/www.picweb.it\\\/blog\\\/index.php\\\/2026\\\/09\\\/01\\\/dapres-chagall-devant-saint-jeannet\\\/\",\"name\":\"D'apres-Chagall devant Saint-Jeannet - NimbusBlog\",\"isPartOf\":{\"@id\":\"http:\\\/\\\/www.picweb.it\\\/blog\\\/#website\"},\"primaryImageOfPage\":{\"@id\":\"http:\\\/\\\/www.picweb.it\\\/blog\\\/index.php\\\/2026\\\/09\\\/01\\\/dapres-chagall-devant-saint-jeannet\\\/#primaryimage\"},\"image\":{\"@id\":\"http:\\\/\\\/www.picweb.it\\\/blog\\\/index.php\\\/2026\\\/09\\\/01\\\/dapres-chagall-devant-saint-jeannet\\\/#primaryimage\"},\"thumbnailUrl\":\"http:\\\/\\\/www.picweb.it\\\/blog\\\/wp-content\\\/uploads\\\/2026\\\/09\\\/image_editor_output_image-732299017-1788268514149.jpg\",\"datePublished\":\"2026-09-01T16:00:51+00:00\",\"breadcrumb\":{\"@id\":\"http:\\\/\\\/www.picweb.it\\\/blog\\\/index.php\\\/2026\\\/09\\\/01\\\/dapres-chagall-devant-saint-jeannet\\\/#breadcrumb\"},\"inLanguage\":\"it-IT\",\"potentialAction\":[{\"@type\":\"ReadAction\",\"target\":[\"http:\\\/\\\/www.picweb.it\\\/blog\\\/index.php\\\/2026\\\/09\\\/01\\\/dapres-chagall-devant-saint-jeannet\\\/\"]}]},{\"@type\":\"ImageObject\",\"inLanguage\":\"it-IT\",\"@id\":\"http:\\\/\\\/www.picweb.it\\\/blog\\\/index.php\\\/2026\\\/09\\\/01\\\/dapres-chagall-devant-saint-jeannet\\\/#primaryimage\",\"url\":\"http:\\\/\\\/www.picweb.it\\\/blog\\\/wp-content\\\/uploads\\\/2026\\\/09\\\/image_editor_output_image-732299017-1788268514149.jpg\",\"contentUrl\":\"http:\\\/\\\/www.picweb.it\\\/blog\\\/wp-content\\\/uploads\\\/2026\\\/09\\\/image_editor_output_image-732299017-1788268514149.jpg\",\"width\":564,\"height\":553},{\"@type\":\"BreadcrumbList\",\"@id\":\"http:\\\/\\\/www.picweb.it\\\/blog\\\/index.php\\\/2026\\\/09\\\/01\\\/dapres-chagall-devant-saint-jeannet\\\/#breadcrumb\",\"itemListElement\":[{\"@type\":\"ListItem\",\"position\":1,\"name\":\"Home\",\"item\":\"http:\\\/\\\/www.picweb.it\\\/blog\\\/\"},{\"@type\":\"ListItem\",\"position\":2,\"name\":\"D&#8217;apres-Chagall devant Saint-Jeannet\"}]},{\"@type\":\"WebSite\",\"@id\":\"http:\\\/\\\/www.picweb.it\\\/blog\\\/#website\",\"url\":\"http:\\\/\\\/www.picweb.it\\\/blog\\\/\",\"name\":\"NimbusBlog\",\"description\":\"The new Artblog\",\"publisher\":{\"@id\":\"http:\\\/\\\/www.picweb.it\\\/blog\\\/#\\\/schema\\\/person\\\/f015660b7f332c11aa8f33829dd0af30\"},\"potentialAction\":[{\"@type\":\"SearchAction\",\"target\":{\"@type\":\"EntryPoint\",\"urlTemplate\":\"http:\\\/\\\/www.picweb.it\\\/blog\\\/?s={search_term_string}\"},\"query-input\":{\"@type\":\"PropertyValueSpecification\",\"valueRequired\":true,\"valueName\":\"search_term_string\"}}],\"inLanguage\":\"it-IT\"},{\"@type\":[\"Person\",\"Organization\"],\"@id\":\"http:\\\/\\\/www.picweb.it\\\/blog\\\/#\\\/schema\\\/person\\\/f015660b7f332c11aa8f33829dd0af30\",\"name\":\"Paolo Vecchio Ciprioti\",\"image\":{\"@type\":\"ImageObject\",\"inLanguage\":\"it-IT\",\"@id\":\"https:\\\/\\\/www.picweb.it\\\/blog\\\/wp-content\\\/uploads\\\/2025\\\/04\\\/wp-1744296708935.jpg\",\"url\":\"https:\\\/\\\/www.picweb.it\\\/blog\\\/wp-content\\\/uploads\\\/2025\\\/04\\\/wp-1744296708935.jpg\",\"contentUrl\":\"https:\\\/\\\/www.picweb.it\\\/blog\\\/wp-content\\\/uploads\\\/2025\\\/04\\\/wp-1744296708935.jpg\",\"width\":1058,\"height\":1058,\"caption\":\"Paolo Vecchio Ciprioti\"},\"logo\":{\"@id\":\"https:\\\/\\\/www.picweb.it\\\/blog\\\/wp-content\\\/uploads\\\/2025\\\/04\\\/wp-1744296708935.jpg\"},\"sameAs\":[\"http:\\\/\\\/www.picweb.it\"]}]}<\/script>\r\n<!-- \/ Yoast SEO plugin. -->","yoast_head_json":{"title":"D'apres-Chagall devant Saint-Jeannet - NimbusBlog","robots":{"index":"index","follow":"follow","max-snippet":"max-snippet:-1","max-image-preview":"max-image-preview:large","max-video-preview":"max-video-preview:-1"},"canonical":"http:\/\/www.picweb.it\/blog\/index.php\/2026\/09\/01\/dapres-chagall-devant-saint-jeannet\/","og_locale":"it_IT","og_type":"article","og_title":"D'apres-Chagall devant Saint-Jeannet - NimbusBlog","og_description":"D&#8217;apres-moi.. d&#8217;apres -midi Ci sono luoghi in Costa Azzurra dove la roccia non \u00e8 soltanto un elemento del paesaggio, ma una presenza [&hellip;]","og_url":"http:\/\/www.picweb.it\/blog\/index.php\/2026\/09\/01\/dapres-chagall-devant-saint-jeannet\/","og_site_name":"NimbusBlog","article_published_time":"2026-09-01T16:00:51+00:00","og_image":[{"width":564,"height":553,"url":"http:\/\/www.picweb.it\/blog\/wp-content\/uploads\/2026\/09\/image_editor_output_image-732299017-1788268514149.jpg","type":"image\/jpeg"}],"author":"Paolo Vecchio Ciprioti","twitter_card":"summary_large_image","twitter_creator":"@picweb2003","twitter_site":"@picweb2003","twitter_misc":{"Scritto da":"Paolo Vecchio Ciprioti","Tempo di lettura stimato":"1 minuto"},"schema":{"@context":"https:\/\/schema.org","@graph":[{"@type":"Article","@id":"http:\/\/www.picweb.it\/blog\/index.php\/2026\/09\/01\/dapres-chagall-devant-saint-jeannet\/#article","isPartOf":{"@id":"http:\/\/www.picweb.it\/blog\/index.php\/2026\/09\/01\/dapres-chagall-devant-saint-jeannet\/"},"author":{"name":"Paolo Vecchio Ciprioti","@id":"http:\/\/www.picweb.it\/blog\/#\/schema\/person\/f015660b7f332c11aa8f33829dd0af30"},"headline":"D&#8217;apres-Chagall devant Saint-Jeannet","datePublished":"2026-09-01T16:00:51+00:00","mainEntityOfPage":{"@id":"http:\/\/www.picweb.it\/blog\/index.php\/2026\/09\/01\/dapres-chagall-devant-saint-jeannet\/"},"wordCount":216,"publisher":{"@id":"http:\/\/www.picweb.it\/blog\/#\/schema\/person\/f015660b7f332c11aa8f33829dd0af30"},"image":{"@id":"http:\/\/www.picweb.it\/blog\/index.php\/2026\/09\/01\/dapres-chagall-devant-saint-jeannet\/#primaryimage"},"thumbnailUrl":"http:\/\/www.picweb.it\/blog\/wp-content\/uploads\/2026\/09\/image_editor_output_image-732299017-1788268514149.jpg","keywords":["art","arte","Chagall","Costa Azzurra","Cote d'azur","d'apres-midi","d'apres-moi","espressionismo","Marc Chagall","secondo me"],"articleSection":["D'apres moi"],"inLanguage":"it-IT"},{"@type":"WebPage","@id":"http:\/\/www.picweb.it\/blog\/index.php\/2026\/09\/01\/dapres-chagall-devant-saint-jeannet\/","url":"http:\/\/www.picweb.it\/blog\/index.php\/2026\/09\/01\/dapres-chagall-devant-saint-jeannet\/","name":"D'apres-Chagall devant Saint-Jeannet - NimbusBlog","isPartOf":{"@id":"http:\/\/www.picweb.it\/blog\/#website"},"primaryImageOfPage":{"@id":"http:\/\/www.picweb.it\/blog\/index.php\/2026\/09\/01\/dapres-chagall-devant-saint-jeannet\/#primaryimage"},"image":{"@id":"http:\/\/www.picweb.it\/blog\/index.php\/2026\/09\/01\/dapres-chagall-devant-saint-jeannet\/#primaryimage"},"thumbnailUrl":"http:\/\/www.picweb.it\/blog\/wp-content\/uploads\/2026\/09\/image_editor_output_image-732299017-1788268514149.jpg","datePublished":"2026-09-01T16:00:51+00:00","breadcrumb":{"@id":"http:\/\/www.picweb.it\/blog\/index.php\/2026\/09\/01\/dapres-chagall-devant-saint-jeannet\/#breadcrumb"},"inLanguage":"it-IT","potentialAction":[{"@type":"ReadAction","target":["http:\/\/www.picweb.it\/blog\/index.php\/2026\/09\/01\/dapres-chagall-devant-saint-jeannet\/"]}]},{"@type":"ImageObject","inLanguage":"it-IT","@id":"http:\/\/www.picweb.it\/blog\/index.php\/2026\/09\/01\/dapres-chagall-devant-saint-jeannet\/#primaryimage","url":"http:\/\/www.picweb.it\/blog\/wp-content\/uploads\/2026\/09\/image_editor_output_image-732299017-1788268514149.jpg","contentUrl":"http:\/\/www.picweb.it\/blog\/wp-content\/uploads\/2026\/09\/image_editor_output_image-732299017-1788268514149.jpg","width":564,"height":553},{"@type":"BreadcrumbList","@id":"http:\/\/www.picweb.it\/blog\/index.php\/2026\/09\/01\/dapres-chagall-devant-saint-jeannet\/#breadcrumb","itemListElement":[{"@type":"ListItem","position":1,"name":"Home","item":"http:\/\/www.picweb.it\/blog\/"},{"@type":"ListItem","position":2,"name":"D&#8217;apres-Chagall devant Saint-Jeannet"}]},{"@type":"WebSite","@id":"http:\/\/www.picweb.it\/blog\/#website","url":"http:\/\/www.picweb.it\/blog\/","name":"NimbusBlog","description":"The new Artblog","publisher":{"@id":"http:\/\/www.picweb.it\/blog\/#\/schema\/person\/f015660b7f332c11aa8f33829dd0af30"},"potentialAction":[{"@type":"SearchAction","target":{"@type":"EntryPoint","urlTemplate":"http:\/\/www.picweb.it\/blog\/?s={search_term_string}"},"query-input":{"@type":"PropertyValueSpecification","valueRequired":true,"valueName":"search_term_string"}}],"inLanguage":"it-IT"},{"@type":["Person","Organization"],"@id":"http:\/\/www.picweb.it\/blog\/#\/schema\/person\/f015660b7f332c11aa8f33829dd0af30","name":"Paolo Vecchio Ciprioti","image":{"@type":"ImageObject","inLanguage":"it-IT","@id":"https:\/\/www.picweb.it\/blog\/wp-content\/uploads\/2025\/04\/wp-1744296708935.jpg","url":"https:\/\/www.picweb.it\/blog\/wp-content\/uploads\/2025\/04\/wp-1744296708935.jpg","contentUrl":"https:\/\/www.picweb.it\/blog\/wp-content\/uploads\/2025\/04\/wp-1744296708935.jpg","width":1058,"height":1058,"caption":"Paolo Vecchio Ciprioti"},"logo":{"@id":"https:\/\/www.picweb.it\/blog\/wp-content\/uploads\/2025\/04\/wp-1744296708935.jpg"},"sameAs":["http:\/\/www.picweb.it"]}]}},"jetpack_publicize_connections":[],"jetpack_featured_media_url":"http:\/\/www.picweb.it\/blog\/wp-content\/uploads\/2026\/09\/image_editor_output_image-732299017-1788268514149.jpg","jetpack_sharing_enabled":true,"jetpack_shortlink":"https:\/\/wp.me\/p8HYkB-SC","jetpack-related-posts":[{"id":2950,"url":"http:\/\/www.picweb.it\/blog\/index.php\/2026\/05\/18\/dapres-cezanne-cambio-di-paradigma\/","url_meta":{"origin":3386,"position":0},"title":"D&#8217;apres C\u00e9zanne.. cambio di paradigma","author":"Paolo Vecchio Ciprioti","date":"18 Maggio 2026","format":false,"excerpt":"D'apres-moi.. d'apres -midi dal dipinto di C\u00e9zanne \"il negro Scipione (Le N\u00e8gre Scipion)\" - 1867 Un cambio di paradigma nell'arte avviene tra la fine del 1800 e l'inizio del Novecento. Tuttavia, gi\u00e0 nel 1867 \u2014 un secolo prima della mia nascita \u2014 il dipinto con cui mi confronto oggi stabilisce,\u2026","rel":"","context":"In &quot;D'apres moi&quot;","block_context":{"text":"D'apres moi","link":"http:\/\/www.picweb.it\/blog\/index.php\/category\/arte\/dapres-moi\/"},"img":{"alt_text":"","src":"https:\/\/i0.wp.com\/www.picweb.it\/blog\/wp-content\/uploads\/2026\/05\/image_editor_output_image779971575-1779116678438.jpg?resize=350%2C200","width":350,"height":200,"srcset":"https:\/\/i0.wp.com\/www.picweb.it\/blog\/wp-content\/uploads\/2026\/05\/image_editor_output_image779971575-1779116678438.jpg?resize=350%2C200 1x, https:\/\/i0.wp.com\/www.picweb.it\/blog\/wp-content\/uploads\/2026\/05\/image_editor_output_image779971575-1779116678438.jpg?resize=525%2C300 1.5x, https:\/\/i0.wp.com\/www.picweb.it\/blog\/wp-content\/uploads\/2026\/05\/image_editor_output_image779971575-1779116678438.jpg?resize=700%2C400 2x"},"classes":[]},{"id":2936,"url":"http:\/\/www.picweb.it\/blog\/index.php\/2026\/04\/14\/le-dejeuner\/","url_meta":{"origin":3386,"position":1},"title":"..le d\u00e9jeuner","author":"Paolo Vecchio Ciprioti","date":"14 Aprile 2026","format":false,"excerpt":"D'apres-moi.. d'apres -midi dalla \u201cD\u00e9jeuner des canotiers\u201d di P.A.Renoir watercolor su carta i.. d\u2019apres-midi: Il mio sguardo sui GigantiBenvenuti in questo spazio, che \u00e8 un po\u2019 studio d\u2019artista e un po\u2019 diario di viaggio.Il nome che ho scelto per questa parte del blog, \u201cD\u2019apr\u00e8s Moi\u201d, nasce da un gioco di\u2026","rel":"","context":"In &quot;arte&quot;","block_context":{"text":"arte","link":"http:\/\/www.picweb.it\/blog\/index.php\/category\/arte\/"},"img":{"alt_text":"","src":"https:\/\/i0.wp.com\/www.picweb.it\/blog\/wp-content\/uploads\/2026\/04\/image_editor_output_image1196438330-1776200547108.jpg?resize=350%2C200","width":350,"height":200,"srcset":"https:\/\/i0.wp.com\/www.picweb.it\/blog\/wp-content\/uploads\/2026\/04\/image_editor_output_image1196438330-1776200547108.jpg?resize=350%2C200 1x, https:\/\/i0.wp.com\/www.picweb.it\/blog\/wp-content\/uploads\/2026\/04\/image_editor_output_image1196438330-1776200547108.jpg?resize=525%2C300 1.5x, https:\/\/i0.wp.com\/www.picweb.it\/blog\/wp-content\/uploads\/2026\/04\/image_editor_output_image1196438330-1776200547108.jpg?resize=700%2C400 2x"},"classes":[]},{"id":2941,"url":"http:\/\/www.picweb.it\/blog\/index.php\/2026\/05\/08\/dapres-modigliani\/","url_meta":{"origin":3386,"position":2},"title":"D&#8217;apres Modigliani","author":"Paolo Vecchio Ciprioti","date":"8 Maggio 2026","format":false,"excerpt":"Oltre la visione del volto: il paesaggio solitario di un artista maledetto. D'apres-moi.. d'apres -midi pastelli acquerellabili su carta Partendo da un dipinto di paesaggio..forse l\u2019unico paesaggio di questo artista, almeno nell' ultima parte della sua vita, cerco di capire l'ideale di romanticismo che lui rappresenta.Modigliani \u00e8 il pittore dei\u2026","rel":"","context":"In &quot;D'apres moi&quot;","block_context":{"text":"D'apres moi","link":"http:\/\/www.picweb.it\/blog\/index.php\/category\/arte\/dapres-moi\/"},"img":{"alt_text":"","src":"https:\/\/i0.wp.com\/www.picweb.it\/blog\/wp-content\/uploads\/2026\/05\/image_editor_output_image1824881087-1778256147391.jpg?resize=350%2C200","width":350,"height":200,"srcset":"https:\/\/i0.wp.com\/www.picweb.it\/blog\/wp-content\/uploads\/2026\/05\/image_editor_output_image1824881087-1778256147391.jpg?resize=350%2C200 1x, https:\/\/i0.wp.com\/www.picweb.it\/blog\/wp-content\/uploads\/2026\/05\/image_editor_output_image1824881087-1778256147391.jpg?resize=525%2C300 1.5x, https:\/\/i0.wp.com\/www.picweb.it\/blog\/wp-content\/uploads\/2026\/05\/image_editor_output_image1824881087-1778256147391.jpg?resize=700%2C400 2x"},"classes":[]},{"id":2828,"url":"http:\/\/www.picweb.it\/blog\/index.php\/2026\/03\/29\/dapres-picasso\/","url_meta":{"origin":3386,"position":3},"title":"D&#8217;apres Picasso","author":"Paolo Vecchio Ciprioti","date":"29 Marzo 2026","format":false,"excerpt":"D'apres moi.. d'apres-midi 1..S..al..D..(355) da Pablo Picasso, Ragazza giovane colpita dalla tristezza","rel":"","context":"In &quot;Sketches&quot;","block_context":{"text":"Sketches","link":"http:\/\/www.picweb.it\/blog\/index.php\/category\/sketches-schizzi\/"},"img":{"alt_text":"","src":"https:\/\/i0.wp.com\/www.picweb.it\/blog\/wp-content\/uploads\/2026\/03\/image_editor_output_image1704799384-1774703075818.jpg?resize=350%2C200","width":350,"height":200,"srcset":"https:\/\/i0.wp.com\/www.picweb.it\/blog\/wp-content\/uploads\/2026\/03\/image_editor_output_image1704799384-1774703075818.jpg?resize=350%2C200 1x, https:\/\/i0.wp.com\/www.picweb.it\/blog\/wp-content\/uploads\/2026\/03\/image_editor_output_image1704799384-1774703075818.jpg?resize=525%2C300 1.5x"},"classes":[]},{"id":2942,"url":"http:\/\/www.picweb.it\/blog\/index.php\/2026\/04\/26\/impression\/","url_meta":{"origin":3386,"position":4},"title":"Impression&#8230;","author":"Paolo Vecchio Ciprioti","date":"26 Aprile 2026","format":false,"excerpt":"L'Ossessione del Luogo: Quando il \"Falso Storico\" Eclissa la Vera Arte D'apres-moi.. d'apres -midi D'apres Monet.. da \"impression soleil levant\" di Claude Monet watercolor su carta L'Ossessione del Luogo: Quando il \"Falso Storico\" Eclissa la Vera ArteIl paradosso della fruizione artistica contemporanea si manifesta in modo lampante nel confronto tra\u2026","rel":"","context":"In &quot;arte&quot;","block_context":{"text":"arte","link":"http:\/\/www.picweb.it\/blog\/index.php\/category\/arte\/"},"img":{"alt_text":"","src":"https:\/\/i0.wp.com\/www.picweb.it\/blog\/wp-content\/uploads\/2026\/04\/image_editor_output_image1080074684-1776200909579.jpg?resize=350%2C200","width":350,"height":200,"srcset":"https:\/\/i0.wp.com\/www.picweb.it\/blog\/wp-content\/uploads\/2026\/04\/image_editor_output_image1080074684-1776200909579.jpg?resize=350%2C200 1x, https:\/\/i0.wp.com\/www.picweb.it\/blog\/wp-content\/uploads\/2026\/04\/image_editor_output_image1080074684-1776200909579.jpg?resize=525%2C300 1.5x"},"classes":[]},{"id":3159,"url":"http:\/\/www.picweb.it\/blog\/index.php\/2026\/06\/11\/dapres-matisse-la-rivoluzione-silenziosa-degli-oggetti\/","url_meta":{"origin":3386,"position":5},"title":"d&#8217;apres Matisse, la rivoluzione silenziosa degli oggetti","author":"Paolo Vecchio Ciprioti","date":"11 Giugno 2026","format":false,"excerpt":"D'apres-moi.. d'apres -midi Perch\u00e9 Matisse non dipingeva \"cose\", ma emozioni (e come ha cambiato il nostro sguardo). Posate lo sguardo su un oggetto ordinario che vi circonda in questo momento: una tazza di caff\u00e8 sbiadita, una brocca d\u2019acqua o quella pianta un po\u2019 polverosa sul davanzale. Per molti di noi,\u2026","rel":"","context":"In &quot;D'apres moi&quot;","block_context":{"text":"D'apres moi","link":"http:\/\/www.picweb.it\/blog\/index.php\/category\/arte\/dapres-moi\/"},"img":{"alt_text":"","src":"https:\/\/i0.wp.com\/www.picweb.it\/blog\/wp-content\/uploads\/2026\/06\/image_editor_output_image-1349999338-1781207345090.jpg?resize=350%2C200","width":350,"height":200,"srcset":"https:\/\/i0.wp.com\/www.picweb.it\/blog\/wp-content\/uploads\/2026\/06\/image_editor_output_image-1349999338-1781207345090.jpg?resize=350%2C200 1x, https:\/\/i0.wp.com\/www.picweb.it\/blog\/wp-content\/uploads\/2026\/06\/image_editor_output_image-1349999338-1781207345090.jpg?resize=525%2C300 1.5x"},"classes":[]}],"_links":{"self":[{"href":"http:\/\/www.picweb.it\/blog\/index.php\/wp-json\/wp\/v2\/posts\/3386","targetHints":{"allow":["GET"]}}],"collection":[{"href":"http:\/\/www.picweb.it\/blog\/index.php\/wp-json\/wp\/v2\/posts"}],"about":[{"href":"http:\/\/www.picweb.it\/blog\/index.php\/wp-json\/wp\/v2\/types\/post"}],"author":[{"embeddable":true,"href":"http:\/\/www.picweb.it\/blog\/index.php\/wp-json\/wp\/v2\/users\/1"}],"replies":[{"embeddable":true,"href":"http:\/\/www.picweb.it\/blog\/index.php\/wp-json\/wp\/v2\/comments?post=3386"}],"version-history":[{"count":6,"href":"http:\/\/www.picweb.it\/blog\/index.php\/wp-json\/wp\/v2\/posts\/3386\/revisions"}],"predecessor-version":[{"id":3831,"href":"http:\/\/www.picweb.it\/blog\/index.php\/wp-json\/wp\/v2\/posts\/3386\/revisions\/3831"}],"wp:featuredmedia":[{"embeddable":true,"href":"http:\/\/www.picweb.it\/blog\/index.php\/wp-json\/wp\/v2\/media\/3829"}],"wp:attachment":[{"href":"http:\/\/www.picweb.it\/blog\/index.php\/wp-json\/wp\/v2\/media?parent=3386"}],"wp:term":[{"taxonomy":"category","embeddable":true,"href":"http:\/\/www.picweb.it\/blog\/index.php\/wp-json\/wp\/v2\/categories?post=3386"},{"taxonomy":"post_tag","embeddable":true,"href":"http:\/\/www.picweb.it\/blog\/index.php\/wp-json\/wp\/v2\/tags?post=3386"}],"curies":[{"name":"wp","href":"https:\/\/api.w.org\/{rel}","templated":true}]}}